{"id":70050,"date":"2026-01-29T14:49:07","date_gmt":"2026-01-29T13:49:07","guid":{"rendered":"https:\/\/ppdegalicia.com\/?p=70050"},"modified":"2026-01-30T14:51:43","modified_gmt":"2026-01-30T13:51:43","slug":"70050","status":"publish","type":"post","link":"https:\/\/ppdegalicia.com\/es\/70050\/","title":{"rendered":"O PPdeG afirma que a Xunta est\u00e1 definindo os novos contratos do servizo de autob\u00fas interurbano no sur de Pontevedra para mellorar a resposta \u00e1s necesidades de mobilidade actual"},"content":{"rendered":"<p>O deputado do Grupo Popular Mois\u00e9s Rodr\u00edguez asegurou hoxe no Parlamento galego que a Xunta est\u00e1 definindo os novos contratos de explotaci\u00f3n do servizo de autob\u00fas interurbano no sur da provincia de Pontevedra para dar mellor resposta \u00e1 mobilidade actual. \u201cO Goberno galego \u00e9 consciente de que existe unha necesidade de mellora en determinadas conexi\u00f3ns neste \u00e1rea, principalmente pola evoluci\u00f3n da demanda de transporte p\u00fablico, que rexistrou un crecemento moi importante nos \u00faltimos anos\u201d, sinalou.<\/p>\n<p>Mois\u00e9s Rodr\u00edguez destacou que \u201co incremento dun 37 por cento do n\u00famero de viaxeiros nos \u00faltimos tres anos derivou en novas necesidades que requiren introducir cambios na prestaci\u00f3n do servizo de transporte p\u00fablico por estrada\u201d. Diante desta situaci\u00f3n, a Xunta acordou co operador resolver os cinco contratos de transporte que ti\u00f1a nesta zona co obxectivo de que \u201ca renovaci\u00f3n conxunta destes contratos permita levar adiante unha reestruturaci\u00f3n integral do transporte p\u00fablico na zona cunha oferta m\u00e1is coherente, eficiente e integrada\u201d.<\/p>\n<p>\u201cA Xunta ten moi en conta todas as demandas e propostas de mellora realizadas tanto polos usuarios como polos concellos \u00e1 hora de definir os novos proxectos de explotaci\u00f3n, co obxectivo de configurar unha oferta de servizos adaptada \u00e1s necesidades reais da poboaci\u00f3n\u201d, indicou. En concreto, o deputado popular avanzou que, xunto coa revisi\u00f3n xeral dos servizos que atenden \u00e1 comarca do Baixo Mi\u00f1o, tam\u00e9n se est\u00e1 a avaliar a mellora da oferta de servizos ao campus da Universidade de Vigo e aos hospitais.<\/p>\n<p>Na actualidade, a comarca do Baixo Mi\u00f1o conta con 63 li\u00f1as de transporte de viaxeiros por estrada, que atenden 1.043 paradas funcionais e prestan m\u00e1is de 35.000 servizos ao ano. Durante o pasado ano, m\u00e1is de 530.000 usuarios utilizaron estas li\u00f1as de transporte, o que representa un incremento do 3 por cento respecto ao 2024.<\/p>\n","protected":false},"excerpt":{"rendered":"<p>O deputado do Grupo Popular Mois\u00e9s Rodr\u00edguez asegurou hoxe no Parlamento galego que a Xunta est\u00e1 definindo os novos contratos de explotaci\u00f3n do servizo de autob\u00fas interurbano no sur da provincia de Pontevedra para dar mellor resposta \u00e1 mobilidade actual. \u201cO Goberno galego \u00e9 consciente de que existe unha necesidade de mellora en determinadas conexi\u00f3ns [&hellip;]<\/p>\n","protected":false},"author":38,"featured_media":70051,"comment_status":"closed","ping_status":"open","sticky":false,"template":"","format":"standard","meta":{"_acf_changed":false,"footnotes":""},"categories":[1128],"tags":[],"class_list":["post-70050","post","type-post","status-publish","format-standard","has-post-thumbnail","hentry","category-actualidad-parlamento-de-galicia"],"acf":[],"yoast_head":"<!-- This site is optimized with the Yoast SEO plugin v27.3 - https:\/\/yoast.com\/product\/yoast-seo-wordpress\/ -->\n<title>O PPdeG afirma que a Xunta est\u00e1 definindo os novos contratos do servizo de autob\u00fas interurbano no sur de Pontevedra para mellorar a resposta \u00e1s necesidades de mobilidade actual - PP de Galicia<\/title>\n<meta name=\"description\" content=\"O deputado do Grupo Popular Mois\u00e9s Rodr\u00edguez asegurou hoxe no Parlamento galego que a Xunta est\u00e1 definindo os novos contratos de explotaci\u00f3n do servizo de autob\u00fas interurbano no sur da provincia de Pontevedra para dar mellor resposta \u00e1 mobilidade actual. \u201cO Goberno galego \u00e9 consciente de que existe unha necesidade de mellora en determinadas conexi\u00f3ns neste \u00e1rea, principalmente pola evoluci\u00f3n da demanda de transporte p\u00fablico, que rexistrou un crecemento moi importante nos \u00faltimos anos\u201d, sinalou.\" \/>\n<meta name=\"robots\" content=\"index, follow, max-snippet:-1, max-image-preview:large, max-video-preview:-1\" \/>\n<link rel=\"canonical\" href=\"https:\/\/ppdegalicia.com\/es\/70050\/\" \/>\n<meta property=\"og:locale\" content=\"es_ES\" \/>\n<meta property=\"og:type\" content=\"article\" \/>\n<meta property=\"og:title\" content=\"O PPdeG afirma que a Xunta est\u00e1 definindo os novos contratos do servizo de autob\u00fas interurbano no sur de Pontevedra para mellorar a resposta \u00e1s necesidades de mobilidade actual - PP de Galicia\" \/>\n<meta property=\"og:description\" content=\"O deputado do Grupo Popular Mois\u00e9s Rodr\u00edguez asegurou hoxe no Parlamento galego que a Xunta est\u00e1 definindo os novos contratos de explotaci\u00f3n do servizo de autob\u00fas interurbano no sur da provincia de Pontevedra para dar mellor resposta \u00e1 mobilidade actual. \u201cO Goberno galego \u00e9 consciente de que existe unha necesidade de mellora en determinadas conexi\u00f3ns neste \u00e1rea, principalmente pola evoluci\u00f3n da demanda de transporte p\u00fablico, que rexistrou un crecemento moi importante nos \u00faltimos anos\u201d, sinalou.\" \/>\n<meta property=\"og:url\" content=\"https:\/\/ppdegalicia.com\/es\/70050\/\" \/>\n<meta property=\"og:site_name\" content=\"PP de Galicia\" \/>\n<meta property=\"article:publisher\" content=\"https:\/\/www.instagram.com\/ppdegalicia\/\" \/>\n<meta property=\"article:published_time\" content=\"2026-01-29T13:49:07+00:00\" \/>\n<meta property=\"article:modified_time\" content=\"2026-01-30T13:51:43+00:00\" \/>\n<meta property=\"og:image\" content=\"https:\/\/ppdegalicia.com\/wp-content\/uploads\/2026\/01\/20260129_C2ajpg-8-scaled.jpg\" \/>\n\t<meta property=\"og:image:width\" content=\"2560\" \/>\n\t<meta property=\"og:image:height\" content=\"1707\" \/>\n\t<meta property=\"og:image:type\" content=\"image\/jpeg\" \/>\n<meta name=\"author\" content=\"ppdegaliciaredes\" \/>\n<meta name=\"twitter:card\" content=\"summary_large_image\" \/>\n<meta name=\"twitter:creator\" content=\"@ppdegalicia\" \/>\n<meta name=\"twitter:site\" content=\"@ppdegalicia\" \/>\n<meta name=\"twitter:label1\" content=\"Escrito por\" \/>\n\t<meta name=\"twitter:data1\" content=\"ppdegaliciaredes\" \/>\n\t<meta name=\"twitter:label2\" content=\"Tiempo de lectura\" \/>\n\t<meta name=\"twitter:data2\" content=\"2 minutos\" \/>\n<script type=\"application\/ld+json\" class=\"yoast-schema-graph\">{\"@context\":\"https:\\\/\\\/schema.org\",\"@graph\":[{\"@type\":\"Article\",\"@id\":\"https:\\\/\\\/ppdegalicia.com\\\/es\\\/70050\\\/#article\",\"isPartOf\":{\"@id\":\"https:\\\/\\\/ppdegalicia.com\\\/es\\\/70050\\\/\"},\"author\":{\"name\":\"ppdegaliciaredes\",\"@id\":\"https:\\\/\\\/ppdegalicia.com\\\/es\\\/#\\\/schema\\\/person\\\/5b822c6f59e872ebdd1142f307dbcb59\"},\"headline\":\"O PPdeG afirma que a Xunta est\u00e1 definindo os novos contratos do servizo de autob\u00fas interurbano no sur de Pontevedra para mellorar a resposta \u00e1s necesidades de mobilidade actual\",\"datePublished\":\"2026-01-29T13:49:07+00:00\",\"dateModified\":\"2026-01-30T13:51:43+00:00\",\"mainEntityOfPage\":{\"@id\":\"https:\\\/\\\/ppdegalicia.com\\\/es\\\/70050\\\/\"},\"wordCount\":341,\"publisher\":{\"@id\":\"https:\\\/\\\/ppdegalicia.com\\\/es\\\/#organization\"},\"image\":{\"@id\":\"https:\\\/\\\/ppdegalicia.com\\\/es\\\/70050\\\/#primaryimage\"},\"thumbnailUrl\":\"https:\\\/\\\/ppdegalicia.com\\\/wp-content\\\/uploads\\\/2026\\\/01\\\/20260129_C2ajpg-8-scaled.jpg\",\"articleSection\":[\"Parlamento de Galicia\"],\"inLanguage\":\"es\"},{\"@type\":\"WebPage\",\"@id\":\"https:\\\/\\\/ppdegalicia.com\\\/es\\\/70050\\\/\",\"url\":\"https:\\\/\\\/ppdegalicia.com\\\/es\\\/70050\\\/\",\"name\":\"O PPdeG afirma que a Xunta est\u00e1 definindo os novos contratos do servizo de autob\u00fas interurbano no sur de Pontevedra para mellorar a resposta \u00e1s necesidades de mobilidade actual - PP de Galicia\",\"isPartOf\":{\"@id\":\"https:\\\/\\\/ppdegalicia.com\\\/es\\\/#website\"},\"primaryImageOfPage\":{\"@id\":\"https:\\\/\\\/ppdegalicia.com\\\/es\\\/70050\\\/#primaryimage\"},\"image\":{\"@id\":\"https:\\\/\\\/ppdegalicia.com\\\/es\\\/70050\\\/#primaryimage\"},\"thumbnailUrl\":\"https:\\\/\\\/ppdegalicia.com\\\/wp-content\\\/uploads\\\/2026\\\/01\\\/20260129_C2ajpg-8-scaled.jpg\",\"datePublished\":\"2026-01-29T13:49:07+00:00\",\"dateModified\":\"2026-01-30T13:51:43+00:00\",\"description\":\"O deputado do Grupo Popular Mois\u00e9s Rodr\u00edguez asegurou hoxe no Parlamento galego que a Xunta est\u00e1 definindo os novos contratos de explotaci\u00f3n do servizo de autob\u00fas interurbano no sur da provincia de Pontevedra para dar mellor resposta \u00e1 mobilidade actual. \u201cO Goberno galego \u00e9 consciente de que existe unha necesidade de mellora en determinadas conexi\u00f3ns neste \u00e1rea, principalmente pola evoluci\u00f3n da demanda de transporte p\u00fablico, que rexistrou un crecemento moi importante nos \u00faltimos anos\u201d, sinalou.\",\"breadcrumb\":{\"@id\":\"https:\\\/\\\/ppdegalicia.com\\\/es\\\/70050\\\/#breadcrumb\"},\"inLanguage\":\"es\",\"potentialAction\":[{\"@type\":\"ReadAction\",\"target\":[\"https:\\\/\\\/ppdegalicia.com\\\/es\\\/70050\\\/\"]}]},{\"@type\":\"ImageObject\",\"inLanguage\":\"es\",\"@id\":\"https:\\\/\\\/ppdegalicia.com\\\/es\\\/70050\\\/#primaryimage\",\"url\":\"https:\\\/\\\/ppdegalicia.com\\\/wp-content\\\/uploads\\\/2026\\\/01\\\/20260129_C2ajpg-8-scaled.jpg\",\"contentUrl\":\"https:\\\/\\\/ppdegalicia.com\\\/wp-content\\\/uploads\\\/2026\\\/01\\\/20260129_C2ajpg-8-scaled.jpg\",\"width\":2560,\"height\":1707},{\"@type\":\"BreadcrumbList\",\"@id\":\"https:\\\/\\\/ppdegalicia.com\\\/es\\\/70050\\\/#breadcrumb\",\"itemListElement\":[{\"@type\":\"ListItem\",\"position\":1,\"name\":\"Portada\",\"item\":\"https:\\\/\\\/ppdegalicia.com\\\/es\\\/\"},{\"@type\":\"ListItem\",\"position\":2,\"name\":\"O PPdeG afirma que a Xunta est\u00e1 definindo os novos contratos do servizo de autob\u00fas interurbano no sur de Pontevedra para mellorar a resposta \u00e1s necesidades de mobilidade actual\"}]},{\"@type\":\"WebSite\",\"@id\":\"https:\\\/\\\/ppdegalicia.com\\\/es\\\/#website\",\"url\":\"https:\\\/\\\/ppdegalicia.com\\\/es\\\/\",\"name\":\"Partido Popular de Galicia\",\"description\":\"Partido Popular de Galicia\",\"publisher\":{\"@id\":\"https:\\\/\\\/ppdegalicia.com\\\/es\\\/#organization\"},\"alternateName\":\"PP de Galicia\",\"potentialAction\":[{\"@type\":\"SearchAction\",\"target\":{\"@type\":\"EntryPoint\",\"urlTemplate\":\"https:\\\/\\\/ppdegalicia.com\\\/es\\\/?s={search_term_string}\"},\"query-input\":{\"@type\":\"PropertyValueSpecification\",\"valueRequired\":true,\"valueName\":\"search_term_string\"}}],\"inLanguage\":\"es\"},{\"@type\":\"Organization\",\"@id\":\"https:\\\/\\\/ppdegalicia.com\\\/es\\\/#organization\",\"name\":\"Partido Popular de Galicia\",\"alternateName\":\"PP de Galicia\",\"url\":\"https:\\\/\\\/ppdegalicia.com\\\/es\\\/\",\"logo\":{\"@type\":\"ImageObject\",\"inLanguage\":\"es\",\"@id\":\"https:\\\/\\\/ppdegalicia.com\\\/es\\\/#\\\/schema\\\/logo\\\/image\\\/\",\"url\":\"https:\\\/\\\/ppdegalicia.com\\\/wp-content\\\/uploads\\\/2023\\\/04\\\/logoPP512.png\",\"contentUrl\":\"https:\\\/\\\/ppdegalicia.com\\\/wp-content\\\/uploads\\\/2023\\\/04\\\/logoPP512.png\",\"width\":512,\"height\":512,\"caption\":\"Partido Popular de Galicia\"},\"image\":{\"@id\":\"https:\\\/\\\/ppdegalicia.com\\\/es\\\/#\\\/schema\\\/logo\\\/image\\\/\"},\"sameAs\":[\"https:\\\/\\\/www.instagram.com\\\/ppdegalicia\\\/\",\"https:\\\/\\\/x.com\\\/ppdegalicia\",\"https:\\\/\\\/www.tiktok.com\\\/@ppdegalicia\",\"https:\\\/\\\/www.youtube.com\\\/user\\\/ppdegalicia\"]},{\"@type\":\"Person\",\"@id\":\"https:\\\/\\\/ppdegalicia.com\\\/es\\\/#\\\/schema\\\/person\\\/5b822c6f59e872ebdd1142f307dbcb59\",\"name\":\"ppdegaliciaredes\",\"image\":{\"@type\":\"ImageObject\",\"inLanguage\":\"es\",\"@id\":\"https:\\\/\\\/secure.gravatar.com\\\/avatar\\\/3c9179cf0256d00c72a48d1f25783c58b6842cd56e85ef3a572881c8e28ccd59?s=96&d=mm&r=g\",\"url\":\"https:\\\/\\\/secure.gravatar.com\\\/avatar\\\/3c9179cf0256d00c72a48d1f25783c58b6842cd56e85ef3a572881c8e28ccd59?s=96&d=mm&r=g\",\"contentUrl\":\"https:\\\/\\\/secure.gravatar.com\\\/avatar\\\/3c9179cf0256d00c72a48d1f25783c58b6842cd56e85ef3a572881c8e28ccd59?s=96&d=mm&r=g\",\"caption\":\"ppdegaliciaredes\"},\"url\":\"https:\\\/\\\/ppdegalicia.com\\\/es\\\/author\\\/ppdegaliciaredes\\\/\"}]}<\/script>\n<!-- \/ Yoast SEO plugin. -->","yoast_head_json":{"title":"O PPdeG afirma que a Xunta est\u00e1 definindo os novos contratos do servizo de autob\u00fas interurbano no sur de Pontevedra para mellorar a resposta \u00e1s necesidades de mobilidade actual - PP de Galicia","description":"O deputado do Grupo Popular Mois\u00e9s Rodr\u00edguez asegurou hoxe no Parlamento galego que a Xunta est\u00e1 definindo os novos contratos de explotaci\u00f3n do servizo de autob\u00fas interurbano no sur da provincia de Pontevedra para dar mellor resposta \u00e1 mobilidade actual. \u201cO Goberno galego \u00e9 consciente de que existe unha necesidade de mellora en determinadas conexi\u00f3ns neste \u00e1rea, principalmente pola evoluci\u00f3n da demanda de transporte p\u00fablico, que rexistrou un crecemento moi importante nos \u00faltimos anos\u201d, sinalou.","robots":{"index":"index","follow":"follow","max-snippet":"max-snippet:-1","max-image-preview":"max-image-preview:large","max-video-preview":"max-video-preview:-1"},"canonical":"https:\/\/ppdegalicia.com\/es\/70050\/","og_locale":"es_ES","og_type":"article","og_title":"O PPdeG afirma que a Xunta est\u00e1 definindo os novos contratos do servizo de autob\u00fas interurbano no sur de Pontevedra para mellorar a resposta \u00e1s necesidades de mobilidade actual - PP de Galicia","og_description":"O deputado do Grupo Popular Mois\u00e9s Rodr\u00edguez asegurou hoxe no Parlamento galego que a Xunta est\u00e1 definindo os novos contratos de explotaci\u00f3n do servizo de autob\u00fas interurbano no sur da provincia de Pontevedra para dar mellor resposta \u00e1 mobilidade actual. \u201cO Goberno galego \u00e9 consciente de que existe unha necesidade de mellora en determinadas conexi\u00f3ns neste \u00e1rea, principalmente pola evoluci\u00f3n da demanda de transporte p\u00fablico, que rexistrou un crecemento moi importante nos \u00faltimos anos\u201d, sinalou.","og_url":"https:\/\/ppdegalicia.com\/es\/70050\/","og_site_name":"PP de Galicia","article_publisher":"https:\/\/www.instagram.com\/ppdegalicia\/","article_published_time":"2026-01-29T13:49:07+00:00","article_modified_time":"2026-01-30T13:51:43+00:00","og_image":[{"width":2560,"height":1707,"url":"https:\/\/ppdegalicia.com\/wp-content\/uploads\/2026\/01\/20260129_C2ajpg-8-scaled.jpg","type":"image\/jpeg"}],"author":"ppdegaliciaredes","twitter_card":"summary_large_image","twitter_creator":"@ppdegalicia","twitter_site":"@ppdegalicia","twitter_misc":{"Escrito por":"ppdegaliciaredes","Tiempo de lectura":"2 minutos"},"schema":{"@context":"https:\/\/schema.org","@graph":[{"@type":"Article","@id":"https:\/\/ppdegalicia.com\/es\/70050\/#article","isPartOf":{"@id":"https:\/\/ppdegalicia.com\/es\/70050\/"},"author":{"name":"ppdegaliciaredes","@id":"https:\/\/ppdegalicia.com\/es\/#\/schema\/person\/5b822c6f59e872ebdd1142f307dbcb59"},"headline":"O PPdeG afirma que a Xunta est\u00e1 definindo os novos contratos do servizo de autob\u00fas interurbano no sur de Pontevedra para mellorar a resposta \u00e1s necesidades de mobilidade actual","datePublished":"2026-01-29T13:49:07+00:00","dateModified":"2026-01-30T13:51:43+00:00","mainEntityOfPage":{"@id":"https:\/\/ppdegalicia.com\/es\/70050\/"},"wordCount":341,"publisher":{"@id":"https:\/\/ppdegalicia.com\/es\/#organization"},"image":{"@id":"https:\/\/ppdegalicia.com\/es\/70050\/#primaryimage"},"thumbnailUrl":"https:\/\/ppdegalicia.com\/wp-content\/uploads\/2026\/01\/20260129_C2ajpg-8-scaled.jpg","articleSection":["Parlamento de Galicia"],"inLanguage":"es"},{"@type":"WebPage","@id":"https:\/\/ppdegalicia.com\/es\/70050\/","url":"https:\/\/ppdegalicia.com\/es\/70050\/","name":"O PPdeG afirma que a Xunta est\u00e1 definindo os novos contratos do servizo de autob\u00fas interurbano no sur de Pontevedra para mellorar a resposta \u00e1s necesidades de mobilidade actual - PP de Galicia","isPartOf":{"@id":"https:\/\/ppdegalicia.com\/es\/#website"},"primaryImageOfPage":{"@id":"https:\/\/ppdegalicia.com\/es\/70050\/#primaryimage"},"image":{"@id":"https:\/\/ppdegalicia.com\/es\/70050\/#primaryimage"},"thumbnailUrl":"https:\/\/ppdegalicia.com\/wp-content\/uploads\/2026\/01\/20260129_C2ajpg-8-scaled.jpg","datePublished":"2026-01-29T13:49:07+00:00","dateModified":"2026-01-30T13:51:43+00:00","description":"O deputado do Grupo Popular Mois\u00e9s Rodr\u00edguez asegurou hoxe no Parlamento galego que a Xunta est\u00e1 definindo os novos contratos de explotaci\u00f3n do servizo de autob\u00fas interurbano no sur da provincia de Pontevedra para dar mellor resposta \u00e1 mobilidade actual. \u201cO Goberno galego \u00e9 consciente de que existe unha necesidade de mellora en determinadas conexi\u00f3ns neste \u00e1rea, principalmente pola evoluci\u00f3n da demanda de transporte p\u00fablico, que rexistrou un crecemento moi importante nos \u00faltimos anos\u201d, sinalou.","breadcrumb":{"@id":"https:\/\/ppdegalicia.com\/es\/70050\/#breadcrumb"},"inLanguage":"es","potentialAction":[{"@type":"ReadAction","target":["https:\/\/ppdegalicia.com\/es\/70050\/"]}]},{"@type":"ImageObject","inLanguage":"es","@id":"https:\/\/ppdegalicia.com\/es\/70050\/#primaryimage","url":"https:\/\/ppdegalicia.com\/wp-content\/uploads\/2026\/01\/20260129_C2ajpg-8-scaled.jpg","contentUrl":"https:\/\/ppdegalicia.com\/wp-content\/uploads\/2026\/01\/20260129_C2ajpg-8-scaled.jpg","width":2560,"height":1707},{"@type":"BreadcrumbList","@id":"https:\/\/ppdegalicia.com\/es\/70050\/#breadcrumb","itemListElement":[{"@type":"ListItem","position":1,"name":"Portada","item":"https:\/\/ppdegalicia.com\/es\/"},{"@type":"ListItem","position":2,"name":"O PPdeG afirma que a Xunta est\u00e1 definindo os novos contratos do servizo de autob\u00fas interurbano no sur de Pontevedra para mellorar a resposta \u00e1s necesidades de mobilidade actual"}]},{"@type":"WebSite","@id":"https:\/\/ppdegalicia.com\/es\/#website","url":"https:\/\/ppdegalicia.com\/es\/","name":"Partido Popular de Galicia","description":"Partido Popular de Galicia","publisher":{"@id":"https:\/\/ppdegalicia.com\/es\/#organization"},"alternateName":"PP de Galicia","potentialAction":[{"@type":"SearchAction","target":{"@type":"EntryPoint","urlTemplate":"https:\/\/ppdegalicia.com\/es\/?s={search_term_string}"},"query-input":{"@type":"PropertyValueSpecification","valueRequired":true,"valueName":"search_term_string"}}],"inLanguage":"es"},{"@type":"Organization","@id":"https:\/\/ppdegalicia.com\/es\/#organization","name":"Partido Popular de Galicia","alternateName":"PP de Galicia","url":"https:\/\/ppdegalicia.com\/es\/","logo":{"@type":"ImageObject","inLanguage":"es","@id":"https:\/\/ppdegalicia.com\/es\/#\/schema\/logo\/image\/","url":"https:\/\/ppdegalicia.com\/wp-content\/uploads\/2023\/04\/logoPP512.png","contentUrl":"https:\/\/ppdegalicia.com\/wp-content\/uploads\/2023\/04\/logoPP512.png","width":512,"height":512,"caption":"Partido Popular de Galicia"},"image":{"@id":"https:\/\/ppdegalicia.com\/es\/#\/schema\/logo\/image\/"},"sameAs":["https:\/\/www.instagram.com\/ppdegalicia\/","https:\/\/x.com\/ppdegalicia","https:\/\/www.tiktok.com\/@ppdegalicia","https:\/\/www.youtube.com\/user\/ppdegalicia"]},{"@type":"Person","@id":"https:\/\/ppdegalicia.com\/es\/#\/schema\/person\/5b822c6f59e872ebdd1142f307dbcb59","name":"ppdegaliciaredes","image":{"@type":"ImageObject","inLanguage":"es","@id":"https:\/\/secure.gravatar.com\/avatar\/3c9179cf0256d00c72a48d1f25783c58b6842cd56e85ef3a572881c8e28ccd59?s=96&d=mm&r=g","url":"https:\/\/secure.gravatar.com\/avatar\/3c9179cf0256d00c72a48d1f25783c58b6842cd56e85ef3a572881c8e28ccd59?s=96&d=mm&r=g","contentUrl":"https:\/\/secure.gravatar.com\/avatar\/3c9179cf0256d00c72a48d1f25783c58b6842cd56e85ef3a572881c8e28ccd59?s=96&d=mm&r=g","caption":"ppdegaliciaredes"},"url":"https:\/\/ppdegalicia.com\/es\/author\/ppdegaliciaredes\/"}]}},"_links":{"self":[{"href":"https:\/\/ppdegalicia.com\/es\/wp-json\/wp\/v2\/posts\/70050","targetHints":{"allow":["GET"]}}],"collection":[{"href":"https:\/\/ppdegalicia.com\/es\/wp-json\/wp\/v2\/posts"}],"about":[{"href":"https:\/\/ppdegalicia.com\/es\/wp-json\/wp\/v2\/types\/post"}],"author":[{"embeddable":true,"href":"https:\/\/ppdegalicia.com\/es\/wp-json\/wp\/v2\/users\/38"}],"replies":[{"embeddable":true,"href":"https:\/\/ppdegalicia.com\/es\/wp-json\/wp\/v2\/comments?post=70050"}],"version-history":[{"count":2,"href":"https:\/\/ppdegalicia.com\/es\/wp-json\/wp\/v2\/posts\/70050\/revisions"}],"predecessor-version":[{"id":70054,"href":"https:\/\/ppdegalicia.com\/es\/wp-json\/wp\/v2\/posts\/70050\/revisions\/70054"}],"wp:featuredmedia":[{"embeddable":true,"href":"https:\/\/ppdegalicia.com\/es\/wp-json\/wp\/v2\/media\/70051"}],"wp:attachment":[{"href":"https:\/\/ppdegalicia.com\/es\/wp-json\/wp\/v2\/media?parent=70050"}],"wp:term":[{"taxonomy":"category","embeddable":true,"href":"https:\/\/ppdegalicia.com\/es\/wp-json\/wp\/v2\/categories?post=70050"},{"taxonomy":"post_tag","embeddable":true,"href":"https:\/\/ppdegalicia.com\/es\/wp-json\/wp\/v2\/tags?post=70050"}],"curies":[{"name":"wp","href":"https:\/\/api.w.org\/{rel}","templated":true}]}}