{"id":70055,"date":"2026-01-29T14:51:51","date_gmt":"2026-01-29T13:51:51","guid":{"rendered":"https:\/\/ppdegalicia.com\/?p=70055"},"modified":"2026-01-30T14:53:02","modified_gmt":"2026-01-30T13:53:02","slug":"o-parlamento-de-galicia-insiste-na-demanda-ao-goberno-central-para-que-traslade-toda-a-documentacion-sobre-o-expediente-aberto-pola-comision-europea-en-relacion-coa-ap-9","status":"publish","type":"post","link":"https:\/\/ppdegalicia.com\/es\/o-parlamento-de-galicia-insiste-na-demanda-ao-goberno-central-para-que-traslade-toda-a-documentacion-sobre-o-expediente-aberto-pola-comision-europea-en-relacion-coa-ap-9\/","title":{"rendered":"O Parlamento de Galicia insiste na demanda ao Goberno central para que traslade toda a documentaci\u00f3n sobre o expediente aberto pola Comisi\u00f3n Europea en relaci\u00f3n coa AP-9"},"content":{"rendered":"<p>O Parlamento de Galicia aprobou hoxe por unanimidade a proposici\u00f3n non de lei do Grupo Popular a trav\u00e9s da que se demanda ao Goberno de Espa\u00f1a que dea traslado de toda a documentaci\u00f3n relativa ao expediente aberto pola Comisi\u00f3n Europea en relaci\u00f3n coa AP-9 e das comunicaci\u00f3ns mantidas pola administraci\u00f3n do Estado con este obxecto, ao tempo que adopte cantas iniciativas sexan precisas para facer efectivo o rescate da concesi\u00f3n da AP-9, por ser esta a alternativa m\u00e1is vantaxosa para o interese p\u00fablico, e acordar a eliminaci\u00f3n das peaxes.<\/p>\n<p>\u201cNon pedimos privilexios, sen\u00f3n que Galicia deixe de ser tratada como unha excepci\u00f3n inc\u00f3moda e que se respecte o que este Parlamento galego leva anos reclamando por unanimidade\u201d, manifestou o deputado popular Rub\u00e9n Lorenzo, quen apuntou que \u201co rescate da AP-9 non \u00e9 unha batalla partidista, \u00e9 unha cuesti\u00f3n de dignidade territorial, de eficiencia econ\u00f3mica e de xustiza social\u201d.<\/p>\n<p><strong>OPORTUNIDADE HIST\u00d3RICA<\/strong><\/p>\n<p>Rub\u00e9n Lorenzo lembrou que a Comisi\u00f3n Europea foi clara: as pr\u00f3rrogas da concesi\u00f3n da AP-9 presentan irregularidades. \u201cEse ditame abr\u00eda unha oportunidade hist\u00f3rica para que o Goberno de Espa\u00f1a actuase con responsabilidade e puxese fin a unha situaci\u00f3n que prexudica aos galegos desde hai d\u00e9cadas, pero atop\u00e1monos con que o Goberno de Pedro S\u00e1nchez non fixo nada: nin transparencia, nin explicaci\u00f3ns, nin acceso ao expediente europeo, malia ser solicitado pola Xunta en reiteradas ocasi\u00f3ns\u201d, indicou.<\/p>\n<p>\u201cMentres tanto, Galicia fixo os deberes e a Xunta actualizou o estudo econ\u00f3mico sobre o rescate da AP-9, que cuantifica esta decisi\u00f3n en 2.356 mill\u00f3ns de euros, un custo practicamente equivalente ao que o Estado ter\u00e1 que asumir en bonificaci\u00f3ns ata o final da concesi\u00f3n\u201d, destacou.<\/p>\n<p>Ademais, o deputado popular recordou que Galicia, Asturias e Castela e Le\u00f3n xa constitu\u00edron unha fronte com\u00fan para reclamar o rescate da AP-9 e da AP-66, \u201ctres gobernos que coinciden na mesma conclusi\u00f3n de que o rescate \u00e9 ineludible, pero ante a que o Ministerio de Transportes segue sen responder \u00e1s cartas, \u00e1s solicitudes de reuni\u00f3n e \u00e1s petici\u00f3ns de informaci\u00f3n\u201d.<\/p>\n<p>Rub\u00e9n Lorenzo lamentou, por \u00faltimo, que \u201cGalicia segue a pagar as peaxes m\u00e1is caras de Espa\u00f1a, mentres o Goberno central libera outras autoestradas en territorios gobernados polo PSOE\u201d. En concreto, dixo que \u201cnos \u00faltimos meses o Goberno de Pedro S\u00e1nchez cedeu a titularidade da AP-68 a Navarra, sen dilaci\u00f3n nin escusas; liberou as peaxes na AP-7 en Alacante; e mant\u00e9n bloqueada no Congreso o debate sobre a transferencia da AP-9, recorrendo ao filibusterismo parlamentario m\u00e1is descarado\u201d.<\/p>\n","protected":false},"excerpt":{"rendered":"<p>O Parlamento de Galicia aprobou hoxe por unanimidade a proposici\u00f3n non de lei do Grupo Popular a trav\u00e9s da que se demanda ao Goberno de Espa\u00f1a que dea traslado de toda a documentaci\u00f3n relativa ao expediente aberto pola Comisi\u00f3n Europea en relaci\u00f3n coa AP-9 e das comunicaci\u00f3ns mantidas pola administraci\u00f3n do Estado con este obxecto, [&hellip;]<\/p>\n","protected":false},"author":38,"featured_media":70056,"comment_status":"closed","ping_status":"open","sticky":false,"template":"","format":"standard","meta":{"_acf_changed":false,"footnotes":""},"categories":[1128],"tags":[],"class_list":["post-70055","post","type-post","status-publish","format-standard","has-post-thumbnail","hentry","category-actualidad-parlamento-de-galicia"],"acf":[],"yoast_head":"<!-- This site is optimized with the Yoast SEO plugin v27.3 - https:\/\/yoast.com\/product\/yoast-seo-wordpress\/ -->\n<title>O Parlamento de Galicia insiste na demanda ao Goberno central para que traslade toda a documentaci\u00f3n sobre o expediente aberto pola Comisi\u00f3n Europea en relaci\u00f3n coa AP-9 - PP de Galicia<\/title>\n<meta name=\"description\" content=\"O Parlamento de Galicia aprobou hoxe por unanimidade a proposici\u00f3n non de lei do Grupo Popular a trav\u00e9s da que se demanda ao Goberno de Espa\u00f1a que dea traslado de toda a documentaci\u00f3n relativa ao expediente aberto pola Comisi\u00f3n Europea en relaci\u00f3n coa AP-9 e das comunicaci\u00f3ns mantidas pola administraci\u00f3n do Estado con este obxecto, ao tempo que adopte cantas iniciativas sexan precisas para facer efectivo o rescate da concesi\u00f3n da AP-9, por ser esta a alternativa m\u00e1is vantaxosa para o interese p\u00fablico, e acordar a eliminaci\u00f3n das peaxes.\" \/>\n<meta name=\"robots\" content=\"index, follow, max-snippet:-1, max-image-preview:large, max-video-preview:-1\" \/>\n<link rel=\"canonical\" href=\"https:\/\/ppdegalicia.com\/es\/o-parlamento-de-galicia-insiste-na-demanda-ao-goberno-central-para-que-traslade-toda-a-documentacion-sobre-o-expediente-aberto-pola-comision-europea-en-relacion-coa-ap-9\/\" \/>\n<meta property=\"og:locale\" content=\"es_ES\" \/>\n<meta property=\"og:type\" content=\"article\" \/>\n<meta property=\"og:title\" content=\"O Parlamento de Galicia insiste na demanda ao Goberno central para que traslade toda a documentaci\u00f3n sobre o expediente aberto pola Comisi\u00f3n Europea en relaci\u00f3n coa AP-9 - PP de Galicia\" \/>\n<meta property=\"og:description\" content=\"O Parlamento de Galicia aprobou hoxe por unanimidade a proposici\u00f3n non de lei do Grupo Popular a trav\u00e9s da que se demanda ao Goberno de Espa\u00f1a que dea traslado de toda a documentaci\u00f3n relativa ao expediente aberto pola Comisi\u00f3n Europea en relaci\u00f3n coa AP-9 e das comunicaci\u00f3ns mantidas pola administraci\u00f3n do Estado con este obxecto, ao tempo que adopte cantas iniciativas sexan precisas para facer efectivo o rescate da concesi\u00f3n da AP-9, por ser esta a alternativa m\u00e1is vantaxosa para o interese p\u00fablico, e acordar a eliminaci\u00f3n das peaxes.\" \/>\n<meta property=\"og:url\" content=\"https:\/\/ppdegalicia.com\/es\/o-parlamento-de-galicia-insiste-na-demanda-ao-goberno-central-para-que-traslade-toda-a-documentacion-sobre-o-expediente-aberto-pola-comision-europea-en-relacion-coa-ap-9\/\" \/>\n<meta property=\"og:site_name\" content=\"PP de Galicia\" \/>\n<meta property=\"article:publisher\" content=\"https:\/\/www.instagram.com\/ppdegalicia\/\" \/>\n<meta property=\"article:published_time\" content=\"2026-01-29T13:51:51+00:00\" \/>\n<meta property=\"article:modified_time\" content=\"2026-01-30T13:53:02+00:00\" \/>\n<meta property=\"og:image\" content=\"https:\/\/ppdegalicia.com\/wp-content\/uploads\/2026\/01\/20260129_C2ajpg-2-scaled.jpg\" \/>\n\t<meta property=\"og:image:width\" content=\"2560\" \/>\n\t<meta property=\"og:image:height\" content=\"1706\" \/>\n\t<meta property=\"og:image:type\" content=\"image\/jpeg\" \/>\n<meta name=\"author\" content=\"ppdegaliciaredes\" \/>\n<meta name=\"twitter:card\" content=\"summary_large_image\" \/>\n<meta name=\"twitter:creator\" content=\"@ppdegalicia\" \/>\n<meta name=\"twitter:site\" content=\"@ppdegalicia\" \/>\n<meta name=\"twitter:label1\" content=\"Escrito por\" \/>\n\t<meta name=\"twitter:data1\" content=\"ppdegaliciaredes\" \/>\n\t<meta name=\"twitter:label2\" content=\"Tiempo de lectura\" \/>\n\t<meta name=\"twitter:data2\" content=\"3 minutos\" \/>\n<script type=\"application\/ld+json\" class=\"yoast-schema-graph\">{\"@context\":\"https:\\\/\\\/schema.org\",\"@graph\":[{\"@type\":\"Article\",\"@id\":\"https:\\\/\\\/ppdegalicia.com\\\/es\\\/o-parlamento-de-galicia-insiste-na-demanda-ao-goberno-central-para-que-traslade-toda-a-documentacion-sobre-o-expediente-aberto-pola-comision-europea-en-relacion-coa-ap-9\\\/#article\",\"isPartOf\":{\"@id\":\"https:\\\/\\\/ppdegalicia.com\\\/es\\\/o-parlamento-de-galicia-insiste-na-demanda-ao-goberno-central-para-que-traslade-toda-a-documentacion-sobre-o-expediente-aberto-pola-comision-europea-en-relacion-coa-ap-9\\\/\"},\"author\":{\"name\":\"ppdegaliciaredes\",\"@id\":\"https:\\\/\\\/ppdegalicia.com\\\/es\\\/#\\\/schema\\\/person\\\/5b822c6f59e872ebdd1142f307dbcb59\"},\"headline\":\"O Parlamento de Galicia insiste na demanda ao Goberno central para que traslade toda a documentaci\u00f3n sobre o expediente aberto pola Comisi\u00f3n Europea en relaci\u00f3n coa AP-9\",\"datePublished\":\"2026-01-29T13:51:51+00:00\",\"dateModified\":\"2026-01-30T13:53:02+00:00\",\"mainEntityOfPage\":{\"@id\":\"https:\\\/\\\/ppdegalicia.com\\\/es\\\/o-parlamento-de-galicia-insiste-na-demanda-ao-goberno-central-para-que-traslade-toda-a-documentacion-sobre-o-expediente-aberto-pola-comision-europea-en-relacion-coa-ap-9\\\/\"},\"wordCount\":485,\"publisher\":{\"@id\":\"https:\\\/\\\/ppdegalicia.com\\\/es\\\/#organization\"},\"image\":{\"@id\":\"https:\\\/\\\/ppdegalicia.com\\\/es\\\/o-parlamento-de-galicia-insiste-na-demanda-ao-goberno-central-para-que-traslade-toda-a-documentacion-sobre-o-expediente-aberto-pola-comision-europea-en-relacion-coa-ap-9\\\/#primaryimage\"},\"thumbnailUrl\":\"https:\\\/\\\/ppdegalicia.com\\\/wp-content\\\/uploads\\\/2026\\\/01\\\/20260129_C2ajpg-2-scaled.jpg\",\"articleSection\":[\"Parlamento de Galicia\"],\"inLanguage\":\"es\"},{\"@type\":\"WebPage\",\"@id\":\"https:\\\/\\\/ppdegalicia.com\\\/es\\\/o-parlamento-de-galicia-insiste-na-demanda-ao-goberno-central-para-que-traslade-toda-a-documentacion-sobre-o-expediente-aberto-pola-comision-europea-en-relacion-coa-ap-9\\\/\",\"url\":\"https:\\\/\\\/ppdegalicia.com\\\/es\\\/o-parlamento-de-galicia-insiste-na-demanda-ao-goberno-central-para-que-traslade-toda-a-documentacion-sobre-o-expediente-aberto-pola-comision-europea-en-relacion-coa-ap-9\\\/\",\"name\":\"O Parlamento de Galicia insiste na demanda ao Goberno central para que traslade toda a documentaci\u00f3n sobre o expediente aberto pola Comisi\u00f3n Europea en relaci\u00f3n coa AP-9 - PP de Galicia\",\"isPartOf\":{\"@id\":\"https:\\\/\\\/ppdegalicia.com\\\/es\\\/#website\"},\"primaryImageOfPage\":{\"@id\":\"https:\\\/\\\/ppdegalicia.com\\\/es\\\/o-parlamento-de-galicia-insiste-na-demanda-ao-goberno-central-para-que-traslade-toda-a-documentacion-sobre-o-expediente-aberto-pola-comision-europea-en-relacion-coa-ap-9\\\/#primaryimage\"},\"image\":{\"@id\":\"https:\\\/\\\/ppdegalicia.com\\\/es\\\/o-parlamento-de-galicia-insiste-na-demanda-ao-goberno-central-para-que-traslade-toda-a-documentacion-sobre-o-expediente-aberto-pola-comision-europea-en-relacion-coa-ap-9\\\/#primaryimage\"},\"thumbnailUrl\":\"https:\\\/\\\/ppdegalicia.com\\\/wp-content\\\/uploads\\\/2026\\\/01\\\/20260129_C2ajpg-2-scaled.jpg\",\"datePublished\":\"2026-01-29T13:51:51+00:00\",\"dateModified\":\"2026-01-30T13:53:02+00:00\",\"description\":\"O Parlamento de Galicia aprobou hoxe por unanimidade a proposici\u00f3n non de lei do Grupo Popular a trav\u00e9s da que se demanda ao Goberno de Espa\u00f1a que dea traslado de toda a documentaci\u00f3n relativa ao expediente aberto pola Comisi\u00f3n Europea en relaci\u00f3n coa AP-9 e das comunicaci\u00f3ns mantidas pola administraci\u00f3n do Estado con este obxecto, ao tempo que adopte cantas iniciativas sexan precisas para facer efectivo o rescate da concesi\u00f3n da AP-9, por ser esta a alternativa m\u00e1is vantaxosa para o interese p\u00fablico, e acordar a eliminaci\u00f3n das peaxes.\",\"breadcrumb\":{\"@id\":\"https:\\\/\\\/ppdegalicia.com\\\/es\\\/o-parlamento-de-galicia-insiste-na-demanda-ao-goberno-central-para-que-traslade-toda-a-documentacion-sobre-o-expediente-aberto-pola-comision-europea-en-relacion-coa-ap-9\\\/#breadcrumb\"},\"inLanguage\":\"es\",\"potentialAction\":[{\"@type\":\"ReadAction\",\"target\":[\"https:\\\/\\\/ppdegalicia.com\\\/es\\\/o-parlamento-de-galicia-insiste-na-demanda-ao-goberno-central-para-que-traslade-toda-a-documentacion-sobre-o-expediente-aberto-pola-comision-europea-en-relacion-coa-ap-9\\\/\"]}]},{\"@type\":\"ImageObject\",\"inLanguage\":\"es\",\"@id\":\"https:\\\/\\\/ppdegalicia.com\\\/es\\\/o-parlamento-de-galicia-insiste-na-demanda-ao-goberno-central-para-que-traslade-toda-a-documentacion-sobre-o-expediente-aberto-pola-comision-europea-en-relacion-coa-ap-9\\\/#primaryimage\",\"url\":\"https:\\\/\\\/ppdegalicia.com\\\/wp-content\\\/uploads\\\/2026\\\/01\\\/20260129_C2ajpg-2-scaled.jpg\",\"contentUrl\":\"https:\\\/\\\/ppdegalicia.com\\\/wp-content\\\/uploads\\\/2026\\\/01\\\/20260129_C2ajpg-2-scaled.jpg\",\"width\":2560,\"height\":1706},{\"@type\":\"BreadcrumbList\",\"@id\":\"https:\\\/\\\/ppdegalicia.com\\\/es\\\/o-parlamento-de-galicia-insiste-na-demanda-ao-goberno-central-para-que-traslade-toda-a-documentacion-sobre-o-expediente-aberto-pola-comision-europea-en-relacion-coa-ap-9\\\/#breadcrumb\",\"itemListElement\":[{\"@type\":\"ListItem\",\"position\":1,\"name\":\"Portada\",\"item\":\"https:\\\/\\\/ppdegalicia.com\\\/es\\\/\"},{\"@type\":\"ListItem\",\"position\":2,\"name\":\"O Parlamento de Galicia insiste na demanda ao Goberno central para que traslade toda a documentaci\u00f3n sobre o expediente aberto pola Comisi\u00f3n Europea en relaci\u00f3n coa AP-9\"}]},{\"@type\":\"WebSite\",\"@id\":\"https:\\\/\\\/ppdegalicia.com\\\/es\\\/#website\",\"url\":\"https:\\\/\\\/ppdegalicia.com\\\/es\\\/\",\"name\":\"Partido Popular de Galicia\",\"description\":\"Partido Popular de Galicia\",\"publisher\":{\"@id\":\"https:\\\/\\\/ppdegalicia.com\\\/es\\\/#organization\"},\"alternateName\":\"PP de Galicia\",\"potentialAction\":[{\"@type\":\"SearchAction\",\"target\":{\"@type\":\"EntryPoint\",\"urlTemplate\":\"https:\\\/\\\/ppdegalicia.com\\\/es\\\/?s={search_term_string}\"},\"query-input\":{\"@type\":\"PropertyValueSpecification\",\"valueRequired\":true,\"valueName\":\"search_term_string\"}}],\"inLanguage\":\"es\"},{\"@type\":\"Organization\",\"@id\":\"https:\\\/\\\/ppdegalicia.com\\\/es\\\/#organization\",\"name\":\"Partido Popular de Galicia\",\"alternateName\":\"PP de Galicia\",\"url\":\"https:\\\/\\\/ppdegalicia.com\\\/es\\\/\",\"logo\":{\"@type\":\"ImageObject\",\"inLanguage\":\"es\",\"@id\":\"https:\\\/\\\/ppdegalicia.com\\\/es\\\/#\\\/schema\\\/logo\\\/image\\\/\",\"url\":\"https:\\\/\\\/ppdegalicia.com\\\/wp-content\\\/uploads\\\/2023\\\/04\\\/logoPP512.png\",\"contentUrl\":\"https:\\\/\\\/ppdegalicia.com\\\/wp-content\\\/uploads\\\/2023\\\/04\\\/logoPP512.png\",\"width\":512,\"height\":512,\"caption\":\"Partido Popular de Galicia\"},\"image\":{\"@id\":\"https:\\\/\\\/ppdegalicia.com\\\/es\\\/#\\\/schema\\\/logo\\\/image\\\/\"},\"sameAs\":[\"https:\\\/\\\/www.instagram.com\\\/ppdegalicia\\\/\",\"https:\\\/\\\/x.com\\\/ppdegalicia\",\"https:\\\/\\\/www.tiktok.com\\\/@ppdegalicia\",\"https:\\\/\\\/www.youtube.com\\\/user\\\/ppdegalicia\"]},{\"@type\":\"Person\",\"@id\":\"https:\\\/\\\/ppdegalicia.com\\\/es\\\/#\\\/schema\\\/person\\\/5b822c6f59e872ebdd1142f307dbcb59\",\"name\":\"ppdegaliciaredes\",\"image\":{\"@type\":\"ImageObject\",\"inLanguage\":\"es\",\"@id\":\"https:\\\/\\\/secure.gravatar.com\\\/avatar\\\/3c9179cf0256d00c72a48d1f25783c58b6842cd56e85ef3a572881c8e28ccd59?s=96&d=mm&r=g\",\"url\":\"https:\\\/\\\/secure.gravatar.com\\\/avatar\\\/3c9179cf0256d00c72a48d1f25783c58b6842cd56e85ef3a572881c8e28ccd59?s=96&d=mm&r=g\",\"contentUrl\":\"https:\\\/\\\/secure.gravatar.com\\\/avatar\\\/3c9179cf0256d00c72a48d1f25783c58b6842cd56e85ef3a572881c8e28ccd59?s=96&d=mm&r=g\",\"caption\":\"ppdegaliciaredes\"},\"url\":\"https:\\\/\\\/ppdegalicia.com\\\/es\\\/author\\\/ppdegaliciaredes\\\/\"}]}<\/script>\n<!-- \/ Yoast SEO plugin. -->","yoast_head_json":{"title":"O Parlamento de Galicia insiste na demanda ao Goberno central para que traslade toda a documentaci\u00f3n sobre o expediente aberto pola Comisi\u00f3n Europea en relaci\u00f3n coa AP-9 - PP de Galicia","description":"O Parlamento de Galicia aprobou hoxe por unanimidade a proposici\u00f3n non de lei do Grupo Popular a trav\u00e9s da que se demanda ao Goberno de Espa\u00f1a que dea traslado de toda a documentaci\u00f3n relativa ao expediente aberto pola Comisi\u00f3n Europea en relaci\u00f3n coa AP-9 e das comunicaci\u00f3ns mantidas pola administraci\u00f3n do Estado con este obxecto, ao tempo que adopte cantas iniciativas sexan precisas para facer efectivo o rescate da concesi\u00f3n da AP-9, por ser esta a alternativa m\u00e1is vantaxosa para o interese p\u00fablico, e acordar a eliminaci\u00f3n das peaxes.","robots":{"index":"index","follow":"follow","max-snippet":"max-snippet:-1","max-image-preview":"max-image-preview:large","max-video-preview":"max-video-preview:-1"},"canonical":"https:\/\/ppdegalicia.com\/es\/o-parlamento-de-galicia-insiste-na-demanda-ao-goberno-central-para-que-traslade-toda-a-documentacion-sobre-o-expediente-aberto-pola-comision-europea-en-relacion-coa-ap-9\/","og_locale":"es_ES","og_type":"article","og_title":"O Parlamento de Galicia insiste na demanda ao Goberno central para que traslade toda a documentaci\u00f3n sobre o expediente aberto pola Comisi\u00f3n Europea en relaci\u00f3n coa AP-9 - PP de Galicia","og_description":"O Parlamento de Galicia aprobou hoxe por unanimidade a proposici\u00f3n non de lei do Grupo Popular a trav\u00e9s da que se demanda ao Goberno de Espa\u00f1a que dea traslado de toda a documentaci\u00f3n relativa ao expediente aberto pola Comisi\u00f3n Europea en relaci\u00f3n coa AP-9 e das comunicaci\u00f3ns mantidas pola administraci\u00f3n do Estado con este obxecto, ao tempo que adopte cantas iniciativas sexan precisas para facer efectivo o rescate da concesi\u00f3n da AP-9, por ser esta a alternativa m\u00e1is vantaxosa para o interese p\u00fablico, e acordar a eliminaci\u00f3n das peaxes.","og_url":"https:\/\/ppdegalicia.com\/es\/o-parlamento-de-galicia-insiste-na-demanda-ao-goberno-central-para-que-traslade-toda-a-documentacion-sobre-o-expediente-aberto-pola-comision-europea-en-relacion-coa-ap-9\/","og_site_name":"PP de Galicia","article_publisher":"https:\/\/www.instagram.com\/ppdegalicia\/","article_published_time":"2026-01-29T13:51:51+00:00","article_modified_time":"2026-01-30T13:53:02+00:00","og_image":[{"width":2560,"height":1706,"url":"https:\/\/ppdegalicia.com\/wp-content\/uploads\/2026\/01\/20260129_C2ajpg-2-scaled.jpg","type":"image\/jpeg"}],"author":"ppdegaliciaredes","twitter_card":"summary_large_image","twitter_creator":"@ppdegalicia","twitter_site":"@ppdegalicia","twitter_misc":{"Escrito por":"ppdegaliciaredes","Tiempo de lectura":"3 minutos"},"schema":{"@context":"https:\/\/schema.org","@graph":[{"@type":"Article","@id":"https:\/\/ppdegalicia.com\/es\/o-parlamento-de-galicia-insiste-na-demanda-ao-goberno-central-para-que-traslade-toda-a-documentacion-sobre-o-expediente-aberto-pola-comision-europea-en-relacion-coa-ap-9\/#article","isPartOf":{"@id":"https:\/\/ppdegalicia.com\/es\/o-parlamento-de-galicia-insiste-na-demanda-ao-goberno-central-para-que-traslade-toda-a-documentacion-sobre-o-expediente-aberto-pola-comision-europea-en-relacion-coa-ap-9\/"},"author":{"name":"ppdegaliciaredes","@id":"https:\/\/ppdegalicia.com\/es\/#\/schema\/person\/5b822c6f59e872ebdd1142f307dbcb59"},"headline":"O Parlamento de Galicia insiste na demanda ao Goberno central para que traslade toda a documentaci\u00f3n sobre o expediente aberto pola Comisi\u00f3n Europea en relaci\u00f3n coa AP-9","datePublished":"2026-01-29T13:51:51+00:00","dateModified":"2026-01-30T13:53:02+00:00","mainEntityOfPage":{"@id":"https:\/\/ppdegalicia.com\/es\/o-parlamento-de-galicia-insiste-na-demanda-ao-goberno-central-para-que-traslade-toda-a-documentacion-sobre-o-expediente-aberto-pola-comision-europea-en-relacion-coa-ap-9\/"},"wordCount":485,"publisher":{"@id":"https:\/\/ppdegalicia.com\/es\/#organization"},"image":{"@id":"https:\/\/ppdegalicia.com\/es\/o-parlamento-de-galicia-insiste-na-demanda-ao-goberno-central-para-que-traslade-toda-a-documentacion-sobre-o-expediente-aberto-pola-comision-europea-en-relacion-coa-ap-9\/#primaryimage"},"thumbnailUrl":"https:\/\/ppdegalicia.com\/wp-content\/uploads\/2026\/01\/20260129_C2ajpg-2-scaled.jpg","articleSection":["Parlamento de Galicia"],"inLanguage":"es"},{"@type":"WebPage","@id":"https:\/\/ppdegalicia.com\/es\/o-parlamento-de-galicia-insiste-na-demanda-ao-goberno-central-para-que-traslade-toda-a-documentacion-sobre-o-expediente-aberto-pola-comision-europea-en-relacion-coa-ap-9\/","url":"https:\/\/ppdegalicia.com\/es\/o-parlamento-de-galicia-insiste-na-demanda-ao-goberno-central-para-que-traslade-toda-a-documentacion-sobre-o-expediente-aberto-pola-comision-europea-en-relacion-coa-ap-9\/","name":"O Parlamento de Galicia insiste na demanda ao Goberno central para que traslade toda a documentaci\u00f3n sobre o expediente aberto pola Comisi\u00f3n Europea en relaci\u00f3n coa AP-9 - PP de Galicia","isPartOf":{"@id":"https:\/\/ppdegalicia.com\/es\/#website"},"primaryImageOfPage":{"@id":"https:\/\/ppdegalicia.com\/es\/o-parlamento-de-galicia-insiste-na-demanda-ao-goberno-central-para-que-traslade-toda-a-documentacion-sobre-o-expediente-aberto-pola-comision-europea-en-relacion-coa-ap-9\/#primaryimage"},"image":{"@id":"https:\/\/ppdegalicia.com\/es\/o-parlamento-de-galicia-insiste-na-demanda-ao-goberno-central-para-que-traslade-toda-a-documentacion-sobre-o-expediente-aberto-pola-comision-europea-en-relacion-coa-ap-9\/#primaryimage"},"thumbnailUrl":"https:\/\/ppdegalicia.com\/wp-content\/uploads\/2026\/01\/20260129_C2ajpg-2-scaled.jpg","datePublished":"2026-01-29T13:51:51+00:00","dateModified":"2026-01-30T13:53:02+00:00","description":"O Parlamento de Galicia aprobou hoxe por unanimidade a proposici\u00f3n non de lei do Grupo Popular a trav\u00e9s da que se demanda ao Goberno de Espa\u00f1a que dea traslado de toda a documentaci\u00f3n relativa ao expediente aberto pola Comisi\u00f3n Europea en relaci\u00f3n coa AP-9 e das comunicaci\u00f3ns mantidas pola administraci\u00f3n do Estado con este obxecto, ao tempo que adopte cantas iniciativas sexan precisas para facer efectivo o rescate da concesi\u00f3n da AP-9, por ser esta a alternativa m\u00e1is vantaxosa para o interese p\u00fablico, e acordar a eliminaci\u00f3n das peaxes.","breadcrumb":{"@id":"https:\/\/ppdegalicia.com\/es\/o-parlamento-de-galicia-insiste-na-demanda-ao-goberno-central-para-que-traslade-toda-a-documentacion-sobre-o-expediente-aberto-pola-comision-europea-en-relacion-coa-ap-9\/#breadcrumb"},"inLanguage":"es","potentialAction":[{"@type":"ReadAction","target":["https:\/\/ppdegalicia.com\/es\/o-parlamento-de-galicia-insiste-na-demanda-ao-goberno-central-para-que-traslade-toda-a-documentacion-sobre-o-expediente-aberto-pola-comision-europea-en-relacion-coa-ap-9\/"]}]},{"@type":"ImageObject","inLanguage":"es","@id":"https:\/\/ppdegalicia.com\/es\/o-parlamento-de-galicia-insiste-na-demanda-ao-goberno-central-para-que-traslade-toda-a-documentacion-sobre-o-expediente-aberto-pola-comision-europea-en-relacion-coa-ap-9\/#primaryimage","url":"https:\/\/ppdegalicia.com\/wp-content\/uploads\/2026\/01\/20260129_C2ajpg-2-scaled.jpg","contentUrl":"https:\/\/ppdegalicia.com\/wp-content\/uploads\/2026\/01\/20260129_C2ajpg-2-scaled.jpg","width":2560,"height":1706},{"@type":"BreadcrumbList","@id":"https:\/\/ppdegalicia.com\/es\/o-parlamento-de-galicia-insiste-na-demanda-ao-goberno-central-para-que-traslade-toda-a-documentacion-sobre-o-expediente-aberto-pola-comision-europea-en-relacion-coa-ap-9\/#breadcrumb","itemListElement":[{"@type":"ListItem","position":1,"name":"Portada","item":"https:\/\/ppdegalicia.com\/es\/"},{"@type":"ListItem","position":2,"name":"O Parlamento de Galicia insiste na demanda ao Goberno central para que traslade toda a documentaci\u00f3n sobre o expediente aberto pola Comisi\u00f3n Europea en relaci\u00f3n coa AP-9"}]},{"@type":"WebSite","@id":"https:\/\/ppdegalicia.com\/es\/#website","url":"https:\/\/ppdegalicia.com\/es\/","name":"Partido Popular de Galicia","description":"Partido Popular de Galicia","publisher":{"@id":"https:\/\/ppdegalicia.com\/es\/#organization"},"alternateName":"PP de Galicia","potentialAction":[{"@type":"SearchAction","target":{"@type":"EntryPoint","urlTemplate":"https:\/\/ppdegalicia.com\/es\/?s={search_term_string}"},"query-input":{"@type":"PropertyValueSpecification","valueRequired":true,"valueName":"search_term_string"}}],"inLanguage":"es"},{"@type":"Organization","@id":"https:\/\/ppdegalicia.com\/es\/#organization","name":"Partido Popular de Galicia","alternateName":"PP de Galicia","url":"https:\/\/ppdegalicia.com\/es\/","logo":{"@type":"ImageObject","inLanguage":"es","@id":"https:\/\/ppdegalicia.com\/es\/#\/schema\/logo\/image\/","url":"https:\/\/ppdegalicia.com\/wp-content\/uploads\/2023\/04\/logoPP512.png","contentUrl":"https:\/\/ppdegalicia.com\/wp-content\/uploads\/2023\/04\/logoPP512.png","width":512,"height":512,"caption":"Partido Popular de Galicia"},"image":{"@id":"https:\/\/ppdegalicia.com\/es\/#\/schema\/logo\/image\/"},"sameAs":["https:\/\/www.instagram.com\/ppdegalicia\/","https:\/\/x.com\/ppdegalicia","https:\/\/www.tiktok.com\/@ppdegalicia","https:\/\/www.youtube.com\/user\/ppdegalicia"]},{"@type":"Person","@id":"https:\/\/ppdegalicia.com\/es\/#\/schema\/person\/5b822c6f59e872ebdd1142f307dbcb59","name":"ppdegaliciaredes","image":{"@type":"ImageObject","inLanguage":"es","@id":"https:\/\/secure.gravatar.com\/avatar\/3c9179cf0256d00c72a48d1f25783c58b6842cd56e85ef3a572881c8e28ccd59?s=96&d=mm&r=g","url":"https:\/\/secure.gravatar.com\/avatar\/3c9179cf0256d00c72a48d1f25783c58b6842cd56e85ef3a572881c8e28ccd59?s=96&d=mm&r=g","contentUrl":"https:\/\/secure.gravatar.com\/avatar\/3c9179cf0256d00c72a48d1f25783c58b6842cd56e85ef3a572881c8e28ccd59?s=96&d=mm&r=g","caption":"ppdegaliciaredes"},"url":"https:\/\/ppdegalicia.com\/es\/author\/ppdegaliciaredes\/"}]}},"_links":{"self":[{"href":"https:\/\/ppdegalicia.com\/es\/wp-json\/wp\/v2\/posts\/70055","targetHints":{"allow":["GET"]}}],"collection":[{"href":"https:\/\/ppdegalicia.com\/es\/wp-json\/wp\/v2\/posts"}],"about":[{"href":"https:\/\/ppdegalicia.com\/es\/wp-json\/wp\/v2\/types\/post"}],"author":[{"embeddable":true,"href":"https:\/\/ppdegalicia.com\/es\/wp-json\/wp\/v2\/users\/38"}],"replies":[{"embeddable":true,"href":"https:\/\/ppdegalicia.com\/es\/wp-json\/wp\/v2\/comments?post=70055"}],"version-history":[{"count":1,"href":"https:\/\/ppdegalicia.com\/es\/wp-json\/wp\/v2\/posts\/70055\/revisions"}],"predecessor-version":[{"id":70058,"href":"https:\/\/ppdegalicia.com\/es\/wp-json\/wp\/v2\/posts\/70055\/revisions\/70058"}],"wp:featuredmedia":[{"embeddable":true,"href":"https:\/\/ppdegalicia.com\/es\/wp-json\/wp\/v2\/media\/70056"}],"wp:attachment":[{"href":"https:\/\/ppdegalicia.com\/es\/wp-json\/wp\/v2\/media?parent=70055"}],"wp:term":[{"taxonomy":"category","embeddable":true,"href":"https:\/\/ppdegalicia.com\/es\/wp-json\/wp\/v2\/categories?post=70055"},{"taxonomy":"post_tag","embeddable":true,"href":"https:\/\/ppdegalicia.com\/es\/wp-json\/wp\/v2\/tags?post=70055"}],"curies":[{"name":"wp","href":"https:\/\/api.w.org\/{rel}","templated":true}]}}