{"id":70067,"date":"2026-02-01T10:22:00","date_gmt":"2026-02-01T09:22:00","guid":{"rendered":"https:\/\/ppdegalicia.com\/?p=70067"},"modified":"2026-02-02T10:24:57","modified_gmt":"2026-02-02T09:24:57","slug":"o-ppdeg-destaca-a-fortaleza-do-sistema-sanitario-galego-pese-a-falta-de-respostas-do-goberno-central-ante-a-escaseza-de-profesionais-sanitarios","status":"publish","type":"post","link":"https:\/\/ppdegalicia.com\/es\/o-ppdeg-destaca-a-fortaleza-do-sistema-sanitario-galego-pese-a-falta-de-respostas-do-goberno-central-ante-a-escaseza-de-profesionais-sanitarios\/","title":{"rendered":"O PPdeG destaca a fortaleza do sistema sanitario galego pese \u00e1 falta de respostas do Goberno central ante a escaseza de profesionais sanitarios"},"content":{"rendered":"<p>O vicesecretario de Familia e portavoz do PPdeG no Parlamento de Galicia, Alberto Pazos,\u00a0 asegurou que Galicia contin\u00faa a contar con \u201cun dos mellores sistemas sanitarios do mundo\u201d, malia as dificultades actuais derivadas da escaseza de profesionais en determinadas especialidades. Segundo explicou, esta situaci\u00f3n non \u00e9 exclusiva da comunidade galega, sen\u00f3n un problema com\u00fan a todas as comunidades aut\u00f3nomas.<\/p>\n<p>Neste sentido, lembrou que as comunidades levan anos trasladando propostas ao Ministerio de Sanidade para dar resposta a esta falta de persoal, sen que ata o momento se te\u00f1an adoptado medidas eficaces para solucionar unha problem\u00e1tica que afecta ao conxunto do sistema sanitario espa\u00f1ol.<\/p>\n","protected":false},"excerpt":{"rendered":"<p>O vicesecretario de Familia e portavoz do PPdeG no Parlamento de Galicia, Alberto Pazos,\u00a0 asegurou que Galicia contin\u00faa a contar con \u201cun dos mellores sistemas sanitarios do mundo\u201d, malia as dificultades actuais derivadas da escaseza de profesionais en determinadas especialidades. Segundo explicou, esta situaci\u00f3n non \u00e9 exclusiva da comunidade galega, sen\u00f3n un problema com\u00fan a [&hellip;]<\/p>\n","protected":false},"author":38,"featured_media":70068,"comment_status":"closed","ping_status":"open","sticky":false,"template":"","format":"standard","meta":{"_acf_changed":false,"footnotes":""},"categories":[1128],"tags":[],"class_list":["post-70067","post","type-post","status-publish","format-standard","has-post-thumbnail","hentry","category-actualidad-parlamento-de-galicia"],"acf":[],"yoast_head":"<!-- This site is optimized with the Yoast SEO plugin v27.3 - https:\/\/yoast.com\/product\/yoast-seo-wordpress\/ -->\n<title>O PPdeG destaca a fortaleza do sistema sanitario galego pese \u00e1 falta de respostas do Goberno central ante a escaseza de profesionais sanitarios - PP de Galicia<\/title>\n<meta name=\"description\" content=\"O vicesecretario de Familia e portavoz do PPdeG no Parlamento de Galicia, Alberto Pazos,\u00a0 asegurou que Galicia contin\u00faa a contar con \u201cun dos mellores sistemas sanitarios do mundo\u201d, malia as dificultades actuais derivadas da escaseza de profesionais en determinadas especialidades. Segundo explicou, esta situaci\u00f3n non \u00e9 exclusiva da comunidade galega, sen\u00f3n un problema com\u00fan a todas as comunidades aut\u00f3nomas.\" \/>\n<meta name=\"robots\" content=\"index, follow, max-snippet:-1, max-image-preview:large, max-video-preview:-1\" \/>\n<link rel=\"canonical\" href=\"https:\/\/ppdegalicia.com\/es\/o-ppdeg-destaca-a-fortaleza-do-sistema-sanitario-galego-pese-a-falta-de-respostas-do-goberno-central-ante-a-escaseza-de-profesionais-sanitarios\/\" \/>\n<meta property=\"og:locale\" content=\"es_ES\" \/>\n<meta property=\"og:type\" content=\"article\" \/>\n<meta property=\"og:title\" content=\"O PPdeG destaca a fortaleza do sistema sanitario galego pese \u00e1 falta de respostas do Goberno central ante a escaseza de profesionais sanitarios - PP de Galicia\" \/>\n<meta property=\"og:description\" content=\"O vicesecretario de Familia e portavoz do PPdeG no Parlamento de Galicia, Alberto Pazos,\u00a0 asegurou que Galicia contin\u00faa a contar con \u201cun dos mellores sistemas sanitarios do mundo\u201d, malia as dificultades actuais derivadas da escaseza de profesionais en determinadas especialidades. Segundo explicou, esta situaci\u00f3n non \u00e9 exclusiva da comunidade galega, sen\u00f3n un problema com\u00fan a todas as comunidades aut\u00f3nomas.\" \/>\n<meta property=\"og:url\" content=\"https:\/\/ppdegalicia.com\/es\/o-ppdeg-destaca-a-fortaleza-do-sistema-sanitario-galego-pese-a-falta-de-respostas-do-goberno-central-ante-a-escaseza-de-profesionais-sanitarios\/\" \/>\n<meta property=\"og:site_name\" content=\"PP de Galicia\" \/>\n<meta property=\"article:publisher\" content=\"https:\/\/www.instagram.com\/ppdegalicia\/\" \/>\n<meta property=\"article:published_time\" content=\"2026-02-01T09:22:00+00:00\" \/>\n<meta property=\"article:modified_time\" content=\"2026-02-02T09:24:57+00:00\" \/>\n<meta property=\"og:image\" content=\"https:\/\/ppdegalicia.com\/wp-content\/uploads\/2026\/02\/20260201_AlbertoPazos_Vigo.jpg\" \/>\n\t<meta property=\"og:image:width\" content=\"2048\" \/>\n\t<meta property=\"og:image:height\" content=\"1366\" \/>\n\t<meta property=\"og:image:type\" content=\"image\/jpeg\" \/>\n<meta name=\"author\" content=\"ppdegaliciaredes\" \/>\n<meta name=\"twitter:card\" content=\"summary_large_image\" \/>\n<meta name=\"twitter:creator\" content=\"@ppdegalicia\" \/>\n<meta name=\"twitter:site\" content=\"@ppdegalicia\" \/>\n<meta name=\"twitter:label1\" content=\"Escrito por\" \/>\n\t<meta name=\"twitter:data1\" content=\"ppdegaliciaredes\" \/>\n\t<meta name=\"twitter:label2\" content=\"Tiempo de lectura\" \/>\n\t<meta name=\"twitter:data2\" content=\"1 minuto\" \/>\n<script type=\"application\/ld+json\" class=\"yoast-schema-graph\">{\"@context\":\"https:\\\/\\\/schema.org\",\"@graph\":[{\"@type\":\"Article\",\"@id\":\"https:\\\/\\\/ppdegalicia.com\\\/es\\\/o-ppdeg-destaca-a-fortaleza-do-sistema-sanitario-galego-pese-a-falta-de-respostas-do-goberno-central-ante-a-escaseza-de-profesionais-sanitarios\\\/#article\",\"isPartOf\":{\"@id\":\"https:\\\/\\\/ppdegalicia.com\\\/es\\\/o-ppdeg-destaca-a-fortaleza-do-sistema-sanitario-galego-pese-a-falta-de-respostas-do-goberno-central-ante-a-escaseza-de-profesionais-sanitarios\\\/\"},\"author\":{\"name\":\"ppdegaliciaredes\",\"@id\":\"https:\\\/\\\/ppdegalicia.com\\\/es\\\/#\\\/schema\\\/person\\\/5b822c6f59e872ebdd1142f307dbcb59\"},\"headline\":\"O PPdeG destaca a fortaleza do sistema sanitario galego pese \u00e1 falta de respostas do Goberno central ante a escaseza de profesionais sanitarios\",\"datePublished\":\"2026-02-01T09:22:00+00:00\",\"dateModified\":\"2026-02-02T09:24:57+00:00\",\"mainEntityOfPage\":{\"@id\":\"https:\\\/\\\/ppdegalicia.com\\\/es\\\/o-ppdeg-destaca-a-fortaleza-do-sistema-sanitario-galego-pese-a-falta-de-respostas-do-goberno-central-ante-a-escaseza-de-profesionais-sanitarios\\\/\"},\"wordCount\":132,\"publisher\":{\"@id\":\"https:\\\/\\\/ppdegalicia.com\\\/es\\\/#organization\"},\"image\":{\"@id\":\"https:\\\/\\\/ppdegalicia.com\\\/es\\\/o-ppdeg-destaca-a-fortaleza-do-sistema-sanitario-galego-pese-a-falta-de-respostas-do-goberno-central-ante-a-escaseza-de-profesionais-sanitarios\\\/#primaryimage\"},\"thumbnailUrl\":\"https:\\\/\\\/ppdegalicia.com\\\/wp-content\\\/uploads\\\/2026\\\/02\\\/20260201_AlbertoPazos_Vigo.jpg\",\"articleSection\":[\"Parlamento de Galicia\"],\"inLanguage\":\"es\"},{\"@type\":\"WebPage\",\"@id\":\"https:\\\/\\\/ppdegalicia.com\\\/es\\\/o-ppdeg-destaca-a-fortaleza-do-sistema-sanitario-galego-pese-a-falta-de-respostas-do-goberno-central-ante-a-escaseza-de-profesionais-sanitarios\\\/\",\"url\":\"https:\\\/\\\/ppdegalicia.com\\\/es\\\/o-ppdeg-destaca-a-fortaleza-do-sistema-sanitario-galego-pese-a-falta-de-respostas-do-goberno-central-ante-a-escaseza-de-profesionais-sanitarios\\\/\",\"name\":\"O PPdeG destaca a fortaleza do sistema sanitario galego pese \u00e1 falta de respostas do Goberno central ante a escaseza de profesionais sanitarios - PP de Galicia\",\"isPartOf\":{\"@id\":\"https:\\\/\\\/ppdegalicia.com\\\/es\\\/#website\"},\"primaryImageOfPage\":{\"@id\":\"https:\\\/\\\/ppdegalicia.com\\\/es\\\/o-ppdeg-destaca-a-fortaleza-do-sistema-sanitario-galego-pese-a-falta-de-respostas-do-goberno-central-ante-a-escaseza-de-profesionais-sanitarios\\\/#primaryimage\"},\"image\":{\"@id\":\"https:\\\/\\\/ppdegalicia.com\\\/es\\\/o-ppdeg-destaca-a-fortaleza-do-sistema-sanitario-galego-pese-a-falta-de-respostas-do-goberno-central-ante-a-escaseza-de-profesionais-sanitarios\\\/#primaryimage\"},\"thumbnailUrl\":\"https:\\\/\\\/ppdegalicia.com\\\/wp-content\\\/uploads\\\/2026\\\/02\\\/20260201_AlbertoPazos_Vigo.jpg\",\"datePublished\":\"2026-02-01T09:22:00+00:00\",\"dateModified\":\"2026-02-02T09:24:57+00:00\",\"description\":\"O vicesecretario de Familia e portavoz do PPdeG no Parlamento de Galicia, Alberto Pazos,\u00a0 asegurou que Galicia contin\u00faa a contar con \u201cun dos mellores sistemas sanitarios do mundo\u201d, malia as dificultades actuais derivadas da escaseza de profesionais en determinadas especialidades. Segundo explicou, esta situaci\u00f3n non \u00e9 exclusiva da comunidade galega, sen\u00f3n un problema com\u00fan a todas as comunidades aut\u00f3nomas.\",\"breadcrumb\":{\"@id\":\"https:\\\/\\\/ppdegalicia.com\\\/es\\\/o-ppdeg-destaca-a-fortaleza-do-sistema-sanitario-galego-pese-a-falta-de-respostas-do-goberno-central-ante-a-escaseza-de-profesionais-sanitarios\\\/#breadcrumb\"},\"inLanguage\":\"es\",\"potentialAction\":[{\"@type\":\"ReadAction\",\"target\":[\"https:\\\/\\\/ppdegalicia.com\\\/es\\\/o-ppdeg-destaca-a-fortaleza-do-sistema-sanitario-galego-pese-a-falta-de-respostas-do-goberno-central-ante-a-escaseza-de-profesionais-sanitarios\\\/\"]}]},{\"@type\":\"ImageObject\",\"inLanguage\":\"es\",\"@id\":\"https:\\\/\\\/ppdegalicia.com\\\/es\\\/o-ppdeg-destaca-a-fortaleza-do-sistema-sanitario-galego-pese-a-falta-de-respostas-do-goberno-central-ante-a-escaseza-de-profesionais-sanitarios\\\/#primaryimage\",\"url\":\"https:\\\/\\\/ppdegalicia.com\\\/wp-content\\\/uploads\\\/2026\\\/02\\\/20260201_AlbertoPazos_Vigo.jpg\",\"contentUrl\":\"https:\\\/\\\/ppdegalicia.com\\\/wp-content\\\/uploads\\\/2026\\\/02\\\/20260201_AlbertoPazos_Vigo.jpg\",\"width\":2048,\"height\":1366},{\"@type\":\"BreadcrumbList\",\"@id\":\"https:\\\/\\\/ppdegalicia.com\\\/es\\\/o-ppdeg-destaca-a-fortaleza-do-sistema-sanitario-galego-pese-a-falta-de-respostas-do-goberno-central-ante-a-escaseza-de-profesionais-sanitarios\\\/#breadcrumb\",\"itemListElement\":[{\"@type\":\"ListItem\",\"position\":1,\"name\":\"Portada\",\"item\":\"https:\\\/\\\/ppdegalicia.com\\\/es\\\/\"},{\"@type\":\"ListItem\",\"position\":2,\"name\":\"O PPdeG destaca a fortaleza do sistema sanitario galego pese \u00e1 falta de respostas do Goberno central ante a escaseza de profesionais sanitarios\"}]},{\"@type\":\"WebSite\",\"@id\":\"https:\\\/\\\/ppdegalicia.com\\\/es\\\/#website\",\"url\":\"https:\\\/\\\/ppdegalicia.com\\\/es\\\/\",\"name\":\"Partido Popular de Galicia\",\"description\":\"Partido Popular de Galicia\",\"publisher\":{\"@id\":\"https:\\\/\\\/ppdegalicia.com\\\/es\\\/#organization\"},\"alternateName\":\"PP de Galicia\",\"potentialAction\":[{\"@type\":\"SearchAction\",\"target\":{\"@type\":\"EntryPoint\",\"urlTemplate\":\"https:\\\/\\\/ppdegalicia.com\\\/es\\\/?s={search_term_string}\"},\"query-input\":{\"@type\":\"PropertyValueSpecification\",\"valueRequired\":true,\"valueName\":\"search_term_string\"}}],\"inLanguage\":\"es\"},{\"@type\":\"Organization\",\"@id\":\"https:\\\/\\\/ppdegalicia.com\\\/es\\\/#organization\",\"name\":\"Partido Popular de Galicia\",\"alternateName\":\"PP de Galicia\",\"url\":\"https:\\\/\\\/ppdegalicia.com\\\/es\\\/\",\"logo\":{\"@type\":\"ImageObject\",\"inLanguage\":\"es\",\"@id\":\"https:\\\/\\\/ppdegalicia.com\\\/es\\\/#\\\/schema\\\/logo\\\/image\\\/\",\"url\":\"https:\\\/\\\/ppdegalicia.com\\\/wp-content\\\/uploads\\\/2023\\\/04\\\/logoPP512.png\",\"contentUrl\":\"https:\\\/\\\/ppdegalicia.com\\\/wp-content\\\/uploads\\\/2023\\\/04\\\/logoPP512.png\",\"width\":512,\"height\":512,\"caption\":\"Partido Popular de Galicia\"},\"image\":{\"@id\":\"https:\\\/\\\/ppdegalicia.com\\\/es\\\/#\\\/schema\\\/logo\\\/image\\\/\"},\"sameAs\":[\"https:\\\/\\\/www.instagram.com\\\/ppdegalicia\\\/\",\"https:\\\/\\\/x.com\\\/ppdegalicia\",\"https:\\\/\\\/www.tiktok.com\\\/@ppdegalicia\",\"https:\\\/\\\/www.youtube.com\\\/user\\\/ppdegalicia\"]},{\"@type\":\"Person\",\"@id\":\"https:\\\/\\\/ppdegalicia.com\\\/es\\\/#\\\/schema\\\/person\\\/5b822c6f59e872ebdd1142f307dbcb59\",\"name\":\"ppdegaliciaredes\",\"image\":{\"@type\":\"ImageObject\",\"inLanguage\":\"es\",\"@id\":\"https:\\\/\\\/secure.gravatar.com\\\/avatar\\\/3c9179cf0256d00c72a48d1f25783c58b6842cd56e85ef3a572881c8e28ccd59?s=96&d=mm&r=g\",\"url\":\"https:\\\/\\\/secure.gravatar.com\\\/avatar\\\/3c9179cf0256d00c72a48d1f25783c58b6842cd56e85ef3a572881c8e28ccd59?s=96&d=mm&r=g\",\"contentUrl\":\"https:\\\/\\\/secure.gravatar.com\\\/avatar\\\/3c9179cf0256d00c72a48d1f25783c58b6842cd56e85ef3a572881c8e28ccd59?s=96&d=mm&r=g\",\"caption\":\"ppdegaliciaredes\"},\"url\":\"https:\\\/\\\/ppdegalicia.com\\\/es\\\/author\\\/ppdegaliciaredes\\\/\"}]}<\/script>\n<!-- \/ Yoast SEO plugin. -->","yoast_head_json":{"title":"O PPdeG destaca a fortaleza do sistema sanitario galego pese \u00e1 falta de respostas do Goberno central ante a escaseza de profesionais sanitarios - PP de Galicia","description":"O vicesecretario de Familia e portavoz do PPdeG no Parlamento de Galicia, Alberto Pazos,\u00a0 asegurou que Galicia contin\u00faa a contar con \u201cun dos mellores sistemas sanitarios do mundo\u201d, malia as dificultades actuais derivadas da escaseza de profesionais en determinadas especialidades. Segundo explicou, esta situaci\u00f3n non \u00e9 exclusiva da comunidade galega, sen\u00f3n un problema com\u00fan a todas as comunidades aut\u00f3nomas.","robots":{"index":"index","follow":"follow","max-snippet":"max-snippet:-1","max-image-preview":"max-image-preview:large","max-video-preview":"max-video-preview:-1"},"canonical":"https:\/\/ppdegalicia.com\/es\/o-ppdeg-destaca-a-fortaleza-do-sistema-sanitario-galego-pese-a-falta-de-respostas-do-goberno-central-ante-a-escaseza-de-profesionais-sanitarios\/","og_locale":"es_ES","og_type":"article","og_title":"O PPdeG destaca a fortaleza do sistema sanitario galego pese \u00e1 falta de respostas do Goberno central ante a escaseza de profesionais sanitarios - PP de Galicia","og_description":"O vicesecretario de Familia e portavoz do PPdeG no Parlamento de Galicia, Alberto Pazos,\u00a0 asegurou que Galicia contin\u00faa a contar con \u201cun dos mellores sistemas sanitarios do mundo\u201d, malia as dificultades actuais derivadas da escaseza de profesionais en determinadas especialidades. Segundo explicou, esta situaci\u00f3n non \u00e9 exclusiva da comunidade galega, sen\u00f3n un problema com\u00fan a todas as comunidades aut\u00f3nomas.","og_url":"https:\/\/ppdegalicia.com\/es\/o-ppdeg-destaca-a-fortaleza-do-sistema-sanitario-galego-pese-a-falta-de-respostas-do-goberno-central-ante-a-escaseza-de-profesionais-sanitarios\/","og_site_name":"PP de Galicia","article_publisher":"https:\/\/www.instagram.com\/ppdegalicia\/","article_published_time":"2026-02-01T09:22:00+00:00","article_modified_time":"2026-02-02T09:24:57+00:00","og_image":[{"width":2048,"height":1366,"url":"https:\/\/ppdegalicia.com\/wp-content\/uploads\/2026\/02\/20260201_AlbertoPazos_Vigo.jpg","type":"image\/jpeg"}],"author":"ppdegaliciaredes","twitter_card":"summary_large_image","twitter_creator":"@ppdegalicia","twitter_site":"@ppdegalicia","twitter_misc":{"Escrito por":"ppdegaliciaredes","Tiempo de lectura":"1 minuto"},"schema":{"@context":"https:\/\/schema.org","@graph":[{"@type":"Article","@id":"https:\/\/ppdegalicia.com\/es\/o-ppdeg-destaca-a-fortaleza-do-sistema-sanitario-galego-pese-a-falta-de-respostas-do-goberno-central-ante-a-escaseza-de-profesionais-sanitarios\/#article","isPartOf":{"@id":"https:\/\/ppdegalicia.com\/es\/o-ppdeg-destaca-a-fortaleza-do-sistema-sanitario-galego-pese-a-falta-de-respostas-do-goberno-central-ante-a-escaseza-de-profesionais-sanitarios\/"},"author":{"name":"ppdegaliciaredes","@id":"https:\/\/ppdegalicia.com\/es\/#\/schema\/person\/5b822c6f59e872ebdd1142f307dbcb59"},"headline":"O PPdeG destaca a fortaleza do sistema sanitario galego pese \u00e1 falta de respostas do Goberno central ante a escaseza de profesionais sanitarios","datePublished":"2026-02-01T09:22:00+00:00","dateModified":"2026-02-02T09:24:57+00:00","mainEntityOfPage":{"@id":"https:\/\/ppdegalicia.com\/es\/o-ppdeg-destaca-a-fortaleza-do-sistema-sanitario-galego-pese-a-falta-de-respostas-do-goberno-central-ante-a-escaseza-de-profesionais-sanitarios\/"},"wordCount":132,"publisher":{"@id":"https:\/\/ppdegalicia.com\/es\/#organization"},"image":{"@id":"https:\/\/ppdegalicia.com\/es\/o-ppdeg-destaca-a-fortaleza-do-sistema-sanitario-galego-pese-a-falta-de-respostas-do-goberno-central-ante-a-escaseza-de-profesionais-sanitarios\/#primaryimage"},"thumbnailUrl":"https:\/\/ppdegalicia.com\/wp-content\/uploads\/2026\/02\/20260201_AlbertoPazos_Vigo.jpg","articleSection":["Parlamento de Galicia"],"inLanguage":"es"},{"@type":"WebPage","@id":"https:\/\/ppdegalicia.com\/es\/o-ppdeg-destaca-a-fortaleza-do-sistema-sanitario-galego-pese-a-falta-de-respostas-do-goberno-central-ante-a-escaseza-de-profesionais-sanitarios\/","url":"https:\/\/ppdegalicia.com\/es\/o-ppdeg-destaca-a-fortaleza-do-sistema-sanitario-galego-pese-a-falta-de-respostas-do-goberno-central-ante-a-escaseza-de-profesionais-sanitarios\/","name":"O PPdeG destaca a fortaleza do sistema sanitario galego pese \u00e1 falta de respostas do Goberno central ante a escaseza de profesionais sanitarios - PP de Galicia","isPartOf":{"@id":"https:\/\/ppdegalicia.com\/es\/#website"},"primaryImageOfPage":{"@id":"https:\/\/ppdegalicia.com\/es\/o-ppdeg-destaca-a-fortaleza-do-sistema-sanitario-galego-pese-a-falta-de-respostas-do-goberno-central-ante-a-escaseza-de-profesionais-sanitarios\/#primaryimage"},"image":{"@id":"https:\/\/ppdegalicia.com\/es\/o-ppdeg-destaca-a-fortaleza-do-sistema-sanitario-galego-pese-a-falta-de-respostas-do-goberno-central-ante-a-escaseza-de-profesionais-sanitarios\/#primaryimage"},"thumbnailUrl":"https:\/\/ppdegalicia.com\/wp-content\/uploads\/2026\/02\/20260201_AlbertoPazos_Vigo.jpg","datePublished":"2026-02-01T09:22:00+00:00","dateModified":"2026-02-02T09:24:57+00:00","description":"O vicesecretario de Familia e portavoz do PPdeG no Parlamento de Galicia, Alberto Pazos,\u00a0 asegurou que Galicia contin\u00faa a contar con \u201cun dos mellores sistemas sanitarios do mundo\u201d, malia as dificultades actuais derivadas da escaseza de profesionais en determinadas especialidades. Segundo explicou, esta situaci\u00f3n non \u00e9 exclusiva da comunidade galega, sen\u00f3n un problema com\u00fan a todas as comunidades aut\u00f3nomas.","breadcrumb":{"@id":"https:\/\/ppdegalicia.com\/es\/o-ppdeg-destaca-a-fortaleza-do-sistema-sanitario-galego-pese-a-falta-de-respostas-do-goberno-central-ante-a-escaseza-de-profesionais-sanitarios\/#breadcrumb"},"inLanguage":"es","potentialAction":[{"@type":"ReadAction","target":["https:\/\/ppdegalicia.com\/es\/o-ppdeg-destaca-a-fortaleza-do-sistema-sanitario-galego-pese-a-falta-de-respostas-do-goberno-central-ante-a-escaseza-de-profesionais-sanitarios\/"]}]},{"@type":"ImageObject","inLanguage":"es","@id":"https:\/\/ppdegalicia.com\/es\/o-ppdeg-destaca-a-fortaleza-do-sistema-sanitario-galego-pese-a-falta-de-respostas-do-goberno-central-ante-a-escaseza-de-profesionais-sanitarios\/#primaryimage","url":"https:\/\/ppdegalicia.com\/wp-content\/uploads\/2026\/02\/20260201_AlbertoPazos_Vigo.jpg","contentUrl":"https:\/\/ppdegalicia.com\/wp-content\/uploads\/2026\/02\/20260201_AlbertoPazos_Vigo.jpg","width":2048,"height":1366},{"@type":"BreadcrumbList","@id":"https:\/\/ppdegalicia.com\/es\/o-ppdeg-destaca-a-fortaleza-do-sistema-sanitario-galego-pese-a-falta-de-respostas-do-goberno-central-ante-a-escaseza-de-profesionais-sanitarios\/#breadcrumb","itemListElement":[{"@type":"ListItem","position":1,"name":"Portada","item":"https:\/\/ppdegalicia.com\/es\/"},{"@type":"ListItem","position":2,"name":"O PPdeG destaca a fortaleza do sistema sanitario galego pese \u00e1 falta de respostas do Goberno central ante a escaseza de profesionais sanitarios"}]},{"@type":"WebSite","@id":"https:\/\/ppdegalicia.com\/es\/#website","url":"https:\/\/ppdegalicia.com\/es\/","name":"Partido Popular de Galicia","description":"Partido Popular de Galicia","publisher":{"@id":"https:\/\/ppdegalicia.com\/es\/#organization"},"alternateName":"PP de Galicia","potentialAction":[{"@type":"SearchAction","target":{"@type":"EntryPoint","urlTemplate":"https:\/\/ppdegalicia.com\/es\/?s={search_term_string}"},"query-input":{"@type":"PropertyValueSpecification","valueRequired":true,"valueName":"search_term_string"}}],"inLanguage":"es"},{"@type":"Organization","@id":"https:\/\/ppdegalicia.com\/es\/#organization","name":"Partido Popular de Galicia","alternateName":"PP de Galicia","url":"https:\/\/ppdegalicia.com\/es\/","logo":{"@type":"ImageObject","inLanguage":"es","@id":"https:\/\/ppdegalicia.com\/es\/#\/schema\/logo\/image\/","url":"https:\/\/ppdegalicia.com\/wp-content\/uploads\/2023\/04\/logoPP512.png","contentUrl":"https:\/\/ppdegalicia.com\/wp-content\/uploads\/2023\/04\/logoPP512.png","width":512,"height":512,"caption":"Partido Popular de Galicia"},"image":{"@id":"https:\/\/ppdegalicia.com\/es\/#\/schema\/logo\/image\/"},"sameAs":["https:\/\/www.instagram.com\/ppdegalicia\/","https:\/\/x.com\/ppdegalicia","https:\/\/www.tiktok.com\/@ppdegalicia","https:\/\/www.youtube.com\/user\/ppdegalicia"]},{"@type":"Person","@id":"https:\/\/ppdegalicia.com\/es\/#\/schema\/person\/5b822c6f59e872ebdd1142f307dbcb59","name":"ppdegaliciaredes","image":{"@type":"ImageObject","inLanguage":"es","@id":"https:\/\/secure.gravatar.com\/avatar\/3c9179cf0256d00c72a48d1f25783c58b6842cd56e85ef3a572881c8e28ccd59?s=96&d=mm&r=g","url":"https:\/\/secure.gravatar.com\/avatar\/3c9179cf0256d00c72a48d1f25783c58b6842cd56e85ef3a572881c8e28ccd59?s=96&d=mm&r=g","contentUrl":"https:\/\/secure.gravatar.com\/avatar\/3c9179cf0256d00c72a48d1f25783c58b6842cd56e85ef3a572881c8e28ccd59?s=96&d=mm&r=g","caption":"ppdegaliciaredes"},"url":"https:\/\/ppdegalicia.com\/es\/author\/ppdegaliciaredes\/"}]}},"_links":{"self":[{"href":"https:\/\/ppdegalicia.com\/es\/wp-json\/wp\/v2\/posts\/70067","targetHints":{"allow":["GET"]}}],"collection":[{"href":"https:\/\/ppdegalicia.com\/es\/wp-json\/wp\/v2\/posts"}],"about":[{"href":"https:\/\/ppdegalicia.com\/es\/wp-json\/wp\/v2\/types\/post"}],"author":[{"embeddable":true,"href":"https:\/\/ppdegalicia.com\/es\/wp-json\/wp\/v2\/users\/38"}],"replies":[{"embeddable":true,"href":"https:\/\/ppdegalicia.com\/es\/wp-json\/wp\/v2\/comments?post=70067"}],"version-history":[{"count":1,"href":"https:\/\/ppdegalicia.com\/es\/wp-json\/wp\/v2\/posts\/70067\/revisions"}],"predecessor-version":[{"id":70070,"href":"https:\/\/ppdegalicia.com\/es\/wp-json\/wp\/v2\/posts\/70067\/revisions\/70070"}],"wp:featuredmedia":[{"embeddable":true,"href":"https:\/\/ppdegalicia.com\/es\/wp-json\/wp\/v2\/media\/70068"}],"wp:attachment":[{"href":"https:\/\/ppdegalicia.com\/es\/wp-json\/wp\/v2\/media?parent=70067"}],"wp:term":[{"taxonomy":"category","embeddable":true,"href":"https:\/\/ppdegalicia.com\/es\/wp-json\/wp\/v2\/categories?post=70067"},{"taxonomy":"post_tag","embeddable":true,"href":"https:\/\/ppdegalicia.com\/es\/wp-json\/wp\/v2\/tags?post=70067"}],"curies":[{"name":"wp","href":"https:\/\/api.w.org\/{rel}","templated":true}]}}