{"id":70084,"date":"2026-02-01T10:39:09","date_gmt":"2026-02-01T09:39:09","guid":{"rendered":"https:\/\/ppdegalicia.com\/?p=70084"},"modified":"2026-02-02T10:43:15","modified_gmt":"2026-02-02T09:43:15","slug":"o-ppdeg-salienta-o-importante-aforro-que-supora-para-os-concellos-o-incremento-da-aportacion-da-xunta-para-o-servizo-de-axuda-no-fogar-2","status":"publish","type":"post","link":"https:\/\/ppdegalicia.com\/es\/o-ppdeg-salienta-o-importante-aforro-que-supora-para-os-concellos-o-incremento-da-aportacion-da-xunta-para-o-servizo-de-axuda-no-fogar-2\/","title":{"rendered":"O PPdeG salienta o importante aforro que supor\u00e1 para os concellos o incremento da aportaci\u00f3n da Xunta para o servizo de axuda no fogar"},"content":{"rendered":"<p>Os deputados do Grupo Popular Rub\u00e9n Lorenzo e Carmen Pomar salientaron hoxe o importante aforro que supor\u00e1 para todos os concellos o novo acordo aprobado pola Federaci\u00f3n Galega de Municipios e Provincias para o financiamento do servizo de axuda no fogar, a trav\u00e9s do que a Xunta incrementar\u00e1 un 50 por cento a s\u00faa aportaci\u00f3n ao longo da presente lexislatura. En concreto, no caso do Concello de Carballo o aforro ata 2028 mantendo o servizo actual achegarase a 1,3 mill\u00f3ns de euros.<\/p>\n<p>Rub\u00e9n Lorenzo explicou que a trav\u00e9s deste acordo a Xunta aumentar\u00e1 de forma gradual a s\u00faa aportaci\u00f3n para a prestaci\u00f3n do servizo de axuda no fogar, unha competencia municipal segundo se recolle na Lei de servizos sociais de Galicia, aprobada polo Goberno bipartito de PSdeG e BNG no ano 2008. En concreto, a Xunta comprom\u00e9tese a incrementar de 12 a 16 euros por cada hora prestada este mesmo ano, subir un euro m\u00e1is por hora para o 2027 e chegar aos 18 euros no 2028.<\/p>\n<p>No caso concreto do concello de Carballo, Lorenzo lembrou que, tomando como referencia o convenio asinado coa empresa que presta este servizo, que ten como finalidade a realizaci\u00f3n de arredor de 85.000 horas cada ano, o aforro para as arcas locais achegarase a 1,3 mill\u00f3ns de euros ao remate da presente lexislatura en 2028.<\/p>\n<p><strong>A CAR\u00d3N DOS CONCELLOS<\/strong><\/p>\n<p>Pola s\u00faa banda, Carmen Pomar asegurou que este incremento da aportaci\u00f3n realizada pola Xunta \u201cdemostra que o Goberno galego est\u00e1 ao car\u00f3n dos concellos galegos, sobre todo dos m\u00e1is pequenos, que ver\u00e1n aliviadas as s\u00faas contas municipais para a prestaci\u00f3n deste servizo tan importante\u201d. Neste sentido, destacou que este aumento \u201cfacilitar\u00e1 que m\u00e1is persoas dependentes poidan seguir vivindo con dignidade no seu propio fogar e co apoio que precisan\u201d.<\/p>\n<p>Por\u00e9n, afirmou que \u201ceste servizo poder\u00eda estar a\u00ednda mellor financiado se o Goberno de Pedro S\u00e1nchez puxera enriba da mesa o 50 por cento que lle corresponde pola Lei da dependencia, pero para desgraza dos galegos, en vez de achegarse a esa metade, cada ano reduce a s\u00faa aportaci\u00f3n, que pasou nos \u00faltimos anos do 40 ao 34 por cento\u201d. \u201cEsta situaci\u00f3n derivou en que neste momento a d\u00e9beda que o Estado ten con Galicia pola prestaci\u00f3n da dependencia se incremente d\u00eda tras d\u00eda, acheg\u00e1ndose na actualidade aos 3.000 mill\u00f3ns de euros\u201d, dixo.<\/p>\n","protected":false},"excerpt":{"rendered":"<p>Os deputados do Grupo Popular Rub\u00e9n Lorenzo e Carmen Pomar salientaron hoxe o importante aforro que supor\u00e1 para todos os concellos o novo acordo aprobado pola Federaci\u00f3n Galega de Municipios e Provincias para o financiamento do servizo de axuda no fogar, a trav\u00e9s do que a Xunta incrementar\u00e1 un 50 por cento a s\u00faa aportaci\u00f3n [&hellip;]<\/p>\n","protected":false},"author":38,"featured_media":70092,"comment_status":"closed","ping_status":"open","sticky":false,"template":"","format":"standard","meta":{"_acf_changed":false,"footnotes":""},"categories":[1128],"tags":[],"class_list":["post-70084","post","type-post","status-publish","format-standard","has-post-thumbnail","hentry","category-actualidad-parlamento-de-galicia"],"acf":[],"yoast_head":"<!-- This site is optimized with the Yoast SEO plugin v27.3 - https:\/\/yoast.com\/product\/yoast-seo-wordpress\/ -->\n<title>O PPdeG salienta o importante aforro que supor\u00e1 para os concellos o incremento da aportaci\u00f3n da Xunta para o servizo de axuda no fogar - PP de Galicia<\/title>\n<meta name=\"description\" content=\"Os deputados do Grupo Popular Rub\u00e9n Lorenzo e Carmen Pomar salientaron hoxe o importante aforro que supor\u00e1 para todos os concellos o novo acordo aprobado pola Federaci\u00f3n Galega de Municipios e Provincias para o financiamento do servizo de axuda no fogar, a trav\u00e9s do que a Xunta incrementar\u00e1 un 50 por cento a s\u00faa aportaci\u00f3n ao longo da presente lexislatura. En concreto, no caso do Concello de Carballo o aforro ata 2028 mantendo o servizo actual achegarase a 1,3 mill\u00f3ns de euros.\" \/>\n<meta name=\"robots\" content=\"index, follow, max-snippet:-1, max-image-preview:large, max-video-preview:-1\" \/>\n<link rel=\"canonical\" href=\"https:\/\/ppdegalicia.com\/es\/o-ppdeg-salienta-o-importante-aforro-que-supora-para-os-concellos-o-incremento-da-aportacion-da-xunta-para-o-servizo-de-axuda-no-fogar-2\/\" \/>\n<meta property=\"og:locale\" content=\"es_ES\" \/>\n<meta property=\"og:type\" content=\"article\" \/>\n<meta property=\"og:title\" content=\"O PPdeG salienta o importante aforro que supor\u00e1 para os concellos o incremento da aportaci\u00f3n da Xunta para o servizo de axuda no fogar - PP de Galicia\" \/>\n<meta property=\"og:description\" content=\"Os deputados do Grupo Popular Rub\u00e9n Lorenzo e Carmen Pomar salientaron hoxe o importante aforro que supor\u00e1 para todos os concellos o novo acordo aprobado pola Federaci\u00f3n Galega de Municipios e Provincias para o financiamento do servizo de axuda no fogar, a trav\u00e9s do que a Xunta incrementar\u00e1 un 50 por cento a s\u00faa aportaci\u00f3n ao longo da presente lexislatura. En concreto, no caso do Concello de Carballo o aforro ata 2028 mantendo o servizo actual achegarase a 1,3 mill\u00f3ns de euros.\" \/>\n<meta property=\"og:url\" content=\"https:\/\/ppdegalicia.com\/es\/o-ppdeg-salienta-o-importante-aforro-que-supora-para-os-concellos-o-incremento-da-aportacion-da-xunta-para-o-servizo-de-axuda-no-fogar-2\/\" \/>\n<meta property=\"og:site_name\" content=\"PP de Galicia\" \/>\n<meta property=\"article:publisher\" content=\"https:\/\/www.instagram.com\/ppdegalicia\/\" \/>\n<meta property=\"article:published_time\" content=\"2026-02-01T09:39:09+00:00\" \/>\n<meta property=\"article:modified_time\" content=\"2026-02-02T09:43:15+00:00\" \/>\n<meta property=\"og:image\" content=\"https:\/\/ppdegalicia.com\/wp-content\/uploads\/2026\/02\/Ruben-Lorenzo-e-Carmen-Pomar-en-Carballo-02-2.jpeg\" \/>\n\t<meta property=\"og:image:width\" content=\"1536\" \/>\n\t<meta property=\"og:image:height\" content=\"1153\" \/>\n\t<meta property=\"og:image:type\" content=\"image\/jpeg\" \/>\n<meta name=\"author\" content=\"ppdegaliciaredes\" \/>\n<meta name=\"twitter:card\" content=\"summary_large_image\" \/>\n<meta name=\"twitter:creator\" content=\"@ppdegalicia\" \/>\n<meta name=\"twitter:site\" content=\"@ppdegalicia\" \/>\n<meta name=\"twitter:label1\" content=\"Escrito por\" \/>\n\t<meta name=\"twitter:data1\" content=\"ppdegaliciaredes\" \/>\n\t<meta name=\"twitter:label2\" content=\"Tiempo de lectura\" \/>\n\t<meta name=\"twitter:data2\" content=\"3 minutos\" \/>\n<script type=\"application\/ld+json\" class=\"yoast-schema-graph\">{\"@context\":\"https:\\\/\\\/schema.org\",\"@graph\":[{\"@type\":\"Article\",\"@id\":\"https:\\\/\\\/ppdegalicia.com\\\/es\\\/o-ppdeg-salienta-o-importante-aforro-que-supora-para-os-concellos-o-incremento-da-aportacion-da-xunta-para-o-servizo-de-axuda-no-fogar-2\\\/#article\",\"isPartOf\":{\"@id\":\"https:\\\/\\\/ppdegalicia.com\\\/es\\\/o-ppdeg-salienta-o-importante-aforro-que-supora-para-os-concellos-o-incremento-da-aportacion-da-xunta-para-o-servizo-de-axuda-no-fogar-2\\\/\"},\"author\":{\"name\":\"ppdegaliciaredes\",\"@id\":\"https:\\\/\\\/ppdegalicia.com\\\/es\\\/#\\\/schema\\\/person\\\/5b822c6f59e872ebdd1142f307dbcb59\"},\"headline\":\"O PPdeG salienta o importante aforro que supor\u00e1 para os concellos o incremento da aportaci\u00f3n da Xunta para o servizo de axuda no fogar\",\"datePublished\":\"2026-02-01T09:39:09+00:00\",\"dateModified\":\"2026-02-02T09:43:15+00:00\",\"mainEntityOfPage\":{\"@id\":\"https:\\\/\\\/ppdegalicia.com\\\/es\\\/o-ppdeg-salienta-o-importante-aforro-que-supora-para-os-concellos-o-incremento-da-aportacion-da-xunta-para-o-servizo-de-axuda-no-fogar-2\\\/\"},\"wordCount\":433,\"publisher\":{\"@id\":\"https:\\\/\\\/ppdegalicia.com\\\/es\\\/#organization\"},\"image\":{\"@id\":\"https:\\\/\\\/ppdegalicia.com\\\/es\\\/o-ppdeg-salienta-o-importante-aforro-que-supora-para-os-concellos-o-incremento-da-aportacion-da-xunta-para-o-servizo-de-axuda-no-fogar-2\\\/#primaryimage\"},\"thumbnailUrl\":\"https:\\\/\\\/ppdegalicia.com\\\/wp-content\\\/uploads\\\/2026\\\/02\\\/Ruben-Lorenzo-e-Carmen-Pomar-en-Carballo-02-2.jpeg\",\"articleSection\":[\"Parlamento de Galicia\"],\"inLanguage\":\"es\"},{\"@type\":\"WebPage\",\"@id\":\"https:\\\/\\\/ppdegalicia.com\\\/es\\\/o-ppdeg-salienta-o-importante-aforro-que-supora-para-os-concellos-o-incremento-da-aportacion-da-xunta-para-o-servizo-de-axuda-no-fogar-2\\\/\",\"url\":\"https:\\\/\\\/ppdegalicia.com\\\/es\\\/o-ppdeg-salienta-o-importante-aforro-que-supora-para-os-concellos-o-incremento-da-aportacion-da-xunta-para-o-servizo-de-axuda-no-fogar-2\\\/\",\"name\":\"O PPdeG salienta o importante aforro que supor\u00e1 para os concellos o incremento da aportaci\u00f3n da Xunta para o servizo de axuda no fogar - PP de Galicia\",\"isPartOf\":{\"@id\":\"https:\\\/\\\/ppdegalicia.com\\\/es\\\/#website\"},\"primaryImageOfPage\":{\"@id\":\"https:\\\/\\\/ppdegalicia.com\\\/es\\\/o-ppdeg-salienta-o-importante-aforro-que-supora-para-os-concellos-o-incremento-da-aportacion-da-xunta-para-o-servizo-de-axuda-no-fogar-2\\\/#primaryimage\"},\"image\":{\"@id\":\"https:\\\/\\\/ppdegalicia.com\\\/es\\\/o-ppdeg-salienta-o-importante-aforro-que-supora-para-os-concellos-o-incremento-da-aportacion-da-xunta-para-o-servizo-de-axuda-no-fogar-2\\\/#primaryimage\"},\"thumbnailUrl\":\"https:\\\/\\\/ppdegalicia.com\\\/wp-content\\\/uploads\\\/2026\\\/02\\\/Ruben-Lorenzo-e-Carmen-Pomar-en-Carballo-02-2.jpeg\",\"datePublished\":\"2026-02-01T09:39:09+00:00\",\"dateModified\":\"2026-02-02T09:43:15+00:00\",\"description\":\"Os deputados do Grupo Popular Rub\u00e9n Lorenzo e Carmen Pomar salientaron hoxe o importante aforro que supor\u00e1 para todos os concellos o novo acordo aprobado pola Federaci\u00f3n Galega de Municipios e Provincias para o financiamento do servizo de axuda no fogar, a trav\u00e9s do que a Xunta incrementar\u00e1 un 50 por cento a s\u00faa aportaci\u00f3n ao longo da presente lexislatura. En concreto, no caso do Concello de Carballo o aforro ata 2028 mantendo o servizo actual achegarase a 1,3 mill\u00f3ns de euros.\",\"breadcrumb\":{\"@id\":\"https:\\\/\\\/ppdegalicia.com\\\/es\\\/o-ppdeg-salienta-o-importante-aforro-que-supora-para-os-concellos-o-incremento-da-aportacion-da-xunta-para-o-servizo-de-axuda-no-fogar-2\\\/#breadcrumb\"},\"inLanguage\":\"es\",\"potentialAction\":[{\"@type\":\"ReadAction\",\"target\":[\"https:\\\/\\\/ppdegalicia.com\\\/es\\\/o-ppdeg-salienta-o-importante-aforro-que-supora-para-os-concellos-o-incremento-da-aportacion-da-xunta-para-o-servizo-de-axuda-no-fogar-2\\\/\"]}]},{\"@type\":\"ImageObject\",\"inLanguage\":\"es\",\"@id\":\"https:\\\/\\\/ppdegalicia.com\\\/es\\\/o-ppdeg-salienta-o-importante-aforro-que-supora-para-os-concellos-o-incremento-da-aportacion-da-xunta-para-o-servizo-de-axuda-no-fogar-2\\\/#primaryimage\",\"url\":\"https:\\\/\\\/ppdegalicia.com\\\/wp-content\\\/uploads\\\/2026\\\/02\\\/Ruben-Lorenzo-e-Carmen-Pomar-en-Carballo-02-2.jpeg\",\"contentUrl\":\"https:\\\/\\\/ppdegalicia.com\\\/wp-content\\\/uploads\\\/2026\\\/02\\\/Ruben-Lorenzo-e-Carmen-Pomar-en-Carballo-02-2.jpeg\",\"width\":1536,\"height\":1153},{\"@type\":\"BreadcrumbList\",\"@id\":\"https:\\\/\\\/ppdegalicia.com\\\/es\\\/o-ppdeg-salienta-o-importante-aforro-que-supora-para-os-concellos-o-incremento-da-aportacion-da-xunta-para-o-servizo-de-axuda-no-fogar-2\\\/#breadcrumb\",\"itemListElement\":[{\"@type\":\"ListItem\",\"position\":1,\"name\":\"Portada\",\"item\":\"https:\\\/\\\/ppdegalicia.com\\\/es\\\/\"},{\"@type\":\"ListItem\",\"position\":2,\"name\":\"O PPdeG salienta o importante aforro que supor\u00e1 para os concellos o incremento da aportaci\u00f3n da Xunta para o servizo de axuda no fogar\"}]},{\"@type\":\"WebSite\",\"@id\":\"https:\\\/\\\/ppdegalicia.com\\\/es\\\/#website\",\"url\":\"https:\\\/\\\/ppdegalicia.com\\\/es\\\/\",\"name\":\"Partido Popular de Galicia\",\"description\":\"Partido Popular de Galicia\",\"publisher\":{\"@id\":\"https:\\\/\\\/ppdegalicia.com\\\/es\\\/#organization\"},\"alternateName\":\"PP de Galicia\",\"potentialAction\":[{\"@type\":\"SearchAction\",\"target\":{\"@type\":\"EntryPoint\",\"urlTemplate\":\"https:\\\/\\\/ppdegalicia.com\\\/es\\\/?s={search_term_string}\"},\"query-input\":{\"@type\":\"PropertyValueSpecification\",\"valueRequired\":true,\"valueName\":\"search_term_string\"}}],\"inLanguage\":\"es\"},{\"@type\":\"Organization\",\"@id\":\"https:\\\/\\\/ppdegalicia.com\\\/es\\\/#organization\",\"name\":\"Partido Popular de Galicia\",\"alternateName\":\"PP de Galicia\",\"url\":\"https:\\\/\\\/ppdegalicia.com\\\/es\\\/\",\"logo\":{\"@type\":\"ImageObject\",\"inLanguage\":\"es\",\"@id\":\"https:\\\/\\\/ppdegalicia.com\\\/es\\\/#\\\/schema\\\/logo\\\/image\\\/\",\"url\":\"https:\\\/\\\/ppdegalicia.com\\\/wp-content\\\/uploads\\\/2023\\\/04\\\/logoPP512.png\",\"contentUrl\":\"https:\\\/\\\/ppdegalicia.com\\\/wp-content\\\/uploads\\\/2023\\\/04\\\/logoPP512.png\",\"width\":512,\"height\":512,\"caption\":\"Partido Popular de Galicia\"},\"image\":{\"@id\":\"https:\\\/\\\/ppdegalicia.com\\\/es\\\/#\\\/schema\\\/logo\\\/image\\\/\"},\"sameAs\":[\"https:\\\/\\\/www.instagram.com\\\/ppdegalicia\\\/\",\"https:\\\/\\\/x.com\\\/ppdegalicia\",\"https:\\\/\\\/www.tiktok.com\\\/@ppdegalicia\",\"https:\\\/\\\/www.youtube.com\\\/user\\\/ppdegalicia\"]},{\"@type\":\"Person\",\"@id\":\"https:\\\/\\\/ppdegalicia.com\\\/es\\\/#\\\/schema\\\/person\\\/5b822c6f59e872ebdd1142f307dbcb59\",\"name\":\"ppdegaliciaredes\",\"image\":{\"@type\":\"ImageObject\",\"inLanguage\":\"es\",\"@id\":\"https:\\\/\\\/secure.gravatar.com\\\/avatar\\\/3c9179cf0256d00c72a48d1f25783c58b6842cd56e85ef3a572881c8e28ccd59?s=96&d=mm&r=g\",\"url\":\"https:\\\/\\\/secure.gravatar.com\\\/avatar\\\/3c9179cf0256d00c72a48d1f25783c58b6842cd56e85ef3a572881c8e28ccd59?s=96&d=mm&r=g\",\"contentUrl\":\"https:\\\/\\\/secure.gravatar.com\\\/avatar\\\/3c9179cf0256d00c72a48d1f25783c58b6842cd56e85ef3a572881c8e28ccd59?s=96&d=mm&r=g\",\"caption\":\"ppdegaliciaredes\"},\"url\":\"https:\\\/\\\/ppdegalicia.com\\\/es\\\/author\\\/ppdegaliciaredes\\\/\"}]}<\/script>\n<!-- \/ Yoast SEO plugin. -->","yoast_head_json":{"title":"O PPdeG salienta o importante aforro que supor\u00e1 para os concellos o incremento da aportaci\u00f3n da Xunta para o servizo de axuda no fogar - PP de Galicia","description":"Os deputados do Grupo Popular Rub\u00e9n Lorenzo e Carmen Pomar salientaron hoxe o importante aforro que supor\u00e1 para todos os concellos o novo acordo aprobado pola Federaci\u00f3n Galega de Municipios e Provincias para o financiamento do servizo de axuda no fogar, a trav\u00e9s do que a Xunta incrementar\u00e1 un 50 por cento a s\u00faa aportaci\u00f3n ao longo da presente lexislatura. En concreto, no caso do Concello de Carballo o aforro ata 2028 mantendo o servizo actual achegarase a 1,3 mill\u00f3ns de euros.","robots":{"index":"index","follow":"follow","max-snippet":"max-snippet:-1","max-image-preview":"max-image-preview:large","max-video-preview":"max-video-preview:-1"},"canonical":"https:\/\/ppdegalicia.com\/es\/o-ppdeg-salienta-o-importante-aforro-que-supora-para-os-concellos-o-incremento-da-aportacion-da-xunta-para-o-servizo-de-axuda-no-fogar-2\/","og_locale":"es_ES","og_type":"article","og_title":"O PPdeG salienta o importante aforro que supor\u00e1 para os concellos o incremento da aportaci\u00f3n da Xunta para o servizo de axuda no fogar - PP de Galicia","og_description":"Os deputados do Grupo Popular Rub\u00e9n Lorenzo e Carmen Pomar salientaron hoxe o importante aforro que supor\u00e1 para todos os concellos o novo acordo aprobado pola Federaci\u00f3n Galega de Municipios e Provincias para o financiamento do servizo de axuda no fogar, a trav\u00e9s do que a Xunta incrementar\u00e1 un 50 por cento a s\u00faa aportaci\u00f3n ao longo da presente lexislatura. En concreto, no caso do Concello de Carballo o aforro ata 2028 mantendo o servizo actual achegarase a 1,3 mill\u00f3ns de euros.","og_url":"https:\/\/ppdegalicia.com\/es\/o-ppdeg-salienta-o-importante-aforro-que-supora-para-os-concellos-o-incremento-da-aportacion-da-xunta-para-o-servizo-de-axuda-no-fogar-2\/","og_site_name":"PP de Galicia","article_publisher":"https:\/\/www.instagram.com\/ppdegalicia\/","article_published_time":"2026-02-01T09:39:09+00:00","article_modified_time":"2026-02-02T09:43:15+00:00","og_image":[{"width":1536,"height":1153,"url":"https:\/\/ppdegalicia.com\/wp-content\/uploads\/2026\/02\/Ruben-Lorenzo-e-Carmen-Pomar-en-Carballo-02-2.jpeg","type":"image\/jpeg"}],"author":"ppdegaliciaredes","twitter_card":"summary_large_image","twitter_creator":"@ppdegalicia","twitter_site":"@ppdegalicia","twitter_misc":{"Escrito por":"ppdegaliciaredes","Tiempo de lectura":"3 minutos"},"schema":{"@context":"https:\/\/schema.org","@graph":[{"@type":"Article","@id":"https:\/\/ppdegalicia.com\/es\/o-ppdeg-salienta-o-importante-aforro-que-supora-para-os-concellos-o-incremento-da-aportacion-da-xunta-para-o-servizo-de-axuda-no-fogar-2\/#article","isPartOf":{"@id":"https:\/\/ppdegalicia.com\/es\/o-ppdeg-salienta-o-importante-aforro-que-supora-para-os-concellos-o-incremento-da-aportacion-da-xunta-para-o-servizo-de-axuda-no-fogar-2\/"},"author":{"name":"ppdegaliciaredes","@id":"https:\/\/ppdegalicia.com\/es\/#\/schema\/person\/5b822c6f59e872ebdd1142f307dbcb59"},"headline":"O PPdeG salienta o importante aforro que supor\u00e1 para os concellos o incremento da aportaci\u00f3n da Xunta para o servizo de axuda no fogar","datePublished":"2026-02-01T09:39:09+00:00","dateModified":"2026-02-02T09:43:15+00:00","mainEntityOfPage":{"@id":"https:\/\/ppdegalicia.com\/es\/o-ppdeg-salienta-o-importante-aforro-que-supora-para-os-concellos-o-incremento-da-aportacion-da-xunta-para-o-servizo-de-axuda-no-fogar-2\/"},"wordCount":433,"publisher":{"@id":"https:\/\/ppdegalicia.com\/es\/#organization"},"image":{"@id":"https:\/\/ppdegalicia.com\/es\/o-ppdeg-salienta-o-importante-aforro-que-supora-para-os-concellos-o-incremento-da-aportacion-da-xunta-para-o-servizo-de-axuda-no-fogar-2\/#primaryimage"},"thumbnailUrl":"https:\/\/ppdegalicia.com\/wp-content\/uploads\/2026\/02\/Ruben-Lorenzo-e-Carmen-Pomar-en-Carballo-02-2.jpeg","articleSection":["Parlamento de Galicia"],"inLanguage":"es"},{"@type":"WebPage","@id":"https:\/\/ppdegalicia.com\/es\/o-ppdeg-salienta-o-importante-aforro-que-supora-para-os-concellos-o-incremento-da-aportacion-da-xunta-para-o-servizo-de-axuda-no-fogar-2\/","url":"https:\/\/ppdegalicia.com\/es\/o-ppdeg-salienta-o-importante-aforro-que-supora-para-os-concellos-o-incremento-da-aportacion-da-xunta-para-o-servizo-de-axuda-no-fogar-2\/","name":"O PPdeG salienta o importante aforro que supor\u00e1 para os concellos o incremento da aportaci\u00f3n da Xunta para o servizo de axuda no fogar - PP de Galicia","isPartOf":{"@id":"https:\/\/ppdegalicia.com\/es\/#website"},"primaryImageOfPage":{"@id":"https:\/\/ppdegalicia.com\/es\/o-ppdeg-salienta-o-importante-aforro-que-supora-para-os-concellos-o-incremento-da-aportacion-da-xunta-para-o-servizo-de-axuda-no-fogar-2\/#primaryimage"},"image":{"@id":"https:\/\/ppdegalicia.com\/es\/o-ppdeg-salienta-o-importante-aforro-que-supora-para-os-concellos-o-incremento-da-aportacion-da-xunta-para-o-servizo-de-axuda-no-fogar-2\/#primaryimage"},"thumbnailUrl":"https:\/\/ppdegalicia.com\/wp-content\/uploads\/2026\/02\/Ruben-Lorenzo-e-Carmen-Pomar-en-Carballo-02-2.jpeg","datePublished":"2026-02-01T09:39:09+00:00","dateModified":"2026-02-02T09:43:15+00:00","description":"Os deputados do Grupo Popular Rub\u00e9n Lorenzo e Carmen Pomar salientaron hoxe o importante aforro que supor\u00e1 para todos os concellos o novo acordo aprobado pola Federaci\u00f3n Galega de Municipios e Provincias para o financiamento do servizo de axuda no fogar, a trav\u00e9s do que a Xunta incrementar\u00e1 un 50 por cento a s\u00faa aportaci\u00f3n ao longo da presente lexislatura. En concreto, no caso do Concello de Carballo o aforro ata 2028 mantendo o servizo actual achegarase a 1,3 mill\u00f3ns de euros.","breadcrumb":{"@id":"https:\/\/ppdegalicia.com\/es\/o-ppdeg-salienta-o-importante-aforro-que-supora-para-os-concellos-o-incremento-da-aportacion-da-xunta-para-o-servizo-de-axuda-no-fogar-2\/#breadcrumb"},"inLanguage":"es","potentialAction":[{"@type":"ReadAction","target":["https:\/\/ppdegalicia.com\/es\/o-ppdeg-salienta-o-importante-aforro-que-supora-para-os-concellos-o-incremento-da-aportacion-da-xunta-para-o-servizo-de-axuda-no-fogar-2\/"]}]},{"@type":"ImageObject","inLanguage":"es","@id":"https:\/\/ppdegalicia.com\/es\/o-ppdeg-salienta-o-importante-aforro-que-supora-para-os-concellos-o-incremento-da-aportacion-da-xunta-para-o-servizo-de-axuda-no-fogar-2\/#primaryimage","url":"https:\/\/ppdegalicia.com\/wp-content\/uploads\/2026\/02\/Ruben-Lorenzo-e-Carmen-Pomar-en-Carballo-02-2.jpeg","contentUrl":"https:\/\/ppdegalicia.com\/wp-content\/uploads\/2026\/02\/Ruben-Lorenzo-e-Carmen-Pomar-en-Carballo-02-2.jpeg","width":1536,"height":1153},{"@type":"BreadcrumbList","@id":"https:\/\/ppdegalicia.com\/es\/o-ppdeg-salienta-o-importante-aforro-que-supora-para-os-concellos-o-incremento-da-aportacion-da-xunta-para-o-servizo-de-axuda-no-fogar-2\/#breadcrumb","itemListElement":[{"@type":"ListItem","position":1,"name":"Portada","item":"https:\/\/ppdegalicia.com\/es\/"},{"@type":"ListItem","position":2,"name":"O PPdeG salienta o importante aforro que supor\u00e1 para os concellos o incremento da aportaci\u00f3n da Xunta para o servizo de axuda no fogar"}]},{"@type":"WebSite","@id":"https:\/\/ppdegalicia.com\/es\/#website","url":"https:\/\/ppdegalicia.com\/es\/","name":"Partido Popular de Galicia","description":"Partido Popular de Galicia","publisher":{"@id":"https:\/\/ppdegalicia.com\/es\/#organization"},"alternateName":"PP de Galicia","potentialAction":[{"@type":"SearchAction","target":{"@type":"EntryPoint","urlTemplate":"https:\/\/ppdegalicia.com\/es\/?s={search_term_string}"},"query-input":{"@type":"PropertyValueSpecification","valueRequired":true,"valueName":"search_term_string"}}],"inLanguage":"es"},{"@type":"Organization","@id":"https:\/\/ppdegalicia.com\/es\/#organization","name":"Partido Popular de Galicia","alternateName":"PP de Galicia","url":"https:\/\/ppdegalicia.com\/es\/","logo":{"@type":"ImageObject","inLanguage":"es","@id":"https:\/\/ppdegalicia.com\/es\/#\/schema\/logo\/image\/","url":"https:\/\/ppdegalicia.com\/wp-content\/uploads\/2023\/04\/logoPP512.png","contentUrl":"https:\/\/ppdegalicia.com\/wp-content\/uploads\/2023\/04\/logoPP512.png","width":512,"height":512,"caption":"Partido Popular de Galicia"},"image":{"@id":"https:\/\/ppdegalicia.com\/es\/#\/schema\/logo\/image\/"},"sameAs":["https:\/\/www.instagram.com\/ppdegalicia\/","https:\/\/x.com\/ppdegalicia","https:\/\/www.tiktok.com\/@ppdegalicia","https:\/\/www.youtube.com\/user\/ppdegalicia"]},{"@type":"Person","@id":"https:\/\/ppdegalicia.com\/es\/#\/schema\/person\/5b822c6f59e872ebdd1142f307dbcb59","name":"ppdegaliciaredes","image":{"@type":"ImageObject","inLanguage":"es","@id":"https:\/\/secure.gravatar.com\/avatar\/3c9179cf0256d00c72a48d1f25783c58b6842cd56e85ef3a572881c8e28ccd59?s=96&d=mm&r=g","url":"https:\/\/secure.gravatar.com\/avatar\/3c9179cf0256d00c72a48d1f25783c58b6842cd56e85ef3a572881c8e28ccd59?s=96&d=mm&r=g","contentUrl":"https:\/\/secure.gravatar.com\/avatar\/3c9179cf0256d00c72a48d1f25783c58b6842cd56e85ef3a572881c8e28ccd59?s=96&d=mm&r=g","caption":"ppdegaliciaredes"},"url":"https:\/\/ppdegalicia.com\/es\/author\/ppdegaliciaredes\/"}]}},"_links":{"self":[{"href":"https:\/\/ppdegalicia.com\/es\/wp-json\/wp\/v2\/posts\/70084","targetHints":{"allow":["GET"]}}],"collection":[{"href":"https:\/\/ppdegalicia.com\/es\/wp-json\/wp\/v2\/posts"}],"about":[{"href":"https:\/\/ppdegalicia.com\/es\/wp-json\/wp\/v2\/types\/post"}],"author":[{"embeddable":true,"href":"https:\/\/ppdegalicia.com\/es\/wp-json\/wp\/v2\/users\/38"}],"replies":[{"embeddable":true,"href":"https:\/\/ppdegalicia.com\/es\/wp-json\/wp\/v2\/comments?post=70084"}],"version-history":[{"count":1,"href":"https:\/\/ppdegalicia.com\/es\/wp-json\/wp\/v2\/posts\/70084\/revisions"}],"predecessor-version":[{"id":70087,"href":"https:\/\/ppdegalicia.com\/es\/wp-json\/wp\/v2\/posts\/70084\/revisions\/70087"}],"wp:featuredmedia":[{"embeddable":true,"href":"https:\/\/ppdegalicia.com\/es\/wp-json\/wp\/v2\/media\/70092"}],"wp:attachment":[{"href":"https:\/\/ppdegalicia.com\/es\/wp-json\/wp\/v2\/media?parent=70084"}],"wp:term":[{"taxonomy":"category","embeddable":true,"href":"https:\/\/ppdegalicia.com\/es\/wp-json\/wp\/v2\/categories?post=70084"},{"taxonomy":"post_tag","embeddable":true,"href":"https:\/\/ppdegalicia.com\/es\/wp-json\/wp\/v2\/tags?post=70084"}],"curies":[{"name":"wp","href":"https:\/\/api.w.org\/{rel}","templated":true}]}}