{"id":70155,"date":"2026-02-04T18:27:35","date_gmt":"2026-02-04T17:27:35","guid":{"rendered":"https:\/\/ppdegalicia.com\/?p=70155"},"modified":"2026-02-04T18:27:50","modified_gmt":"2026-02-04T17:27:50","slug":"el-ppdeg-pone-en-valor-sus-incentivos-en-materia-de-vivienda-frente-a-los-incumplimientos-del-gobierno-de-sanchez","status":"publish","type":"post","link":"https:\/\/ppdegalicia.com\/es\/el-ppdeg-pone-en-valor-sus-incentivos-en-materia-de-vivienda-frente-a-los-incumplimientos-del-gobierno-de-sanchez\/","title":{"rendered":"El PPdeG pone en valor sus incentivos en materia de vivienda frente a los \u201cincumplimientos\u201d del Gobierno de S\u00e1nchez"},"content":{"rendered":"<p style=\"font-weight: 400;\">El PPdeG pone en valor las iniciativas en materia de vivienda que lidera Alfonso Rueda desde la Xunta de Galicia, que permitir\u00e1n poner en marcha este a\u00f1o 2.700 hogares por un importe cercano al medio mill\u00f3n de euros. As\u00ed lo record\u00f3 la titular de Vivienda en el Gobierno gallego, Mar\u00eda M. Allegue, durante un encuentro con representantes del sector de la vivienda organizado por el PP de A Coru\u00f1a.<\/p>\n<p style=\"font-weight: 400;\">La responsable del \u00e1rea de Vivienda en Galicia se refiri\u00f3 as\u00ed a las pol\u00edticas populares que permitir\u00e1n llegar a 8.000 viviendas creadas en el actual mandato y, a la vez, duplicar el parque p\u00fablico con la licitaci\u00f3n prevista para este a\u00f1o. Allegue estuvo acompa\u00f1ada por Juan Bravo, vicesecretario nacional del PP de Hacienda, Vivienda e Infraestructuras; Miguel Lorenzo, l\u00edder del PP de A Coru\u00f1a y Paula Prado, secretaria xeral del PPdeG.<\/p>\n<p style=\"font-weight: 400;\">Allegue mencion\u00f3 iniciativas previstas como la aprobaci\u00f3n del Pacto de Vivenda 2026-2030, con 2.000 millones de euros de fondos p\u00fablicos, \u201cde los que m\u00e1s de 1.630 ser\u00e1n de la Xunta\u201d, recalc\u00f3, con el fin de movilizar otros 5.000 millones de fondos privados. Adem\u00e1s, se\u00f1al\u00f3 los incentivos puestos en marcha para construir vivienda nueva y para incentivar a los propietarios a alquilar y las medidas para agilizar tr\u00e1mites.<\/p>\n<p style=\"font-weight: 400;\">Tambi\u00e9n destac\u00f3 que en la ciudad de A Coru\u00f1a, el gobierno auton\u00f3mico, con Alfonso Rueda al frente, tiene comprometidos 189 millones de euros\u00a0para la construcci\u00f3n de viviendas, as\u00ed como 65 millones de euros m\u00e1s para el desarrollo de suelo a trav\u00e9s del proyecto de inter\u00e9s auton\u00f3mico residencial de Monte Mero. Esta iniciativa permitir\u00e1 la creaci\u00f3n de m\u00e1s de 4.000 viviendas, de las que el 80% ser\u00e1n protegidas.<\/p>\n<p style=\"font-weight: 400;\"><strong><u>OBJETIVO: 250.000 VIVIENDAS EN ESPA\u00d1A<\/u><\/strong><\/p>\n<p style=\"font-weight: 400;\">Por otro lado, el vicesecretario de Hacienda, Vivienda e Infraestructuras anunci\u00f3 que el objetivo del PP ser\u00e1 construir 250.000 viviendas al a\u00f1o en Espa\u00f1a, frente a las 100.000 que construye el actual Gobierno de S\u00e1nchez.<\/p>\n<p style=\"font-weight: 400;\">Bravo critic\u00f3 al Ejecutivo central por \u201cincumplir su programa electoral contra la okupaci\u00f3n y el bloqueo sistem\u00e1tico a las propuestas de los populares. \u201cDesde que S\u00e1nchez est\u00e1 en el Gobierno, el precio de compra ha subido m\u00e1s de un 50% y el de alquiler un 40%\u201d, destac\u00f3.<\/p>\n<p style=\"font-weight: 400;\">Bravo subray\u00f3 tambi\u00e9n que \u201cEspa\u00f1a necesita que se construyan viviendas, como est\u00e1n haciendo nuestras comunidades\u201d, por lo que el Plan de Vivienda de Feij\u00f3o tendr\u00e1 como reto construir un mill\u00f3n de viviendas en una legislatura mediante tres pilares: construir m\u00e1s casas, dar seguridad jur\u00eddica y ofrecer facilidades a los espa\u00f1oles para que puedan tener un hogar.<\/p>\n<p style=\"font-weight: 400;\">Por \u00faltimo, Miguel Lorenzo se refiri\u00f3 a la situaci\u00f3n concreta de A Coru\u00f1a y se comprometi\u00f3 a derogar la declaraci\u00f3n de zona tensionada \u201cen el minuto uno si soy alcalde\u201d, con el fin de aumentar el parque de viviendas de alquiler. Tambi\u00e9n mencion\u00f3 el apoyo a medidas como poner a disposici\u00f3n todo el suelo municipal posible para construir viviendas, agilizar las licencias municipales y que se pueda hacer un seguimiento online de su tramitaci\u00f3n, ayudas para que la compra o el alquiler sea asequible, incrementar las subvenciones para rehabilitar y ejecutarlas o un plan municipal de incentivos para viviendas vac\u00edas.<\/p>\n<p style=\"font-weight: 400;\">\u201cHay otra forma de gobernar para ayudar a las personas a desarrollar sus proyectos vitales en una vivienda digna y asequible. Necesitamos hacer de A Coru\u00f1a una ciudad en la que nuestros j\u00f3venes se queden y debemos ser una ciudad en la que las familias trabajadoras puedan asumir una renta de una vivienda digna y asequible\u201d, se\u00f1al\u00f3 el l\u00edder del PP de A Coru\u00f1a.<\/p>\n","protected":false},"excerpt":{"rendered":"<p>El PPdeG pone en valor las iniciativas en materia de vivienda que lidera Alfonso Rueda desde la Xunta de Galicia, que permitir\u00e1n poner en marcha este a\u00f1o 2.700 hogares por un importe cercano al medio mill\u00f3n de euros. As\u00ed lo record\u00f3 la titular de Vivienda en el Gobierno gallego, Mar\u00eda M. Allegue, durante un encuentro [&hellip;]<\/p>\n","protected":false},"author":38,"featured_media":70156,"comment_status":"closed","ping_status":"open","sticky":false,"template":"","format":"standard","meta":{"_acf_changed":false,"footnotes":""},"categories":[2398],"tags":[],"class_list":["post-70155","post","type-post","status-publish","format-standard","has-post-thumbnail","hentry","category-pp-de-galicia-es"],"acf":[],"yoast_head":"<!-- This site is optimized with the Yoast SEO plugin v27.3 - https:\/\/yoast.com\/product\/yoast-seo-wordpress\/ -->\n<title>El PPdeG pone en valor sus incentivos en materia de vivienda frente a los \u201cincumplimientos\u201d del Gobierno de S\u00e1nchez - PP de Galicia<\/title>\n<meta name=\"description\" content=\"El PPdeG pone en valor las iniciativas en materia de vivienda que lidera Alfonso Rueda desde la Xunta de Galicia, que permitir\u00e1n poner en marcha este a\u00f1o 2.700 hogares por un importe cercano al medio mill\u00f3n de euros. As\u00ed lo record\u00f3 la titular de Vivienda en el Gobierno gallego, Mar\u00eda M. Allegue, durante un encuentro con representantes del sector de la vivienda organizado por el PP de A Coru\u00f1a.\" \/>\n<meta name=\"robots\" content=\"index, follow, max-snippet:-1, max-image-preview:large, max-video-preview:-1\" \/>\n<link rel=\"canonical\" href=\"https:\/\/ppdegalicia.com\/es\/el-ppdeg-pone-en-valor-sus-incentivos-en-materia-de-vivienda-frente-a-los-incumplimientos-del-gobierno-de-sanchez\/\" \/>\n<meta property=\"og:locale\" content=\"es_ES\" \/>\n<meta property=\"og:type\" content=\"article\" \/>\n<meta property=\"og:title\" content=\"El PPdeG pone en valor sus incentivos en materia de vivienda frente a los \u201cincumplimientos\u201d del Gobierno de S\u00e1nchez - PP de Galicia\" \/>\n<meta property=\"og:description\" content=\"El PPdeG pone en valor las iniciativas en materia de vivienda que lidera Alfonso Rueda desde la Xunta de Galicia, que permitir\u00e1n poner en marcha este a\u00f1o 2.700 hogares por un importe cercano al medio mill\u00f3n de euros. As\u00ed lo record\u00f3 la titular de Vivienda en el Gobierno gallego, Mar\u00eda M. Allegue, durante un encuentro con representantes del sector de la vivienda organizado por el PP de A Coru\u00f1a.\" \/>\n<meta property=\"og:url\" content=\"https:\/\/ppdegalicia.com\/es\/el-ppdeg-pone-en-valor-sus-incentivos-en-materia-de-vivienda-frente-a-los-incumplimientos-del-gobierno-de-sanchez\/\" \/>\n<meta property=\"og:site_name\" content=\"PP de Galicia\" \/>\n<meta property=\"article:publisher\" content=\"https:\/\/www.instagram.com\/ppdegalicia\/\" \/>\n<meta property=\"article:published_time\" content=\"2026-02-04T17:27:35+00:00\" \/>\n<meta property=\"article:modified_time\" content=\"2026-02-04T17:27:50+00:00\" \/>\n<meta property=\"og:image\" content=\"https:\/\/ppdegalicia.com\/wp-content\/uploads\/2026\/02\/20260204_Almorzo_Vivenda_Coruna_1.jpg-scaled.jpeg\" \/>\n\t<meta property=\"og:image:width\" content=\"2560\" \/>\n\t<meta property=\"og:image:height\" content=\"1707\" \/>\n\t<meta property=\"og:image:type\" content=\"image\/jpeg\" \/>\n<meta name=\"author\" content=\"ppdegaliciaredes\" \/>\n<meta name=\"twitter:card\" content=\"summary_large_image\" \/>\n<meta name=\"twitter:creator\" content=\"@ppdegalicia\" \/>\n<meta name=\"twitter:site\" content=\"@ppdegalicia\" \/>\n<meta name=\"twitter:label1\" content=\"Escrito por\" \/>\n\t<meta name=\"twitter:data1\" content=\"ppdegaliciaredes\" \/>\n\t<meta name=\"twitter:label2\" content=\"Tiempo de lectura\" \/>\n\t<meta name=\"twitter:data2\" content=\"4 minutos\" \/>\n<script type=\"application\/ld+json\" class=\"yoast-schema-graph\">{\"@context\":\"https:\\\/\\\/schema.org\",\"@graph\":[{\"@type\":\"Article\",\"@id\":\"https:\\\/\\\/ppdegalicia.com\\\/es\\\/el-ppdeg-pone-en-valor-sus-incentivos-en-materia-de-vivienda-frente-a-los-incumplimientos-del-gobierno-de-sanchez\\\/#article\",\"isPartOf\":{\"@id\":\"https:\\\/\\\/ppdegalicia.com\\\/es\\\/el-ppdeg-pone-en-valor-sus-incentivos-en-materia-de-vivienda-frente-a-los-incumplimientos-del-gobierno-de-sanchez\\\/\"},\"author\":{\"name\":\"ppdegaliciaredes\",\"@id\":\"https:\\\/\\\/ppdegalicia.com\\\/es\\\/#\\\/schema\\\/person\\\/5b822c6f59e872ebdd1142f307dbcb59\"},\"headline\":\"El PPdeG pone en valor sus incentivos en materia de vivienda frente a los \u201cincumplimientos\u201d del Gobierno de S\u00e1nchez\",\"datePublished\":\"2026-02-04T17:27:35+00:00\",\"dateModified\":\"2026-02-04T17:27:50+00:00\",\"mainEntityOfPage\":{\"@id\":\"https:\\\/\\\/ppdegalicia.com\\\/es\\\/el-ppdeg-pone-en-valor-sus-incentivos-en-materia-de-vivienda-frente-a-los-incumplimientos-del-gobierno-de-sanchez\\\/\"},\"wordCount\":647,\"publisher\":{\"@id\":\"https:\\\/\\\/ppdegalicia.com\\\/es\\\/#organization\"},\"image\":{\"@id\":\"https:\\\/\\\/ppdegalicia.com\\\/es\\\/el-ppdeg-pone-en-valor-sus-incentivos-en-materia-de-vivienda-frente-a-los-incumplimientos-del-gobierno-de-sanchez\\\/#primaryimage\"},\"thumbnailUrl\":\"https:\\\/\\\/ppdegalicia.com\\\/wp-content\\\/uploads\\\/2026\\\/02\\\/20260204_Almorzo_Vivenda_Coruna_1.jpg-scaled.jpeg\",\"articleSection\":[\"PP de Galicia\"],\"inLanguage\":\"es\"},{\"@type\":\"WebPage\",\"@id\":\"https:\\\/\\\/ppdegalicia.com\\\/es\\\/el-ppdeg-pone-en-valor-sus-incentivos-en-materia-de-vivienda-frente-a-los-incumplimientos-del-gobierno-de-sanchez\\\/\",\"url\":\"https:\\\/\\\/ppdegalicia.com\\\/es\\\/el-ppdeg-pone-en-valor-sus-incentivos-en-materia-de-vivienda-frente-a-los-incumplimientos-del-gobierno-de-sanchez\\\/\",\"name\":\"El PPdeG pone en valor sus incentivos en materia de vivienda frente a los \u201cincumplimientos\u201d del Gobierno de S\u00e1nchez - PP de Galicia\",\"isPartOf\":{\"@id\":\"https:\\\/\\\/ppdegalicia.com\\\/es\\\/#website\"},\"primaryImageOfPage\":{\"@id\":\"https:\\\/\\\/ppdegalicia.com\\\/es\\\/el-ppdeg-pone-en-valor-sus-incentivos-en-materia-de-vivienda-frente-a-los-incumplimientos-del-gobierno-de-sanchez\\\/#primaryimage\"},\"image\":{\"@id\":\"https:\\\/\\\/ppdegalicia.com\\\/es\\\/el-ppdeg-pone-en-valor-sus-incentivos-en-materia-de-vivienda-frente-a-los-incumplimientos-del-gobierno-de-sanchez\\\/#primaryimage\"},\"thumbnailUrl\":\"https:\\\/\\\/ppdegalicia.com\\\/wp-content\\\/uploads\\\/2026\\\/02\\\/20260204_Almorzo_Vivenda_Coruna_1.jpg-scaled.jpeg\",\"datePublished\":\"2026-02-04T17:27:35+00:00\",\"dateModified\":\"2026-02-04T17:27:50+00:00\",\"description\":\"El PPdeG pone en valor las iniciativas en materia de vivienda que lidera Alfonso Rueda desde la Xunta de Galicia, que permitir\u00e1n poner en marcha este a\u00f1o 2.700 hogares por un importe cercano al medio mill\u00f3n de euros. As\u00ed lo record\u00f3 la titular de Vivienda en el Gobierno gallego, Mar\u00eda M. Allegue, durante un encuentro con representantes del sector de la vivienda organizado por el PP de A Coru\u00f1a.\",\"breadcrumb\":{\"@id\":\"https:\\\/\\\/ppdegalicia.com\\\/es\\\/el-ppdeg-pone-en-valor-sus-incentivos-en-materia-de-vivienda-frente-a-los-incumplimientos-del-gobierno-de-sanchez\\\/#breadcrumb\"},\"inLanguage\":\"es\",\"potentialAction\":[{\"@type\":\"ReadAction\",\"target\":[\"https:\\\/\\\/ppdegalicia.com\\\/es\\\/el-ppdeg-pone-en-valor-sus-incentivos-en-materia-de-vivienda-frente-a-los-incumplimientos-del-gobierno-de-sanchez\\\/\"]}]},{\"@type\":\"ImageObject\",\"inLanguage\":\"es\",\"@id\":\"https:\\\/\\\/ppdegalicia.com\\\/es\\\/el-ppdeg-pone-en-valor-sus-incentivos-en-materia-de-vivienda-frente-a-los-incumplimientos-del-gobierno-de-sanchez\\\/#primaryimage\",\"url\":\"https:\\\/\\\/ppdegalicia.com\\\/wp-content\\\/uploads\\\/2026\\\/02\\\/20260204_Almorzo_Vivenda_Coruna_1.jpg-scaled.jpeg\",\"contentUrl\":\"https:\\\/\\\/ppdegalicia.com\\\/wp-content\\\/uploads\\\/2026\\\/02\\\/20260204_Almorzo_Vivenda_Coruna_1.jpg-scaled.jpeg\",\"width\":2560,\"height\":1707},{\"@type\":\"BreadcrumbList\",\"@id\":\"https:\\\/\\\/ppdegalicia.com\\\/es\\\/el-ppdeg-pone-en-valor-sus-incentivos-en-materia-de-vivienda-frente-a-los-incumplimientos-del-gobierno-de-sanchez\\\/#breadcrumb\",\"itemListElement\":[{\"@type\":\"ListItem\",\"position\":1,\"name\":\"Portada\",\"item\":\"https:\\\/\\\/ppdegalicia.com\\\/es\\\/\"},{\"@type\":\"ListItem\",\"position\":2,\"name\":\"El PPdeG pone en valor sus incentivos en materia de vivienda frente a los \u201cincumplimientos\u201d del Gobierno de S\u00e1nchez\"}]},{\"@type\":\"WebSite\",\"@id\":\"https:\\\/\\\/ppdegalicia.com\\\/es\\\/#website\",\"url\":\"https:\\\/\\\/ppdegalicia.com\\\/es\\\/\",\"name\":\"Partido Popular de Galicia\",\"description\":\"Partido Popular de Galicia\",\"publisher\":{\"@id\":\"https:\\\/\\\/ppdegalicia.com\\\/es\\\/#organization\"},\"alternateName\":\"PP de Galicia\",\"potentialAction\":[{\"@type\":\"SearchAction\",\"target\":{\"@type\":\"EntryPoint\",\"urlTemplate\":\"https:\\\/\\\/ppdegalicia.com\\\/es\\\/?s={search_term_string}\"},\"query-input\":{\"@type\":\"PropertyValueSpecification\",\"valueRequired\":true,\"valueName\":\"search_term_string\"}}],\"inLanguage\":\"es\"},{\"@type\":\"Organization\",\"@id\":\"https:\\\/\\\/ppdegalicia.com\\\/es\\\/#organization\",\"name\":\"Partido Popular de Galicia\",\"alternateName\":\"PP de Galicia\",\"url\":\"https:\\\/\\\/ppdegalicia.com\\\/es\\\/\",\"logo\":{\"@type\":\"ImageObject\",\"inLanguage\":\"es\",\"@id\":\"https:\\\/\\\/ppdegalicia.com\\\/es\\\/#\\\/schema\\\/logo\\\/image\\\/\",\"url\":\"https:\\\/\\\/ppdegalicia.com\\\/wp-content\\\/uploads\\\/2023\\\/04\\\/logoPP512.png\",\"contentUrl\":\"https:\\\/\\\/ppdegalicia.com\\\/wp-content\\\/uploads\\\/2023\\\/04\\\/logoPP512.png\",\"width\":512,\"height\":512,\"caption\":\"Partido Popular de Galicia\"},\"image\":{\"@id\":\"https:\\\/\\\/ppdegalicia.com\\\/es\\\/#\\\/schema\\\/logo\\\/image\\\/\"},\"sameAs\":[\"https:\\\/\\\/www.instagram.com\\\/ppdegalicia\\\/\",\"https:\\\/\\\/x.com\\\/ppdegalicia\",\"https:\\\/\\\/www.tiktok.com\\\/@ppdegalicia\",\"https:\\\/\\\/www.youtube.com\\\/user\\\/ppdegalicia\"]},{\"@type\":\"Person\",\"@id\":\"https:\\\/\\\/ppdegalicia.com\\\/es\\\/#\\\/schema\\\/person\\\/5b822c6f59e872ebdd1142f307dbcb59\",\"name\":\"ppdegaliciaredes\",\"image\":{\"@type\":\"ImageObject\",\"inLanguage\":\"es\",\"@id\":\"https:\\\/\\\/secure.gravatar.com\\\/avatar\\\/3c9179cf0256d00c72a48d1f25783c58b6842cd56e85ef3a572881c8e28ccd59?s=96&d=mm&r=g\",\"url\":\"https:\\\/\\\/secure.gravatar.com\\\/avatar\\\/3c9179cf0256d00c72a48d1f25783c58b6842cd56e85ef3a572881c8e28ccd59?s=96&d=mm&r=g\",\"contentUrl\":\"https:\\\/\\\/secure.gravatar.com\\\/avatar\\\/3c9179cf0256d00c72a48d1f25783c58b6842cd56e85ef3a572881c8e28ccd59?s=96&d=mm&r=g\",\"caption\":\"ppdegaliciaredes\"},\"url\":\"https:\\\/\\\/ppdegalicia.com\\\/es\\\/author\\\/ppdegaliciaredes\\\/\"}]}<\/script>\n<!-- \/ Yoast SEO plugin. -->","yoast_head_json":{"title":"El PPdeG pone en valor sus incentivos en materia de vivienda frente a los \u201cincumplimientos\u201d del Gobierno de S\u00e1nchez - PP de Galicia","description":"El PPdeG pone en valor las iniciativas en materia de vivienda que lidera Alfonso Rueda desde la Xunta de Galicia, que permitir\u00e1n poner en marcha este a\u00f1o 2.700 hogares por un importe cercano al medio mill\u00f3n de euros. As\u00ed lo record\u00f3 la titular de Vivienda en el Gobierno gallego, Mar\u00eda M. Allegue, durante un encuentro con representantes del sector de la vivienda organizado por el PP de A Coru\u00f1a.","robots":{"index":"index","follow":"follow","max-snippet":"max-snippet:-1","max-image-preview":"max-image-preview:large","max-video-preview":"max-video-preview:-1"},"canonical":"https:\/\/ppdegalicia.com\/es\/el-ppdeg-pone-en-valor-sus-incentivos-en-materia-de-vivienda-frente-a-los-incumplimientos-del-gobierno-de-sanchez\/","og_locale":"es_ES","og_type":"article","og_title":"El PPdeG pone en valor sus incentivos en materia de vivienda frente a los \u201cincumplimientos\u201d del Gobierno de S\u00e1nchez - PP de Galicia","og_description":"El PPdeG pone en valor las iniciativas en materia de vivienda que lidera Alfonso Rueda desde la Xunta de Galicia, que permitir\u00e1n poner en marcha este a\u00f1o 2.700 hogares por un importe cercano al medio mill\u00f3n de euros. As\u00ed lo record\u00f3 la titular de Vivienda en el Gobierno gallego, Mar\u00eda M. Allegue, durante un encuentro con representantes del sector de la vivienda organizado por el PP de A Coru\u00f1a.","og_url":"https:\/\/ppdegalicia.com\/es\/el-ppdeg-pone-en-valor-sus-incentivos-en-materia-de-vivienda-frente-a-los-incumplimientos-del-gobierno-de-sanchez\/","og_site_name":"PP de Galicia","article_publisher":"https:\/\/www.instagram.com\/ppdegalicia\/","article_published_time":"2026-02-04T17:27:35+00:00","article_modified_time":"2026-02-04T17:27:50+00:00","og_image":[{"width":2560,"height":1707,"url":"https:\/\/ppdegalicia.com\/wp-content\/uploads\/2026\/02\/20260204_Almorzo_Vivenda_Coruna_1.jpg-scaled.jpeg","type":"image\/jpeg"}],"author":"ppdegaliciaredes","twitter_card":"summary_large_image","twitter_creator":"@ppdegalicia","twitter_site":"@ppdegalicia","twitter_misc":{"Escrito por":"ppdegaliciaredes","Tiempo de lectura":"4 minutos"},"schema":{"@context":"https:\/\/schema.org","@graph":[{"@type":"Article","@id":"https:\/\/ppdegalicia.com\/es\/el-ppdeg-pone-en-valor-sus-incentivos-en-materia-de-vivienda-frente-a-los-incumplimientos-del-gobierno-de-sanchez\/#article","isPartOf":{"@id":"https:\/\/ppdegalicia.com\/es\/el-ppdeg-pone-en-valor-sus-incentivos-en-materia-de-vivienda-frente-a-los-incumplimientos-del-gobierno-de-sanchez\/"},"author":{"name":"ppdegaliciaredes","@id":"https:\/\/ppdegalicia.com\/es\/#\/schema\/person\/5b822c6f59e872ebdd1142f307dbcb59"},"headline":"El PPdeG pone en valor sus incentivos en materia de vivienda frente a los \u201cincumplimientos\u201d del Gobierno de S\u00e1nchez","datePublished":"2026-02-04T17:27:35+00:00","dateModified":"2026-02-04T17:27:50+00:00","mainEntityOfPage":{"@id":"https:\/\/ppdegalicia.com\/es\/el-ppdeg-pone-en-valor-sus-incentivos-en-materia-de-vivienda-frente-a-los-incumplimientos-del-gobierno-de-sanchez\/"},"wordCount":647,"publisher":{"@id":"https:\/\/ppdegalicia.com\/es\/#organization"},"image":{"@id":"https:\/\/ppdegalicia.com\/es\/el-ppdeg-pone-en-valor-sus-incentivos-en-materia-de-vivienda-frente-a-los-incumplimientos-del-gobierno-de-sanchez\/#primaryimage"},"thumbnailUrl":"https:\/\/ppdegalicia.com\/wp-content\/uploads\/2026\/02\/20260204_Almorzo_Vivenda_Coruna_1.jpg-scaled.jpeg","articleSection":["PP de Galicia"],"inLanguage":"es"},{"@type":"WebPage","@id":"https:\/\/ppdegalicia.com\/es\/el-ppdeg-pone-en-valor-sus-incentivos-en-materia-de-vivienda-frente-a-los-incumplimientos-del-gobierno-de-sanchez\/","url":"https:\/\/ppdegalicia.com\/es\/el-ppdeg-pone-en-valor-sus-incentivos-en-materia-de-vivienda-frente-a-los-incumplimientos-del-gobierno-de-sanchez\/","name":"El PPdeG pone en valor sus incentivos en materia de vivienda frente a los \u201cincumplimientos\u201d del Gobierno de S\u00e1nchez - PP de Galicia","isPartOf":{"@id":"https:\/\/ppdegalicia.com\/es\/#website"},"primaryImageOfPage":{"@id":"https:\/\/ppdegalicia.com\/es\/el-ppdeg-pone-en-valor-sus-incentivos-en-materia-de-vivienda-frente-a-los-incumplimientos-del-gobierno-de-sanchez\/#primaryimage"},"image":{"@id":"https:\/\/ppdegalicia.com\/es\/el-ppdeg-pone-en-valor-sus-incentivos-en-materia-de-vivienda-frente-a-los-incumplimientos-del-gobierno-de-sanchez\/#primaryimage"},"thumbnailUrl":"https:\/\/ppdegalicia.com\/wp-content\/uploads\/2026\/02\/20260204_Almorzo_Vivenda_Coruna_1.jpg-scaled.jpeg","datePublished":"2026-02-04T17:27:35+00:00","dateModified":"2026-02-04T17:27:50+00:00","description":"El PPdeG pone en valor las iniciativas en materia de vivienda que lidera Alfonso Rueda desde la Xunta de Galicia, que permitir\u00e1n poner en marcha este a\u00f1o 2.700 hogares por un importe cercano al medio mill\u00f3n de euros. As\u00ed lo record\u00f3 la titular de Vivienda en el Gobierno gallego, Mar\u00eda M. Allegue, durante un encuentro con representantes del sector de la vivienda organizado por el PP de A Coru\u00f1a.","breadcrumb":{"@id":"https:\/\/ppdegalicia.com\/es\/el-ppdeg-pone-en-valor-sus-incentivos-en-materia-de-vivienda-frente-a-los-incumplimientos-del-gobierno-de-sanchez\/#breadcrumb"},"inLanguage":"es","potentialAction":[{"@type":"ReadAction","target":["https:\/\/ppdegalicia.com\/es\/el-ppdeg-pone-en-valor-sus-incentivos-en-materia-de-vivienda-frente-a-los-incumplimientos-del-gobierno-de-sanchez\/"]}]},{"@type":"ImageObject","inLanguage":"es","@id":"https:\/\/ppdegalicia.com\/es\/el-ppdeg-pone-en-valor-sus-incentivos-en-materia-de-vivienda-frente-a-los-incumplimientos-del-gobierno-de-sanchez\/#primaryimage","url":"https:\/\/ppdegalicia.com\/wp-content\/uploads\/2026\/02\/20260204_Almorzo_Vivenda_Coruna_1.jpg-scaled.jpeg","contentUrl":"https:\/\/ppdegalicia.com\/wp-content\/uploads\/2026\/02\/20260204_Almorzo_Vivenda_Coruna_1.jpg-scaled.jpeg","width":2560,"height":1707},{"@type":"BreadcrumbList","@id":"https:\/\/ppdegalicia.com\/es\/el-ppdeg-pone-en-valor-sus-incentivos-en-materia-de-vivienda-frente-a-los-incumplimientos-del-gobierno-de-sanchez\/#breadcrumb","itemListElement":[{"@type":"ListItem","position":1,"name":"Portada","item":"https:\/\/ppdegalicia.com\/es\/"},{"@type":"ListItem","position":2,"name":"El PPdeG pone en valor sus incentivos en materia de vivienda frente a los \u201cincumplimientos\u201d del Gobierno de S\u00e1nchez"}]},{"@type":"WebSite","@id":"https:\/\/ppdegalicia.com\/es\/#website","url":"https:\/\/ppdegalicia.com\/es\/","name":"Partido Popular de Galicia","description":"Partido Popular de Galicia","publisher":{"@id":"https:\/\/ppdegalicia.com\/es\/#organization"},"alternateName":"PP de Galicia","potentialAction":[{"@type":"SearchAction","target":{"@type":"EntryPoint","urlTemplate":"https:\/\/ppdegalicia.com\/es\/?s={search_term_string}"},"query-input":{"@type":"PropertyValueSpecification","valueRequired":true,"valueName":"search_term_string"}}],"inLanguage":"es"},{"@type":"Organization","@id":"https:\/\/ppdegalicia.com\/es\/#organization","name":"Partido Popular de Galicia","alternateName":"PP de Galicia","url":"https:\/\/ppdegalicia.com\/es\/","logo":{"@type":"ImageObject","inLanguage":"es","@id":"https:\/\/ppdegalicia.com\/es\/#\/schema\/logo\/image\/","url":"https:\/\/ppdegalicia.com\/wp-content\/uploads\/2023\/04\/logoPP512.png","contentUrl":"https:\/\/ppdegalicia.com\/wp-content\/uploads\/2023\/04\/logoPP512.png","width":512,"height":512,"caption":"Partido Popular de Galicia"},"image":{"@id":"https:\/\/ppdegalicia.com\/es\/#\/schema\/logo\/image\/"},"sameAs":["https:\/\/www.instagram.com\/ppdegalicia\/","https:\/\/x.com\/ppdegalicia","https:\/\/www.tiktok.com\/@ppdegalicia","https:\/\/www.youtube.com\/user\/ppdegalicia"]},{"@type":"Person","@id":"https:\/\/ppdegalicia.com\/es\/#\/schema\/person\/5b822c6f59e872ebdd1142f307dbcb59","name":"ppdegaliciaredes","image":{"@type":"ImageObject","inLanguage":"es","@id":"https:\/\/secure.gravatar.com\/avatar\/3c9179cf0256d00c72a48d1f25783c58b6842cd56e85ef3a572881c8e28ccd59?s=96&d=mm&r=g","url":"https:\/\/secure.gravatar.com\/avatar\/3c9179cf0256d00c72a48d1f25783c58b6842cd56e85ef3a572881c8e28ccd59?s=96&d=mm&r=g","contentUrl":"https:\/\/secure.gravatar.com\/avatar\/3c9179cf0256d00c72a48d1f25783c58b6842cd56e85ef3a572881c8e28ccd59?s=96&d=mm&r=g","caption":"ppdegaliciaredes"},"url":"https:\/\/ppdegalicia.com\/es\/author\/ppdegaliciaredes\/"}]}},"_links":{"self":[{"href":"https:\/\/ppdegalicia.com\/es\/wp-json\/wp\/v2\/posts\/70155","targetHints":{"allow":["GET"]}}],"collection":[{"href":"https:\/\/ppdegalicia.com\/es\/wp-json\/wp\/v2\/posts"}],"about":[{"href":"https:\/\/ppdegalicia.com\/es\/wp-json\/wp\/v2\/types\/post"}],"author":[{"embeddable":true,"href":"https:\/\/ppdegalicia.com\/es\/wp-json\/wp\/v2\/users\/38"}],"replies":[{"embeddable":true,"href":"https:\/\/ppdegalicia.com\/es\/wp-json\/wp\/v2\/comments?post=70155"}],"version-history":[{"count":1,"href":"https:\/\/ppdegalicia.com\/es\/wp-json\/wp\/v2\/posts\/70155\/revisions"}],"predecessor-version":[{"id":70158,"href":"https:\/\/ppdegalicia.com\/es\/wp-json\/wp\/v2\/posts\/70155\/revisions\/70158"}],"wp:featuredmedia":[{"embeddable":true,"href":"https:\/\/ppdegalicia.com\/es\/wp-json\/wp\/v2\/media\/70156"}],"wp:attachment":[{"href":"https:\/\/ppdegalicia.com\/es\/wp-json\/wp\/v2\/media?parent=70155"}],"wp:term":[{"taxonomy":"category","embeddable":true,"href":"https:\/\/ppdegalicia.com\/es\/wp-json\/wp\/v2\/categories?post=70155"},{"taxonomy":"post_tag","embeddable":true,"href":"https:\/\/ppdegalicia.com\/es\/wp-json\/wp\/v2\/tags?post=70155"}],"curies":[{"name":"wp","href":"https:\/\/api.w.org\/{rel}","templated":true}]}}