{"id":70529,"date":"2026-03-05T09:36:23","date_gmt":"2026-03-05T08:36:23","guid":{"rendered":"https:\/\/ppdegalicia.com\/?p=70529"},"modified":"2026-03-06T09:41:06","modified_gmt":"2026-03-06T08:41:06","slug":"o-ppdeg-urxe-ao-goberno-a-que-confirme-o-arquivo-do-actual-proxecto-da-variante-de-caldas-e-inicie-a-redaccion-dun-novo-consensuado-coa-vecinanza","status":"publish","type":"post","link":"https:\/\/ppdegalicia.com\/es\/o-ppdeg-urxe-ao-goberno-a-que-confirme-o-arquivo-do-actual-proxecto-da-variante-de-caldas-e-inicie-a-redaccion-dun-novo-consensuado-coa-vecinanza\/","title":{"rendered":"O PPdeG urxe ao Goberno a que confirme o arquivo do actual proxecto da variante de Caldas e inicie a redacci\u00f3n dun novo consensuado coa veci\u00f1anza"},"content":{"rendered":"<p>O portavoz do Grupo Popular no Parlamento, Alberto Pazos, urxiu, hoxe, ao Goberno central a que anule de xeito inmediato o actual proxecto da variante oeste de Caldas de Reis e inicie a redacci\u00f3n dun novo que incl\u00faa as demandas da veci\u00f1anza e contemple as necesidades dos municipios afectados.<\/p>\n<p>Acompa\u00f1ado do portavoz municipal, Fernando P\u00e9rez, Alberto Pazos mantivo unha xuntanza cos veci\u00f1os de Godos, unha das parroquias de Caldas m\u00e1is afectadas polo impacto desta variante, para informarlles da proposici\u00f3n non de lei que o PPdeG levar\u00e1 ao vindeiro pleno do Parlamento sobre o dese\u00f1o desta infraestrutura. Unha iniciativa que, tal e como explicou, impulsou o voceiro local e que se fai eco das demandas e o sentir maioritario dos veci\u00f1os.<\/p>\n<p>Alberto Pazos, tras referirse ao anuncio feito, onte, polo secretario xeral do PSdeG da cancelaci\u00f3n da variante, dixo que agarda a que sexa o delegado do Goberno de Galicia ou alg\u00fan representante do Executivo central a que confirme esta nova, xa que \u201cBesteiro non ten potestade ningunha para facelo\u201d. Neste punto, amosou a s\u00faa estra\u00f1eza pola repentina preocupaci\u00f3n do representante socialista con respecto a esta infraestrutura, xa que foi \u00e1s poucas horas de que se inclu\u00edse na orde do d\u00eda do pleno a iniciativa do PPdeG cando \u201canunciaba o arquivo desta obra\u201d. \u201cParecer\u00edanos unha magn\u00edfica noticia \u2013engadiu-, sobre todo se \u00e9 verdade\u201d.<\/p>\n<p>Para o voceiro do PPdeG, a palabra de Besteiro \u201cmerece pouco respecto\u201d, dados os precedentes: \u201c\u00c9 a mesma persoa que anunciou a gratuidade da AP-9. E seguimos pagando por usar esa v\u00eda\u201d. De a\u00ed que o PPdeG mante\u00f1a a iniciativa para o seu debate no pleno da pr\u00f3xima semana.<\/p>\n<p>As\u00ed, considerou que o Goberno central debe iniciar con urxencia a redacci\u00f3n dun novo estudo informativo, que conte\u00f1a alternativas de trazado adaptadas aos acordos plenarios acadados por unanimidade nos plenos dos concellos de Caldas de Reis e Portas.<\/p>\n<p><strong>O PPDEG, O \u00daNICO QUE DEFENDE OS INTERESES DE CALDAS<\/strong><br \/>\nSegundo Alberto Pazos, de confirmarse a cancelaci\u00f3n do actual proxecto, lesivo para a comarca do Umia, o \u00e9xito ser\u00e1 da veci\u00f1anza de Caldas de Reis, de quen destacou o traballo que v\u00e9n realizando desde hai meses para que se te\u00f1an en conta as s\u00faas demandas. Nesta mesma li\u00f1a, fixo fincap\u00e9 en que o \u00fanico partido que est\u00e1 a defender os intereses do municipio \u00e9 o PPdeG, e aproveitou para destacar o compromiso do voceiro municipal, quen tomou o liderado desta cuesti\u00f3n e sempre estivo ao car\u00f3n dos seus veci\u00f1os.<\/p>\n","protected":false},"excerpt":{"rendered":"<p>O portavoz do Grupo Popular no Parlamento, Alberto Pazos, urxiu, hoxe, ao Goberno central a que anule de xeito inmediato o actual proxecto da variante oeste de Caldas de Reis e inicie a redacci\u00f3n dun novo que incl\u00faa as demandas da veci\u00f1anza e contemple as necesidades dos municipios afectados. Acompa\u00f1ado do portavoz municipal, Fernando P\u00e9rez, [&hellip;]<\/p>\n","protected":false},"author":38,"featured_media":70530,"comment_status":"closed","ping_status":"open","sticky":false,"template":"","format":"standard","meta":{"_acf_changed":false,"footnotes":""},"categories":[1128],"tags":[],"class_list":["post-70529","post","type-post","status-publish","format-standard","has-post-thumbnail","hentry","category-actualidad-parlamento-de-galicia"],"acf":[],"yoast_head":"<!-- This site is optimized with the Yoast SEO plugin v27.3 - https:\/\/yoast.com\/product\/yoast-seo-wordpress\/ -->\n<title>O PPdeG urxe ao Goberno a que confirme o arquivo do actual proxecto da variante de Caldas e inicie a redacci\u00f3n dun novo consensuado coa veci\u00f1anza - PP de Galicia<\/title>\n<meta name=\"description\" content=\"O portavoz do Grupo Popular no Parlamento, Alberto Pazos, urxiu, hoxe, ao Goberno central a que anule de xeito inmediato o actual proxecto da variante oeste de Caldas de Reis e inicie a redacci\u00f3n dun novo que incl\u00faa as demandas da veci\u00f1anza e contemple as necesidades dos municipios afectados.\" \/>\n<meta name=\"robots\" content=\"index, follow, max-snippet:-1, max-image-preview:large, max-video-preview:-1\" \/>\n<link rel=\"canonical\" href=\"https:\/\/ppdegalicia.com\/es\/o-ppdeg-urxe-ao-goberno-a-que-confirme-o-arquivo-do-actual-proxecto-da-variante-de-caldas-e-inicie-a-redaccion-dun-novo-consensuado-coa-vecinanza\/\" \/>\n<meta property=\"og:locale\" content=\"es_ES\" \/>\n<meta property=\"og:type\" content=\"article\" \/>\n<meta property=\"og:title\" content=\"O PPdeG urxe ao Goberno a que confirme o arquivo do actual proxecto da variante de Caldas e inicie a redacci\u00f3n dun novo consensuado coa veci\u00f1anza - PP de Galicia\" \/>\n<meta property=\"og:description\" content=\"O portavoz do Grupo Popular no Parlamento, Alberto Pazos, urxiu, hoxe, ao Goberno central a que anule de xeito inmediato o actual proxecto da variante oeste de Caldas de Reis e inicie a redacci\u00f3n dun novo que incl\u00faa as demandas da veci\u00f1anza e contemple as necesidades dos municipios afectados.\" \/>\n<meta property=\"og:url\" content=\"https:\/\/ppdegalicia.com\/es\/o-ppdeg-urxe-ao-goberno-a-que-confirme-o-arquivo-do-actual-proxecto-da-variante-de-caldas-e-inicie-a-redaccion-dun-novo-consensuado-coa-vecinanza\/\" \/>\n<meta property=\"og:site_name\" content=\"PP de Galicia\" \/>\n<meta property=\"article:publisher\" content=\"https:\/\/www.instagram.com\/ppdegalicia\/\" \/>\n<meta property=\"article:published_time\" content=\"2026-03-05T08:36:23+00:00\" \/>\n<meta property=\"article:modified_time\" content=\"2026-03-06T08:41:06+00:00\" \/>\n<meta property=\"og:image\" content=\"https:\/\/ppdegalicia.com\/wp-content\/uploads\/2026\/03\/20260305_APazos_Variante_Caldas22-scaled.jpg\" \/>\n\t<meta property=\"og:image:width\" content=\"2560\" \/>\n\t<meta property=\"og:image:height\" content=\"1707\" \/>\n\t<meta property=\"og:image:type\" content=\"image\/jpeg\" \/>\n<meta name=\"author\" content=\"ppdegaliciaredes\" \/>\n<meta name=\"twitter:card\" content=\"summary_large_image\" \/>\n<meta name=\"twitter:creator\" content=\"@ppdegalicia\" \/>\n<meta name=\"twitter:site\" content=\"@ppdegalicia\" \/>\n<meta name=\"twitter:label1\" content=\"Escrito por\" \/>\n\t<meta name=\"twitter:data1\" content=\"ppdegaliciaredes\" \/>\n\t<meta name=\"twitter:label2\" content=\"Tiempo de lectura\" \/>\n\t<meta name=\"twitter:data2\" content=\"3 minutos\" \/>\n<script type=\"application\/ld+json\" class=\"yoast-schema-graph\">{\"@context\":\"https:\\\/\\\/schema.org\",\"@graph\":[{\"@type\":\"Article\",\"@id\":\"https:\\\/\\\/ppdegalicia.com\\\/es\\\/o-ppdeg-urxe-ao-goberno-a-que-confirme-o-arquivo-do-actual-proxecto-da-variante-de-caldas-e-inicie-a-redaccion-dun-novo-consensuado-coa-vecinanza\\\/#article\",\"isPartOf\":{\"@id\":\"https:\\\/\\\/ppdegalicia.com\\\/es\\\/o-ppdeg-urxe-ao-goberno-a-que-confirme-o-arquivo-do-actual-proxecto-da-variante-de-caldas-e-inicie-a-redaccion-dun-novo-consensuado-coa-vecinanza\\\/\"},\"author\":{\"name\":\"ppdegaliciaredes\",\"@id\":\"https:\\\/\\\/ppdegalicia.com\\\/es\\\/#\\\/schema\\\/person\\\/5b822c6f59e872ebdd1142f307dbcb59\"},\"headline\":\"O PPdeG urxe ao Goberno a que confirme o arquivo do actual proxecto da variante de Caldas e inicie a redacci\u00f3n dun novo consensuado coa veci\u00f1anza\",\"datePublished\":\"2026-03-05T08:36:23+00:00\",\"dateModified\":\"2026-03-06T08:41:06+00:00\",\"mainEntityOfPage\":{\"@id\":\"https:\\\/\\\/ppdegalicia.com\\\/es\\\/o-ppdeg-urxe-ao-goberno-a-que-confirme-o-arquivo-do-actual-proxecto-da-variante-de-caldas-e-inicie-a-redaccion-dun-novo-consensuado-coa-vecinanza\\\/\"},\"wordCount\":466,\"publisher\":{\"@id\":\"https:\\\/\\\/ppdegalicia.com\\\/es\\\/#organization\"},\"image\":{\"@id\":\"https:\\\/\\\/ppdegalicia.com\\\/es\\\/o-ppdeg-urxe-ao-goberno-a-que-confirme-o-arquivo-do-actual-proxecto-da-variante-de-caldas-e-inicie-a-redaccion-dun-novo-consensuado-coa-vecinanza\\\/#primaryimage\"},\"thumbnailUrl\":\"https:\\\/\\\/ppdegalicia.com\\\/wp-content\\\/uploads\\\/2026\\\/03\\\/20260305_APazos_Variante_Caldas22-scaled.jpg\",\"articleSection\":[\"Parlamento de Galicia\"],\"inLanguage\":\"es\"},{\"@type\":\"WebPage\",\"@id\":\"https:\\\/\\\/ppdegalicia.com\\\/es\\\/o-ppdeg-urxe-ao-goberno-a-que-confirme-o-arquivo-do-actual-proxecto-da-variante-de-caldas-e-inicie-a-redaccion-dun-novo-consensuado-coa-vecinanza\\\/\",\"url\":\"https:\\\/\\\/ppdegalicia.com\\\/es\\\/o-ppdeg-urxe-ao-goberno-a-que-confirme-o-arquivo-do-actual-proxecto-da-variante-de-caldas-e-inicie-a-redaccion-dun-novo-consensuado-coa-vecinanza\\\/\",\"name\":\"O PPdeG urxe ao Goberno a que confirme o arquivo do actual proxecto da variante de Caldas e inicie a redacci\u00f3n dun novo consensuado coa veci\u00f1anza - PP de Galicia\",\"isPartOf\":{\"@id\":\"https:\\\/\\\/ppdegalicia.com\\\/es\\\/#website\"},\"primaryImageOfPage\":{\"@id\":\"https:\\\/\\\/ppdegalicia.com\\\/es\\\/o-ppdeg-urxe-ao-goberno-a-que-confirme-o-arquivo-do-actual-proxecto-da-variante-de-caldas-e-inicie-a-redaccion-dun-novo-consensuado-coa-vecinanza\\\/#primaryimage\"},\"image\":{\"@id\":\"https:\\\/\\\/ppdegalicia.com\\\/es\\\/o-ppdeg-urxe-ao-goberno-a-que-confirme-o-arquivo-do-actual-proxecto-da-variante-de-caldas-e-inicie-a-redaccion-dun-novo-consensuado-coa-vecinanza\\\/#primaryimage\"},\"thumbnailUrl\":\"https:\\\/\\\/ppdegalicia.com\\\/wp-content\\\/uploads\\\/2026\\\/03\\\/20260305_APazos_Variante_Caldas22-scaled.jpg\",\"datePublished\":\"2026-03-05T08:36:23+00:00\",\"dateModified\":\"2026-03-06T08:41:06+00:00\",\"description\":\"O portavoz do Grupo Popular no Parlamento, Alberto Pazos, urxiu, hoxe, ao Goberno central a que anule de xeito inmediato o actual proxecto da variante oeste de Caldas de Reis e inicie a redacci\u00f3n dun novo que incl\u00faa as demandas da veci\u00f1anza e contemple as necesidades dos municipios afectados.\",\"breadcrumb\":{\"@id\":\"https:\\\/\\\/ppdegalicia.com\\\/es\\\/o-ppdeg-urxe-ao-goberno-a-que-confirme-o-arquivo-do-actual-proxecto-da-variante-de-caldas-e-inicie-a-redaccion-dun-novo-consensuado-coa-vecinanza\\\/#breadcrumb\"},\"inLanguage\":\"es\",\"potentialAction\":[{\"@type\":\"ReadAction\",\"target\":[\"https:\\\/\\\/ppdegalicia.com\\\/es\\\/o-ppdeg-urxe-ao-goberno-a-que-confirme-o-arquivo-do-actual-proxecto-da-variante-de-caldas-e-inicie-a-redaccion-dun-novo-consensuado-coa-vecinanza\\\/\"]}]},{\"@type\":\"ImageObject\",\"inLanguage\":\"es\",\"@id\":\"https:\\\/\\\/ppdegalicia.com\\\/es\\\/o-ppdeg-urxe-ao-goberno-a-que-confirme-o-arquivo-do-actual-proxecto-da-variante-de-caldas-e-inicie-a-redaccion-dun-novo-consensuado-coa-vecinanza\\\/#primaryimage\",\"url\":\"https:\\\/\\\/ppdegalicia.com\\\/wp-content\\\/uploads\\\/2026\\\/03\\\/20260305_APazos_Variante_Caldas22-scaled.jpg\",\"contentUrl\":\"https:\\\/\\\/ppdegalicia.com\\\/wp-content\\\/uploads\\\/2026\\\/03\\\/20260305_APazos_Variante_Caldas22-scaled.jpg\",\"width\":2560,\"height\":1707},{\"@type\":\"BreadcrumbList\",\"@id\":\"https:\\\/\\\/ppdegalicia.com\\\/es\\\/o-ppdeg-urxe-ao-goberno-a-que-confirme-o-arquivo-do-actual-proxecto-da-variante-de-caldas-e-inicie-a-redaccion-dun-novo-consensuado-coa-vecinanza\\\/#breadcrumb\",\"itemListElement\":[{\"@type\":\"ListItem\",\"position\":1,\"name\":\"Portada\",\"item\":\"https:\\\/\\\/ppdegalicia.com\\\/es\\\/\"},{\"@type\":\"ListItem\",\"position\":2,\"name\":\"O PPdeG urxe ao Goberno a que confirme o arquivo do actual proxecto da variante de Caldas e inicie a redacci\u00f3n dun novo consensuado coa veci\u00f1anza\"}]},{\"@type\":\"WebSite\",\"@id\":\"https:\\\/\\\/ppdegalicia.com\\\/es\\\/#website\",\"url\":\"https:\\\/\\\/ppdegalicia.com\\\/es\\\/\",\"name\":\"Partido Popular de Galicia\",\"description\":\"Partido Popular de Galicia\",\"publisher\":{\"@id\":\"https:\\\/\\\/ppdegalicia.com\\\/es\\\/#organization\"},\"alternateName\":\"PP de Galicia\",\"potentialAction\":[{\"@type\":\"SearchAction\",\"target\":{\"@type\":\"EntryPoint\",\"urlTemplate\":\"https:\\\/\\\/ppdegalicia.com\\\/es\\\/?s={search_term_string}\"},\"query-input\":{\"@type\":\"PropertyValueSpecification\",\"valueRequired\":true,\"valueName\":\"search_term_string\"}}],\"inLanguage\":\"es\"},{\"@type\":\"Organization\",\"@id\":\"https:\\\/\\\/ppdegalicia.com\\\/es\\\/#organization\",\"name\":\"Partido Popular de Galicia\",\"alternateName\":\"PP de Galicia\",\"url\":\"https:\\\/\\\/ppdegalicia.com\\\/es\\\/\",\"logo\":{\"@type\":\"ImageObject\",\"inLanguage\":\"es\",\"@id\":\"https:\\\/\\\/ppdegalicia.com\\\/es\\\/#\\\/schema\\\/logo\\\/image\\\/\",\"url\":\"https:\\\/\\\/ppdegalicia.com\\\/wp-content\\\/uploads\\\/2023\\\/04\\\/logoPP512.png\",\"contentUrl\":\"https:\\\/\\\/ppdegalicia.com\\\/wp-content\\\/uploads\\\/2023\\\/04\\\/logoPP512.png\",\"width\":512,\"height\":512,\"caption\":\"Partido Popular de Galicia\"},\"image\":{\"@id\":\"https:\\\/\\\/ppdegalicia.com\\\/es\\\/#\\\/schema\\\/logo\\\/image\\\/\"},\"sameAs\":[\"https:\\\/\\\/www.instagram.com\\\/ppdegalicia\\\/\",\"https:\\\/\\\/x.com\\\/ppdegalicia\",\"https:\\\/\\\/www.tiktok.com\\\/@ppdegalicia\",\"https:\\\/\\\/www.youtube.com\\\/user\\\/ppdegalicia\"]},{\"@type\":\"Person\",\"@id\":\"https:\\\/\\\/ppdegalicia.com\\\/es\\\/#\\\/schema\\\/person\\\/5b822c6f59e872ebdd1142f307dbcb59\",\"name\":\"ppdegaliciaredes\",\"image\":{\"@type\":\"ImageObject\",\"inLanguage\":\"es\",\"@id\":\"https:\\\/\\\/secure.gravatar.com\\\/avatar\\\/3c9179cf0256d00c72a48d1f25783c58b6842cd56e85ef3a572881c8e28ccd59?s=96&d=mm&r=g\",\"url\":\"https:\\\/\\\/secure.gravatar.com\\\/avatar\\\/3c9179cf0256d00c72a48d1f25783c58b6842cd56e85ef3a572881c8e28ccd59?s=96&d=mm&r=g\",\"contentUrl\":\"https:\\\/\\\/secure.gravatar.com\\\/avatar\\\/3c9179cf0256d00c72a48d1f25783c58b6842cd56e85ef3a572881c8e28ccd59?s=96&d=mm&r=g\",\"caption\":\"ppdegaliciaredes\"},\"url\":\"https:\\\/\\\/ppdegalicia.com\\\/es\\\/author\\\/ppdegaliciaredes\\\/\"}]}<\/script>\n<!-- \/ Yoast SEO plugin. -->","yoast_head_json":{"title":"O PPdeG urxe ao Goberno a que confirme o arquivo do actual proxecto da variante de Caldas e inicie a redacci\u00f3n dun novo consensuado coa veci\u00f1anza - PP de Galicia","description":"O portavoz do Grupo Popular no Parlamento, Alberto Pazos, urxiu, hoxe, ao Goberno central a que anule de xeito inmediato o actual proxecto da variante oeste de Caldas de Reis e inicie a redacci\u00f3n dun novo que incl\u00faa as demandas da veci\u00f1anza e contemple as necesidades dos municipios afectados.","robots":{"index":"index","follow":"follow","max-snippet":"max-snippet:-1","max-image-preview":"max-image-preview:large","max-video-preview":"max-video-preview:-1"},"canonical":"https:\/\/ppdegalicia.com\/es\/o-ppdeg-urxe-ao-goberno-a-que-confirme-o-arquivo-do-actual-proxecto-da-variante-de-caldas-e-inicie-a-redaccion-dun-novo-consensuado-coa-vecinanza\/","og_locale":"es_ES","og_type":"article","og_title":"O PPdeG urxe ao Goberno a que confirme o arquivo do actual proxecto da variante de Caldas e inicie a redacci\u00f3n dun novo consensuado coa veci\u00f1anza - PP de Galicia","og_description":"O portavoz do Grupo Popular no Parlamento, Alberto Pazos, urxiu, hoxe, ao Goberno central a que anule de xeito inmediato o actual proxecto da variante oeste de Caldas de Reis e inicie a redacci\u00f3n dun novo que incl\u00faa as demandas da veci\u00f1anza e contemple as necesidades dos municipios afectados.","og_url":"https:\/\/ppdegalicia.com\/es\/o-ppdeg-urxe-ao-goberno-a-que-confirme-o-arquivo-do-actual-proxecto-da-variante-de-caldas-e-inicie-a-redaccion-dun-novo-consensuado-coa-vecinanza\/","og_site_name":"PP de Galicia","article_publisher":"https:\/\/www.instagram.com\/ppdegalicia\/","article_published_time":"2026-03-05T08:36:23+00:00","article_modified_time":"2026-03-06T08:41:06+00:00","og_image":[{"width":2560,"height":1707,"url":"https:\/\/ppdegalicia.com\/wp-content\/uploads\/2026\/03\/20260305_APazos_Variante_Caldas22-scaled.jpg","type":"image\/jpeg"}],"author":"ppdegaliciaredes","twitter_card":"summary_large_image","twitter_creator":"@ppdegalicia","twitter_site":"@ppdegalicia","twitter_misc":{"Escrito por":"ppdegaliciaredes","Tiempo de lectura":"3 minutos"},"schema":{"@context":"https:\/\/schema.org","@graph":[{"@type":"Article","@id":"https:\/\/ppdegalicia.com\/es\/o-ppdeg-urxe-ao-goberno-a-que-confirme-o-arquivo-do-actual-proxecto-da-variante-de-caldas-e-inicie-a-redaccion-dun-novo-consensuado-coa-vecinanza\/#article","isPartOf":{"@id":"https:\/\/ppdegalicia.com\/es\/o-ppdeg-urxe-ao-goberno-a-que-confirme-o-arquivo-do-actual-proxecto-da-variante-de-caldas-e-inicie-a-redaccion-dun-novo-consensuado-coa-vecinanza\/"},"author":{"name":"ppdegaliciaredes","@id":"https:\/\/ppdegalicia.com\/es\/#\/schema\/person\/5b822c6f59e872ebdd1142f307dbcb59"},"headline":"O PPdeG urxe ao Goberno a que confirme o arquivo do actual proxecto da variante de Caldas e inicie a redacci\u00f3n dun novo consensuado coa veci\u00f1anza","datePublished":"2026-03-05T08:36:23+00:00","dateModified":"2026-03-06T08:41:06+00:00","mainEntityOfPage":{"@id":"https:\/\/ppdegalicia.com\/es\/o-ppdeg-urxe-ao-goberno-a-que-confirme-o-arquivo-do-actual-proxecto-da-variante-de-caldas-e-inicie-a-redaccion-dun-novo-consensuado-coa-vecinanza\/"},"wordCount":466,"publisher":{"@id":"https:\/\/ppdegalicia.com\/es\/#organization"},"image":{"@id":"https:\/\/ppdegalicia.com\/es\/o-ppdeg-urxe-ao-goberno-a-que-confirme-o-arquivo-do-actual-proxecto-da-variante-de-caldas-e-inicie-a-redaccion-dun-novo-consensuado-coa-vecinanza\/#primaryimage"},"thumbnailUrl":"https:\/\/ppdegalicia.com\/wp-content\/uploads\/2026\/03\/20260305_APazos_Variante_Caldas22-scaled.jpg","articleSection":["Parlamento de Galicia"],"inLanguage":"es"},{"@type":"WebPage","@id":"https:\/\/ppdegalicia.com\/es\/o-ppdeg-urxe-ao-goberno-a-que-confirme-o-arquivo-do-actual-proxecto-da-variante-de-caldas-e-inicie-a-redaccion-dun-novo-consensuado-coa-vecinanza\/","url":"https:\/\/ppdegalicia.com\/es\/o-ppdeg-urxe-ao-goberno-a-que-confirme-o-arquivo-do-actual-proxecto-da-variante-de-caldas-e-inicie-a-redaccion-dun-novo-consensuado-coa-vecinanza\/","name":"O PPdeG urxe ao Goberno a que confirme o arquivo do actual proxecto da variante de Caldas e inicie a redacci\u00f3n dun novo consensuado coa veci\u00f1anza - PP de Galicia","isPartOf":{"@id":"https:\/\/ppdegalicia.com\/es\/#website"},"primaryImageOfPage":{"@id":"https:\/\/ppdegalicia.com\/es\/o-ppdeg-urxe-ao-goberno-a-que-confirme-o-arquivo-do-actual-proxecto-da-variante-de-caldas-e-inicie-a-redaccion-dun-novo-consensuado-coa-vecinanza\/#primaryimage"},"image":{"@id":"https:\/\/ppdegalicia.com\/es\/o-ppdeg-urxe-ao-goberno-a-que-confirme-o-arquivo-do-actual-proxecto-da-variante-de-caldas-e-inicie-a-redaccion-dun-novo-consensuado-coa-vecinanza\/#primaryimage"},"thumbnailUrl":"https:\/\/ppdegalicia.com\/wp-content\/uploads\/2026\/03\/20260305_APazos_Variante_Caldas22-scaled.jpg","datePublished":"2026-03-05T08:36:23+00:00","dateModified":"2026-03-06T08:41:06+00:00","description":"O portavoz do Grupo Popular no Parlamento, Alberto Pazos, urxiu, hoxe, ao Goberno central a que anule de xeito inmediato o actual proxecto da variante oeste de Caldas de Reis e inicie a redacci\u00f3n dun novo que incl\u00faa as demandas da veci\u00f1anza e contemple as necesidades dos municipios afectados.","breadcrumb":{"@id":"https:\/\/ppdegalicia.com\/es\/o-ppdeg-urxe-ao-goberno-a-que-confirme-o-arquivo-do-actual-proxecto-da-variante-de-caldas-e-inicie-a-redaccion-dun-novo-consensuado-coa-vecinanza\/#breadcrumb"},"inLanguage":"es","potentialAction":[{"@type":"ReadAction","target":["https:\/\/ppdegalicia.com\/es\/o-ppdeg-urxe-ao-goberno-a-que-confirme-o-arquivo-do-actual-proxecto-da-variante-de-caldas-e-inicie-a-redaccion-dun-novo-consensuado-coa-vecinanza\/"]}]},{"@type":"ImageObject","inLanguage":"es","@id":"https:\/\/ppdegalicia.com\/es\/o-ppdeg-urxe-ao-goberno-a-que-confirme-o-arquivo-do-actual-proxecto-da-variante-de-caldas-e-inicie-a-redaccion-dun-novo-consensuado-coa-vecinanza\/#primaryimage","url":"https:\/\/ppdegalicia.com\/wp-content\/uploads\/2026\/03\/20260305_APazos_Variante_Caldas22-scaled.jpg","contentUrl":"https:\/\/ppdegalicia.com\/wp-content\/uploads\/2026\/03\/20260305_APazos_Variante_Caldas22-scaled.jpg","width":2560,"height":1707},{"@type":"BreadcrumbList","@id":"https:\/\/ppdegalicia.com\/es\/o-ppdeg-urxe-ao-goberno-a-que-confirme-o-arquivo-do-actual-proxecto-da-variante-de-caldas-e-inicie-a-redaccion-dun-novo-consensuado-coa-vecinanza\/#breadcrumb","itemListElement":[{"@type":"ListItem","position":1,"name":"Portada","item":"https:\/\/ppdegalicia.com\/es\/"},{"@type":"ListItem","position":2,"name":"O PPdeG urxe ao Goberno a que confirme o arquivo do actual proxecto da variante de Caldas e inicie a redacci\u00f3n dun novo consensuado coa veci\u00f1anza"}]},{"@type":"WebSite","@id":"https:\/\/ppdegalicia.com\/es\/#website","url":"https:\/\/ppdegalicia.com\/es\/","name":"Partido Popular de Galicia","description":"Partido Popular de Galicia","publisher":{"@id":"https:\/\/ppdegalicia.com\/es\/#organization"},"alternateName":"PP de Galicia","potentialAction":[{"@type":"SearchAction","target":{"@type":"EntryPoint","urlTemplate":"https:\/\/ppdegalicia.com\/es\/?s={search_term_string}"},"query-input":{"@type":"PropertyValueSpecification","valueRequired":true,"valueName":"search_term_string"}}],"inLanguage":"es"},{"@type":"Organization","@id":"https:\/\/ppdegalicia.com\/es\/#organization","name":"Partido Popular de Galicia","alternateName":"PP de Galicia","url":"https:\/\/ppdegalicia.com\/es\/","logo":{"@type":"ImageObject","inLanguage":"es","@id":"https:\/\/ppdegalicia.com\/es\/#\/schema\/logo\/image\/","url":"https:\/\/ppdegalicia.com\/wp-content\/uploads\/2023\/04\/logoPP512.png","contentUrl":"https:\/\/ppdegalicia.com\/wp-content\/uploads\/2023\/04\/logoPP512.png","width":512,"height":512,"caption":"Partido Popular de Galicia"},"image":{"@id":"https:\/\/ppdegalicia.com\/es\/#\/schema\/logo\/image\/"},"sameAs":["https:\/\/www.instagram.com\/ppdegalicia\/","https:\/\/x.com\/ppdegalicia","https:\/\/www.tiktok.com\/@ppdegalicia","https:\/\/www.youtube.com\/user\/ppdegalicia"]},{"@type":"Person","@id":"https:\/\/ppdegalicia.com\/es\/#\/schema\/person\/5b822c6f59e872ebdd1142f307dbcb59","name":"ppdegaliciaredes","image":{"@type":"ImageObject","inLanguage":"es","@id":"https:\/\/secure.gravatar.com\/avatar\/3c9179cf0256d00c72a48d1f25783c58b6842cd56e85ef3a572881c8e28ccd59?s=96&d=mm&r=g","url":"https:\/\/secure.gravatar.com\/avatar\/3c9179cf0256d00c72a48d1f25783c58b6842cd56e85ef3a572881c8e28ccd59?s=96&d=mm&r=g","contentUrl":"https:\/\/secure.gravatar.com\/avatar\/3c9179cf0256d00c72a48d1f25783c58b6842cd56e85ef3a572881c8e28ccd59?s=96&d=mm&r=g","caption":"ppdegaliciaredes"},"url":"https:\/\/ppdegalicia.com\/es\/author\/ppdegaliciaredes\/"}]}},"_links":{"self":[{"href":"https:\/\/ppdegalicia.com\/es\/wp-json\/wp\/v2\/posts\/70529","targetHints":{"allow":["GET"]}}],"collection":[{"href":"https:\/\/ppdegalicia.com\/es\/wp-json\/wp\/v2\/posts"}],"about":[{"href":"https:\/\/ppdegalicia.com\/es\/wp-json\/wp\/v2\/types\/post"}],"author":[{"embeddable":true,"href":"https:\/\/ppdegalicia.com\/es\/wp-json\/wp\/v2\/users\/38"}],"replies":[{"embeddable":true,"href":"https:\/\/ppdegalicia.com\/es\/wp-json\/wp\/v2\/comments?post=70529"}],"version-history":[{"count":1,"href":"https:\/\/ppdegalicia.com\/es\/wp-json\/wp\/v2\/posts\/70529\/revisions"}],"predecessor-version":[{"id":70532,"href":"https:\/\/ppdegalicia.com\/es\/wp-json\/wp\/v2\/posts\/70529\/revisions\/70532"}],"wp:featuredmedia":[{"embeddable":true,"href":"https:\/\/ppdegalicia.com\/es\/wp-json\/wp\/v2\/media\/70530"}],"wp:attachment":[{"href":"https:\/\/ppdegalicia.com\/es\/wp-json\/wp\/v2\/media?parent=70529"}],"wp:term":[{"taxonomy":"category","embeddable":true,"href":"https:\/\/ppdegalicia.com\/es\/wp-json\/wp\/v2\/categories?post=70529"},{"taxonomy":"post_tag","embeddable":true,"href":"https:\/\/ppdegalicia.com\/es\/wp-json\/wp\/v2\/tags?post=70529"}],"curies":[{"name":"wp","href":"https:\/\/api.w.org\/{rel}","templated":true}]}}