{"id":70533,"date":"2026-03-05T10:59:47","date_gmt":"2026-03-05T09:59:47","guid":{"rendered":"https:\/\/ppdegalicia.com\/?p=70533"},"modified":"2026-03-06T11:01:35","modified_gmt":"2026-03-06T10:01:35","slug":"o-ppdeg-pregunta-ao-goberno-no-congreso-polo-deplorable-estado-das-estradas-galegas-tras-o-tren-de-borrascas","status":"publish","type":"post","link":"https:\/\/ppdegalicia.com\/es\/o-ppdeg-pregunta-ao-goberno-no-congreso-polo-deplorable-estado-das-estradas-galegas-tras-o-tren-de-borrascas\/","title":{"rendered":"O PPdeG pregunta ao Goberno no Congreso polo \u201cdeplorable estado\u201d das estradas galegas tras o tren de borrascas"},"content":{"rendered":"<p>O Partido Popular de Galicia, a trav\u00e9s de varios deputados galegos no Congreso, presentou este xoves unha bater\u00eda de cinco preguntas dirixidas ao Goberno de Espa\u00f1a acerca do reco\u00f1ecemento do \u201cdeplorable estado\u201d das estradas da comunidade e sobre posibles plans de rehabilitaci\u00f3n das v\u00edas tras o tren de borrascas.<\/p>\n<p>Segundo o comunicado dos populares, tam\u00e9n instaron ao Executivo central a responder se se van facer cargo dos gastos de reparaci\u00f3n referidos aos danos materiais sufridos polos veh\u00edculos e atribu\u00eddos ao \u201cmal estado\u201d do firme.<\/p>\n<p>A pesar de reco\u00f1ecer os \u201cesforzos inxentes\u201d das empresas dedicadas \u00e1 conservaci\u00f3n fronte aos temporais que azoutaron Galicia nos \u00faltimos meses, o PPdeG advertiu que a situaci\u00f3n das estradas estatais xa era \u201cmoi deficiente\u201d previamente.<\/p>\n<p>As\u00ed mesmo, insistiron en que as imaxes de picadas, socav\u00f3ns ou carr\u00eds cortados en v\u00edas que atravesan a comunidade galega e a conectan con outras lim\u00edtrofes \u201csuc\u00e9dense nos medios de comunicaci\u00f3n das catro provincias todos os d\u00edas\u201d.<\/p>\n","protected":false},"excerpt":{"rendered":"<p>O Partido Popular de Galicia, a trav\u00e9s de varios deputados galegos no Congreso, presentou este xoves unha bater\u00eda de cinco preguntas dirixidas ao Goberno de Espa\u00f1a acerca do reco\u00f1ecemento do \u201cdeplorable estado\u201d das estradas da comunidade e sobre posibles plans de rehabilitaci\u00f3n das v\u00edas tras o tren de borrascas. Segundo o comunicado dos populares, tam\u00e9n [&hellip;]<\/p>\n","protected":false},"author":38,"featured_media":70534,"comment_status":"closed","ping_status":"open","sticky":false,"template":"","format":"standard","meta":{"_acf_changed":false,"footnotes":""},"categories":[2387],"tags":[],"class_list":["post-70533","post","type-post","status-publish","format-standard","has-post-thumbnail","hentry","category-actualidad-cortes-generales"],"acf":[],"yoast_head":"<!-- This site is optimized with the Yoast SEO plugin v27.3 - https:\/\/yoast.com\/product\/yoast-seo-wordpress\/ -->\n<title>O PPdeG pregunta ao Goberno no Congreso polo \u201cdeplorable estado\u201d das estradas galegas tras o tren de borrascas - PP de Galicia<\/title>\n<meta name=\"description\" content=\"O Partido Popular de Galicia, a trav\u00e9s de varios deputados galegos no Congreso, presentou este xoves unha bater\u00eda de cinco preguntas dirixidas ao Goberno de Espa\u00f1a acerca do reco\u00f1ecemento do \u201cdeplorable estado\u201d das estradas da comunidade e sobre posibles plans de rehabilitaci\u00f3n das v\u00edas tras o tren de borrascas.\" \/>\n<meta name=\"robots\" content=\"index, follow, max-snippet:-1, max-image-preview:large, max-video-preview:-1\" \/>\n<link rel=\"canonical\" href=\"https:\/\/ppdegalicia.com\/es\/o-ppdeg-pregunta-ao-goberno-no-congreso-polo-deplorable-estado-das-estradas-galegas-tras-o-tren-de-borrascas\/\" \/>\n<meta property=\"og:locale\" content=\"es_ES\" \/>\n<meta property=\"og:type\" content=\"article\" \/>\n<meta property=\"og:title\" content=\"O PPdeG pregunta ao Goberno no Congreso polo \u201cdeplorable estado\u201d das estradas galegas tras o tren de borrascas - PP de Galicia\" \/>\n<meta property=\"og:description\" content=\"O Partido Popular de Galicia, a trav\u00e9s de varios deputados galegos no Congreso, presentou este xoves unha bater\u00eda de cinco preguntas dirixidas ao Goberno de Espa\u00f1a acerca do reco\u00f1ecemento do \u201cdeplorable estado\u201d das estradas da comunidade e sobre posibles plans de rehabilitaci\u00f3n das v\u00edas tras o tren de borrascas.\" \/>\n<meta property=\"og:url\" content=\"https:\/\/ppdegalicia.com\/es\/o-ppdeg-pregunta-ao-goberno-no-congreso-polo-deplorable-estado-das-estradas-galegas-tras-o-tren-de-borrascas\/\" \/>\n<meta property=\"og:site_name\" content=\"PP de Galicia\" \/>\n<meta property=\"article:publisher\" content=\"https:\/\/www.instagram.com\/ppdegalicia\/\" \/>\n<meta property=\"article:published_time\" content=\"2026-03-05T09:59:47+00:00\" \/>\n<meta property=\"article:modified_time\" content=\"2026-03-06T10:01:35+00:00\" \/>\n<meta property=\"og:image\" content=\"https:\/\/ppdegalicia.com\/wp-content\/uploads\/2026\/03\/Foto-diputados-Ourense-y-Lugo-iniciativa-N540.jpeg\" \/>\n\t<meta property=\"og:image:width\" content=\"1280\" \/>\n\t<meta property=\"og:image:height\" content=\"853\" \/>\n\t<meta property=\"og:image:type\" content=\"image\/jpeg\" \/>\n<meta name=\"author\" content=\"ppdegaliciaredes\" \/>\n<meta name=\"twitter:card\" content=\"summary_large_image\" \/>\n<meta name=\"twitter:creator\" content=\"@ppdegalicia\" \/>\n<meta name=\"twitter:site\" content=\"@ppdegalicia\" \/>\n<meta name=\"twitter:label1\" content=\"Escrito por\" \/>\n\t<meta name=\"twitter:data1\" content=\"ppdegaliciaredes\" \/>\n\t<meta name=\"twitter:label2\" content=\"Tiempo de lectura\" \/>\n\t<meta name=\"twitter:data2\" content=\"2 minutos\" \/>\n<script type=\"application\/ld+json\" class=\"yoast-schema-graph\">{\"@context\":\"https:\\\/\\\/schema.org\",\"@graph\":[{\"@type\":\"Article\",\"@id\":\"https:\\\/\\\/ppdegalicia.com\\\/es\\\/o-ppdeg-pregunta-ao-goberno-no-congreso-polo-deplorable-estado-das-estradas-galegas-tras-o-tren-de-borrascas\\\/#article\",\"isPartOf\":{\"@id\":\"https:\\\/\\\/ppdegalicia.com\\\/es\\\/o-ppdeg-pregunta-ao-goberno-no-congreso-polo-deplorable-estado-das-estradas-galegas-tras-o-tren-de-borrascas\\\/\"},\"author\":{\"name\":\"ppdegaliciaredes\",\"@id\":\"https:\\\/\\\/ppdegalicia.com\\\/es\\\/#\\\/schema\\\/person\\\/5b822c6f59e872ebdd1142f307dbcb59\"},\"headline\":\"O PPdeG pregunta ao Goberno no Congreso polo \u201cdeplorable estado\u201d das estradas galegas tras o tren de borrascas\",\"datePublished\":\"2026-03-05T09:59:47+00:00\",\"dateModified\":\"2026-03-06T10:01:35+00:00\",\"mainEntityOfPage\":{\"@id\":\"https:\\\/\\\/ppdegalicia.com\\\/es\\\/o-ppdeg-pregunta-ao-goberno-no-congreso-polo-deplorable-estado-das-estradas-galegas-tras-o-tren-de-borrascas\\\/\"},\"wordCount\":193,\"publisher\":{\"@id\":\"https:\\\/\\\/ppdegalicia.com\\\/es\\\/#organization\"},\"image\":{\"@id\":\"https:\\\/\\\/ppdegalicia.com\\\/es\\\/o-ppdeg-pregunta-ao-goberno-no-congreso-polo-deplorable-estado-das-estradas-galegas-tras-o-tren-de-borrascas\\\/#primaryimage\"},\"thumbnailUrl\":\"https:\\\/\\\/ppdegalicia.com\\\/wp-content\\\/uploads\\\/2026\\\/03\\\/Foto-diputados-Ourense-y-Lugo-iniciativa-N540.jpeg\",\"articleSection\":[\"Cortes Generales\"],\"inLanguage\":\"es\"},{\"@type\":\"WebPage\",\"@id\":\"https:\\\/\\\/ppdegalicia.com\\\/es\\\/o-ppdeg-pregunta-ao-goberno-no-congreso-polo-deplorable-estado-das-estradas-galegas-tras-o-tren-de-borrascas\\\/\",\"url\":\"https:\\\/\\\/ppdegalicia.com\\\/es\\\/o-ppdeg-pregunta-ao-goberno-no-congreso-polo-deplorable-estado-das-estradas-galegas-tras-o-tren-de-borrascas\\\/\",\"name\":\"O PPdeG pregunta ao Goberno no Congreso polo \u201cdeplorable estado\u201d das estradas galegas tras o tren de borrascas - PP de Galicia\",\"isPartOf\":{\"@id\":\"https:\\\/\\\/ppdegalicia.com\\\/es\\\/#website\"},\"primaryImageOfPage\":{\"@id\":\"https:\\\/\\\/ppdegalicia.com\\\/es\\\/o-ppdeg-pregunta-ao-goberno-no-congreso-polo-deplorable-estado-das-estradas-galegas-tras-o-tren-de-borrascas\\\/#primaryimage\"},\"image\":{\"@id\":\"https:\\\/\\\/ppdegalicia.com\\\/es\\\/o-ppdeg-pregunta-ao-goberno-no-congreso-polo-deplorable-estado-das-estradas-galegas-tras-o-tren-de-borrascas\\\/#primaryimage\"},\"thumbnailUrl\":\"https:\\\/\\\/ppdegalicia.com\\\/wp-content\\\/uploads\\\/2026\\\/03\\\/Foto-diputados-Ourense-y-Lugo-iniciativa-N540.jpeg\",\"datePublished\":\"2026-03-05T09:59:47+00:00\",\"dateModified\":\"2026-03-06T10:01:35+00:00\",\"description\":\"O Partido Popular de Galicia, a trav\u00e9s de varios deputados galegos no Congreso, presentou este xoves unha bater\u00eda de cinco preguntas dirixidas ao Goberno de Espa\u00f1a acerca do reco\u00f1ecemento do \u201cdeplorable estado\u201d das estradas da comunidade e sobre posibles plans de rehabilitaci\u00f3n das v\u00edas tras o tren de borrascas.\",\"breadcrumb\":{\"@id\":\"https:\\\/\\\/ppdegalicia.com\\\/es\\\/o-ppdeg-pregunta-ao-goberno-no-congreso-polo-deplorable-estado-das-estradas-galegas-tras-o-tren-de-borrascas\\\/#breadcrumb\"},\"inLanguage\":\"es\",\"potentialAction\":[{\"@type\":\"ReadAction\",\"target\":[\"https:\\\/\\\/ppdegalicia.com\\\/es\\\/o-ppdeg-pregunta-ao-goberno-no-congreso-polo-deplorable-estado-das-estradas-galegas-tras-o-tren-de-borrascas\\\/\"]}]},{\"@type\":\"ImageObject\",\"inLanguage\":\"es\",\"@id\":\"https:\\\/\\\/ppdegalicia.com\\\/es\\\/o-ppdeg-pregunta-ao-goberno-no-congreso-polo-deplorable-estado-das-estradas-galegas-tras-o-tren-de-borrascas\\\/#primaryimage\",\"url\":\"https:\\\/\\\/ppdegalicia.com\\\/wp-content\\\/uploads\\\/2026\\\/03\\\/Foto-diputados-Ourense-y-Lugo-iniciativa-N540.jpeg\",\"contentUrl\":\"https:\\\/\\\/ppdegalicia.com\\\/wp-content\\\/uploads\\\/2026\\\/03\\\/Foto-diputados-Ourense-y-Lugo-iniciativa-N540.jpeg\",\"width\":1280,\"height\":853},{\"@type\":\"BreadcrumbList\",\"@id\":\"https:\\\/\\\/ppdegalicia.com\\\/es\\\/o-ppdeg-pregunta-ao-goberno-no-congreso-polo-deplorable-estado-das-estradas-galegas-tras-o-tren-de-borrascas\\\/#breadcrumb\",\"itemListElement\":[{\"@type\":\"ListItem\",\"position\":1,\"name\":\"Portada\",\"item\":\"https:\\\/\\\/ppdegalicia.com\\\/es\\\/\"},{\"@type\":\"ListItem\",\"position\":2,\"name\":\"O PPdeG pregunta ao Goberno no Congreso polo \u201cdeplorable estado\u201d das estradas galegas tras o tren de borrascas\"}]},{\"@type\":\"WebSite\",\"@id\":\"https:\\\/\\\/ppdegalicia.com\\\/es\\\/#website\",\"url\":\"https:\\\/\\\/ppdegalicia.com\\\/es\\\/\",\"name\":\"Partido Popular de Galicia\",\"description\":\"Partido Popular de Galicia\",\"publisher\":{\"@id\":\"https:\\\/\\\/ppdegalicia.com\\\/es\\\/#organization\"},\"alternateName\":\"PP de Galicia\",\"potentialAction\":[{\"@type\":\"SearchAction\",\"target\":{\"@type\":\"EntryPoint\",\"urlTemplate\":\"https:\\\/\\\/ppdegalicia.com\\\/es\\\/?s={search_term_string}\"},\"query-input\":{\"@type\":\"PropertyValueSpecification\",\"valueRequired\":true,\"valueName\":\"search_term_string\"}}],\"inLanguage\":\"es\"},{\"@type\":\"Organization\",\"@id\":\"https:\\\/\\\/ppdegalicia.com\\\/es\\\/#organization\",\"name\":\"Partido Popular de Galicia\",\"alternateName\":\"PP de Galicia\",\"url\":\"https:\\\/\\\/ppdegalicia.com\\\/es\\\/\",\"logo\":{\"@type\":\"ImageObject\",\"inLanguage\":\"es\",\"@id\":\"https:\\\/\\\/ppdegalicia.com\\\/es\\\/#\\\/schema\\\/logo\\\/image\\\/\",\"url\":\"https:\\\/\\\/ppdegalicia.com\\\/wp-content\\\/uploads\\\/2023\\\/04\\\/logoPP512.png\",\"contentUrl\":\"https:\\\/\\\/ppdegalicia.com\\\/wp-content\\\/uploads\\\/2023\\\/04\\\/logoPP512.png\",\"width\":512,\"height\":512,\"caption\":\"Partido Popular de Galicia\"},\"image\":{\"@id\":\"https:\\\/\\\/ppdegalicia.com\\\/es\\\/#\\\/schema\\\/logo\\\/image\\\/\"},\"sameAs\":[\"https:\\\/\\\/www.instagram.com\\\/ppdegalicia\\\/\",\"https:\\\/\\\/x.com\\\/ppdegalicia\",\"https:\\\/\\\/www.tiktok.com\\\/@ppdegalicia\",\"https:\\\/\\\/www.youtube.com\\\/user\\\/ppdegalicia\"]},{\"@type\":\"Person\",\"@id\":\"https:\\\/\\\/ppdegalicia.com\\\/es\\\/#\\\/schema\\\/person\\\/5b822c6f59e872ebdd1142f307dbcb59\",\"name\":\"ppdegaliciaredes\",\"image\":{\"@type\":\"ImageObject\",\"inLanguage\":\"es\",\"@id\":\"https:\\\/\\\/secure.gravatar.com\\\/avatar\\\/3c9179cf0256d00c72a48d1f25783c58b6842cd56e85ef3a572881c8e28ccd59?s=96&d=mm&r=g\",\"url\":\"https:\\\/\\\/secure.gravatar.com\\\/avatar\\\/3c9179cf0256d00c72a48d1f25783c58b6842cd56e85ef3a572881c8e28ccd59?s=96&d=mm&r=g\",\"contentUrl\":\"https:\\\/\\\/secure.gravatar.com\\\/avatar\\\/3c9179cf0256d00c72a48d1f25783c58b6842cd56e85ef3a572881c8e28ccd59?s=96&d=mm&r=g\",\"caption\":\"ppdegaliciaredes\"},\"url\":\"https:\\\/\\\/ppdegalicia.com\\\/es\\\/author\\\/ppdegaliciaredes\\\/\"}]}<\/script>\n<!-- \/ Yoast SEO plugin. -->","yoast_head_json":{"title":"O PPdeG pregunta ao Goberno no Congreso polo \u201cdeplorable estado\u201d das estradas galegas tras o tren de borrascas - PP de Galicia","description":"O Partido Popular de Galicia, a trav\u00e9s de varios deputados galegos no Congreso, presentou este xoves unha bater\u00eda de cinco preguntas dirixidas ao Goberno de Espa\u00f1a acerca do reco\u00f1ecemento do \u201cdeplorable estado\u201d das estradas da comunidade e sobre posibles plans de rehabilitaci\u00f3n das v\u00edas tras o tren de borrascas.","robots":{"index":"index","follow":"follow","max-snippet":"max-snippet:-1","max-image-preview":"max-image-preview:large","max-video-preview":"max-video-preview:-1"},"canonical":"https:\/\/ppdegalicia.com\/es\/o-ppdeg-pregunta-ao-goberno-no-congreso-polo-deplorable-estado-das-estradas-galegas-tras-o-tren-de-borrascas\/","og_locale":"es_ES","og_type":"article","og_title":"O PPdeG pregunta ao Goberno no Congreso polo \u201cdeplorable estado\u201d das estradas galegas tras o tren de borrascas - PP de Galicia","og_description":"O Partido Popular de Galicia, a trav\u00e9s de varios deputados galegos no Congreso, presentou este xoves unha bater\u00eda de cinco preguntas dirixidas ao Goberno de Espa\u00f1a acerca do reco\u00f1ecemento do \u201cdeplorable estado\u201d das estradas da comunidade e sobre posibles plans de rehabilitaci\u00f3n das v\u00edas tras o tren de borrascas.","og_url":"https:\/\/ppdegalicia.com\/es\/o-ppdeg-pregunta-ao-goberno-no-congreso-polo-deplorable-estado-das-estradas-galegas-tras-o-tren-de-borrascas\/","og_site_name":"PP de Galicia","article_publisher":"https:\/\/www.instagram.com\/ppdegalicia\/","article_published_time":"2026-03-05T09:59:47+00:00","article_modified_time":"2026-03-06T10:01:35+00:00","og_image":[{"width":1280,"height":853,"url":"https:\/\/ppdegalicia.com\/wp-content\/uploads\/2026\/03\/Foto-diputados-Ourense-y-Lugo-iniciativa-N540.jpeg","type":"image\/jpeg"}],"author":"ppdegaliciaredes","twitter_card":"summary_large_image","twitter_creator":"@ppdegalicia","twitter_site":"@ppdegalicia","twitter_misc":{"Escrito por":"ppdegaliciaredes","Tiempo de lectura":"2 minutos"},"schema":{"@context":"https:\/\/schema.org","@graph":[{"@type":"Article","@id":"https:\/\/ppdegalicia.com\/es\/o-ppdeg-pregunta-ao-goberno-no-congreso-polo-deplorable-estado-das-estradas-galegas-tras-o-tren-de-borrascas\/#article","isPartOf":{"@id":"https:\/\/ppdegalicia.com\/es\/o-ppdeg-pregunta-ao-goberno-no-congreso-polo-deplorable-estado-das-estradas-galegas-tras-o-tren-de-borrascas\/"},"author":{"name":"ppdegaliciaredes","@id":"https:\/\/ppdegalicia.com\/es\/#\/schema\/person\/5b822c6f59e872ebdd1142f307dbcb59"},"headline":"O PPdeG pregunta ao Goberno no Congreso polo \u201cdeplorable estado\u201d das estradas galegas tras o tren de borrascas","datePublished":"2026-03-05T09:59:47+00:00","dateModified":"2026-03-06T10:01:35+00:00","mainEntityOfPage":{"@id":"https:\/\/ppdegalicia.com\/es\/o-ppdeg-pregunta-ao-goberno-no-congreso-polo-deplorable-estado-das-estradas-galegas-tras-o-tren-de-borrascas\/"},"wordCount":193,"publisher":{"@id":"https:\/\/ppdegalicia.com\/es\/#organization"},"image":{"@id":"https:\/\/ppdegalicia.com\/es\/o-ppdeg-pregunta-ao-goberno-no-congreso-polo-deplorable-estado-das-estradas-galegas-tras-o-tren-de-borrascas\/#primaryimage"},"thumbnailUrl":"https:\/\/ppdegalicia.com\/wp-content\/uploads\/2026\/03\/Foto-diputados-Ourense-y-Lugo-iniciativa-N540.jpeg","articleSection":["Cortes Generales"],"inLanguage":"es"},{"@type":"WebPage","@id":"https:\/\/ppdegalicia.com\/es\/o-ppdeg-pregunta-ao-goberno-no-congreso-polo-deplorable-estado-das-estradas-galegas-tras-o-tren-de-borrascas\/","url":"https:\/\/ppdegalicia.com\/es\/o-ppdeg-pregunta-ao-goberno-no-congreso-polo-deplorable-estado-das-estradas-galegas-tras-o-tren-de-borrascas\/","name":"O PPdeG pregunta ao Goberno no Congreso polo \u201cdeplorable estado\u201d das estradas galegas tras o tren de borrascas - PP de Galicia","isPartOf":{"@id":"https:\/\/ppdegalicia.com\/es\/#website"},"primaryImageOfPage":{"@id":"https:\/\/ppdegalicia.com\/es\/o-ppdeg-pregunta-ao-goberno-no-congreso-polo-deplorable-estado-das-estradas-galegas-tras-o-tren-de-borrascas\/#primaryimage"},"image":{"@id":"https:\/\/ppdegalicia.com\/es\/o-ppdeg-pregunta-ao-goberno-no-congreso-polo-deplorable-estado-das-estradas-galegas-tras-o-tren-de-borrascas\/#primaryimage"},"thumbnailUrl":"https:\/\/ppdegalicia.com\/wp-content\/uploads\/2026\/03\/Foto-diputados-Ourense-y-Lugo-iniciativa-N540.jpeg","datePublished":"2026-03-05T09:59:47+00:00","dateModified":"2026-03-06T10:01:35+00:00","description":"O Partido Popular de Galicia, a trav\u00e9s de varios deputados galegos no Congreso, presentou este xoves unha bater\u00eda de cinco preguntas dirixidas ao Goberno de Espa\u00f1a acerca do reco\u00f1ecemento do \u201cdeplorable estado\u201d das estradas da comunidade e sobre posibles plans de rehabilitaci\u00f3n das v\u00edas tras o tren de borrascas.","breadcrumb":{"@id":"https:\/\/ppdegalicia.com\/es\/o-ppdeg-pregunta-ao-goberno-no-congreso-polo-deplorable-estado-das-estradas-galegas-tras-o-tren-de-borrascas\/#breadcrumb"},"inLanguage":"es","potentialAction":[{"@type":"ReadAction","target":["https:\/\/ppdegalicia.com\/es\/o-ppdeg-pregunta-ao-goberno-no-congreso-polo-deplorable-estado-das-estradas-galegas-tras-o-tren-de-borrascas\/"]}]},{"@type":"ImageObject","inLanguage":"es","@id":"https:\/\/ppdegalicia.com\/es\/o-ppdeg-pregunta-ao-goberno-no-congreso-polo-deplorable-estado-das-estradas-galegas-tras-o-tren-de-borrascas\/#primaryimage","url":"https:\/\/ppdegalicia.com\/wp-content\/uploads\/2026\/03\/Foto-diputados-Ourense-y-Lugo-iniciativa-N540.jpeg","contentUrl":"https:\/\/ppdegalicia.com\/wp-content\/uploads\/2026\/03\/Foto-diputados-Ourense-y-Lugo-iniciativa-N540.jpeg","width":1280,"height":853},{"@type":"BreadcrumbList","@id":"https:\/\/ppdegalicia.com\/es\/o-ppdeg-pregunta-ao-goberno-no-congreso-polo-deplorable-estado-das-estradas-galegas-tras-o-tren-de-borrascas\/#breadcrumb","itemListElement":[{"@type":"ListItem","position":1,"name":"Portada","item":"https:\/\/ppdegalicia.com\/es\/"},{"@type":"ListItem","position":2,"name":"O PPdeG pregunta ao Goberno no Congreso polo \u201cdeplorable estado\u201d das estradas galegas tras o tren de borrascas"}]},{"@type":"WebSite","@id":"https:\/\/ppdegalicia.com\/es\/#website","url":"https:\/\/ppdegalicia.com\/es\/","name":"Partido Popular de Galicia","description":"Partido Popular de Galicia","publisher":{"@id":"https:\/\/ppdegalicia.com\/es\/#organization"},"alternateName":"PP de Galicia","potentialAction":[{"@type":"SearchAction","target":{"@type":"EntryPoint","urlTemplate":"https:\/\/ppdegalicia.com\/es\/?s={search_term_string}"},"query-input":{"@type":"PropertyValueSpecification","valueRequired":true,"valueName":"search_term_string"}}],"inLanguage":"es"},{"@type":"Organization","@id":"https:\/\/ppdegalicia.com\/es\/#organization","name":"Partido Popular de Galicia","alternateName":"PP de Galicia","url":"https:\/\/ppdegalicia.com\/es\/","logo":{"@type":"ImageObject","inLanguage":"es","@id":"https:\/\/ppdegalicia.com\/es\/#\/schema\/logo\/image\/","url":"https:\/\/ppdegalicia.com\/wp-content\/uploads\/2023\/04\/logoPP512.png","contentUrl":"https:\/\/ppdegalicia.com\/wp-content\/uploads\/2023\/04\/logoPP512.png","width":512,"height":512,"caption":"Partido Popular de Galicia"},"image":{"@id":"https:\/\/ppdegalicia.com\/es\/#\/schema\/logo\/image\/"},"sameAs":["https:\/\/www.instagram.com\/ppdegalicia\/","https:\/\/x.com\/ppdegalicia","https:\/\/www.tiktok.com\/@ppdegalicia","https:\/\/www.youtube.com\/user\/ppdegalicia"]},{"@type":"Person","@id":"https:\/\/ppdegalicia.com\/es\/#\/schema\/person\/5b822c6f59e872ebdd1142f307dbcb59","name":"ppdegaliciaredes","image":{"@type":"ImageObject","inLanguage":"es","@id":"https:\/\/secure.gravatar.com\/avatar\/3c9179cf0256d00c72a48d1f25783c58b6842cd56e85ef3a572881c8e28ccd59?s=96&d=mm&r=g","url":"https:\/\/secure.gravatar.com\/avatar\/3c9179cf0256d00c72a48d1f25783c58b6842cd56e85ef3a572881c8e28ccd59?s=96&d=mm&r=g","contentUrl":"https:\/\/secure.gravatar.com\/avatar\/3c9179cf0256d00c72a48d1f25783c58b6842cd56e85ef3a572881c8e28ccd59?s=96&d=mm&r=g","caption":"ppdegaliciaredes"},"url":"https:\/\/ppdegalicia.com\/es\/author\/ppdegaliciaredes\/"}]}},"_links":{"self":[{"href":"https:\/\/ppdegalicia.com\/es\/wp-json\/wp\/v2\/posts\/70533","targetHints":{"allow":["GET"]}}],"collection":[{"href":"https:\/\/ppdegalicia.com\/es\/wp-json\/wp\/v2\/posts"}],"about":[{"href":"https:\/\/ppdegalicia.com\/es\/wp-json\/wp\/v2\/types\/post"}],"author":[{"embeddable":true,"href":"https:\/\/ppdegalicia.com\/es\/wp-json\/wp\/v2\/users\/38"}],"replies":[{"embeddable":true,"href":"https:\/\/ppdegalicia.com\/es\/wp-json\/wp\/v2\/comments?post=70533"}],"version-history":[{"count":1,"href":"https:\/\/ppdegalicia.com\/es\/wp-json\/wp\/v2\/posts\/70533\/revisions"}],"predecessor-version":[{"id":70536,"href":"https:\/\/ppdegalicia.com\/es\/wp-json\/wp\/v2\/posts\/70533\/revisions\/70536"}],"wp:featuredmedia":[{"embeddable":true,"href":"https:\/\/ppdegalicia.com\/es\/wp-json\/wp\/v2\/media\/70534"}],"wp:attachment":[{"href":"https:\/\/ppdegalicia.com\/es\/wp-json\/wp\/v2\/media?parent=70533"}],"wp:term":[{"taxonomy":"category","embeddable":true,"href":"https:\/\/ppdegalicia.com\/es\/wp-json\/wp\/v2\/categories?post=70533"},{"taxonomy":"post_tag","embeddable":true,"href":"https:\/\/ppdegalicia.com\/es\/wp-json\/wp\/v2\/tags?post=70533"}],"curies":[{"name":"wp","href":"https:\/\/api.w.org\/{rel}","templated":true}]}}