{"id":70553,"date":"2026-03-07T22:10:08","date_gmt":"2026-03-07T21:10:08","guid":{"rendered":"https:\/\/ppdegalicia.com\/?p=70553"},"modified":"2026-03-07T22:10:08","modified_gmt":"2026-03-07T21:10:08","slug":"o-ppdeg-pon-en-valor-o-esforzo-inversor-da-xunta-na-renovacion-da-frota-do-servizo-de-gardacostas","status":"publish","type":"post","link":"https:\/\/ppdegalicia.com\/es\/o-ppdeg-pon-en-valor-o-esforzo-inversor-da-xunta-na-renovacion-da-frota-do-servizo-de-gardacostas\/","title":{"rendered":"O PPdeG pon en valor o esforzo inversor da Xunta na renovaci\u00f3n da frota do Servizo de Gardacostas"},"content":{"rendered":"<p>O PPdeG pon en valor o esforzo inversor do Goberno galego na renovaci\u00f3n da frota do Servizo de Gardacostas. As\u00ed, destacou a incorporaci\u00f3n de d\u00faas novas patrulleiras e doce veh\u00edculos todoterreo pick up \u00e1 s\u00faa frota, para o desempe\u00f1o das labores de vixilancia, inspecci\u00f3n e loita contra o furtivismo.<\/p>\n<p>Os parlamentarios populares, Nazareth Cend\u00e1n e Fern\u00e1ndez Rosende, indicaron que, cun investimento de m\u00e1is de 3 M\u20ac, o Goberno galego avanza no proceso de modernizaci\u00f3n da frota; que, iniciado en 2018, xa permitiu a renovaci\u00f3n de arredor dunha vintena de unidades.<\/p>\n<p>Asemade, fixeron fincap\u00e9 nos m\u00e1is de 18 M\u20ac, inclu\u00eddos nos orzamentos da Xunta para este 2026, para reforzar, tal e como salientou Nazareth Cend\u00e1n, \u201cun servizo que \u00e9 \u00fanico en Espa\u00f1a e un referente en toda Europa\u201d. \u201cCon este apoio, gar\u00e1ntense unhas prestaci\u00f3ns de calidade do labor que o Servizo de Gardacostas realiza durante todos os d\u00eda do ano\u201d, engadiu Fern\u00e1ndez Rosende.<\/p>\n<p>Durante a s\u00faa visita ao porto de Oza, tam\u00e9n puxeron en valor o encomiable labor que este servizo tam\u00e9n realiza na protecci\u00f3n da contorna mari\u00f1a e na loita contra a contaminaci\u00f3n.<\/p>\n","protected":false},"excerpt":{"rendered":"<p>O PPdeG pon en valor o esforzo inversor do Goberno galego na renovaci\u00f3n da frota do Servizo de Gardacostas. As\u00ed, destacou a incorporaci\u00f3n de d\u00faas novas patrulleiras e doce veh\u00edculos todoterreo pick up \u00e1 s\u00faa frota, para o desempe\u00f1o das labores de vixilancia, inspecci\u00f3n e loita contra o furtivismo. Os parlamentarios populares, Nazareth Cend\u00e1n e [&hellip;]<\/p>\n","protected":false},"author":38,"featured_media":70554,"comment_status":"closed","ping_status":"open","sticky":false,"template":"","format":"standard","meta":{"_acf_changed":false,"footnotes":""},"categories":[1128],"tags":[],"class_list":["post-70553","post","type-post","status-publish","format-standard","has-post-thumbnail","hentry","category-actualidad-parlamento-de-galicia"],"acf":[],"yoast_head":"<!-- This site is optimized with the Yoast SEO plugin v27.3 - https:\/\/yoast.com\/product\/yoast-seo-wordpress\/ -->\n<title>O PPdeG pon en valor o esforzo inversor da Xunta na renovaci\u00f3n da frota do Servizo de Gardacostas - PP de Galicia<\/title>\n<meta name=\"description\" content=\"O PPdeG pon en valor o esforzo inversor do Goberno galego na renovaci\u00f3n da frota do Servizo de Gardacostas. As\u00ed, destacou a incorporaci\u00f3n de d\u00faas novas patrulleiras e doce veh\u00edculos todoterreo pick up \u00e1 s\u00faa frota, para o desempe\u00f1o das labores de vixilancia, inspecci\u00f3n e loita contra o furtivismo.\" \/>\n<meta name=\"robots\" content=\"index, follow, max-snippet:-1, max-image-preview:large, max-video-preview:-1\" \/>\n<link rel=\"canonical\" href=\"https:\/\/ppdegalicia.com\/es\/o-ppdeg-pon-en-valor-o-esforzo-inversor-da-xunta-na-renovacion-da-frota-do-servizo-de-gardacostas\/\" \/>\n<meta property=\"og:locale\" content=\"es_ES\" \/>\n<meta property=\"og:type\" content=\"article\" \/>\n<meta property=\"og:title\" content=\"O PPdeG pon en valor o esforzo inversor da Xunta na renovaci\u00f3n da frota do Servizo de Gardacostas - PP de Galicia\" \/>\n<meta property=\"og:description\" content=\"O PPdeG pon en valor o esforzo inversor do Goberno galego na renovaci\u00f3n da frota do Servizo de Gardacostas. As\u00ed, destacou a incorporaci\u00f3n de d\u00faas novas patrulleiras e doce veh\u00edculos todoterreo pick up \u00e1 s\u00faa frota, para o desempe\u00f1o das labores de vixilancia, inspecci\u00f3n e loita contra o furtivismo.\" \/>\n<meta property=\"og:url\" content=\"https:\/\/ppdegalicia.com\/es\/o-ppdeg-pon-en-valor-o-esforzo-inversor-da-xunta-na-renovacion-da-frota-do-servizo-de-gardacostas\/\" \/>\n<meta property=\"og:site_name\" content=\"PP de Galicia\" \/>\n<meta property=\"article:publisher\" content=\"https:\/\/www.instagram.com\/ppdegalicia\/\" \/>\n<meta property=\"article:published_time\" content=\"2026-03-07T21:10:08+00:00\" \/>\n<meta property=\"og:image\" content=\"https:\/\/ppdegalicia.com\/wp-content\/uploads\/2026\/03\/20260307-Nazareth-Cendan-e-Fernandez-Rosende.jpeg\" \/>\n\t<meta property=\"og:image:width\" content=\"1600\" \/>\n\t<meta property=\"og:image:height\" content=\"1200\" \/>\n\t<meta property=\"og:image:type\" content=\"image\/jpeg\" \/>\n<meta name=\"author\" content=\"ppdegaliciaredes\" \/>\n<meta name=\"twitter:card\" content=\"summary_large_image\" \/>\n<meta name=\"twitter:creator\" content=\"@ppdegalicia\" \/>\n<meta name=\"twitter:site\" content=\"@ppdegalicia\" \/>\n<meta name=\"twitter:label1\" content=\"Escrito por\" \/>\n\t<meta name=\"twitter:data1\" content=\"ppdegaliciaredes\" \/>\n\t<meta name=\"twitter:label2\" content=\"Tiempo de lectura\" \/>\n\t<meta name=\"twitter:data2\" content=\"2 minutos\" \/>\n<script type=\"application\/ld+json\" class=\"yoast-schema-graph\">{\"@context\":\"https:\\\/\\\/schema.org\",\"@graph\":[{\"@type\":\"Article\",\"@id\":\"https:\\\/\\\/ppdegalicia.com\\\/es\\\/o-ppdeg-pon-en-valor-o-esforzo-inversor-da-xunta-na-renovacion-da-frota-do-servizo-de-gardacostas\\\/#article\",\"isPartOf\":{\"@id\":\"https:\\\/\\\/ppdegalicia.com\\\/es\\\/o-ppdeg-pon-en-valor-o-esforzo-inversor-da-xunta-na-renovacion-da-frota-do-servizo-de-gardacostas\\\/\"},\"author\":{\"name\":\"ppdegaliciaredes\",\"@id\":\"https:\\\/\\\/ppdegalicia.com\\\/es\\\/#\\\/schema\\\/person\\\/5b822c6f59e872ebdd1142f307dbcb59\"},\"headline\":\"O PPdeG pon en valor o esforzo inversor da Xunta na renovaci\u00f3n da frota do Servizo de Gardacostas\",\"datePublished\":\"2026-03-07T21:10:08+00:00\",\"mainEntityOfPage\":{\"@id\":\"https:\\\/\\\/ppdegalicia.com\\\/es\\\/o-ppdeg-pon-en-valor-o-esforzo-inversor-da-xunta-na-renovacion-da-frota-do-servizo-de-gardacostas\\\/\"},\"wordCount\":222,\"publisher\":{\"@id\":\"https:\\\/\\\/ppdegalicia.com\\\/es\\\/#organization\"},\"image\":{\"@id\":\"https:\\\/\\\/ppdegalicia.com\\\/es\\\/o-ppdeg-pon-en-valor-o-esforzo-inversor-da-xunta-na-renovacion-da-frota-do-servizo-de-gardacostas\\\/#primaryimage\"},\"thumbnailUrl\":\"https:\\\/\\\/ppdegalicia.com\\\/wp-content\\\/uploads\\\/2026\\\/03\\\/20260307-Nazareth-Cendan-e-Fernandez-Rosende.jpeg\",\"articleSection\":[\"Parlamento de Galicia\"],\"inLanguage\":\"es\"},{\"@type\":\"WebPage\",\"@id\":\"https:\\\/\\\/ppdegalicia.com\\\/es\\\/o-ppdeg-pon-en-valor-o-esforzo-inversor-da-xunta-na-renovacion-da-frota-do-servizo-de-gardacostas\\\/\",\"url\":\"https:\\\/\\\/ppdegalicia.com\\\/es\\\/o-ppdeg-pon-en-valor-o-esforzo-inversor-da-xunta-na-renovacion-da-frota-do-servizo-de-gardacostas\\\/\",\"name\":\"O PPdeG pon en valor o esforzo inversor da Xunta na renovaci\u00f3n da frota do Servizo de Gardacostas - PP de Galicia\",\"isPartOf\":{\"@id\":\"https:\\\/\\\/ppdegalicia.com\\\/es\\\/#website\"},\"primaryImageOfPage\":{\"@id\":\"https:\\\/\\\/ppdegalicia.com\\\/es\\\/o-ppdeg-pon-en-valor-o-esforzo-inversor-da-xunta-na-renovacion-da-frota-do-servizo-de-gardacostas\\\/#primaryimage\"},\"image\":{\"@id\":\"https:\\\/\\\/ppdegalicia.com\\\/es\\\/o-ppdeg-pon-en-valor-o-esforzo-inversor-da-xunta-na-renovacion-da-frota-do-servizo-de-gardacostas\\\/#primaryimage\"},\"thumbnailUrl\":\"https:\\\/\\\/ppdegalicia.com\\\/wp-content\\\/uploads\\\/2026\\\/03\\\/20260307-Nazareth-Cendan-e-Fernandez-Rosende.jpeg\",\"datePublished\":\"2026-03-07T21:10:08+00:00\",\"description\":\"O PPdeG pon en valor o esforzo inversor do Goberno galego na renovaci\u00f3n da frota do Servizo de Gardacostas. As\u00ed, destacou a incorporaci\u00f3n de d\u00faas novas patrulleiras e doce veh\u00edculos todoterreo pick up \u00e1 s\u00faa frota, para o desempe\u00f1o das labores de vixilancia, inspecci\u00f3n e loita contra o furtivismo.\",\"breadcrumb\":{\"@id\":\"https:\\\/\\\/ppdegalicia.com\\\/es\\\/o-ppdeg-pon-en-valor-o-esforzo-inversor-da-xunta-na-renovacion-da-frota-do-servizo-de-gardacostas\\\/#breadcrumb\"},\"inLanguage\":\"es\",\"potentialAction\":[{\"@type\":\"ReadAction\",\"target\":[\"https:\\\/\\\/ppdegalicia.com\\\/es\\\/o-ppdeg-pon-en-valor-o-esforzo-inversor-da-xunta-na-renovacion-da-frota-do-servizo-de-gardacostas\\\/\"]}]},{\"@type\":\"ImageObject\",\"inLanguage\":\"es\",\"@id\":\"https:\\\/\\\/ppdegalicia.com\\\/es\\\/o-ppdeg-pon-en-valor-o-esforzo-inversor-da-xunta-na-renovacion-da-frota-do-servizo-de-gardacostas\\\/#primaryimage\",\"url\":\"https:\\\/\\\/ppdegalicia.com\\\/wp-content\\\/uploads\\\/2026\\\/03\\\/20260307-Nazareth-Cendan-e-Fernandez-Rosende.jpeg\",\"contentUrl\":\"https:\\\/\\\/ppdegalicia.com\\\/wp-content\\\/uploads\\\/2026\\\/03\\\/20260307-Nazareth-Cendan-e-Fernandez-Rosende.jpeg\",\"width\":1600,\"height\":1200},{\"@type\":\"BreadcrumbList\",\"@id\":\"https:\\\/\\\/ppdegalicia.com\\\/es\\\/o-ppdeg-pon-en-valor-o-esforzo-inversor-da-xunta-na-renovacion-da-frota-do-servizo-de-gardacostas\\\/#breadcrumb\",\"itemListElement\":[{\"@type\":\"ListItem\",\"position\":1,\"name\":\"Portada\",\"item\":\"https:\\\/\\\/ppdegalicia.com\\\/es\\\/\"},{\"@type\":\"ListItem\",\"position\":2,\"name\":\"O PPdeG pon en valor o esforzo inversor da Xunta na renovaci\u00f3n da frota do Servizo de Gardacostas\"}]},{\"@type\":\"WebSite\",\"@id\":\"https:\\\/\\\/ppdegalicia.com\\\/es\\\/#website\",\"url\":\"https:\\\/\\\/ppdegalicia.com\\\/es\\\/\",\"name\":\"Partido Popular de Galicia\",\"description\":\"Partido Popular de Galicia\",\"publisher\":{\"@id\":\"https:\\\/\\\/ppdegalicia.com\\\/es\\\/#organization\"},\"alternateName\":\"PP de Galicia\",\"potentialAction\":[{\"@type\":\"SearchAction\",\"target\":{\"@type\":\"EntryPoint\",\"urlTemplate\":\"https:\\\/\\\/ppdegalicia.com\\\/es\\\/?s={search_term_string}\"},\"query-input\":{\"@type\":\"PropertyValueSpecification\",\"valueRequired\":true,\"valueName\":\"search_term_string\"}}],\"inLanguage\":\"es\"},{\"@type\":\"Organization\",\"@id\":\"https:\\\/\\\/ppdegalicia.com\\\/es\\\/#organization\",\"name\":\"Partido Popular de Galicia\",\"alternateName\":\"PP de Galicia\",\"url\":\"https:\\\/\\\/ppdegalicia.com\\\/es\\\/\",\"logo\":{\"@type\":\"ImageObject\",\"inLanguage\":\"es\",\"@id\":\"https:\\\/\\\/ppdegalicia.com\\\/es\\\/#\\\/schema\\\/logo\\\/image\\\/\",\"url\":\"https:\\\/\\\/ppdegalicia.com\\\/wp-content\\\/uploads\\\/2023\\\/04\\\/logoPP512.png\",\"contentUrl\":\"https:\\\/\\\/ppdegalicia.com\\\/wp-content\\\/uploads\\\/2023\\\/04\\\/logoPP512.png\",\"width\":512,\"height\":512,\"caption\":\"Partido Popular de Galicia\"},\"image\":{\"@id\":\"https:\\\/\\\/ppdegalicia.com\\\/es\\\/#\\\/schema\\\/logo\\\/image\\\/\"},\"sameAs\":[\"https:\\\/\\\/www.instagram.com\\\/ppdegalicia\\\/\",\"https:\\\/\\\/x.com\\\/ppdegalicia\",\"https:\\\/\\\/www.tiktok.com\\\/@ppdegalicia\",\"https:\\\/\\\/www.youtube.com\\\/user\\\/ppdegalicia\"]},{\"@type\":\"Person\",\"@id\":\"https:\\\/\\\/ppdegalicia.com\\\/es\\\/#\\\/schema\\\/person\\\/5b822c6f59e872ebdd1142f307dbcb59\",\"name\":\"ppdegaliciaredes\",\"image\":{\"@type\":\"ImageObject\",\"inLanguage\":\"es\",\"@id\":\"https:\\\/\\\/secure.gravatar.com\\\/avatar\\\/3c9179cf0256d00c72a48d1f25783c58b6842cd56e85ef3a572881c8e28ccd59?s=96&d=mm&r=g\",\"url\":\"https:\\\/\\\/secure.gravatar.com\\\/avatar\\\/3c9179cf0256d00c72a48d1f25783c58b6842cd56e85ef3a572881c8e28ccd59?s=96&d=mm&r=g\",\"contentUrl\":\"https:\\\/\\\/secure.gravatar.com\\\/avatar\\\/3c9179cf0256d00c72a48d1f25783c58b6842cd56e85ef3a572881c8e28ccd59?s=96&d=mm&r=g\",\"caption\":\"ppdegaliciaredes\"},\"url\":\"https:\\\/\\\/ppdegalicia.com\\\/es\\\/author\\\/ppdegaliciaredes\\\/\"}]}<\/script>\n<!-- \/ Yoast SEO plugin. -->","yoast_head_json":{"title":"O PPdeG pon en valor o esforzo inversor da Xunta na renovaci\u00f3n da frota do Servizo de Gardacostas - PP de Galicia","description":"O PPdeG pon en valor o esforzo inversor do Goberno galego na renovaci\u00f3n da frota do Servizo de Gardacostas. As\u00ed, destacou a incorporaci\u00f3n de d\u00faas novas patrulleiras e doce veh\u00edculos todoterreo pick up \u00e1 s\u00faa frota, para o desempe\u00f1o das labores de vixilancia, inspecci\u00f3n e loita contra o furtivismo.","robots":{"index":"index","follow":"follow","max-snippet":"max-snippet:-1","max-image-preview":"max-image-preview:large","max-video-preview":"max-video-preview:-1"},"canonical":"https:\/\/ppdegalicia.com\/es\/o-ppdeg-pon-en-valor-o-esforzo-inversor-da-xunta-na-renovacion-da-frota-do-servizo-de-gardacostas\/","og_locale":"es_ES","og_type":"article","og_title":"O PPdeG pon en valor o esforzo inversor da Xunta na renovaci\u00f3n da frota do Servizo de Gardacostas - PP de Galicia","og_description":"O PPdeG pon en valor o esforzo inversor do Goberno galego na renovaci\u00f3n da frota do Servizo de Gardacostas. As\u00ed, destacou a incorporaci\u00f3n de d\u00faas novas patrulleiras e doce veh\u00edculos todoterreo pick up \u00e1 s\u00faa frota, para o desempe\u00f1o das labores de vixilancia, inspecci\u00f3n e loita contra o furtivismo.","og_url":"https:\/\/ppdegalicia.com\/es\/o-ppdeg-pon-en-valor-o-esforzo-inversor-da-xunta-na-renovacion-da-frota-do-servizo-de-gardacostas\/","og_site_name":"PP de Galicia","article_publisher":"https:\/\/www.instagram.com\/ppdegalicia\/","article_published_time":"2026-03-07T21:10:08+00:00","og_image":[{"width":1600,"height":1200,"url":"https:\/\/ppdegalicia.com\/wp-content\/uploads\/2026\/03\/20260307-Nazareth-Cendan-e-Fernandez-Rosende.jpeg","type":"image\/jpeg"}],"author":"ppdegaliciaredes","twitter_card":"summary_large_image","twitter_creator":"@ppdegalicia","twitter_site":"@ppdegalicia","twitter_misc":{"Escrito por":"ppdegaliciaredes","Tiempo de lectura":"2 minutos"},"schema":{"@context":"https:\/\/schema.org","@graph":[{"@type":"Article","@id":"https:\/\/ppdegalicia.com\/es\/o-ppdeg-pon-en-valor-o-esforzo-inversor-da-xunta-na-renovacion-da-frota-do-servizo-de-gardacostas\/#article","isPartOf":{"@id":"https:\/\/ppdegalicia.com\/es\/o-ppdeg-pon-en-valor-o-esforzo-inversor-da-xunta-na-renovacion-da-frota-do-servizo-de-gardacostas\/"},"author":{"name":"ppdegaliciaredes","@id":"https:\/\/ppdegalicia.com\/es\/#\/schema\/person\/5b822c6f59e872ebdd1142f307dbcb59"},"headline":"O PPdeG pon en valor o esforzo inversor da Xunta na renovaci\u00f3n da frota do Servizo de Gardacostas","datePublished":"2026-03-07T21:10:08+00:00","mainEntityOfPage":{"@id":"https:\/\/ppdegalicia.com\/es\/o-ppdeg-pon-en-valor-o-esforzo-inversor-da-xunta-na-renovacion-da-frota-do-servizo-de-gardacostas\/"},"wordCount":222,"publisher":{"@id":"https:\/\/ppdegalicia.com\/es\/#organization"},"image":{"@id":"https:\/\/ppdegalicia.com\/es\/o-ppdeg-pon-en-valor-o-esforzo-inversor-da-xunta-na-renovacion-da-frota-do-servizo-de-gardacostas\/#primaryimage"},"thumbnailUrl":"https:\/\/ppdegalicia.com\/wp-content\/uploads\/2026\/03\/20260307-Nazareth-Cendan-e-Fernandez-Rosende.jpeg","articleSection":["Parlamento de Galicia"],"inLanguage":"es"},{"@type":"WebPage","@id":"https:\/\/ppdegalicia.com\/es\/o-ppdeg-pon-en-valor-o-esforzo-inversor-da-xunta-na-renovacion-da-frota-do-servizo-de-gardacostas\/","url":"https:\/\/ppdegalicia.com\/es\/o-ppdeg-pon-en-valor-o-esforzo-inversor-da-xunta-na-renovacion-da-frota-do-servizo-de-gardacostas\/","name":"O PPdeG pon en valor o esforzo inversor da Xunta na renovaci\u00f3n da frota do Servizo de Gardacostas - PP de Galicia","isPartOf":{"@id":"https:\/\/ppdegalicia.com\/es\/#website"},"primaryImageOfPage":{"@id":"https:\/\/ppdegalicia.com\/es\/o-ppdeg-pon-en-valor-o-esforzo-inversor-da-xunta-na-renovacion-da-frota-do-servizo-de-gardacostas\/#primaryimage"},"image":{"@id":"https:\/\/ppdegalicia.com\/es\/o-ppdeg-pon-en-valor-o-esforzo-inversor-da-xunta-na-renovacion-da-frota-do-servizo-de-gardacostas\/#primaryimage"},"thumbnailUrl":"https:\/\/ppdegalicia.com\/wp-content\/uploads\/2026\/03\/20260307-Nazareth-Cendan-e-Fernandez-Rosende.jpeg","datePublished":"2026-03-07T21:10:08+00:00","description":"O PPdeG pon en valor o esforzo inversor do Goberno galego na renovaci\u00f3n da frota do Servizo de Gardacostas. As\u00ed, destacou a incorporaci\u00f3n de d\u00faas novas patrulleiras e doce veh\u00edculos todoterreo pick up \u00e1 s\u00faa frota, para o desempe\u00f1o das labores de vixilancia, inspecci\u00f3n e loita contra o furtivismo.","breadcrumb":{"@id":"https:\/\/ppdegalicia.com\/es\/o-ppdeg-pon-en-valor-o-esforzo-inversor-da-xunta-na-renovacion-da-frota-do-servizo-de-gardacostas\/#breadcrumb"},"inLanguage":"es","potentialAction":[{"@type":"ReadAction","target":["https:\/\/ppdegalicia.com\/es\/o-ppdeg-pon-en-valor-o-esforzo-inversor-da-xunta-na-renovacion-da-frota-do-servizo-de-gardacostas\/"]}]},{"@type":"ImageObject","inLanguage":"es","@id":"https:\/\/ppdegalicia.com\/es\/o-ppdeg-pon-en-valor-o-esforzo-inversor-da-xunta-na-renovacion-da-frota-do-servizo-de-gardacostas\/#primaryimage","url":"https:\/\/ppdegalicia.com\/wp-content\/uploads\/2026\/03\/20260307-Nazareth-Cendan-e-Fernandez-Rosende.jpeg","contentUrl":"https:\/\/ppdegalicia.com\/wp-content\/uploads\/2026\/03\/20260307-Nazareth-Cendan-e-Fernandez-Rosende.jpeg","width":1600,"height":1200},{"@type":"BreadcrumbList","@id":"https:\/\/ppdegalicia.com\/es\/o-ppdeg-pon-en-valor-o-esforzo-inversor-da-xunta-na-renovacion-da-frota-do-servizo-de-gardacostas\/#breadcrumb","itemListElement":[{"@type":"ListItem","position":1,"name":"Portada","item":"https:\/\/ppdegalicia.com\/es\/"},{"@type":"ListItem","position":2,"name":"O PPdeG pon en valor o esforzo inversor da Xunta na renovaci\u00f3n da frota do Servizo de Gardacostas"}]},{"@type":"WebSite","@id":"https:\/\/ppdegalicia.com\/es\/#website","url":"https:\/\/ppdegalicia.com\/es\/","name":"Partido Popular de Galicia","description":"Partido Popular de Galicia","publisher":{"@id":"https:\/\/ppdegalicia.com\/es\/#organization"},"alternateName":"PP de Galicia","potentialAction":[{"@type":"SearchAction","target":{"@type":"EntryPoint","urlTemplate":"https:\/\/ppdegalicia.com\/es\/?s={search_term_string}"},"query-input":{"@type":"PropertyValueSpecification","valueRequired":true,"valueName":"search_term_string"}}],"inLanguage":"es"},{"@type":"Organization","@id":"https:\/\/ppdegalicia.com\/es\/#organization","name":"Partido Popular de Galicia","alternateName":"PP de Galicia","url":"https:\/\/ppdegalicia.com\/es\/","logo":{"@type":"ImageObject","inLanguage":"es","@id":"https:\/\/ppdegalicia.com\/es\/#\/schema\/logo\/image\/","url":"https:\/\/ppdegalicia.com\/wp-content\/uploads\/2023\/04\/logoPP512.png","contentUrl":"https:\/\/ppdegalicia.com\/wp-content\/uploads\/2023\/04\/logoPP512.png","width":512,"height":512,"caption":"Partido Popular de Galicia"},"image":{"@id":"https:\/\/ppdegalicia.com\/es\/#\/schema\/logo\/image\/"},"sameAs":["https:\/\/www.instagram.com\/ppdegalicia\/","https:\/\/x.com\/ppdegalicia","https:\/\/www.tiktok.com\/@ppdegalicia","https:\/\/www.youtube.com\/user\/ppdegalicia"]},{"@type":"Person","@id":"https:\/\/ppdegalicia.com\/es\/#\/schema\/person\/5b822c6f59e872ebdd1142f307dbcb59","name":"ppdegaliciaredes","image":{"@type":"ImageObject","inLanguage":"es","@id":"https:\/\/secure.gravatar.com\/avatar\/3c9179cf0256d00c72a48d1f25783c58b6842cd56e85ef3a572881c8e28ccd59?s=96&d=mm&r=g","url":"https:\/\/secure.gravatar.com\/avatar\/3c9179cf0256d00c72a48d1f25783c58b6842cd56e85ef3a572881c8e28ccd59?s=96&d=mm&r=g","contentUrl":"https:\/\/secure.gravatar.com\/avatar\/3c9179cf0256d00c72a48d1f25783c58b6842cd56e85ef3a572881c8e28ccd59?s=96&d=mm&r=g","caption":"ppdegaliciaredes"},"url":"https:\/\/ppdegalicia.com\/es\/author\/ppdegaliciaredes\/"}]}},"_links":{"self":[{"href":"https:\/\/ppdegalicia.com\/es\/wp-json\/wp\/v2\/posts\/70553","targetHints":{"allow":["GET"]}}],"collection":[{"href":"https:\/\/ppdegalicia.com\/es\/wp-json\/wp\/v2\/posts"}],"about":[{"href":"https:\/\/ppdegalicia.com\/es\/wp-json\/wp\/v2\/types\/post"}],"author":[{"embeddable":true,"href":"https:\/\/ppdegalicia.com\/es\/wp-json\/wp\/v2\/users\/38"}],"replies":[{"embeddable":true,"href":"https:\/\/ppdegalicia.com\/es\/wp-json\/wp\/v2\/comments?post=70553"}],"version-history":[{"count":1,"href":"https:\/\/ppdegalicia.com\/es\/wp-json\/wp\/v2\/posts\/70553\/revisions"}],"predecessor-version":[{"id":70556,"href":"https:\/\/ppdegalicia.com\/es\/wp-json\/wp\/v2\/posts\/70553\/revisions\/70556"}],"wp:featuredmedia":[{"embeddable":true,"href":"https:\/\/ppdegalicia.com\/es\/wp-json\/wp\/v2\/media\/70554"}],"wp:attachment":[{"href":"https:\/\/ppdegalicia.com\/es\/wp-json\/wp\/v2\/media?parent=70553"}],"wp:term":[{"taxonomy":"category","embeddable":true,"href":"https:\/\/ppdegalicia.com\/es\/wp-json\/wp\/v2\/categories?post=70553"},{"taxonomy":"post_tag","embeddable":true,"href":"https:\/\/ppdegalicia.com\/es\/wp-json\/wp\/v2\/tags?post=70553"}],"curies":[{"name":"wp","href":"https:\/\/api.w.org\/{rel}","templated":true}]}}