{"id":70566,"date":"2026-03-09T16:40:46","date_gmt":"2026-03-09T15:40:46","guid":{"rendered":"https:\/\/ppdegalicia.com\/?p=70566"},"modified":"2026-03-10T16:44:20","modified_gmt":"2026-03-10T15:44:20","slug":"o-ppdeg-di-que-fronte-as-dilacions-inxustificadas-do-concello-e-da-zona-franca-hai-unha-xunta-que-cumpre-coa-urbanizacion-da-etea","status":"publish","type":"post","link":"https:\/\/ppdegalicia.com\/es\/o-ppdeg-di-que-fronte-as-dilacions-inxustificadas-do-concello-e-da-zona-franca-hai-unha-xunta-que-cumpre-coa-urbanizacion-da-etea\/","title":{"rendered":"O PPdeG di que, fronte \u00e1s dilaci\u00f3ns inxustificadas do concello e da Zona Franca, hai unha Xunta que cumpre coa urbanizaci\u00f3n da ETEA"},"content":{"rendered":"<p>O PPdeG urxiu ao Concello de Vigo e ao Consorcio da Zona Franca a reafirmar o seu compromiso e avanzar, con pasos certos, na<br \/>\nrecuperaci\u00f3n dos antigos terreos da ETEA; tras demorar m\u00e1is de oito meses a sinatura do convenio coa Xunta para a urbanizaci\u00f3n do \u00e1mbito da PS1, fundamental para actuar neste espazo e no que a Administraci\u00f3n auton\u00f3mica ten comprometido un investimento de 10,5M\u20ac.<\/p>\n<p>Durante unha visita aos terreos, os parlamentarios populares, Felisa Rodr\u00edguez e Miguel Fidalgo, acompa\u00f1ados da presidenta do PP local, Luisa S\u00e1nchez, incidiron en que a \u00fanica administraci\u00f3n que est\u00e1 a cumprir con Vigo \u00e9 o Goberno galego. As\u00ed, recordaron que, desde a primavera de 2025, as \u00fanicas obras que est\u00e1n en marcha son as do \u00e1mbito PS6. Uns traballos que, tal e como indican, permitir\u00e1n garantir o subministro dos servizos b\u00e1sicos para a construci\u00f3n da residencia de maiores p\u00fablica auton\u00f3mica que construir\u00e1 a Fundaci\u00f3n Amancio Ortega.<\/p>\n<p>Os deputados do PPdeG recordaron que o Goberno tivo que agardar m\u00e1is de oito meses pola sinatura para a urbanizaci\u00f3n do \u00e1mbito PS1, propiedade do Concello de Vigo. E, o que \u00e9 a\u00ednda peor, tras este adiamento, e nun xesto de \u201cmanifesta deslealdade\u201d organizaron unha sinatura p\u00fablica \u00e1 que non convidaron \u00e1 Xunta, que \u00e9 a administraci\u00f3n que ten o compromiso de investir na urbanizaci\u00f3n desta \u00e1rea 10,5M\u20ac.<\/p>\n<p>As\u00ed, instaron a que tanto o concello como a Zona Franca \u201cdeixen de po\u00f1er paos nas rodas\u201d de xeito permanente e marquen unha data para que non se atrase m\u00e1is o desenvolvemento do \u00e1mbito PS1. Neste punto, afe\u00e1ronlle ao concello e a Zona Franca o seu comportamento \u201cnada colaborativo\u201d e dirixido \u00e1 que a Xunta non invista en Vigo.<\/p>\n","protected":false},"excerpt":{"rendered":"<p>O PPdeG urxiu ao Concello de Vigo e ao Consorcio da Zona Franca a reafirmar o seu compromiso e avanzar, con pasos certos, na recuperaci\u00f3n dos antigos terreos da ETEA; tras demorar m\u00e1is de oito meses a sinatura do convenio coa Xunta para a urbanizaci\u00f3n do \u00e1mbito da PS1, fundamental para actuar neste espazo e [&hellip;]<\/p>\n","protected":false},"author":38,"featured_media":70567,"comment_status":"closed","ping_status":"open","sticky":false,"template":"","format":"standard","meta":{"_acf_changed":false,"footnotes":""},"categories":[1128],"tags":[],"class_list":["post-70566","post","type-post","status-publish","format-standard","has-post-thumbnail","hentry","category-actualidad-parlamento-de-galicia"],"acf":[],"yoast_head":"<!-- This site is optimized with the Yoast SEO plugin v27.3 - https:\/\/yoast.com\/product\/yoast-seo-wordpress\/ -->\n<title>O PPdeG di que, fronte \u00e1s dilaci\u00f3ns inxustificadas do concello e da Zona Franca, hai unha Xunta que cumpre coa urbanizaci\u00f3n da ETEA - PP de Galicia<\/title>\n<meta name=\"description\" content=\"O PPdeG urxiu ao Concello de Vigo e ao Consorcio da Zona Franca a reafirmar o seu compromiso e avanzar, con pasos certos, narecuperaci\u00f3n dos antigos terreos da ETEA; tras demorar m\u00e1is de oito meses a sinatura do convenio coa Xunta para a urbanizaci\u00f3n do \u00e1mbito da PS1, fundamental para actuar neste espazo e no que a Administraci\u00f3n auton\u00f3mica ten comprometido un investimento de 10,5M\u20ac.\" \/>\n<meta name=\"robots\" content=\"index, follow, max-snippet:-1, max-image-preview:large, max-video-preview:-1\" \/>\n<link rel=\"canonical\" href=\"https:\/\/ppdegalicia.com\/es\/o-ppdeg-di-que-fronte-as-dilacions-inxustificadas-do-concello-e-da-zona-franca-hai-unha-xunta-que-cumpre-coa-urbanizacion-da-etea\/\" \/>\n<meta property=\"og:locale\" content=\"es_ES\" \/>\n<meta property=\"og:type\" content=\"article\" \/>\n<meta property=\"og:title\" content=\"O PPdeG di que, fronte \u00e1s dilaci\u00f3ns inxustificadas do concello e da Zona Franca, hai unha Xunta que cumpre coa urbanizaci\u00f3n da ETEA - PP de Galicia\" \/>\n<meta property=\"og:description\" content=\"O PPdeG urxiu ao Concello de Vigo e ao Consorcio da Zona Franca a reafirmar o seu compromiso e avanzar, con pasos certos, narecuperaci\u00f3n dos antigos terreos da ETEA; tras demorar m\u00e1is de oito meses a sinatura do convenio coa Xunta para a urbanizaci\u00f3n do \u00e1mbito da PS1, fundamental para actuar neste espazo e no que a Administraci\u00f3n auton\u00f3mica ten comprometido un investimento de 10,5M\u20ac.\" \/>\n<meta property=\"og:url\" content=\"https:\/\/ppdegalicia.com\/es\/o-ppdeg-di-que-fronte-as-dilacions-inxustificadas-do-concello-e-da-zona-franca-hai-unha-xunta-que-cumpre-coa-urbanizacion-da-etea\/\" \/>\n<meta property=\"og:site_name\" content=\"PP de Galicia\" \/>\n<meta property=\"article:publisher\" content=\"https:\/\/www.instagram.com\/ppdegalicia\/\" \/>\n<meta property=\"article:published_time\" content=\"2026-03-09T15:40:46+00:00\" \/>\n<meta property=\"article:modified_time\" content=\"2026-03-10T15:44:20+00:00\" \/>\n<meta property=\"og:image\" content=\"https:\/\/ppdegalicia.com\/wp-content\/uploads\/2026\/03\/20260309-Felisa-Rodriguez-e-Miguel-Fidalgo_2.jpg\" \/>\n\t<meta property=\"og:image:width\" content=\"2400\" \/>\n\t<meta property=\"og:image:height\" content=\"1600\" \/>\n\t<meta property=\"og:image:type\" content=\"image\/jpeg\" \/>\n<meta name=\"author\" content=\"ppdegaliciaredes\" \/>\n<meta name=\"twitter:card\" content=\"summary_large_image\" \/>\n<meta name=\"twitter:creator\" content=\"@ppdegalicia\" \/>\n<meta name=\"twitter:site\" content=\"@ppdegalicia\" \/>\n<meta name=\"twitter:label1\" content=\"Escrito por\" \/>\n\t<meta name=\"twitter:data1\" content=\"ppdegaliciaredes\" \/>\n\t<meta name=\"twitter:label2\" content=\"Tiempo de lectura\" \/>\n\t<meta name=\"twitter:data2\" content=\"2 minutos\" \/>\n<script type=\"application\/ld+json\" class=\"yoast-schema-graph\">{\"@context\":\"https:\\\/\\\/schema.org\",\"@graph\":[{\"@type\":\"Article\",\"@id\":\"https:\\\/\\\/ppdegalicia.com\\\/es\\\/o-ppdeg-di-que-fronte-as-dilacions-inxustificadas-do-concello-e-da-zona-franca-hai-unha-xunta-que-cumpre-coa-urbanizacion-da-etea\\\/#article\",\"isPartOf\":{\"@id\":\"https:\\\/\\\/ppdegalicia.com\\\/es\\\/o-ppdeg-di-que-fronte-as-dilacions-inxustificadas-do-concello-e-da-zona-franca-hai-unha-xunta-que-cumpre-coa-urbanizacion-da-etea\\\/\"},\"author\":{\"name\":\"ppdegaliciaredes\",\"@id\":\"https:\\\/\\\/ppdegalicia.com\\\/es\\\/#\\\/schema\\\/person\\\/5b822c6f59e872ebdd1142f307dbcb59\"},\"headline\":\"O PPdeG di que, fronte \u00e1s dilaci\u00f3ns inxustificadas do concello e da Zona Franca, hai unha Xunta que cumpre coa urbanizaci\u00f3n da ETEA\",\"datePublished\":\"2026-03-09T15:40:46+00:00\",\"dateModified\":\"2026-03-10T15:44:20+00:00\",\"mainEntityOfPage\":{\"@id\":\"https:\\\/\\\/ppdegalicia.com\\\/es\\\/o-ppdeg-di-que-fronte-as-dilacions-inxustificadas-do-concello-e-da-zona-franca-hai-unha-xunta-que-cumpre-coa-urbanizacion-da-etea\\\/\"},\"wordCount\":322,\"publisher\":{\"@id\":\"https:\\\/\\\/ppdegalicia.com\\\/es\\\/#organization\"},\"image\":{\"@id\":\"https:\\\/\\\/ppdegalicia.com\\\/es\\\/o-ppdeg-di-que-fronte-as-dilacions-inxustificadas-do-concello-e-da-zona-franca-hai-unha-xunta-que-cumpre-coa-urbanizacion-da-etea\\\/#primaryimage\"},\"thumbnailUrl\":\"https:\\\/\\\/ppdegalicia.com\\\/wp-content\\\/uploads\\\/2026\\\/03\\\/20260309-Felisa-Rodriguez-e-Miguel-Fidalgo_2.jpg\",\"articleSection\":[\"Parlamento de Galicia\"],\"inLanguage\":\"es\"},{\"@type\":\"WebPage\",\"@id\":\"https:\\\/\\\/ppdegalicia.com\\\/es\\\/o-ppdeg-di-que-fronte-as-dilacions-inxustificadas-do-concello-e-da-zona-franca-hai-unha-xunta-que-cumpre-coa-urbanizacion-da-etea\\\/\",\"url\":\"https:\\\/\\\/ppdegalicia.com\\\/es\\\/o-ppdeg-di-que-fronte-as-dilacions-inxustificadas-do-concello-e-da-zona-franca-hai-unha-xunta-que-cumpre-coa-urbanizacion-da-etea\\\/\",\"name\":\"O PPdeG di que, fronte \u00e1s dilaci\u00f3ns inxustificadas do concello e da Zona Franca, hai unha Xunta que cumpre coa urbanizaci\u00f3n da ETEA - PP de Galicia\",\"isPartOf\":{\"@id\":\"https:\\\/\\\/ppdegalicia.com\\\/es\\\/#website\"},\"primaryImageOfPage\":{\"@id\":\"https:\\\/\\\/ppdegalicia.com\\\/es\\\/o-ppdeg-di-que-fronte-as-dilacions-inxustificadas-do-concello-e-da-zona-franca-hai-unha-xunta-que-cumpre-coa-urbanizacion-da-etea\\\/#primaryimage\"},\"image\":{\"@id\":\"https:\\\/\\\/ppdegalicia.com\\\/es\\\/o-ppdeg-di-que-fronte-as-dilacions-inxustificadas-do-concello-e-da-zona-franca-hai-unha-xunta-que-cumpre-coa-urbanizacion-da-etea\\\/#primaryimage\"},\"thumbnailUrl\":\"https:\\\/\\\/ppdegalicia.com\\\/wp-content\\\/uploads\\\/2026\\\/03\\\/20260309-Felisa-Rodriguez-e-Miguel-Fidalgo_2.jpg\",\"datePublished\":\"2026-03-09T15:40:46+00:00\",\"dateModified\":\"2026-03-10T15:44:20+00:00\",\"description\":\"O PPdeG urxiu ao Concello de Vigo e ao Consorcio da Zona Franca a reafirmar o seu compromiso e avanzar, con pasos certos, narecuperaci\u00f3n dos antigos terreos da ETEA; tras demorar m\u00e1is de oito meses a sinatura do convenio coa Xunta para a urbanizaci\u00f3n do \u00e1mbito da PS1, fundamental para actuar neste espazo e no que a Administraci\u00f3n auton\u00f3mica ten comprometido un investimento de 10,5M\u20ac.\",\"breadcrumb\":{\"@id\":\"https:\\\/\\\/ppdegalicia.com\\\/es\\\/o-ppdeg-di-que-fronte-as-dilacions-inxustificadas-do-concello-e-da-zona-franca-hai-unha-xunta-que-cumpre-coa-urbanizacion-da-etea\\\/#breadcrumb\"},\"inLanguage\":\"es\",\"potentialAction\":[{\"@type\":\"ReadAction\",\"target\":[\"https:\\\/\\\/ppdegalicia.com\\\/es\\\/o-ppdeg-di-que-fronte-as-dilacions-inxustificadas-do-concello-e-da-zona-franca-hai-unha-xunta-que-cumpre-coa-urbanizacion-da-etea\\\/\"]}]},{\"@type\":\"ImageObject\",\"inLanguage\":\"es\",\"@id\":\"https:\\\/\\\/ppdegalicia.com\\\/es\\\/o-ppdeg-di-que-fronte-as-dilacions-inxustificadas-do-concello-e-da-zona-franca-hai-unha-xunta-que-cumpre-coa-urbanizacion-da-etea\\\/#primaryimage\",\"url\":\"https:\\\/\\\/ppdegalicia.com\\\/wp-content\\\/uploads\\\/2026\\\/03\\\/20260309-Felisa-Rodriguez-e-Miguel-Fidalgo_2.jpg\",\"contentUrl\":\"https:\\\/\\\/ppdegalicia.com\\\/wp-content\\\/uploads\\\/2026\\\/03\\\/20260309-Felisa-Rodriguez-e-Miguel-Fidalgo_2.jpg\",\"width\":2400,\"height\":1600},{\"@type\":\"BreadcrumbList\",\"@id\":\"https:\\\/\\\/ppdegalicia.com\\\/es\\\/o-ppdeg-di-que-fronte-as-dilacions-inxustificadas-do-concello-e-da-zona-franca-hai-unha-xunta-que-cumpre-coa-urbanizacion-da-etea\\\/#breadcrumb\",\"itemListElement\":[{\"@type\":\"ListItem\",\"position\":1,\"name\":\"Portada\",\"item\":\"https:\\\/\\\/ppdegalicia.com\\\/es\\\/\"},{\"@type\":\"ListItem\",\"position\":2,\"name\":\"O PPdeG di que, fronte \u00e1s dilaci\u00f3ns inxustificadas do concello e da Zona Franca, hai unha Xunta que cumpre coa urbanizaci\u00f3n da ETEA\"}]},{\"@type\":\"WebSite\",\"@id\":\"https:\\\/\\\/ppdegalicia.com\\\/es\\\/#website\",\"url\":\"https:\\\/\\\/ppdegalicia.com\\\/es\\\/\",\"name\":\"Partido Popular de Galicia\",\"description\":\"Partido Popular de Galicia\",\"publisher\":{\"@id\":\"https:\\\/\\\/ppdegalicia.com\\\/es\\\/#organization\"},\"alternateName\":\"PP de Galicia\",\"potentialAction\":[{\"@type\":\"SearchAction\",\"target\":{\"@type\":\"EntryPoint\",\"urlTemplate\":\"https:\\\/\\\/ppdegalicia.com\\\/es\\\/?s={search_term_string}\"},\"query-input\":{\"@type\":\"PropertyValueSpecification\",\"valueRequired\":true,\"valueName\":\"search_term_string\"}}],\"inLanguage\":\"es\"},{\"@type\":\"Organization\",\"@id\":\"https:\\\/\\\/ppdegalicia.com\\\/es\\\/#organization\",\"name\":\"Partido Popular de Galicia\",\"alternateName\":\"PP de Galicia\",\"url\":\"https:\\\/\\\/ppdegalicia.com\\\/es\\\/\",\"logo\":{\"@type\":\"ImageObject\",\"inLanguage\":\"es\",\"@id\":\"https:\\\/\\\/ppdegalicia.com\\\/es\\\/#\\\/schema\\\/logo\\\/image\\\/\",\"url\":\"https:\\\/\\\/ppdegalicia.com\\\/wp-content\\\/uploads\\\/2023\\\/04\\\/logoPP512.png\",\"contentUrl\":\"https:\\\/\\\/ppdegalicia.com\\\/wp-content\\\/uploads\\\/2023\\\/04\\\/logoPP512.png\",\"width\":512,\"height\":512,\"caption\":\"Partido Popular de Galicia\"},\"image\":{\"@id\":\"https:\\\/\\\/ppdegalicia.com\\\/es\\\/#\\\/schema\\\/logo\\\/image\\\/\"},\"sameAs\":[\"https:\\\/\\\/www.instagram.com\\\/ppdegalicia\\\/\",\"https:\\\/\\\/x.com\\\/ppdegalicia\",\"https:\\\/\\\/www.tiktok.com\\\/@ppdegalicia\",\"https:\\\/\\\/www.youtube.com\\\/user\\\/ppdegalicia\"]},{\"@type\":\"Person\",\"@id\":\"https:\\\/\\\/ppdegalicia.com\\\/es\\\/#\\\/schema\\\/person\\\/5b822c6f59e872ebdd1142f307dbcb59\",\"name\":\"ppdegaliciaredes\",\"image\":{\"@type\":\"ImageObject\",\"inLanguage\":\"es\",\"@id\":\"https:\\\/\\\/secure.gravatar.com\\\/avatar\\\/3c9179cf0256d00c72a48d1f25783c58b6842cd56e85ef3a572881c8e28ccd59?s=96&d=mm&r=g\",\"url\":\"https:\\\/\\\/secure.gravatar.com\\\/avatar\\\/3c9179cf0256d00c72a48d1f25783c58b6842cd56e85ef3a572881c8e28ccd59?s=96&d=mm&r=g\",\"contentUrl\":\"https:\\\/\\\/secure.gravatar.com\\\/avatar\\\/3c9179cf0256d00c72a48d1f25783c58b6842cd56e85ef3a572881c8e28ccd59?s=96&d=mm&r=g\",\"caption\":\"ppdegaliciaredes\"},\"url\":\"https:\\\/\\\/ppdegalicia.com\\\/es\\\/author\\\/ppdegaliciaredes\\\/\"}]}<\/script>\n<!-- \/ Yoast SEO plugin. -->","yoast_head_json":{"title":"O PPdeG di que, fronte \u00e1s dilaci\u00f3ns inxustificadas do concello e da Zona Franca, hai unha Xunta que cumpre coa urbanizaci\u00f3n da ETEA - PP de Galicia","description":"O PPdeG urxiu ao Concello de Vigo e ao Consorcio da Zona Franca a reafirmar o seu compromiso e avanzar, con pasos certos, narecuperaci\u00f3n dos antigos terreos da ETEA; tras demorar m\u00e1is de oito meses a sinatura do convenio coa Xunta para a urbanizaci\u00f3n do \u00e1mbito da PS1, fundamental para actuar neste espazo e no que a Administraci\u00f3n auton\u00f3mica ten comprometido un investimento de 10,5M\u20ac.","robots":{"index":"index","follow":"follow","max-snippet":"max-snippet:-1","max-image-preview":"max-image-preview:large","max-video-preview":"max-video-preview:-1"},"canonical":"https:\/\/ppdegalicia.com\/es\/o-ppdeg-di-que-fronte-as-dilacions-inxustificadas-do-concello-e-da-zona-franca-hai-unha-xunta-que-cumpre-coa-urbanizacion-da-etea\/","og_locale":"es_ES","og_type":"article","og_title":"O PPdeG di que, fronte \u00e1s dilaci\u00f3ns inxustificadas do concello e da Zona Franca, hai unha Xunta que cumpre coa urbanizaci\u00f3n da ETEA - PP de Galicia","og_description":"O PPdeG urxiu ao Concello de Vigo e ao Consorcio da Zona Franca a reafirmar o seu compromiso e avanzar, con pasos certos, narecuperaci\u00f3n dos antigos terreos da ETEA; tras demorar m\u00e1is de oito meses a sinatura do convenio coa Xunta para a urbanizaci\u00f3n do \u00e1mbito da PS1, fundamental para actuar neste espazo e no que a Administraci\u00f3n auton\u00f3mica ten comprometido un investimento de 10,5M\u20ac.","og_url":"https:\/\/ppdegalicia.com\/es\/o-ppdeg-di-que-fronte-as-dilacions-inxustificadas-do-concello-e-da-zona-franca-hai-unha-xunta-que-cumpre-coa-urbanizacion-da-etea\/","og_site_name":"PP de Galicia","article_publisher":"https:\/\/www.instagram.com\/ppdegalicia\/","article_published_time":"2026-03-09T15:40:46+00:00","article_modified_time":"2026-03-10T15:44:20+00:00","og_image":[{"width":2400,"height":1600,"url":"https:\/\/ppdegalicia.com\/wp-content\/uploads\/2026\/03\/20260309-Felisa-Rodriguez-e-Miguel-Fidalgo_2.jpg","type":"image\/jpeg"}],"author":"ppdegaliciaredes","twitter_card":"summary_large_image","twitter_creator":"@ppdegalicia","twitter_site":"@ppdegalicia","twitter_misc":{"Escrito por":"ppdegaliciaredes","Tiempo de lectura":"2 minutos"},"schema":{"@context":"https:\/\/schema.org","@graph":[{"@type":"Article","@id":"https:\/\/ppdegalicia.com\/es\/o-ppdeg-di-que-fronte-as-dilacions-inxustificadas-do-concello-e-da-zona-franca-hai-unha-xunta-que-cumpre-coa-urbanizacion-da-etea\/#article","isPartOf":{"@id":"https:\/\/ppdegalicia.com\/es\/o-ppdeg-di-que-fronte-as-dilacions-inxustificadas-do-concello-e-da-zona-franca-hai-unha-xunta-que-cumpre-coa-urbanizacion-da-etea\/"},"author":{"name":"ppdegaliciaredes","@id":"https:\/\/ppdegalicia.com\/es\/#\/schema\/person\/5b822c6f59e872ebdd1142f307dbcb59"},"headline":"O PPdeG di que, fronte \u00e1s dilaci\u00f3ns inxustificadas do concello e da Zona Franca, hai unha Xunta que cumpre coa urbanizaci\u00f3n da ETEA","datePublished":"2026-03-09T15:40:46+00:00","dateModified":"2026-03-10T15:44:20+00:00","mainEntityOfPage":{"@id":"https:\/\/ppdegalicia.com\/es\/o-ppdeg-di-que-fronte-as-dilacions-inxustificadas-do-concello-e-da-zona-franca-hai-unha-xunta-que-cumpre-coa-urbanizacion-da-etea\/"},"wordCount":322,"publisher":{"@id":"https:\/\/ppdegalicia.com\/es\/#organization"},"image":{"@id":"https:\/\/ppdegalicia.com\/es\/o-ppdeg-di-que-fronte-as-dilacions-inxustificadas-do-concello-e-da-zona-franca-hai-unha-xunta-que-cumpre-coa-urbanizacion-da-etea\/#primaryimage"},"thumbnailUrl":"https:\/\/ppdegalicia.com\/wp-content\/uploads\/2026\/03\/20260309-Felisa-Rodriguez-e-Miguel-Fidalgo_2.jpg","articleSection":["Parlamento de Galicia"],"inLanguage":"es"},{"@type":"WebPage","@id":"https:\/\/ppdegalicia.com\/es\/o-ppdeg-di-que-fronte-as-dilacions-inxustificadas-do-concello-e-da-zona-franca-hai-unha-xunta-que-cumpre-coa-urbanizacion-da-etea\/","url":"https:\/\/ppdegalicia.com\/es\/o-ppdeg-di-que-fronte-as-dilacions-inxustificadas-do-concello-e-da-zona-franca-hai-unha-xunta-que-cumpre-coa-urbanizacion-da-etea\/","name":"O PPdeG di que, fronte \u00e1s dilaci\u00f3ns inxustificadas do concello e da Zona Franca, hai unha Xunta que cumpre coa urbanizaci\u00f3n da ETEA - PP de Galicia","isPartOf":{"@id":"https:\/\/ppdegalicia.com\/es\/#website"},"primaryImageOfPage":{"@id":"https:\/\/ppdegalicia.com\/es\/o-ppdeg-di-que-fronte-as-dilacions-inxustificadas-do-concello-e-da-zona-franca-hai-unha-xunta-que-cumpre-coa-urbanizacion-da-etea\/#primaryimage"},"image":{"@id":"https:\/\/ppdegalicia.com\/es\/o-ppdeg-di-que-fronte-as-dilacions-inxustificadas-do-concello-e-da-zona-franca-hai-unha-xunta-que-cumpre-coa-urbanizacion-da-etea\/#primaryimage"},"thumbnailUrl":"https:\/\/ppdegalicia.com\/wp-content\/uploads\/2026\/03\/20260309-Felisa-Rodriguez-e-Miguel-Fidalgo_2.jpg","datePublished":"2026-03-09T15:40:46+00:00","dateModified":"2026-03-10T15:44:20+00:00","description":"O PPdeG urxiu ao Concello de Vigo e ao Consorcio da Zona Franca a reafirmar o seu compromiso e avanzar, con pasos certos, narecuperaci\u00f3n dos antigos terreos da ETEA; tras demorar m\u00e1is de oito meses a sinatura do convenio coa Xunta para a urbanizaci\u00f3n do \u00e1mbito da PS1, fundamental para actuar neste espazo e no que a Administraci\u00f3n auton\u00f3mica ten comprometido un investimento de 10,5M\u20ac.","breadcrumb":{"@id":"https:\/\/ppdegalicia.com\/es\/o-ppdeg-di-que-fronte-as-dilacions-inxustificadas-do-concello-e-da-zona-franca-hai-unha-xunta-que-cumpre-coa-urbanizacion-da-etea\/#breadcrumb"},"inLanguage":"es","potentialAction":[{"@type":"ReadAction","target":["https:\/\/ppdegalicia.com\/es\/o-ppdeg-di-que-fronte-as-dilacions-inxustificadas-do-concello-e-da-zona-franca-hai-unha-xunta-que-cumpre-coa-urbanizacion-da-etea\/"]}]},{"@type":"ImageObject","inLanguage":"es","@id":"https:\/\/ppdegalicia.com\/es\/o-ppdeg-di-que-fronte-as-dilacions-inxustificadas-do-concello-e-da-zona-franca-hai-unha-xunta-que-cumpre-coa-urbanizacion-da-etea\/#primaryimage","url":"https:\/\/ppdegalicia.com\/wp-content\/uploads\/2026\/03\/20260309-Felisa-Rodriguez-e-Miguel-Fidalgo_2.jpg","contentUrl":"https:\/\/ppdegalicia.com\/wp-content\/uploads\/2026\/03\/20260309-Felisa-Rodriguez-e-Miguel-Fidalgo_2.jpg","width":2400,"height":1600},{"@type":"BreadcrumbList","@id":"https:\/\/ppdegalicia.com\/es\/o-ppdeg-di-que-fronte-as-dilacions-inxustificadas-do-concello-e-da-zona-franca-hai-unha-xunta-que-cumpre-coa-urbanizacion-da-etea\/#breadcrumb","itemListElement":[{"@type":"ListItem","position":1,"name":"Portada","item":"https:\/\/ppdegalicia.com\/es\/"},{"@type":"ListItem","position":2,"name":"O PPdeG di que, fronte \u00e1s dilaci\u00f3ns inxustificadas do concello e da Zona Franca, hai unha Xunta que cumpre coa urbanizaci\u00f3n da ETEA"}]},{"@type":"WebSite","@id":"https:\/\/ppdegalicia.com\/es\/#website","url":"https:\/\/ppdegalicia.com\/es\/","name":"Partido Popular de Galicia","description":"Partido Popular de Galicia","publisher":{"@id":"https:\/\/ppdegalicia.com\/es\/#organization"},"alternateName":"PP de Galicia","potentialAction":[{"@type":"SearchAction","target":{"@type":"EntryPoint","urlTemplate":"https:\/\/ppdegalicia.com\/es\/?s={search_term_string}"},"query-input":{"@type":"PropertyValueSpecification","valueRequired":true,"valueName":"search_term_string"}}],"inLanguage":"es"},{"@type":"Organization","@id":"https:\/\/ppdegalicia.com\/es\/#organization","name":"Partido Popular de Galicia","alternateName":"PP de Galicia","url":"https:\/\/ppdegalicia.com\/es\/","logo":{"@type":"ImageObject","inLanguage":"es","@id":"https:\/\/ppdegalicia.com\/es\/#\/schema\/logo\/image\/","url":"https:\/\/ppdegalicia.com\/wp-content\/uploads\/2023\/04\/logoPP512.png","contentUrl":"https:\/\/ppdegalicia.com\/wp-content\/uploads\/2023\/04\/logoPP512.png","width":512,"height":512,"caption":"Partido Popular de Galicia"},"image":{"@id":"https:\/\/ppdegalicia.com\/es\/#\/schema\/logo\/image\/"},"sameAs":["https:\/\/www.instagram.com\/ppdegalicia\/","https:\/\/x.com\/ppdegalicia","https:\/\/www.tiktok.com\/@ppdegalicia","https:\/\/www.youtube.com\/user\/ppdegalicia"]},{"@type":"Person","@id":"https:\/\/ppdegalicia.com\/es\/#\/schema\/person\/5b822c6f59e872ebdd1142f307dbcb59","name":"ppdegaliciaredes","image":{"@type":"ImageObject","inLanguage":"es","@id":"https:\/\/secure.gravatar.com\/avatar\/3c9179cf0256d00c72a48d1f25783c58b6842cd56e85ef3a572881c8e28ccd59?s=96&d=mm&r=g","url":"https:\/\/secure.gravatar.com\/avatar\/3c9179cf0256d00c72a48d1f25783c58b6842cd56e85ef3a572881c8e28ccd59?s=96&d=mm&r=g","contentUrl":"https:\/\/secure.gravatar.com\/avatar\/3c9179cf0256d00c72a48d1f25783c58b6842cd56e85ef3a572881c8e28ccd59?s=96&d=mm&r=g","caption":"ppdegaliciaredes"},"url":"https:\/\/ppdegalicia.com\/es\/author\/ppdegaliciaredes\/"}]}},"_links":{"self":[{"href":"https:\/\/ppdegalicia.com\/es\/wp-json\/wp\/v2\/posts\/70566","targetHints":{"allow":["GET"]}}],"collection":[{"href":"https:\/\/ppdegalicia.com\/es\/wp-json\/wp\/v2\/posts"}],"about":[{"href":"https:\/\/ppdegalicia.com\/es\/wp-json\/wp\/v2\/types\/post"}],"author":[{"embeddable":true,"href":"https:\/\/ppdegalicia.com\/es\/wp-json\/wp\/v2\/users\/38"}],"replies":[{"embeddable":true,"href":"https:\/\/ppdegalicia.com\/es\/wp-json\/wp\/v2\/comments?post=70566"}],"version-history":[{"count":1,"href":"https:\/\/ppdegalicia.com\/es\/wp-json\/wp\/v2\/posts\/70566\/revisions"}],"predecessor-version":[{"id":70569,"href":"https:\/\/ppdegalicia.com\/es\/wp-json\/wp\/v2\/posts\/70566\/revisions\/70569"}],"wp:featuredmedia":[{"embeddable":true,"href":"https:\/\/ppdegalicia.com\/es\/wp-json\/wp\/v2\/media\/70567"}],"wp:attachment":[{"href":"https:\/\/ppdegalicia.com\/es\/wp-json\/wp\/v2\/media?parent=70566"}],"wp:term":[{"taxonomy":"category","embeddable":true,"href":"https:\/\/ppdegalicia.com\/es\/wp-json\/wp\/v2\/categories?post=70566"},{"taxonomy":"post_tag","embeddable":true,"href":"https:\/\/ppdegalicia.com\/es\/wp-json\/wp\/v2\/tags?post=70566"}],"curies":[{"name":"wp","href":"https:\/\/api.w.org\/{rel}","templated":true}]}}