{"id":70583,"date":"2026-03-12T12:01:29","date_gmt":"2026-03-12T11:01:29","guid":{"rendered":"https:\/\/ppdegalicia.com\/?p=70583"},"modified":"2026-03-12T12:01:29","modified_gmt":"2026-03-12T11:01:29","slug":"el-ppdeg-demanda-en-bruselas-una-simplificacion-de-las-ventas-de-vino-para-que-las-cinco-denominaciones-de-origen-gallegas-sean-imparables-en-el-mercado-europeo","status":"publish","type":"post","link":"https:\/\/ppdegalicia.com\/es\/el-ppdeg-demanda-en-bruselas-una-simplificacion-de-las-ventas-de-vino-para-que-las-cinco-denominaciones-de-origen-gallegas-sean-imparables-en-el-mercado-europeo\/","title":{"rendered":"El PPdeG demanda en Bruselas una simplificaci\u00f3n de las ventas de vino para que las cinco denominaciones de origen gallegas sean \u201cimparables\u201d en el mercado europeo"},"content":{"rendered":"<p style=\"font-weight: 400;\">El eurodiputado del PPdeG Adri\u00e1n V\u00e1zquez\u00a0demand\u00f3\u00a0en la Comisi\u00f3n Europea una simplificaci\u00f3n de las ventas de vino dentro del mercado \u00fanico, poniendo en valor las cinco denominaciones de origen vin\u00edcolas como \u201cs\u00edmbolo de identidad\u201d de Galicia.<\/p>\n<p style=\"font-weight: 400;\">\u201cLos gallegos nos sentimos orgullosos de nuestras cinco\u00a0D.O.\u00a0y sabemos que, si les proporcionamos el marco adecuado para competir en igualdad de condiciones, son imparables en el mercado europeo\u201d, se\u00f1al\u00f3.<\/p>\n<p style=\"font-weight: 400;\">As\u00ed lo defendi\u00f3 durante la sesi\u00f3n plenaria de Estrasburgo, donde la eurodiputada popular Esther Herranz impuls\u00f3 esta demanda, ante la \u201cnecesidad\u201d de reforzar la integraci\u00f3n del mercado \u00fanico y facilitar las ventas directas entre empresas y consumidores del sector.<\/p>\n<p style=\"font-weight: 400;\">Los populares criticaron los \u201cobst\u00e1culos administrativos injustificados\u201d para las empresas vin\u00edcolas, demandando un mercado europeo \u201cverdaderamente integrado\u201d para que favorezca la competitividad del sector. As\u00ed, citan como ejemplo las bodegas que, a causa de estas barreras administrativas, ven c\u00f3mo la venta online de vino entre pa\u00edses productores y consumidores \u201cse hace m\u00e1s dif\u00edcil\u201d.<\/p>\n<p style=\"font-weight: 400;\"><strong><u>UN MODELO DE VENTANILLA \u00daNICA<\/u><\/strong><\/p>\n<p style=\"font-weight: 400;\">Conscientes de la importancia del mercado europeo para las empresas vit\u00edcolas espa\u00f1olas, los populares solicitaron a la Comisi\u00f3n Europea medidas concretas para profundizar la integraci\u00f3n del mercado \u00fanico, revisar barreras administrativas e instaurar un modelo de ventanilla \u00fanica para el pago de los impuestos especiales.<\/p>\n<p style=\"font-weight: 400;\">El PPdeG espera que la Comisi\u00f3n Europea responda en los pr\u00f3ximos meses, proporcionando un marco \u201cm\u00e1s claro\u201d sobre sus planes para eliminar barreras y mejorar la integraci\u00f3n transnacional en el mercado interior del sector del vino.<\/p>\n","protected":false},"excerpt":{"rendered":"<p>El eurodiputado del PPdeG Adri\u00e1n V\u00e1zquez\u00a0demand\u00f3\u00a0en la Comisi\u00f3n Europea una simplificaci\u00f3n de las ventas de vino dentro del mercado \u00fanico, poniendo en valor las cinco denominaciones de origen vin\u00edcolas como \u201cs\u00edmbolo de identidad\u201d de Galicia. \u201cLos gallegos nos sentimos orgullosos de nuestras cinco\u00a0D.O.\u00a0y sabemos que, si les proporcionamos el marco adecuado para competir en igualdad [&hellip;]<\/p>\n","protected":false},"author":38,"featured_media":70453,"comment_status":"closed","ping_status":"open","sticky":false,"template":"","format":"standard","meta":{"_acf_changed":false,"footnotes":""},"categories":[1127],"tags":[],"class_list":["post-70583","post","type-post","status-publish","format-standard","has-post-thumbnail","hentry","category-actualidad-parlamento-europeo"],"acf":[],"yoast_head":"<!-- This site is optimized with the Yoast SEO plugin v27.3 - https:\/\/yoast.com\/product\/yoast-seo-wordpress\/ -->\n<title>El PPdeG demanda en Bruselas una simplificaci\u00f3n de las ventas de vino para que las cinco denominaciones de origen gallegas sean \u201cimparables\u201d en el mercado europeo - PP de Galicia<\/title>\n<meta name=\"description\" content=\"El eurodiputado del PPdeG Adri\u00e1n V\u00e1zquez\u00a0demand\u00f3\u00a0en la Comisi\u00f3n Europea una simplificaci\u00f3n de las ventas de vino dentro del mercado \u00fanico, poniendo en valor las cinco denominaciones de origen vin\u00edcolas como \u201cs\u00edmbolo de identidad\u201d de Galicia.\" \/>\n<meta name=\"robots\" content=\"index, follow, max-snippet:-1, max-image-preview:large, max-video-preview:-1\" \/>\n<link rel=\"canonical\" href=\"https:\/\/ppdegalicia.com\/es\/el-ppdeg-demanda-en-bruselas-una-simplificacion-de-las-ventas-de-vino-para-que-las-cinco-denominaciones-de-origen-gallegas-sean-imparables-en-el-mercado-europeo\/\" \/>\n<meta property=\"og:locale\" content=\"es_ES\" \/>\n<meta property=\"og:type\" content=\"article\" \/>\n<meta property=\"og:title\" content=\"El PPdeG demanda en Bruselas una simplificaci\u00f3n de las ventas de vino para que las cinco denominaciones de origen gallegas sean \u201cimparables\u201d en el mercado europeo - PP de Galicia\" \/>\n<meta property=\"og:description\" content=\"El eurodiputado del PPdeG Adri\u00e1n V\u00e1zquez\u00a0demand\u00f3\u00a0en la Comisi\u00f3n Europea una simplificaci\u00f3n de las ventas de vino dentro del mercado \u00fanico, poniendo en valor las cinco denominaciones de origen vin\u00edcolas como \u201cs\u00edmbolo de identidad\u201d de Galicia.\" \/>\n<meta property=\"og:url\" content=\"https:\/\/ppdegalicia.com\/es\/el-ppdeg-demanda-en-bruselas-una-simplificacion-de-las-ventas-de-vino-para-que-las-cinco-denominaciones-de-origen-gallegas-sean-imparables-en-el-mercado-europeo\/\" \/>\n<meta property=\"og:site_name\" content=\"PP de Galicia\" \/>\n<meta property=\"article:publisher\" content=\"https:\/\/www.instagram.com\/ppdegalicia\/\" \/>\n<meta property=\"article:published_time\" content=\"2026-03-12T11:01:29+00:00\" \/>\n<meta property=\"og:image\" content=\"https:\/\/ppdegalicia.com\/wp-content\/uploads\/2026\/03\/AVazquez-scaled.jpg\" \/>\n\t<meta property=\"og:image:width\" content=\"2560\" \/>\n\t<meta property=\"og:image:height\" content=\"1707\" \/>\n\t<meta property=\"og:image:type\" content=\"image\/jpeg\" \/>\n<meta name=\"author\" content=\"ppdegaliciaredes\" \/>\n<meta name=\"twitter:card\" content=\"summary_large_image\" \/>\n<meta name=\"twitter:creator\" content=\"@ppdegalicia\" \/>\n<meta name=\"twitter:site\" content=\"@ppdegalicia\" \/>\n<meta name=\"twitter:label1\" content=\"Escrito por\" \/>\n\t<meta name=\"twitter:data1\" content=\"ppdegaliciaredes\" \/>\n\t<meta name=\"twitter:label2\" content=\"Tiempo de lectura\" \/>\n\t<meta name=\"twitter:data2\" content=\"2 minutos\" \/>\n<script type=\"application\/ld+json\" class=\"yoast-schema-graph\">{\"@context\":\"https:\\\/\\\/schema.org\",\"@graph\":[{\"@type\":\"Article\",\"@id\":\"https:\\\/\\\/ppdegalicia.com\\\/es\\\/el-ppdeg-demanda-en-bruselas-una-simplificacion-de-las-ventas-de-vino-para-que-las-cinco-denominaciones-de-origen-gallegas-sean-imparables-en-el-mercado-europeo\\\/#article\",\"isPartOf\":{\"@id\":\"https:\\\/\\\/ppdegalicia.com\\\/es\\\/el-ppdeg-demanda-en-bruselas-una-simplificacion-de-las-ventas-de-vino-para-que-las-cinco-denominaciones-de-origen-gallegas-sean-imparables-en-el-mercado-europeo\\\/\"},\"author\":{\"name\":\"ppdegaliciaredes\",\"@id\":\"https:\\\/\\\/ppdegalicia.com\\\/es\\\/#\\\/schema\\\/person\\\/5b822c6f59e872ebdd1142f307dbcb59\"},\"headline\":\"El PPdeG demanda en Bruselas una simplificaci\u00f3n de las ventas de vino para que las cinco denominaciones de origen gallegas sean \u201cimparables\u201d en el mercado europeo\",\"datePublished\":\"2026-03-12T11:01:29+00:00\",\"mainEntityOfPage\":{\"@id\":\"https:\\\/\\\/ppdegalicia.com\\\/es\\\/el-ppdeg-demanda-en-bruselas-una-simplificacion-de-las-ventas-de-vino-para-que-las-cinco-denominaciones-de-origen-gallegas-sean-imparables-en-el-mercado-europeo\\\/\"},\"wordCount\":297,\"publisher\":{\"@id\":\"https:\\\/\\\/ppdegalicia.com\\\/es\\\/#organization\"},\"image\":{\"@id\":\"https:\\\/\\\/ppdegalicia.com\\\/es\\\/el-ppdeg-demanda-en-bruselas-una-simplificacion-de-las-ventas-de-vino-para-que-las-cinco-denominaciones-de-origen-gallegas-sean-imparables-en-el-mercado-europeo\\\/#primaryimage\"},\"thumbnailUrl\":\"https:\\\/\\\/ppdegalicia.com\\\/wp-content\\\/uploads\\\/2026\\\/03\\\/AVazquez-scaled.jpg\",\"articleSection\":[\"Parlamento Europeo\"],\"inLanguage\":\"es\"},{\"@type\":\"WebPage\",\"@id\":\"https:\\\/\\\/ppdegalicia.com\\\/es\\\/el-ppdeg-demanda-en-bruselas-una-simplificacion-de-las-ventas-de-vino-para-que-las-cinco-denominaciones-de-origen-gallegas-sean-imparables-en-el-mercado-europeo\\\/\",\"url\":\"https:\\\/\\\/ppdegalicia.com\\\/es\\\/el-ppdeg-demanda-en-bruselas-una-simplificacion-de-las-ventas-de-vino-para-que-las-cinco-denominaciones-de-origen-gallegas-sean-imparables-en-el-mercado-europeo\\\/\",\"name\":\"El PPdeG demanda en Bruselas una simplificaci\u00f3n de las ventas de vino para que las cinco denominaciones de origen gallegas sean \u201cimparables\u201d en el mercado europeo - PP de Galicia\",\"isPartOf\":{\"@id\":\"https:\\\/\\\/ppdegalicia.com\\\/es\\\/#website\"},\"primaryImageOfPage\":{\"@id\":\"https:\\\/\\\/ppdegalicia.com\\\/es\\\/el-ppdeg-demanda-en-bruselas-una-simplificacion-de-las-ventas-de-vino-para-que-las-cinco-denominaciones-de-origen-gallegas-sean-imparables-en-el-mercado-europeo\\\/#primaryimage\"},\"image\":{\"@id\":\"https:\\\/\\\/ppdegalicia.com\\\/es\\\/el-ppdeg-demanda-en-bruselas-una-simplificacion-de-las-ventas-de-vino-para-que-las-cinco-denominaciones-de-origen-gallegas-sean-imparables-en-el-mercado-europeo\\\/#primaryimage\"},\"thumbnailUrl\":\"https:\\\/\\\/ppdegalicia.com\\\/wp-content\\\/uploads\\\/2026\\\/03\\\/AVazquez-scaled.jpg\",\"datePublished\":\"2026-03-12T11:01:29+00:00\",\"description\":\"El eurodiputado del PPdeG Adri\u00e1n V\u00e1zquez\u00a0demand\u00f3\u00a0en la Comisi\u00f3n Europea una simplificaci\u00f3n de las ventas de vino dentro del mercado \u00fanico, poniendo en valor las cinco denominaciones de origen vin\u00edcolas como \u201cs\u00edmbolo de identidad\u201d de Galicia.\",\"breadcrumb\":{\"@id\":\"https:\\\/\\\/ppdegalicia.com\\\/es\\\/el-ppdeg-demanda-en-bruselas-una-simplificacion-de-las-ventas-de-vino-para-que-las-cinco-denominaciones-de-origen-gallegas-sean-imparables-en-el-mercado-europeo\\\/#breadcrumb\"},\"inLanguage\":\"es\",\"potentialAction\":[{\"@type\":\"ReadAction\",\"target\":[\"https:\\\/\\\/ppdegalicia.com\\\/es\\\/el-ppdeg-demanda-en-bruselas-una-simplificacion-de-las-ventas-de-vino-para-que-las-cinco-denominaciones-de-origen-gallegas-sean-imparables-en-el-mercado-europeo\\\/\"]}]},{\"@type\":\"ImageObject\",\"inLanguage\":\"es\",\"@id\":\"https:\\\/\\\/ppdegalicia.com\\\/es\\\/el-ppdeg-demanda-en-bruselas-una-simplificacion-de-las-ventas-de-vino-para-que-las-cinco-denominaciones-de-origen-gallegas-sean-imparables-en-el-mercado-europeo\\\/#primaryimage\",\"url\":\"https:\\\/\\\/ppdegalicia.com\\\/wp-content\\\/uploads\\\/2026\\\/03\\\/AVazquez-scaled.jpg\",\"contentUrl\":\"https:\\\/\\\/ppdegalicia.com\\\/wp-content\\\/uploads\\\/2026\\\/03\\\/AVazquez-scaled.jpg\",\"width\":2560,\"height\":1707},{\"@type\":\"BreadcrumbList\",\"@id\":\"https:\\\/\\\/ppdegalicia.com\\\/es\\\/el-ppdeg-demanda-en-bruselas-una-simplificacion-de-las-ventas-de-vino-para-que-las-cinco-denominaciones-de-origen-gallegas-sean-imparables-en-el-mercado-europeo\\\/#breadcrumb\",\"itemListElement\":[{\"@type\":\"ListItem\",\"position\":1,\"name\":\"Portada\",\"item\":\"https:\\\/\\\/ppdegalicia.com\\\/es\\\/\"},{\"@type\":\"ListItem\",\"position\":2,\"name\":\"El PPdeG demanda en Bruselas una simplificaci\u00f3n de las ventas de vino para que las cinco denominaciones de origen gallegas sean \u201cimparables\u201d en el mercado europeo\"}]},{\"@type\":\"WebSite\",\"@id\":\"https:\\\/\\\/ppdegalicia.com\\\/es\\\/#website\",\"url\":\"https:\\\/\\\/ppdegalicia.com\\\/es\\\/\",\"name\":\"Partido Popular de Galicia\",\"description\":\"Partido Popular de Galicia\",\"publisher\":{\"@id\":\"https:\\\/\\\/ppdegalicia.com\\\/es\\\/#organization\"},\"alternateName\":\"PP de Galicia\",\"potentialAction\":[{\"@type\":\"SearchAction\",\"target\":{\"@type\":\"EntryPoint\",\"urlTemplate\":\"https:\\\/\\\/ppdegalicia.com\\\/es\\\/?s={search_term_string}\"},\"query-input\":{\"@type\":\"PropertyValueSpecification\",\"valueRequired\":true,\"valueName\":\"search_term_string\"}}],\"inLanguage\":\"es\"},{\"@type\":\"Organization\",\"@id\":\"https:\\\/\\\/ppdegalicia.com\\\/es\\\/#organization\",\"name\":\"Partido Popular de Galicia\",\"alternateName\":\"PP de Galicia\",\"url\":\"https:\\\/\\\/ppdegalicia.com\\\/es\\\/\",\"logo\":{\"@type\":\"ImageObject\",\"inLanguage\":\"es\",\"@id\":\"https:\\\/\\\/ppdegalicia.com\\\/es\\\/#\\\/schema\\\/logo\\\/image\\\/\",\"url\":\"https:\\\/\\\/ppdegalicia.com\\\/wp-content\\\/uploads\\\/2023\\\/04\\\/logoPP512.png\",\"contentUrl\":\"https:\\\/\\\/ppdegalicia.com\\\/wp-content\\\/uploads\\\/2023\\\/04\\\/logoPP512.png\",\"width\":512,\"height\":512,\"caption\":\"Partido Popular de Galicia\"},\"image\":{\"@id\":\"https:\\\/\\\/ppdegalicia.com\\\/es\\\/#\\\/schema\\\/logo\\\/image\\\/\"},\"sameAs\":[\"https:\\\/\\\/www.instagram.com\\\/ppdegalicia\\\/\",\"https:\\\/\\\/x.com\\\/ppdegalicia\",\"https:\\\/\\\/www.tiktok.com\\\/@ppdegalicia\",\"https:\\\/\\\/www.youtube.com\\\/user\\\/ppdegalicia\"]},{\"@type\":\"Person\",\"@id\":\"https:\\\/\\\/ppdegalicia.com\\\/es\\\/#\\\/schema\\\/person\\\/5b822c6f59e872ebdd1142f307dbcb59\",\"name\":\"ppdegaliciaredes\",\"image\":{\"@type\":\"ImageObject\",\"inLanguage\":\"es\",\"@id\":\"https:\\\/\\\/secure.gravatar.com\\\/avatar\\\/3c9179cf0256d00c72a48d1f25783c58b6842cd56e85ef3a572881c8e28ccd59?s=96&d=mm&r=g\",\"url\":\"https:\\\/\\\/secure.gravatar.com\\\/avatar\\\/3c9179cf0256d00c72a48d1f25783c58b6842cd56e85ef3a572881c8e28ccd59?s=96&d=mm&r=g\",\"contentUrl\":\"https:\\\/\\\/secure.gravatar.com\\\/avatar\\\/3c9179cf0256d00c72a48d1f25783c58b6842cd56e85ef3a572881c8e28ccd59?s=96&d=mm&r=g\",\"caption\":\"ppdegaliciaredes\"},\"url\":\"https:\\\/\\\/ppdegalicia.com\\\/es\\\/author\\\/ppdegaliciaredes\\\/\"}]}<\/script>\n<!-- \/ Yoast SEO plugin. -->","yoast_head_json":{"title":"El PPdeG demanda en Bruselas una simplificaci\u00f3n de las ventas de vino para que las cinco denominaciones de origen gallegas sean \u201cimparables\u201d en el mercado europeo - PP de Galicia","description":"El eurodiputado del PPdeG Adri\u00e1n V\u00e1zquez\u00a0demand\u00f3\u00a0en la Comisi\u00f3n Europea una simplificaci\u00f3n de las ventas de vino dentro del mercado \u00fanico, poniendo en valor las cinco denominaciones de origen vin\u00edcolas como \u201cs\u00edmbolo de identidad\u201d de Galicia.","robots":{"index":"index","follow":"follow","max-snippet":"max-snippet:-1","max-image-preview":"max-image-preview:large","max-video-preview":"max-video-preview:-1"},"canonical":"https:\/\/ppdegalicia.com\/es\/el-ppdeg-demanda-en-bruselas-una-simplificacion-de-las-ventas-de-vino-para-que-las-cinco-denominaciones-de-origen-gallegas-sean-imparables-en-el-mercado-europeo\/","og_locale":"es_ES","og_type":"article","og_title":"El PPdeG demanda en Bruselas una simplificaci\u00f3n de las ventas de vino para que las cinco denominaciones de origen gallegas sean \u201cimparables\u201d en el mercado europeo - PP de Galicia","og_description":"El eurodiputado del PPdeG Adri\u00e1n V\u00e1zquez\u00a0demand\u00f3\u00a0en la Comisi\u00f3n Europea una simplificaci\u00f3n de las ventas de vino dentro del mercado \u00fanico, poniendo en valor las cinco denominaciones de origen vin\u00edcolas como \u201cs\u00edmbolo de identidad\u201d de Galicia.","og_url":"https:\/\/ppdegalicia.com\/es\/el-ppdeg-demanda-en-bruselas-una-simplificacion-de-las-ventas-de-vino-para-que-las-cinco-denominaciones-de-origen-gallegas-sean-imparables-en-el-mercado-europeo\/","og_site_name":"PP de Galicia","article_publisher":"https:\/\/www.instagram.com\/ppdegalicia\/","article_published_time":"2026-03-12T11:01:29+00:00","og_image":[{"width":2560,"height":1707,"url":"https:\/\/ppdegalicia.com\/wp-content\/uploads\/2026\/03\/AVazquez-scaled.jpg","type":"image\/jpeg"}],"author":"ppdegaliciaredes","twitter_card":"summary_large_image","twitter_creator":"@ppdegalicia","twitter_site":"@ppdegalicia","twitter_misc":{"Escrito por":"ppdegaliciaredes","Tiempo de lectura":"2 minutos"},"schema":{"@context":"https:\/\/schema.org","@graph":[{"@type":"Article","@id":"https:\/\/ppdegalicia.com\/es\/el-ppdeg-demanda-en-bruselas-una-simplificacion-de-las-ventas-de-vino-para-que-las-cinco-denominaciones-de-origen-gallegas-sean-imparables-en-el-mercado-europeo\/#article","isPartOf":{"@id":"https:\/\/ppdegalicia.com\/es\/el-ppdeg-demanda-en-bruselas-una-simplificacion-de-las-ventas-de-vino-para-que-las-cinco-denominaciones-de-origen-gallegas-sean-imparables-en-el-mercado-europeo\/"},"author":{"name":"ppdegaliciaredes","@id":"https:\/\/ppdegalicia.com\/es\/#\/schema\/person\/5b822c6f59e872ebdd1142f307dbcb59"},"headline":"El PPdeG demanda en Bruselas una simplificaci\u00f3n de las ventas de vino para que las cinco denominaciones de origen gallegas sean \u201cimparables\u201d en el mercado europeo","datePublished":"2026-03-12T11:01:29+00:00","mainEntityOfPage":{"@id":"https:\/\/ppdegalicia.com\/es\/el-ppdeg-demanda-en-bruselas-una-simplificacion-de-las-ventas-de-vino-para-que-las-cinco-denominaciones-de-origen-gallegas-sean-imparables-en-el-mercado-europeo\/"},"wordCount":297,"publisher":{"@id":"https:\/\/ppdegalicia.com\/es\/#organization"},"image":{"@id":"https:\/\/ppdegalicia.com\/es\/el-ppdeg-demanda-en-bruselas-una-simplificacion-de-las-ventas-de-vino-para-que-las-cinco-denominaciones-de-origen-gallegas-sean-imparables-en-el-mercado-europeo\/#primaryimage"},"thumbnailUrl":"https:\/\/ppdegalicia.com\/wp-content\/uploads\/2026\/03\/AVazquez-scaled.jpg","articleSection":["Parlamento Europeo"],"inLanguage":"es"},{"@type":"WebPage","@id":"https:\/\/ppdegalicia.com\/es\/el-ppdeg-demanda-en-bruselas-una-simplificacion-de-las-ventas-de-vino-para-que-las-cinco-denominaciones-de-origen-gallegas-sean-imparables-en-el-mercado-europeo\/","url":"https:\/\/ppdegalicia.com\/es\/el-ppdeg-demanda-en-bruselas-una-simplificacion-de-las-ventas-de-vino-para-que-las-cinco-denominaciones-de-origen-gallegas-sean-imparables-en-el-mercado-europeo\/","name":"El PPdeG demanda en Bruselas una simplificaci\u00f3n de las ventas de vino para que las cinco denominaciones de origen gallegas sean \u201cimparables\u201d en el mercado europeo - PP de Galicia","isPartOf":{"@id":"https:\/\/ppdegalicia.com\/es\/#website"},"primaryImageOfPage":{"@id":"https:\/\/ppdegalicia.com\/es\/el-ppdeg-demanda-en-bruselas-una-simplificacion-de-las-ventas-de-vino-para-que-las-cinco-denominaciones-de-origen-gallegas-sean-imparables-en-el-mercado-europeo\/#primaryimage"},"image":{"@id":"https:\/\/ppdegalicia.com\/es\/el-ppdeg-demanda-en-bruselas-una-simplificacion-de-las-ventas-de-vino-para-que-las-cinco-denominaciones-de-origen-gallegas-sean-imparables-en-el-mercado-europeo\/#primaryimage"},"thumbnailUrl":"https:\/\/ppdegalicia.com\/wp-content\/uploads\/2026\/03\/AVazquez-scaled.jpg","datePublished":"2026-03-12T11:01:29+00:00","description":"El eurodiputado del PPdeG Adri\u00e1n V\u00e1zquez\u00a0demand\u00f3\u00a0en la Comisi\u00f3n Europea una simplificaci\u00f3n de las ventas de vino dentro del mercado \u00fanico, poniendo en valor las cinco denominaciones de origen vin\u00edcolas como \u201cs\u00edmbolo de identidad\u201d de Galicia.","breadcrumb":{"@id":"https:\/\/ppdegalicia.com\/es\/el-ppdeg-demanda-en-bruselas-una-simplificacion-de-las-ventas-de-vino-para-que-las-cinco-denominaciones-de-origen-gallegas-sean-imparables-en-el-mercado-europeo\/#breadcrumb"},"inLanguage":"es","potentialAction":[{"@type":"ReadAction","target":["https:\/\/ppdegalicia.com\/es\/el-ppdeg-demanda-en-bruselas-una-simplificacion-de-las-ventas-de-vino-para-que-las-cinco-denominaciones-de-origen-gallegas-sean-imparables-en-el-mercado-europeo\/"]}]},{"@type":"ImageObject","inLanguage":"es","@id":"https:\/\/ppdegalicia.com\/es\/el-ppdeg-demanda-en-bruselas-una-simplificacion-de-las-ventas-de-vino-para-que-las-cinco-denominaciones-de-origen-gallegas-sean-imparables-en-el-mercado-europeo\/#primaryimage","url":"https:\/\/ppdegalicia.com\/wp-content\/uploads\/2026\/03\/AVazquez-scaled.jpg","contentUrl":"https:\/\/ppdegalicia.com\/wp-content\/uploads\/2026\/03\/AVazquez-scaled.jpg","width":2560,"height":1707},{"@type":"BreadcrumbList","@id":"https:\/\/ppdegalicia.com\/es\/el-ppdeg-demanda-en-bruselas-una-simplificacion-de-las-ventas-de-vino-para-que-las-cinco-denominaciones-de-origen-gallegas-sean-imparables-en-el-mercado-europeo\/#breadcrumb","itemListElement":[{"@type":"ListItem","position":1,"name":"Portada","item":"https:\/\/ppdegalicia.com\/es\/"},{"@type":"ListItem","position":2,"name":"El PPdeG demanda en Bruselas una simplificaci\u00f3n de las ventas de vino para que las cinco denominaciones de origen gallegas sean \u201cimparables\u201d en el mercado europeo"}]},{"@type":"WebSite","@id":"https:\/\/ppdegalicia.com\/es\/#website","url":"https:\/\/ppdegalicia.com\/es\/","name":"Partido Popular de Galicia","description":"Partido Popular de Galicia","publisher":{"@id":"https:\/\/ppdegalicia.com\/es\/#organization"},"alternateName":"PP de Galicia","potentialAction":[{"@type":"SearchAction","target":{"@type":"EntryPoint","urlTemplate":"https:\/\/ppdegalicia.com\/es\/?s={search_term_string}"},"query-input":{"@type":"PropertyValueSpecification","valueRequired":true,"valueName":"search_term_string"}}],"inLanguage":"es"},{"@type":"Organization","@id":"https:\/\/ppdegalicia.com\/es\/#organization","name":"Partido Popular de Galicia","alternateName":"PP de Galicia","url":"https:\/\/ppdegalicia.com\/es\/","logo":{"@type":"ImageObject","inLanguage":"es","@id":"https:\/\/ppdegalicia.com\/es\/#\/schema\/logo\/image\/","url":"https:\/\/ppdegalicia.com\/wp-content\/uploads\/2023\/04\/logoPP512.png","contentUrl":"https:\/\/ppdegalicia.com\/wp-content\/uploads\/2023\/04\/logoPP512.png","width":512,"height":512,"caption":"Partido Popular de Galicia"},"image":{"@id":"https:\/\/ppdegalicia.com\/es\/#\/schema\/logo\/image\/"},"sameAs":["https:\/\/www.instagram.com\/ppdegalicia\/","https:\/\/x.com\/ppdegalicia","https:\/\/www.tiktok.com\/@ppdegalicia","https:\/\/www.youtube.com\/user\/ppdegalicia"]},{"@type":"Person","@id":"https:\/\/ppdegalicia.com\/es\/#\/schema\/person\/5b822c6f59e872ebdd1142f307dbcb59","name":"ppdegaliciaredes","image":{"@type":"ImageObject","inLanguage":"es","@id":"https:\/\/secure.gravatar.com\/avatar\/3c9179cf0256d00c72a48d1f25783c58b6842cd56e85ef3a572881c8e28ccd59?s=96&d=mm&r=g","url":"https:\/\/secure.gravatar.com\/avatar\/3c9179cf0256d00c72a48d1f25783c58b6842cd56e85ef3a572881c8e28ccd59?s=96&d=mm&r=g","contentUrl":"https:\/\/secure.gravatar.com\/avatar\/3c9179cf0256d00c72a48d1f25783c58b6842cd56e85ef3a572881c8e28ccd59?s=96&d=mm&r=g","caption":"ppdegaliciaredes"},"url":"https:\/\/ppdegalicia.com\/es\/author\/ppdegaliciaredes\/"}]}},"_links":{"self":[{"href":"https:\/\/ppdegalicia.com\/es\/wp-json\/wp\/v2\/posts\/70583","targetHints":{"allow":["GET"]}}],"collection":[{"href":"https:\/\/ppdegalicia.com\/es\/wp-json\/wp\/v2\/posts"}],"about":[{"href":"https:\/\/ppdegalicia.com\/es\/wp-json\/wp\/v2\/types\/post"}],"author":[{"embeddable":true,"href":"https:\/\/ppdegalicia.com\/es\/wp-json\/wp\/v2\/users\/38"}],"replies":[{"embeddable":true,"href":"https:\/\/ppdegalicia.com\/es\/wp-json\/wp\/v2\/comments?post=70583"}],"version-history":[{"count":1,"href":"https:\/\/ppdegalicia.com\/es\/wp-json\/wp\/v2\/posts\/70583\/revisions"}],"predecessor-version":[{"id":70584,"href":"https:\/\/ppdegalicia.com\/es\/wp-json\/wp\/v2\/posts\/70583\/revisions\/70584"}],"wp:featuredmedia":[{"embeddable":true,"href":"https:\/\/ppdegalicia.com\/es\/wp-json\/wp\/v2\/media\/70453"}],"wp:attachment":[{"href":"https:\/\/ppdegalicia.com\/es\/wp-json\/wp\/v2\/media?parent=70583"}],"wp:term":[{"taxonomy":"category","embeddable":true,"href":"https:\/\/ppdegalicia.com\/es\/wp-json\/wp\/v2\/categories?post=70583"},{"taxonomy":"post_tag","embeddable":true,"href":"https:\/\/ppdegalicia.com\/es\/wp-json\/wp\/v2\/tags?post=70583"}],"curies":[{"name":"wp","href":"https:\/\/api.w.org\/{rel}","templated":true}]}}