{"id":70586,"date":"2026-03-12T15:10:32","date_gmt":"2026-03-12T14:10:32","guid":{"rendered":"https:\/\/ppdegalicia.com\/?p=70586"},"modified":"2026-03-13T12:17:43","modified_gmt":"2026-03-13T11:17:43","slug":"paula-prado-defende-as-mulleres-lideres-e-valentes-do-ppdeg-como-a-presidenta-dos-populares-en-culleredo-fronte-o-falso-feminismo-da-esquerda","status":"publish","type":"post","link":"https:\/\/ppdegalicia.com\/es\/paula-prado-defende-as-mulleres-lideres-e-valentes-do-ppdeg-como-a-presidenta-dos-populares-en-culleredo-fronte-o-falso-feminismo-da-esquerda\/","title":{"rendered":"Paula Prado defende \u00e1s mulleres \u201cl\u00edderes e valentes\u201d do PPdeG, como a presidenta dos populares en Culleredo, fronte o \u201cfalso feminismo\u201d da esquerda"},"content":{"rendered":"<p style=\"font-weight: 400;\">A secretaria xeral do PPdeG, Paula Prado,\u00a0defendeu hoxe\u00a0a alternativa da nova presidenta do PP de Culleredo, Izaskun Garc\u00eda, como a pr\u00f3xima alcaldesa que merece este concello, actualmente gobernado polo PSOE grazas \u00e1 abstenci\u00f3n do BNG, xerando una situaci\u00f3n\u00a0de\u00a0\u201cincapacidade e perda de oportunidades \u00e1 veci\u00f1anza\u201d. Por este motivo, Prado reivindica a Garc\u00eda como a mellor candidata a alcald\u00eda desta localidade. \u201cNo PP cremos en mulleres l\u00edderes e valentes coma ela, fronte \u00e1s lecci\u00f3ns de falso feminismo da esquerda\u201d, sinala.<\/p>\n<p style=\"font-weight: 400;\">As\u00ed o manifestou a n\u00famero dous dos populares galegos durante unha visita a varios proxectos emprendedores de Culleredo, trala recente elecci\u00f3n de Garc\u00eda como presidenta do PP desta localidade, xusto \u00e1s portas do 8M. Lembrou que o PPdeG \u00e9 o partido con m\u00e1is alcaldesas de toda Galicia -31- e nas elecci\u00f3ns municipais de 2027,\u00a0augurou que Izaskun se sumar\u00e1\u00a0a esta lista.<\/p>\n<p style=\"font-weight: 400;\">Paula Prado, acompa\u00f1ada\u00a0pola presidenta do PP de Culleredo e por membros do seu equipo, visitaron a escola infantil Piratas de la r\u00eda, dirixida por d\u00faas mulleres, as\u00ed como as\u00a0instalaci\u00f3ns\u00a0da construtora Grupo Li\u00f1agar, empresa referente que quixo medrar en Culleredo pero, tal e como lembrou a l\u00edder do PP local, non puido cumprir os seus plans de crecemento \u201cpor falta de xesti\u00f3n municipal\u201d, provocando \u201cperda de emprego e de oportunidades\u201d.<\/p>\n<p style=\"font-weight: 400;\">Prado puxo en valor o proxecto de Izaskun Garc\u00eda e o seu equipo como \u201c\u00fanica alternativa viable\u201d neste concello, fronte a partidos como o PSOE e o BNG que \u201cpresumen de feminismo e igualdade\u201d, cando, en realidade, son \u201cc\u00f3mplices\u201d\u00a0por exemplo do \u201cPacto Guarro\u201d\u00a0que mant\u00e9n a Jos\u00e9 Tom\u00e9 na alcald\u00eda de Monforte de Lemos e como deputado provincial en Lugo, \u201cincluso tras co\u00f1ecer que a Fiscal\u00eda se querela contra el por presunto acoso sexual\u201d.<\/p>\n<p style=\"font-weight: 400;\"><strong><u>APOIO AO EMPRENDEMENTO<\/u><\/strong><\/p>\n<p style=\"font-weight: 400;\">Pola s\u00faa banda, Garc\u00eda agradeceu ao PPdeG o \u201capoio ao liderado feminino, ao emprendemento e a un proxecto claro de futuro para Culleredo\u201d. Na visita realizada \u00e1 escola infantil dirixida por mulleres emprendedoras, reivindicou a estas mulleres como \u201co mellor exemplo de liderado feminino real, creaci\u00f3n de emprego e aposta pola conciliaci\u00f3n\u201d. \u201cDesde a pol\u00edtica temos que estar \u00e1 beira de proxectos como este e facilitar que poidan crecer aqu\u00ed\u201d,\u00a0engadiu.<\/p>\n<p style=\"font-weight: 400;\">Tam\u00e9n abordou a necesidade de aprobar un Plan Xeral que permita resolver os problemas de vivenda, atraer empresas e xerar oportunidades para quen quere vivir e traballar en Culleredo, apostando por unha nova etapa de crecemento e decisi\u00f3ns para o municipio, baixo o lema \u201cContigo, Culleredo decide\u201d.<\/p>\n<p style=\"font-weight: 400;\">\u201cDecide crecer e decide non resignarse. Porque Culleredo non pode conformarse con \u2018ir tirando\u2019, necesita proxecto, planificaci\u00f3n e ambici\u00f3n. Necesita un Concello que dea seguridade e axude, non que po\u00f1a trabas\u201d, engadiu.<\/p>\n<p style=\"font-weight: 400;\"><strong><u>O BNG MANIPULA OUTRA VEZ A LINGUA GALEGA<\/u><\/strong><\/p>\n<p style=\"font-weight: 400;\">Por outra banda, a secretaria xeral do PPdeG fixo referencia \u00e1 manifestaci\u00f3n convocada pola plataforma \u2018Queremos Galego\u2019 este s\u00e1bado. \u201c\u00c9 unha manifestaci\u00f3n m\u00e1is do BNG, eses que se agochan tralas pancartas pero que, seguindo as ordes da UPG, son os verdadeiros\u00a0art\u00edfices\u00a0de intentar xerar algarada\u201d, criticou.<\/p>\n<p style=\"font-weight: 400;\">Para os populares, o independentismo galego \u201cmanipula a lingua galega\u201d e o \u00fanico que conseguen \u201c\u00e9 facer dano\u00a0ao noso idioma\u201d. As\u00ed, tam\u00e9n afeou ao PSOE que \u201cen vez de axudar, fai seguidismo destes comportamentos\u201d.<\/p>\n<p style=\"font-weight: 400;\">\u201cGalicia non merece isto. O idioma galego hai que querelo, pero a protecci\u00f3n do idioma non est\u00e1 na algarada nin na conflitividade\u201d, defendeu Prado, animando ao BNG a defender o Pacto da Lingua promovido polo Goberno galego.<\/p>\n","protected":false},"excerpt":{"rendered":"<p>A secretaria xeral do PPdeG, Paula Prado,\u00a0defendeu hoxe\u00a0a alternativa da nova presidenta do PP de Culleredo, Izaskun Garc\u00eda, como a pr\u00f3xima alcaldesa que merece este concello, actualmente gobernado polo PSOE grazas \u00e1 abstenci\u00f3n do BNG, xerando una situaci\u00f3n\u00a0de\u00a0\u201cincapacidade e perda de oportunidades \u00e1 veci\u00f1anza\u201d. Por este motivo, Prado reivindica a Garc\u00eda como a mellor candidata [&hellip;]<\/p>\n","protected":false},"author":38,"featured_media":70590,"comment_status":"closed","ping_status":"open","sticky":false,"template":"","format":"standard","meta":{"_acf_changed":false,"footnotes":""},"categories":[1],"tags":[],"class_list":["post-70586","post","type-post","status-publish","format-standard","has-post-thumbnail","hentry","category-pp-de-galicia"],"acf":[],"yoast_head":"<!-- This site is optimized with the Yoast SEO plugin v27.3 - https:\/\/yoast.com\/product\/yoast-seo-wordpress\/ -->\n<title>Paula Prado defende \u00e1s mulleres \u201cl\u00edderes e valentes\u201d do PPdeG, como a presidenta dos populares en Culleredo, fronte o \u201cfalso feminismo\u201d da esquerda - PP de Galicia<\/title>\n<meta name=\"description\" content=\"A secretaria xeral do PPdeG, Paula Prado,\u00a0defendeu hoxe\u00a0a alternativa da nova presidenta do PP de Culleredo, Izaskun Garc\u00eda, como a pr\u00f3xima alcaldesa que merece este concello, actualmente gobernado polo PSOE grazas \u00e1 abstenci\u00f3n do BNG, xerando una situaci\u00f3n\u00a0de\u00a0\u201cincapacidade e perda de oportunidades \u00e1 veci\u00f1anza\u201d. Por este motivo, Prado reivindica a Garc\u00eda como a mellor candidata a alcald\u00eda desta localidade. \u201cNo PP cremos en mulleres l\u00edderes e valentes coma ela, fronte \u00e1s lecci\u00f3ns de falso feminismo da esquerda\u201d, sinala.\" \/>\n<meta name=\"robots\" content=\"index, follow, max-snippet:-1, max-image-preview:large, max-video-preview:-1\" \/>\n<link rel=\"canonical\" href=\"https:\/\/ppdegalicia.com\/es\/paula-prado-defende-as-mulleres-lideres-e-valentes-do-ppdeg-como-a-presidenta-dos-populares-en-culleredo-fronte-o-falso-feminismo-da-esquerda\/\" \/>\n<meta property=\"og:locale\" content=\"es_ES\" \/>\n<meta property=\"og:type\" content=\"article\" \/>\n<meta property=\"og:title\" content=\"Paula Prado defende \u00e1s mulleres \u201cl\u00edderes e valentes\u201d do PPdeG, como a presidenta dos populares en Culleredo, fronte o \u201cfalso feminismo\u201d da esquerda - PP de Galicia\" \/>\n<meta property=\"og:description\" content=\"A secretaria xeral do PPdeG, Paula Prado,\u00a0defendeu hoxe\u00a0a alternativa da nova presidenta do PP de Culleredo, Izaskun Garc\u00eda, como a pr\u00f3xima alcaldesa que merece este concello, actualmente gobernado polo PSOE grazas \u00e1 abstenci\u00f3n do BNG, xerando una situaci\u00f3n\u00a0de\u00a0\u201cincapacidade e perda de oportunidades \u00e1 veci\u00f1anza\u201d. Por este motivo, Prado reivindica a Garc\u00eda como a mellor candidata a alcald\u00eda desta localidade. \u201cNo PP cremos en mulleres l\u00edderes e valentes coma ela, fronte \u00e1s lecci\u00f3ns de falso feminismo da esquerda\u201d, sinala.\" \/>\n<meta property=\"og:url\" content=\"https:\/\/ppdegalicia.com\/es\/paula-prado-defende-as-mulleres-lideres-e-valentes-do-ppdeg-como-a-presidenta-dos-populares-en-culleredo-fronte-o-falso-feminismo-da-esquerda\/\" \/>\n<meta property=\"og:site_name\" content=\"PP de Galicia\" \/>\n<meta property=\"article:publisher\" content=\"https:\/\/www.instagram.com\/ppdegalicia\/\" \/>\n<meta property=\"article:published_time\" content=\"2026-03-12T14:10:32+00:00\" \/>\n<meta property=\"article:modified_time\" content=\"2026-03-13T11:17:43+00:00\" \/>\n<meta property=\"og:image\" content=\"https:\/\/ppdegalicia.com\/wp-content\/uploads\/2026\/03\/20260312_PPrado_Culleredo4-scaled.jpg\" \/>\n\t<meta property=\"og:image:width\" content=\"2560\" \/>\n\t<meta property=\"og:image:height\" content=\"1707\" \/>\n\t<meta property=\"og:image:type\" content=\"image\/jpeg\" \/>\n<meta name=\"author\" content=\"ppdegaliciaredes\" \/>\n<meta name=\"twitter:card\" content=\"summary_large_image\" \/>\n<meta name=\"twitter:creator\" content=\"@ppdegalicia\" \/>\n<meta name=\"twitter:site\" content=\"@ppdegalicia\" \/>\n<meta name=\"twitter:label1\" content=\"Escrito por\" \/>\n\t<meta name=\"twitter:data1\" content=\"ppdegaliciaredes\" \/>\n\t<meta name=\"twitter:label2\" content=\"Tiempo de lectura\" \/>\n\t<meta name=\"twitter:data2\" content=\"4 minutos\" \/>\n<script type=\"application\/ld+json\" class=\"yoast-schema-graph\">{\"@context\":\"https:\\\/\\\/schema.org\",\"@graph\":[{\"@type\":\"Article\",\"@id\":\"https:\\\/\\\/ppdegalicia.com\\\/es\\\/paula-prado-defende-as-mulleres-lideres-e-valentes-do-ppdeg-como-a-presidenta-dos-populares-en-culleredo-fronte-o-falso-feminismo-da-esquerda\\\/#article\",\"isPartOf\":{\"@id\":\"https:\\\/\\\/ppdegalicia.com\\\/es\\\/paula-prado-defende-as-mulleres-lideres-e-valentes-do-ppdeg-como-a-presidenta-dos-populares-en-culleredo-fronte-o-falso-feminismo-da-esquerda\\\/\"},\"author\":{\"name\":\"ppdegaliciaredes\",\"@id\":\"https:\\\/\\\/ppdegalicia.com\\\/es\\\/#\\\/schema\\\/person\\\/5b822c6f59e872ebdd1142f307dbcb59\"},\"headline\":\"Paula Prado defende \u00e1s mulleres \u201cl\u00edderes e valentes\u201d do PPdeG, como a presidenta dos populares en Culleredo, fronte o \u201cfalso feminismo\u201d da esquerda\",\"datePublished\":\"2026-03-12T14:10:32+00:00\",\"dateModified\":\"2026-03-13T11:17:43+00:00\",\"mainEntityOfPage\":{\"@id\":\"https:\\\/\\\/ppdegalicia.com\\\/es\\\/paula-prado-defende-as-mulleres-lideres-e-valentes-do-ppdeg-como-a-presidenta-dos-populares-en-culleredo-fronte-o-falso-feminismo-da-esquerda\\\/\"},\"wordCount\":631,\"publisher\":{\"@id\":\"https:\\\/\\\/ppdegalicia.com\\\/es\\\/#organization\"},\"image\":{\"@id\":\"https:\\\/\\\/ppdegalicia.com\\\/es\\\/paula-prado-defende-as-mulleres-lideres-e-valentes-do-ppdeg-como-a-presidenta-dos-populares-en-culleredo-fronte-o-falso-feminismo-da-esquerda\\\/#primaryimage\"},\"thumbnailUrl\":\"https:\\\/\\\/ppdegalicia.com\\\/wp-content\\\/uploads\\\/2026\\\/03\\\/20260312_PPrado_Culleredo4-scaled.jpg\",\"articleSection\":[\"PP de Galicia\"],\"inLanguage\":\"es\"},{\"@type\":\"WebPage\",\"@id\":\"https:\\\/\\\/ppdegalicia.com\\\/es\\\/paula-prado-defende-as-mulleres-lideres-e-valentes-do-ppdeg-como-a-presidenta-dos-populares-en-culleredo-fronte-o-falso-feminismo-da-esquerda\\\/\",\"url\":\"https:\\\/\\\/ppdegalicia.com\\\/es\\\/paula-prado-defende-as-mulleres-lideres-e-valentes-do-ppdeg-como-a-presidenta-dos-populares-en-culleredo-fronte-o-falso-feminismo-da-esquerda\\\/\",\"name\":\"Paula Prado defende \u00e1s mulleres \u201cl\u00edderes e valentes\u201d do PPdeG, como a presidenta dos populares en Culleredo, fronte o \u201cfalso feminismo\u201d da esquerda - PP de Galicia\",\"isPartOf\":{\"@id\":\"https:\\\/\\\/ppdegalicia.com\\\/es\\\/#website\"},\"primaryImageOfPage\":{\"@id\":\"https:\\\/\\\/ppdegalicia.com\\\/es\\\/paula-prado-defende-as-mulleres-lideres-e-valentes-do-ppdeg-como-a-presidenta-dos-populares-en-culleredo-fronte-o-falso-feminismo-da-esquerda\\\/#primaryimage\"},\"image\":{\"@id\":\"https:\\\/\\\/ppdegalicia.com\\\/es\\\/paula-prado-defende-as-mulleres-lideres-e-valentes-do-ppdeg-como-a-presidenta-dos-populares-en-culleredo-fronte-o-falso-feminismo-da-esquerda\\\/#primaryimage\"},\"thumbnailUrl\":\"https:\\\/\\\/ppdegalicia.com\\\/wp-content\\\/uploads\\\/2026\\\/03\\\/20260312_PPrado_Culleredo4-scaled.jpg\",\"datePublished\":\"2026-03-12T14:10:32+00:00\",\"dateModified\":\"2026-03-13T11:17:43+00:00\",\"description\":\"A secretaria xeral do PPdeG, Paula Prado,\u00a0defendeu hoxe\u00a0a alternativa da nova presidenta do PP de Culleredo, Izaskun Garc\u00eda, como a pr\u00f3xima alcaldesa que merece este concello, actualmente gobernado polo PSOE grazas \u00e1 abstenci\u00f3n do BNG, xerando una situaci\u00f3n\u00a0de\u00a0\u201cincapacidade e perda de oportunidades \u00e1 veci\u00f1anza\u201d. Por este motivo, Prado reivindica a Garc\u00eda como a mellor candidata a alcald\u00eda desta localidade. \u201cNo PP cremos en mulleres l\u00edderes e valentes coma ela, fronte \u00e1s lecci\u00f3ns de falso feminismo da esquerda\u201d, sinala.\",\"breadcrumb\":{\"@id\":\"https:\\\/\\\/ppdegalicia.com\\\/es\\\/paula-prado-defende-as-mulleres-lideres-e-valentes-do-ppdeg-como-a-presidenta-dos-populares-en-culleredo-fronte-o-falso-feminismo-da-esquerda\\\/#breadcrumb\"},\"inLanguage\":\"es\",\"potentialAction\":[{\"@type\":\"ReadAction\",\"target\":[\"https:\\\/\\\/ppdegalicia.com\\\/es\\\/paula-prado-defende-as-mulleres-lideres-e-valentes-do-ppdeg-como-a-presidenta-dos-populares-en-culleredo-fronte-o-falso-feminismo-da-esquerda\\\/\"]}]},{\"@type\":\"ImageObject\",\"inLanguage\":\"es\",\"@id\":\"https:\\\/\\\/ppdegalicia.com\\\/es\\\/paula-prado-defende-as-mulleres-lideres-e-valentes-do-ppdeg-como-a-presidenta-dos-populares-en-culleredo-fronte-o-falso-feminismo-da-esquerda\\\/#primaryimage\",\"url\":\"https:\\\/\\\/ppdegalicia.com\\\/wp-content\\\/uploads\\\/2026\\\/03\\\/20260312_PPrado_Culleredo4-scaled.jpg\",\"contentUrl\":\"https:\\\/\\\/ppdegalicia.com\\\/wp-content\\\/uploads\\\/2026\\\/03\\\/20260312_PPrado_Culleredo4-scaled.jpg\",\"width\":2560,\"height\":1707},{\"@type\":\"BreadcrumbList\",\"@id\":\"https:\\\/\\\/ppdegalicia.com\\\/es\\\/paula-prado-defende-as-mulleres-lideres-e-valentes-do-ppdeg-como-a-presidenta-dos-populares-en-culleredo-fronte-o-falso-feminismo-da-esquerda\\\/#breadcrumb\",\"itemListElement\":[{\"@type\":\"ListItem\",\"position\":1,\"name\":\"Portada\",\"item\":\"https:\\\/\\\/ppdegalicia.com\\\/es\\\/\"},{\"@type\":\"ListItem\",\"position\":2,\"name\":\"Paula Prado defende \u00e1s mulleres \u201cl\u00edderes e valentes\u201d do PPdeG, como a presidenta dos populares en Culleredo, fronte o \u201cfalso feminismo\u201d da esquerda\"}]},{\"@type\":\"WebSite\",\"@id\":\"https:\\\/\\\/ppdegalicia.com\\\/es\\\/#website\",\"url\":\"https:\\\/\\\/ppdegalicia.com\\\/es\\\/\",\"name\":\"Partido Popular de Galicia\",\"description\":\"Partido Popular de Galicia\",\"publisher\":{\"@id\":\"https:\\\/\\\/ppdegalicia.com\\\/es\\\/#organization\"},\"alternateName\":\"PP de Galicia\",\"potentialAction\":[{\"@type\":\"SearchAction\",\"target\":{\"@type\":\"EntryPoint\",\"urlTemplate\":\"https:\\\/\\\/ppdegalicia.com\\\/es\\\/?s={search_term_string}\"},\"query-input\":{\"@type\":\"PropertyValueSpecification\",\"valueRequired\":true,\"valueName\":\"search_term_string\"}}],\"inLanguage\":\"es\"},{\"@type\":\"Organization\",\"@id\":\"https:\\\/\\\/ppdegalicia.com\\\/es\\\/#organization\",\"name\":\"Partido Popular de Galicia\",\"alternateName\":\"PP de Galicia\",\"url\":\"https:\\\/\\\/ppdegalicia.com\\\/es\\\/\",\"logo\":{\"@type\":\"ImageObject\",\"inLanguage\":\"es\",\"@id\":\"https:\\\/\\\/ppdegalicia.com\\\/es\\\/#\\\/schema\\\/logo\\\/image\\\/\",\"url\":\"https:\\\/\\\/ppdegalicia.com\\\/wp-content\\\/uploads\\\/2023\\\/04\\\/logoPP512.png\",\"contentUrl\":\"https:\\\/\\\/ppdegalicia.com\\\/wp-content\\\/uploads\\\/2023\\\/04\\\/logoPP512.png\",\"width\":512,\"height\":512,\"caption\":\"Partido Popular de Galicia\"},\"image\":{\"@id\":\"https:\\\/\\\/ppdegalicia.com\\\/es\\\/#\\\/schema\\\/logo\\\/image\\\/\"},\"sameAs\":[\"https:\\\/\\\/www.instagram.com\\\/ppdegalicia\\\/\",\"https:\\\/\\\/x.com\\\/ppdegalicia\",\"https:\\\/\\\/www.tiktok.com\\\/@ppdegalicia\",\"https:\\\/\\\/www.youtube.com\\\/user\\\/ppdegalicia\"]},{\"@type\":\"Person\",\"@id\":\"https:\\\/\\\/ppdegalicia.com\\\/es\\\/#\\\/schema\\\/person\\\/5b822c6f59e872ebdd1142f307dbcb59\",\"name\":\"ppdegaliciaredes\",\"image\":{\"@type\":\"ImageObject\",\"inLanguage\":\"es\",\"@id\":\"https:\\\/\\\/secure.gravatar.com\\\/avatar\\\/3c9179cf0256d00c72a48d1f25783c58b6842cd56e85ef3a572881c8e28ccd59?s=96&d=mm&r=g\",\"url\":\"https:\\\/\\\/secure.gravatar.com\\\/avatar\\\/3c9179cf0256d00c72a48d1f25783c58b6842cd56e85ef3a572881c8e28ccd59?s=96&d=mm&r=g\",\"contentUrl\":\"https:\\\/\\\/secure.gravatar.com\\\/avatar\\\/3c9179cf0256d00c72a48d1f25783c58b6842cd56e85ef3a572881c8e28ccd59?s=96&d=mm&r=g\",\"caption\":\"ppdegaliciaredes\"},\"url\":\"https:\\\/\\\/ppdegalicia.com\\\/es\\\/author\\\/ppdegaliciaredes\\\/\"}]}<\/script>\n<!-- \/ Yoast SEO plugin. -->","yoast_head_json":{"title":"Paula Prado defende \u00e1s mulleres \u201cl\u00edderes e valentes\u201d do PPdeG, como a presidenta dos populares en Culleredo, fronte o \u201cfalso feminismo\u201d da esquerda - PP de Galicia","description":"A secretaria xeral do PPdeG, Paula Prado,\u00a0defendeu hoxe\u00a0a alternativa da nova presidenta do PP de Culleredo, Izaskun Garc\u00eda, como a pr\u00f3xima alcaldesa que merece este concello, actualmente gobernado polo PSOE grazas \u00e1 abstenci\u00f3n do BNG, xerando una situaci\u00f3n\u00a0de\u00a0\u201cincapacidade e perda de oportunidades \u00e1 veci\u00f1anza\u201d. Por este motivo, Prado reivindica a Garc\u00eda como a mellor candidata a alcald\u00eda desta localidade. \u201cNo PP cremos en mulleres l\u00edderes e valentes coma ela, fronte \u00e1s lecci\u00f3ns de falso feminismo da esquerda\u201d, sinala.","robots":{"index":"index","follow":"follow","max-snippet":"max-snippet:-1","max-image-preview":"max-image-preview:large","max-video-preview":"max-video-preview:-1"},"canonical":"https:\/\/ppdegalicia.com\/es\/paula-prado-defende-as-mulleres-lideres-e-valentes-do-ppdeg-como-a-presidenta-dos-populares-en-culleredo-fronte-o-falso-feminismo-da-esquerda\/","og_locale":"es_ES","og_type":"article","og_title":"Paula Prado defende \u00e1s mulleres \u201cl\u00edderes e valentes\u201d do PPdeG, como a presidenta dos populares en Culleredo, fronte o \u201cfalso feminismo\u201d da esquerda - PP de Galicia","og_description":"A secretaria xeral do PPdeG, Paula Prado,\u00a0defendeu hoxe\u00a0a alternativa da nova presidenta do PP de Culleredo, Izaskun Garc\u00eda, como a pr\u00f3xima alcaldesa que merece este concello, actualmente gobernado polo PSOE grazas \u00e1 abstenci\u00f3n do BNG, xerando una situaci\u00f3n\u00a0de\u00a0\u201cincapacidade e perda de oportunidades \u00e1 veci\u00f1anza\u201d. Por este motivo, Prado reivindica a Garc\u00eda como a mellor candidata a alcald\u00eda desta localidade. \u201cNo PP cremos en mulleres l\u00edderes e valentes coma ela, fronte \u00e1s lecci\u00f3ns de falso feminismo da esquerda\u201d, sinala.","og_url":"https:\/\/ppdegalicia.com\/es\/paula-prado-defende-as-mulleres-lideres-e-valentes-do-ppdeg-como-a-presidenta-dos-populares-en-culleredo-fronte-o-falso-feminismo-da-esquerda\/","og_site_name":"PP de Galicia","article_publisher":"https:\/\/www.instagram.com\/ppdegalicia\/","article_published_time":"2026-03-12T14:10:32+00:00","article_modified_time":"2026-03-13T11:17:43+00:00","og_image":[{"width":2560,"height":1707,"url":"https:\/\/ppdegalicia.com\/wp-content\/uploads\/2026\/03\/20260312_PPrado_Culleredo4-scaled.jpg","type":"image\/jpeg"}],"author":"ppdegaliciaredes","twitter_card":"summary_large_image","twitter_creator":"@ppdegalicia","twitter_site":"@ppdegalicia","twitter_misc":{"Escrito por":"ppdegaliciaredes","Tiempo de lectura":"4 minutos"},"schema":{"@context":"https:\/\/schema.org","@graph":[{"@type":"Article","@id":"https:\/\/ppdegalicia.com\/es\/paula-prado-defende-as-mulleres-lideres-e-valentes-do-ppdeg-como-a-presidenta-dos-populares-en-culleredo-fronte-o-falso-feminismo-da-esquerda\/#article","isPartOf":{"@id":"https:\/\/ppdegalicia.com\/es\/paula-prado-defende-as-mulleres-lideres-e-valentes-do-ppdeg-como-a-presidenta-dos-populares-en-culleredo-fronte-o-falso-feminismo-da-esquerda\/"},"author":{"name":"ppdegaliciaredes","@id":"https:\/\/ppdegalicia.com\/es\/#\/schema\/person\/5b822c6f59e872ebdd1142f307dbcb59"},"headline":"Paula Prado defende \u00e1s mulleres \u201cl\u00edderes e valentes\u201d do PPdeG, como a presidenta dos populares en Culleredo, fronte o \u201cfalso feminismo\u201d da esquerda","datePublished":"2026-03-12T14:10:32+00:00","dateModified":"2026-03-13T11:17:43+00:00","mainEntityOfPage":{"@id":"https:\/\/ppdegalicia.com\/es\/paula-prado-defende-as-mulleres-lideres-e-valentes-do-ppdeg-como-a-presidenta-dos-populares-en-culleredo-fronte-o-falso-feminismo-da-esquerda\/"},"wordCount":631,"publisher":{"@id":"https:\/\/ppdegalicia.com\/es\/#organization"},"image":{"@id":"https:\/\/ppdegalicia.com\/es\/paula-prado-defende-as-mulleres-lideres-e-valentes-do-ppdeg-como-a-presidenta-dos-populares-en-culleredo-fronte-o-falso-feminismo-da-esquerda\/#primaryimage"},"thumbnailUrl":"https:\/\/ppdegalicia.com\/wp-content\/uploads\/2026\/03\/20260312_PPrado_Culleredo4-scaled.jpg","articleSection":["PP de Galicia"],"inLanguage":"es"},{"@type":"WebPage","@id":"https:\/\/ppdegalicia.com\/es\/paula-prado-defende-as-mulleres-lideres-e-valentes-do-ppdeg-como-a-presidenta-dos-populares-en-culleredo-fronte-o-falso-feminismo-da-esquerda\/","url":"https:\/\/ppdegalicia.com\/es\/paula-prado-defende-as-mulleres-lideres-e-valentes-do-ppdeg-como-a-presidenta-dos-populares-en-culleredo-fronte-o-falso-feminismo-da-esquerda\/","name":"Paula Prado defende \u00e1s mulleres \u201cl\u00edderes e valentes\u201d do PPdeG, como a presidenta dos populares en Culleredo, fronte o \u201cfalso feminismo\u201d da esquerda - PP de Galicia","isPartOf":{"@id":"https:\/\/ppdegalicia.com\/es\/#website"},"primaryImageOfPage":{"@id":"https:\/\/ppdegalicia.com\/es\/paula-prado-defende-as-mulleres-lideres-e-valentes-do-ppdeg-como-a-presidenta-dos-populares-en-culleredo-fronte-o-falso-feminismo-da-esquerda\/#primaryimage"},"image":{"@id":"https:\/\/ppdegalicia.com\/es\/paula-prado-defende-as-mulleres-lideres-e-valentes-do-ppdeg-como-a-presidenta-dos-populares-en-culleredo-fronte-o-falso-feminismo-da-esquerda\/#primaryimage"},"thumbnailUrl":"https:\/\/ppdegalicia.com\/wp-content\/uploads\/2026\/03\/20260312_PPrado_Culleredo4-scaled.jpg","datePublished":"2026-03-12T14:10:32+00:00","dateModified":"2026-03-13T11:17:43+00:00","description":"A secretaria xeral do PPdeG, Paula Prado,\u00a0defendeu hoxe\u00a0a alternativa da nova presidenta do PP de Culleredo, Izaskun Garc\u00eda, como a pr\u00f3xima alcaldesa que merece este concello, actualmente gobernado polo PSOE grazas \u00e1 abstenci\u00f3n do BNG, xerando una situaci\u00f3n\u00a0de\u00a0\u201cincapacidade e perda de oportunidades \u00e1 veci\u00f1anza\u201d. Por este motivo, Prado reivindica a Garc\u00eda como a mellor candidata a alcald\u00eda desta localidade. \u201cNo PP cremos en mulleres l\u00edderes e valentes coma ela, fronte \u00e1s lecci\u00f3ns de falso feminismo da esquerda\u201d, sinala.","breadcrumb":{"@id":"https:\/\/ppdegalicia.com\/es\/paula-prado-defende-as-mulleres-lideres-e-valentes-do-ppdeg-como-a-presidenta-dos-populares-en-culleredo-fronte-o-falso-feminismo-da-esquerda\/#breadcrumb"},"inLanguage":"es","potentialAction":[{"@type":"ReadAction","target":["https:\/\/ppdegalicia.com\/es\/paula-prado-defende-as-mulleres-lideres-e-valentes-do-ppdeg-como-a-presidenta-dos-populares-en-culleredo-fronte-o-falso-feminismo-da-esquerda\/"]}]},{"@type":"ImageObject","inLanguage":"es","@id":"https:\/\/ppdegalicia.com\/es\/paula-prado-defende-as-mulleres-lideres-e-valentes-do-ppdeg-como-a-presidenta-dos-populares-en-culleredo-fronte-o-falso-feminismo-da-esquerda\/#primaryimage","url":"https:\/\/ppdegalicia.com\/wp-content\/uploads\/2026\/03\/20260312_PPrado_Culleredo4-scaled.jpg","contentUrl":"https:\/\/ppdegalicia.com\/wp-content\/uploads\/2026\/03\/20260312_PPrado_Culleredo4-scaled.jpg","width":2560,"height":1707},{"@type":"BreadcrumbList","@id":"https:\/\/ppdegalicia.com\/es\/paula-prado-defende-as-mulleres-lideres-e-valentes-do-ppdeg-como-a-presidenta-dos-populares-en-culleredo-fronte-o-falso-feminismo-da-esquerda\/#breadcrumb","itemListElement":[{"@type":"ListItem","position":1,"name":"Portada","item":"https:\/\/ppdegalicia.com\/es\/"},{"@type":"ListItem","position":2,"name":"Paula Prado defende \u00e1s mulleres \u201cl\u00edderes e valentes\u201d do PPdeG, como a presidenta dos populares en Culleredo, fronte o \u201cfalso feminismo\u201d da esquerda"}]},{"@type":"WebSite","@id":"https:\/\/ppdegalicia.com\/es\/#website","url":"https:\/\/ppdegalicia.com\/es\/","name":"Partido Popular de Galicia","description":"Partido Popular de Galicia","publisher":{"@id":"https:\/\/ppdegalicia.com\/es\/#organization"},"alternateName":"PP de Galicia","potentialAction":[{"@type":"SearchAction","target":{"@type":"EntryPoint","urlTemplate":"https:\/\/ppdegalicia.com\/es\/?s={search_term_string}"},"query-input":{"@type":"PropertyValueSpecification","valueRequired":true,"valueName":"search_term_string"}}],"inLanguage":"es"},{"@type":"Organization","@id":"https:\/\/ppdegalicia.com\/es\/#organization","name":"Partido Popular de Galicia","alternateName":"PP de Galicia","url":"https:\/\/ppdegalicia.com\/es\/","logo":{"@type":"ImageObject","inLanguage":"es","@id":"https:\/\/ppdegalicia.com\/es\/#\/schema\/logo\/image\/","url":"https:\/\/ppdegalicia.com\/wp-content\/uploads\/2023\/04\/logoPP512.png","contentUrl":"https:\/\/ppdegalicia.com\/wp-content\/uploads\/2023\/04\/logoPP512.png","width":512,"height":512,"caption":"Partido Popular de Galicia"},"image":{"@id":"https:\/\/ppdegalicia.com\/es\/#\/schema\/logo\/image\/"},"sameAs":["https:\/\/www.instagram.com\/ppdegalicia\/","https:\/\/x.com\/ppdegalicia","https:\/\/www.tiktok.com\/@ppdegalicia","https:\/\/www.youtube.com\/user\/ppdegalicia"]},{"@type":"Person","@id":"https:\/\/ppdegalicia.com\/es\/#\/schema\/person\/5b822c6f59e872ebdd1142f307dbcb59","name":"ppdegaliciaredes","image":{"@type":"ImageObject","inLanguage":"es","@id":"https:\/\/secure.gravatar.com\/avatar\/3c9179cf0256d00c72a48d1f25783c58b6842cd56e85ef3a572881c8e28ccd59?s=96&d=mm&r=g","url":"https:\/\/secure.gravatar.com\/avatar\/3c9179cf0256d00c72a48d1f25783c58b6842cd56e85ef3a572881c8e28ccd59?s=96&d=mm&r=g","contentUrl":"https:\/\/secure.gravatar.com\/avatar\/3c9179cf0256d00c72a48d1f25783c58b6842cd56e85ef3a572881c8e28ccd59?s=96&d=mm&r=g","caption":"ppdegaliciaredes"},"url":"https:\/\/ppdegalicia.com\/es\/author\/ppdegaliciaredes\/"}]}},"_links":{"self":[{"href":"https:\/\/ppdegalicia.com\/es\/wp-json\/wp\/v2\/posts\/70586","targetHints":{"allow":["GET"]}}],"collection":[{"href":"https:\/\/ppdegalicia.com\/es\/wp-json\/wp\/v2\/posts"}],"about":[{"href":"https:\/\/ppdegalicia.com\/es\/wp-json\/wp\/v2\/types\/post"}],"author":[{"embeddable":true,"href":"https:\/\/ppdegalicia.com\/es\/wp-json\/wp\/v2\/users\/38"}],"replies":[{"embeddable":true,"href":"https:\/\/ppdegalicia.com\/es\/wp-json\/wp\/v2\/comments?post=70586"}],"version-history":[{"count":1,"href":"https:\/\/ppdegalicia.com\/es\/wp-json\/wp\/v2\/posts\/70586\/revisions"}],"predecessor-version":[{"id":70589,"href":"https:\/\/ppdegalicia.com\/es\/wp-json\/wp\/v2\/posts\/70586\/revisions\/70589"}],"wp:featuredmedia":[{"embeddable":true,"href":"https:\/\/ppdegalicia.com\/es\/wp-json\/wp\/v2\/media\/70590"}],"wp:attachment":[{"href":"https:\/\/ppdegalicia.com\/es\/wp-json\/wp\/v2\/media?parent=70586"}],"wp:term":[{"taxonomy":"category","embeddable":true,"href":"https:\/\/ppdegalicia.com\/es\/wp-json\/wp\/v2\/categories?post=70586"},{"taxonomy":"post_tag","embeddable":true,"href":"https:\/\/ppdegalicia.com\/es\/wp-json\/wp\/v2\/tags?post=70586"}],"curies":[{"name":"wp","href":"https:\/\/api.w.org\/{rel}","templated":true}]}}