{"id":70592,"date":"2026-03-13T21:24:26","date_gmt":"2026-03-13T20:24:26","guid":{"rendered":"https:\/\/ppdegalicia.com\/?p=70592"},"modified":"2026-03-14T21:25:51","modified_gmt":"2026-03-14T20:25:51","slug":"alberto-pazos-lamenta-que-a-estratexia-de-confrontacion-do-bng-antepona-os-intereses-partidistas-ao-respecto-as-institucions","status":"publish","type":"post","link":"https:\/\/ppdegalicia.com\/es\/alberto-pazos-lamenta-que-a-estratexia-de-confrontacion-do-bng-antepona-os-intereses-partidistas-ao-respecto-as-institucions\/","title":{"rendered":"Alberto Pazos lamenta que a estratexia de confrontaci\u00f3n do BNG antepo\u00f1a os intereses partidistas ao respecto \u00e1s instituci\u00f3ns"},"content":{"rendered":"<p>O portavoz do Grupo Parlamentario do PPdeG, Alberto Pazos, lamentou, hoxe, que a estratexia de confrontaci\u00f3n do BNG antepo\u00f1a os intereses partidistas ao respecto \u00e1s instituci\u00f3ns.<\/p>\n<p>As\u00ed, criticou que os independentistas persistan na s\u00faa proposta \u00e1 adxunto ao cargo da Valedora do Pobo, sen ter garantido, previamente, o apoio da C\u00e1mara para a s\u00faa aprobaci\u00f3n. Tal e como sinalou, \u201cpor primeira vez na historia do Parlamento de Galicia\u201d, rexistrouse o nome dun candidato para ocupar un \u00f3rgano estatutario de maneira unilateral e se rexeita por falta de previo consenso.<\/p>\n<p>\u201cNon \u00e9 certo que este grupo te\u00f1a rachado ning\u00fan consenso, porque non se pode rachar o que nunca existiu\u201d, incidiu Pazos, quen recordou que o acordo era que ambos os dous partidos propuxeran perf\u00eds marcadamente institucionais e independentes. Neste punto, fixo fincap\u00e9 en que o curr\u00edculo da persoa proposta polos nacionalistas \u00e9 incompatible coas \u201cesixencias de imparcialidade, de transparencia e de obxectividade\u201d, imprescindibles para preservar unha instituci\u00f3n como a da Valedor\u00eda do Pobo. \u00c9 por iso que o Grupo Popular rexeitou, na Comisi\u00f3n de Petici\u00f3ns, a proposta do BNG.<\/p>\n<p>Dixo que o PPdeG, que tomou a decisi\u00f3n de fortalecer as instituci\u00f3ns, designando perf\u00eds absolutamente imparciais, \u201cnon vai permitir que sexan colonizadas por activistas af\u00edns a forzas minoritarias\u201d. Nesta li\u00f1a, o parlamentario popular avogou por volver \u00e1 senda do consenso e acadar un acordo baseado na elecci\u00f3n de persoas de marcado car\u00e1cter institucional, de probada obxectividade e de absoluta imparcialidade: \u201cSeguiremos coa man tendida para retomar o proceso da completa renovaci\u00f3n da Valedor\u00eda\u201d.<\/p>\n<p><strong>UNHA COMISI\u00d3N PARA UN FINANCIAMENTO XUSTO<\/strong><br \/>\nPor outra banda, o portavoz popular informou da constituci\u00f3n da Comisi\u00f3n non permanente especial de estudo para abordar a proposta de Galicia diante da reforma do sistema de financiamento, na que o PPdeG propuxo como presidente a Julio Garc\u00eda Comesana e como vicepresidenta a Paula Prado.<\/p>\n<p>Neste senso, incidiu en que o obxectivo \u00e9 contar cun documento que responda \u00e1s necesidades reais de Galicia e que, \u00e1 s\u00faa vez, sirva de apoio ao Goberno galego nas negociaci\u00f3ns multilaterais, que tanto se te\u00f1en reclamado, para corrixir o infrafinanciamento da nosa Comunidade. E que, tal e como recordou, v\u00e9n causado por \u201cun sistema inxusto e ineficiente\u201d.<\/p>\n<p>\u201cO consenso, que se intu\u00eda ao longo da pasada lexislatura, agora semella roto, debido ao cambio de postura, tanto do BNG como do PSdeG\u201d, lamentou Pazos. As\u00ed, criticou que os independentistas aposten por un concerto galego, a pesar de estar desaconsellado pola maior\u00eda dos t\u00e9cnicos por consideralo prexudicial para Galicia; e que os socialistas, por antepo\u00f1er os intereses de Pedro S\u00e1nchez, renuncien a un financiamento xusto para Galicia.<\/p>\n","protected":false},"excerpt":{"rendered":"<p>O portavoz do Grupo Parlamentario do PPdeG, Alberto Pazos, lamentou, hoxe, que a estratexia de confrontaci\u00f3n do BNG antepo\u00f1a os intereses partidistas ao respecto \u00e1s instituci\u00f3ns. As\u00ed, criticou que os independentistas persistan na s\u00faa proposta \u00e1 adxunto ao cargo da Valedora do Pobo, sen ter garantido, previamente, o apoio da C\u00e1mara para a s\u00faa aprobaci\u00f3n. [&hellip;]<\/p>\n","protected":false},"author":38,"featured_media":70593,"comment_status":"closed","ping_status":"open","sticky":false,"template":"","format":"standard","meta":{"_acf_changed":false,"footnotes":""},"categories":[1128],"tags":[],"class_list":["post-70592","post","type-post","status-publish","format-standard","has-post-thumbnail","hentry","category-actualidad-parlamento-de-galicia"],"acf":[],"yoast_head":"<!-- This site is optimized with the Yoast SEO plugin v27.3 - https:\/\/yoast.com\/product\/yoast-seo-wordpress\/ -->\n<title>Alberto Pazos lamenta que a estratexia de confrontaci\u00f3n do BNG antepo\u00f1a os intereses partidistas ao respecto \u00e1s instituci\u00f3ns - PP de Galicia<\/title>\n<meta name=\"description\" content=\"O portavoz do Grupo Parlamentario do PPdeG, Alberto Pazos, lamentou, hoxe, que a estratexia de confrontaci\u00f3n do BNG antepo\u00f1a os intereses partidistas ao respecto \u00e1s instituci\u00f3ns.\" \/>\n<meta name=\"robots\" content=\"index, follow, max-snippet:-1, max-image-preview:large, max-video-preview:-1\" \/>\n<link rel=\"canonical\" href=\"https:\/\/ppdegalicia.com\/es\/alberto-pazos-lamenta-que-a-estratexia-de-confrontacion-do-bng-antepona-os-intereses-partidistas-ao-respecto-as-institucions\/\" \/>\n<meta property=\"og:locale\" content=\"es_ES\" \/>\n<meta property=\"og:type\" content=\"article\" \/>\n<meta property=\"og:title\" content=\"Alberto Pazos lamenta que a estratexia de confrontaci\u00f3n do BNG antepo\u00f1a os intereses partidistas ao respecto \u00e1s instituci\u00f3ns - PP de Galicia\" \/>\n<meta property=\"og:description\" content=\"O portavoz do Grupo Parlamentario do PPdeG, Alberto Pazos, lamentou, hoxe, que a estratexia de confrontaci\u00f3n do BNG antepo\u00f1a os intereses partidistas ao respecto \u00e1s instituci\u00f3ns.\" \/>\n<meta property=\"og:url\" content=\"https:\/\/ppdegalicia.com\/es\/alberto-pazos-lamenta-que-a-estratexia-de-confrontacion-do-bng-antepona-os-intereses-partidistas-ao-respecto-as-institucions\/\" \/>\n<meta property=\"og:site_name\" content=\"PP de Galicia\" \/>\n<meta property=\"article:publisher\" content=\"https:\/\/www.instagram.com\/ppdegalicia\/\" \/>\n<meta property=\"article:published_time\" content=\"2026-03-13T20:24:26+00:00\" \/>\n<meta property=\"article:modified_time\" content=\"2026-03-14T20:25:51+00:00\" \/>\n<meta property=\"og:image\" content=\"https:\/\/ppdegalicia.com\/wp-content\/uploads\/2026\/03\/20260313_APazos_rdp6-scaled.jpg\" \/>\n\t<meta property=\"og:image:width\" content=\"2560\" \/>\n\t<meta property=\"og:image:height\" content=\"1707\" \/>\n\t<meta property=\"og:image:type\" content=\"image\/jpeg\" \/>\n<meta name=\"author\" content=\"ppdegaliciaredes\" \/>\n<meta name=\"twitter:card\" content=\"summary_large_image\" \/>\n<meta name=\"twitter:creator\" content=\"@ppdegalicia\" \/>\n<meta name=\"twitter:site\" content=\"@ppdegalicia\" \/>\n<meta name=\"twitter:label1\" content=\"Escrito por\" \/>\n\t<meta name=\"twitter:data1\" content=\"ppdegaliciaredes\" \/>\n\t<meta name=\"twitter:label2\" content=\"Tiempo de lectura\" \/>\n\t<meta name=\"twitter:data2\" content=\"3 minutos\" \/>\n<script type=\"application\/ld+json\" class=\"yoast-schema-graph\">{\"@context\":\"https:\\\/\\\/schema.org\",\"@graph\":[{\"@type\":\"Article\",\"@id\":\"https:\\\/\\\/ppdegalicia.com\\\/es\\\/alberto-pazos-lamenta-que-a-estratexia-de-confrontacion-do-bng-antepona-os-intereses-partidistas-ao-respecto-as-institucions\\\/#article\",\"isPartOf\":{\"@id\":\"https:\\\/\\\/ppdegalicia.com\\\/es\\\/alberto-pazos-lamenta-que-a-estratexia-de-confrontacion-do-bng-antepona-os-intereses-partidistas-ao-respecto-as-institucions\\\/\"},\"author\":{\"name\":\"ppdegaliciaredes\",\"@id\":\"https:\\\/\\\/ppdegalicia.com\\\/es\\\/#\\\/schema\\\/person\\\/5b822c6f59e872ebdd1142f307dbcb59\"},\"headline\":\"Alberto Pazos lamenta que a estratexia de confrontaci\u00f3n do BNG antepo\u00f1a os intereses partidistas ao respecto \u00e1s instituci\u00f3ns\",\"datePublished\":\"2026-03-13T20:24:26+00:00\",\"dateModified\":\"2026-03-14T20:25:51+00:00\",\"mainEntityOfPage\":{\"@id\":\"https:\\\/\\\/ppdegalicia.com\\\/es\\\/alberto-pazos-lamenta-que-a-estratexia-de-confrontacion-do-bng-antepona-os-intereses-partidistas-ao-respecto-as-institucions\\\/\"},\"wordCount\":480,\"publisher\":{\"@id\":\"https:\\\/\\\/ppdegalicia.com\\\/es\\\/#organization\"},\"image\":{\"@id\":\"https:\\\/\\\/ppdegalicia.com\\\/es\\\/alberto-pazos-lamenta-que-a-estratexia-de-confrontacion-do-bng-antepona-os-intereses-partidistas-ao-respecto-as-institucions\\\/#primaryimage\"},\"thumbnailUrl\":\"https:\\\/\\\/ppdegalicia.com\\\/wp-content\\\/uploads\\\/2026\\\/03\\\/20260313_APazos_rdp6-scaled.jpg\",\"articleSection\":[\"Parlamento de Galicia\"],\"inLanguage\":\"es\"},{\"@type\":\"WebPage\",\"@id\":\"https:\\\/\\\/ppdegalicia.com\\\/es\\\/alberto-pazos-lamenta-que-a-estratexia-de-confrontacion-do-bng-antepona-os-intereses-partidistas-ao-respecto-as-institucions\\\/\",\"url\":\"https:\\\/\\\/ppdegalicia.com\\\/es\\\/alberto-pazos-lamenta-que-a-estratexia-de-confrontacion-do-bng-antepona-os-intereses-partidistas-ao-respecto-as-institucions\\\/\",\"name\":\"Alberto Pazos lamenta que a estratexia de confrontaci\u00f3n do BNG antepo\u00f1a os intereses partidistas ao respecto \u00e1s instituci\u00f3ns - PP de Galicia\",\"isPartOf\":{\"@id\":\"https:\\\/\\\/ppdegalicia.com\\\/es\\\/#website\"},\"primaryImageOfPage\":{\"@id\":\"https:\\\/\\\/ppdegalicia.com\\\/es\\\/alberto-pazos-lamenta-que-a-estratexia-de-confrontacion-do-bng-antepona-os-intereses-partidistas-ao-respecto-as-institucions\\\/#primaryimage\"},\"image\":{\"@id\":\"https:\\\/\\\/ppdegalicia.com\\\/es\\\/alberto-pazos-lamenta-que-a-estratexia-de-confrontacion-do-bng-antepona-os-intereses-partidistas-ao-respecto-as-institucions\\\/#primaryimage\"},\"thumbnailUrl\":\"https:\\\/\\\/ppdegalicia.com\\\/wp-content\\\/uploads\\\/2026\\\/03\\\/20260313_APazos_rdp6-scaled.jpg\",\"datePublished\":\"2026-03-13T20:24:26+00:00\",\"dateModified\":\"2026-03-14T20:25:51+00:00\",\"description\":\"O portavoz do Grupo Parlamentario do PPdeG, Alberto Pazos, lamentou, hoxe, que a estratexia de confrontaci\u00f3n do BNG antepo\u00f1a os intereses partidistas ao respecto \u00e1s instituci\u00f3ns.\",\"breadcrumb\":{\"@id\":\"https:\\\/\\\/ppdegalicia.com\\\/es\\\/alberto-pazos-lamenta-que-a-estratexia-de-confrontacion-do-bng-antepona-os-intereses-partidistas-ao-respecto-as-institucions\\\/#breadcrumb\"},\"inLanguage\":\"es\",\"potentialAction\":[{\"@type\":\"ReadAction\",\"target\":[\"https:\\\/\\\/ppdegalicia.com\\\/es\\\/alberto-pazos-lamenta-que-a-estratexia-de-confrontacion-do-bng-antepona-os-intereses-partidistas-ao-respecto-as-institucions\\\/\"]}]},{\"@type\":\"ImageObject\",\"inLanguage\":\"es\",\"@id\":\"https:\\\/\\\/ppdegalicia.com\\\/es\\\/alberto-pazos-lamenta-que-a-estratexia-de-confrontacion-do-bng-antepona-os-intereses-partidistas-ao-respecto-as-institucions\\\/#primaryimage\",\"url\":\"https:\\\/\\\/ppdegalicia.com\\\/wp-content\\\/uploads\\\/2026\\\/03\\\/20260313_APazos_rdp6-scaled.jpg\",\"contentUrl\":\"https:\\\/\\\/ppdegalicia.com\\\/wp-content\\\/uploads\\\/2026\\\/03\\\/20260313_APazos_rdp6-scaled.jpg\",\"width\":2560,\"height\":1707},{\"@type\":\"BreadcrumbList\",\"@id\":\"https:\\\/\\\/ppdegalicia.com\\\/es\\\/alberto-pazos-lamenta-que-a-estratexia-de-confrontacion-do-bng-antepona-os-intereses-partidistas-ao-respecto-as-institucions\\\/#breadcrumb\",\"itemListElement\":[{\"@type\":\"ListItem\",\"position\":1,\"name\":\"Portada\",\"item\":\"https:\\\/\\\/ppdegalicia.com\\\/es\\\/\"},{\"@type\":\"ListItem\",\"position\":2,\"name\":\"Alberto Pazos lamenta que a estratexia de confrontaci\u00f3n do BNG antepo\u00f1a os intereses partidistas ao respecto \u00e1s instituci\u00f3ns\"}]},{\"@type\":\"WebSite\",\"@id\":\"https:\\\/\\\/ppdegalicia.com\\\/es\\\/#website\",\"url\":\"https:\\\/\\\/ppdegalicia.com\\\/es\\\/\",\"name\":\"Partido Popular de Galicia\",\"description\":\"Partido Popular de Galicia\",\"publisher\":{\"@id\":\"https:\\\/\\\/ppdegalicia.com\\\/es\\\/#organization\"},\"alternateName\":\"PP de Galicia\",\"potentialAction\":[{\"@type\":\"SearchAction\",\"target\":{\"@type\":\"EntryPoint\",\"urlTemplate\":\"https:\\\/\\\/ppdegalicia.com\\\/es\\\/?s={search_term_string}\"},\"query-input\":{\"@type\":\"PropertyValueSpecification\",\"valueRequired\":true,\"valueName\":\"search_term_string\"}}],\"inLanguage\":\"es\"},{\"@type\":\"Organization\",\"@id\":\"https:\\\/\\\/ppdegalicia.com\\\/es\\\/#organization\",\"name\":\"Partido Popular de Galicia\",\"alternateName\":\"PP de Galicia\",\"url\":\"https:\\\/\\\/ppdegalicia.com\\\/es\\\/\",\"logo\":{\"@type\":\"ImageObject\",\"inLanguage\":\"es\",\"@id\":\"https:\\\/\\\/ppdegalicia.com\\\/es\\\/#\\\/schema\\\/logo\\\/image\\\/\",\"url\":\"https:\\\/\\\/ppdegalicia.com\\\/wp-content\\\/uploads\\\/2023\\\/04\\\/logoPP512.png\",\"contentUrl\":\"https:\\\/\\\/ppdegalicia.com\\\/wp-content\\\/uploads\\\/2023\\\/04\\\/logoPP512.png\",\"width\":512,\"height\":512,\"caption\":\"Partido Popular de Galicia\"},\"image\":{\"@id\":\"https:\\\/\\\/ppdegalicia.com\\\/es\\\/#\\\/schema\\\/logo\\\/image\\\/\"},\"sameAs\":[\"https:\\\/\\\/www.instagram.com\\\/ppdegalicia\\\/\",\"https:\\\/\\\/x.com\\\/ppdegalicia\",\"https:\\\/\\\/www.tiktok.com\\\/@ppdegalicia\",\"https:\\\/\\\/www.youtube.com\\\/user\\\/ppdegalicia\"]},{\"@type\":\"Person\",\"@id\":\"https:\\\/\\\/ppdegalicia.com\\\/es\\\/#\\\/schema\\\/person\\\/5b822c6f59e872ebdd1142f307dbcb59\",\"name\":\"ppdegaliciaredes\",\"image\":{\"@type\":\"ImageObject\",\"inLanguage\":\"es\",\"@id\":\"https:\\\/\\\/secure.gravatar.com\\\/avatar\\\/3c9179cf0256d00c72a48d1f25783c58b6842cd56e85ef3a572881c8e28ccd59?s=96&d=mm&r=g\",\"url\":\"https:\\\/\\\/secure.gravatar.com\\\/avatar\\\/3c9179cf0256d00c72a48d1f25783c58b6842cd56e85ef3a572881c8e28ccd59?s=96&d=mm&r=g\",\"contentUrl\":\"https:\\\/\\\/secure.gravatar.com\\\/avatar\\\/3c9179cf0256d00c72a48d1f25783c58b6842cd56e85ef3a572881c8e28ccd59?s=96&d=mm&r=g\",\"caption\":\"ppdegaliciaredes\"},\"url\":\"https:\\\/\\\/ppdegalicia.com\\\/es\\\/author\\\/ppdegaliciaredes\\\/\"}]}<\/script>\n<!-- \/ Yoast SEO plugin. -->","yoast_head_json":{"title":"Alberto Pazos lamenta que a estratexia de confrontaci\u00f3n do BNG antepo\u00f1a os intereses partidistas ao respecto \u00e1s instituci\u00f3ns - PP de Galicia","description":"O portavoz do Grupo Parlamentario do PPdeG, Alberto Pazos, lamentou, hoxe, que a estratexia de confrontaci\u00f3n do BNG antepo\u00f1a os intereses partidistas ao respecto \u00e1s instituci\u00f3ns.","robots":{"index":"index","follow":"follow","max-snippet":"max-snippet:-1","max-image-preview":"max-image-preview:large","max-video-preview":"max-video-preview:-1"},"canonical":"https:\/\/ppdegalicia.com\/es\/alberto-pazos-lamenta-que-a-estratexia-de-confrontacion-do-bng-antepona-os-intereses-partidistas-ao-respecto-as-institucions\/","og_locale":"es_ES","og_type":"article","og_title":"Alberto Pazos lamenta que a estratexia de confrontaci\u00f3n do BNG antepo\u00f1a os intereses partidistas ao respecto \u00e1s instituci\u00f3ns - PP de Galicia","og_description":"O portavoz do Grupo Parlamentario do PPdeG, Alberto Pazos, lamentou, hoxe, que a estratexia de confrontaci\u00f3n do BNG antepo\u00f1a os intereses partidistas ao respecto \u00e1s instituci\u00f3ns.","og_url":"https:\/\/ppdegalicia.com\/es\/alberto-pazos-lamenta-que-a-estratexia-de-confrontacion-do-bng-antepona-os-intereses-partidistas-ao-respecto-as-institucions\/","og_site_name":"PP de Galicia","article_publisher":"https:\/\/www.instagram.com\/ppdegalicia\/","article_published_time":"2026-03-13T20:24:26+00:00","article_modified_time":"2026-03-14T20:25:51+00:00","og_image":[{"width":2560,"height":1707,"url":"https:\/\/ppdegalicia.com\/wp-content\/uploads\/2026\/03\/20260313_APazos_rdp6-scaled.jpg","type":"image\/jpeg"}],"author":"ppdegaliciaredes","twitter_card":"summary_large_image","twitter_creator":"@ppdegalicia","twitter_site":"@ppdegalicia","twitter_misc":{"Escrito por":"ppdegaliciaredes","Tiempo de lectura":"3 minutos"},"schema":{"@context":"https:\/\/schema.org","@graph":[{"@type":"Article","@id":"https:\/\/ppdegalicia.com\/es\/alberto-pazos-lamenta-que-a-estratexia-de-confrontacion-do-bng-antepona-os-intereses-partidistas-ao-respecto-as-institucions\/#article","isPartOf":{"@id":"https:\/\/ppdegalicia.com\/es\/alberto-pazos-lamenta-que-a-estratexia-de-confrontacion-do-bng-antepona-os-intereses-partidistas-ao-respecto-as-institucions\/"},"author":{"name":"ppdegaliciaredes","@id":"https:\/\/ppdegalicia.com\/es\/#\/schema\/person\/5b822c6f59e872ebdd1142f307dbcb59"},"headline":"Alberto Pazos lamenta que a estratexia de confrontaci\u00f3n do BNG antepo\u00f1a os intereses partidistas ao respecto \u00e1s instituci\u00f3ns","datePublished":"2026-03-13T20:24:26+00:00","dateModified":"2026-03-14T20:25:51+00:00","mainEntityOfPage":{"@id":"https:\/\/ppdegalicia.com\/es\/alberto-pazos-lamenta-que-a-estratexia-de-confrontacion-do-bng-antepona-os-intereses-partidistas-ao-respecto-as-institucions\/"},"wordCount":480,"publisher":{"@id":"https:\/\/ppdegalicia.com\/es\/#organization"},"image":{"@id":"https:\/\/ppdegalicia.com\/es\/alberto-pazos-lamenta-que-a-estratexia-de-confrontacion-do-bng-antepona-os-intereses-partidistas-ao-respecto-as-institucions\/#primaryimage"},"thumbnailUrl":"https:\/\/ppdegalicia.com\/wp-content\/uploads\/2026\/03\/20260313_APazos_rdp6-scaled.jpg","articleSection":["Parlamento de Galicia"],"inLanguage":"es"},{"@type":"WebPage","@id":"https:\/\/ppdegalicia.com\/es\/alberto-pazos-lamenta-que-a-estratexia-de-confrontacion-do-bng-antepona-os-intereses-partidistas-ao-respecto-as-institucions\/","url":"https:\/\/ppdegalicia.com\/es\/alberto-pazos-lamenta-que-a-estratexia-de-confrontacion-do-bng-antepona-os-intereses-partidistas-ao-respecto-as-institucions\/","name":"Alberto Pazos lamenta que a estratexia de confrontaci\u00f3n do BNG antepo\u00f1a os intereses partidistas ao respecto \u00e1s instituci\u00f3ns - PP de Galicia","isPartOf":{"@id":"https:\/\/ppdegalicia.com\/es\/#website"},"primaryImageOfPage":{"@id":"https:\/\/ppdegalicia.com\/es\/alberto-pazos-lamenta-que-a-estratexia-de-confrontacion-do-bng-antepona-os-intereses-partidistas-ao-respecto-as-institucions\/#primaryimage"},"image":{"@id":"https:\/\/ppdegalicia.com\/es\/alberto-pazos-lamenta-que-a-estratexia-de-confrontacion-do-bng-antepona-os-intereses-partidistas-ao-respecto-as-institucions\/#primaryimage"},"thumbnailUrl":"https:\/\/ppdegalicia.com\/wp-content\/uploads\/2026\/03\/20260313_APazos_rdp6-scaled.jpg","datePublished":"2026-03-13T20:24:26+00:00","dateModified":"2026-03-14T20:25:51+00:00","description":"O portavoz do Grupo Parlamentario do PPdeG, Alberto Pazos, lamentou, hoxe, que a estratexia de confrontaci\u00f3n do BNG antepo\u00f1a os intereses partidistas ao respecto \u00e1s instituci\u00f3ns.","breadcrumb":{"@id":"https:\/\/ppdegalicia.com\/es\/alberto-pazos-lamenta-que-a-estratexia-de-confrontacion-do-bng-antepona-os-intereses-partidistas-ao-respecto-as-institucions\/#breadcrumb"},"inLanguage":"es","potentialAction":[{"@type":"ReadAction","target":["https:\/\/ppdegalicia.com\/es\/alberto-pazos-lamenta-que-a-estratexia-de-confrontacion-do-bng-antepona-os-intereses-partidistas-ao-respecto-as-institucions\/"]}]},{"@type":"ImageObject","inLanguage":"es","@id":"https:\/\/ppdegalicia.com\/es\/alberto-pazos-lamenta-que-a-estratexia-de-confrontacion-do-bng-antepona-os-intereses-partidistas-ao-respecto-as-institucions\/#primaryimage","url":"https:\/\/ppdegalicia.com\/wp-content\/uploads\/2026\/03\/20260313_APazos_rdp6-scaled.jpg","contentUrl":"https:\/\/ppdegalicia.com\/wp-content\/uploads\/2026\/03\/20260313_APazos_rdp6-scaled.jpg","width":2560,"height":1707},{"@type":"BreadcrumbList","@id":"https:\/\/ppdegalicia.com\/es\/alberto-pazos-lamenta-que-a-estratexia-de-confrontacion-do-bng-antepona-os-intereses-partidistas-ao-respecto-as-institucions\/#breadcrumb","itemListElement":[{"@type":"ListItem","position":1,"name":"Portada","item":"https:\/\/ppdegalicia.com\/es\/"},{"@type":"ListItem","position":2,"name":"Alberto Pazos lamenta que a estratexia de confrontaci\u00f3n do BNG antepo\u00f1a os intereses partidistas ao respecto \u00e1s instituci\u00f3ns"}]},{"@type":"WebSite","@id":"https:\/\/ppdegalicia.com\/es\/#website","url":"https:\/\/ppdegalicia.com\/es\/","name":"Partido Popular de Galicia","description":"Partido Popular de Galicia","publisher":{"@id":"https:\/\/ppdegalicia.com\/es\/#organization"},"alternateName":"PP de Galicia","potentialAction":[{"@type":"SearchAction","target":{"@type":"EntryPoint","urlTemplate":"https:\/\/ppdegalicia.com\/es\/?s={search_term_string}"},"query-input":{"@type":"PropertyValueSpecification","valueRequired":true,"valueName":"search_term_string"}}],"inLanguage":"es"},{"@type":"Organization","@id":"https:\/\/ppdegalicia.com\/es\/#organization","name":"Partido Popular de Galicia","alternateName":"PP de Galicia","url":"https:\/\/ppdegalicia.com\/es\/","logo":{"@type":"ImageObject","inLanguage":"es","@id":"https:\/\/ppdegalicia.com\/es\/#\/schema\/logo\/image\/","url":"https:\/\/ppdegalicia.com\/wp-content\/uploads\/2023\/04\/logoPP512.png","contentUrl":"https:\/\/ppdegalicia.com\/wp-content\/uploads\/2023\/04\/logoPP512.png","width":512,"height":512,"caption":"Partido Popular de Galicia"},"image":{"@id":"https:\/\/ppdegalicia.com\/es\/#\/schema\/logo\/image\/"},"sameAs":["https:\/\/www.instagram.com\/ppdegalicia\/","https:\/\/x.com\/ppdegalicia","https:\/\/www.tiktok.com\/@ppdegalicia","https:\/\/www.youtube.com\/user\/ppdegalicia"]},{"@type":"Person","@id":"https:\/\/ppdegalicia.com\/es\/#\/schema\/person\/5b822c6f59e872ebdd1142f307dbcb59","name":"ppdegaliciaredes","image":{"@type":"ImageObject","inLanguage":"es","@id":"https:\/\/secure.gravatar.com\/avatar\/3c9179cf0256d00c72a48d1f25783c58b6842cd56e85ef3a572881c8e28ccd59?s=96&d=mm&r=g","url":"https:\/\/secure.gravatar.com\/avatar\/3c9179cf0256d00c72a48d1f25783c58b6842cd56e85ef3a572881c8e28ccd59?s=96&d=mm&r=g","contentUrl":"https:\/\/secure.gravatar.com\/avatar\/3c9179cf0256d00c72a48d1f25783c58b6842cd56e85ef3a572881c8e28ccd59?s=96&d=mm&r=g","caption":"ppdegaliciaredes"},"url":"https:\/\/ppdegalicia.com\/es\/author\/ppdegaliciaredes\/"}]}},"_links":{"self":[{"href":"https:\/\/ppdegalicia.com\/es\/wp-json\/wp\/v2\/posts\/70592","targetHints":{"allow":["GET"]}}],"collection":[{"href":"https:\/\/ppdegalicia.com\/es\/wp-json\/wp\/v2\/posts"}],"about":[{"href":"https:\/\/ppdegalicia.com\/es\/wp-json\/wp\/v2\/types\/post"}],"author":[{"embeddable":true,"href":"https:\/\/ppdegalicia.com\/es\/wp-json\/wp\/v2\/users\/38"}],"replies":[{"embeddable":true,"href":"https:\/\/ppdegalicia.com\/es\/wp-json\/wp\/v2\/comments?post=70592"}],"version-history":[{"count":1,"href":"https:\/\/ppdegalicia.com\/es\/wp-json\/wp\/v2\/posts\/70592\/revisions"}],"predecessor-version":[{"id":70595,"href":"https:\/\/ppdegalicia.com\/es\/wp-json\/wp\/v2\/posts\/70592\/revisions\/70595"}],"wp:featuredmedia":[{"embeddable":true,"href":"https:\/\/ppdegalicia.com\/es\/wp-json\/wp\/v2\/media\/70593"}],"wp:attachment":[{"href":"https:\/\/ppdegalicia.com\/es\/wp-json\/wp\/v2\/media?parent=70592"}],"wp:term":[{"taxonomy":"category","embeddable":true,"href":"https:\/\/ppdegalicia.com\/es\/wp-json\/wp\/v2\/categories?post=70592"},{"taxonomy":"post_tag","embeddable":true,"href":"https:\/\/ppdegalicia.com\/es\/wp-json\/wp\/v2\/tags?post=70592"}],"curies":[{"name":"wp","href":"https:\/\/api.w.org\/{rel}","templated":true}]}}