{"id":70596,"date":"2026-03-14T21:27:36","date_gmt":"2026-03-14T20:27:36","guid":{"rendered":"https:\/\/ppdegalicia.com\/?p=70596"},"modified":"2026-03-14T21:27:36","modified_gmt":"2026-03-14T20:27:36","slug":"o-ppdeg-urxe-ao-goberno-central-a-posta-en-marcha-do-ive-fanquiciado-que-aliviaria-a-carga-fiscal-de-mais-de-20-000-autonomos-da-provincia-de-lugo","status":"publish","type":"post","link":"https:\/\/ppdegalicia.com\/es\/o-ppdeg-urxe-ao-goberno-central-a-posta-en-marcha-do-ive-fanquiciado-que-aliviaria-a-carga-fiscal-de-mais-de-20-000-autonomos-da-provincia-de-lugo\/","title":{"rendered":"O PPdeG urxe ao Goberno central a posta en marcha do IVE fanquiciado que aliviar\u00eda a carga fiscal de m\u00e1is de 20.000 aut\u00f3nomos da provincia de Lugo"},"content":{"rendered":"<p>O PPdeG urxe ao Goberno central a inmediata posta en marcha do r\u00e9xime especial de franquicia do IVE, previsto na Directiva europea 2020\/285 e que deb\u00eda estar vixente desde o 1 de xaneiro de 2025.<\/p>\n<p>Os deputados auton\u00f3micos, Cristina Sanz e Jos\u00e9 Manuel Mato, acompa\u00f1ados da presidenta provincial do PPdeG, Elena Candia, mantiveron unha xuntanza, en Lugo, con membros dos colectivos Lugo Monumental e Mulleres L\u00edderes de Galicia; co fin de recoller as s\u00faas demandas e inquedanzas e abordar, tam\u00e9n, as consecuencias que est\u00e1 a ter a negativa do Executivo de Pedro S\u00e1nchez de aplicar esta medida. E segundo se co\u00f1eceu esta mesma semana, Bruxelas levou a Espa\u00f1a ao TJUE por non traspo\u00f1er esta Directiva.<\/p>\n<p>Tal e como explicou Cristina Sanz, esta demora sup\u00f3n m\u00e1is burocracia, m\u00e1is custes e menos competitividade para os pequenos negocios, ademais dunha importante desvantaxe competitiva fronte a outros Estados membros que xa aplican a franqu\u00eda. De a\u00ed que avoguen pola s\u00faa aplicaci\u00f3n urxente, xa que deste xesto se aliviar\u00eda de forma considerable a carga fiscal de m\u00e1is de 20.000 aut\u00f3nomos na provincia \u2013arredor duns 100.000 en Galicia-, que te\u00f1en un volume de negocio anual por debaixo dos 85.000 euros.<\/p>\n<p>Neste punto, os parlamentarios populares aproveitaron o encontro para trasladarlles a iniciativa que o Grupo Popular presentou no Parlamento de Galicia e na que se insta ao Goberno a que deixe de afogar aos traballadores por conta propia, xa que lles impide optar por un r\u00e9xime que simplifica a facturaci\u00f3n e evita as liquidaci\u00f3ns peri\u00f3dicas do IVE, co consecuente aforro de tempo e custes. \u201cAta cando vai seguir con esta asfixia inxusta e inxustificable?, lamentou Cristina Sanz, quen sinalou que esta medida est\u00e1 orientada a reducir os custes administrativos e a aliviar a carga burocr\u00e1tica e financeira.<\/p>\n<p><strong>O APOIO DA XUNTA A AUT\u00d3NOMOS E PEMES<\/strong><\/p>\n<p>Asemade, fixeron fincap\u00e9 na sensibilidade que o Goberno galego est\u00e1 a ter co colectivo dos aut\u00f3nomos e pemes. Neste punto, Jos\u00e9 Manuel Mato puxo en valor as diferentes acci\u00f3ns que en apoio deste colectivo desenvolve na nosa Comunidade, enmarcadas na Axenda de Impulso ao Emprego Aut\u00f3nomo, a cal conta cun orzamento total de 360 M\u20ac ata 2027. E salientou a ampliaci\u00f3n a dous anos da cobertura da cotra cero no programa de promoci\u00f3n do emprego aut\u00f3nomo para aquelas persoas que inicien unha actividade vinculada \u00e1 agricultura, gandar\u00eda ou silvicultura; o reforzo do Bono Remuda, destinado a facilitar a transmisi\u00f3n de negocios; ou acci\u00f3ns destinadas a favorecer o retorno ao autoemprego.<\/p>\n","protected":false},"excerpt":{"rendered":"<p>O PPdeG urxe ao Goberno central a inmediata posta en marcha do r\u00e9xime especial de franquicia do IVE, previsto na Directiva europea 2020\/285 e que deb\u00eda estar vixente desde o 1 de xaneiro de 2025. Os deputados auton\u00f3micos, Cristina Sanz e Jos\u00e9 Manuel Mato, acompa\u00f1ados da presidenta provincial do PPdeG, Elena Candia, mantiveron unha xuntanza, [&hellip;]<\/p>\n","protected":false},"author":38,"featured_media":70597,"comment_status":"closed","ping_status":"open","sticky":false,"template":"","format":"standard","meta":{"_acf_changed":false,"footnotes":""},"categories":[1128],"tags":[],"class_list":["post-70596","post","type-post","status-publish","format-standard","has-post-thumbnail","hentry","category-actualidad-parlamento-de-galicia"],"acf":[],"yoast_head":"<!-- This site is optimized with the Yoast SEO plugin v27.3 - https:\/\/yoast.com\/product\/yoast-seo-wordpress\/ -->\n<title>O PPdeG urxe ao Goberno central a posta en marcha do IVE fanquiciado que aliviar\u00eda a carga fiscal de m\u00e1is de 20.000 aut\u00f3nomos da provincia de Lugo - PP de Galicia<\/title>\n<meta name=\"description\" content=\"O PPdeG urxe ao Goberno central a inmediata posta en marcha do r\u00e9xime especial de franquicia do IVE, previsto na Directiva europea 2020\/285 e que deb\u00eda estar vixente desde o 1 de xaneiro de 2025.\" \/>\n<meta name=\"robots\" content=\"index, follow, max-snippet:-1, max-image-preview:large, max-video-preview:-1\" \/>\n<link rel=\"canonical\" href=\"https:\/\/ppdegalicia.com\/es\/o-ppdeg-urxe-ao-goberno-central-a-posta-en-marcha-do-ive-fanquiciado-que-aliviaria-a-carga-fiscal-de-mais-de-20-000-autonomos-da-provincia-de-lugo\/\" \/>\n<meta property=\"og:locale\" content=\"es_ES\" \/>\n<meta property=\"og:type\" content=\"article\" \/>\n<meta property=\"og:title\" content=\"O PPdeG urxe ao Goberno central a posta en marcha do IVE fanquiciado que aliviar\u00eda a carga fiscal de m\u00e1is de 20.000 aut\u00f3nomos da provincia de Lugo - PP de Galicia\" \/>\n<meta property=\"og:description\" content=\"O PPdeG urxe ao Goberno central a inmediata posta en marcha do r\u00e9xime especial de franquicia do IVE, previsto na Directiva europea 2020\/285 e que deb\u00eda estar vixente desde o 1 de xaneiro de 2025.\" \/>\n<meta property=\"og:url\" content=\"https:\/\/ppdegalicia.com\/es\/o-ppdeg-urxe-ao-goberno-central-a-posta-en-marcha-do-ive-fanquiciado-que-aliviaria-a-carga-fiscal-de-mais-de-20-000-autonomos-da-provincia-de-lugo\/\" \/>\n<meta property=\"og:site_name\" content=\"PP de Galicia\" \/>\n<meta property=\"article:publisher\" content=\"https:\/\/www.instagram.com\/ppdegalicia\/\" \/>\n<meta property=\"article:published_time\" content=\"2026-03-14T20:27:36+00:00\" \/>\n<meta property=\"og:image\" content=\"https:\/\/ppdegalicia.com\/wp-content\/uploads\/2026\/03\/20260314_PPLugo1.jpg\" \/>\n\t<meta property=\"og:image:width\" content=\"1495\" \/>\n\t<meta property=\"og:image:height\" content=\"1121\" \/>\n\t<meta property=\"og:image:type\" content=\"image\/jpeg\" \/>\n<meta name=\"author\" content=\"ppdegaliciaredes\" \/>\n<meta name=\"twitter:card\" content=\"summary_large_image\" \/>\n<meta name=\"twitter:creator\" content=\"@ppdegalicia\" \/>\n<meta name=\"twitter:site\" content=\"@ppdegalicia\" \/>\n<meta name=\"twitter:label1\" content=\"Escrito por\" \/>\n\t<meta name=\"twitter:data1\" content=\"ppdegaliciaredes\" \/>\n\t<meta name=\"twitter:label2\" content=\"Tiempo de lectura\" \/>\n\t<meta name=\"twitter:data2\" content=\"3 minutos\" \/>\n<script type=\"application\/ld+json\" class=\"yoast-schema-graph\">{\"@context\":\"https:\\\/\\\/schema.org\",\"@graph\":[{\"@type\":\"Article\",\"@id\":\"https:\\\/\\\/ppdegalicia.com\\\/es\\\/o-ppdeg-urxe-ao-goberno-central-a-posta-en-marcha-do-ive-fanquiciado-que-aliviaria-a-carga-fiscal-de-mais-de-20-000-autonomos-da-provincia-de-lugo\\\/#article\",\"isPartOf\":{\"@id\":\"https:\\\/\\\/ppdegalicia.com\\\/es\\\/o-ppdeg-urxe-ao-goberno-central-a-posta-en-marcha-do-ive-fanquiciado-que-aliviaria-a-carga-fiscal-de-mais-de-20-000-autonomos-da-provincia-de-lugo\\\/\"},\"author\":{\"name\":\"ppdegaliciaredes\",\"@id\":\"https:\\\/\\\/ppdegalicia.com\\\/es\\\/#\\\/schema\\\/person\\\/5b822c6f59e872ebdd1142f307dbcb59\"},\"headline\":\"O PPdeG urxe ao Goberno central a posta en marcha do IVE fanquiciado que aliviar\u00eda a carga fiscal de m\u00e1is de 20.000 aut\u00f3nomos da provincia de Lugo\",\"datePublished\":\"2026-03-14T20:27:36+00:00\",\"mainEntityOfPage\":{\"@id\":\"https:\\\/\\\/ppdegalicia.com\\\/es\\\/o-ppdeg-urxe-ao-goberno-central-a-posta-en-marcha-do-ive-fanquiciado-que-aliviaria-a-carga-fiscal-de-mais-de-20-000-autonomos-da-provincia-de-lugo\\\/\"},\"wordCount\":465,\"publisher\":{\"@id\":\"https:\\\/\\\/ppdegalicia.com\\\/es\\\/#organization\"},\"image\":{\"@id\":\"https:\\\/\\\/ppdegalicia.com\\\/es\\\/o-ppdeg-urxe-ao-goberno-central-a-posta-en-marcha-do-ive-fanquiciado-que-aliviaria-a-carga-fiscal-de-mais-de-20-000-autonomos-da-provincia-de-lugo\\\/#primaryimage\"},\"thumbnailUrl\":\"https:\\\/\\\/ppdegalicia.com\\\/wp-content\\\/uploads\\\/2026\\\/03\\\/20260314_PPLugo1.jpg\",\"articleSection\":[\"Parlamento de Galicia\"],\"inLanguage\":\"es\"},{\"@type\":\"WebPage\",\"@id\":\"https:\\\/\\\/ppdegalicia.com\\\/es\\\/o-ppdeg-urxe-ao-goberno-central-a-posta-en-marcha-do-ive-fanquiciado-que-aliviaria-a-carga-fiscal-de-mais-de-20-000-autonomos-da-provincia-de-lugo\\\/\",\"url\":\"https:\\\/\\\/ppdegalicia.com\\\/es\\\/o-ppdeg-urxe-ao-goberno-central-a-posta-en-marcha-do-ive-fanquiciado-que-aliviaria-a-carga-fiscal-de-mais-de-20-000-autonomos-da-provincia-de-lugo\\\/\",\"name\":\"O PPdeG urxe ao Goberno central a posta en marcha do IVE fanquiciado que aliviar\u00eda a carga fiscal de m\u00e1is de 20.000 aut\u00f3nomos da provincia de Lugo - PP de Galicia\",\"isPartOf\":{\"@id\":\"https:\\\/\\\/ppdegalicia.com\\\/es\\\/#website\"},\"primaryImageOfPage\":{\"@id\":\"https:\\\/\\\/ppdegalicia.com\\\/es\\\/o-ppdeg-urxe-ao-goberno-central-a-posta-en-marcha-do-ive-fanquiciado-que-aliviaria-a-carga-fiscal-de-mais-de-20-000-autonomos-da-provincia-de-lugo\\\/#primaryimage\"},\"image\":{\"@id\":\"https:\\\/\\\/ppdegalicia.com\\\/es\\\/o-ppdeg-urxe-ao-goberno-central-a-posta-en-marcha-do-ive-fanquiciado-que-aliviaria-a-carga-fiscal-de-mais-de-20-000-autonomos-da-provincia-de-lugo\\\/#primaryimage\"},\"thumbnailUrl\":\"https:\\\/\\\/ppdegalicia.com\\\/wp-content\\\/uploads\\\/2026\\\/03\\\/20260314_PPLugo1.jpg\",\"datePublished\":\"2026-03-14T20:27:36+00:00\",\"description\":\"O PPdeG urxe ao Goberno central a inmediata posta en marcha do r\u00e9xime especial de franquicia do IVE, previsto na Directiva europea 2020\\\/285 e que deb\u00eda estar vixente desde o 1 de xaneiro de 2025.\",\"breadcrumb\":{\"@id\":\"https:\\\/\\\/ppdegalicia.com\\\/es\\\/o-ppdeg-urxe-ao-goberno-central-a-posta-en-marcha-do-ive-fanquiciado-que-aliviaria-a-carga-fiscal-de-mais-de-20-000-autonomos-da-provincia-de-lugo\\\/#breadcrumb\"},\"inLanguage\":\"es\",\"potentialAction\":[{\"@type\":\"ReadAction\",\"target\":[\"https:\\\/\\\/ppdegalicia.com\\\/es\\\/o-ppdeg-urxe-ao-goberno-central-a-posta-en-marcha-do-ive-fanquiciado-que-aliviaria-a-carga-fiscal-de-mais-de-20-000-autonomos-da-provincia-de-lugo\\\/\"]}]},{\"@type\":\"ImageObject\",\"inLanguage\":\"es\",\"@id\":\"https:\\\/\\\/ppdegalicia.com\\\/es\\\/o-ppdeg-urxe-ao-goberno-central-a-posta-en-marcha-do-ive-fanquiciado-que-aliviaria-a-carga-fiscal-de-mais-de-20-000-autonomos-da-provincia-de-lugo\\\/#primaryimage\",\"url\":\"https:\\\/\\\/ppdegalicia.com\\\/wp-content\\\/uploads\\\/2026\\\/03\\\/20260314_PPLugo1.jpg\",\"contentUrl\":\"https:\\\/\\\/ppdegalicia.com\\\/wp-content\\\/uploads\\\/2026\\\/03\\\/20260314_PPLugo1.jpg\",\"width\":1495,\"height\":1121},{\"@type\":\"BreadcrumbList\",\"@id\":\"https:\\\/\\\/ppdegalicia.com\\\/es\\\/o-ppdeg-urxe-ao-goberno-central-a-posta-en-marcha-do-ive-fanquiciado-que-aliviaria-a-carga-fiscal-de-mais-de-20-000-autonomos-da-provincia-de-lugo\\\/#breadcrumb\",\"itemListElement\":[{\"@type\":\"ListItem\",\"position\":1,\"name\":\"Portada\",\"item\":\"https:\\\/\\\/ppdegalicia.com\\\/es\\\/\"},{\"@type\":\"ListItem\",\"position\":2,\"name\":\"O PPdeG urxe ao Goberno central a posta en marcha do IVE fanquiciado que aliviar\u00eda a carga fiscal de m\u00e1is de 20.000 aut\u00f3nomos da provincia de Lugo\"}]},{\"@type\":\"WebSite\",\"@id\":\"https:\\\/\\\/ppdegalicia.com\\\/es\\\/#website\",\"url\":\"https:\\\/\\\/ppdegalicia.com\\\/es\\\/\",\"name\":\"Partido Popular de Galicia\",\"description\":\"Partido Popular de Galicia\",\"publisher\":{\"@id\":\"https:\\\/\\\/ppdegalicia.com\\\/es\\\/#organization\"},\"alternateName\":\"PP de Galicia\",\"potentialAction\":[{\"@type\":\"SearchAction\",\"target\":{\"@type\":\"EntryPoint\",\"urlTemplate\":\"https:\\\/\\\/ppdegalicia.com\\\/es\\\/?s={search_term_string}\"},\"query-input\":{\"@type\":\"PropertyValueSpecification\",\"valueRequired\":true,\"valueName\":\"search_term_string\"}}],\"inLanguage\":\"es\"},{\"@type\":\"Organization\",\"@id\":\"https:\\\/\\\/ppdegalicia.com\\\/es\\\/#organization\",\"name\":\"Partido Popular de Galicia\",\"alternateName\":\"PP de Galicia\",\"url\":\"https:\\\/\\\/ppdegalicia.com\\\/es\\\/\",\"logo\":{\"@type\":\"ImageObject\",\"inLanguage\":\"es\",\"@id\":\"https:\\\/\\\/ppdegalicia.com\\\/es\\\/#\\\/schema\\\/logo\\\/image\\\/\",\"url\":\"https:\\\/\\\/ppdegalicia.com\\\/wp-content\\\/uploads\\\/2023\\\/04\\\/logoPP512.png\",\"contentUrl\":\"https:\\\/\\\/ppdegalicia.com\\\/wp-content\\\/uploads\\\/2023\\\/04\\\/logoPP512.png\",\"width\":512,\"height\":512,\"caption\":\"Partido Popular de Galicia\"},\"image\":{\"@id\":\"https:\\\/\\\/ppdegalicia.com\\\/es\\\/#\\\/schema\\\/logo\\\/image\\\/\"},\"sameAs\":[\"https:\\\/\\\/www.instagram.com\\\/ppdegalicia\\\/\",\"https:\\\/\\\/x.com\\\/ppdegalicia\",\"https:\\\/\\\/www.tiktok.com\\\/@ppdegalicia\",\"https:\\\/\\\/www.youtube.com\\\/user\\\/ppdegalicia\"]},{\"@type\":\"Person\",\"@id\":\"https:\\\/\\\/ppdegalicia.com\\\/es\\\/#\\\/schema\\\/person\\\/5b822c6f59e872ebdd1142f307dbcb59\",\"name\":\"ppdegaliciaredes\",\"image\":{\"@type\":\"ImageObject\",\"inLanguage\":\"es\",\"@id\":\"https:\\\/\\\/secure.gravatar.com\\\/avatar\\\/3c9179cf0256d00c72a48d1f25783c58b6842cd56e85ef3a572881c8e28ccd59?s=96&d=mm&r=g\",\"url\":\"https:\\\/\\\/secure.gravatar.com\\\/avatar\\\/3c9179cf0256d00c72a48d1f25783c58b6842cd56e85ef3a572881c8e28ccd59?s=96&d=mm&r=g\",\"contentUrl\":\"https:\\\/\\\/secure.gravatar.com\\\/avatar\\\/3c9179cf0256d00c72a48d1f25783c58b6842cd56e85ef3a572881c8e28ccd59?s=96&d=mm&r=g\",\"caption\":\"ppdegaliciaredes\"},\"url\":\"https:\\\/\\\/ppdegalicia.com\\\/es\\\/author\\\/ppdegaliciaredes\\\/\"}]}<\/script>\n<!-- \/ Yoast SEO plugin. -->","yoast_head_json":{"title":"O PPdeG urxe ao Goberno central a posta en marcha do IVE fanquiciado que aliviar\u00eda a carga fiscal de m\u00e1is de 20.000 aut\u00f3nomos da provincia de Lugo - PP de Galicia","description":"O PPdeG urxe ao Goberno central a inmediata posta en marcha do r\u00e9xime especial de franquicia do IVE, previsto na Directiva europea 2020\/285 e que deb\u00eda estar vixente desde o 1 de xaneiro de 2025.","robots":{"index":"index","follow":"follow","max-snippet":"max-snippet:-1","max-image-preview":"max-image-preview:large","max-video-preview":"max-video-preview:-1"},"canonical":"https:\/\/ppdegalicia.com\/es\/o-ppdeg-urxe-ao-goberno-central-a-posta-en-marcha-do-ive-fanquiciado-que-aliviaria-a-carga-fiscal-de-mais-de-20-000-autonomos-da-provincia-de-lugo\/","og_locale":"es_ES","og_type":"article","og_title":"O PPdeG urxe ao Goberno central a posta en marcha do IVE fanquiciado que aliviar\u00eda a carga fiscal de m\u00e1is de 20.000 aut\u00f3nomos da provincia de Lugo - PP de Galicia","og_description":"O PPdeG urxe ao Goberno central a inmediata posta en marcha do r\u00e9xime especial de franquicia do IVE, previsto na Directiva europea 2020\/285 e que deb\u00eda estar vixente desde o 1 de xaneiro de 2025.","og_url":"https:\/\/ppdegalicia.com\/es\/o-ppdeg-urxe-ao-goberno-central-a-posta-en-marcha-do-ive-fanquiciado-que-aliviaria-a-carga-fiscal-de-mais-de-20-000-autonomos-da-provincia-de-lugo\/","og_site_name":"PP de Galicia","article_publisher":"https:\/\/www.instagram.com\/ppdegalicia\/","article_published_time":"2026-03-14T20:27:36+00:00","og_image":[{"width":1495,"height":1121,"url":"https:\/\/ppdegalicia.com\/wp-content\/uploads\/2026\/03\/20260314_PPLugo1.jpg","type":"image\/jpeg"}],"author":"ppdegaliciaredes","twitter_card":"summary_large_image","twitter_creator":"@ppdegalicia","twitter_site":"@ppdegalicia","twitter_misc":{"Escrito por":"ppdegaliciaredes","Tiempo de lectura":"3 minutos"},"schema":{"@context":"https:\/\/schema.org","@graph":[{"@type":"Article","@id":"https:\/\/ppdegalicia.com\/es\/o-ppdeg-urxe-ao-goberno-central-a-posta-en-marcha-do-ive-fanquiciado-que-aliviaria-a-carga-fiscal-de-mais-de-20-000-autonomos-da-provincia-de-lugo\/#article","isPartOf":{"@id":"https:\/\/ppdegalicia.com\/es\/o-ppdeg-urxe-ao-goberno-central-a-posta-en-marcha-do-ive-fanquiciado-que-aliviaria-a-carga-fiscal-de-mais-de-20-000-autonomos-da-provincia-de-lugo\/"},"author":{"name":"ppdegaliciaredes","@id":"https:\/\/ppdegalicia.com\/es\/#\/schema\/person\/5b822c6f59e872ebdd1142f307dbcb59"},"headline":"O PPdeG urxe ao Goberno central a posta en marcha do IVE fanquiciado que aliviar\u00eda a carga fiscal de m\u00e1is de 20.000 aut\u00f3nomos da provincia de Lugo","datePublished":"2026-03-14T20:27:36+00:00","mainEntityOfPage":{"@id":"https:\/\/ppdegalicia.com\/es\/o-ppdeg-urxe-ao-goberno-central-a-posta-en-marcha-do-ive-fanquiciado-que-aliviaria-a-carga-fiscal-de-mais-de-20-000-autonomos-da-provincia-de-lugo\/"},"wordCount":465,"publisher":{"@id":"https:\/\/ppdegalicia.com\/es\/#organization"},"image":{"@id":"https:\/\/ppdegalicia.com\/es\/o-ppdeg-urxe-ao-goberno-central-a-posta-en-marcha-do-ive-fanquiciado-que-aliviaria-a-carga-fiscal-de-mais-de-20-000-autonomos-da-provincia-de-lugo\/#primaryimage"},"thumbnailUrl":"https:\/\/ppdegalicia.com\/wp-content\/uploads\/2026\/03\/20260314_PPLugo1.jpg","articleSection":["Parlamento de Galicia"],"inLanguage":"es"},{"@type":"WebPage","@id":"https:\/\/ppdegalicia.com\/es\/o-ppdeg-urxe-ao-goberno-central-a-posta-en-marcha-do-ive-fanquiciado-que-aliviaria-a-carga-fiscal-de-mais-de-20-000-autonomos-da-provincia-de-lugo\/","url":"https:\/\/ppdegalicia.com\/es\/o-ppdeg-urxe-ao-goberno-central-a-posta-en-marcha-do-ive-fanquiciado-que-aliviaria-a-carga-fiscal-de-mais-de-20-000-autonomos-da-provincia-de-lugo\/","name":"O PPdeG urxe ao Goberno central a posta en marcha do IVE fanquiciado que aliviar\u00eda a carga fiscal de m\u00e1is de 20.000 aut\u00f3nomos da provincia de Lugo - PP de Galicia","isPartOf":{"@id":"https:\/\/ppdegalicia.com\/es\/#website"},"primaryImageOfPage":{"@id":"https:\/\/ppdegalicia.com\/es\/o-ppdeg-urxe-ao-goberno-central-a-posta-en-marcha-do-ive-fanquiciado-que-aliviaria-a-carga-fiscal-de-mais-de-20-000-autonomos-da-provincia-de-lugo\/#primaryimage"},"image":{"@id":"https:\/\/ppdegalicia.com\/es\/o-ppdeg-urxe-ao-goberno-central-a-posta-en-marcha-do-ive-fanquiciado-que-aliviaria-a-carga-fiscal-de-mais-de-20-000-autonomos-da-provincia-de-lugo\/#primaryimage"},"thumbnailUrl":"https:\/\/ppdegalicia.com\/wp-content\/uploads\/2026\/03\/20260314_PPLugo1.jpg","datePublished":"2026-03-14T20:27:36+00:00","description":"O PPdeG urxe ao Goberno central a inmediata posta en marcha do r\u00e9xime especial de franquicia do IVE, previsto na Directiva europea 2020\/285 e que deb\u00eda estar vixente desde o 1 de xaneiro de 2025.","breadcrumb":{"@id":"https:\/\/ppdegalicia.com\/es\/o-ppdeg-urxe-ao-goberno-central-a-posta-en-marcha-do-ive-fanquiciado-que-aliviaria-a-carga-fiscal-de-mais-de-20-000-autonomos-da-provincia-de-lugo\/#breadcrumb"},"inLanguage":"es","potentialAction":[{"@type":"ReadAction","target":["https:\/\/ppdegalicia.com\/es\/o-ppdeg-urxe-ao-goberno-central-a-posta-en-marcha-do-ive-fanquiciado-que-aliviaria-a-carga-fiscal-de-mais-de-20-000-autonomos-da-provincia-de-lugo\/"]}]},{"@type":"ImageObject","inLanguage":"es","@id":"https:\/\/ppdegalicia.com\/es\/o-ppdeg-urxe-ao-goberno-central-a-posta-en-marcha-do-ive-fanquiciado-que-aliviaria-a-carga-fiscal-de-mais-de-20-000-autonomos-da-provincia-de-lugo\/#primaryimage","url":"https:\/\/ppdegalicia.com\/wp-content\/uploads\/2026\/03\/20260314_PPLugo1.jpg","contentUrl":"https:\/\/ppdegalicia.com\/wp-content\/uploads\/2026\/03\/20260314_PPLugo1.jpg","width":1495,"height":1121},{"@type":"BreadcrumbList","@id":"https:\/\/ppdegalicia.com\/es\/o-ppdeg-urxe-ao-goberno-central-a-posta-en-marcha-do-ive-fanquiciado-que-aliviaria-a-carga-fiscal-de-mais-de-20-000-autonomos-da-provincia-de-lugo\/#breadcrumb","itemListElement":[{"@type":"ListItem","position":1,"name":"Portada","item":"https:\/\/ppdegalicia.com\/es\/"},{"@type":"ListItem","position":2,"name":"O PPdeG urxe ao Goberno central a posta en marcha do IVE fanquiciado que aliviar\u00eda a carga fiscal de m\u00e1is de 20.000 aut\u00f3nomos da provincia de Lugo"}]},{"@type":"WebSite","@id":"https:\/\/ppdegalicia.com\/es\/#website","url":"https:\/\/ppdegalicia.com\/es\/","name":"Partido Popular de Galicia","description":"Partido Popular de Galicia","publisher":{"@id":"https:\/\/ppdegalicia.com\/es\/#organization"},"alternateName":"PP de Galicia","potentialAction":[{"@type":"SearchAction","target":{"@type":"EntryPoint","urlTemplate":"https:\/\/ppdegalicia.com\/es\/?s={search_term_string}"},"query-input":{"@type":"PropertyValueSpecification","valueRequired":true,"valueName":"search_term_string"}}],"inLanguage":"es"},{"@type":"Organization","@id":"https:\/\/ppdegalicia.com\/es\/#organization","name":"Partido Popular de Galicia","alternateName":"PP de Galicia","url":"https:\/\/ppdegalicia.com\/es\/","logo":{"@type":"ImageObject","inLanguage":"es","@id":"https:\/\/ppdegalicia.com\/es\/#\/schema\/logo\/image\/","url":"https:\/\/ppdegalicia.com\/wp-content\/uploads\/2023\/04\/logoPP512.png","contentUrl":"https:\/\/ppdegalicia.com\/wp-content\/uploads\/2023\/04\/logoPP512.png","width":512,"height":512,"caption":"Partido Popular de Galicia"},"image":{"@id":"https:\/\/ppdegalicia.com\/es\/#\/schema\/logo\/image\/"},"sameAs":["https:\/\/www.instagram.com\/ppdegalicia\/","https:\/\/x.com\/ppdegalicia","https:\/\/www.tiktok.com\/@ppdegalicia","https:\/\/www.youtube.com\/user\/ppdegalicia"]},{"@type":"Person","@id":"https:\/\/ppdegalicia.com\/es\/#\/schema\/person\/5b822c6f59e872ebdd1142f307dbcb59","name":"ppdegaliciaredes","image":{"@type":"ImageObject","inLanguage":"es","@id":"https:\/\/secure.gravatar.com\/avatar\/3c9179cf0256d00c72a48d1f25783c58b6842cd56e85ef3a572881c8e28ccd59?s=96&d=mm&r=g","url":"https:\/\/secure.gravatar.com\/avatar\/3c9179cf0256d00c72a48d1f25783c58b6842cd56e85ef3a572881c8e28ccd59?s=96&d=mm&r=g","contentUrl":"https:\/\/secure.gravatar.com\/avatar\/3c9179cf0256d00c72a48d1f25783c58b6842cd56e85ef3a572881c8e28ccd59?s=96&d=mm&r=g","caption":"ppdegaliciaredes"},"url":"https:\/\/ppdegalicia.com\/es\/author\/ppdegaliciaredes\/"}]}},"_links":{"self":[{"href":"https:\/\/ppdegalicia.com\/es\/wp-json\/wp\/v2\/posts\/70596","targetHints":{"allow":["GET"]}}],"collection":[{"href":"https:\/\/ppdegalicia.com\/es\/wp-json\/wp\/v2\/posts"}],"about":[{"href":"https:\/\/ppdegalicia.com\/es\/wp-json\/wp\/v2\/types\/post"}],"author":[{"embeddable":true,"href":"https:\/\/ppdegalicia.com\/es\/wp-json\/wp\/v2\/users\/38"}],"replies":[{"embeddable":true,"href":"https:\/\/ppdegalicia.com\/es\/wp-json\/wp\/v2\/comments?post=70596"}],"version-history":[{"count":1,"href":"https:\/\/ppdegalicia.com\/es\/wp-json\/wp\/v2\/posts\/70596\/revisions"}],"predecessor-version":[{"id":70599,"href":"https:\/\/ppdegalicia.com\/es\/wp-json\/wp\/v2\/posts\/70596\/revisions\/70599"}],"wp:featuredmedia":[{"embeddable":true,"href":"https:\/\/ppdegalicia.com\/es\/wp-json\/wp\/v2\/media\/70597"}],"wp:attachment":[{"href":"https:\/\/ppdegalicia.com\/es\/wp-json\/wp\/v2\/media?parent=70596"}],"wp:term":[{"taxonomy":"category","embeddable":true,"href":"https:\/\/ppdegalicia.com\/es\/wp-json\/wp\/v2\/categories?post=70596"},{"taxonomy":"post_tag","embeddable":true,"href":"https:\/\/ppdegalicia.com\/es\/wp-json\/wp\/v2\/tags?post=70596"}],"curies":[{"name":"wp","href":"https:\/\/api.w.org\/{rel}","templated":true}]}}