{"id":71016,"date":"2026-04-24T13:35:07","date_gmt":"2026-04-24T12:35:07","guid":{"rendered":"https:\/\/ppdegalicia.com\/?p=71016"},"modified":"2026-04-26T13:36:32","modified_gmt":"2026-04-26T12:36:32","slug":"o-ppdeg-contrapon-as-trabas-do-executivo-central-para-facilitar-o-acceso-a-vivenda-coa-politica-efectiva-de-impulso-da-xunta","status":"publish","type":"post","link":"https:\/\/ppdegalicia.com\/es\/o-ppdeg-contrapon-as-trabas-do-executivo-central-para-facilitar-o-acceso-a-vivenda-coa-politica-efectiva-de-impulso-da-xunta\/","title":{"rendered":"O PPdeG contrap\u00f3n as trabas do Executivo central para facilitar o acceso \u00e1 vivenda coa \u201cpol\u00edtica efectiva de impulso\u201d da Xunta"},"content":{"rendered":"<p>O portavoz do Grupo Parlamentario Popular, Alberto Pazos, contrapuxo, hoxe, a falta de compromiso do Executivo de Pedro S\u00e1nchez en materia de vivenda coa \u201cpol\u00edtica efectiva e de impulso\u201d do Goberno de Alfonso Rueda.<\/p>\n<p>As\u00ed, puxo en valor a medida anunciada polo Executivo galego para incrementar o teito m\u00e1ximo de renda ata catro veces o Iprem para facilitar o acceso a unha vivenda que, no caso das familias numerosas, este limiar el\u00e9vase ata 4,5 veces. Do mesmo xeito, salientou a reserva do 30% das vivendas p\u00fablicas en venda para as persoas de entre 36 e 45 anos; unha medida, indicou, que pon o foco, especialmente, naquelas nais e pais con nenos pequenos e que gozan de menos dispo\u00f1ibilidade xeogr\u00e1fica.<\/p>\n<p>Para Pazos, ambas as d\u00faas medidas \u2013aumentar o limiar de ingresos e a porcentaxe de vivenda reservada- van dirixidas, principalmente, \u00e1 clase media, que, en moitas ocasi\u00f3ns, se viu exclu\u00edda doutras axudas p\u00fablicas por non cumprir cos requisitos demandados. Neste senso, informou de que o Grupo Popular v\u00e9n de rexistrar d\u00faas iniciativas \u2013unha pregunta e unha proposici\u00f3n non de lei- para que o Goberno galego dea conta no Parlamento de como se van materializar estas medidas.<\/p>\n<p>Pola contra, referiuse ao Plan estatal de vivenda, do cal dixo que chega tarde, sen consenso nin planificaci\u00f3n e que \u00e9 \u201cclaramente insuficiente\u201d. E recordou os efectos da normativa estatal que, segundo incidiu, provocou que, en menos dun ano, desaparecer m\u00e1is da metade da oferta de inmobles: \u201cA Xunta traballa para paliar esta crise con m\u00e1is obras en marcha, menos impostos e m\u00e1is axudas para rehabilitar\u201d.<\/p>\n<p><strong>RESPECTO E EXEMPLARIDADE<\/strong><br \/>\nTras lamentar a actitude bronca e de hostilidade que protagonizou a pasada sesi\u00f3n plenaria do Parlamento de Galicia, o portavoz popular instou, hoxe, aos grupos da oposici\u00f3n a baixar o ton dos insultos e subir, pola contra, o dos argumentos e propostas.<\/p>\n<p>\u201cInsultar a memoria dunha persoa, chamar asasino fascista a quen presidiu, durante quince anos, o Goberno de Galicia pola decisi\u00f3n democr\u00e1tica do pobo galego, dista moito do respecto e da exemplaridade\u201d, apuntou, para engadir que a confrontaci\u00f3n no debate, si; pero \u201csuperar a li\u00f1a do respecto, con descualificaci\u00f3ns e ataques persoais\u201d, non. \u201cOs galegos non nos piden que esteamos de acordo en todo \u2013engadiu-, pero si nos esixen estar \u00e1 altura das instituci\u00f3ns que representamos\u201d.<\/p>\n<p>As\u00ed, contrapuxo as formaci\u00f3ns que \u201cse alimentan do conflito e do permanente ru\u00eddo\u201d co PPdeG, que elixe propo\u00f1er medidas enfocadas nos problemas de Galicia e dirixidas a mellorar a calidade de vida dos galegos.<\/p>\n","protected":false},"excerpt":{"rendered":"<p>O portavoz do Grupo Parlamentario Popular, Alberto Pazos, contrapuxo, hoxe, a falta de compromiso do Executivo de Pedro S\u00e1nchez en materia de vivenda coa \u201cpol\u00edtica efectiva e de impulso\u201d do Goberno de Alfonso Rueda. As\u00ed, puxo en valor a medida anunciada polo Executivo galego para incrementar o teito m\u00e1ximo de renda ata catro veces o [&hellip;]<\/p>\n","protected":false},"author":38,"featured_media":71017,"comment_status":"closed","ping_status":"open","sticky":false,"template":"","format":"standard","meta":{"_acf_changed":false,"footnotes":""},"categories":[1128],"tags":[],"class_list":["post-71016","post","type-post","status-publish","format-standard","has-post-thumbnail","hentry","category-actualidad-parlamento-de-galicia"],"acf":[],"yoast_head":"<!-- This site is optimized with the Yoast SEO plugin v27.3 - https:\/\/yoast.com\/product\/yoast-seo-wordpress\/ -->\n<title>O PPdeG contrap\u00f3n as trabas do Executivo central para facilitar o acceso \u00e1 vivenda coa \u201cpol\u00edtica efectiva de impulso\u201d da Xunta - PP de Galicia<\/title>\n<meta name=\"description\" content=\"O portavoz do Grupo Parlamentario Popular, Alberto Pazos, contrapuxo, hoxe, a falta de compromiso do Executivo de Pedro S\u00e1nchez en materia de vivenda coa \u201cpol\u00edtica efectiva e de impulso\u201d do Goberno de Alfonso Rueda.\" \/>\n<meta name=\"robots\" content=\"index, follow, max-snippet:-1, max-image-preview:large, max-video-preview:-1\" \/>\n<link rel=\"canonical\" href=\"https:\/\/ppdegalicia.com\/es\/o-ppdeg-contrapon-as-trabas-do-executivo-central-para-facilitar-o-acceso-a-vivenda-coa-politica-efectiva-de-impulso-da-xunta\/\" \/>\n<meta property=\"og:locale\" content=\"es_ES\" \/>\n<meta property=\"og:type\" content=\"article\" \/>\n<meta property=\"og:title\" content=\"O PPdeG contrap\u00f3n as trabas do Executivo central para facilitar o acceso \u00e1 vivenda coa \u201cpol\u00edtica efectiva de impulso\u201d da Xunta - PP de Galicia\" \/>\n<meta property=\"og:description\" content=\"O portavoz do Grupo Parlamentario Popular, Alberto Pazos, contrapuxo, hoxe, a falta de compromiso do Executivo de Pedro S\u00e1nchez en materia de vivenda coa \u201cpol\u00edtica efectiva e de impulso\u201d do Goberno de Alfonso Rueda.\" \/>\n<meta property=\"og:url\" content=\"https:\/\/ppdegalicia.com\/es\/o-ppdeg-contrapon-as-trabas-do-executivo-central-para-facilitar-o-acceso-a-vivenda-coa-politica-efectiva-de-impulso-da-xunta\/\" \/>\n<meta property=\"og:site_name\" content=\"PP de Galicia\" \/>\n<meta property=\"article:publisher\" content=\"https:\/\/www.instagram.com\/ppdegalicia\/\" \/>\n<meta property=\"article:published_time\" content=\"2026-04-24T12:35:07+00:00\" \/>\n<meta property=\"article:modified_time\" content=\"2026-04-26T12:36:32+00:00\" \/>\n<meta property=\"og:image\" content=\"https:\/\/ppdegalicia.com\/wp-content\/uploads\/2026\/04\/20260424_APazos_rdp14-scaled.jpg\" \/>\n\t<meta property=\"og:image:width\" content=\"2560\" \/>\n\t<meta property=\"og:image:height\" content=\"1707\" \/>\n\t<meta property=\"og:image:type\" content=\"image\/jpeg\" \/>\n<meta name=\"author\" content=\"ppdegaliciaredes\" \/>\n<meta name=\"twitter:card\" content=\"summary_large_image\" \/>\n<meta name=\"twitter:creator\" content=\"@ppdegalicia\" \/>\n<meta name=\"twitter:site\" content=\"@ppdegalicia\" \/>\n<meta name=\"twitter:label1\" content=\"Escrito por\" \/>\n\t<meta name=\"twitter:data1\" content=\"ppdegaliciaredes\" \/>\n\t<meta name=\"twitter:label2\" content=\"Tiempo de lectura\" \/>\n\t<meta name=\"twitter:data2\" content=\"3 minutos\" \/>\n<script type=\"application\/ld+json\" class=\"yoast-schema-graph\">{\"@context\":\"https:\\\/\\\/schema.org\",\"@graph\":[{\"@type\":\"Article\",\"@id\":\"https:\\\/\\\/ppdegalicia.com\\\/es\\\/o-ppdeg-contrapon-as-trabas-do-executivo-central-para-facilitar-o-acceso-a-vivenda-coa-politica-efectiva-de-impulso-da-xunta\\\/#article\",\"isPartOf\":{\"@id\":\"https:\\\/\\\/ppdegalicia.com\\\/es\\\/o-ppdeg-contrapon-as-trabas-do-executivo-central-para-facilitar-o-acceso-a-vivenda-coa-politica-efectiva-de-impulso-da-xunta\\\/\"},\"author\":{\"name\":\"ppdegaliciaredes\",\"@id\":\"https:\\\/\\\/ppdegalicia.com\\\/es\\\/#\\\/schema\\\/person\\\/5b822c6f59e872ebdd1142f307dbcb59\"},\"headline\":\"O PPdeG contrap\u00f3n as trabas do Executivo central para facilitar o acceso \u00e1 vivenda coa \u201cpol\u00edtica efectiva de impulso\u201d da Xunta\",\"datePublished\":\"2026-04-24T12:35:07+00:00\",\"dateModified\":\"2026-04-26T12:36:32+00:00\",\"mainEntityOfPage\":{\"@id\":\"https:\\\/\\\/ppdegalicia.com\\\/es\\\/o-ppdeg-contrapon-as-trabas-do-executivo-central-para-facilitar-o-acceso-a-vivenda-coa-politica-efectiva-de-impulso-da-xunta\\\/\"},\"wordCount\":459,\"publisher\":{\"@id\":\"https:\\\/\\\/ppdegalicia.com\\\/es\\\/#organization\"},\"image\":{\"@id\":\"https:\\\/\\\/ppdegalicia.com\\\/es\\\/o-ppdeg-contrapon-as-trabas-do-executivo-central-para-facilitar-o-acceso-a-vivenda-coa-politica-efectiva-de-impulso-da-xunta\\\/#primaryimage\"},\"thumbnailUrl\":\"https:\\\/\\\/ppdegalicia.com\\\/wp-content\\\/uploads\\\/2026\\\/04\\\/20260424_APazos_rdp14-scaled.jpg\",\"articleSection\":[\"Parlamento de Galicia\"],\"inLanguage\":\"es\"},{\"@type\":\"WebPage\",\"@id\":\"https:\\\/\\\/ppdegalicia.com\\\/es\\\/o-ppdeg-contrapon-as-trabas-do-executivo-central-para-facilitar-o-acceso-a-vivenda-coa-politica-efectiva-de-impulso-da-xunta\\\/\",\"url\":\"https:\\\/\\\/ppdegalicia.com\\\/es\\\/o-ppdeg-contrapon-as-trabas-do-executivo-central-para-facilitar-o-acceso-a-vivenda-coa-politica-efectiva-de-impulso-da-xunta\\\/\",\"name\":\"O PPdeG contrap\u00f3n as trabas do Executivo central para facilitar o acceso \u00e1 vivenda coa \u201cpol\u00edtica efectiva de impulso\u201d da Xunta - PP de Galicia\",\"isPartOf\":{\"@id\":\"https:\\\/\\\/ppdegalicia.com\\\/es\\\/#website\"},\"primaryImageOfPage\":{\"@id\":\"https:\\\/\\\/ppdegalicia.com\\\/es\\\/o-ppdeg-contrapon-as-trabas-do-executivo-central-para-facilitar-o-acceso-a-vivenda-coa-politica-efectiva-de-impulso-da-xunta\\\/#primaryimage\"},\"image\":{\"@id\":\"https:\\\/\\\/ppdegalicia.com\\\/es\\\/o-ppdeg-contrapon-as-trabas-do-executivo-central-para-facilitar-o-acceso-a-vivenda-coa-politica-efectiva-de-impulso-da-xunta\\\/#primaryimage\"},\"thumbnailUrl\":\"https:\\\/\\\/ppdegalicia.com\\\/wp-content\\\/uploads\\\/2026\\\/04\\\/20260424_APazos_rdp14-scaled.jpg\",\"datePublished\":\"2026-04-24T12:35:07+00:00\",\"dateModified\":\"2026-04-26T12:36:32+00:00\",\"description\":\"O portavoz do Grupo Parlamentario Popular, Alberto Pazos, contrapuxo, hoxe, a falta de compromiso do Executivo de Pedro S\u00e1nchez en materia de vivenda coa \u201cpol\u00edtica efectiva e de impulso\u201d do Goberno de Alfonso Rueda.\",\"breadcrumb\":{\"@id\":\"https:\\\/\\\/ppdegalicia.com\\\/es\\\/o-ppdeg-contrapon-as-trabas-do-executivo-central-para-facilitar-o-acceso-a-vivenda-coa-politica-efectiva-de-impulso-da-xunta\\\/#breadcrumb\"},\"inLanguage\":\"es\",\"potentialAction\":[{\"@type\":\"ReadAction\",\"target\":[\"https:\\\/\\\/ppdegalicia.com\\\/es\\\/o-ppdeg-contrapon-as-trabas-do-executivo-central-para-facilitar-o-acceso-a-vivenda-coa-politica-efectiva-de-impulso-da-xunta\\\/\"]}]},{\"@type\":\"ImageObject\",\"inLanguage\":\"es\",\"@id\":\"https:\\\/\\\/ppdegalicia.com\\\/es\\\/o-ppdeg-contrapon-as-trabas-do-executivo-central-para-facilitar-o-acceso-a-vivenda-coa-politica-efectiva-de-impulso-da-xunta\\\/#primaryimage\",\"url\":\"https:\\\/\\\/ppdegalicia.com\\\/wp-content\\\/uploads\\\/2026\\\/04\\\/20260424_APazos_rdp14-scaled.jpg\",\"contentUrl\":\"https:\\\/\\\/ppdegalicia.com\\\/wp-content\\\/uploads\\\/2026\\\/04\\\/20260424_APazos_rdp14-scaled.jpg\",\"width\":2560,\"height\":1707},{\"@type\":\"BreadcrumbList\",\"@id\":\"https:\\\/\\\/ppdegalicia.com\\\/es\\\/o-ppdeg-contrapon-as-trabas-do-executivo-central-para-facilitar-o-acceso-a-vivenda-coa-politica-efectiva-de-impulso-da-xunta\\\/#breadcrumb\",\"itemListElement\":[{\"@type\":\"ListItem\",\"position\":1,\"name\":\"Portada\",\"item\":\"https:\\\/\\\/ppdegalicia.com\\\/es\\\/\"},{\"@type\":\"ListItem\",\"position\":2,\"name\":\"O PPdeG contrap\u00f3n as trabas do Executivo central para facilitar o acceso \u00e1 vivenda coa \u201cpol\u00edtica efectiva de impulso\u201d da Xunta\"}]},{\"@type\":\"WebSite\",\"@id\":\"https:\\\/\\\/ppdegalicia.com\\\/es\\\/#website\",\"url\":\"https:\\\/\\\/ppdegalicia.com\\\/es\\\/\",\"name\":\"Partido Popular de Galicia\",\"description\":\"Partido Popular de Galicia\",\"publisher\":{\"@id\":\"https:\\\/\\\/ppdegalicia.com\\\/es\\\/#organization\"},\"alternateName\":\"PP de Galicia\",\"potentialAction\":[{\"@type\":\"SearchAction\",\"target\":{\"@type\":\"EntryPoint\",\"urlTemplate\":\"https:\\\/\\\/ppdegalicia.com\\\/es\\\/?s={search_term_string}\"},\"query-input\":{\"@type\":\"PropertyValueSpecification\",\"valueRequired\":true,\"valueName\":\"search_term_string\"}}],\"inLanguage\":\"es\"},{\"@type\":\"Organization\",\"@id\":\"https:\\\/\\\/ppdegalicia.com\\\/es\\\/#organization\",\"name\":\"Partido Popular de Galicia\",\"alternateName\":\"PP de Galicia\",\"url\":\"https:\\\/\\\/ppdegalicia.com\\\/es\\\/\",\"logo\":{\"@type\":\"ImageObject\",\"inLanguage\":\"es\",\"@id\":\"https:\\\/\\\/ppdegalicia.com\\\/es\\\/#\\\/schema\\\/logo\\\/image\\\/\",\"url\":\"https:\\\/\\\/ppdegalicia.com\\\/wp-content\\\/uploads\\\/2023\\\/04\\\/logoPP512.png\",\"contentUrl\":\"https:\\\/\\\/ppdegalicia.com\\\/wp-content\\\/uploads\\\/2023\\\/04\\\/logoPP512.png\",\"width\":512,\"height\":512,\"caption\":\"Partido Popular de Galicia\"},\"image\":{\"@id\":\"https:\\\/\\\/ppdegalicia.com\\\/es\\\/#\\\/schema\\\/logo\\\/image\\\/\"},\"sameAs\":[\"https:\\\/\\\/www.instagram.com\\\/ppdegalicia\\\/\",\"https:\\\/\\\/x.com\\\/ppdegalicia\",\"https:\\\/\\\/www.tiktok.com\\\/@ppdegalicia\",\"https:\\\/\\\/www.youtube.com\\\/user\\\/ppdegalicia\"]},{\"@type\":\"Person\",\"@id\":\"https:\\\/\\\/ppdegalicia.com\\\/es\\\/#\\\/schema\\\/person\\\/5b822c6f59e872ebdd1142f307dbcb59\",\"name\":\"ppdegaliciaredes\",\"image\":{\"@type\":\"ImageObject\",\"inLanguage\":\"es\",\"@id\":\"https:\\\/\\\/secure.gravatar.com\\\/avatar\\\/3c9179cf0256d00c72a48d1f25783c58b6842cd56e85ef3a572881c8e28ccd59?s=96&d=mm&r=g\",\"url\":\"https:\\\/\\\/secure.gravatar.com\\\/avatar\\\/3c9179cf0256d00c72a48d1f25783c58b6842cd56e85ef3a572881c8e28ccd59?s=96&d=mm&r=g\",\"contentUrl\":\"https:\\\/\\\/secure.gravatar.com\\\/avatar\\\/3c9179cf0256d00c72a48d1f25783c58b6842cd56e85ef3a572881c8e28ccd59?s=96&d=mm&r=g\",\"caption\":\"ppdegaliciaredes\"},\"url\":\"https:\\\/\\\/ppdegalicia.com\\\/es\\\/author\\\/ppdegaliciaredes\\\/\"}]}<\/script>\n<!-- \/ Yoast SEO plugin. -->","yoast_head_json":{"title":"O PPdeG contrap\u00f3n as trabas do Executivo central para facilitar o acceso \u00e1 vivenda coa \u201cpol\u00edtica efectiva de impulso\u201d da Xunta - PP de Galicia","description":"O portavoz do Grupo Parlamentario Popular, Alberto Pazos, contrapuxo, hoxe, a falta de compromiso do Executivo de Pedro S\u00e1nchez en materia de vivenda coa \u201cpol\u00edtica efectiva e de impulso\u201d do Goberno de Alfonso Rueda.","robots":{"index":"index","follow":"follow","max-snippet":"max-snippet:-1","max-image-preview":"max-image-preview:large","max-video-preview":"max-video-preview:-1"},"canonical":"https:\/\/ppdegalicia.com\/es\/o-ppdeg-contrapon-as-trabas-do-executivo-central-para-facilitar-o-acceso-a-vivenda-coa-politica-efectiva-de-impulso-da-xunta\/","og_locale":"es_ES","og_type":"article","og_title":"O PPdeG contrap\u00f3n as trabas do Executivo central para facilitar o acceso \u00e1 vivenda coa \u201cpol\u00edtica efectiva de impulso\u201d da Xunta - PP de Galicia","og_description":"O portavoz do Grupo Parlamentario Popular, Alberto Pazos, contrapuxo, hoxe, a falta de compromiso do Executivo de Pedro S\u00e1nchez en materia de vivenda coa \u201cpol\u00edtica efectiva e de impulso\u201d do Goberno de Alfonso Rueda.","og_url":"https:\/\/ppdegalicia.com\/es\/o-ppdeg-contrapon-as-trabas-do-executivo-central-para-facilitar-o-acceso-a-vivenda-coa-politica-efectiva-de-impulso-da-xunta\/","og_site_name":"PP de Galicia","article_publisher":"https:\/\/www.instagram.com\/ppdegalicia\/","article_published_time":"2026-04-24T12:35:07+00:00","article_modified_time":"2026-04-26T12:36:32+00:00","og_image":[{"width":2560,"height":1707,"url":"https:\/\/ppdegalicia.com\/wp-content\/uploads\/2026\/04\/20260424_APazos_rdp14-scaled.jpg","type":"image\/jpeg"}],"author":"ppdegaliciaredes","twitter_card":"summary_large_image","twitter_creator":"@ppdegalicia","twitter_site":"@ppdegalicia","twitter_misc":{"Escrito por":"ppdegaliciaredes","Tiempo de lectura":"3 minutos"},"schema":{"@context":"https:\/\/schema.org","@graph":[{"@type":"Article","@id":"https:\/\/ppdegalicia.com\/es\/o-ppdeg-contrapon-as-trabas-do-executivo-central-para-facilitar-o-acceso-a-vivenda-coa-politica-efectiva-de-impulso-da-xunta\/#article","isPartOf":{"@id":"https:\/\/ppdegalicia.com\/es\/o-ppdeg-contrapon-as-trabas-do-executivo-central-para-facilitar-o-acceso-a-vivenda-coa-politica-efectiva-de-impulso-da-xunta\/"},"author":{"name":"ppdegaliciaredes","@id":"https:\/\/ppdegalicia.com\/es\/#\/schema\/person\/5b822c6f59e872ebdd1142f307dbcb59"},"headline":"O PPdeG contrap\u00f3n as trabas do Executivo central para facilitar o acceso \u00e1 vivenda coa \u201cpol\u00edtica efectiva de impulso\u201d da Xunta","datePublished":"2026-04-24T12:35:07+00:00","dateModified":"2026-04-26T12:36:32+00:00","mainEntityOfPage":{"@id":"https:\/\/ppdegalicia.com\/es\/o-ppdeg-contrapon-as-trabas-do-executivo-central-para-facilitar-o-acceso-a-vivenda-coa-politica-efectiva-de-impulso-da-xunta\/"},"wordCount":459,"publisher":{"@id":"https:\/\/ppdegalicia.com\/es\/#organization"},"image":{"@id":"https:\/\/ppdegalicia.com\/es\/o-ppdeg-contrapon-as-trabas-do-executivo-central-para-facilitar-o-acceso-a-vivenda-coa-politica-efectiva-de-impulso-da-xunta\/#primaryimage"},"thumbnailUrl":"https:\/\/ppdegalicia.com\/wp-content\/uploads\/2026\/04\/20260424_APazos_rdp14-scaled.jpg","articleSection":["Parlamento de Galicia"],"inLanguage":"es"},{"@type":"WebPage","@id":"https:\/\/ppdegalicia.com\/es\/o-ppdeg-contrapon-as-trabas-do-executivo-central-para-facilitar-o-acceso-a-vivenda-coa-politica-efectiva-de-impulso-da-xunta\/","url":"https:\/\/ppdegalicia.com\/es\/o-ppdeg-contrapon-as-trabas-do-executivo-central-para-facilitar-o-acceso-a-vivenda-coa-politica-efectiva-de-impulso-da-xunta\/","name":"O PPdeG contrap\u00f3n as trabas do Executivo central para facilitar o acceso \u00e1 vivenda coa \u201cpol\u00edtica efectiva de impulso\u201d da Xunta - PP de Galicia","isPartOf":{"@id":"https:\/\/ppdegalicia.com\/es\/#website"},"primaryImageOfPage":{"@id":"https:\/\/ppdegalicia.com\/es\/o-ppdeg-contrapon-as-trabas-do-executivo-central-para-facilitar-o-acceso-a-vivenda-coa-politica-efectiva-de-impulso-da-xunta\/#primaryimage"},"image":{"@id":"https:\/\/ppdegalicia.com\/es\/o-ppdeg-contrapon-as-trabas-do-executivo-central-para-facilitar-o-acceso-a-vivenda-coa-politica-efectiva-de-impulso-da-xunta\/#primaryimage"},"thumbnailUrl":"https:\/\/ppdegalicia.com\/wp-content\/uploads\/2026\/04\/20260424_APazos_rdp14-scaled.jpg","datePublished":"2026-04-24T12:35:07+00:00","dateModified":"2026-04-26T12:36:32+00:00","description":"O portavoz do Grupo Parlamentario Popular, Alberto Pazos, contrapuxo, hoxe, a falta de compromiso do Executivo de Pedro S\u00e1nchez en materia de vivenda coa \u201cpol\u00edtica efectiva e de impulso\u201d do Goberno de Alfonso Rueda.","breadcrumb":{"@id":"https:\/\/ppdegalicia.com\/es\/o-ppdeg-contrapon-as-trabas-do-executivo-central-para-facilitar-o-acceso-a-vivenda-coa-politica-efectiva-de-impulso-da-xunta\/#breadcrumb"},"inLanguage":"es","potentialAction":[{"@type":"ReadAction","target":["https:\/\/ppdegalicia.com\/es\/o-ppdeg-contrapon-as-trabas-do-executivo-central-para-facilitar-o-acceso-a-vivenda-coa-politica-efectiva-de-impulso-da-xunta\/"]}]},{"@type":"ImageObject","inLanguage":"es","@id":"https:\/\/ppdegalicia.com\/es\/o-ppdeg-contrapon-as-trabas-do-executivo-central-para-facilitar-o-acceso-a-vivenda-coa-politica-efectiva-de-impulso-da-xunta\/#primaryimage","url":"https:\/\/ppdegalicia.com\/wp-content\/uploads\/2026\/04\/20260424_APazos_rdp14-scaled.jpg","contentUrl":"https:\/\/ppdegalicia.com\/wp-content\/uploads\/2026\/04\/20260424_APazos_rdp14-scaled.jpg","width":2560,"height":1707},{"@type":"BreadcrumbList","@id":"https:\/\/ppdegalicia.com\/es\/o-ppdeg-contrapon-as-trabas-do-executivo-central-para-facilitar-o-acceso-a-vivenda-coa-politica-efectiva-de-impulso-da-xunta\/#breadcrumb","itemListElement":[{"@type":"ListItem","position":1,"name":"Portada","item":"https:\/\/ppdegalicia.com\/es\/"},{"@type":"ListItem","position":2,"name":"O PPdeG contrap\u00f3n as trabas do Executivo central para facilitar o acceso \u00e1 vivenda coa \u201cpol\u00edtica efectiva de impulso\u201d da Xunta"}]},{"@type":"WebSite","@id":"https:\/\/ppdegalicia.com\/es\/#website","url":"https:\/\/ppdegalicia.com\/es\/","name":"Partido Popular de Galicia","description":"Partido Popular de Galicia","publisher":{"@id":"https:\/\/ppdegalicia.com\/es\/#organization"},"alternateName":"PP de Galicia","potentialAction":[{"@type":"SearchAction","target":{"@type":"EntryPoint","urlTemplate":"https:\/\/ppdegalicia.com\/es\/?s={search_term_string}"},"query-input":{"@type":"PropertyValueSpecification","valueRequired":true,"valueName":"search_term_string"}}],"inLanguage":"es"},{"@type":"Organization","@id":"https:\/\/ppdegalicia.com\/es\/#organization","name":"Partido Popular de Galicia","alternateName":"PP de Galicia","url":"https:\/\/ppdegalicia.com\/es\/","logo":{"@type":"ImageObject","inLanguage":"es","@id":"https:\/\/ppdegalicia.com\/es\/#\/schema\/logo\/image\/","url":"https:\/\/ppdegalicia.com\/wp-content\/uploads\/2023\/04\/logoPP512.png","contentUrl":"https:\/\/ppdegalicia.com\/wp-content\/uploads\/2023\/04\/logoPP512.png","width":512,"height":512,"caption":"Partido Popular de Galicia"},"image":{"@id":"https:\/\/ppdegalicia.com\/es\/#\/schema\/logo\/image\/"},"sameAs":["https:\/\/www.instagram.com\/ppdegalicia\/","https:\/\/x.com\/ppdegalicia","https:\/\/www.tiktok.com\/@ppdegalicia","https:\/\/www.youtube.com\/user\/ppdegalicia"]},{"@type":"Person","@id":"https:\/\/ppdegalicia.com\/es\/#\/schema\/person\/5b822c6f59e872ebdd1142f307dbcb59","name":"ppdegaliciaredes","image":{"@type":"ImageObject","inLanguage":"es","@id":"https:\/\/secure.gravatar.com\/avatar\/3c9179cf0256d00c72a48d1f25783c58b6842cd56e85ef3a572881c8e28ccd59?s=96&d=mm&r=g","url":"https:\/\/secure.gravatar.com\/avatar\/3c9179cf0256d00c72a48d1f25783c58b6842cd56e85ef3a572881c8e28ccd59?s=96&d=mm&r=g","contentUrl":"https:\/\/secure.gravatar.com\/avatar\/3c9179cf0256d00c72a48d1f25783c58b6842cd56e85ef3a572881c8e28ccd59?s=96&d=mm&r=g","caption":"ppdegaliciaredes"},"url":"https:\/\/ppdegalicia.com\/es\/author\/ppdegaliciaredes\/"}]}},"_links":{"self":[{"href":"https:\/\/ppdegalicia.com\/es\/wp-json\/wp\/v2\/posts\/71016","targetHints":{"allow":["GET"]}}],"collection":[{"href":"https:\/\/ppdegalicia.com\/es\/wp-json\/wp\/v2\/posts"}],"about":[{"href":"https:\/\/ppdegalicia.com\/es\/wp-json\/wp\/v2\/types\/post"}],"author":[{"embeddable":true,"href":"https:\/\/ppdegalicia.com\/es\/wp-json\/wp\/v2\/users\/38"}],"replies":[{"embeddable":true,"href":"https:\/\/ppdegalicia.com\/es\/wp-json\/wp\/v2\/comments?post=71016"}],"version-history":[{"count":1,"href":"https:\/\/ppdegalicia.com\/es\/wp-json\/wp\/v2\/posts\/71016\/revisions"}],"predecessor-version":[{"id":71019,"href":"https:\/\/ppdegalicia.com\/es\/wp-json\/wp\/v2\/posts\/71016\/revisions\/71019"}],"wp:featuredmedia":[{"embeddable":true,"href":"https:\/\/ppdegalicia.com\/es\/wp-json\/wp\/v2\/media\/71017"}],"wp:attachment":[{"href":"https:\/\/ppdegalicia.com\/es\/wp-json\/wp\/v2\/media?parent=71016"}],"wp:term":[{"taxonomy":"category","embeddable":true,"href":"https:\/\/ppdegalicia.com\/es\/wp-json\/wp\/v2\/categories?post=71016"},{"taxonomy":"post_tag","embeddable":true,"href":"https:\/\/ppdegalicia.com\/es\/wp-json\/wp\/v2\/tags?post=71016"}],"curies":[{"name":"wp","href":"https:\/\/api.w.org\/{rel}","templated":true}]}}