{"id":71024,"date":"2026-04-24T13:44:15","date_gmt":"2026-04-24T12:44:15","guid":{"rendered":"https:\/\/ppdegalicia.com\/?p=71024"},"modified":"2026-04-26T13:45:29","modified_gmt":"2026-04-26T12:45:29","slug":"ruben-lorenzo-chama-a-calma-e-reivindica-un-proceso-rigoroso-e-garantista-na-avaliacion-da-planta-de-biogas-da-laracha","status":"publish","type":"post","link":"https:\/\/ppdegalicia.com\/es\/ruben-lorenzo-chama-a-calma-e-reivindica-un-proceso-rigoroso-e-garantista-na-avaliacion-da-planta-de-biogas-da-laracha\/","title":{"rendered":"Ruben Lorenzo chama \u00e1 calma e reivindica un proceso \u201crigoroso e garantista\u201d na avaliaci\u00f3n da planta de biog\u00e1s da Laracha"},"content":{"rendered":"<p>O deputado popular Rub\u00e9n Lorenzo salientou hoxe na Comisi\u00f3n 6\u00aa, Industria, Enerx\u00eda, Comercio e Turismo do Parlamento que a preocupaci\u00f3n da veci\u00f1anza de Soandres e do conxunto do municipio da Laracha \u201c\u00e9 absolutamente lex\u00edtima\u201d e merece \u201ctodo o respecto e acompa\u00f1amento institucional\u201d, ao tempo que puxo en valor o papel do Concello da Laracha, que est\u00e1 a informar e apoiar aos veci\u00f1os no proceso de presentaci\u00f3n de alegaci\u00f3n \u00e1 planta de biog\u00e1s da Laracha.<\/p>\n<p>Lorenzo lembrou que o proxecto da planta at\u00f3pase actualmente en fase de informaci\u00f3n p\u00fablica, \u201cun proceso aberto, transparente e regulado por lei que garante a participaci\u00f3n de toda a cidadan\u00eda\u201d. Neste sentido, destacou a elevada participaci\u00f3n na recente reuni\u00f3n informativa celebrada no auditorio municipal, que rexistrou unha grande afluencia de veci\u00f1os interesados en co\u00f1ecer os detalles da iniciativa.<\/p>\n<p>\u201cO cami\u00f1o correcto \u00e9 informar, explicar e escoitar\u201d, subli\u00f1ou o deputado, quen tam\u00e9n advertiu de que \u201chai quen prefire xerar alarma e desinformaci\u00f3n en lugar de contribu\u00edr a un debate rigoroso\u201d, en referencia a determinadas actitudes observadas durante o encontro.<\/p>\n<p>No tocante ao procedemento administrativo, Lorenzo insistiu en que a Xunta de Galicia \u201cten a obriga legal de tramitar todos os proxectos que se presentan, o que non implica en ning\u00fan caso avalalos\u201d. As\u00ed, explicou que a viabilidade da planta depender\u00e1 exclusivamente dos informes t\u00e9cnicos independentes elaborados por organismos competentes en materia ambiental, sanitaria, de patrimonio e de xesti\u00f3n de residuos.<\/p>\n<p>\u201cSe o proxecto non cumpre cos requisitos esixidos, non sair\u00e1 adiante. As\u00ed de claro\u201d, afirmou, ao tempo que destacou que Galicia aplica criterios t\u00e9cnicos esixentes, inclu\u00edndo as Mellores T\u00e9cnicas Dispo\u00f1ibles en materia de olores, para garantir a protecci\u00f3n da sa\u00fade e do medio ambiente.<\/p>\n<p>O deputado tam\u00e9n criticou a iniciativa presentada polo PSdeG, asegurando que \u201crecolle como novidades cuesti\u00f3ns que xa est\u00e1n plenamente vixentes ou reguladas pola normativa actual\u201d, como a participaci\u00f3n p\u00fablica, a existencia de informes independentes ou a planificaci\u00f3n estrat\u00e9xica.<\/p>\n<p>Especialmente cr\u00edtico foi coa autoemenda socialista que prop\u00f3n suspender o procedemento de autorizaci\u00f3n do proxecto. \u201cA Xunta non pode suspender un procedemento administrativo sen causa legal. Facelo ser\u00eda ilegal e vulnerar\u00eda dereitos b\u00e1sicos\u201d, advertiu Lorenzo, quen cualificou esta proposta de \u201cincoherente\u201d, ao pedir paralizar o proceso xusto cando est\u00e1 aberta a participaci\u00f3n p\u00fablica.<\/p>\n<p>Finalmente, Rub\u00e9n Lorenzo anunciou o voto en contra do seu grupo parlamentario \u00e1 proposta socialista, aclarando que esta posici\u00f3n \u201cnon sup\u00f3n en ning\u00fan caso desatender a preocupaci\u00f3n veci\u00f1al nin posicionarse a favor ou en contra do proxecto\u201d, sen\u00f3n rexeitar \u201cunha iniciativa mal formulada e unha autoemenda que carece de encaixe legal\u201d.<\/p>\n<p>\u201cO importante \u00e9 garantir que as cousas se fagan ben, con rigor, transparencia e todas as garant\u00edas. Galicia conta cun dos sistemas de avaliaci\u00f3n ambiental m\u00e1is esixentes, e s\u00f3 sair\u00e1n adiante aqueles proxectos que cumpran estritamente a legalidade\u201d, conclu\u00edu.<\/p>\n","protected":false},"excerpt":{"rendered":"<p>O deputado popular Rub\u00e9n Lorenzo salientou hoxe na Comisi\u00f3n 6\u00aa, Industria, Enerx\u00eda, Comercio e Turismo do Parlamento que a preocupaci\u00f3n da veci\u00f1anza de Soandres e do conxunto do municipio da Laracha \u201c\u00e9 absolutamente lex\u00edtima\u201d e merece \u201ctodo o respecto e acompa\u00f1amento institucional\u201d, ao tempo que puxo en valor o papel do Concello da Laracha, que [&hellip;]<\/p>\n","protected":false},"author":38,"featured_media":71025,"comment_status":"closed","ping_status":"open","sticky":false,"template":"","format":"standard","meta":{"_acf_changed":false,"footnotes":""},"categories":[1128],"tags":[],"class_list":["post-71024","post","type-post","status-publish","format-standard","has-post-thumbnail","hentry","category-actualidad-parlamento-de-galicia"],"acf":[],"yoast_head":"<!-- This site is optimized with the Yoast SEO plugin v27.3 - https:\/\/yoast.com\/product\/yoast-seo-wordpress\/ -->\n<title>Ruben Lorenzo chama \u00e1 calma e reivindica un proceso \u201crigoroso e garantista\u201d na avaliaci\u00f3n da planta de biog\u00e1s da Laracha - PP de Galicia<\/title>\n<meta name=\"description\" content=\"O deputado popular Rub\u00e9n Lorenzo salientou hoxe na Comisi\u00f3n 6\u00aa, Industria, Enerx\u00eda, Comercio e Turismo do Parlamento que a preocupaci\u00f3n da veci\u00f1anza de Soandres e do conxunto do municipio da Laracha \u201c\u00e9 absolutamente lex\u00edtima\u201d e merece \u201ctodo o respecto e acompa\u00f1amento institucional\u201d, ao tempo que puxo en valor o papel do Concello da Laracha, que est\u00e1 a informar e apoiar aos veci\u00f1os no proceso de presentaci\u00f3n de alegaci\u00f3n \u00e1 planta de biog\u00e1s da Laracha.\" \/>\n<meta name=\"robots\" content=\"index, follow, max-snippet:-1, max-image-preview:large, max-video-preview:-1\" \/>\n<link rel=\"canonical\" href=\"https:\/\/ppdegalicia.com\/es\/ruben-lorenzo-chama-a-calma-e-reivindica-un-proceso-rigoroso-e-garantista-na-avaliacion-da-planta-de-biogas-da-laracha\/\" \/>\n<meta property=\"og:locale\" content=\"es_ES\" \/>\n<meta property=\"og:type\" content=\"article\" \/>\n<meta property=\"og:title\" content=\"Ruben Lorenzo chama \u00e1 calma e reivindica un proceso \u201crigoroso e garantista\u201d na avaliaci\u00f3n da planta de biog\u00e1s da Laracha - PP de Galicia\" \/>\n<meta property=\"og:description\" content=\"O deputado popular Rub\u00e9n Lorenzo salientou hoxe na Comisi\u00f3n 6\u00aa, Industria, Enerx\u00eda, Comercio e Turismo do Parlamento que a preocupaci\u00f3n da veci\u00f1anza de Soandres e do conxunto do municipio da Laracha \u201c\u00e9 absolutamente lex\u00edtima\u201d e merece \u201ctodo o respecto e acompa\u00f1amento institucional\u201d, ao tempo que puxo en valor o papel do Concello da Laracha, que est\u00e1 a informar e apoiar aos veci\u00f1os no proceso de presentaci\u00f3n de alegaci\u00f3n \u00e1 planta de biog\u00e1s da Laracha.\" \/>\n<meta property=\"og:url\" content=\"https:\/\/ppdegalicia.com\/es\/ruben-lorenzo-chama-a-calma-e-reivindica-un-proceso-rigoroso-e-garantista-na-avaliacion-da-planta-de-biogas-da-laracha\/\" \/>\n<meta property=\"og:site_name\" content=\"PP de Galicia\" \/>\n<meta property=\"article:publisher\" content=\"https:\/\/www.instagram.com\/ppdegalicia\/\" \/>\n<meta property=\"article:published_time\" content=\"2026-04-24T12:44:15+00:00\" \/>\n<meta property=\"article:modified_time\" content=\"2026-04-26T12:45:29+00:00\" \/>\n<meta property=\"og:image\" content=\"https:\/\/ppdegalicia.com\/wp-content\/uploads\/2026\/04\/RubenLorenzo-1-scaled.jpg\" \/>\n\t<meta property=\"og:image:width\" content=\"2560\" \/>\n\t<meta property=\"og:image:height\" content=\"1707\" \/>\n\t<meta property=\"og:image:type\" content=\"image\/jpeg\" \/>\n<meta name=\"author\" content=\"ppdegaliciaredes\" \/>\n<meta name=\"twitter:card\" content=\"summary_large_image\" \/>\n<meta name=\"twitter:creator\" content=\"@ppdegalicia\" \/>\n<meta name=\"twitter:site\" content=\"@ppdegalicia\" \/>\n<meta name=\"twitter:label1\" content=\"Escrito por\" \/>\n\t<meta name=\"twitter:data1\" content=\"ppdegaliciaredes\" \/>\n\t<meta name=\"twitter:label2\" content=\"Tiempo de lectura\" \/>\n\t<meta name=\"twitter:data2\" content=\"3 minutos\" \/>\n<script type=\"application\/ld+json\" class=\"yoast-schema-graph\">{\"@context\":\"https:\\\/\\\/schema.org\",\"@graph\":[{\"@type\":\"Article\",\"@id\":\"https:\\\/\\\/ppdegalicia.com\\\/es\\\/ruben-lorenzo-chama-a-calma-e-reivindica-un-proceso-rigoroso-e-garantista-na-avaliacion-da-planta-de-biogas-da-laracha\\\/#article\",\"isPartOf\":{\"@id\":\"https:\\\/\\\/ppdegalicia.com\\\/es\\\/ruben-lorenzo-chama-a-calma-e-reivindica-un-proceso-rigoroso-e-garantista-na-avaliacion-da-planta-de-biogas-da-laracha\\\/\"},\"author\":{\"name\":\"ppdegaliciaredes\",\"@id\":\"https:\\\/\\\/ppdegalicia.com\\\/es\\\/#\\\/schema\\\/person\\\/5b822c6f59e872ebdd1142f307dbcb59\"},\"headline\":\"Ruben Lorenzo chama \u00e1 calma e reivindica un proceso \u201crigoroso e garantista\u201d na avaliaci\u00f3n da planta de biog\u00e1s da Laracha\",\"datePublished\":\"2026-04-24T12:44:15+00:00\",\"dateModified\":\"2026-04-26T12:45:29+00:00\",\"mainEntityOfPage\":{\"@id\":\"https:\\\/\\\/ppdegalicia.com\\\/es\\\/ruben-lorenzo-chama-a-calma-e-reivindica-un-proceso-rigoroso-e-garantista-na-avaliacion-da-planta-de-biogas-da-laracha\\\/\"},\"wordCount\":534,\"publisher\":{\"@id\":\"https:\\\/\\\/ppdegalicia.com\\\/es\\\/#organization\"},\"image\":{\"@id\":\"https:\\\/\\\/ppdegalicia.com\\\/es\\\/ruben-lorenzo-chama-a-calma-e-reivindica-un-proceso-rigoroso-e-garantista-na-avaliacion-da-planta-de-biogas-da-laracha\\\/#primaryimage\"},\"thumbnailUrl\":\"https:\\\/\\\/ppdegalicia.com\\\/wp-content\\\/uploads\\\/2026\\\/04\\\/RubenLorenzo-1-scaled.jpg\",\"articleSection\":[\"Parlamento de Galicia\"],\"inLanguage\":\"es\"},{\"@type\":\"WebPage\",\"@id\":\"https:\\\/\\\/ppdegalicia.com\\\/es\\\/ruben-lorenzo-chama-a-calma-e-reivindica-un-proceso-rigoroso-e-garantista-na-avaliacion-da-planta-de-biogas-da-laracha\\\/\",\"url\":\"https:\\\/\\\/ppdegalicia.com\\\/es\\\/ruben-lorenzo-chama-a-calma-e-reivindica-un-proceso-rigoroso-e-garantista-na-avaliacion-da-planta-de-biogas-da-laracha\\\/\",\"name\":\"Ruben Lorenzo chama \u00e1 calma e reivindica un proceso \u201crigoroso e garantista\u201d na avaliaci\u00f3n da planta de biog\u00e1s da Laracha - PP de Galicia\",\"isPartOf\":{\"@id\":\"https:\\\/\\\/ppdegalicia.com\\\/es\\\/#website\"},\"primaryImageOfPage\":{\"@id\":\"https:\\\/\\\/ppdegalicia.com\\\/es\\\/ruben-lorenzo-chama-a-calma-e-reivindica-un-proceso-rigoroso-e-garantista-na-avaliacion-da-planta-de-biogas-da-laracha\\\/#primaryimage\"},\"image\":{\"@id\":\"https:\\\/\\\/ppdegalicia.com\\\/es\\\/ruben-lorenzo-chama-a-calma-e-reivindica-un-proceso-rigoroso-e-garantista-na-avaliacion-da-planta-de-biogas-da-laracha\\\/#primaryimage\"},\"thumbnailUrl\":\"https:\\\/\\\/ppdegalicia.com\\\/wp-content\\\/uploads\\\/2026\\\/04\\\/RubenLorenzo-1-scaled.jpg\",\"datePublished\":\"2026-04-24T12:44:15+00:00\",\"dateModified\":\"2026-04-26T12:45:29+00:00\",\"description\":\"O deputado popular Rub\u00e9n Lorenzo salientou hoxe na Comisi\u00f3n 6\u00aa, Industria, Enerx\u00eda, Comercio e Turismo do Parlamento que a preocupaci\u00f3n da veci\u00f1anza de Soandres e do conxunto do municipio da Laracha \u201c\u00e9 absolutamente lex\u00edtima\u201d e merece \u201ctodo o respecto e acompa\u00f1amento institucional\u201d, ao tempo que puxo en valor o papel do Concello da Laracha, que est\u00e1 a informar e apoiar aos veci\u00f1os no proceso de presentaci\u00f3n de alegaci\u00f3n \u00e1 planta de biog\u00e1s da Laracha.\",\"breadcrumb\":{\"@id\":\"https:\\\/\\\/ppdegalicia.com\\\/es\\\/ruben-lorenzo-chama-a-calma-e-reivindica-un-proceso-rigoroso-e-garantista-na-avaliacion-da-planta-de-biogas-da-laracha\\\/#breadcrumb\"},\"inLanguage\":\"es\",\"potentialAction\":[{\"@type\":\"ReadAction\",\"target\":[\"https:\\\/\\\/ppdegalicia.com\\\/es\\\/ruben-lorenzo-chama-a-calma-e-reivindica-un-proceso-rigoroso-e-garantista-na-avaliacion-da-planta-de-biogas-da-laracha\\\/\"]}]},{\"@type\":\"ImageObject\",\"inLanguage\":\"es\",\"@id\":\"https:\\\/\\\/ppdegalicia.com\\\/es\\\/ruben-lorenzo-chama-a-calma-e-reivindica-un-proceso-rigoroso-e-garantista-na-avaliacion-da-planta-de-biogas-da-laracha\\\/#primaryimage\",\"url\":\"https:\\\/\\\/ppdegalicia.com\\\/wp-content\\\/uploads\\\/2026\\\/04\\\/RubenLorenzo-1-scaled.jpg\",\"contentUrl\":\"https:\\\/\\\/ppdegalicia.com\\\/wp-content\\\/uploads\\\/2026\\\/04\\\/RubenLorenzo-1-scaled.jpg\",\"width\":2560,\"height\":1707},{\"@type\":\"BreadcrumbList\",\"@id\":\"https:\\\/\\\/ppdegalicia.com\\\/es\\\/ruben-lorenzo-chama-a-calma-e-reivindica-un-proceso-rigoroso-e-garantista-na-avaliacion-da-planta-de-biogas-da-laracha\\\/#breadcrumb\",\"itemListElement\":[{\"@type\":\"ListItem\",\"position\":1,\"name\":\"Portada\",\"item\":\"https:\\\/\\\/ppdegalicia.com\\\/es\\\/\"},{\"@type\":\"ListItem\",\"position\":2,\"name\":\"Ruben Lorenzo chama \u00e1 calma e reivindica un proceso \u201crigoroso e garantista\u201d na avaliaci\u00f3n da planta de biog\u00e1s da Laracha\"}]},{\"@type\":\"WebSite\",\"@id\":\"https:\\\/\\\/ppdegalicia.com\\\/es\\\/#website\",\"url\":\"https:\\\/\\\/ppdegalicia.com\\\/es\\\/\",\"name\":\"Partido Popular de Galicia\",\"description\":\"Partido Popular de Galicia\",\"publisher\":{\"@id\":\"https:\\\/\\\/ppdegalicia.com\\\/es\\\/#organization\"},\"alternateName\":\"PP de Galicia\",\"potentialAction\":[{\"@type\":\"SearchAction\",\"target\":{\"@type\":\"EntryPoint\",\"urlTemplate\":\"https:\\\/\\\/ppdegalicia.com\\\/es\\\/?s={search_term_string}\"},\"query-input\":{\"@type\":\"PropertyValueSpecification\",\"valueRequired\":true,\"valueName\":\"search_term_string\"}}],\"inLanguage\":\"es\"},{\"@type\":\"Organization\",\"@id\":\"https:\\\/\\\/ppdegalicia.com\\\/es\\\/#organization\",\"name\":\"Partido Popular de Galicia\",\"alternateName\":\"PP de Galicia\",\"url\":\"https:\\\/\\\/ppdegalicia.com\\\/es\\\/\",\"logo\":{\"@type\":\"ImageObject\",\"inLanguage\":\"es\",\"@id\":\"https:\\\/\\\/ppdegalicia.com\\\/es\\\/#\\\/schema\\\/logo\\\/image\\\/\",\"url\":\"https:\\\/\\\/ppdegalicia.com\\\/wp-content\\\/uploads\\\/2023\\\/04\\\/logoPP512.png\",\"contentUrl\":\"https:\\\/\\\/ppdegalicia.com\\\/wp-content\\\/uploads\\\/2023\\\/04\\\/logoPP512.png\",\"width\":512,\"height\":512,\"caption\":\"Partido Popular de Galicia\"},\"image\":{\"@id\":\"https:\\\/\\\/ppdegalicia.com\\\/es\\\/#\\\/schema\\\/logo\\\/image\\\/\"},\"sameAs\":[\"https:\\\/\\\/www.instagram.com\\\/ppdegalicia\\\/\",\"https:\\\/\\\/x.com\\\/ppdegalicia\",\"https:\\\/\\\/www.tiktok.com\\\/@ppdegalicia\",\"https:\\\/\\\/www.youtube.com\\\/user\\\/ppdegalicia\"]},{\"@type\":\"Person\",\"@id\":\"https:\\\/\\\/ppdegalicia.com\\\/es\\\/#\\\/schema\\\/person\\\/5b822c6f59e872ebdd1142f307dbcb59\",\"name\":\"ppdegaliciaredes\",\"image\":{\"@type\":\"ImageObject\",\"inLanguage\":\"es\",\"@id\":\"https:\\\/\\\/secure.gravatar.com\\\/avatar\\\/3c9179cf0256d00c72a48d1f25783c58b6842cd56e85ef3a572881c8e28ccd59?s=96&d=mm&r=g\",\"url\":\"https:\\\/\\\/secure.gravatar.com\\\/avatar\\\/3c9179cf0256d00c72a48d1f25783c58b6842cd56e85ef3a572881c8e28ccd59?s=96&d=mm&r=g\",\"contentUrl\":\"https:\\\/\\\/secure.gravatar.com\\\/avatar\\\/3c9179cf0256d00c72a48d1f25783c58b6842cd56e85ef3a572881c8e28ccd59?s=96&d=mm&r=g\",\"caption\":\"ppdegaliciaredes\"},\"url\":\"https:\\\/\\\/ppdegalicia.com\\\/es\\\/author\\\/ppdegaliciaredes\\\/\"}]}<\/script>\n<!-- \/ Yoast SEO plugin. -->","yoast_head_json":{"title":"Ruben Lorenzo chama \u00e1 calma e reivindica un proceso \u201crigoroso e garantista\u201d na avaliaci\u00f3n da planta de biog\u00e1s da Laracha - PP de Galicia","description":"O deputado popular Rub\u00e9n Lorenzo salientou hoxe na Comisi\u00f3n 6\u00aa, Industria, Enerx\u00eda, Comercio e Turismo do Parlamento que a preocupaci\u00f3n da veci\u00f1anza de Soandres e do conxunto do municipio da Laracha \u201c\u00e9 absolutamente lex\u00edtima\u201d e merece \u201ctodo o respecto e acompa\u00f1amento institucional\u201d, ao tempo que puxo en valor o papel do Concello da Laracha, que est\u00e1 a informar e apoiar aos veci\u00f1os no proceso de presentaci\u00f3n de alegaci\u00f3n \u00e1 planta de biog\u00e1s da Laracha.","robots":{"index":"index","follow":"follow","max-snippet":"max-snippet:-1","max-image-preview":"max-image-preview:large","max-video-preview":"max-video-preview:-1"},"canonical":"https:\/\/ppdegalicia.com\/es\/ruben-lorenzo-chama-a-calma-e-reivindica-un-proceso-rigoroso-e-garantista-na-avaliacion-da-planta-de-biogas-da-laracha\/","og_locale":"es_ES","og_type":"article","og_title":"Ruben Lorenzo chama \u00e1 calma e reivindica un proceso \u201crigoroso e garantista\u201d na avaliaci\u00f3n da planta de biog\u00e1s da Laracha - PP de Galicia","og_description":"O deputado popular Rub\u00e9n Lorenzo salientou hoxe na Comisi\u00f3n 6\u00aa, Industria, Enerx\u00eda, Comercio e Turismo do Parlamento que a preocupaci\u00f3n da veci\u00f1anza de Soandres e do conxunto do municipio da Laracha \u201c\u00e9 absolutamente lex\u00edtima\u201d e merece \u201ctodo o respecto e acompa\u00f1amento institucional\u201d, ao tempo que puxo en valor o papel do Concello da Laracha, que est\u00e1 a informar e apoiar aos veci\u00f1os no proceso de presentaci\u00f3n de alegaci\u00f3n \u00e1 planta de biog\u00e1s da Laracha.","og_url":"https:\/\/ppdegalicia.com\/es\/ruben-lorenzo-chama-a-calma-e-reivindica-un-proceso-rigoroso-e-garantista-na-avaliacion-da-planta-de-biogas-da-laracha\/","og_site_name":"PP de Galicia","article_publisher":"https:\/\/www.instagram.com\/ppdegalicia\/","article_published_time":"2026-04-24T12:44:15+00:00","article_modified_time":"2026-04-26T12:45:29+00:00","og_image":[{"width":2560,"height":1707,"url":"https:\/\/ppdegalicia.com\/wp-content\/uploads\/2026\/04\/RubenLorenzo-1-scaled.jpg","type":"image\/jpeg"}],"author":"ppdegaliciaredes","twitter_card":"summary_large_image","twitter_creator":"@ppdegalicia","twitter_site":"@ppdegalicia","twitter_misc":{"Escrito por":"ppdegaliciaredes","Tiempo de lectura":"3 minutos"},"schema":{"@context":"https:\/\/schema.org","@graph":[{"@type":"Article","@id":"https:\/\/ppdegalicia.com\/es\/ruben-lorenzo-chama-a-calma-e-reivindica-un-proceso-rigoroso-e-garantista-na-avaliacion-da-planta-de-biogas-da-laracha\/#article","isPartOf":{"@id":"https:\/\/ppdegalicia.com\/es\/ruben-lorenzo-chama-a-calma-e-reivindica-un-proceso-rigoroso-e-garantista-na-avaliacion-da-planta-de-biogas-da-laracha\/"},"author":{"name":"ppdegaliciaredes","@id":"https:\/\/ppdegalicia.com\/es\/#\/schema\/person\/5b822c6f59e872ebdd1142f307dbcb59"},"headline":"Ruben Lorenzo chama \u00e1 calma e reivindica un proceso \u201crigoroso e garantista\u201d na avaliaci\u00f3n da planta de biog\u00e1s da Laracha","datePublished":"2026-04-24T12:44:15+00:00","dateModified":"2026-04-26T12:45:29+00:00","mainEntityOfPage":{"@id":"https:\/\/ppdegalicia.com\/es\/ruben-lorenzo-chama-a-calma-e-reivindica-un-proceso-rigoroso-e-garantista-na-avaliacion-da-planta-de-biogas-da-laracha\/"},"wordCount":534,"publisher":{"@id":"https:\/\/ppdegalicia.com\/es\/#organization"},"image":{"@id":"https:\/\/ppdegalicia.com\/es\/ruben-lorenzo-chama-a-calma-e-reivindica-un-proceso-rigoroso-e-garantista-na-avaliacion-da-planta-de-biogas-da-laracha\/#primaryimage"},"thumbnailUrl":"https:\/\/ppdegalicia.com\/wp-content\/uploads\/2026\/04\/RubenLorenzo-1-scaled.jpg","articleSection":["Parlamento de Galicia"],"inLanguage":"es"},{"@type":"WebPage","@id":"https:\/\/ppdegalicia.com\/es\/ruben-lorenzo-chama-a-calma-e-reivindica-un-proceso-rigoroso-e-garantista-na-avaliacion-da-planta-de-biogas-da-laracha\/","url":"https:\/\/ppdegalicia.com\/es\/ruben-lorenzo-chama-a-calma-e-reivindica-un-proceso-rigoroso-e-garantista-na-avaliacion-da-planta-de-biogas-da-laracha\/","name":"Ruben Lorenzo chama \u00e1 calma e reivindica un proceso \u201crigoroso e garantista\u201d na avaliaci\u00f3n da planta de biog\u00e1s da Laracha - PP de Galicia","isPartOf":{"@id":"https:\/\/ppdegalicia.com\/es\/#website"},"primaryImageOfPage":{"@id":"https:\/\/ppdegalicia.com\/es\/ruben-lorenzo-chama-a-calma-e-reivindica-un-proceso-rigoroso-e-garantista-na-avaliacion-da-planta-de-biogas-da-laracha\/#primaryimage"},"image":{"@id":"https:\/\/ppdegalicia.com\/es\/ruben-lorenzo-chama-a-calma-e-reivindica-un-proceso-rigoroso-e-garantista-na-avaliacion-da-planta-de-biogas-da-laracha\/#primaryimage"},"thumbnailUrl":"https:\/\/ppdegalicia.com\/wp-content\/uploads\/2026\/04\/RubenLorenzo-1-scaled.jpg","datePublished":"2026-04-24T12:44:15+00:00","dateModified":"2026-04-26T12:45:29+00:00","description":"O deputado popular Rub\u00e9n Lorenzo salientou hoxe na Comisi\u00f3n 6\u00aa, Industria, Enerx\u00eda, Comercio e Turismo do Parlamento que a preocupaci\u00f3n da veci\u00f1anza de Soandres e do conxunto do municipio da Laracha \u201c\u00e9 absolutamente lex\u00edtima\u201d e merece \u201ctodo o respecto e acompa\u00f1amento institucional\u201d, ao tempo que puxo en valor o papel do Concello da Laracha, que est\u00e1 a informar e apoiar aos veci\u00f1os no proceso de presentaci\u00f3n de alegaci\u00f3n \u00e1 planta de biog\u00e1s da Laracha.","breadcrumb":{"@id":"https:\/\/ppdegalicia.com\/es\/ruben-lorenzo-chama-a-calma-e-reivindica-un-proceso-rigoroso-e-garantista-na-avaliacion-da-planta-de-biogas-da-laracha\/#breadcrumb"},"inLanguage":"es","potentialAction":[{"@type":"ReadAction","target":["https:\/\/ppdegalicia.com\/es\/ruben-lorenzo-chama-a-calma-e-reivindica-un-proceso-rigoroso-e-garantista-na-avaliacion-da-planta-de-biogas-da-laracha\/"]}]},{"@type":"ImageObject","inLanguage":"es","@id":"https:\/\/ppdegalicia.com\/es\/ruben-lorenzo-chama-a-calma-e-reivindica-un-proceso-rigoroso-e-garantista-na-avaliacion-da-planta-de-biogas-da-laracha\/#primaryimage","url":"https:\/\/ppdegalicia.com\/wp-content\/uploads\/2026\/04\/RubenLorenzo-1-scaled.jpg","contentUrl":"https:\/\/ppdegalicia.com\/wp-content\/uploads\/2026\/04\/RubenLorenzo-1-scaled.jpg","width":2560,"height":1707},{"@type":"BreadcrumbList","@id":"https:\/\/ppdegalicia.com\/es\/ruben-lorenzo-chama-a-calma-e-reivindica-un-proceso-rigoroso-e-garantista-na-avaliacion-da-planta-de-biogas-da-laracha\/#breadcrumb","itemListElement":[{"@type":"ListItem","position":1,"name":"Portada","item":"https:\/\/ppdegalicia.com\/es\/"},{"@type":"ListItem","position":2,"name":"Ruben Lorenzo chama \u00e1 calma e reivindica un proceso \u201crigoroso e garantista\u201d na avaliaci\u00f3n da planta de biog\u00e1s da Laracha"}]},{"@type":"WebSite","@id":"https:\/\/ppdegalicia.com\/es\/#website","url":"https:\/\/ppdegalicia.com\/es\/","name":"Partido Popular de Galicia","description":"Partido Popular de Galicia","publisher":{"@id":"https:\/\/ppdegalicia.com\/es\/#organization"},"alternateName":"PP de Galicia","potentialAction":[{"@type":"SearchAction","target":{"@type":"EntryPoint","urlTemplate":"https:\/\/ppdegalicia.com\/es\/?s={search_term_string}"},"query-input":{"@type":"PropertyValueSpecification","valueRequired":true,"valueName":"search_term_string"}}],"inLanguage":"es"},{"@type":"Organization","@id":"https:\/\/ppdegalicia.com\/es\/#organization","name":"Partido Popular de Galicia","alternateName":"PP de Galicia","url":"https:\/\/ppdegalicia.com\/es\/","logo":{"@type":"ImageObject","inLanguage":"es","@id":"https:\/\/ppdegalicia.com\/es\/#\/schema\/logo\/image\/","url":"https:\/\/ppdegalicia.com\/wp-content\/uploads\/2023\/04\/logoPP512.png","contentUrl":"https:\/\/ppdegalicia.com\/wp-content\/uploads\/2023\/04\/logoPP512.png","width":512,"height":512,"caption":"Partido Popular de Galicia"},"image":{"@id":"https:\/\/ppdegalicia.com\/es\/#\/schema\/logo\/image\/"},"sameAs":["https:\/\/www.instagram.com\/ppdegalicia\/","https:\/\/x.com\/ppdegalicia","https:\/\/www.tiktok.com\/@ppdegalicia","https:\/\/www.youtube.com\/user\/ppdegalicia"]},{"@type":"Person","@id":"https:\/\/ppdegalicia.com\/es\/#\/schema\/person\/5b822c6f59e872ebdd1142f307dbcb59","name":"ppdegaliciaredes","image":{"@type":"ImageObject","inLanguage":"es","@id":"https:\/\/secure.gravatar.com\/avatar\/3c9179cf0256d00c72a48d1f25783c58b6842cd56e85ef3a572881c8e28ccd59?s=96&d=mm&r=g","url":"https:\/\/secure.gravatar.com\/avatar\/3c9179cf0256d00c72a48d1f25783c58b6842cd56e85ef3a572881c8e28ccd59?s=96&d=mm&r=g","contentUrl":"https:\/\/secure.gravatar.com\/avatar\/3c9179cf0256d00c72a48d1f25783c58b6842cd56e85ef3a572881c8e28ccd59?s=96&d=mm&r=g","caption":"ppdegaliciaredes"},"url":"https:\/\/ppdegalicia.com\/es\/author\/ppdegaliciaredes\/"}]}},"_links":{"self":[{"href":"https:\/\/ppdegalicia.com\/es\/wp-json\/wp\/v2\/posts\/71024","targetHints":{"allow":["GET"]}}],"collection":[{"href":"https:\/\/ppdegalicia.com\/es\/wp-json\/wp\/v2\/posts"}],"about":[{"href":"https:\/\/ppdegalicia.com\/es\/wp-json\/wp\/v2\/types\/post"}],"author":[{"embeddable":true,"href":"https:\/\/ppdegalicia.com\/es\/wp-json\/wp\/v2\/users\/38"}],"replies":[{"embeddable":true,"href":"https:\/\/ppdegalicia.com\/es\/wp-json\/wp\/v2\/comments?post=71024"}],"version-history":[{"count":1,"href":"https:\/\/ppdegalicia.com\/es\/wp-json\/wp\/v2\/posts\/71024\/revisions"}],"predecessor-version":[{"id":71027,"href":"https:\/\/ppdegalicia.com\/es\/wp-json\/wp\/v2\/posts\/71024\/revisions\/71027"}],"wp:featuredmedia":[{"embeddable":true,"href":"https:\/\/ppdegalicia.com\/es\/wp-json\/wp\/v2\/media\/71025"}],"wp:attachment":[{"href":"https:\/\/ppdegalicia.com\/es\/wp-json\/wp\/v2\/media?parent=71024"}],"wp:term":[{"taxonomy":"category","embeddable":true,"href":"https:\/\/ppdegalicia.com\/es\/wp-json\/wp\/v2\/categories?post=71024"},{"taxonomy":"post_tag","embeddable":true,"href":"https:\/\/ppdegalicia.com\/es\/wp-json\/wp\/v2\/tags?post=71024"}],"curies":[{"name":"wp","href":"https:\/\/api.w.org\/{rel}","templated":true}]}}