{"id":71028,"date":"2026-04-25T09:17:38","date_gmt":"2026-04-25T08:17:38","guid":{"rendered":"https:\/\/ppdegalicia.com\/?p=71028"},"modified":"2026-04-27T09:29:43","modified_gmt":"2026-04-27T08:29:43","slug":"lugo-unha-mocion-de-impulso","status":"publish","type":"post","link":"https:\/\/ppdegalicia.com\/es\/lugo-unha-mocion-de-impulso\/","title":{"rendered":"<span style=\"font-style: italic;\">Lugo, unha moci\u00f3n de impulso<\/span>"},"content":{"rendered":"<p>Paula Prado del R\u00edo<\/p>\n<p>Entender a pol\u00edtica \u00e9 sinxelo: \u00e9 a ferramenta que nos d\u00e1 o privilexio de traballar por e para as persoas. Para mellorar a s\u00faa calidade de vida, atender demandas e resolver problemas. As\u00ed entende a pol\u00edtica Elena Candia. Ela e o PP de Lugo queren traballar por e para os veci\u00f1os. Deron un paso valente \u00e1 fronte, pensando na cidadan\u00eda e en reverter a situaci\u00f3n de par\u00e1lise e bloqueo que vive o concello.<br \/>\nCoas elecci\u00f3ns ga\u00f1adas e a poucos votos da maior\u00eda absoluta levan tres anos traballando na oposici\u00f3n. De maneira intensa, xenerosa e comprometida que agora culmina cunha moci\u00f3n xunto a Mar\u00eda Reigosa, que tam\u00e9n entende a pol\u00edtica como un servizo p\u00fablico. Lonxe dos que xeran alboroto e enganos sobre o acontecido, esta moci\u00f3n de \u2018impulso\u2019 s\u00f3 ten un fin: darlle a Lugo o que merece. \u00c9 o momento de rematar con este desgoberno e impulsar medidas que resolvan os problemas da cidadan\u00eda.<\/p>\n<p>Iso \u00e9 o que non foi capaz de darlle Lara M\u00e9ndez, quen tras anos de goberno de coalici\u00f3n perdeu, outra vez, as elecci\u00f3ns en maio de 2023 para, sete meses despois, ter que escoller entre os seus veci\u00f1os e veci\u00f1as ou ser a sombra de Besteiro no Parlamento galego. Decidiu deixar aos lucenses e a\u00ed comezou a inestabilidade de Lugo. As\u00ed \u00e9 o PSOE, un partido que lonxe de xestionar prefire verter xu\u00edzos contra os que si queren traballar. Elena Candia teno claro: o seu lugar est\u00e1 ao car\u00f3n dos veci\u00f1os.<\/p>\n<p>Por iso tomou a decisi\u00f3n de presentar a moci\u00f3n de censura, unha ferramenta democr\u00e1tica que, curiosamente, s\u00f3 serve cando a usan PSOE e BNG. Falan de \u201ccorrupci\u00f3n pol\u00edtica baseada no transfuguismo\u201d, pero cando decidiron arrebatar a alcald\u00eda de Noia ao PP -a lista m\u00e1is votada- non se faltaba \u00e1s regras democr\u00e1ticas. Curiosa maneira de entender a pol\u00edtica. Como os galegos imos crer na palabra dos que din unha cousa e fan a contraria?<\/p>\n<p>Agora \u00e9 todo ru\u00eddo e intentar\u00e1n confrontar aos lucenses, despregando sobre eles a rabia pola s\u00faa incompetencia, pero o tempo dar\u00e1 e quitar\u00e1 raz\u00f3ns. Lugo renacer\u00e1 da man de persoas que queren devolverlle o que alg\u00fans lle arrebataron. Hai outra maneira de facer as cousas e o PP lucense ten un ano para amosar que si se pode, con vontade e responsabilidade. No 2027 regalarannos un Lugo mellor<\/p>\n","protected":false},"excerpt":{"rendered":"<p><strong><em>Paula Prado del R\u00edo<\/em><\/strong><\/p>\n<p>Entender a pol\u00edtica \u00e9 sinxelo: \u00e9 a ferramenta que nos d\u00e1 o privilexio de traballar por e para as persoas. Para mellorar a s\u00faa calidade de vida, atender demandas e resolver problemas. As\u00ed entende a pol\u00edtica Elena Candia. Ela e o PP de Lugo queren traballar por e para os veci\u00f1os.<\/p>\n","protected":false},"author":38,"featured_media":71029,"comment_status":"closed","ping_status":"open","sticky":false,"template":"","format":"standard","meta":{"_acf_changed":false,"footnotes":""},"categories":[2604],"tags":[],"class_list":["post-71028","post","type-post","status-publish","format-standard","has-post-thumbnail","hentry","category-opinion"],"acf":[],"yoast_head":"<!-- This site is optimized with the Yoast SEO plugin v27.3 - https:\/\/yoast.com\/product\/yoast-seo-wordpress\/ -->\n<title>Lugo, unha moci\u00f3n de impulso - PP de Galicia<\/title>\n<meta name=\"description\" content=\"Entender a pol\u00edtica \u00e9 sinxelo: \u00e9 a ferramenta que nos d\u00e1 o privilexio de traballar por e para as persoas. Para mellorar a s\u00faa calidade de vida, atender demandas e resolver problemas. As\u00ed entende a pol\u00edtica Elena Candia. Ela e o PP de Lugo queren traballar por e para os veci\u00f1os. Deron un paso valente \u00e1 fronte, pensando na cidadan\u00eda e en reverter a situaci\u00f3n de par\u00e1lise e bloqueo que vive o concello.Coas elecci\u00f3ns ga\u00f1adas e a poucos votos da maior\u00eda absoluta levan tres anos traballando na oposici\u00f3n. De maneira intensa, xenerosa e comprometida que agora culmina cunha moci\u00f3n xunto a Mar\u00eda Reigosa, que tam\u00e9n entende a pol\u00edtica como un servizo p\u00fablico. Lonxe dos que xeran alboroto e enganos sobre o acontecido, esta moci\u00f3n de \u2018impulso\u2019 s\u00f3 ten un fin: darlle a Lugo o que merece. \u00c9 o momento de rematar con este desgoberno e impulsar medidas que resolvan os problemas da cidadan\u00eda.\" \/>\n<meta name=\"robots\" content=\"index, follow, max-snippet:-1, max-image-preview:large, max-video-preview:-1\" \/>\n<link rel=\"canonical\" href=\"https:\/\/ppdegalicia.com\/es\/lugo-unha-mocion-de-impulso\/\" \/>\n<meta property=\"og:locale\" content=\"es_ES\" \/>\n<meta property=\"og:type\" content=\"article\" \/>\n<meta property=\"og:title\" content=\"Lugo, unha moci\u00f3n de impulso - PP de Galicia\" \/>\n<meta property=\"og:description\" content=\"Entender a pol\u00edtica \u00e9 sinxelo: \u00e9 a ferramenta que nos d\u00e1 o privilexio de traballar por e para as persoas. Para mellorar a s\u00faa calidade de vida, atender demandas e resolver problemas. As\u00ed entende a pol\u00edtica Elena Candia. Ela e o PP de Lugo queren traballar por e para os veci\u00f1os. Deron un paso valente \u00e1 fronte, pensando na cidadan\u00eda e en reverter a situaci\u00f3n de par\u00e1lise e bloqueo que vive o concello.Coas elecci\u00f3ns ga\u00f1adas e a poucos votos da maior\u00eda absoluta levan tres anos traballando na oposici\u00f3n. De maneira intensa, xenerosa e comprometida que agora culmina cunha moci\u00f3n xunto a Mar\u00eda Reigosa, que tam\u00e9n entende a pol\u00edtica como un servizo p\u00fablico. Lonxe dos que xeran alboroto e enganos sobre o acontecido, esta moci\u00f3n de \u2018impulso\u2019 s\u00f3 ten un fin: darlle a Lugo o que merece. \u00c9 o momento de rematar con este desgoberno e impulsar medidas que resolvan os problemas da cidadan\u00eda.\" \/>\n<meta property=\"og:url\" content=\"https:\/\/ppdegalicia.com\/es\/lugo-unha-mocion-de-impulso\/\" \/>\n<meta property=\"og:site_name\" content=\"PP de Galicia\" \/>\n<meta property=\"article:publisher\" content=\"https:\/\/www.instagram.com\/ppdegalicia\/\" \/>\n<meta property=\"article:published_time\" content=\"2026-04-25T08:17:38+00:00\" \/>\n<meta property=\"article:modified_time\" content=\"2026-04-27T08:29:43+00:00\" \/>\n<meta property=\"og:image\" content=\"https:\/\/ppdegalicia.com\/wp-content\/uploads\/2026\/04\/WhatsApp-Image-2026-04-27-at-10.20.06.jpeg\" \/>\n\t<meta property=\"og:image:width\" content=\"1600\" \/>\n\t<meta property=\"og:image:height\" content=\"1066\" \/>\n\t<meta property=\"og:image:type\" content=\"image\/jpeg\" \/>\n<meta name=\"author\" content=\"ppdegaliciaredes\" \/>\n<meta name=\"twitter:card\" content=\"summary_large_image\" \/>\n<meta name=\"twitter:creator\" content=\"@ppdegalicia\" \/>\n<meta name=\"twitter:site\" content=\"@ppdegalicia\" \/>\n<meta name=\"twitter:label1\" content=\"Escrito por\" \/>\n\t<meta name=\"twitter:data1\" content=\"ppdegaliciaredes\" \/>\n\t<meta name=\"twitter:label2\" content=\"Tiempo de lectura\" \/>\n\t<meta name=\"twitter:data2\" content=\"3 minutos\" \/>\n<script type=\"application\/ld+json\" class=\"yoast-schema-graph\">{\"@context\":\"https:\\\/\\\/schema.org\",\"@graph\":[{\"@type\":\"Article\",\"@id\":\"https:\\\/\\\/ppdegalicia.com\\\/es\\\/lugo-unha-mocion-de-impulso\\\/#article\",\"isPartOf\":{\"@id\":\"https:\\\/\\\/ppdegalicia.com\\\/es\\\/lugo-unha-mocion-de-impulso\\\/\"},\"author\":{\"name\":\"ppdegaliciaredes\",\"@id\":\"https:\\\/\\\/ppdegalicia.com\\\/es\\\/#\\\/schema\\\/person\\\/5b822c6f59e872ebdd1142f307dbcb59\"},\"headline\":\"Lugo, unha moci\u00f3n de impulso\",\"datePublished\":\"2026-04-25T08:17:38+00:00\",\"dateModified\":\"2026-04-27T08:29:43+00:00\",\"mainEntityOfPage\":{\"@id\":\"https:\\\/\\\/ppdegalicia.com\\\/es\\\/lugo-unha-mocion-de-impulso\\\/\"},\"wordCount\":428,\"publisher\":{\"@id\":\"https:\\\/\\\/ppdegalicia.com\\\/es\\\/#organization\"},\"image\":{\"@id\":\"https:\\\/\\\/ppdegalicia.com\\\/es\\\/lugo-unha-mocion-de-impulso\\\/#primaryimage\"},\"thumbnailUrl\":\"https:\\\/\\\/ppdegalicia.com\\\/wp-content\\\/uploads\\\/2026\\\/04\\\/WhatsApp-Image-2026-04-27-at-10.20.06.jpeg\",\"articleSection\":[\"Opini\u00f3n\"],\"inLanguage\":\"es\"},{\"@type\":\"WebPage\",\"@id\":\"https:\\\/\\\/ppdegalicia.com\\\/es\\\/lugo-unha-mocion-de-impulso\\\/\",\"url\":\"https:\\\/\\\/ppdegalicia.com\\\/es\\\/lugo-unha-mocion-de-impulso\\\/\",\"name\":\"Lugo, unha moci\u00f3n de impulso - PP de Galicia\",\"isPartOf\":{\"@id\":\"https:\\\/\\\/ppdegalicia.com\\\/es\\\/#website\"},\"primaryImageOfPage\":{\"@id\":\"https:\\\/\\\/ppdegalicia.com\\\/es\\\/lugo-unha-mocion-de-impulso\\\/#primaryimage\"},\"image\":{\"@id\":\"https:\\\/\\\/ppdegalicia.com\\\/es\\\/lugo-unha-mocion-de-impulso\\\/#primaryimage\"},\"thumbnailUrl\":\"https:\\\/\\\/ppdegalicia.com\\\/wp-content\\\/uploads\\\/2026\\\/04\\\/WhatsApp-Image-2026-04-27-at-10.20.06.jpeg\",\"datePublished\":\"2026-04-25T08:17:38+00:00\",\"dateModified\":\"2026-04-27T08:29:43+00:00\",\"description\":\"Entender a pol\u00edtica \u00e9 sinxelo: \u00e9 a ferramenta que nos d\u00e1 o privilexio de traballar por e para as persoas. Para mellorar a s\u00faa calidade de vida, atender demandas e resolver problemas. As\u00ed entende a pol\u00edtica Elena Candia. Ela e o PP de Lugo queren traballar por e para os veci\u00f1os. Deron un paso valente \u00e1 fronte, pensando na cidadan\u00eda e en reverter a situaci\u00f3n de par\u00e1lise e bloqueo que vive o concello.Coas elecci\u00f3ns ga\u00f1adas e a poucos votos da maior\u00eda absoluta levan tres anos traballando na oposici\u00f3n. De maneira intensa, xenerosa e comprometida que agora culmina cunha moci\u00f3n xunto a Mar\u00eda Reigosa, que tam\u00e9n entende a pol\u00edtica como un servizo p\u00fablico. Lonxe dos que xeran alboroto e enganos sobre o acontecido, esta moci\u00f3n de \u2018impulso\u2019 s\u00f3 ten un fin: darlle a Lugo o que merece. \u00c9 o momento de rematar con este desgoberno e impulsar medidas que resolvan os problemas da cidadan\u00eda.\",\"breadcrumb\":{\"@id\":\"https:\\\/\\\/ppdegalicia.com\\\/es\\\/lugo-unha-mocion-de-impulso\\\/#breadcrumb\"},\"inLanguage\":\"es\",\"potentialAction\":[{\"@type\":\"ReadAction\",\"target\":[\"https:\\\/\\\/ppdegalicia.com\\\/es\\\/lugo-unha-mocion-de-impulso\\\/\"]}]},{\"@type\":\"ImageObject\",\"inLanguage\":\"es\",\"@id\":\"https:\\\/\\\/ppdegalicia.com\\\/es\\\/lugo-unha-mocion-de-impulso\\\/#primaryimage\",\"url\":\"https:\\\/\\\/ppdegalicia.com\\\/wp-content\\\/uploads\\\/2026\\\/04\\\/WhatsApp-Image-2026-04-27-at-10.20.06.jpeg\",\"contentUrl\":\"https:\\\/\\\/ppdegalicia.com\\\/wp-content\\\/uploads\\\/2026\\\/04\\\/WhatsApp-Image-2026-04-27-at-10.20.06.jpeg\",\"width\":1600,\"height\":1066},{\"@type\":\"BreadcrumbList\",\"@id\":\"https:\\\/\\\/ppdegalicia.com\\\/es\\\/lugo-unha-mocion-de-impulso\\\/#breadcrumb\",\"itemListElement\":[{\"@type\":\"ListItem\",\"position\":1,\"name\":\"Portada\",\"item\":\"https:\\\/\\\/ppdegalicia.com\\\/es\\\/\"},{\"@type\":\"ListItem\",\"position\":2,\"name\":\"Lugo, unha moci\u00f3n de impulso\"}]},{\"@type\":\"WebSite\",\"@id\":\"https:\\\/\\\/ppdegalicia.com\\\/es\\\/#website\",\"url\":\"https:\\\/\\\/ppdegalicia.com\\\/es\\\/\",\"name\":\"Partido Popular de Galicia\",\"description\":\"Partido Popular de Galicia\",\"publisher\":{\"@id\":\"https:\\\/\\\/ppdegalicia.com\\\/es\\\/#organization\"},\"alternateName\":\"PP de Galicia\",\"potentialAction\":[{\"@type\":\"SearchAction\",\"target\":{\"@type\":\"EntryPoint\",\"urlTemplate\":\"https:\\\/\\\/ppdegalicia.com\\\/es\\\/?s={search_term_string}\"},\"query-input\":{\"@type\":\"PropertyValueSpecification\",\"valueRequired\":true,\"valueName\":\"search_term_string\"}}],\"inLanguage\":\"es\"},{\"@type\":\"Organization\",\"@id\":\"https:\\\/\\\/ppdegalicia.com\\\/es\\\/#organization\",\"name\":\"Partido Popular de Galicia\",\"alternateName\":\"PP de Galicia\",\"url\":\"https:\\\/\\\/ppdegalicia.com\\\/es\\\/\",\"logo\":{\"@type\":\"ImageObject\",\"inLanguage\":\"es\",\"@id\":\"https:\\\/\\\/ppdegalicia.com\\\/es\\\/#\\\/schema\\\/logo\\\/image\\\/\",\"url\":\"https:\\\/\\\/ppdegalicia.com\\\/wp-content\\\/uploads\\\/2023\\\/04\\\/logoPP512.png\",\"contentUrl\":\"https:\\\/\\\/ppdegalicia.com\\\/wp-content\\\/uploads\\\/2023\\\/04\\\/logoPP512.png\",\"width\":512,\"height\":512,\"caption\":\"Partido Popular de Galicia\"},\"image\":{\"@id\":\"https:\\\/\\\/ppdegalicia.com\\\/es\\\/#\\\/schema\\\/logo\\\/image\\\/\"},\"sameAs\":[\"https:\\\/\\\/www.instagram.com\\\/ppdegalicia\\\/\",\"https:\\\/\\\/x.com\\\/ppdegalicia\",\"https:\\\/\\\/www.tiktok.com\\\/@ppdegalicia\",\"https:\\\/\\\/www.youtube.com\\\/user\\\/ppdegalicia\"]},{\"@type\":\"Person\",\"@id\":\"https:\\\/\\\/ppdegalicia.com\\\/es\\\/#\\\/schema\\\/person\\\/5b822c6f59e872ebdd1142f307dbcb59\",\"name\":\"ppdegaliciaredes\",\"image\":{\"@type\":\"ImageObject\",\"inLanguage\":\"es\",\"@id\":\"https:\\\/\\\/secure.gravatar.com\\\/avatar\\\/3c9179cf0256d00c72a48d1f25783c58b6842cd56e85ef3a572881c8e28ccd59?s=96&d=mm&r=g\",\"url\":\"https:\\\/\\\/secure.gravatar.com\\\/avatar\\\/3c9179cf0256d00c72a48d1f25783c58b6842cd56e85ef3a572881c8e28ccd59?s=96&d=mm&r=g\",\"contentUrl\":\"https:\\\/\\\/secure.gravatar.com\\\/avatar\\\/3c9179cf0256d00c72a48d1f25783c58b6842cd56e85ef3a572881c8e28ccd59?s=96&d=mm&r=g\",\"caption\":\"ppdegaliciaredes\"},\"url\":\"https:\\\/\\\/ppdegalicia.com\\\/es\\\/author\\\/ppdegaliciaredes\\\/\"}]}<\/script>\n<!-- \/ Yoast SEO plugin. -->","yoast_head_json":{"title":"Lugo, unha moci\u00f3n de impulso - PP de Galicia","description":"Entender a pol\u00edtica \u00e9 sinxelo: \u00e9 a ferramenta que nos d\u00e1 o privilexio de traballar por e para as persoas. Para mellorar a s\u00faa calidade de vida, atender demandas e resolver problemas. As\u00ed entende a pol\u00edtica Elena Candia. Ela e o PP de Lugo queren traballar por e para os veci\u00f1os. Deron un paso valente \u00e1 fronte, pensando na cidadan\u00eda e en reverter a situaci\u00f3n de par\u00e1lise e bloqueo que vive o concello.Coas elecci\u00f3ns ga\u00f1adas e a poucos votos da maior\u00eda absoluta levan tres anos traballando na oposici\u00f3n. De maneira intensa, xenerosa e comprometida que agora culmina cunha moci\u00f3n xunto a Mar\u00eda Reigosa, que tam\u00e9n entende a pol\u00edtica como un servizo p\u00fablico. Lonxe dos que xeran alboroto e enganos sobre o acontecido, esta moci\u00f3n de \u2018impulso\u2019 s\u00f3 ten un fin: darlle a Lugo o que merece. \u00c9 o momento de rematar con este desgoberno e impulsar medidas que resolvan os problemas da cidadan\u00eda.","robots":{"index":"index","follow":"follow","max-snippet":"max-snippet:-1","max-image-preview":"max-image-preview:large","max-video-preview":"max-video-preview:-1"},"canonical":"https:\/\/ppdegalicia.com\/es\/lugo-unha-mocion-de-impulso\/","og_locale":"es_ES","og_type":"article","og_title":"Lugo, unha moci\u00f3n de impulso - PP de Galicia","og_description":"Entender a pol\u00edtica \u00e9 sinxelo: \u00e9 a ferramenta que nos d\u00e1 o privilexio de traballar por e para as persoas. Para mellorar a s\u00faa calidade de vida, atender demandas e resolver problemas. As\u00ed entende a pol\u00edtica Elena Candia. Ela e o PP de Lugo queren traballar por e para os veci\u00f1os. Deron un paso valente \u00e1 fronte, pensando na cidadan\u00eda e en reverter a situaci\u00f3n de par\u00e1lise e bloqueo que vive o concello.Coas elecci\u00f3ns ga\u00f1adas e a poucos votos da maior\u00eda absoluta levan tres anos traballando na oposici\u00f3n. De maneira intensa, xenerosa e comprometida que agora culmina cunha moci\u00f3n xunto a Mar\u00eda Reigosa, que tam\u00e9n entende a pol\u00edtica como un servizo p\u00fablico. Lonxe dos que xeran alboroto e enganos sobre o acontecido, esta moci\u00f3n de \u2018impulso\u2019 s\u00f3 ten un fin: darlle a Lugo o que merece. \u00c9 o momento de rematar con este desgoberno e impulsar medidas que resolvan os problemas da cidadan\u00eda.","og_url":"https:\/\/ppdegalicia.com\/es\/lugo-unha-mocion-de-impulso\/","og_site_name":"PP de Galicia","article_publisher":"https:\/\/www.instagram.com\/ppdegalicia\/","article_published_time":"2026-04-25T08:17:38+00:00","article_modified_time":"2026-04-27T08:29:43+00:00","og_image":[{"width":1600,"height":1066,"url":"https:\/\/ppdegalicia.com\/wp-content\/uploads\/2026\/04\/WhatsApp-Image-2026-04-27-at-10.20.06.jpeg","type":"image\/jpeg"}],"author":"ppdegaliciaredes","twitter_card":"summary_large_image","twitter_creator":"@ppdegalicia","twitter_site":"@ppdegalicia","twitter_misc":{"Escrito por":"ppdegaliciaredes","Tiempo de lectura":"3 minutos"},"schema":{"@context":"https:\/\/schema.org","@graph":[{"@type":"Article","@id":"https:\/\/ppdegalicia.com\/es\/lugo-unha-mocion-de-impulso\/#article","isPartOf":{"@id":"https:\/\/ppdegalicia.com\/es\/lugo-unha-mocion-de-impulso\/"},"author":{"name":"ppdegaliciaredes","@id":"https:\/\/ppdegalicia.com\/es\/#\/schema\/person\/5b822c6f59e872ebdd1142f307dbcb59"},"headline":"Lugo, unha moci\u00f3n de impulso","datePublished":"2026-04-25T08:17:38+00:00","dateModified":"2026-04-27T08:29:43+00:00","mainEntityOfPage":{"@id":"https:\/\/ppdegalicia.com\/es\/lugo-unha-mocion-de-impulso\/"},"wordCount":428,"publisher":{"@id":"https:\/\/ppdegalicia.com\/es\/#organization"},"image":{"@id":"https:\/\/ppdegalicia.com\/es\/lugo-unha-mocion-de-impulso\/#primaryimage"},"thumbnailUrl":"https:\/\/ppdegalicia.com\/wp-content\/uploads\/2026\/04\/WhatsApp-Image-2026-04-27-at-10.20.06.jpeg","articleSection":["Opini\u00f3n"],"inLanguage":"es"},{"@type":"WebPage","@id":"https:\/\/ppdegalicia.com\/es\/lugo-unha-mocion-de-impulso\/","url":"https:\/\/ppdegalicia.com\/es\/lugo-unha-mocion-de-impulso\/","name":"Lugo, unha moci\u00f3n de impulso - PP de Galicia","isPartOf":{"@id":"https:\/\/ppdegalicia.com\/es\/#website"},"primaryImageOfPage":{"@id":"https:\/\/ppdegalicia.com\/es\/lugo-unha-mocion-de-impulso\/#primaryimage"},"image":{"@id":"https:\/\/ppdegalicia.com\/es\/lugo-unha-mocion-de-impulso\/#primaryimage"},"thumbnailUrl":"https:\/\/ppdegalicia.com\/wp-content\/uploads\/2026\/04\/WhatsApp-Image-2026-04-27-at-10.20.06.jpeg","datePublished":"2026-04-25T08:17:38+00:00","dateModified":"2026-04-27T08:29:43+00:00","description":"Entender a pol\u00edtica \u00e9 sinxelo: \u00e9 a ferramenta que nos d\u00e1 o privilexio de traballar por e para as persoas. Para mellorar a s\u00faa calidade de vida, atender demandas e resolver problemas. As\u00ed entende a pol\u00edtica Elena Candia. Ela e o PP de Lugo queren traballar por e para os veci\u00f1os. Deron un paso valente \u00e1 fronte, pensando na cidadan\u00eda e en reverter a situaci\u00f3n de par\u00e1lise e bloqueo que vive o concello.Coas elecci\u00f3ns ga\u00f1adas e a poucos votos da maior\u00eda absoluta levan tres anos traballando na oposici\u00f3n. De maneira intensa, xenerosa e comprometida que agora culmina cunha moci\u00f3n xunto a Mar\u00eda Reigosa, que tam\u00e9n entende a pol\u00edtica como un servizo p\u00fablico. Lonxe dos que xeran alboroto e enganos sobre o acontecido, esta moci\u00f3n de \u2018impulso\u2019 s\u00f3 ten un fin: darlle a Lugo o que merece. \u00c9 o momento de rematar con este desgoberno e impulsar medidas que resolvan os problemas da cidadan\u00eda.","breadcrumb":{"@id":"https:\/\/ppdegalicia.com\/es\/lugo-unha-mocion-de-impulso\/#breadcrumb"},"inLanguage":"es","potentialAction":[{"@type":"ReadAction","target":["https:\/\/ppdegalicia.com\/es\/lugo-unha-mocion-de-impulso\/"]}]},{"@type":"ImageObject","inLanguage":"es","@id":"https:\/\/ppdegalicia.com\/es\/lugo-unha-mocion-de-impulso\/#primaryimage","url":"https:\/\/ppdegalicia.com\/wp-content\/uploads\/2026\/04\/WhatsApp-Image-2026-04-27-at-10.20.06.jpeg","contentUrl":"https:\/\/ppdegalicia.com\/wp-content\/uploads\/2026\/04\/WhatsApp-Image-2026-04-27-at-10.20.06.jpeg","width":1600,"height":1066},{"@type":"BreadcrumbList","@id":"https:\/\/ppdegalicia.com\/es\/lugo-unha-mocion-de-impulso\/#breadcrumb","itemListElement":[{"@type":"ListItem","position":1,"name":"Portada","item":"https:\/\/ppdegalicia.com\/es\/"},{"@type":"ListItem","position":2,"name":"Lugo, unha moci\u00f3n de impulso"}]},{"@type":"WebSite","@id":"https:\/\/ppdegalicia.com\/es\/#website","url":"https:\/\/ppdegalicia.com\/es\/","name":"Partido Popular de Galicia","description":"Partido Popular de Galicia","publisher":{"@id":"https:\/\/ppdegalicia.com\/es\/#organization"},"alternateName":"PP de Galicia","potentialAction":[{"@type":"SearchAction","target":{"@type":"EntryPoint","urlTemplate":"https:\/\/ppdegalicia.com\/es\/?s={search_term_string}"},"query-input":{"@type":"PropertyValueSpecification","valueRequired":true,"valueName":"search_term_string"}}],"inLanguage":"es"},{"@type":"Organization","@id":"https:\/\/ppdegalicia.com\/es\/#organization","name":"Partido Popular de Galicia","alternateName":"PP de Galicia","url":"https:\/\/ppdegalicia.com\/es\/","logo":{"@type":"ImageObject","inLanguage":"es","@id":"https:\/\/ppdegalicia.com\/es\/#\/schema\/logo\/image\/","url":"https:\/\/ppdegalicia.com\/wp-content\/uploads\/2023\/04\/logoPP512.png","contentUrl":"https:\/\/ppdegalicia.com\/wp-content\/uploads\/2023\/04\/logoPP512.png","width":512,"height":512,"caption":"Partido Popular de Galicia"},"image":{"@id":"https:\/\/ppdegalicia.com\/es\/#\/schema\/logo\/image\/"},"sameAs":["https:\/\/www.instagram.com\/ppdegalicia\/","https:\/\/x.com\/ppdegalicia","https:\/\/www.tiktok.com\/@ppdegalicia","https:\/\/www.youtube.com\/user\/ppdegalicia"]},{"@type":"Person","@id":"https:\/\/ppdegalicia.com\/es\/#\/schema\/person\/5b822c6f59e872ebdd1142f307dbcb59","name":"ppdegaliciaredes","image":{"@type":"ImageObject","inLanguage":"es","@id":"https:\/\/secure.gravatar.com\/avatar\/3c9179cf0256d00c72a48d1f25783c58b6842cd56e85ef3a572881c8e28ccd59?s=96&d=mm&r=g","url":"https:\/\/secure.gravatar.com\/avatar\/3c9179cf0256d00c72a48d1f25783c58b6842cd56e85ef3a572881c8e28ccd59?s=96&d=mm&r=g","contentUrl":"https:\/\/secure.gravatar.com\/avatar\/3c9179cf0256d00c72a48d1f25783c58b6842cd56e85ef3a572881c8e28ccd59?s=96&d=mm&r=g","caption":"ppdegaliciaredes"},"url":"https:\/\/ppdegalicia.com\/es\/author\/ppdegaliciaredes\/"}]}},"_links":{"self":[{"href":"https:\/\/ppdegalicia.com\/es\/wp-json\/wp\/v2\/posts\/71028","targetHints":{"allow":["GET"]}}],"collection":[{"href":"https:\/\/ppdegalicia.com\/es\/wp-json\/wp\/v2\/posts"}],"about":[{"href":"https:\/\/ppdegalicia.com\/es\/wp-json\/wp\/v2\/types\/post"}],"author":[{"embeddable":true,"href":"https:\/\/ppdegalicia.com\/es\/wp-json\/wp\/v2\/users\/38"}],"replies":[{"embeddable":true,"href":"https:\/\/ppdegalicia.com\/es\/wp-json\/wp\/v2\/comments?post=71028"}],"version-history":[{"count":3,"href":"https:\/\/ppdegalicia.com\/es\/wp-json\/wp\/v2\/posts\/71028\/revisions"}],"predecessor-version":[{"id":71033,"href":"https:\/\/ppdegalicia.com\/es\/wp-json\/wp\/v2\/posts\/71028\/revisions\/71033"}],"wp:featuredmedia":[{"embeddable":true,"href":"https:\/\/ppdegalicia.com\/es\/wp-json\/wp\/v2\/media\/71029"}],"wp:attachment":[{"href":"https:\/\/ppdegalicia.com\/es\/wp-json\/wp\/v2\/media?parent=71028"}],"wp:term":[{"taxonomy":"category","embeddable":true,"href":"https:\/\/ppdegalicia.com\/es\/wp-json\/wp\/v2\/categories?post=71028"},{"taxonomy":"post_tag","embeddable":true,"href":"https:\/\/ppdegalicia.com\/es\/wp-json\/wp\/v2\/tags?post=71028"}],"curies":[{"name":"wp","href":"https:\/\/api.w.org\/{rel}","templated":true}]}}