{"id":71034,"date":"2026-04-27T17:12:37","date_gmt":"2026-04-27T16:12:37","guid":{"rendered":"https:\/\/ppdegalicia.com\/?p=71034"},"modified":"2026-04-27T17:12:37","modified_gmt":"2026-04-27T16:12:37","slug":"o-ppdeg-saca-musculo-da-estabilidade-e-boa-xestion-dos-gobernos-populares-a-un-ano-de-rematar-o-actual-mandato-municipal","status":"publish","type":"post","link":"https:\/\/ppdegalicia.com\/es\/o-ppdeg-saca-musculo-da-estabilidade-e-boa-xestion-dos-gobernos-populares-a-un-ano-de-rematar-o-actual-mandato-municipal\/","title":{"rendered":"O PPdeG saca m\u00fasculo da \u201cestabilidade\u201d e \u201cboa xesti\u00f3n\u201d dos gobernos populares a un ano de rematar o actual mandato municipal"},"content":{"rendered":"<p style=\"font-weight: 400;\">O PPdeG saca m\u00fasculo do apoio ao Partido Popular nas sete cidades galegas, a un ano de rematar este mandato municipal. \u201cContinuamos demostrando porque a gran maior\u00eda dos galegos e galegas confiaron en n\u00f3s\u201d, sinalou a secretaria xeral dos populares galegos, Paula Prado, logo de reunirse na sede auton\u00f3mica co Comit\u00e9 de Cidades do partido, onde se puxo en valor a \u201cestabilidade e boa xesti\u00f3n\u201d dos\u00a0gobernos do PP\u00a0en Galicia.<\/p>\n<p style=\"font-weight: 400;\">A situaci\u00f3n das cidades galegas e posibles\u00a0sinerx\u00edas\u00a0son os asuntos que se abordan neste \u00f3rgano coordinado polo alcalde de Ferrol, Jos\u00e9 Manuel Rey Varela, e no que os l\u00edderes locais da formaci\u00f3n nas sete cidades galegas comparten proxectos.<\/p>\n<p style=\"font-weight: 400;\">Precisamente, Prado puxo como modelo para consolidar maior\u00edas populares a Ferrol, cidade gobernada polo PP, \u201ccon medidas novidosas\u201d, fronte aos \u201cpactos de perdedores\u201d do PSOE e do BNG, que s\u00f3 traen \u201cespect\u00e1culo e inestabilidade\u201d.<\/p>\n<p style=\"font-weight: 400;\">Na radiograf\u00eda das sete cidades, a n\u00famero\u00a0dous do PPdeG\u00a0fixo referencia \u00e1 situaci\u00f3n actual de Lugo, onde a popular Elena Candia e o seu equipo foron capaces de rematar co \u201cdesgoberno\u201d que viv\u00eda a cidade co pacto de \u201cminor\u00edas absolutas\u201d asinado por PSOE e BNG.<\/p>\n<p style=\"font-weight: 400;\">Prado asegurou que, \u201cfronte ao ru\u00eddo e o intento de confrontaci\u00f3n\u201d que pretende a esquerda cos lucenses, o tempo \u201cdar\u00e1\u00a0e quitar\u00e1 raz\u00f3ns\u201d \u00e1 medida tomada polo PPdeG: unha \u201cmoci\u00f3n de impulso\u201d cun plan de 45 iniciativas, que sacar\u00e1n a Lugo da situaci\u00f3n actual e para devolverlle todo o que PSOE e BNG lle quitaron. \u201cEn maio de 2027 demostrarase que a maior\u00eda dos lucenses quere un Lugo de progreso, d\u00e1ndolle a maior\u00eda absoluta ao Partido Popular\u201d, subli\u00f1ou Prado.<\/p>\n<p style=\"font-weight: 400;\">A secretaria xeral tam\u00e9n criticou a actitude da alcaldesa socialista de A Coru\u00f1a, In\u00e9s Rey, a \u00fanica rexedora condenada en Galicia por transfuguismo e que, agora, \u201ctenta dar lecci\u00f3ns indo a Lugo a criticar a moci\u00f3n do PP\u201d. Prado lembra que na cidade onde goberna estanse perdendo oportunidades de calado como ser a sede do Mundial ou grandes concertos, ademais da par\u00e1lise en barrios\u00a0nos que a veci\u00f1anza est\u00e1 \u201ccansa\u00a0de abandono e inseguridade\u201d.<\/p>\n<p style=\"font-weight: 400;\"><strong><u>TURISMOFOBIA E INSEGURIDADE\u00a0<\/u><\/strong><\/p>\n<p style=\"font-weight: 400;\">Prado referiuse a Santiago como unha cidade \u201cparalizada, sucia e con contratos de servizos b\u00e1sicos -transporte e auga- sen resolver\u201d.\u00a0\u00a0Tam\u00e9n foi cr\u00edtica\u00a0co\u00a0modelo de \u201cturismofobia\u201d do goberno do BNG na capital de Galicia, que \u201cbota aos turistas e leva a Santiago aos peores datos da s\u00faa historia\u201d. Tam\u00e9n afeou aos independentistas o intento de implantar a s\u00faa ideolox\u00eda, promovendo cambios de nomes de centros escolares ou instalando na cidade a estatua do l\u00edder da UPG, Moncho Reboiras.<\/p>\n<p style=\"font-weight: 400;\">En canto a Pontevedra, mencionou o incremento da inseguridade e os problemas de aparcamento, cun PXOM do ano 1989 e cun goberno que \u201cnon se preocupa do que importa, nin de vivenda nin de investimentos sociais\u201d, ademais de manter un \u201cconflito permanente\u201d no Concello co seu persoal laboral.<\/p>\n<p style=\"font-weight: 400;\">Sobre Vigo, referiuse tam\u00e9n \u00e1 inseguridade que hai nas r\u00faas e a un alcalde m\u00e1is pendente de Nova York que dos barrios da s\u00faa cidade, onde non cesa o aumento de \u2018narcocasas\u2019, asunto si preocupa \u00e1 veci\u00f1anza e ao PPdeG.<\/p>\n<p style=\"font-weight: 400;\">De Ourense lembrou que o alcalde est\u00e1 imputado e \u201cm\u00e1is pendente das actividades da s\u00faa empresa e de criticar aos medios de comunicaci\u00f3n\u201d que das necesidades dos veci\u00f1os.<\/p>\n<p style=\"font-weight: 400;\"><strong><u>SEGUIR GA\u00d1ANDO A CONFIANZA DOS GALEGOS E GALEGAS<\/u><\/strong><\/p>\n<p style=\"font-weight: 400;\">Por outra banda, Jos\u00e9 Manuel Rey destacou o traballo do PPdeG coa vista posta nas elecci\u00f3ns municipais de 2027, con \u201cresponsabilidade, rigor e ambici\u00f3n\u201d. Para isto, dixo, \u201ccontamos cos mellores equipos para dese\u00f1ar un proxecto s\u00f3lido e de futuro para as nosas cidades, baseado en propostas serias, realistas e pensadas para dar resposta \u00e1s necesidades reais da cidadan\u00eda\u201d.<\/p>\n<p style=\"font-weight: 400;\">Para o coordinador do Comit\u00e9 de Cidades, o obxectivo \u00e9 \u201cga\u00f1ar a confianza dos galegos e galegas para liderar os seus concellos e seguir demostrando que o PPdeG \u00e9 sin\u00f3nimo de boa xesti\u00f3n, estabilidade e compromiso coa xente\u201d.<\/p>\n","protected":false},"excerpt":{"rendered":"<p>O PPdeG saca m\u00fasculo do apoio ao Partido Popular nas sete cidades galegas, a un ano de rematar este mandato municipal. \u201cContinuamos demostrando porque a gran maior\u00eda dos galegos e galegas confiaron en n\u00f3s\u201d, sinalou a secretaria xeral dos populares galegos, Paula Prado, logo de reunirse na sede auton\u00f3mica co Comit\u00e9 de Cidades do partido, [&hellip;]<\/p>\n","protected":false},"author":38,"featured_media":71035,"comment_status":"closed","ping_status":"open","sticky":false,"template":"","format":"standard","meta":{"_acf_changed":false,"footnotes":""},"categories":[1],"tags":[],"class_list":["post-71034","post","type-post","status-publish","format-standard","has-post-thumbnail","hentry","category-pp-de-galicia"],"acf":[],"yoast_head":"<!-- This site is optimized with the Yoast SEO plugin v27.3 - https:\/\/yoast.com\/product\/yoast-seo-wordpress\/ -->\n<title>O PPdeG saca m\u00fasculo da \u201cestabilidade\u201d e \u201cboa xesti\u00f3n\u201d dos gobernos populares a un ano de rematar o actual mandato municipal - PP de Galicia<\/title>\n<meta name=\"robots\" content=\"index, follow, max-snippet:-1, max-image-preview:large, max-video-preview:-1\" \/>\n<link rel=\"canonical\" href=\"https:\/\/ppdegalicia.com\/es\/o-ppdeg-saca-musculo-da-estabilidade-e-boa-xestion-dos-gobernos-populares-a-un-ano-de-rematar-o-actual-mandato-municipal\/\" \/>\n<meta property=\"og:locale\" content=\"es_ES\" \/>\n<meta property=\"og:type\" content=\"article\" \/>\n<meta property=\"og:title\" content=\"O PPdeG saca m\u00fasculo da \u201cestabilidade\u201d e \u201cboa xesti\u00f3n\u201d dos gobernos populares a un ano de rematar o actual mandato municipal - PP de Galicia\" \/>\n<meta property=\"og:description\" content=\"O PPdeG saca m\u00fasculo do apoio ao Partido Popular nas sete cidades galegas, a un ano de rematar este mandato municipal. \u201cContinuamos demostrando porque a gran maior\u00eda dos galegos e galegas confiaron en n\u00f3s\u201d, sinalou a secretaria xeral dos populares galegos, Paula Prado, logo de reunirse na sede auton\u00f3mica co Comit\u00e9 de Cidades do partido, [&hellip;]\" \/>\n<meta property=\"og:url\" content=\"https:\/\/ppdegalicia.com\/es\/o-ppdeg-saca-musculo-da-estabilidade-e-boa-xestion-dos-gobernos-populares-a-un-ano-de-rematar-o-actual-mandato-municipal\/\" \/>\n<meta property=\"og:site_name\" content=\"PP de Galicia\" \/>\n<meta property=\"article:publisher\" content=\"https:\/\/www.instagram.com\/ppdegalicia\/\" \/>\n<meta property=\"article:published_time\" content=\"2026-04-27T16:12:37+00:00\" \/>\n<meta property=\"og:image\" content=\"https:\/\/ppdegalicia.com\/wp-content\/uploads\/2026\/04\/WhatsApp-Image-2026-04-27-at-18.04.44.jpeg\" \/>\n\t<meta property=\"og:image:width\" content=\"1280\" \/>\n\t<meta property=\"og:image:height\" content=\"853\" \/>\n\t<meta property=\"og:image:type\" content=\"image\/jpeg\" \/>\n<meta name=\"author\" content=\"ppdegaliciaredes\" \/>\n<meta name=\"twitter:card\" content=\"summary_large_image\" \/>\n<meta name=\"twitter:creator\" content=\"@ppdegalicia\" \/>\n<meta name=\"twitter:site\" content=\"@ppdegalicia\" \/>\n<meta name=\"twitter:label1\" content=\"Escrito por\" \/>\n\t<meta name=\"twitter:data1\" content=\"ppdegaliciaredes\" \/>\n\t<meta name=\"twitter:label2\" content=\"Tiempo de lectura\" \/>\n\t<meta name=\"twitter:data2\" content=\"4 minutos\" \/>\n<script type=\"application\/ld+json\" class=\"yoast-schema-graph\">{\"@context\":\"https:\\\/\\\/schema.org\",\"@graph\":[{\"@type\":\"Article\",\"@id\":\"https:\\\/\\\/ppdegalicia.com\\\/es\\\/o-ppdeg-saca-musculo-da-estabilidade-e-boa-xestion-dos-gobernos-populares-a-un-ano-de-rematar-o-actual-mandato-municipal\\\/#article\",\"isPartOf\":{\"@id\":\"https:\\\/\\\/ppdegalicia.com\\\/es\\\/o-ppdeg-saca-musculo-da-estabilidade-e-boa-xestion-dos-gobernos-populares-a-un-ano-de-rematar-o-actual-mandato-municipal\\\/\"},\"author\":{\"name\":\"ppdegaliciaredes\",\"@id\":\"https:\\\/\\\/ppdegalicia.com\\\/es\\\/#\\\/schema\\\/person\\\/5b822c6f59e872ebdd1142f307dbcb59\"},\"headline\":\"O PPdeG saca m\u00fasculo da \u201cestabilidade\u201d e \u201cboa xesti\u00f3n\u201d dos gobernos populares a un ano de rematar o actual mandato municipal\",\"datePublished\":\"2026-04-27T16:12:37+00:00\",\"mainEntityOfPage\":{\"@id\":\"https:\\\/\\\/ppdegalicia.com\\\/es\\\/o-ppdeg-saca-musculo-da-estabilidade-e-boa-xestion-dos-gobernos-populares-a-un-ano-de-rematar-o-actual-mandato-municipal\\\/\"},\"wordCount\":717,\"publisher\":{\"@id\":\"https:\\\/\\\/ppdegalicia.com\\\/es\\\/#organization\"},\"image\":{\"@id\":\"https:\\\/\\\/ppdegalicia.com\\\/es\\\/o-ppdeg-saca-musculo-da-estabilidade-e-boa-xestion-dos-gobernos-populares-a-un-ano-de-rematar-o-actual-mandato-municipal\\\/#primaryimage\"},\"thumbnailUrl\":\"https:\\\/\\\/ppdegalicia.com\\\/wp-content\\\/uploads\\\/2026\\\/04\\\/WhatsApp-Image-2026-04-27-at-18.04.44.jpeg\",\"articleSection\":[\"PP de Galicia\"],\"inLanguage\":\"es\"},{\"@type\":\"WebPage\",\"@id\":\"https:\\\/\\\/ppdegalicia.com\\\/es\\\/o-ppdeg-saca-musculo-da-estabilidade-e-boa-xestion-dos-gobernos-populares-a-un-ano-de-rematar-o-actual-mandato-municipal\\\/\",\"url\":\"https:\\\/\\\/ppdegalicia.com\\\/es\\\/o-ppdeg-saca-musculo-da-estabilidade-e-boa-xestion-dos-gobernos-populares-a-un-ano-de-rematar-o-actual-mandato-municipal\\\/\",\"name\":\"O PPdeG saca m\u00fasculo da \u201cestabilidade\u201d e \u201cboa xesti\u00f3n\u201d dos gobernos populares a un ano de rematar o actual mandato municipal - PP de Galicia\",\"isPartOf\":{\"@id\":\"https:\\\/\\\/ppdegalicia.com\\\/es\\\/#website\"},\"primaryImageOfPage\":{\"@id\":\"https:\\\/\\\/ppdegalicia.com\\\/es\\\/o-ppdeg-saca-musculo-da-estabilidade-e-boa-xestion-dos-gobernos-populares-a-un-ano-de-rematar-o-actual-mandato-municipal\\\/#primaryimage\"},\"image\":{\"@id\":\"https:\\\/\\\/ppdegalicia.com\\\/es\\\/o-ppdeg-saca-musculo-da-estabilidade-e-boa-xestion-dos-gobernos-populares-a-un-ano-de-rematar-o-actual-mandato-municipal\\\/#primaryimage\"},\"thumbnailUrl\":\"https:\\\/\\\/ppdegalicia.com\\\/wp-content\\\/uploads\\\/2026\\\/04\\\/WhatsApp-Image-2026-04-27-at-18.04.44.jpeg\",\"datePublished\":\"2026-04-27T16:12:37+00:00\",\"breadcrumb\":{\"@id\":\"https:\\\/\\\/ppdegalicia.com\\\/es\\\/o-ppdeg-saca-musculo-da-estabilidade-e-boa-xestion-dos-gobernos-populares-a-un-ano-de-rematar-o-actual-mandato-municipal\\\/#breadcrumb\"},\"inLanguage\":\"es\",\"potentialAction\":[{\"@type\":\"ReadAction\",\"target\":[\"https:\\\/\\\/ppdegalicia.com\\\/es\\\/o-ppdeg-saca-musculo-da-estabilidade-e-boa-xestion-dos-gobernos-populares-a-un-ano-de-rematar-o-actual-mandato-municipal\\\/\"]}]},{\"@type\":\"ImageObject\",\"inLanguage\":\"es\",\"@id\":\"https:\\\/\\\/ppdegalicia.com\\\/es\\\/o-ppdeg-saca-musculo-da-estabilidade-e-boa-xestion-dos-gobernos-populares-a-un-ano-de-rematar-o-actual-mandato-municipal\\\/#primaryimage\",\"url\":\"https:\\\/\\\/ppdegalicia.com\\\/wp-content\\\/uploads\\\/2026\\\/04\\\/WhatsApp-Image-2026-04-27-at-18.04.44.jpeg\",\"contentUrl\":\"https:\\\/\\\/ppdegalicia.com\\\/wp-content\\\/uploads\\\/2026\\\/04\\\/WhatsApp-Image-2026-04-27-at-18.04.44.jpeg\",\"width\":1280,\"height\":853},{\"@type\":\"BreadcrumbList\",\"@id\":\"https:\\\/\\\/ppdegalicia.com\\\/es\\\/o-ppdeg-saca-musculo-da-estabilidade-e-boa-xestion-dos-gobernos-populares-a-un-ano-de-rematar-o-actual-mandato-municipal\\\/#breadcrumb\",\"itemListElement\":[{\"@type\":\"ListItem\",\"position\":1,\"name\":\"Portada\",\"item\":\"https:\\\/\\\/ppdegalicia.com\\\/es\\\/\"},{\"@type\":\"ListItem\",\"position\":2,\"name\":\"O PPdeG saca m\u00fasculo da \u201cestabilidade\u201d e \u201cboa xesti\u00f3n\u201d dos gobernos populares a un ano de rematar o actual mandato municipal\"}]},{\"@type\":\"WebSite\",\"@id\":\"https:\\\/\\\/ppdegalicia.com\\\/es\\\/#website\",\"url\":\"https:\\\/\\\/ppdegalicia.com\\\/es\\\/\",\"name\":\"Partido Popular de Galicia\",\"description\":\"Partido Popular de Galicia\",\"publisher\":{\"@id\":\"https:\\\/\\\/ppdegalicia.com\\\/es\\\/#organization\"},\"alternateName\":\"PP de Galicia\",\"potentialAction\":[{\"@type\":\"SearchAction\",\"target\":{\"@type\":\"EntryPoint\",\"urlTemplate\":\"https:\\\/\\\/ppdegalicia.com\\\/es\\\/?s={search_term_string}\"},\"query-input\":{\"@type\":\"PropertyValueSpecification\",\"valueRequired\":true,\"valueName\":\"search_term_string\"}}],\"inLanguage\":\"es\"},{\"@type\":\"Organization\",\"@id\":\"https:\\\/\\\/ppdegalicia.com\\\/es\\\/#organization\",\"name\":\"Partido Popular de Galicia\",\"alternateName\":\"PP de Galicia\",\"url\":\"https:\\\/\\\/ppdegalicia.com\\\/es\\\/\",\"logo\":{\"@type\":\"ImageObject\",\"inLanguage\":\"es\",\"@id\":\"https:\\\/\\\/ppdegalicia.com\\\/es\\\/#\\\/schema\\\/logo\\\/image\\\/\",\"url\":\"https:\\\/\\\/ppdegalicia.com\\\/wp-content\\\/uploads\\\/2023\\\/04\\\/logoPP512.png\",\"contentUrl\":\"https:\\\/\\\/ppdegalicia.com\\\/wp-content\\\/uploads\\\/2023\\\/04\\\/logoPP512.png\",\"width\":512,\"height\":512,\"caption\":\"Partido Popular de Galicia\"},\"image\":{\"@id\":\"https:\\\/\\\/ppdegalicia.com\\\/es\\\/#\\\/schema\\\/logo\\\/image\\\/\"},\"sameAs\":[\"https:\\\/\\\/www.instagram.com\\\/ppdegalicia\\\/\",\"https:\\\/\\\/x.com\\\/ppdegalicia\",\"https:\\\/\\\/www.tiktok.com\\\/@ppdegalicia\",\"https:\\\/\\\/www.youtube.com\\\/user\\\/ppdegalicia\"]},{\"@type\":\"Person\",\"@id\":\"https:\\\/\\\/ppdegalicia.com\\\/es\\\/#\\\/schema\\\/person\\\/5b822c6f59e872ebdd1142f307dbcb59\",\"name\":\"ppdegaliciaredes\",\"image\":{\"@type\":\"ImageObject\",\"inLanguage\":\"es\",\"@id\":\"https:\\\/\\\/secure.gravatar.com\\\/avatar\\\/3c9179cf0256d00c72a48d1f25783c58b6842cd56e85ef3a572881c8e28ccd59?s=96&d=mm&r=g\",\"url\":\"https:\\\/\\\/secure.gravatar.com\\\/avatar\\\/3c9179cf0256d00c72a48d1f25783c58b6842cd56e85ef3a572881c8e28ccd59?s=96&d=mm&r=g\",\"contentUrl\":\"https:\\\/\\\/secure.gravatar.com\\\/avatar\\\/3c9179cf0256d00c72a48d1f25783c58b6842cd56e85ef3a572881c8e28ccd59?s=96&d=mm&r=g\",\"caption\":\"ppdegaliciaredes\"},\"url\":\"https:\\\/\\\/ppdegalicia.com\\\/es\\\/author\\\/ppdegaliciaredes\\\/\"}]}<\/script>\n<!-- \/ Yoast SEO plugin. -->","yoast_head_json":{"title":"O PPdeG saca m\u00fasculo da \u201cestabilidade\u201d e \u201cboa xesti\u00f3n\u201d dos gobernos populares a un ano de rematar o actual mandato municipal - PP de Galicia","robots":{"index":"index","follow":"follow","max-snippet":"max-snippet:-1","max-image-preview":"max-image-preview:large","max-video-preview":"max-video-preview:-1"},"canonical":"https:\/\/ppdegalicia.com\/es\/o-ppdeg-saca-musculo-da-estabilidade-e-boa-xestion-dos-gobernos-populares-a-un-ano-de-rematar-o-actual-mandato-municipal\/","og_locale":"es_ES","og_type":"article","og_title":"O PPdeG saca m\u00fasculo da \u201cestabilidade\u201d e \u201cboa xesti\u00f3n\u201d dos gobernos populares a un ano de rematar o actual mandato municipal - PP de Galicia","og_description":"O PPdeG saca m\u00fasculo do apoio ao Partido Popular nas sete cidades galegas, a un ano de rematar este mandato municipal. \u201cContinuamos demostrando porque a gran maior\u00eda dos galegos e galegas confiaron en n\u00f3s\u201d, sinalou a secretaria xeral dos populares galegos, Paula Prado, logo de reunirse na sede auton\u00f3mica co Comit\u00e9 de Cidades do partido, [&hellip;]","og_url":"https:\/\/ppdegalicia.com\/es\/o-ppdeg-saca-musculo-da-estabilidade-e-boa-xestion-dos-gobernos-populares-a-un-ano-de-rematar-o-actual-mandato-municipal\/","og_site_name":"PP de Galicia","article_publisher":"https:\/\/www.instagram.com\/ppdegalicia\/","article_published_time":"2026-04-27T16:12:37+00:00","og_image":[{"width":1280,"height":853,"url":"https:\/\/ppdegalicia.com\/wp-content\/uploads\/2026\/04\/WhatsApp-Image-2026-04-27-at-18.04.44.jpeg","type":"image\/jpeg"}],"author":"ppdegaliciaredes","twitter_card":"summary_large_image","twitter_creator":"@ppdegalicia","twitter_site":"@ppdegalicia","twitter_misc":{"Escrito por":"ppdegaliciaredes","Tiempo de lectura":"4 minutos"},"schema":{"@context":"https:\/\/schema.org","@graph":[{"@type":"Article","@id":"https:\/\/ppdegalicia.com\/es\/o-ppdeg-saca-musculo-da-estabilidade-e-boa-xestion-dos-gobernos-populares-a-un-ano-de-rematar-o-actual-mandato-municipal\/#article","isPartOf":{"@id":"https:\/\/ppdegalicia.com\/es\/o-ppdeg-saca-musculo-da-estabilidade-e-boa-xestion-dos-gobernos-populares-a-un-ano-de-rematar-o-actual-mandato-municipal\/"},"author":{"name":"ppdegaliciaredes","@id":"https:\/\/ppdegalicia.com\/es\/#\/schema\/person\/5b822c6f59e872ebdd1142f307dbcb59"},"headline":"O PPdeG saca m\u00fasculo da \u201cestabilidade\u201d e \u201cboa xesti\u00f3n\u201d dos gobernos populares a un ano de rematar o actual mandato municipal","datePublished":"2026-04-27T16:12:37+00:00","mainEntityOfPage":{"@id":"https:\/\/ppdegalicia.com\/es\/o-ppdeg-saca-musculo-da-estabilidade-e-boa-xestion-dos-gobernos-populares-a-un-ano-de-rematar-o-actual-mandato-municipal\/"},"wordCount":717,"publisher":{"@id":"https:\/\/ppdegalicia.com\/es\/#organization"},"image":{"@id":"https:\/\/ppdegalicia.com\/es\/o-ppdeg-saca-musculo-da-estabilidade-e-boa-xestion-dos-gobernos-populares-a-un-ano-de-rematar-o-actual-mandato-municipal\/#primaryimage"},"thumbnailUrl":"https:\/\/ppdegalicia.com\/wp-content\/uploads\/2026\/04\/WhatsApp-Image-2026-04-27-at-18.04.44.jpeg","articleSection":["PP de Galicia"],"inLanguage":"es"},{"@type":"WebPage","@id":"https:\/\/ppdegalicia.com\/es\/o-ppdeg-saca-musculo-da-estabilidade-e-boa-xestion-dos-gobernos-populares-a-un-ano-de-rematar-o-actual-mandato-municipal\/","url":"https:\/\/ppdegalicia.com\/es\/o-ppdeg-saca-musculo-da-estabilidade-e-boa-xestion-dos-gobernos-populares-a-un-ano-de-rematar-o-actual-mandato-municipal\/","name":"O PPdeG saca m\u00fasculo da \u201cestabilidade\u201d e \u201cboa xesti\u00f3n\u201d dos gobernos populares a un ano de rematar o actual mandato municipal - PP de Galicia","isPartOf":{"@id":"https:\/\/ppdegalicia.com\/es\/#website"},"primaryImageOfPage":{"@id":"https:\/\/ppdegalicia.com\/es\/o-ppdeg-saca-musculo-da-estabilidade-e-boa-xestion-dos-gobernos-populares-a-un-ano-de-rematar-o-actual-mandato-municipal\/#primaryimage"},"image":{"@id":"https:\/\/ppdegalicia.com\/es\/o-ppdeg-saca-musculo-da-estabilidade-e-boa-xestion-dos-gobernos-populares-a-un-ano-de-rematar-o-actual-mandato-municipal\/#primaryimage"},"thumbnailUrl":"https:\/\/ppdegalicia.com\/wp-content\/uploads\/2026\/04\/WhatsApp-Image-2026-04-27-at-18.04.44.jpeg","datePublished":"2026-04-27T16:12:37+00:00","breadcrumb":{"@id":"https:\/\/ppdegalicia.com\/es\/o-ppdeg-saca-musculo-da-estabilidade-e-boa-xestion-dos-gobernos-populares-a-un-ano-de-rematar-o-actual-mandato-municipal\/#breadcrumb"},"inLanguage":"es","potentialAction":[{"@type":"ReadAction","target":["https:\/\/ppdegalicia.com\/es\/o-ppdeg-saca-musculo-da-estabilidade-e-boa-xestion-dos-gobernos-populares-a-un-ano-de-rematar-o-actual-mandato-municipal\/"]}]},{"@type":"ImageObject","inLanguage":"es","@id":"https:\/\/ppdegalicia.com\/es\/o-ppdeg-saca-musculo-da-estabilidade-e-boa-xestion-dos-gobernos-populares-a-un-ano-de-rematar-o-actual-mandato-municipal\/#primaryimage","url":"https:\/\/ppdegalicia.com\/wp-content\/uploads\/2026\/04\/WhatsApp-Image-2026-04-27-at-18.04.44.jpeg","contentUrl":"https:\/\/ppdegalicia.com\/wp-content\/uploads\/2026\/04\/WhatsApp-Image-2026-04-27-at-18.04.44.jpeg","width":1280,"height":853},{"@type":"BreadcrumbList","@id":"https:\/\/ppdegalicia.com\/es\/o-ppdeg-saca-musculo-da-estabilidade-e-boa-xestion-dos-gobernos-populares-a-un-ano-de-rematar-o-actual-mandato-municipal\/#breadcrumb","itemListElement":[{"@type":"ListItem","position":1,"name":"Portada","item":"https:\/\/ppdegalicia.com\/es\/"},{"@type":"ListItem","position":2,"name":"O PPdeG saca m\u00fasculo da \u201cestabilidade\u201d e \u201cboa xesti\u00f3n\u201d dos gobernos populares a un ano de rematar o actual mandato municipal"}]},{"@type":"WebSite","@id":"https:\/\/ppdegalicia.com\/es\/#website","url":"https:\/\/ppdegalicia.com\/es\/","name":"Partido Popular de Galicia","description":"Partido Popular de Galicia","publisher":{"@id":"https:\/\/ppdegalicia.com\/es\/#organization"},"alternateName":"PP de Galicia","potentialAction":[{"@type":"SearchAction","target":{"@type":"EntryPoint","urlTemplate":"https:\/\/ppdegalicia.com\/es\/?s={search_term_string}"},"query-input":{"@type":"PropertyValueSpecification","valueRequired":true,"valueName":"search_term_string"}}],"inLanguage":"es"},{"@type":"Organization","@id":"https:\/\/ppdegalicia.com\/es\/#organization","name":"Partido Popular de Galicia","alternateName":"PP de Galicia","url":"https:\/\/ppdegalicia.com\/es\/","logo":{"@type":"ImageObject","inLanguage":"es","@id":"https:\/\/ppdegalicia.com\/es\/#\/schema\/logo\/image\/","url":"https:\/\/ppdegalicia.com\/wp-content\/uploads\/2023\/04\/logoPP512.png","contentUrl":"https:\/\/ppdegalicia.com\/wp-content\/uploads\/2023\/04\/logoPP512.png","width":512,"height":512,"caption":"Partido Popular de Galicia"},"image":{"@id":"https:\/\/ppdegalicia.com\/es\/#\/schema\/logo\/image\/"},"sameAs":["https:\/\/www.instagram.com\/ppdegalicia\/","https:\/\/x.com\/ppdegalicia","https:\/\/www.tiktok.com\/@ppdegalicia","https:\/\/www.youtube.com\/user\/ppdegalicia"]},{"@type":"Person","@id":"https:\/\/ppdegalicia.com\/es\/#\/schema\/person\/5b822c6f59e872ebdd1142f307dbcb59","name":"ppdegaliciaredes","image":{"@type":"ImageObject","inLanguage":"es","@id":"https:\/\/secure.gravatar.com\/avatar\/3c9179cf0256d00c72a48d1f25783c58b6842cd56e85ef3a572881c8e28ccd59?s=96&d=mm&r=g","url":"https:\/\/secure.gravatar.com\/avatar\/3c9179cf0256d00c72a48d1f25783c58b6842cd56e85ef3a572881c8e28ccd59?s=96&d=mm&r=g","contentUrl":"https:\/\/secure.gravatar.com\/avatar\/3c9179cf0256d00c72a48d1f25783c58b6842cd56e85ef3a572881c8e28ccd59?s=96&d=mm&r=g","caption":"ppdegaliciaredes"},"url":"https:\/\/ppdegalicia.com\/es\/author\/ppdegaliciaredes\/"}]}},"_links":{"self":[{"href":"https:\/\/ppdegalicia.com\/es\/wp-json\/wp\/v2\/posts\/71034","targetHints":{"allow":["GET"]}}],"collection":[{"href":"https:\/\/ppdegalicia.com\/es\/wp-json\/wp\/v2\/posts"}],"about":[{"href":"https:\/\/ppdegalicia.com\/es\/wp-json\/wp\/v2\/types\/post"}],"author":[{"embeddable":true,"href":"https:\/\/ppdegalicia.com\/es\/wp-json\/wp\/v2\/users\/38"}],"replies":[{"embeddable":true,"href":"https:\/\/ppdegalicia.com\/es\/wp-json\/wp\/v2\/comments?post=71034"}],"version-history":[{"count":1,"href":"https:\/\/ppdegalicia.com\/es\/wp-json\/wp\/v2\/posts\/71034\/revisions"}],"predecessor-version":[{"id":71037,"href":"https:\/\/ppdegalicia.com\/es\/wp-json\/wp\/v2\/posts\/71034\/revisions\/71037"}],"wp:featuredmedia":[{"embeddable":true,"href":"https:\/\/ppdegalicia.com\/es\/wp-json\/wp\/v2\/media\/71035"}],"wp:attachment":[{"href":"https:\/\/ppdegalicia.com\/es\/wp-json\/wp\/v2\/media?parent=71034"}],"wp:term":[{"taxonomy":"category","embeddable":true,"href":"https:\/\/ppdegalicia.com\/es\/wp-json\/wp\/v2\/categories?post=71034"},{"taxonomy":"post_tag","embeddable":true,"href":"https:\/\/ppdegalicia.com\/es\/wp-json\/wp\/v2\/tags?post=71034"}],"curies":[{"name":"wp","href":"https:\/\/api.w.org\/{rel}","templated":true}]}}