{"id":71038,"date":"2026-04-28T10:10:50","date_gmt":"2026-04-28T09:10:50","guid":{"rendered":"https:\/\/ppdegalicia.com\/?p=71038"},"modified":"2026-04-28T10:10:50","modified_gmt":"2026-04-28T09:10:50","slug":"o-ppdeg-urxe-unha-alternativa-de-mobilidade-competitiva-para-os-milleiros-de-usuarios-do-servizo-ferroviario-entre-vigo-e-ourense","status":"publish","type":"post","link":"https:\/\/ppdegalicia.com\/es\/o-ppdeg-urxe-unha-alternativa-de-mobilidade-competitiva-para-os-milleiros-de-usuarios-do-servizo-ferroviario-entre-vigo-e-ourense\/","title":{"rendered":"O PPdeG urxe unha alternativa de mobilidade competitiva para os milleiros de usuarios do servizo ferroviario entre Vigo e Ourense"},"content":{"rendered":"<p>O PPdeG instou ao Goberno central a que adopte medidas urxentes para minimizar o impacto nos pasaxeiros das obras que se est\u00e1n a levar a cabo no tramo ferroviario entre Redondela e Guillarei. Un tramo que desde o pasado 7 de abril deixou de estar operativo, afectando \u00e1s conexi\u00f3ns entre Vigo e Guillarei e Guillarei e Ourense.<\/p>\n<p>Os parlamentarios auton\u00f3micos, Julio Garc\u00eda Comesa\u00f1a e Mois\u00e9s Rodr\u00edguez, tras salientar os contratempos que est\u00e1n a provocar estes traballos en milleiros de usuarios, incidiron nas importantes carencias de planificaci\u00f3n por parte do Ministerio de Transportes e Mobilidade Sostible, ao non prever ning\u00fan tipo de alternativas ferroviarias que permitan manter un servizo axeitado durante o per\u00edodo de obras, que se estima dun ano. Tal e como explicaron, a \u00fanica opci\u00f3n ofrecida por Adif \u00e9 o transporte en autob\u00fas \u2013que desde Vigo a Guillarei \u00e9 dunha hora- polo que consideraron urxente unha alternativa de mobilidade competitiva, no que se incl\u00faa frecuencias por tren suficientes.<\/p>\n<p>A conexi\u00f3n ferroviaria entre Vigo e Ourense, a trav\u00e9s do tramo Redondela-Guillarei, constit\u00fae unha infraestrutura estrat\u00e9xica para Galicia, tanto pola s\u00faa funci\u00f3n na vertebraci\u00f3n territorial como pola s\u00faa relevancia na conexi\u00f3n internacional con Portugal e no transporte de mercador\u00edas. De a\u00ed que reivindicaron a importancia destes traballos de modernizaci\u00f3n da li\u00f1a e, tam\u00e9n, da s\u00faa adaptaci\u00f3n aos est\u00e1ndares de electrificaci\u00f3n e capacidade vinculados ao Corredor Atl\u00e1ntico.<\/p>\n<p><strong>UN CALENDARIO DETALLADO DOS PRAZOS DE EXECUCI\u00d3N<\/strong><br \/>\nAmosaron a s\u00faa preocupaci\u00f3n, xa que esta actuaci\u00f3n non se limita ao tramo actualmente en execuci\u00f3n, sen\u00f3n que existen fases posteriores pendentes entre Guillarei e Ourense, o que poder\u00eda prolongar no tempo as afecci\u00f3ns ao servizo e consolidar unha situaci\u00f3n de deterioro da conexi\u00f3n ferroviaria.<\/p>\n<p>Ante a falta de informaci\u00f3n, os parlamentarios do PPdeG, reclamaron un calendario detallado, actualizado e transparente das obras na li\u00f1a Vigo-Ourense, inclu\u00edndo as fases previstas entre Guillarei e Ourense, as\u00ed como tam\u00e9n os prazos de execuci\u00f3n. E pediron que se acelere a redacci\u00f3n e execuci\u00f3n dos proxectos pendentes neste tramo, co obxectivo de evitar novas interrupci\u00f3n prolongadas no futuro.<\/p>\n<p>Durante a visita, os parlamentarios auton\u00f3micos, que estiveron acompa\u00f1ados do deputado nacional, Celso Delgado, a alcaldesa de Salvaterra, os portavoces de Tui e Salceda de Caselas e de varios representantes municipais de Vigo e O Porri\u00f1o; informaron de que o Grupo Popular rexistrou unha iniciativa no Parlamento de Galicia que recolle todas estas demandas.<\/p>\n","protected":false},"excerpt":{"rendered":"<p>O PPdeG instou ao Goberno central a que adopte medidas urxentes para minimizar o impacto nos pasaxeiros das obras que se est\u00e1n a levar a cabo no tramo ferroviario entre Redondela e Guillarei. Un tramo que desde o pasado 7 de abril deixou de estar operativo, afectando \u00e1s conexi\u00f3ns entre Vigo e Guillarei e Guillarei [&hellip;]<\/p>\n","protected":false},"author":38,"featured_media":71039,"comment_status":"closed","ping_status":"open","sticky":false,"template":"","format":"standard","meta":{"_acf_changed":false,"footnotes":""},"categories":[1128],"tags":[],"class_list":["post-71038","post","type-post","status-publish","format-standard","has-post-thumbnail","hentry","category-actualidad-parlamento-de-galicia"],"acf":[],"yoast_head":"<!-- This site is optimized with the Yoast SEO plugin v27.3 - https:\/\/yoast.com\/product\/yoast-seo-wordpress\/ -->\n<title>O PPdeG urxe unha alternativa de mobilidade competitiva para os milleiros de usuarios do servizo ferroviario entre Vigo e Ourense - PP de Galicia<\/title>\n<meta name=\"description\" content=\"O PPdeG instou ao Goberno central a que adopte medidas urxentes para minimizar o impacto nos pasaxeiros das obras que se est\u00e1n a levar a cabo no tramo ferroviario entre Redondela e Guillarei. Un tramo que desde o pasado 7 de abril deixou de estar operativo, afectando \u00e1s conexi\u00f3ns entre Vigo e Guillarei e Guillarei e Ourense.\" \/>\n<meta name=\"robots\" content=\"index, follow, max-snippet:-1, max-image-preview:large, max-video-preview:-1\" \/>\n<link rel=\"canonical\" href=\"https:\/\/ppdegalicia.com\/es\/o-ppdeg-urxe-unha-alternativa-de-mobilidade-competitiva-para-os-milleiros-de-usuarios-do-servizo-ferroviario-entre-vigo-e-ourense\/\" \/>\n<meta property=\"og:locale\" content=\"es_ES\" \/>\n<meta property=\"og:type\" content=\"article\" \/>\n<meta property=\"og:title\" content=\"O PPdeG urxe unha alternativa de mobilidade competitiva para os milleiros de usuarios do servizo ferroviario entre Vigo e Ourense - PP de Galicia\" \/>\n<meta property=\"og:description\" content=\"O PPdeG instou ao Goberno central a que adopte medidas urxentes para minimizar o impacto nos pasaxeiros das obras que se est\u00e1n a levar a cabo no tramo ferroviario entre Redondela e Guillarei. Un tramo que desde o pasado 7 de abril deixou de estar operativo, afectando \u00e1s conexi\u00f3ns entre Vigo e Guillarei e Guillarei e Ourense.\" \/>\n<meta property=\"og:url\" content=\"https:\/\/ppdegalicia.com\/es\/o-ppdeg-urxe-unha-alternativa-de-mobilidade-competitiva-para-os-milleiros-de-usuarios-do-servizo-ferroviario-entre-vigo-e-ourense\/\" \/>\n<meta property=\"og:site_name\" content=\"PP de Galicia\" \/>\n<meta property=\"article:publisher\" content=\"https:\/\/www.instagram.com\/ppdegalicia\/\" \/>\n<meta property=\"article:published_time\" content=\"2026-04-28T09:10:50+00:00\" \/>\n<meta property=\"og:image\" content=\"https:\/\/ppdegalicia.com\/wp-content\/uploads\/2026\/04\/20260428_GPP_AutobusObrasTren_EstacionGuillarei-_2_.jpg\" \/>\n\t<meta property=\"og:image:width\" content=\"1800\" \/>\n\t<meta property=\"og:image:height\" content=\"1200\" \/>\n\t<meta property=\"og:image:type\" content=\"image\/jpeg\" \/>\n<meta name=\"author\" content=\"ppdegaliciaredes\" \/>\n<meta name=\"twitter:card\" content=\"summary_large_image\" \/>\n<meta name=\"twitter:creator\" content=\"@ppdegalicia\" \/>\n<meta name=\"twitter:site\" content=\"@ppdegalicia\" \/>\n<meta name=\"twitter:label1\" content=\"Escrito por\" \/>\n\t<meta name=\"twitter:data1\" content=\"ppdegaliciaredes\" \/>\n\t<meta name=\"twitter:label2\" content=\"Tiempo de lectura\" \/>\n\t<meta name=\"twitter:data2\" content=\"3 minutos\" \/>\n<script type=\"application\/ld+json\" class=\"yoast-schema-graph\">{\"@context\":\"https:\\\/\\\/schema.org\",\"@graph\":[{\"@type\":\"Article\",\"@id\":\"https:\\\/\\\/ppdegalicia.com\\\/es\\\/o-ppdeg-urxe-unha-alternativa-de-mobilidade-competitiva-para-os-milleiros-de-usuarios-do-servizo-ferroviario-entre-vigo-e-ourense\\\/#article\",\"isPartOf\":{\"@id\":\"https:\\\/\\\/ppdegalicia.com\\\/es\\\/o-ppdeg-urxe-unha-alternativa-de-mobilidade-competitiva-para-os-milleiros-de-usuarios-do-servizo-ferroviario-entre-vigo-e-ourense\\\/\"},\"author\":{\"name\":\"ppdegaliciaredes\",\"@id\":\"https:\\\/\\\/ppdegalicia.com\\\/es\\\/#\\\/schema\\\/person\\\/5b822c6f59e872ebdd1142f307dbcb59\"},\"headline\":\"O PPdeG urxe unha alternativa de mobilidade competitiva para os milleiros de usuarios do servizo ferroviario entre Vigo e Ourense\",\"datePublished\":\"2026-04-28T09:10:50+00:00\",\"mainEntityOfPage\":{\"@id\":\"https:\\\/\\\/ppdegalicia.com\\\/es\\\/o-ppdeg-urxe-unha-alternativa-de-mobilidade-competitiva-para-os-milleiros-de-usuarios-do-servizo-ferroviario-entre-vigo-e-ourense\\\/\"},\"wordCount\":460,\"publisher\":{\"@id\":\"https:\\\/\\\/ppdegalicia.com\\\/es\\\/#organization\"},\"image\":{\"@id\":\"https:\\\/\\\/ppdegalicia.com\\\/es\\\/o-ppdeg-urxe-unha-alternativa-de-mobilidade-competitiva-para-os-milleiros-de-usuarios-do-servizo-ferroviario-entre-vigo-e-ourense\\\/#primaryimage\"},\"thumbnailUrl\":\"https:\\\/\\\/ppdegalicia.com\\\/wp-content\\\/uploads\\\/2026\\\/04\\\/20260428_GPP_AutobusObrasTren_EstacionGuillarei-_2_.jpg\",\"articleSection\":[\"Parlamento de Galicia\"],\"inLanguage\":\"es\"},{\"@type\":\"WebPage\",\"@id\":\"https:\\\/\\\/ppdegalicia.com\\\/es\\\/o-ppdeg-urxe-unha-alternativa-de-mobilidade-competitiva-para-os-milleiros-de-usuarios-do-servizo-ferroviario-entre-vigo-e-ourense\\\/\",\"url\":\"https:\\\/\\\/ppdegalicia.com\\\/es\\\/o-ppdeg-urxe-unha-alternativa-de-mobilidade-competitiva-para-os-milleiros-de-usuarios-do-servizo-ferroviario-entre-vigo-e-ourense\\\/\",\"name\":\"O PPdeG urxe unha alternativa de mobilidade competitiva para os milleiros de usuarios do servizo ferroviario entre Vigo e Ourense - PP de Galicia\",\"isPartOf\":{\"@id\":\"https:\\\/\\\/ppdegalicia.com\\\/es\\\/#website\"},\"primaryImageOfPage\":{\"@id\":\"https:\\\/\\\/ppdegalicia.com\\\/es\\\/o-ppdeg-urxe-unha-alternativa-de-mobilidade-competitiva-para-os-milleiros-de-usuarios-do-servizo-ferroviario-entre-vigo-e-ourense\\\/#primaryimage\"},\"image\":{\"@id\":\"https:\\\/\\\/ppdegalicia.com\\\/es\\\/o-ppdeg-urxe-unha-alternativa-de-mobilidade-competitiva-para-os-milleiros-de-usuarios-do-servizo-ferroviario-entre-vigo-e-ourense\\\/#primaryimage\"},\"thumbnailUrl\":\"https:\\\/\\\/ppdegalicia.com\\\/wp-content\\\/uploads\\\/2026\\\/04\\\/20260428_GPP_AutobusObrasTren_EstacionGuillarei-_2_.jpg\",\"datePublished\":\"2026-04-28T09:10:50+00:00\",\"description\":\"O PPdeG instou ao Goberno central a que adopte medidas urxentes para minimizar o impacto nos pasaxeiros das obras que se est\u00e1n a levar a cabo no tramo ferroviario entre Redondela e Guillarei. Un tramo que desde o pasado 7 de abril deixou de estar operativo, afectando \u00e1s conexi\u00f3ns entre Vigo e Guillarei e Guillarei e Ourense.\",\"breadcrumb\":{\"@id\":\"https:\\\/\\\/ppdegalicia.com\\\/es\\\/o-ppdeg-urxe-unha-alternativa-de-mobilidade-competitiva-para-os-milleiros-de-usuarios-do-servizo-ferroviario-entre-vigo-e-ourense\\\/#breadcrumb\"},\"inLanguage\":\"es\",\"potentialAction\":[{\"@type\":\"ReadAction\",\"target\":[\"https:\\\/\\\/ppdegalicia.com\\\/es\\\/o-ppdeg-urxe-unha-alternativa-de-mobilidade-competitiva-para-os-milleiros-de-usuarios-do-servizo-ferroviario-entre-vigo-e-ourense\\\/\"]}]},{\"@type\":\"ImageObject\",\"inLanguage\":\"es\",\"@id\":\"https:\\\/\\\/ppdegalicia.com\\\/es\\\/o-ppdeg-urxe-unha-alternativa-de-mobilidade-competitiva-para-os-milleiros-de-usuarios-do-servizo-ferroviario-entre-vigo-e-ourense\\\/#primaryimage\",\"url\":\"https:\\\/\\\/ppdegalicia.com\\\/wp-content\\\/uploads\\\/2026\\\/04\\\/20260428_GPP_AutobusObrasTren_EstacionGuillarei-_2_.jpg\",\"contentUrl\":\"https:\\\/\\\/ppdegalicia.com\\\/wp-content\\\/uploads\\\/2026\\\/04\\\/20260428_GPP_AutobusObrasTren_EstacionGuillarei-_2_.jpg\",\"width\":1800,\"height\":1200},{\"@type\":\"BreadcrumbList\",\"@id\":\"https:\\\/\\\/ppdegalicia.com\\\/es\\\/o-ppdeg-urxe-unha-alternativa-de-mobilidade-competitiva-para-os-milleiros-de-usuarios-do-servizo-ferroviario-entre-vigo-e-ourense\\\/#breadcrumb\",\"itemListElement\":[{\"@type\":\"ListItem\",\"position\":1,\"name\":\"Portada\",\"item\":\"https:\\\/\\\/ppdegalicia.com\\\/es\\\/\"},{\"@type\":\"ListItem\",\"position\":2,\"name\":\"O PPdeG urxe unha alternativa de mobilidade competitiva para os milleiros de usuarios do servizo ferroviario entre Vigo e Ourense\"}]},{\"@type\":\"WebSite\",\"@id\":\"https:\\\/\\\/ppdegalicia.com\\\/es\\\/#website\",\"url\":\"https:\\\/\\\/ppdegalicia.com\\\/es\\\/\",\"name\":\"Partido Popular de Galicia\",\"description\":\"Partido Popular de Galicia\",\"publisher\":{\"@id\":\"https:\\\/\\\/ppdegalicia.com\\\/es\\\/#organization\"},\"alternateName\":\"PP de Galicia\",\"potentialAction\":[{\"@type\":\"SearchAction\",\"target\":{\"@type\":\"EntryPoint\",\"urlTemplate\":\"https:\\\/\\\/ppdegalicia.com\\\/es\\\/?s={search_term_string}\"},\"query-input\":{\"@type\":\"PropertyValueSpecification\",\"valueRequired\":true,\"valueName\":\"search_term_string\"}}],\"inLanguage\":\"es\"},{\"@type\":\"Organization\",\"@id\":\"https:\\\/\\\/ppdegalicia.com\\\/es\\\/#organization\",\"name\":\"Partido Popular de Galicia\",\"alternateName\":\"PP de Galicia\",\"url\":\"https:\\\/\\\/ppdegalicia.com\\\/es\\\/\",\"logo\":{\"@type\":\"ImageObject\",\"inLanguage\":\"es\",\"@id\":\"https:\\\/\\\/ppdegalicia.com\\\/es\\\/#\\\/schema\\\/logo\\\/image\\\/\",\"url\":\"https:\\\/\\\/ppdegalicia.com\\\/wp-content\\\/uploads\\\/2023\\\/04\\\/logoPP512.png\",\"contentUrl\":\"https:\\\/\\\/ppdegalicia.com\\\/wp-content\\\/uploads\\\/2023\\\/04\\\/logoPP512.png\",\"width\":512,\"height\":512,\"caption\":\"Partido Popular de Galicia\"},\"image\":{\"@id\":\"https:\\\/\\\/ppdegalicia.com\\\/es\\\/#\\\/schema\\\/logo\\\/image\\\/\"},\"sameAs\":[\"https:\\\/\\\/www.instagram.com\\\/ppdegalicia\\\/\",\"https:\\\/\\\/x.com\\\/ppdegalicia\",\"https:\\\/\\\/www.tiktok.com\\\/@ppdegalicia\",\"https:\\\/\\\/www.youtube.com\\\/user\\\/ppdegalicia\"]},{\"@type\":\"Person\",\"@id\":\"https:\\\/\\\/ppdegalicia.com\\\/es\\\/#\\\/schema\\\/person\\\/5b822c6f59e872ebdd1142f307dbcb59\",\"name\":\"ppdegaliciaredes\",\"image\":{\"@type\":\"ImageObject\",\"inLanguage\":\"es\",\"@id\":\"https:\\\/\\\/secure.gravatar.com\\\/avatar\\\/3c9179cf0256d00c72a48d1f25783c58b6842cd56e85ef3a572881c8e28ccd59?s=96&d=mm&r=g\",\"url\":\"https:\\\/\\\/secure.gravatar.com\\\/avatar\\\/3c9179cf0256d00c72a48d1f25783c58b6842cd56e85ef3a572881c8e28ccd59?s=96&d=mm&r=g\",\"contentUrl\":\"https:\\\/\\\/secure.gravatar.com\\\/avatar\\\/3c9179cf0256d00c72a48d1f25783c58b6842cd56e85ef3a572881c8e28ccd59?s=96&d=mm&r=g\",\"caption\":\"ppdegaliciaredes\"},\"url\":\"https:\\\/\\\/ppdegalicia.com\\\/es\\\/author\\\/ppdegaliciaredes\\\/\"}]}<\/script>\n<!-- \/ Yoast SEO plugin. -->","yoast_head_json":{"title":"O PPdeG urxe unha alternativa de mobilidade competitiva para os milleiros de usuarios do servizo ferroviario entre Vigo e Ourense - PP de Galicia","description":"O PPdeG instou ao Goberno central a que adopte medidas urxentes para minimizar o impacto nos pasaxeiros das obras que se est\u00e1n a levar a cabo no tramo ferroviario entre Redondela e Guillarei. Un tramo que desde o pasado 7 de abril deixou de estar operativo, afectando \u00e1s conexi\u00f3ns entre Vigo e Guillarei e Guillarei e Ourense.","robots":{"index":"index","follow":"follow","max-snippet":"max-snippet:-1","max-image-preview":"max-image-preview:large","max-video-preview":"max-video-preview:-1"},"canonical":"https:\/\/ppdegalicia.com\/es\/o-ppdeg-urxe-unha-alternativa-de-mobilidade-competitiva-para-os-milleiros-de-usuarios-do-servizo-ferroviario-entre-vigo-e-ourense\/","og_locale":"es_ES","og_type":"article","og_title":"O PPdeG urxe unha alternativa de mobilidade competitiva para os milleiros de usuarios do servizo ferroviario entre Vigo e Ourense - PP de Galicia","og_description":"O PPdeG instou ao Goberno central a que adopte medidas urxentes para minimizar o impacto nos pasaxeiros das obras que se est\u00e1n a levar a cabo no tramo ferroviario entre Redondela e Guillarei. Un tramo que desde o pasado 7 de abril deixou de estar operativo, afectando \u00e1s conexi\u00f3ns entre Vigo e Guillarei e Guillarei e Ourense.","og_url":"https:\/\/ppdegalicia.com\/es\/o-ppdeg-urxe-unha-alternativa-de-mobilidade-competitiva-para-os-milleiros-de-usuarios-do-servizo-ferroviario-entre-vigo-e-ourense\/","og_site_name":"PP de Galicia","article_publisher":"https:\/\/www.instagram.com\/ppdegalicia\/","article_published_time":"2026-04-28T09:10:50+00:00","og_image":[{"width":1800,"height":1200,"url":"https:\/\/ppdegalicia.com\/wp-content\/uploads\/2026\/04\/20260428_GPP_AutobusObrasTren_EstacionGuillarei-_2_.jpg","type":"image\/jpeg"}],"author":"ppdegaliciaredes","twitter_card":"summary_large_image","twitter_creator":"@ppdegalicia","twitter_site":"@ppdegalicia","twitter_misc":{"Escrito por":"ppdegaliciaredes","Tiempo de lectura":"3 minutos"},"schema":{"@context":"https:\/\/schema.org","@graph":[{"@type":"Article","@id":"https:\/\/ppdegalicia.com\/es\/o-ppdeg-urxe-unha-alternativa-de-mobilidade-competitiva-para-os-milleiros-de-usuarios-do-servizo-ferroviario-entre-vigo-e-ourense\/#article","isPartOf":{"@id":"https:\/\/ppdegalicia.com\/es\/o-ppdeg-urxe-unha-alternativa-de-mobilidade-competitiva-para-os-milleiros-de-usuarios-do-servizo-ferroviario-entre-vigo-e-ourense\/"},"author":{"name":"ppdegaliciaredes","@id":"https:\/\/ppdegalicia.com\/es\/#\/schema\/person\/5b822c6f59e872ebdd1142f307dbcb59"},"headline":"O PPdeG urxe unha alternativa de mobilidade competitiva para os milleiros de usuarios do servizo ferroviario entre Vigo e Ourense","datePublished":"2026-04-28T09:10:50+00:00","mainEntityOfPage":{"@id":"https:\/\/ppdegalicia.com\/es\/o-ppdeg-urxe-unha-alternativa-de-mobilidade-competitiva-para-os-milleiros-de-usuarios-do-servizo-ferroviario-entre-vigo-e-ourense\/"},"wordCount":460,"publisher":{"@id":"https:\/\/ppdegalicia.com\/es\/#organization"},"image":{"@id":"https:\/\/ppdegalicia.com\/es\/o-ppdeg-urxe-unha-alternativa-de-mobilidade-competitiva-para-os-milleiros-de-usuarios-do-servizo-ferroviario-entre-vigo-e-ourense\/#primaryimage"},"thumbnailUrl":"https:\/\/ppdegalicia.com\/wp-content\/uploads\/2026\/04\/20260428_GPP_AutobusObrasTren_EstacionGuillarei-_2_.jpg","articleSection":["Parlamento de Galicia"],"inLanguage":"es"},{"@type":"WebPage","@id":"https:\/\/ppdegalicia.com\/es\/o-ppdeg-urxe-unha-alternativa-de-mobilidade-competitiva-para-os-milleiros-de-usuarios-do-servizo-ferroviario-entre-vigo-e-ourense\/","url":"https:\/\/ppdegalicia.com\/es\/o-ppdeg-urxe-unha-alternativa-de-mobilidade-competitiva-para-os-milleiros-de-usuarios-do-servizo-ferroviario-entre-vigo-e-ourense\/","name":"O PPdeG urxe unha alternativa de mobilidade competitiva para os milleiros de usuarios do servizo ferroviario entre Vigo e Ourense - PP de Galicia","isPartOf":{"@id":"https:\/\/ppdegalicia.com\/es\/#website"},"primaryImageOfPage":{"@id":"https:\/\/ppdegalicia.com\/es\/o-ppdeg-urxe-unha-alternativa-de-mobilidade-competitiva-para-os-milleiros-de-usuarios-do-servizo-ferroviario-entre-vigo-e-ourense\/#primaryimage"},"image":{"@id":"https:\/\/ppdegalicia.com\/es\/o-ppdeg-urxe-unha-alternativa-de-mobilidade-competitiva-para-os-milleiros-de-usuarios-do-servizo-ferroviario-entre-vigo-e-ourense\/#primaryimage"},"thumbnailUrl":"https:\/\/ppdegalicia.com\/wp-content\/uploads\/2026\/04\/20260428_GPP_AutobusObrasTren_EstacionGuillarei-_2_.jpg","datePublished":"2026-04-28T09:10:50+00:00","description":"O PPdeG instou ao Goberno central a que adopte medidas urxentes para minimizar o impacto nos pasaxeiros das obras que se est\u00e1n a levar a cabo no tramo ferroviario entre Redondela e Guillarei. Un tramo que desde o pasado 7 de abril deixou de estar operativo, afectando \u00e1s conexi\u00f3ns entre Vigo e Guillarei e Guillarei e Ourense.","breadcrumb":{"@id":"https:\/\/ppdegalicia.com\/es\/o-ppdeg-urxe-unha-alternativa-de-mobilidade-competitiva-para-os-milleiros-de-usuarios-do-servizo-ferroviario-entre-vigo-e-ourense\/#breadcrumb"},"inLanguage":"es","potentialAction":[{"@type":"ReadAction","target":["https:\/\/ppdegalicia.com\/es\/o-ppdeg-urxe-unha-alternativa-de-mobilidade-competitiva-para-os-milleiros-de-usuarios-do-servizo-ferroviario-entre-vigo-e-ourense\/"]}]},{"@type":"ImageObject","inLanguage":"es","@id":"https:\/\/ppdegalicia.com\/es\/o-ppdeg-urxe-unha-alternativa-de-mobilidade-competitiva-para-os-milleiros-de-usuarios-do-servizo-ferroviario-entre-vigo-e-ourense\/#primaryimage","url":"https:\/\/ppdegalicia.com\/wp-content\/uploads\/2026\/04\/20260428_GPP_AutobusObrasTren_EstacionGuillarei-_2_.jpg","contentUrl":"https:\/\/ppdegalicia.com\/wp-content\/uploads\/2026\/04\/20260428_GPP_AutobusObrasTren_EstacionGuillarei-_2_.jpg","width":1800,"height":1200},{"@type":"BreadcrumbList","@id":"https:\/\/ppdegalicia.com\/es\/o-ppdeg-urxe-unha-alternativa-de-mobilidade-competitiva-para-os-milleiros-de-usuarios-do-servizo-ferroviario-entre-vigo-e-ourense\/#breadcrumb","itemListElement":[{"@type":"ListItem","position":1,"name":"Portada","item":"https:\/\/ppdegalicia.com\/es\/"},{"@type":"ListItem","position":2,"name":"O PPdeG urxe unha alternativa de mobilidade competitiva para os milleiros de usuarios do servizo ferroviario entre Vigo e Ourense"}]},{"@type":"WebSite","@id":"https:\/\/ppdegalicia.com\/es\/#website","url":"https:\/\/ppdegalicia.com\/es\/","name":"Partido Popular de Galicia","description":"Partido Popular de Galicia","publisher":{"@id":"https:\/\/ppdegalicia.com\/es\/#organization"},"alternateName":"PP de Galicia","potentialAction":[{"@type":"SearchAction","target":{"@type":"EntryPoint","urlTemplate":"https:\/\/ppdegalicia.com\/es\/?s={search_term_string}"},"query-input":{"@type":"PropertyValueSpecification","valueRequired":true,"valueName":"search_term_string"}}],"inLanguage":"es"},{"@type":"Organization","@id":"https:\/\/ppdegalicia.com\/es\/#organization","name":"Partido Popular de Galicia","alternateName":"PP de Galicia","url":"https:\/\/ppdegalicia.com\/es\/","logo":{"@type":"ImageObject","inLanguage":"es","@id":"https:\/\/ppdegalicia.com\/es\/#\/schema\/logo\/image\/","url":"https:\/\/ppdegalicia.com\/wp-content\/uploads\/2023\/04\/logoPP512.png","contentUrl":"https:\/\/ppdegalicia.com\/wp-content\/uploads\/2023\/04\/logoPP512.png","width":512,"height":512,"caption":"Partido Popular de Galicia"},"image":{"@id":"https:\/\/ppdegalicia.com\/es\/#\/schema\/logo\/image\/"},"sameAs":["https:\/\/www.instagram.com\/ppdegalicia\/","https:\/\/x.com\/ppdegalicia","https:\/\/www.tiktok.com\/@ppdegalicia","https:\/\/www.youtube.com\/user\/ppdegalicia"]},{"@type":"Person","@id":"https:\/\/ppdegalicia.com\/es\/#\/schema\/person\/5b822c6f59e872ebdd1142f307dbcb59","name":"ppdegaliciaredes","image":{"@type":"ImageObject","inLanguage":"es","@id":"https:\/\/secure.gravatar.com\/avatar\/3c9179cf0256d00c72a48d1f25783c58b6842cd56e85ef3a572881c8e28ccd59?s=96&d=mm&r=g","url":"https:\/\/secure.gravatar.com\/avatar\/3c9179cf0256d00c72a48d1f25783c58b6842cd56e85ef3a572881c8e28ccd59?s=96&d=mm&r=g","contentUrl":"https:\/\/secure.gravatar.com\/avatar\/3c9179cf0256d00c72a48d1f25783c58b6842cd56e85ef3a572881c8e28ccd59?s=96&d=mm&r=g","caption":"ppdegaliciaredes"},"url":"https:\/\/ppdegalicia.com\/es\/author\/ppdegaliciaredes\/"}]}},"_links":{"self":[{"href":"https:\/\/ppdegalicia.com\/es\/wp-json\/wp\/v2\/posts\/71038","targetHints":{"allow":["GET"]}}],"collection":[{"href":"https:\/\/ppdegalicia.com\/es\/wp-json\/wp\/v2\/posts"}],"about":[{"href":"https:\/\/ppdegalicia.com\/es\/wp-json\/wp\/v2\/types\/post"}],"author":[{"embeddable":true,"href":"https:\/\/ppdegalicia.com\/es\/wp-json\/wp\/v2\/users\/38"}],"replies":[{"embeddable":true,"href":"https:\/\/ppdegalicia.com\/es\/wp-json\/wp\/v2\/comments?post=71038"}],"version-history":[{"count":1,"href":"https:\/\/ppdegalicia.com\/es\/wp-json\/wp\/v2\/posts\/71038\/revisions"}],"predecessor-version":[{"id":71041,"href":"https:\/\/ppdegalicia.com\/es\/wp-json\/wp\/v2\/posts\/71038\/revisions\/71041"}],"wp:featuredmedia":[{"embeddable":true,"href":"https:\/\/ppdegalicia.com\/es\/wp-json\/wp\/v2\/media\/71039"}],"wp:attachment":[{"href":"https:\/\/ppdegalicia.com\/es\/wp-json\/wp\/v2\/media?parent=71038"}],"wp:term":[{"taxonomy":"category","embeddable":true,"href":"https:\/\/ppdegalicia.com\/es\/wp-json\/wp\/v2\/categories?post=71038"},{"taxonomy":"post_tag","embeddable":true,"href":"https:\/\/ppdegalicia.com\/es\/wp-json\/wp\/v2\/tags?post=71038"}],"curies":[{"name":"wp","href":"https:\/\/api.w.org\/{rel}","templated":true}]}}