{"id":71042,"date":"2026-04-28T13:50:43","date_gmt":"2026-04-28T12:50:43","guid":{"rendered":"https:\/\/ppdegalicia.com\/?p=71042"},"modified":"2026-04-28T13:50:43","modified_gmt":"2026-04-28T12:50:43","slug":"o-ppdeg-urxe-ao-executivo-de-pedro-sanchez-a-sentarse-cos-sindicatos-e-chegar-a-unha-solucion-na-reforma-do-estatuto-marco-de-sanidade","status":"publish","type":"post","link":"https:\/\/ppdegalicia.com\/es\/o-ppdeg-urxe-ao-executivo-de-pedro-sanchez-a-sentarse-cos-sindicatos-e-chegar-a-unha-solucion-na-reforma-do-estatuto-marco-de-sanidade\/","title":{"rendered":"O PPdeG urxe ao Executivo de Pedro S\u00e1nchez a sentarse cos sindicatos e chegar a unha soluci\u00f3n na reforma do Estatuto Marco de sanidade"},"content":{"rendered":"<p>O portavoz do Grupo Parlamentario do PPdeG, Alberto Pazos, salientou, hoxe, a urxencia de que o Goberno central se sente cos sindicatos para acabar coas folgas que est\u00e1n a paralizar o Sistema Nacional de Sa\u00fade: \u201c\u00c9 hora de sentarse a solucionar o problema, non de agravalo\u201d.<\/p>\n<p>\u201cNon pode pasar un minuto m\u00e1is sen que se adopten medidas\u201d, indicou Pazos, quen amosou a s\u00faa preocupaci\u00f3n por como as mobilizaci\u00f3ns est\u00e1n a afectar tanto \u00e1 organizaci\u00f3n e planificaci\u00f3n das axendas asistenciais como \u00e1 atenci\u00f3n que reciben os pacientes. Neste punto, apuntou aos case 200.000 actos m\u00e9dicos suspendidos. As\u00ed, reclamou m\u00e1is vontade de di\u00e1logo do Executivo de Pedro S\u00e1nchez por chegar a un acordo na reforma do Estatuto Marco de Sanidade.<\/p>\n<p>Alberto Pazos pediu, tam\u00e9n, ao Goberno central a que informe do n\u00famero de vivendas que, nos \u00faltimos cinco anos, leva constru\u00eddas en Galicia. As\u00ed, fixo referencia a unha recente entrevista da ministra de Vivenda e Axenda Urbana na que aseguraba a entrega de 100.000 das 180.000 vivendas prometidas por Pedro S\u00e1nchez, durante a campa\u00f1a electoral. Para Pazos, \u201cesta afirmaci\u00f3n contrasta coa realidade\u201d, por iso, a proposici\u00f3n non de lei do Grupo Popular fai fincap\u00e9 en co\u00f1ecer \u201conde est\u00e1n esas vivendas e cando se fixo a entrega de chaves\u201d. \u201cEstar\u00eda ben \u2013engadiu- que se nos informara se existen de verdade\u201d.<\/p>\n<p><strong>NIN UNHA SOA MEDIDA EFECTIVA DO GOBERNO CENTRAL<\/strong><br \/>\nPor outra banda, o Grupo Popular preguntar\u00e1 polo acordo acadado entre o Goberno galego e os sindicatos do ensino, no que se incl\u00faen melloras para a etapa secundaria e que po\u00f1en o foco nas ratios, na atenci\u00f3n \u00e1 diversidade ou no horario docente. Tal e como sinalou, a previsi\u00f3n \u00e9 que estas propostas de mellora se comecen a aplicar o pr\u00f3ximo curso.<\/p>\n<p>Asemade, preguntar\u00e1 pola negativa da Administraci\u00f3n central a financiar a gratuidade da educaci\u00f3n entre os 0-3 anos, xa que \u201cningu\u00e9n sabe nada\u201d do programa de gratuidade, anunciado para o pasado mes de xaneiro. \u201cM\u00e1is e m\u00e1is promesas incumpridas, m\u00e1is e m\u00e1is atrasos, e nin unha soa medida efectiva\u201d, lamentou. E interesarase pola aprobaci\u00f3n do novo decreto que institucionaliza o Di\u00e1logo Social en Galicia.<\/p>\n<p>Para rematar, informou da comparecencia, a petici\u00f3n propia, da conselleira de Econom\u00eda e Industria para dar conta das li\u00f1as de actuaci\u00f3n da pol\u00edtica industrial e enerx\u00e9tica de Galicia.<\/p>\n<p><strong>UN ANO DO APAG\u00d3N<\/strong><br \/>\n\u201cTal d\u00eda como hoxe, hai un ano, Espa\u00f1a enteira fund\u00edase a negro. Unha das doce econom\u00edas m\u00e1is grandes do mundo retroced\u00eda, en escasos segundos, \u00e1 Idade Media\u201d, dixo Alberto Pazos, ao tempo que denunciou que, un ano despois, \u201cningu\u00e9n asumira responsabilidade pol\u00edtica algunha\u201d.<\/p>\n","protected":false},"excerpt":{"rendered":"<p>O portavoz do Grupo Parlamentario do PPdeG, Alberto Pazos, salientou, hoxe, a urxencia de que o Goberno central se sente cos sindicatos para acabar coas folgas que est\u00e1n a paralizar o Sistema Nacional de Sa\u00fade: \u201c\u00c9 hora de sentarse a solucionar o problema, non de agravalo\u201d. \u201cNon pode pasar un minuto m\u00e1is sen que se [&hellip;]<\/p>\n","protected":false},"author":38,"featured_media":71043,"comment_status":"closed","ping_status":"open","sticky":false,"template":"","format":"standard","meta":{"_acf_changed":false,"footnotes":""},"categories":[1128],"tags":[],"class_list":["post-71042","post","type-post","status-publish","format-standard","has-post-thumbnail","hentry","category-actualidad-parlamento-de-galicia"],"acf":[],"yoast_head":"<!-- This site is optimized with the Yoast SEO plugin v27.3 - https:\/\/yoast.com\/product\/yoast-seo-wordpress\/ -->\n<title>O PPdeG urxe ao Executivo de Pedro S\u00e1nchez a sentarse cos sindicatos e chegar a unha soluci\u00f3n na reforma do Estatuto Marco de sanidade - PP de Galicia<\/title>\n<meta name=\"description\" content=\"O portavoz do Grupo Parlamentario do PPdeG, Alberto Pazos, salientou, hoxe, a urxencia de que o Goberno central se sente cos sindicatos para acabar coas folgas que est\u00e1n a paralizar o Sistema Nacional de Sa\u00fade: \u201c\u00c9 hora de sentarse a solucionar o problema, non de agravalo\u201d.\" \/>\n<meta name=\"robots\" content=\"index, follow, max-snippet:-1, max-image-preview:large, max-video-preview:-1\" \/>\n<link rel=\"canonical\" href=\"https:\/\/ppdegalicia.com\/es\/o-ppdeg-urxe-ao-executivo-de-pedro-sanchez-a-sentarse-cos-sindicatos-e-chegar-a-unha-solucion-na-reforma-do-estatuto-marco-de-sanidade\/\" \/>\n<meta property=\"og:locale\" content=\"es_ES\" \/>\n<meta property=\"og:type\" content=\"article\" \/>\n<meta property=\"og:title\" content=\"O PPdeG urxe ao Executivo de Pedro S\u00e1nchez a sentarse cos sindicatos e chegar a unha soluci\u00f3n na reforma do Estatuto Marco de sanidade - PP de Galicia\" \/>\n<meta property=\"og:description\" content=\"O portavoz do Grupo Parlamentario do PPdeG, Alberto Pazos, salientou, hoxe, a urxencia de que o Goberno central se sente cos sindicatos para acabar coas folgas que est\u00e1n a paralizar o Sistema Nacional de Sa\u00fade: \u201c\u00c9 hora de sentarse a solucionar o problema, non de agravalo\u201d.\" \/>\n<meta property=\"og:url\" content=\"https:\/\/ppdegalicia.com\/es\/o-ppdeg-urxe-ao-executivo-de-pedro-sanchez-a-sentarse-cos-sindicatos-e-chegar-a-unha-solucion-na-reforma-do-estatuto-marco-de-sanidade\/\" \/>\n<meta property=\"og:site_name\" content=\"PP de Galicia\" \/>\n<meta property=\"article:publisher\" content=\"https:\/\/www.instagram.com\/ppdegalicia\/\" \/>\n<meta property=\"article:published_time\" content=\"2026-04-28T12:50:43+00:00\" \/>\n<meta property=\"og:image\" content=\"https:\/\/ppdegalicia.com\/wp-content\/uploads\/2026\/04\/20260428_Xunta_Portavoces5-scaled.jpg\" \/>\n\t<meta property=\"og:image:width\" content=\"2560\" \/>\n\t<meta property=\"og:image:height\" content=\"1707\" \/>\n\t<meta property=\"og:image:type\" content=\"image\/jpeg\" \/>\n<meta name=\"author\" content=\"ppdegaliciaredes\" \/>\n<meta name=\"twitter:card\" content=\"summary_large_image\" \/>\n<meta name=\"twitter:creator\" content=\"@ppdegalicia\" \/>\n<meta name=\"twitter:site\" content=\"@ppdegalicia\" \/>\n<meta name=\"twitter:label1\" content=\"Escrito por\" \/>\n\t<meta name=\"twitter:data1\" content=\"ppdegaliciaredes\" \/>\n\t<meta name=\"twitter:label2\" content=\"Tiempo de lectura\" \/>\n\t<meta name=\"twitter:data2\" content=\"3 minutos\" \/>\n<script type=\"application\/ld+json\" class=\"yoast-schema-graph\">{\"@context\":\"https:\\\/\\\/schema.org\",\"@graph\":[{\"@type\":\"Article\",\"@id\":\"https:\\\/\\\/ppdegalicia.com\\\/es\\\/o-ppdeg-urxe-ao-executivo-de-pedro-sanchez-a-sentarse-cos-sindicatos-e-chegar-a-unha-solucion-na-reforma-do-estatuto-marco-de-sanidade\\\/#article\",\"isPartOf\":{\"@id\":\"https:\\\/\\\/ppdegalicia.com\\\/es\\\/o-ppdeg-urxe-ao-executivo-de-pedro-sanchez-a-sentarse-cos-sindicatos-e-chegar-a-unha-solucion-na-reforma-do-estatuto-marco-de-sanidade\\\/\"},\"author\":{\"name\":\"ppdegaliciaredes\",\"@id\":\"https:\\\/\\\/ppdegalicia.com\\\/es\\\/#\\\/schema\\\/person\\\/5b822c6f59e872ebdd1142f307dbcb59\"},\"headline\":\"O PPdeG urxe ao Executivo de Pedro S\u00e1nchez a sentarse cos sindicatos e chegar a unha soluci\u00f3n na reforma do Estatuto Marco de sanidade\",\"datePublished\":\"2026-04-28T12:50:43+00:00\",\"mainEntityOfPage\":{\"@id\":\"https:\\\/\\\/ppdegalicia.com\\\/es\\\/o-ppdeg-urxe-ao-executivo-de-pedro-sanchez-a-sentarse-cos-sindicatos-e-chegar-a-unha-solucion-na-reforma-do-estatuto-marco-de-sanidade\\\/\"},\"wordCount\":495,\"publisher\":{\"@id\":\"https:\\\/\\\/ppdegalicia.com\\\/es\\\/#organization\"},\"image\":{\"@id\":\"https:\\\/\\\/ppdegalicia.com\\\/es\\\/o-ppdeg-urxe-ao-executivo-de-pedro-sanchez-a-sentarse-cos-sindicatos-e-chegar-a-unha-solucion-na-reforma-do-estatuto-marco-de-sanidade\\\/#primaryimage\"},\"thumbnailUrl\":\"https:\\\/\\\/ppdegalicia.com\\\/wp-content\\\/uploads\\\/2026\\\/04\\\/20260428_Xunta_Portavoces5-scaled.jpg\",\"articleSection\":[\"Parlamento de Galicia\"],\"inLanguage\":\"es\"},{\"@type\":\"WebPage\",\"@id\":\"https:\\\/\\\/ppdegalicia.com\\\/es\\\/o-ppdeg-urxe-ao-executivo-de-pedro-sanchez-a-sentarse-cos-sindicatos-e-chegar-a-unha-solucion-na-reforma-do-estatuto-marco-de-sanidade\\\/\",\"url\":\"https:\\\/\\\/ppdegalicia.com\\\/es\\\/o-ppdeg-urxe-ao-executivo-de-pedro-sanchez-a-sentarse-cos-sindicatos-e-chegar-a-unha-solucion-na-reforma-do-estatuto-marco-de-sanidade\\\/\",\"name\":\"O PPdeG urxe ao Executivo de Pedro S\u00e1nchez a sentarse cos sindicatos e chegar a unha soluci\u00f3n na reforma do Estatuto Marco de sanidade - PP de Galicia\",\"isPartOf\":{\"@id\":\"https:\\\/\\\/ppdegalicia.com\\\/es\\\/#website\"},\"primaryImageOfPage\":{\"@id\":\"https:\\\/\\\/ppdegalicia.com\\\/es\\\/o-ppdeg-urxe-ao-executivo-de-pedro-sanchez-a-sentarse-cos-sindicatos-e-chegar-a-unha-solucion-na-reforma-do-estatuto-marco-de-sanidade\\\/#primaryimage\"},\"image\":{\"@id\":\"https:\\\/\\\/ppdegalicia.com\\\/es\\\/o-ppdeg-urxe-ao-executivo-de-pedro-sanchez-a-sentarse-cos-sindicatos-e-chegar-a-unha-solucion-na-reforma-do-estatuto-marco-de-sanidade\\\/#primaryimage\"},\"thumbnailUrl\":\"https:\\\/\\\/ppdegalicia.com\\\/wp-content\\\/uploads\\\/2026\\\/04\\\/20260428_Xunta_Portavoces5-scaled.jpg\",\"datePublished\":\"2026-04-28T12:50:43+00:00\",\"description\":\"O portavoz do Grupo Parlamentario do PPdeG, Alberto Pazos, salientou, hoxe, a urxencia de que o Goberno central se sente cos sindicatos para acabar coas folgas que est\u00e1n a paralizar o Sistema Nacional de Sa\u00fade: \u201c\u00c9 hora de sentarse a solucionar o problema, non de agravalo\u201d.\",\"breadcrumb\":{\"@id\":\"https:\\\/\\\/ppdegalicia.com\\\/es\\\/o-ppdeg-urxe-ao-executivo-de-pedro-sanchez-a-sentarse-cos-sindicatos-e-chegar-a-unha-solucion-na-reforma-do-estatuto-marco-de-sanidade\\\/#breadcrumb\"},\"inLanguage\":\"es\",\"potentialAction\":[{\"@type\":\"ReadAction\",\"target\":[\"https:\\\/\\\/ppdegalicia.com\\\/es\\\/o-ppdeg-urxe-ao-executivo-de-pedro-sanchez-a-sentarse-cos-sindicatos-e-chegar-a-unha-solucion-na-reforma-do-estatuto-marco-de-sanidade\\\/\"]}]},{\"@type\":\"ImageObject\",\"inLanguage\":\"es\",\"@id\":\"https:\\\/\\\/ppdegalicia.com\\\/es\\\/o-ppdeg-urxe-ao-executivo-de-pedro-sanchez-a-sentarse-cos-sindicatos-e-chegar-a-unha-solucion-na-reforma-do-estatuto-marco-de-sanidade\\\/#primaryimage\",\"url\":\"https:\\\/\\\/ppdegalicia.com\\\/wp-content\\\/uploads\\\/2026\\\/04\\\/20260428_Xunta_Portavoces5-scaled.jpg\",\"contentUrl\":\"https:\\\/\\\/ppdegalicia.com\\\/wp-content\\\/uploads\\\/2026\\\/04\\\/20260428_Xunta_Portavoces5-scaled.jpg\",\"width\":2560,\"height\":1707},{\"@type\":\"BreadcrumbList\",\"@id\":\"https:\\\/\\\/ppdegalicia.com\\\/es\\\/o-ppdeg-urxe-ao-executivo-de-pedro-sanchez-a-sentarse-cos-sindicatos-e-chegar-a-unha-solucion-na-reforma-do-estatuto-marco-de-sanidade\\\/#breadcrumb\",\"itemListElement\":[{\"@type\":\"ListItem\",\"position\":1,\"name\":\"Portada\",\"item\":\"https:\\\/\\\/ppdegalicia.com\\\/es\\\/\"},{\"@type\":\"ListItem\",\"position\":2,\"name\":\"O PPdeG urxe ao Executivo de Pedro S\u00e1nchez a sentarse cos sindicatos e chegar a unha soluci\u00f3n na reforma do Estatuto Marco de sanidade\"}]},{\"@type\":\"WebSite\",\"@id\":\"https:\\\/\\\/ppdegalicia.com\\\/es\\\/#website\",\"url\":\"https:\\\/\\\/ppdegalicia.com\\\/es\\\/\",\"name\":\"Partido Popular de Galicia\",\"description\":\"Partido Popular de Galicia\",\"publisher\":{\"@id\":\"https:\\\/\\\/ppdegalicia.com\\\/es\\\/#organization\"},\"alternateName\":\"PP de Galicia\",\"potentialAction\":[{\"@type\":\"SearchAction\",\"target\":{\"@type\":\"EntryPoint\",\"urlTemplate\":\"https:\\\/\\\/ppdegalicia.com\\\/es\\\/?s={search_term_string}\"},\"query-input\":{\"@type\":\"PropertyValueSpecification\",\"valueRequired\":true,\"valueName\":\"search_term_string\"}}],\"inLanguage\":\"es\"},{\"@type\":\"Organization\",\"@id\":\"https:\\\/\\\/ppdegalicia.com\\\/es\\\/#organization\",\"name\":\"Partido Popular de Galicia\",\"alternateName\":\"PP de Galicia\",\"url\":\"https:\\\/\\\/ppdegalicia.com\\\/es\\\/\",\"logo\":{\"@type\":\"ImageObject\",\"inLanguage\":\"es\",\"@id\":\"https:\\\/\\\/ppdegalicia.com\\\/es\\\/#\\\/schema\\\/logo\\\/image\\\/\",\"url\":\"https:\\\/\\\/ppdegalicia.com\\\/wp-content\\\/uploads\\\/2023\\\/04\\\/logoPP512.png\",\"contentUrl\":\"https:\\\/\\\/ppdegalicia.com\\\/wp-content\\\/uploads\\\/2023\\\/04\\\/logoPP512.png\",\"width\":512,\"height\":512,\"caption\":\"Partido Popular de Galicia\"},\"image\":{\"@id\":\"https:\\\/\\\/ppdegalicia.com\\\/es\\\/#\\\/schema\\\/logo\\\/image\\\/\"},\"sameAs\":[\"https:\\\/\\\/www.instagram.com\\\/ppdegalicia\\\/\",\"https:\\\/\\\/x.com\\\/ppdegalicia\",\"https:\\\/\\\/www.tiktok.com\\\/@ppdegalicia\",\"https:\\\/\\\/www.youtube.com\\\/user\\\/ppdegalicia\"]},{\"@type\":\"Person\",\"@id\":\"https:\\\/\\\/ppdegalicia.com\\\/es\\\/#\\\/schema\\\/person\\\/5b822c6f59e872ebdd1142f307dbcb59\",\"name\":\"ppdegaliciaredes\",\"image\":{\"@type\":\"ImageObject\",\"inLanguage\":\"es\",\"@id\":\"https:\\\/\\\/secure.gravatar.com\\\/avatar\\\/3c9179cf0256d00c72a48d1f25783c58b6842cd56e85ef3a572881c8e28ccd59?s=96&d=mm&r=g\",\"url\":\"https:\\\/\\\/secure.gravatar.com\\\/avatar\\\/3c9179cf0256d00c72a48d1f25783c58b6842cd56e85ef3a572881c8e28ccd59?s=96&d=mm&r=g\",\"contentUrl\":\"https:\\\/\\\/secure.gravatar.com\\\/avatar\\\/3c9179cf0256d00c72a48d1f25783c58b6842cd56e85ef3a572881c8e28ccd59?s=96&d=mm&r=g\",\"caption\":\"ppdegaliciaredes\"},\"url\":\"https:\\\/\\\/ppdegalicia.com\\\/es\\\/author\\\/ppdegaliciaredes\\\/\"}]}<\/script>\n<!-- \/ Yoast SEO plugin. -->","yoast_head_json":{"title":"O PPdeG urxe ao Executivo de Pedro S\u00e1nchez a sentarse cos sindicatos e chegar a unha soluci\u00f3n na reforma do Estatuto Marco de sanidade - PP de Galicia","description":"O portavoz do Grupo Parlamentario do PPdeG, Alberto Pazos, salientou, hoxe, a urxencia de que o Goberno central se sente cos sindicatos para acabar coas folgas que est\u00e1n a paralizar o Sistema Nacional de Sa\u00fade: \u201c\u00c9 hora de sentarse a solucionar o problema, non de agravalo\u201d.","robots":{"index":"index","follow":"follow","max-snippet":"max-snippet:-1","max-image-preview":"max-image-preview:large","max-video-preview":"max-video-preview:-1"},"canonical":"https:\/\/ppdegalicia.com\/es\/o-ppdeg-urxe-ao-executivo-de-pedro-sanchez-a-sentarse-cos-sindicatos-e-chegar-a-unha-solucion-na-reforma-do-estatuto-marco-de-sanidade\/","og_locale":"es_ES","og_type":"article","og_title":"O PPdeG urxe ao Executivo de Pedro S\u00e1nchez a sentarse cos sindicatos e chegar a unha soluci\u00f3n na reforma do Estatuto Marco de sanidade - PP de Galicia","og_description":"O portavoz do Grupo Parlamentario do PPdeG, Alberto Pazos, salientou, hoxe, a urxencia de que o Goberno central se sente cos sindicatos para acabar coas folgas que est\u00e1n a paralizar o Sistema Nacional de Sa\u00fade: \u201c\u00c9 hora de sentarse a solucionar o problema, non de agravalo\u201d.","og_url":"https:\/\/ppdegalicia.com\/es\/o-ppdeg-urxe-ao-executivo-de-pedro-sanchez-a-sentarse-cos-sindicatos-e-chegar-a-unha-solucion-na-reforma-do-estatuto-marco-de-sanidade\/","og_site_name":"PP de Galicia","article_publisher":"https:\/\/www.instagram.com\/ppdegalicia\/","article_published_time":"2026-04-28T12:50:43+00:00","og_image":[{"width":2560,"height":1707,"url":"https:\/\/ppdegalicia.com\/wp-content\/uploads\/2026\/04\/20260428_Xunta_Portavoces5-scaled.jpg","type":"image\/jpeg"}],"author":"ppdegaliciaredes","twitter_card":"summary_large_image","twitter_creator":"@ppdegalicia","twitter_site":"@ppdegalicia","twitter_misc":{"Escrito por":"ppdegaliciaredes","Tiempo de lectura":"3 minutos"},"schema":{"@context":"https:\/\/schema.org","@graph":[{"@type":"Article","@id":"https:\/\/ppdegalicia.com\/es\/o-ppdeg-urxe-ao-executivo-de-pedro-sanchez-a-sentarse-cos-sindicatos-e-chegar-a-unha-solucion-na-reforma-do-estatuto-marco-de-sanidade\/#article","isPartOf":{"@id":"https:\/\/ppdegalicia.com\/es\/o-ppdeg-urxe-ao-executivo-de-pedro-sanchez-a-sentarse-cos-sindicatos-e-chegar-a-unha-solucion-na-reforma-do-estatuto-marco-de-sanidade\/"},"author":{"name":"ppdegaliciaredes","@id":"https:\/\/ppdegalicia.com\/es\/#\/schema\/person\/5b822c6f59e872ebdd1142f307dbcb59"},"headline":"O PPdeG urxe ao Executivo de Pedro S\u00e1nchez a sentarse cos sindicatos e chegar a unha soluci\u00f3n na reforma do Estatuto Marco de sanidade","datePublished":"2026-04-28T12:50:43+00:00","mainEntityOfPage":{"@id":"https:\/\/ppdegalicia.com\/es\/o-ppdeg-urxe-ao-executivo-de-pedro-sanchez-a-sentarse-cos-sindicatos-e-chegar-a-unha-solucion-na-reforma-do-estatuto-marco-de-sanidade\/"},"wordCount":495,"publisher":{"@id":"https:\/\/ppdegalicia.com\/es\/#organization"},"image":{"@id":"https:\/\/ppdegalicia.com\/es\/o-ppdeg-urxe-ao-executivo-de-pedro-sanchez-a-sentarse-cos-sindicatos-e-chegar-a-unha-solucion-na-reforma-do-estatuto-marco-de-sanidade\/#primaryimage"},"thumbnailUrl":"https:\/\/ppdegalicia.com\/wp-content\/uploads\/2026\/04\/20260428_Xunta_Portavoces5-scaled.jpg","articleSection":["Parlamento de Galicia"],"inLanguage":"es"},{"@type":"WebPage","@id":"https:\/\/ppdegalicia.com\/es\/o-ppdeg-urxe-ao-executivo-de-pedro-sanchez-a-sentarse-cos-sindicatos-e-chegar-a-unha-solucion-na-reforma-do-estatuto-marco-de-sanidade\/","url":"https:\/\/ppdegalicia.com\/es\/o-ppdeg-urxe-ao-executivo-de-pedro-sanchez-a-sentarse-cos-sindicatos-e-chegar-a-unha-solucion-na-reforma-do-estatuto-marco-de-sanidade\/","name":"O PPdeG urxe ao Executivo de Pedro S\u00e1nchez a sentarse cos sindicatos e chegar a unha soluci\u00f3n na reforma do Estatuto Marco de sanidade - PP de Galicia","isPartOf":{"@id":"https:\/\/ppdegalicia.com\/es\/#website"},"primaryImageOfPage":{"@id":"https:\/\/ppdegalicia.com\/es\/o-ppdeg-urxe-ao-executivo-de-pedro-sanchez-a-sentarse-cos-sindicatos-e-chegar-a-unha-solucion-na-reforma-do-estatuto-marco-de-sanidade\/#primaryimage"},"image":{"@id":"https:\/\/ppdegalicia.com\/es\/o-ppdeg-urxe-ao-executivo-de-pedro-sanchez-a-sentarse-cos-sindicatos-e-chegar-a-unha-solucion-na-reforma-do-estatuto-marco-de-sanidade\/#primaryimage"},"thumbnailUrl":"https:\/\/ppdegalicia.com\/wp-content\/uploads\/2026\/04\/20260428_Xunta_Portavoces5-scaled.jpg","datePublished":"2026-04-28T12:50:43+00:00","description":"O portavoz do Grupo Parlamentario do PPdeG, Alberto Pazos, salientou, hoxe, a urxencia de que o Goberno central se sente cos sindicatos para acabar coas folgas que est\u00e1n a paralizar o Sistema Nacional de Sa\u00fade: \u201c\u00c9 hora de sentarse a solucionar o problema, non de agravalo\u201d.","breadcrumb":{"@id":"https:\/\/ppdegalicia.com\/es\/o-ppdeg-urxe-ao-executivo-de-pedro-sanchez-a-sentarse-cos-sindicatos-e-chegar-a-unha-solucion-na-reforma-do-estatuto-marco-de-sanidade\/#breadcrumb"},"inLanguage":"es","potentialAction":[{"@type":"ReadAction","target":["https:\/\/ppdegalicia.com\/es\/o-ppdeg-urxe-ao-executivo-de-pedro-sanchez-a-sentarse-cos-sindicatos-e-chegar-a-unha-solucion-na-reforma-do-estatuto-marco-de-sanidade\/"]}]},{"@type":"ImageObject","inLanguage":"es","@id":"https:\/\/ppdegalicia.com\/es\/o-ppdeg-urxe-ao-executivo-de-pedro-sanchez-a-sentarse-cos-sindicatos-e-chegar-a-unha-solucion-na-reforma-do-estatuto-marco-de-sanidade\/#primaryimage","url":"https:\/\/ppdegalicia.com\/wp-content\/uploads\/2026\/04\/20260428_Xunta_Portavoces5-scaled.jpg","contentUrl":"https:\/\/ppdegalicia.com\/wp-content\/uploads\/2026\/04\/20260428_Xunta_Portavoces5-scaled.jpg","width":2560,"height":1707},{"@type":"BreadcrumbList","@id":"https:\/\/ppdegalicia.com\/es\/o-ppdeg-urxe-ao-executivo-de-pedro-sanchez-a-sentarse-cos-sindicatos-e-chegar-a-unha-solucion-na-reforma-do-estatuto-marco-de-sanidade\/#breadcrumb","itemListElement":[{"@type":"ListItem","position":1,"name":"Portada","item":"https:\/\/ppdegalicia.com\/es\/"},{"@type":"ListItem","position":2,"name":"O PPdeG urxe ao Executivo de Pedro S\u00e1nchez a sentarse cos sindicatos e chegar a unha soluci\u00f3n na reforma do Estatuto Marco de sanidade"}]},{"@type":"WebSite","@id":"https:\/\/ppdegalicia.com\/es\/#website","url":"https:\/\/ppdegalicia.com\/es\/","name":"Partido Popular de Galicia","description":"Partido Popular de Galicia","publisher":{"@id":"https:\/\/ppdegalicia.com\/es\/#organization"},"alternateName":"PP de Galicia","potentialAction":[{"@type":"SearchAction","target":{"@type":"EntryPoint","urlTemplate":"https:\/\/ppdegalicia.com\/es\/?s={search_term_string}"},"query-input":{"@type":"PropertyValueSpecification","valueRequired":true,"valueName":"search_term_string"}}],"inLanguage":"es"},{"@type":"Organization","@id":"https:\/\/ppdegalicia.com\/es\/#organization","name":"Partido Popular de Galicia","alternateName":"PP de Galicia","url":"https:\/\/ppdegalicia.com\/es\/","logo":{"@type":"ImageObject","inLanguage":"es","@id":"https:\/\/ppdegalicia.com\/es\/#\/schema\/logo\/image\/","url":"https:\/\/ppdegalicia.com\/wp-content\/uploads\/2023\/04\/logoPP512.png","contentUrl":"https:\/\/ppdegalicia.com\/wp-content\/uploads\/2023\/04\/logoPP512.png","width":512,"height":512,"caption":"Partido Popular de Galicia"},"image":{"@id":"https:\/\/ppdegalicia.com\/es\/#\/schema\/logo\/image\/"},"sameAs":["https:\/\/www.instagram.com\/ppdegalicia\/","https:\/\/x.com\/ppdegalicia","https:\/\/www.tiktok.com\/@ppdegalicia","https:\/\/www.youtube.com\/user\/ppdegalicia"]},{"@type":"Person","@id":"https:\/\/ppdegalicia.com\/es\/#\/schema\/person\/5b822c6f59e872ebdd1142f307dbcb59","name":"ppdegaliciaredes","image":{"@type":"ImageObject","inLanguage":"es","@id":"https:\/\/secure.gravatar.com\/avatar\/3c9179cf0256d00c72a48d1f25783c58b6842cd56e85ef3a572881c8e28ccd59?s=96&d=mm&r=g","url":"https:\/\/secure.gravatar.com\/avatar\/3c9179cf0256d00c72a48d1f25783c58b6842cd56e85ef3a572881c8e28ccd59?s=96&d=mm&r=g","contentUrl":"https:\/\/secure.gravatar.com\/avatar\/3c9179cf0256d00c72a48d1f25783c58b6842cd56e85ef3a572881c8e28ccd59?s=96&d=mm&r=g","caption":"ppdegaliciaredes"},"url":"https:\/\/ppdegalicia.com\/es\/author\/ppdegaliciaredes\/"}]}},"_links":{"self":[{"href":"https:\/\/ppdegalicia.com\/es\/wp-json\/wp\/v2\/posts\/71042","targetHints":{"allow":["GET"]}}],"collection":[{"href":"https:\/\/ppdegalicia.com\/es\/wp-json\/wp\/v2\/posts"}],"about":[{"href":"https:\/\/ppdegalicia.com\/es\/wp-json\/wp\/v2\/types\/post"}],"author":[{"embeddable":true,"href":"https:\/\/ppdegalicia.com\/es\/wp-json\/wp\/v2\/users\/38"}],"replies":[{"embeddable":true,"href":"https:\/\/ppdegalicia.com\/es\/wp-json\/wp\/v2\/comments?post=71042"}],"version-history":[{"count":1,"href":"https:\/\/ppdegalicia.com\/es\/wp-json\/wp\/v2\/posts\/71042\/revisions"}],"predecessor-version":[{"id":71045,"href":"https:\/\/ppdegalicia.com\/es\/wp-json\/wp\/v2\/posts\/71042\/revisions\/71045"}],"wp:featuredmedia":[{"embeddable":true,"href":"https:\/\/ppdegalicia.com\/es\/wp-json\/wp\/v2\/media\/71043"}],"wp:attachment":[{"href":"https:\/\/ppdegalicia.com\/es\/wp-json\/wp\/v2\/media?parent=71042"}],"wp:term":[{"taxonomy":"category","embeddable":true,"href":"https:\/\/ppdegalicia.com\/es\/wp-json\/wp\/v2\/categories?post=71042"},{"taxonomy":"post_tag","embeddable":true,"href":"https:\/\/ppdegalicia.com\/es\/wp-json\/wp\/v2\/tags?post=71042"}],"curies":[{"name":"wp","href":"https:\/\/api.w.org\/{rel}","templated":true}]}}