{"id":71046,"date":"2026-04-28T17:26:22","date_gmt":"2026-04-28T16:26:22","guid":{"rendered":"https:\/\/ppdegalicia.com\/?p=71046"},"modified":"2026-04-28T17:26:22","modified_gmt":"2026-04-28T16:26:22","slug":"o-ppdeg-no-senado-esixe-ao-goberno-central-que-actue-de-inmediato-para-eximir-de-cotizacions-as-mariscadoras-afectadas-polos-temporais","status":"publish","type":"post","link":"https:\/\/ppdegalicia.com\/es\/o-ppdeg-no-senado-esixe-ao-goberno-central-que-actue-de-inmediato-para-eximir-de-cotizacions-as-mariscadoras-afectadas-polos-temporais\/","title":{"rendered":"O PPdeG no Senado esixe ao Goberno central que act\u00fae \u201cde inmediato\u201d para eximir de cotizaci\u00f3ns \u00e1s mariscadoras afectadas polos temporais"},"content":{"rendered":"<p style=\"font-weight: 400;\">O Partido Popular logrou aprobar hoxe na Comisi\u00f3n de Pesca do Senado unha iniciativa clave en defensa do sector marisqueiro, que reclama ao Goberno de Espa\u00f1a a exenci\u00f3n temporal das cotizaci\u00f3ns \u00e1 Seguridade Social para os mariscadores e mariscadoras a p\u00e9 en situaci\u00f3n de inactividade forzosa. A iniciativa foi defendida polo senador lucense Jos\u00e9 Manuel Balseiro, quen denunciou a \u201cinxustiza evidente\u201d que sofren milleiros de traballadores do mar, obrigados a seguir pagando as s\u00faas cotas mesmo cando non poden traballar por causas alleas \u00e1 s\u00faa vontade e reclamou ao Goberno de S\u00e1nchez que act\u00fae \u201cde inmediato\u201d.<\/p>\n<p style=\"font-weight: 400;\">Durante a s\u00faa intervenci\u00f3n, Balseiro criticou a \u201cinacci\u00f3n\u201d do Goberno de Pedro S\u00e1nchez, lembrando que o Goberno galego solicitou formalmente o pasado 13 de marzo a exoneraci\u00f3n destas cotizaci\u00f3ns sen obter resposta ningunha ata o momento. \u201cNon admite m\u00e1is atrasos, nin m\u00e1is escusas, nin m\u00e1is titulares baleiros. Falamos de xustiza e de dignidade\u201d, subli\u00f1ou.<\/p>\n<p style=\"font-weight: 400;\"><strong><u>\u201cO EXECUTIVO CENTRAL NON ACHEGOU NIN UN S\u00d3 EURO\u201d<\/u><\/strong><\/p>\n<p style=\"font-weight: 400;\">O senador popular puxo o foco na gravidade da situaci\u00f3n vivida en 2026, con oito borrascas consecutivas que provocaron o peche dos bancos marisqueiros, a suspensi\u00f3n da actividade e a perda total de ingresos para centos de profesionais, na s\u00faa maior\u00eda mulleres. Fronte a isto, denunciou que o Executivo central \u201cnon achegou nin un s\u00f3 euro\u201d, mentres segue esixindo o pago de cotas a quen non pode traballar.<\/p>\n<p style=\"font-weight: 400;\">A iniciativa aprobada -cos votos a favor do PP e do PNV, coa abstenci\u00f3n do PSOE e a falta de asistencia do BNG- reclama a exenci\u00f3n das cotizaci\u00f3ns durante os per\u00edodos de inactividade derivados de causas de forza maior, que estes per\u00edodos computen como cotizados e que se estude a retroactividade da medida, inclu\u00edndo a devoluci\u00f3n das cotas xa aboadas.<\/p>\n<p style=\"font-weight: 400;\">Dende o PP ins\u00edstese en que se trata dunha medida \u201cxusta, viable e de sentido com\u00fan\u201d, que xa conta con precedentes noutros sectores, e ac\u00fasase ao Goberno de \u201cchegar tarde ou, directamente, non chegar\u201d.<\/p>\n<p style=\"font-weight: 400;\">\u201cHoxe o Senado falou claro. Agora t\u00f3calle ao Goberno deixar de estudar e comezar a resolver\u201d, conclu\u00edu Balseiro, quen advertiu de que \u201cnon se pode seguir castigando a quen sost\u00e9n o litoral e as econom\u00edas locais\u201d.<\/p>\n","protected":false},"excerpt":{"rendered":"<p>O Partido Popular logrou aprobar hoxe na Comisi\u00f3n de Pesca do Senado unha iniciativa clave en defensa do sector marisqueiro, que reclama ao Goberno de Espa\u00f1a a exenci\u00f3n temporal das cotizaci\u00f3ns \u00e1 Seguridade Social para os mariscadores e mariscadoras a p\u00e9 en situaci\u00f3n de inactividade forzosa. A iniciativa foi defendida polo senador lucense Jos\u00e9 Manuel [&hellip;]<\/p>\n","protected":false},"author":38,"featured_media":71047,"comment_status":"closed","ping_status":"open","sticky":false,"template":"","format":"standard","meta":{"_acf_changed":false,"footnotes":""},"categories":[2387],"tags":[],"class_list":["post-71046","post","type-post","status-publish","format-standard","has-post-thumbnail","hentry","category-actualidad-cortes-generales"],"acf":[],"yoast_head":"<!-- This site is optimized with the Yoast SEO plugin v27.3 - https:\/\/yoast.com\/product\/yoast-seo-wordpress\/ -->\n<title>O PPdeG no Senado esixe ao Goberno central que act\u00fae \u201cde inmediato\u201d para eximir de cotizaci\u00f3ns \u00e1s mariscadoras afectadas polos temporais - PP de Galicia<\/title>\n<meta name=\"description\" content=\"O Partido Popular logrou aprobar hoxe na Comisi\u00f3n de Pesca do Senado unha iniciativa clave en defensa do sector marisqueiro, que reclama ao Goberno de Espa\u00f1a a exenci\u00f3n temporal das cotizaci\u00f3ns \u00e1 Seguridade Social para os mariscadores e mariscadoras a p\u00e9 en situaci\u00f3n de inactividade forzosa. A iniciativa foi defendida polo senador lucense Jos\u00e9 Manuel Balseiro, quen denunciou a \u201cinxustiza evidente\u201d que sofren milleiros de traballadores do mar, obrigados a seguir pagando as s\u00faas cotas mesmo cando non poden traballar por causas alleas \u00e1 s\u00faa vontade e reclamou ao Goberno de S\u00e1nchez que act\u00fae \u201cde inmediato\u201d.\" \/>\n<meta name=\"robots\" content=\"index, follow, max-snippet:-1, max-image-preview:large, max-video-preview:-1\" \/>\n<link rel=\"canonical\" href=\"https:\/\/ppdegalicia.com\/es\/o-ppdeg-no-senado-esixe-ao-goberno-central-que-actue-de-inmediato-para-eximir-de-cotizacions-as-mariscadoras-afectadas-polos-temporais\/\" \/>\n<meta property=\"og:locale\" content=\"es_ES\" \/>\n<meta property=\"og:type\" content=\"article\" \/>\n<meta property=\"og:title\" content=\"O PPdeG no Senado esixe ao Goberno central que act\u00fae \u201cde inmediato\u201d para eximir de cotizaci\u00f3ns \u00e1s mariscadoras afectadas polos temporais - PP de Galicia\" \/>\n<meta property=\"og:description\" content=\"O Partido Popular logrou aprobar hoxe na Comisi\u00f3n de Pesca do Senado unha iniciativa clave en defensa do sector marisqueiro, que reclama ao Goberno de Espa\u00f1a a exenci\u00f3n temporal das cotizaci\u00f3ns \u00e1 Seguridade Social para os mariscadores e mariscadoras a p\u00e9 en situaci\u00f3n de inactividade forzosa. A iniciativa foi defendida polo senador lucense Jos\u00e9 Manuel Balseiro, quen denunciou a \u201cinxustiza evidente\u201d que sofren milleiros de traballadores do mar, obrigados a seguir pagando as s\u00faas cotas mesmo cando non poden traballar por causas alleas \u00e1 s\u00faa vontade e reclamou ao Goberno de S\u00e1nchez que act\u00fae \u201cde inmediato\u201d.\" \/>\n<meta property=\"og:url\" content=\"https:\/\/ppdegalicia.com\/es\/o-ppdeg-no-senado-esixe-ao-goberno-central-que-actue-de-inmediato-para-eximir-de-cotizacions-as-mariscadoras-afectadas-polos-temporais\/\" \/>\n<meta property=\"og:site_name\" content=\"PP de Galicia\" \/>\n<meta property=\"article:publisher\" content=\"https:\/\/www.instagram.com\/ppdegalicia\/\" \/>\n<meta property=\"article:published_time\" content=\"2026-04-28T16:26:22+00:00\" \/>\n<meta property=\"og:image\" content=\"https:\/\/ppdegalicia.com\/wp-content\/uploads\/2026\/04\/JMBalseiro_Senado_recurso.jpg\" \/>\n\t<meta property=\"og:image:width\" content=\"2048\" \/>\n\t<meta property=\"og:image:height\" content=\"1365\" \/>\n\t<meta property=\"og:image:type\" content=\"image\/jpeg\" \/>\n<meta name=\"author\" content=\"ppdegaliciaredes\" \/>\n<meta name=\"twitter:card\" content=\"summary_large_image\" \/>\n<meta name=\"twitter:creator\" content=\"@ppdegalicia\" \/>\n<meta name=\"twitter:site\" content=\"@ppdegalicia\" \/>\n<meta name=\"twitter:label1\" content=\"Escrito por\" \/>\n\t<meta name=\"twitter:data1\" content=\"ppdegaliciaredes\" \/>\n\t<meta name=\"twitter:label2\" content=\"Tiempo de lectura\" \/>\n\t<meta name=\"twitter:data2\" content=\"3 minutos\" \/>\n<script type=\"application\/ld+json\" class=\"yoast-schema-graph\">{\"@context\":\"https:\\\/\\\/schema.org\",\"@graph\":[{\"@type\":\"Article\",\"@id\":\"https:\\\/\\\/ppdegalicia.com\\\/es\\\/o-ppdeg-no-senado-esixe-ao-goberno-central-que-actue-de-inmediato-para-eximir-de-cotizacions-as-mariscadoras-afectadas-polos-temporais\\\/#article\",\"isPartOf\":{\"@id\":\"https:\\\/\\\/ppdegalicia.com\\\/es\\\/o-ppdeg-no-senado-esixe-ao-goberno-central-que-actue-de-inmediato-para-eximir-de-cotizacions-as-mariscadoras-afectadas-polos-temporais\\\/\"},\"author\":{\"name\":\"ppdegaliciaredes\",\"@id\":\"https:\\\/\\\/ppdegalicia.com\\\/es\\\/#\\\/schema\\\/person\\\/5b822c6f59e872ebdd1142f307dbcb59\"},\"headline\":\"O PPdeG no Senado esixe ao Goberno central que act\u00fae \u201cde inmediato\u201d para eximir de cotizaci\u00f3ns \u00e1s mariscadoras afectadas polos temporais\",\"datePublished\":\"2026-04-28T16:26:22+00:00\",\"mainEntityOfPage\":{\"@id\":\"https:\\\/\\\/ppdegalicia.com\\\/es\\\/o-ppdeg-no-senado-esixe-ao-goberno-central-que-actue-de-inmediato-para-eximir-de-cotizacions-as-mariscadoras-afectadas-polos-temporais\\\/\"},\"wordCount\":413,\"publisher\":{\"@id\":\"https:\\\/\\\/ppdegalicia.com\\\/es\\\/#organization\"},\"image\":{\"@id\":\"https:\\\/\\\/ppdegalicia.com\\\/es\\\/o-ppdeg-no-senado-esixe-ao-goberno-central-que-actue-de-inmediato-para-eximir-de-cotizacions-as-mariscadoras-afectadas-polos-temporais\\\/#primaryimage\"},\"thumbnailUrl\":\"https:\\\/\\\/ppdegalicia.com\\\/wp-content\\\/uploads\\\/2026\\\/04\\\/JMBalseiro_Senado_recurso.jpg\",\"articleSection\":[\"Cortes Generales\"],\"inLanguage\":\"es\"},{\"@type\":\"WebPage\",\"@id\":\"https:\\\/\\\/ppdegalicia.com\\\/es\\\/o-ppdeg-no-senado-esixe-ao-goberno-central-que-actue-de-inmediato-para-eximir-de-cotizacions-as-mariscadoras-afectadas-polos-temporais\\\/\",\"url\":\"https:\\\/\\\/ppdegalicia.com\\\/es\\\/o-ppdeg-no-senado-esixe-ao-goberno-central-que-actue-de-inmediato-para-eximir-de-cotizacions-as-mariscadoras-afectadas-polos-temporais\\\/\",\"name\":\"O PPdeG no Senado esixe ao Goberno central que act\u00fae \u201cde inmediato\u201d para eximir de cotizaci\u00f3ns \u00e1s mariscadoras afectadas polos temporais - PP de Galicia\",\"isPartOf\":{\"@id\":\"https:\\\/\\\/ppdegalicia.com\\\/es\\\/#website\"},\"primaryImageOfPage\":{\"@id\":\"https:\\\/\\\/ppdegalicia.com\\\/es\\\/o-ppdeg-no-senado-esixe-ao-goberno-central-que-actue-de-inmediato-para-eximir-de-cotizacions-as-mariscadoras-afectadas-polos-temporais\\\/#primaryimage\"},\"image\":{\"@id\":\"https:\\\/\\\/ppdegalicia.com\\\/es\\\/o-ppdeg-no-senado-esixe-ao-goberno-central-que-actue-de-inmediato-para-eximir-de-cotizacions-as-mariscadoras-afectadas-polos-temporais\\\/#primaryimage\"},\"thumbnailUrl\":\"https:\\\/\\\/ppdegalicia.com\\\/wp-content\\\/uploads\\\/2026\\\/04\\\/JMBalseiro_Senado_recurso.jpg\",\"datePublished\":\"2026-04-28T16:26:22+00:00\",\"description\":\"O Partido Popular logrou aprobar hoxe na Comisi\u00f3n de Pesca do Senado unha iniciativa clave en defensa do sector marisqueiro, que reclama ao Goberno de Espa\u00f1a a exenci\u00f3n temporal das cotizaci\u00f3ns \u00e1 Seguridade Social para os mariscadores e mariscadoras a p\u00e9 en situaci\u00f3n de inactividade forzosa. A iniciativa foi defendida polo senador lucense Jos\u00e9 Manuel Balseiro, quen denunciou a \u201cinxustiza evidente\u201d que sofren milleiros de traballadores do mar, obrigados a seguir pagando as s\u00faas cotas mesmo cando non poden traballar por causas alleas \u00e1 s\u00faa vontade e reclamou ao Goberno de S\u00e1nchez que act\u00fae \u201cde inmediato\u201d.\",\"breadcrumb\":{\"@id\":\"https:\\\/\\\/ppdegalicia.com\\\/es\\\/o-ppdeg-no-senado-esixe-ao-goberno-central-que-actue-de-inmediato-para-eximir-de-cotizacions-as-mariscadoras-afectadas-polos-temporais\\\/#breadcrumb\"},\"inLanguage\":\"es\",\"potentialAction\":[{\"@type\":\"ReadAction\",\"target\":[\"https:\\\/\\\/ppdegalicia.com\\\/es\\\/o-ppdeg-no-senado-esixe-ao-goberno-central-que-actue-de-inmediato-para-eximir-de-cotizacions-as-mariscadoras-afectadas-polos-temporais\\\/\"]}]},{\"@type\":\"ImageObject\",\"inLanguage\":\"es\",\"@id\":\"https:\\\/\\\/ppdegalicia.com\\\/es\\\/o-ppdeg-no-senado-esixe-ao-goberno-central-que-actue-de-inmediato-para-eximir-de-cotizacions-as-mariscadoras-afectadas-polos-temporais\\\/#primaryimage\",\"url\":\"https:\\\/\\\/ppdegalicia.com\\\/wp-content\\\/uploads\\\/2026\\\/04\\\/JMBalseiro_Senado_recurso.jpg\",\"contentUrl\":\"https:\\\/\\\/ppdegalicia.com\\\/wp-content\\\/uploads\\\/2026\\\/04\\\/JMBalseiro_Senado_recurso.jpg\",\"width\":2048,\"height\":1365},{\"@type\":\"BreadcrumbList\",\"@id\":\"https:\\\/\\\/ppdegalicia.com\\\/es\\\/o-ppdeg-no-senado-esixe-ao-goberno-central-que-actue-de-inmediato-para-eximir-de-cotizacions-as-mariscadoras-afectadas-polos-temporais\\\/#breadcrumb\",\"itemListElement\":[{\"@type\":\"ListItem\",\"position\":1,\"name\":\"Portada\",\"item\":\"https:\\\/\\\/ppdegalicia.com\\\/es\\\/\"},{\"@type\":\"ListItem\",\"position\":2,\"name\":\"O PPdeG no Senado esixe ao Goberno central que act\u00fae \u201cde inmediato\u201d para eximir de cotizaci\u00f3ns \u00e1s mariscadoras afectadas polos temporais\"}]},{\"@type\":\"WebSite\",\"@id\":\"https:\\\/\\\/ppdegalicia.com\\\/es\\\/#website\",\"url\":\"https:\\\/\\\/ppdegalicia.com\\\/es\\\/\",\"name\":\"Partido Popular de Galicia\",\"description\":\"Partido Popular de Galicia\",\"publisher\":{\"@id\":\"https:\\\/\\\/ppdegalicia.com\\\/es\\\/#organization\"},\"alternateName\":\"PP de Galicia\",\"potentialAction\":[{\"@type\":\"SearchAction\",\"target\":{\"@type\":\"EntryPoint\",\"urlTemplate\":\"https:\\\/\\\/ppdegalicia.com\\\/es\\\/?s={search_term_string}\"},\"query-input\":{\"@type\":\"PropertyValueSpecification\",\"valueRequired\":true,\"valueName\":\"search_term_string\"}}],\"inLanguage\":\"es\"},{\"@type\":\"Organization\",\"@id\":\"https:\\\/\\\/ppdegalicia.com\\\/es\\\/#organization\",\"name\":\"Partido Popular de Galicia\",\"alternateName\":\"PP de Galicia\",\"url\":\"https:\\\/\\\/ppdegalicia.com\\\/es\\\/\",\"logo\":{\"@type\":\"ImageObject\",\"inLanguage\":\"es\",\"@id\":\"https:\\\/\\\/ppdegalicia.com\\\/es\\\/#\\\/schema\\\/logo\\\/image\\\/\",\"url\":\"https:\\\/\\\/ppdegalicia.com\\\/wp-content\\\/uploads\\\/2023\\\/04\\\/logoPP512.png\",\"contentUrl\":\"https:\\\/\\\/ppdegalicia.com\\\/wp-content\\\/uploads\\\/2023\\\/04\\\/logoPP512.png\",\"width\":512,\"height\":512,\"caption\":\"Partido Popular de Galicia\"},\"image\":{\"@id\":\"https:\\\/\\\/ppdegalicia.com\\\/es\\\/#\\\/schema\\\/logo\\\/image\\\/\"},\"sameAs\":[\"https:\\\/\\\/www.instagram.com\\\/ppdegalicia\\\/\",\"https:\\\/\\\/x.com\\\/ppdegalicia\",\"https:\\\/\\\/www.tiktok.com\\\/@ppdegalicia\",\"https:\\\/\\\/www.youtube.com\\\/user\\\/ppdegalicia\"]},{\"@type\":\"Person\",\"@id\":\"https:\\\/\\\/ppdegalicia.com\\\/es\\\/#\\\/schema\\\/person\\\/5b822c6f59e872ebdd1142f307dbcb59\",\"name\":\"ppdegaliciaredes\",\"image\":{\"@type\":\"ImageObject\",\"inLanguage\":\"es\",\"@id\":\"https:\\\/\\\/secure.gravatar.com\\\/avatar\\\/3c9179cf0256d00c72a48d1f25783c58b6842cd56e85ef3a572881c8e28ccd59?s=96&d=mm&r=g\",\"url\":\"https:\\\/\\\/secure.gravatar.com\\\/avatar\\\/3c9179cf0256d00c72a48d1f25783c58b6842cd56e85ef3a572881c8e28ccd59?s=96&d=mm&r=g\",\"contentUrl\":\"https:\\\/\\\/secure.gravatar.com\\\/avatar\\\/3c9179cf0256d00c72a48d1f25783c58b6842cd56e85ef3a572881c8e28ccd59?s=96&d=mm&r=g\",\"caption\":\"ppdegaliciaredes\"},\"url\":\"https:\\\/\\\/ppdegalicia.com\\\/es\\\/author\\\/ppdegaliciaredes\\\/\"}]}<\/script>\n<!-- \/ Yoast SEO plugin. -->","yoast_head_json":{"title":"O PPdeG no Senado esixe ao Goberno central que act\u00fae \u201cde inmediato\u201d para eximir de cotizaci\u00f3ns \u00e1s mariscadoras afectadas polos temporais - PP de Galicia","description":"O Partido Popular logrou aprobar hoxe na Comisi\u00f3n de Pesca do Senado unha iniciativa clave en defensa do sector marisqueiro, que reclama ao Goberno de Espa\u00f1a a exenci\u00f3n temporal das cotizaci\u00f3ns \u00e1 Seguridade Social para os mariscadores e mariscadoras a p\u00e9 en situaci\u00f3n de inactividade forzosa. A iniciativa foi defendida polo senador lucense Jos\u00e9 Manuel Balseiro, quen denunciou a \u201cinxustiza evidente\u201d que sofren milleiros de traballadores do mar, obrigados a seguir pagando as s\u00faas cotas mesmo cando non poden traballar por causas alleas \u00e1 s\u00faa vontade e reclamou ao Goberno de S\u00e1nchez que act\u00fae \u201cde inmediato\u201d.","robots":{"index":"index","follow":"follow","max-snippet":"max-snippet:-1","max-image-preview":"max-image-preview:large","max-video-preview":"max-video-preview:-1"},"canonical":"https:\/\/ppdegalicia.com\/es\/o-ppdeg-no-senado-esixe-ao-goberno-central-que-actue-de-inmediato-para-eximir-de-cotizacions-as-mariscadoras-afectadas-polos-temporais\/","og_locale":"es_ES","og_type":"article","og_title":"O PPdeG no Senado esixe ao Goberno central que act\u00fae \u201cde inmediato\u201d para eximir de cotizaci\u00f3ns \u00e1s mariscadoras afectadas polos temporais - PP de Galicia","og_description":"O Partido Popular logrou aprobar hoxe na Comisi\u00f3n de Pesca do Senado unha iniciativa clave en defensa do sector marisqueiro, que reclama ao Goberno de Espa\u00f1a a exenci\u00f3n temporal das cotizaci\u00f3ns \u00e1 Seguridade Social para os mariscadores e mariscadoras a p\u00e9 en situaci\u00f3n de inactividade forzosa. A iniciativa foi defendida polo senador lucense Jos\u00e9 Manuel Balseiro, quen denunciou a \u201cinxustiza evidente\u201d que sofren milleiros de traballadores do mar, obrigados a seguir pagando as s\u00faas cotas mesmo cando non poden traballar por causas alleas \u00e1 s\u00faa vontade e reclamou ao Goberno de S\u00e1nchez que act\u00fae \u201cde inmediato\u201d.","og_url":"https:\/\/ppdegalicia.com\/es\/o-ppdeg-no-senado-esixe-ao-goberno-central-que-actue-de-inmediato-para-eximir-de-cotizacions-as-mariscadoras-afectadas-polos-temporais\/","og_site_name":"PP de Galicia","article_publisher":"https:\/\/www.instagram.com\/ppdegalicia\/","article_published_time":"2026-04-28T16:26:22+00:00","og_image":[{"width":2048,"height":1365,"url":"https:\/\/ppdegalicia.com\/wp-content\/uploads\/2026\/04\/JMBalseiro_Senado_recurso.jpg","type":"image\/jpeg"}],"author":"ppdegaliciaredes","twitter_card":"summary_large_image","twitter_creator":"@ppdegalicia","twitter_site":"@ppdegalicia","twitter_misc":{"Escrito por":"ppdegaliciaredes","Tiempo de lectura":"3 minutos"},"schema":{"@context":"https:\/\/schema.org","@graph":[{"@type":"Article","@id":"https:\/\/ppdegalicia.com\/es\/o-ppdeg-no-senado-esixe-ao-goberno-central-que-actue-de-inmediato-para-eximir-de-cotizacions-as-mariscadoras-afectadas-polos-temporais\/#article","isPartOf":{"@id":"https:\/\/ppdegalicia.com\/es\/o-ppdeg-no-senado-esixe-ao-goberno-central-que-actue-de-inmediato-para-eximir-de-cotizacions-as-mariscadoras-afectadas-polos-temporais\/"},"author":{"name":"ppdegaliciaredes","@id":"https:\/\/ppdegalicia.com\/es\/#\/schema\/person\/5b822c6f59e872ebdd1142f307dbcb59"},"headline":"O PPdeG no Senado esixe ao Goberno central que act\u00fae \u201cde inmediato\u201d para eximir de cotizaci\u00f3ns \u00e1s mariscadoras afectadas polos temporais","datePublished":"2026-04-28T16:26:22+00:00","mainEntityOfPage":{"@id":"https:\/\/ppdegalicia.com\/es\/o-ppdeg-no-senado-esixe-ao-goberno-central-que-actue-de-inmediato-para-eximir-de-cotizacions-as-mariscadoras-afectadas-polos-temporais\/"},"wordCount":413,"publisher":{"@id":"https:\/\/ppdegalicia.com\/es\/#organization"},"image":{"@id":"https:\/\/ppdegalicia.com\/es\/o-ppdeg-no-senado-esixe-ao-goberno-central-que-actue-de-inmediato-para-eximir-de-cotizacions-as-mariscadoras-afectadas-polos-temporais\/#primaryimage"},"thumbnailUrl":"https:\/\/ppdegalicia.com\/wp-content\/uploads\/2026\/04\/JMBalseiro_Senado_recurso.jpg","articleSection":["Cortes Generales"],"inLanguage":"es"},{"@type":"WebPage","@id":"https:\/\/ppdegalicia.com\/es\/o-ppdeg-no-senado-esixe-ao-goberno-central-que-actue-de-inmediato-para-eximir-de-cotizacions-as-mariscadoras-afectadas-polos-temporais\/","url":"https:\/\/ppdegalicia.com\/es\/o-ppdeg-no-senado-esixe-ao-goberno-central-que-actue-de-inmediato-para-eximir-de-cotizacions-as-mariscadoras-afectadas-polos-temporais\/","name":"O PPdeG no Senado esixe ao Goberno central que act\u00fae \u201cde inmediato\u201d para eximir de cotizaci\u00f3ns \u00e1s mariscadoras afectadas polos temporais - PP de Galicia","isPartOf":{"@id":"https:\/\/ppdegalicia.com\/es\/#website"},"primaryImageOfPage":{"@id":"https:\/\/ppdegalicia.com\/es\/o-ppdeg-no-senado-esixe-ao-goberno-central-que-actue-de-inmediato-para-eximir-de-cotizacions-as-mariscadoras-afectadas-polos-temporais\/#primaryimage"},"image":{"@id":"https:\/\/ppdegalicia.com\/es\/o-ppdeg-no-senado-esixe-ao-goberno-central-que-actue-de-inmediato-para-eximir-de-cotizacions-as-mariscadoras-afectadas-polos-temporais\/#primaryimage"},"thumbnailUrl":"https:\/\/ppdegalicia.com\/wp-content\/uploads\/2026\/04\/JMBalseiro_Senado_recurso.jpg","datePublished":"2026-04-28T16:26:22+00:00","description":"O Partido Popular logrou aprobar hoxe na Comisi\u00f3n de Pesca do Senado unha iniciativa clave en defensa do sector marisqueiro, que reclama ao Goberno de Espa\u00f1a a exenci\u00f3n temporal das cotizaci\u00f3ns \u00e1 Seguridade Social para os mariscadores e mariscadoras a p\u00e9 en situaci\u00f3n de inactividade forzosa. A iniciativa foi defendida polo senador lucense Jos\u00e9 Manuel Balseiro, quen denunciou a \u201cinxustiza evidente\u201d que sofren milleiros de traballadores do mar, obrigados a seguir pagando as s\u00faas cotas mesmo cando non poden traballar por causas alleas \u00e1 s\u00faa vontade e reclamou ao Goberno de S\u00e1nchez que act\u00fae \u201cde inmediato\u201d.","breadcrumb":{"@id":"https:\/\/ppdegalicia.com\/es\/o-ppdeg-no-senado-esixe-ao-goberno-central-que-actue-de-inmediato-para-eximir-de-cotizacions-as-mariscadoras-afectadas-polos-temporais\/#breadcrumb"},"inLanguage":"es","potentialAction":[{"@type":"ReadAction","target":["https:\/\/ppdegalicia.com\/es\/o-ppdeg-no-senado-esixe-ao-goberno-central-que-actue-de-inmediato-para-eximir-de-cotizacions-as-mariscadoras-afectadas-polos-temporais\/"]}]},{"@type":"ImageObject","inLanguage":"es","@id":"https:\/\/ppdegalicia.com\/es\/o-ppdeg-no-senado-esixe-ao-goberno-central-que-actue-de-inmediato-para-eximir-de-cotizacions-as-mariscadoras-afectadas-polos-temporais\/#primaryimage","url":"https:\/\/ppdegalicia.com\/wp-content\/uploads\/2026\/04\/JMBalseiro_Senado_recurso.jpg","contentUrl":"https:\/\/ppdegalicia.com\/wp-content\/uploads\/2026\/04\/JMBalseiro_Senado_recurso.jpg","width":2048,"height":1365},{"@type":"BreadcrumbList","@id":"https:\/\/ppdegalicia.com\/es\/o-ppdeg-no-senado-esixe-ao-goberno-central-que-actue-de-inmediato-para-eximir-de-cotizacions-as-mariscadoras-afectadas-polos-temporais\/#breadcrumb","itemListElement":[{"@type":"ListItem","position":1,"name":"Portada","item":"https:\/\/ppdegalicia.com\/es\/"},{"@type":"ListItem","position":2,"name":"O PPdeG no Senado esixe ao Goberno central que act\u00fae \u201cde inmediato\u201d para eximir de cotizaci\u00f3ns \u00e1s mariscadoras afectadas polos temporais"}]},{"@type":"WebSite","@id":"https:\/\/ppdegalicia.com\/es\/#website","url":"https:\/\/ppdegalicia.com\/es\/","name":"Partido Popular de Galicia","description":"Partido Popular de Galicia","publisher":{"@id":"https:\/\/ppdegalicia.com\/es\/#organization"},"alternateName":"PP de Galicia","potentialAction":[{"@type":"SearchAction","target":{"@type":"EntryPoint","urlTemplate":"https:\/\/ppdegalicia.com\/es\/?s={search_term_string}"},"query-input":{"@type":"PropertyValueSpecification","valueRequired":true,"valueName":"search_term_string"}}],"inLanguage":"es"},{"@type":"Organization","@id":"https:\/\/ppdegalicia.com\/es\/#organization","name":"Partido Popular de Galicia","alternateName":"PP de Galicia","url":"https:\/\/ppdegalicia.com\/es\/","logo":{"@type":"ImageObject","inLanguage":"es","@id":"https:\/\/ppdegalicia.com\/es\/#\/schema\/logo\/image\/","url":"https:\/\/ppdegalicia.com\/wp-content\/uploads\/2023\/04\/logoPP512.png","contentUrl":"https:\/\/ppdegalicia.com\/wp-content\/uploads\/2023\/04\/logoPP512.png","width":512,"height":512,"caption":"Partido Popular de Galicia"},"image":{"@id":"https:\/\/ppdegalicia.com\/es\/#\/schema\/logo\/image\/"},"sameAs":["https:\/\/www.instagram.com\/ppdegalicia\/","https:\/\/x.com\/ppdegalicia","https:\/\/www.tiktok.com\/@ppdegalicia","https:\/\/www.youtube.com\/user\/ppdegalicia"]},{"@type":"Person","@id":"https:\/\/ppdegalicia.com\/es\/#\/schema\/person\/5b822c6f59e872ebdd1142f307dbcb59","name":"ppdegaliciaredes","image":{"@type":"ImageObject","inLanguage":"es","@id":"https:\/\/secure.gravatar.com\/avatar\/3c9179cf0256d00c72a48d1f25783c58b6842cd56e85ef3a572881c8e28ccd59?s=96&d=mm&r=g","url":"https:\/\/secure.gravatar.com\/avatar\/3c9179cf0256d00c72a48d1f25783c58b6842cd56e85ef3a572881c8e28ccd59?s=96&d=mm&r=g","contentUrl":"https:\/\/secure.gravatar.com\/avatar\/3c9179cf0256d00c72a48d1f25783c58b6842cd56e85ef3a572881c8e28ccd59?s=96&d=mm&r=g","caption":"ppdegaliciaredes"},"url":"https:\/\/ppdegalicia.com\/es\/author\/ppdegaliciaredes\/"}]}},"_links":{"self":[{"href":"https:\/\/ppdegalicia.com\/es\/wp-json\/wp\/v2\/posts\/71046","targetHints":{"allow":["GET"]}}],"collection":[{"href":"https:\/\/ppdegalicia.com\/es\/wp-json\/wp\/v2\/posts"}],"about":[{"href":"https:\/\/ppdegalicia.com\/es\/wp-json\/wp\/v2\/types\/post"}],"author":[{"embeddable":true,"href":"https:\/\/ppdegalicia.com\/es\/wp-json\/wp\/v2\/users\/38"}],"replies":[{"embeddable":true,"href":"https:\/\/ppdegalicia.com\/es\/wp-json\/wp\/v2\/comments?post=71046"}],"version-history":[{"count":1,"href":"https:\/\/ppdegalicia.com\/es\/wp-json\/wp\/v2\/posts\/71046\/revisions"}],"predecessor-version":[{"id":71049,"href":"https:\/\/ppdegalicia.com\/es\/wp-json\/wp\/v2\/posts\/71046\/revisions\/71049"}],"wp:featuredmedia":[{"embeddable":true,"href":"https:\/\/ppdegalicia.com\/es\/wp-json\/wp\/v2\/media\/71047"}],"wp:attachment":[{"href":"https:\/\/ppdegalicia.com\/es\/wp-json\/wp\/v2\/media?parent=71046"}],"wp:term":[{"taxonomy":"category","embeddable":true,"href":"https:\/\/ppdegalicia.com\/es\/wp-json\/wp\/v2\/categories?post=71046"},{"taxonomy":"post_tag","embeddable":true,"href":"https:\/\/ppdegalicia.com\/es\/wp-json\/wp\/v2\/tags?post=71046"}],"curies":[{"name":"wp","href":"https:\/\/api.w.org\/{rel}","templated":true}]}}