{"id":71050,"date":"2026-04-28T09:25:30","date_gmt":"2026-04-28T08:25:30","guid":{"rendered":"https:\/\/ppdegalicia.com\/?p=71050"},"modified":"2026-04-29T09:30:27","modified_gmt":"2026-04-29T08:30:27","slug":"o-parlamento-aproba-instar-ao-goberno-a-que-asuma-as-suas-obrigas-e-exonere-das-cotas-a-seguridade-social-as-profesionais-do-marisqueo","status":"publish","type":"post","link":"https:\/\/ppdegalicia.com\/es\/o-parlamento-aproba-instar-ao-goberno-a-que-asuma-as-suas-obrigas-e-exonere-das-cotas-a-seguridade-social-as-profesionais-do-marisqueo\/","title":{"rendered":"O Parlamento aproba instar ao Goberno a que asuma as s\u00faas obrigas e exonere das cotas \u00e1 Seguridade Social \u00e1s profesionais do marisqueo"},"content":{"rendered":"<p>O Parlamentou aprobou, hoxe, sen votos en contra a iniciativa do Grupo Popular na que se insta ao Executivo de Pedro S\u00e1nchez a que asuma as s\u00faas obrigas legais e constitucionais coas traballadoras do mar galego e aplique a exenci\u00f3n inmediata das cotas \u00e1 Seguridade Social das profesionais do marisqueo.<\/p>\n<p>Tal e como indicou a deputada do Grupo Parlamentario Popular, Nazareth Cend\u00e1n, \u201ca competencia \u00e9 do Goberno central\u201d. Durante a s\u00faa intervenci\u00f3n na Comisi\u00f3n 8\u00aa, explicou que suspensi\u00f3n da actividade extractiva na que se atopa nestes momentos o sector implica a ausencia de calquera tipo de ingreso para estas profesionais. Unha situaci\u00f3n de inactividade forzosa que, pese a non ser imputable a elas, contin\u00faa a ser, salvo para as que cobren a prestaci\u00f3n por cese de actividade do ISM, motivo de obriga do pago \u00edntegro das cotas mensuais \u00e1 Seguridade Social.<\/p>\n<p>Para Cend\u00e1n, isto xera \u201cunha evidente desigualdade\u201d, respecto a outros sectores que contan con mecanismos de protecci\u00f3n antes causas de par\u00e1lise de actividade. Por iso, considera urxente que o Instituto Social da Mari\u00f1a (ISM) faga efectiva de inmediato este mecanismo. Nesta li\u00f1a, e ante o anuncio por parte da directora do ISM de inclu\u00edr unha pre emenda no proxecto de lei de medidas urxentes por danos meteorol\u00f3xicos, a parlamentaria do PPdeG reclama co\u00f1ecer os detalles de dita proposta e se a exenci\u00f3n vai ter ou non efectos retroactivos para as mariscadoras. \u201cVanlle devolver \u00e1s mariscadoras as cotas pagadas ata o momento?\u201d, preguntou.<\/p>\n<p>Asemade, a deputada popular afeoulle ao Executivo de Pedro S\u00e1nchez que non fora capaz de mobilizar \u201cnin un s\u00f3 euros para as nosas mariscadoras\u201d. Fronte a isto, puxo en valor os 23\u20ac que o Goberno destina ao plan de recuperaci\u00f3n.<\/p>\n<p>E rematou lamentando a \u201cpasividade sistem\u00e1tica demostrada e inaceptable do PSOE e BNG, en Madrid\u201d.<\/p>\n<p><strong>APOIO AO SECTOR CONSERVEIRO DO AT\u00daN<\/strong><br \/>\nAs\u00ed mesmo, o Parlamento aprobou por unanimidade reclamar ao Goberno central unha firme defensa do sector conserveiro do at\u00fan ante as instituci\u00f3n comunitarias, co fin, tal e como salientou Miguel Fidalgo, asegurar a competitividade empresarial e o emprego.<\/p>\n<p>A iniciativa do Grupo popular recolle a preocupaci\u00f3n do sector, ante o novo regulamento comunitario \u2013nestes momentos, en elaboraci\u00f3n- que establecer\u00e1 os continxentes arancelarios da Uni\u00f3n Europea para determinados produtos da pesca, para o per\u00edodo 2027-2029, entre os que se atopan os lombos de at\u00fan. A normativa actual mant\u00e9n en 35.000 toneladas ao 0% de arancel, o que demanda o sector, tal e como indicou Miguel Fidalgo, \u00e9 aumentar ese volume ata as 55.000 toneladas, para o per\u00edodo de referencia, para non enfrontarse de novo a un esgotamento practicamente inmediato do continxente\u201d.<\/p>\n<p>As\u00ed, o deputado popular avogou por un axuste l\u00f3xico e unha soluci\u00f3n \u201ccoherente, equilibrada e aplicable\u201d, co obxectivo de que o sistema responda \u00e1s necesidades reais do mercado e que garanta unha cadea de produci\u00f3n estable durante todo o ano.<\/p>\n<p>Galicia \u00e9 a principal comunidade produtora de conservas de at\u00fan de Espa\u00f1a e xera arredor de 11.500 postos de traballo.<\/p>\n","protected":false},"excerpt":{"rendered":"<p>O Parlamentou aprobou, hoxe, sen votos en contra a iniciativa do Grupo Popular na que se insta ao Executivo de Pedro S\u00e1nchez a que asuma as s\u00faas obrigas legais e constitucionais coas traballadoras do mar galego e aplique a exenci\u00f3n inmediata das cotas \u00e1 Seguridade Social das profesionais do marisqueo. Tal e como indicou a [&hellip;]<\/p>\n","protected":false},"author":38,"featured_media":71051,"comment_status":"closed","ping_status":"open","sticky":false,"template":"","format":"standard","meta":{"_acf_changed":false,"footnotes":""},"categories":[1128],"tags":[],"class_list":["post-71050","post","type-post","status-publish","format-standard","has-post-thumbnail","hentry","category-actualidad-parlamento-de-galicia"],"acf":[],"yoast_head":"<!-- This site is optimized with the Yoast SEO plugin v27.3 - https:\/\/yoast.com\/product\/yoast-seo-wordpress\/ -->\n<title>O Parlamento aproba instar ao Goberno a que asuma as s\u00faas obrigas e exonere das cotas \u00e1 Seguridade Social \u00e1s profesionais do marisqueo - PP de Galicia<\/title>\n<meta name=\"description\" content=\"O Parlamentou aprobou, hoxe, sen votos en contra a iniciativa do Grupo Popular na que se insta ao Executivo de Pedro S\u00e1nchez a que asuma as s\u00faas obrigas legais e constitucionais coas traballadoras do mar galego e aplique a exenci\u00f3n inmediata das cotas \u00e1 Seguridade Social das profesionais do marisqueo.\" \/>\n<meta name=\"robots\" content=\"index, follow, max-snippet:-1, max-image-preview:large, max-video-preview:-1\" \/>\n<link rel=\"canonical\" href=\"https:\/\/ppdegalicia.com\/es\/o-parlamento-aproba-instar-ao-goberno-a-que-asuma-as-suas-obrigas-e-exonere-das-cotas-a-seguridade-social-as-profesionais-do-marisqueo\/\" \/>\n<meta property=\"og:locale\" content=\"es_ES\" \/>\n<meta property=\"og:type\" content=\"article\" \/>\n<meta property=\"og:title\" content=\"O Parlamento aproba instar ao Goberno a que asuma as s\u00faas obrigas e exonere das cotas \u00e1 Seguridade Social \u00e1s profesionais do marisqueo - PP de Galicia\" \/>\n<meta property=\"og:description\" content=\"O Parlamentou aprobou, hoxe, sen votos en contra a iniciativa do Grupo Popular na que se insta ao Executivo de Pedro S\u00e1nchez a que asuma as s\u00faas obrigas legais e constitucionais coas traballadoras do mar galego e aplique a exenci\u00f3n inmediata das cotas \u00e1 Seguridade Social das profesionais do marisqueo.\" \/>\n<meta property=\"og:url\" content=\"https:\/\/ppdegalicia.com\/es\/o-parlamento-aproba-instar-ao-goberno-a-que-asuma-as-suas-obrigas-e-exonere-das-cotas-a-seguridade-social-as-profesionais-do-marisqueo\/\" \/>\n<meta property=\"og:site_name\" content=\"PP de Galicia\" \/>\n<meta property=\"article:publisher\" content=\"https:\/\/www.instagram.com\/ppdegalicia\/\" \/>\n<meta property=\"article:published_time\" content=\"2026-04-28T08:25:30+00:00\" \/>\n<meta property=\"article:modified_time\" content=\"2026-04-29T08:30:27+00:00\" \/>\n<meta property=\"og:image\" content=\"https:\/\/ppdegalicia.com\/wp-content\/uploads\/2026\/04\/20260428_sin-titulo_DSCF6178.jpg\" \/>\n\t<meta property=\"og:image:width\" content=\"2123\" \/>\n\t<meta property=\"og:image:height\" content=\"1415\" \/>\n\t<meta property=\"og:image:type\" content=\"image\/jpeg\" \/>\n<meta name=\"author\" content=\"ppdegaliciaredes\" \/>\n<meta name=\"twitter:card\" content=\"summary_large_image\" \/>\n<meta name=\"twitter:creator\" content=\"@ppdegalicia\" \/>\n<meta name=\"twitter:site\" content=\"@ppdegalicia\" \/>\n<meta name=\"twitter:label1\" content=\"Escrito por\" \/>\n\t<meta name=\"twitter:data1\" content=\"ppdegaliciaredes\" \/>\n\t<meta name=\"twitter:label2\" content=\"Tiempo de lectura\" \/>\n\t<meta name=\"twitter:data2\" content=\"3 minutos\" \/>\n<script type=\"application\/ld+json\" class=\"yoast-schema-graph\">{\"@context\":\"https:\\\/\\\/schema.org\",\"@graph\":[{\"@type\":\"Article\",\"@id\":\"https:\\\/\\\/ppdegalicia.com\\\/es\\\/o-parlamento-aproba-instar-ao-goberno-a-que-asuma-as-suas-obrigas-e-exonere-das-cotas-a-seguridade-social-as-profesionais-do-marisqueo\\\/#article\",\"isPartOf\":{\"@id\":\"https:\\\/\\\/ppdegalicia.com\\\/es\\\/o-parlamento-aproba-instar-ao-goberno-a-que-asuma-as-suas-obrigas-e-exonere-das-cotas-a-seguridade-social-as-profesionais-do-marisqueo\\\/\"},\"author\":{\"name\":\"ppdegaliciaredes\",\"@id\":\"https:\\\/\\\/ppdegalicia.com\\\/es\\\/#\\\/schema\\\/person\\\/5b822c6f59e872ebdd1142f307dbcb59\"},\"headline\":\"O Parlamento aproba instar ao Goberno a que asuma as s\u00faas obrigas e exonere das cotas \u00e1 Seguridade Social \u00e1s profesionais do marisqueo\",\"datePublished\":\"2026-04-28T08:25:30+00:00\",\"dateModified\":\"2026-04-29T08:30:27+00:00\",\"mainEntityOfPage\":{\"@id\":\"https:\\\/\\\/ppdegalicia.com\\\/es\\\/o-parlamento-aproba-instar-ao-goberno-a-que-asuma-as-suas-obrigas-e-exonere-das-cotas-a-seguridade-social-as-profesionais-do-marisqueo\\\/\"},\"wordCount\":544,\"publisher\":{\"@id\":\"https:\\\/\\\/ppdegalicia.com\\\/es\\\/#organization\"},\"image\":{\"@id\":\"https:\\\/\\\/ppdegalicia.com\\\/es\\\/o-parlamento-aproba-instar-ao-goberno-a-que-asuma-as-suas-obrigas-e-exonere-das-cotas-a-seguridade-social-as-profesionais-do-marisqueo\\\/#primaryimage\"},\"thumbnailUrl\":\"https:\\\/\\\/ppdegalicia.com\\\/wp-content\\\/uploads\\\/2026\\\/04\\\/20260428_sin-titulo_DSCF6178.jpg\",\"articleSection\":[\"Parlamento de Galicia\"],\"inLanguage\":\"es\"},{\"@type\":\"WebPage\",\"@id\":\"https:\\\/\\\/ppdegalicia.com\\\/es\\\/o-parlamento-aproba-instar-ao-goberno-a-que-asuma-as-suas-obrigas-e-exonere-das-cotas-a-seguridade-social-as-profesionais-do-marisqueo\\\/\",\"url\":\"https:\\\/\\\/ppdegalicia.com\\\/es\\\/o-parlamento-aproba-instar-ao-goberno-a-que-asuma-as-suas-obrigas-e-exonere-das-cotas-a-seguridade-social-as-profesionais-do-marisqueo\\\/\",\"name\":\"O Parlamento aproba instar ao Goberno a que asuma as s\u00faas obrigas e exonere das cotas \u00e1 Seguridade Social \u00e1s profesionais do marisqueo - PP de Galicia\",\"isPartOf\":{\"@id\":\"https:\\\/\\\/ppdegalicia.com\\\/es\\\/#website\"},\"primaryImageOfPage\":{\"@id\":\"https:\\\/\\\/ppdegalicia.com\\\/es\\\/o-parlamento-aproba-instar-ao-goberno-a-que-asuma-as-suas-obrigas-e-exonere-das-cotas-a-seguridade-social-as-profesionais-do-marisqueo\\\/#primaryimage\"},\"image\":{\"@id\":\"https:\\\/\\\/ppdegalicia.com\\\/es\\\/o-parlamento-aproba-instar-ao-goberno-a-que-asuma-as-suas-obrigas-e-exonere-das-cotas-a-seguridade-social-as-profesionais-do-marisqueo\\\/#primaryimage\"},\"thumbnailUrl\":\"https:\\\/\\\/ppdegalicia.com\\\/wp-content\\\/uploads\\\/2026\\\/04\\\/20260428_sin-titulo_DSCF6178.jpg\",\"datePublished\":\"2026-04-28T08:25:30+00:00\",\"dateModified\":\"2026-04-29T08:30:27+00:00\",\"description\":\"O Parlamentou aprobou, hoxe, sen votos en contra a iniciativa do Grupo Popular na que se insta ao Executivo de Pedro S\u00e1nchez a que asuma as s\u00faas obrigas legais e constitucionais coas traballadoras do mar galego e aplique a exenci\u00f3n inmediata das cotas \u00e1 Seguridade Social das profesionais do marisqueo.\",\"breadcrumb\":{\"@id\":\"https:\\\/\\\/ppdegalicia.com\\\/es\\\/o-parlamento-aproba-instar-ao-goberno-a-que-asuma-as-suas-obrigas-e-exonere-das-cotas-a-seguridade-social-as-profesionais-do-marisqueo\\\/#breadcrumb\"},\"inLanguage\":\"es\",\"potentialAction\":[{\"@type\":\"ReadAction\",\"target\":[\"https:\\\/\\\/ppdegalicia.com\\\/es\\\/o-parlamento-aproba-instar-ao-goberno-a-que-asuma-as-suas-obrigas-e-exonere-das-cotas-a-seguridade-social-as-profesionais-do-marisqueo\\\/\"]}]},{\"@type\":\"ImageObject\",\"inLanguage\":\"es\",\"@id\":\"https:\\\/\\\/ppdegalicia.com\\\/es\\\/o-parlamento-aproba-instar-ao-goberno-a-que-asuma-as-suas-obrigas-e-exonere-das-cotas-a-seguridade-social-as-profesionais-do-marisqueo\\\/#primaryimage\",\"url\":\"https:\\\/\\\/ppdegalicia.com\\\/wp-content\\\/uploads\\\/2026\\\/04\\\/20260428_sin-titulo_DSCF6178.jpg\",\"contentUrl\":\"https:\\\/\\\/ppdegalicia.com\\\/wp-content\\\/uploads\\\/2026\\\/04\\\/20260428_sin-titulo_DSCF6178.jpg\",\"width\":2123,\"height\":1415},{\"@type\":\"BreadcrumbList\",\"@id\":\"https:\\\/\\\/ppdegalicia.com\\\/es\\\/o-parlamento-aproba-instar-ao-goberno-a-que-asuma-as-suas-obrigas-e-exonere-das-cotas-a-seguridade-social-as-profesionais-do-marisqueo\\\/#breadcrumb\",\"itemListElement\":[{\"@type\":\"ListItem\",\"position\":1,\"name\":\"Portada\",\"item\":\"https:\\\/\\\/ppdegalicia.com\\\/es\\\/\"},{\"@type\":\"ListItem\",\"position\":2,\"name\":\"O Parlamento aproba instar ao Goberno a que asuma as s\u00faas obrigas e exonere das cotas \u00e1 Seguridade Social \u00e1s profesionais do marisqueo\"}]},{\"@type\":\"WebSite\",\"@id\":\"https:\\\/\\\/ppdegalicia.com\\\/es\\\/#website\",\"url\":\"https:\\\/\\\/ppdegalicia.com\\\/es\\\/\",\"name\":\"Partido Popular de Galicia\",\"description\":\"Partido Popular de Galicia\",\"publisher\":{\"@id\":\"https:\\\/\\\/ppdegalicia.com\\\/es\\\/#organization\"},\"alternateName\":\"PP de Galicia\",\"potentialAction\":[{\"@type\":\"SearchAction\",\"target\":{\"@type\":\"EntryPoint\",\"urlTemplate\":\"https:\\\/\\\/ppdegalicia.com\\\/es\\\/?s={search_term_string}\"},\"query-input\":{\"@type\":\"PropertyValueSpecification\",\"valueRequired\":true,\"valueName\":\"search_term_string\"}}],\"inLanguage\":\"es\"},{\"@type\":\"Organization\",\"@id\":\"https:\\\/\\\/ppdegalicia.com\\\/es\\\/#organization\",\"name\":\"Partido Popular de Galicia\",\"alternateName\":\"PP de Galicia\",\"url\":\"https:\\\/\\\/ppdegalicia.com\\\/es\\\/\",\"logo\":{\"@type\":\"ImageObject\",\"inLanguage\":\"es\",\"@id\":\"https:\\\/\\\/ppdegalicia.com\\\/es\\\/#\\\/schema\\\/logo\\\/image\\\/\",\"url\":\"https:\\\/\\\/ppdegalicia.com\\\/wp-content\\\/uploads\\\/2023\\\/04\\\/logoPP512.png\",\"contentUrl\":\"https:\\\/\\\/ppdegalicia.com\\\/wp-content\\\/uploads\\\/2023\\\/04\\\/logoPP512.png\",\"width\":512,\"height\":512,\"caption\":\"Partido Popular de Galicia\"},\"image\":{\"@id\":\"https:\\\/\\\/ppdegalicia.com\\\/es\\\/#\\\/schema\\\/logo\\\/image\\\/\"},\"sameAs\":[\"https:\\\/\\\/www.instagram.com\\\/ppdegalicia\\\/\",\"https:\\\/\\\/x.com\\\/ppdegalicia\",\"https:\\\/\\\/www.tiktok.com\\\/@ppdegalicia\",\"https:\\\/\\\/www.youtube.com\\\/user\\\/ppdegalicia\"]},{\"@type\":\"Person\",\"@id\":\"https:\\\/\\\/ppdegalicia.com\\\/es\\\/#\\\/schema\\\/person\\\/5b822c6f59e872ebdd1142f307dbcb59\",\"name\":\"ppdegaliciaredes\",\"image\":{\"@type\":\"ImageObject\",\"inLanguage\":\"es\",\"@id\":\"https:\\\/\\\/secure.gravatar.com\\\/avatar\\\/3c9179cf0256d00c72a48d1f25783c58b6842cd56e85ef3a572881c8e28ccd59?s=96&d=mm&r=g\",\"url\":\"https:\\\/\\\/secure.gravatar.com\\\/avatar\\\/3c9179cf0256d00c72a48d1f25783c58b6842cd56e85ef3a572881c8e28ccd59?s=96&d=mm&r=g\",\"contentUrl\":\"https:\\\/\\\/secure.gravatar.com\\\/avatar\\\/3c9179cf0256d00c72a48d1f25783c58b6842cd56e85ef3a572881c8e28ccd59?s=96&d=mm&r=g\",\"caption\":\"ppdegaliciaredes\"},\"url\":\"https:\\\/\\\/ppdegalicia.com\\\/es\\\/author\\\/ppdegaliciaredes\\\/\"}]}<\/script>\n<!-- \/ Yoast SEO plugin. -->","yoast_head_json":{"title":"O Parlamento aproba instar ao Goberno a que asuma as s\u00faas obrigas e exonere das cotas \u00e1 Seguridade Social \u00e1s profesionais do marisqueo - PP de Galicia","description":"O Parlamentou aprobou, hoxe, sen votos en contra a iniciativa do Grupo Popular na que se insta ao Executivo de Pedro S\u00e1nchez a que asuma as s\u00faas obrigas legais e constitucionais coas traballadoras do mar galego e aplique a exenci\u00f3n inmediata das cotas \u00e1 Seguridade Social das profesionais do marisqueo.","robots":{"index":"index","follow":"follow","max-snippet":"max-snippet:-1","max-image-preview":"max-image-preview:large","max-video-preview":"max-video-preview:-1"},"canonical":"https:\/\/ppdegalicia.com\/es\/o-parlamento-aproba-instar-ao-goberno-a-que-asuma-as-suas-obrigas-e-exonere-das-cotas-a-seguridade-social-as-profesionais-do-marisqueo\/","og_locale":"es_ES","og_type":"article","og_title":"O Parlamento aproba instar ao Goberno a que asuma as s\u00faas obrigas e exonere das cotas \u00e1 Seguridade Social \u00e1s profesionais do marisqueo - PP de Galicia","og_description":"O Parlamentou aprobou, hoxe, sen votos en contra a iniciativa do Grupo Popular na que se insta ao Executivo de Pedro S\u00e1nchez a que asuma as s\u00faas obrigas legais e constitucionais coas traballadoras do mar galego e aplique a exenci\u00f3n inmediata das cotas \u00e1 Seguridade Social das profesionais do marisqueo.","og_url":"https:\/\/ppdegalicia.com\/es\/o-parlamento-aproba-instar-ao-goberno-a-que-asuma-as-suas-obrigas-e-exonere-das-cotas-a-seguridade-social-as-profesionais-do-marisqueo\/","og_site_name":"PP de Galicia","article_publisher":"https:\/\/www.instagram.com\/ppdegalicia\/","article_published_time":"2026-04-28T08:25:30+00:00","article_modified_time":"2026-04-29T08:30:27+00:00","og_image":[{"width":2123,"height":1415,"url":"https:\/\/ppdegalicia.com\/wp-content\/uploads\/2026\/04\/20260428_sin-titulo_DSCF6178.jpg","type":"image\/jpeg"}],"author":"ppdegaliciaredes","twitter_card":"summary_large_image","twitter_creator":"@ppdegalicia","twitter_site":"@ppdegalicia","twitter_misc":{"Escrito por":"ppdegaliciaredes","Tiempo de lectura":"3 minutos"},"schema":{"@context":"https:\/\/schema.org","@graph":[{"@type":"Article","@id":"https:\/\/ppdegalicia.com\/es\/o-parlamento-aproba-instar-ao-goberno-a-que-asuma-as-suas-obrigas-e-exonere-das-cotas-a-seguridade-social-as-profesionais-do-marisqueo\/#article","isPartOf":{"@id":"https:\/\/ppdegalicia.com\/es\/o-parlamento-aproba-instar-ao-goberno-a-que-asuma-as-suas-obrigas-e-exonere-das-cotas-a-seguridade-social-as-profesionais-do-marisqueo\/"},"author":{"name":"ppdegaliciaredes","@id":"https:\/\/ppdegalicia.com\/es\/#\/schema\/person\/5b822c6f59e872ebdd1142f307dbcb59"},"headline":"O Parlamento aproba instar ao Goberno a que asuma as s\u00faas obrigas e exonere das cotas \u00e1 Seguridade Social \u00e1s profesionais do marisqueo","datePublished":"2026-04-28T08:25:30+00:00","dateModified":"2026-04-29T08:30:27+00:00","mainEntityOfPage":{"@id":"https:\/\/ppdegalicia.com\/es\/o-parlamento-aproba-instar-ao-goberno-a-que-asuma-as-suas-obrigas-e-exonere-das-cotas-a-seguridade-social-as-profesionais-do-marisqueo\/"},"wordCount":544,"publisher":{"@id":"https:\/\/ppdegalicia.com\/es\/#organization"},"image":{"@id":"https:\/\/ppdegalicia.com\/es\/o-parlamento-aproba-instar-ao-goberno-a-que-asuma-as-suas-obrigas-e-exonere-das-cotas-a-seguridade-social-as-profesionais-do-marisqueo\/#primaryimage"},"thumbnailUrl":"https:\/\/ppdegalicia.com\/wp-content\/uploads\/2026\/04\/20260428_sin-titulo_DSCF6178.jpg","articleSection":["Parlamento de Galicia"],"inLanguage":"es"},{"@type":"WebPage","@id":"https:\/\/ppdegalicia.com\/es\/o-parlamento-aproba-instar-ao-goberno-a-que-asuma-as-suas-obrigas-e-exonere-das-cotas-a-seguridade-social-as-profesionais-do-marisqueo\/","url":"https:\/\/ppdegalicia.com\/es\/o-parlamento-aproba-instar-ao-goberno-a-que-asuma-as-suas-obrigas-e-exonere-das-cotas-a-seguridade-social-as-profesionais-do-marisqueo\/","name":"O Parlamento aproba instar ao Goberno a que asuma as s\u00faas obrigas e exonere das cotas \u00e1 Seguridade Social \u00e1s profesionais do marisqueo - PP de Galicia","isPartOf":{"@id":"https:\/\/ppdegalicia.com\/es\/#website"},"primaryImageOfPage":{"@id":"https:\/\/ppdegalicia.com\/es\/o-parlamento-aproba-instar-ao-goberno-a-que-asuma-as-suas-obrigas-e-exonere-das-cotas-a-seguridade-social-as-profesionais-do-marisqueo\/#primaryimage"},"image":{"@id":"https:\/\/ppdegalicia.com\/es\/o-parlamento-aproba-instar-ao-goberno-a-que-asuma-as-suas-obrigas-e-exonere-das-cotas-a-seguridade-social-as-profesionais-do-marisqueo\/#primaryimage"},"thumbnailUrl":"https:\/\/ppdegalicia.com\/wp-content\/uploads\/2026\/04\/20260428_sin-titulo_DSCF6178.jpg","datePublished":"2026-04-28T08:25:30+00:00","dateModified":"2026-04-29T08:30:27+00:00","description":"O Parlamentou aprobou, hoxe, sen votos en contra a iniciativa do Grupo Popular na que se insta ao Executivo de Pedro S\u00e1nchez a que asuma as s\u00faas obrigas legais e constitucionais coas traballadoras do mar galego e aplique a exenci\u00f3n inmediata das cotas \u00e1 Seguridade Social das profesionais do marisqueo.","breadcrumb":{"@id":"https:\/\/ppdegalicia.com\/es\/o-parlamento-aproba-instar-ao-goberno-a-que-asuma-as-suas-obrigas-e-exonere-das-cotas-a-seguridade-social-as-profesionais-do-marisqueo\/#breadcrumb"},"inLanguage":"es","potentialAction":[{"@type":"ReadAction","target":["https:\/\/ppdegalicia.com\/es\/o-parlamento-aproba-instar-ao-goberno-a-que-asuma-as-suas-obrigas-e-exonere-das-cotas-a-seguridade-social-as-profesionais-do-marisqueo\/"]}]},{"@type":"ImageObject","inLanguage":"es","@id":"https:\/\/ppdegalicia.com\/es\/o-parlamento-aproba-instar-ao-goberno-a-que-asuma-as-suas-obrigas-e-exonere-das-cotas-a-seguridade-social-as-profesionais-do-marisqueo\/#primaryimage","url":"https:\/\/ppdegalicia.com\/wp-content\/uploads\/2026\/04\/20260428_sin-titulo_DSCF6178.jpg","contentUrl":"https:\/\/ppdegalicia.com\/wp-content\/uploads\/2026\/04\/20260428_sin-titulo_DSCF6178.jpg","width":2123,"height":1415},{"@type":"BreadcrumbList","@id":"https:\/\/ppdegalicia.com\/es\/o-parlamento-aproba-instar-ao-goberno-a-que-asuma-as-suas-obrigas-e-exonere-das-cotas-a-seguridade-social-as-profesionais-do-marisqueo\/#breadcrumb","itemListElement":[{"@type":"ListItem","position":1,"name":"Portada","item":"https:\/\/ppdegalicia.com\/es\/"},{"@type":"ListItem","position":2,"name":"O Parlamento aproba instar ao Goberno a que asuma as s\u00faas obrigas e exonere das cotas \u00e1 Seguridade Social \u00e1s profesionais do marisqueo"}]},{"@type":"WebSite","@id":"https:\/\/ppdegalicia.com\/es\/#website","url":"https:\/\/ppdegalicia.com\/es\/","name":"Partido Popular de Galicia","description":"Partido Popular de Galicia","publisher":{"@id":"https:\/\/ppdegalicia.com\/es\/#organization"},"alternateName":"PP de Galicia","potentialAction":[{"@type":"SearchAction","target":{"@type":"EntryPoint","urlTemplate":"https:\/\/ppdegalicia.com\/es\/?s={search_term_string}"},"query-input":{"@type":"PropertyValueSpecification","valueRequired":true,"valueName":"search_term_string"}}],"inLanguage":"es"},{"@type":"Organization","@id":"https:\/\/ppdegalicia.com\/es\/#organization","name":"Partido Popular de Galicia","alternateName":"PP de Galicia","url":"https:\/\/ppdegalicia.com\/es\/","logo":{"@type":"ImageObject","inLanguage":"es","@id":"https:\/\/ppdegalicia.com\/es\/#\/schema\/logo\/image\/","url":"https:\/\/ppdegalicia.com\/wp-content\/uploads\/2023\/04\/logoPP512.png","contentUrl":"https:\/\/ppdegalicia.com\/wp-content\/uploads\/2023\/04\/logoPP512.png","width":512,"height":512,"caption":"Partido Popular de Galicia"},"image":{"@id":"https:\/\/ppdegalicia.com\/es\/#\/schema\/logo\/image\/"},"sameAs":["https:\/\/www.instagram.com\/ppdegalicia\/","https:\/\/x.com\/ppdegalicia","https:\/\/www.tiktok.com\/@ppdegalicia","https:\/\/www.youtube.com\/user\/ppdegalicia"]},{"@type":"Person","@id":"https:\/\/ppdegalicia.com\/es\/#\/schema\/person\/5b822c6f59e872ebdd1142f307dbcb59","name":"ppdegaliciaredes","image":{"@type":"ImageObject","inLanguage":"es","@id":"https:\/\/secure.gravatar.com\/avatar\/3c9179cf0256d00c72a48d1f25783c58b6842cd56e85ef3a572881c8e28ccd59?s=96&d=mm&r=g","url":"https:\/\/secure.gravatar.com\/avatar\/3c9179cf0256d00c72a48d1f25783c58b6842cd56e85ef3a572881c8e28ccd59?s=96&d=mm&r=g","contentUrl":"https:\/\/secure.gravatar.com\/avatar\/3c9179cf0256d00c72a48d1f25783c58b6842cd56e85ef3a572881c8e28ccd59?s=96&d=mm&r=g","caption":"ppdegaliciaredes"},"url":"https:\/\/ppdegalicia.com\/es\/author\/ppdegaliciaredes\/"}]}},"_links":{"self":[{"href":"https:\/\/ppdegalicia.com\/es\/wp-json\/wp\/v2\/posts\/71050","targetHints":{"allow":["GET"]}}],"collection":[{"href":"https:\/\/ppdegalicia.com\/es\/wp-json\/wp\/v2\/posts"}],"about":[{"href":"https:\/\/ppdegalicia.com\/es\/wp-json\/wp\/v2\/types\/post"}],"author":[{"embeddable":true,"href":"https:\/\/ppdegalicia.com\/es\/wp-json\/wp\/v2\/users\/38"}],"replies":[{"embeddable":true,"href":"https:\/\/ppdegalicia.com\/es\/wp-json\/wp\/v2\/comments?post=71050"}],"version-history":[{"count":1,"href":"https:\/\/ppdegalicia.com\/es\/wp-json\/wp\/v2\/posts\/71050\/revisions"}],"predecessor-version":[{"id":71053,"href":"https:\/\/ppdegalicia.com\/es\/wp-json\/wp\/v2\/posts\/71050\/revisions\/71053"}],"wp:featuredmedia":[{"embeddable":true,"href":"https:\/\/ppdegalicia.com\/es\/wp-json\/wp\/v2\/media\/71051"}],"wp:attachment":[{"href":"https:\/\/ppdegalicia.com\/es\/wp-json\/wp\/v2\/media?parent=71050"}],"wp:term":[{"taxonomy":"category","embeddable":true,"href":"https:\/\/ppdegalicia.com\/es\/wp-json\/wp\/v2\/categories?post=71050"},{"taxonomy":"post_tag","embeddable":true,"href":"https:\/\/ppdegalicia.com\/es\/wp-json\/wp\/v2\/tags?post=71050"}],"curies":[{"name":"wp","href":"https:\/\/api.w.org\/{rel}","templated":true}]}}