{"id":71055,"date":"2026-04-29T09:54:19","date_gmt":"2026-04-29T08:54:19","guid":{"rendered":"https:\/\/ppdegalicia.com\/?p=71055"},"modified":"2026-04-29T09:54:19","modified_gmt":"2026-04-29T08:54:19","slug":"lugo-gana-co-cambio","status":"publish","type":"post","link":"https:\/\/ppdegalicia.com\/es\/lugo-gana-co-cambio\/","title":{"rendered":"<span style=\"font-style: italic;\">Lugo ga\u00f1a co cambio<\/span>"},"content":{"rendered":"<p style=\"font-weight: 400;\"><strong>Nicole Grueira<\/strong><\/p>\n<p style=\"font-weight: 400;\">Hai momentos nos que unha cidade ten que decidir se segue instalada na resignaci\u00f3n ou se aposta por avanzar. Lugo leva demasiado tempo parada. E cando unha cidade se para, perde oportunidades e perde futuro. Non \u00e9 unha cuesti\u00f3n de percepci\u00f3n pol\u00edtica, \u00e9 unha realidade que se nota nas r\u00faas, nos proxectos que non avanzan e nas oportunidades que se escapan.<\/p>\n<p style=\"font-weight: 400;\">En pol\u00edtica, como se di moitas veces, cando non hai rumbo, calquera vento \u00e9 malo. E iso \u00e9 o que lle pasou a Lugo: falta de direcci\u00f3n, exceso de escusas e pouca capacidade de executar. Os que hoxe critican a moci\u00f3n son, en realidade, os que non souberon interpretar o resultado das urnas nin gobernar con eficacia. Af\u00e9rranse ao ru\u00eddo e \u00e1 confrontaci\u00f3n porque carecen de proxecto e de capacidade para dar resposta \u00e1s necesidades reais dos lucenses.<\/p>\n<p style=\"font-weight: 400;\">A moci\u00f3n de \u2018impulso\u2019 do vindeiro 7 de maio non \u00e9 un capricho nin unha manobra. \u00c9 unha ferramenta democr\u00e1tica, legal e, sobre todo, necesaria que permite corrixir unha situaci\u00f3n na que o goberno local deixou de responder \u00e1s necesidades da cidade. E aqu\u00ed hai unha realidade que conv\u00e9n ter clara: as moci\u00f3ns non rompen a democracia, forman parte dela. Son mecanismos previstos para cando unha maior\u00eda entende que \u00e9 necesario un cambio de rumbo.<\/p>\n<p style=\"font-weight: 400;\">E, como todo na vida, tam\u00e9n hai quen as ve con m\u00e1is ou menos gusto. Pero aqu\u00ed encaixa ben unha imaxe que todos entendemos: as moci\u00f3ns de censura son como os pementos de Padr\u00f3n\u2026 uns pican e outros non. Unhas decisi\u00f3ns gustan m\u00e1is e outras menos, pero todas son dixeridas democraticamente. O importante non \u00e9 se incomodan, sen\u00f3n se son necesarias. E neste caso, a necesidade \u00e9 evidente.<\/p>\n<p style=\"font-weight: 400;\">Fronte a esta situaci\u00f3n, hai unha alternativa clara e con direcci\u00f3n definida: Elena Candia. Ela representa algo que hoxe \u00e9 fundamental en Lugo: capacidade de xesti\u00f3n, de traballo, de estabilidade, proxecto e equipo. Foi a candidata m\u00e1is votada, e iso non \u00e9 un dato menor nin simb\u00f3lico: \u00e9 a expresi\u00f3n dunha maior\u00eda social que pediu cambio, eficacia e un novo tempo para a cidade.<\/p>\n<p style=\"font-weight: 400;\">Lugo necesita un goberno que non se limite a pasar o tempo, sen\u00f3n que lidere. Que non vaia detr\u00e1s dos problemas, sen\u00f3n por diante deles. Porque o que non avanza, atrasa, e unha cidade non pode permitirse quedar atr\u00e1s.<\/p>\n<p style=\"font-weight: 400;\">A partir do 7 de maio \u00e1brese unha oportunidade real. Unha oportunidade que se medir\u00e1 en feitos: proxectos que se executan, servizos que melloran e unha cidade que recupera o seu ritmo. A realidade \u00e9 clara: Lugo ga\u00f1a co cambio, con Elena Candia \u00e1 fronte, porque ao final, en pol\u00edtica coma na vida, o que importa non \u00e9 resistir\u2026 \u00e9 avanzar.<\/p>\n","protected":false},"excerpt":{"rendered":"<p><strong><em>Nicole Grueira<\/em><\/strong><\/p>\n<p>Hai momentos nos que unha cidade ten que decidir se segue instalada na resignaci\u00f3n ou se aposta por avanzar. Lugo leva demasiado tempo parada. E cando unha cidade se para, perde oportunidades e perde futuro.<\/p>\n","protected":false},"author":38,"featured_media":71056,"comment_status":"closed","ping_status":"open","sticky":false,"template":"","format":"standard","meta":{"_acf_changed":false,"footnotes":""},"categories":[2604],"tags":[],"class_list":["post-71055","post","type-post","status-publish","format-standard","has-post-thumbnail","hentry","category-opinion"],"acf":[],"yoast_head":"<!-- This site is optimized with the Yoast SEO plugin v27.3 - https:\/\/yoast.com\/product\/yoast-seo-wordpress\/ -->\n<title>Lugo ga\u00f1a co cambio - PP de Galicia<\/title>\n<meta name=\"robots\" content=\"index, follow, max-snippet:-1, max-image-preview:large, max-video-preview:-1\" \/>\n<link rel=\"canonical\" href=\"https:\/\/ppdegalicia.com\/es\/lugo-gana-co-cambio\/\" \/>\n<meta property=\"og:locale\" content=\"es_ES\" \/>\n<meta property=\"og:type\" content=\"article\" \/>\n<meta property=\"og:title\" content=\"Lugo ga\u00f1a co cambio - PP de Galicia\" \/>\n<meta property=\"og:description\" content=\"Nicole Grueira  Hai momentos nos que unha cidade ten que decidir se segue instalada na resignaci\u00f3n ou se aposta por avanzar. Lugo leva demasiado tempo parada. E cando unha cidade se para, perde oportunidades e perde futuro.\" \/>\n<meta property=\"og:url\" content=\"https:\/\/ppdegalicia.com\/es\/lugo-gana-co-cambio\/\" \/>\n<meta property=\"og:site_name\" content=\"PP de Galicia\" \/>\n<meta property=\"article:publisher\" content=\"https:\/\/www.instagram.com\/ppdegalicia\/\" \/>\n<meta property=\"article:published_time\" content=\"2026-04-29T08:54:19+00:00\" \/>\n<meta property=\"og:image\" content=\"https:\/\/ppdegalicia.com\/wp-content\/uploads\/2026\/04\/WhatsApp-Image-2025-11-04-at-18.56.49.jpeg\" \/>\n\t<meta property=\"og:image:width\" content=\"1280\" \/>\n\t<meta property=\"og:image:height\" content=\"853\" \/>\n\t<meta property=\"og:image:type\" content=\"image\/jpeg\" \/>\n<meta name=\"author\" content=\"ppdegaliciaredes\" \/>\n<meta name=\"twitter:card\" content=\"summary_large_image\" \/>\n<meta name=\"twitter:creator\" content=\"@ppdegalicia\" \/>\n<meta name=\"twitter:site\" content=\"@ppdegalicia\" \/>\n<meta name=\"twitter:label1\" content=\"Escrito por\" \/>\n\t<meta name=\"twitter:data1\" content=\"ppdegaliciaredes\" \/>\n\t<meta name=\"twitter:label2\" content=\"Tiempo de lectura\" \/>\n\t<meta name=\"twitter:data2\" content=\"3 minutos\" \/>\n<script type=\"application\/ld+json\" class=\"yoast-schema-graph\">{\"@context\":\"https:\\\/\\\/schema.org\",\"@graph\":[{\"@type\":\"Article\",\"@id\":\"https:\\\/\\\/ppdegalicia.com\\\/es\\\/lugo-gana-co-cambio\\\/#article\",\"isPartOf\":{\"@id\":\"https:\\\/\\\/ppdegalicia.com\\\/es\\\/lugo-gana-co-cambio\\\/\"},\"author\":{\"name\":\"ppdegaliciaredes\",\"@id\":\"https:\\\/\\\/ppdegalicia.com\\\/es\\\/#\\\/schema\\\/person\\\/5b822c6f59e872ebdd1142f307dbcb59\"},\"headline\":\"Lugo ga\u00f1a co cambio\",\"datePublished\":\"2026-04-29T08:54:19+00:00\",\"mainEntityOfPage\":{\"@id\":\"https:\\\/\\\/ppdegalicia.com\\\/es\\\/lugo-gana-co-cambio\\\/\"},\"wordCount\":471,\"publisher\":{\"@id\":\"https:\\\/\\\/ppdegalicia.com\\\/es\\\/#organization\"},\"image\":{\"@id\":\"https:\\\/\\\/ppdegalicia.com\\\/es\\\/lugo-gana-co-cambio\\\/#primaryimage\"},\"thumbnailUrl\":\"https:\\\/\\\/ppdegalicia.com\\\/wp-content\\\/uploads\\\/2026\\\/04\\\/WhatsApp-Image-2025-11-04-at-18.56.49.jpeg\",\"articleSection\":[\"Opini\u00f3n\"],\"inLanguage\":\"es\"},{\"@type\":\"WebPage\",\"@id\":\"https:\\\/\\\/ppdegalicia.com\\\/es\\\/lugo-gana-co-cambio\\\/\",\"url\":\"https:\\\/\\\/ppdegalicia.com\\\/es\\\/lugo-gana-co-cambio\\\/\",\"name\":\"Lugo ga\u00f1a co cambio - PP de Galicia\",\"isPartOf\":{\"@id\":\"https:\\\/\\\/ppdegalicia.com\\\/es\\\/#website\"},\"primaryImageOfPage\":{\"@id\":\"https:\\\/\\\/ppdegalicia.com\\\/es\\\/lugo-gana-co-cambio\\\/#primaryimage\"},\"image\":{\"@id\":\"https:\\\/\\\/ppdegalicia.com\\\/es\\\/lugo-gana-co-cambio\\\/#primaryimage\"},\"thumbnailUrl\":\"https:\\\/\\\/ppdegalicia.com\\\/wp-content\\\/uploads\\\/2026\\\/04\\\/WhatsApp-Image-2025-11-04-at-18.56.49.jpeg\",\"datePublished\":\"2026-04-29T08:54:19+00:00\",\"breadcrumb\":{\"@id\":\"https:\\\/\\\/ppdegalicia.com\\\/es\\\/lugo-gana-co-cambio\\\/#breadcrumb\"},\"inLanguage\":\"es\",\"potentialAction\":[{\"@type\":\"ReadAction\",\"target\":[\"https:\\\/\\\/ppdegalicia.com\\\/es\\\/lugo-gana-co-cambio\\\/\"]}]},{\"@type\":\"ImageObject\",\"inLanguage\":\"es\",\"@id\":\"https:\\\/\\\/ppdegalicia.com\\\/es\\\/lugo-gana-co-cambio\\\/#primaryimage\",\"url\":\"https:\\\/\\\/ppdegalicia.com\\\/wp-content\\\/uploads\\\/2026\\\/04\\\/WhatsApp-Image-2025-11-04-at-18.56.49.jpeg\",\"contentUrl\":\"https:\\\/\\\/ppdegalicia.com\\\/wp-content\\\/uploads\\\/2026\\\/04\\\/WhatsApp-Image-2025-11-04-at-18.56.49.jpeg\",\"width\":1280,\"height\":853},{\"@type\":\"BreadcrumbList\",\"@id\":\"https:\\\/\\\/ppdegalicia.com\\\/es\\\/lugo-gana-co-cambio\\\/#breadcrumb\",\"itemListElement\":[{\"@type\":\"ListItem\",\"position\":1,\"name\":\"Portada\",\"item\":\"https:\\\/\\\/ppdegalicia.com\\\/es\\\/\"},{\"@type\":\"ListItem\",\"position\":2,\"name\":\"Lugo ga\u00f1a co cambio\"}]},{\"@type\":\"WebSite\",\"@id\":\"https:\\\/\\\/ppdegalicia.com\\\/es\\\/#website\",\"url\":\"https:\\\/\\\/ppdegalicia.com\\\/es\\\/\",\"name\":\"Partido Popular de Galicia\",\"description\":\"Partido Popular de Galicia\",\"publisher\":{\"@id\":\"https:\\\/\\\/ppdegalicia.com\\\/es\\\/#organization\"},\"alternateName\":\"PP de Galicia\",\"potentialAction\":[{\"@type\":\"SearchAction\",\"target\":{\"@type\":\"EntryPoint\",\"urlTemplate\":\"https:\\\/\\\/ppdegalicia.com\\\/es\\\/?s={search_term_string}\"},\"query-input\":{\"@type\":\"PropertyValueSpecification\",\"valueRequired\":true,\"valueName\":\"search_term_string\"}}],\"inLanguage\":\"es\"},{\"@type\":\"Organization\",\"@id\":\"https:\\\/\\\/ppdegalicia.com\\\/es\\\/#organization\",\"name\":\"Partido Popular de Galicia\",\"alternateName\":\"PP de Galicia\",\"url\":\"https:\\\/\\\/ppdegalicia.com\\\/es\\\/\",\"logo\":{\"@type\":\"ImageObject\",\"inLanguage\":\"es\",\"@id\":\"https:\\\/\\\/ppdegalicia.com\\\/es\\\/#\\\/schema\\\/logo\\\/image\\\/\",\"url\":\"https:\\\/\\\/ppdegalicia.com\\\/wp-content\\\/uploads\\\/2023\\\/04\\\/logoPP512.png\",\"contentUrl\":\"https:\\\/\\\/ppdegalicia.com\\\/wp-content\\\/uploads\\\/2023\\\/04\\\/logoPP512.png\",\"width\":512,\"height\":512,\"caption\":\"Partido Popular de Galicia\"},\"image\":{\"@id\":\"https:\\\/\\\/ppdegalicia.com\\\/es\\\/#\\\/schema\\\/logo\\\/image\\\/\"},\"sameAs\":[\"https:\\\/\\\/www.instagram.com\\\/ppdegalicia\\\/\",\"https:\\\/\\\/x.com\\\/ppdegalicia\",\"https:\\\/\\\/www.tiktok.com\\\/@ppdegalicia\",\"https:\\\/\\\/www.youtube.com\\\/user\\\/ppdegalicia\"]},{\"@type\":\"Person\",\"@id\":\"https:\\\/\\\/ppdegalicia.com\\\/es\\\/#\\\/schema\\\/person\\\/5b822c6f59e872ebdd1142f307dbcb59\",\"name\":\"ppdegaliciaredes\",\"image\":{\"@type\":\"ImageObject\",\"inLanguage\":\"es\",\"@id\":\"https:\\\/\\\/secure.gravatar.com\\\/avatar\\\/3c9179cf0256d00c72a48d1f25783c58b6842cd56e85ef3a572881c8e28ccd59?s=96&d=mm&r=g\",\"url\":\"https:\\\/\\\/secure.gravatar.com\\\/avatar\\\/3c9179cf0256d00c72a48d1f25783c58b6842cd56e85ef3a572881c8e28ccd59?s=96&d=mm&r=g\",\"contentUrl\":\"https:\\\/\\\/secure.gravatar.com\\\/avatar\\\/3c9179cf0256d00c72a48d1f25783c58b6842cd56e85ef3a572881c8e28ccd59?s=96&d=mm&r=g\",\"caption\":\"ppdegaliciaredes\"},\"url\":\"https:\\\/\\\/ppdegalicia.com\\\/es\\\/author\\\/ppdegaliciaredes\\\/\"}]}<\/script>\n<!-- \/ Yoast SEO plugin. -->","yoast_head_json":{"title":"Lugo ga\u00f1a co cambio - PP de Galicia","robots":{"index":"index","follow":"follow","max-snippet":"max-snippet:-1","max-image-preview":"max-image-preview:large","max-video-preview":"max-video-preview:-1"},"canonical":"https:\/\/ppdegalicia.com\/es\/lugo-gana-co-cambio\/","og_locale":"es_ES","og_type":"article","og_title":"Lugo ga\u00f1a co cambio - PP de Galicia","og_description":"Nicole Grueira  Hai momentos nos que unha cidade ten que decidir se segue instalada na resignaci\u00f3n ou se aposta por avanzar. Lugo leva demasiado tempo parada. E cando unha cidade se para, perde oportunidades e perde futuro.","og_url":"https:\/\/ppdegalicia.com\/es\/lugo-gana-co-cambio\/","og_site_name":"PP de Galicia","article_publisher":"https:\/\/www.instagram.com\/ppdegalicia\/","article_published_time":"2026-04-29T08:54:19+00:00","og_image":[{"width":1280,"height":853,"url":"https:\/\/ppdegalicia.com\/wp-content\/uploads\/2026\/04\/WhatsApp-Image-2025-11-04-at-18.56.49.jpeg","type":"image\/jpeg"}],"author":"ppdegaliciaredes","twitter_card":"summary_large_image","twitter_creator":"@ppdegalicia","twitter_site":"@ppdegalicia","twitter_misc":{"Escrito por":"ppdegaliciaredes","Tiempo de lectura":"3 minutos"},"schema":{"@context":"https:\/\/schema.org","@graph":[{"@type":"Article","@id":"https:\/\/ppdegalicia.com\/es\/lugo-gana-co-cambio\/#article","isPartOf":{"@id":"https:\/\/ppdegalicia.com\/es\/lugo-gana-co-cambio\/"},"author":{"name":"ppdegaliciaredes","@id":"https:\/\/ppdegalicia.com\/es\/#\/schema\/person\/5b822c6f59e872ebdd1142f307dbcb59"},"headline":"Lugo ga\u00f1a co cambio","datePublished":"2026-04-29T08:54:19+00:00","mainEntityOfPage":{"@id":"https:\/\/ppdegalicia.com\/es\/lugo-gana-co-cambio\/"},"wordCount":471,"publisher":{"@id":"https:\/\/ppdegalicia.com\/es\/#organization"},"image":{"@id":"https:\/\/ppdegalicia.com\/es\/lugo-gana-co-cambio\/#primaryimage"},"thumbnailUrl":"https:\/\/ppdegalicia.com\/wp-content\/uploads\/2026\/04\/WhatsApp-Image-2025-11-04-at-18.56.49.jpeg","articleSection":["Opini\u00f3n"],"inLanguage":"es"},{"@type":"WebPage","@id":"https:\/\/ppdegalicia.com\/es\/lugo-gana-co-cambio\/","url":"https:\/\/ppdegalicia.com\/es\/lugo-gana-co-cambio\/","name":"Lugo ga\u00f1a co cambio - PP de Galicia","isPartOf":{"@id":"https:\/\/ppdegalicia.com\/es\/#website"},"primaryImageOfPage":{"@id":"https:\/\/ppdegalicia.com\/es\/lugo-gana-co-cambio\/#primaryimage"},"image":{"@id":"https:\/\/ppdegalicia.com\/es\/lugo-gana-co-cambio\/#primaryimage"},"thumbnailUrl":"https:\/\/ppdegalicia.com\/wp-content\/uploads\/2026\/04\/WhatsApp-Image-2025-11-04-at-18.56.49.jpeg","datePublished":"2026-04-29T08:54:19+00:00","breadcrumb":{"@id":"https:\/\/ppdegalicia.com\/es\/lugo-gana-co-cambio\/#breadcrumb"},"inLanguage":"es","potentialAction":[{"@type":"ReadAction","target":["https:\/\/ppdegalicia.com\/es\/lugo-gana-co-cambio\/"]}]},{"@type":"ImageObject","inLanguage":"es","@id":"https:\/\/ppdegalicia.com\/es\/lugo-gana-co-cambio\/#primaryimage","url":"https:\/\/ppdegalicia.com\/wp-content\/uploads\/2026\/04\/WhatsApp-Image-2025-11-04-at-18.56.49.jpeg","contentUrl":"https:\/\/ppdegalicia.com\/wp-content\/uploads\/2026\/04\/WhatsApp-Image-2025-11-04-at-18.56.49.jpeg","width":1280,"height":853},{"@type":"BreadcrumbList","@id":"https:\/\/ppdegalicia.com\/es\/lugo-gana-co-cambio\/#breadcrumb","itemListElement":[{"@type":"ListItem","position":1,"name":"Portada","item":"https:\/\/ppdegalicia.com\/es\/"},{"@type":"ListItem","position":2,"name":"Lugo ga\u00f1a co cambio"}]},{"@type":"WebSite","@id":"https:\/\/ppdegalicia.com\/es\/#website","url":"https:\/\/ppdegalicia.com\/es\/","name":"Partido Popular de Galicia","description":"Partido Popular de Galicia","publisher":{"@id":"https:\/\/ppdegalicia.com\/es\/#organization"},"alternateName":"PP de Galicia","potentialAction":[{"@type":"SearchAction","target":{"@type":"EntryPoint","urlTemplate":"https:\/\/ppdegalicia.com\/es\/?s={search_term_string}"},"query-input":{"@type":"PropertyValueSpecification","valueRequired":true,"valueName":"search_term_string"}}],"inLanguage":"es"},{"@type":"Organization","@id":"https:\/\/ppdegalicia.com\/es\/#organization","name":"Partido Popular de Galicia","alternateName":"PP de Galicia","url":"https:\/\/ppdegalicia.com\/es\/","logo":{"@type":"ImageObject","inLanguage":"es","@id":"https:\/\/ppdegalicia.com\/es\/#\/schema\/logo\/image\/","url":"https:\/\/ppdegalicia.com\/wp-content\/uploads\/2023\/04\/logoPP512.png","contentUrl":"https:\/\/ppdegalicia.com\/wp-content\/uploads\/2023\/04\/logoPP512.png","width":512,"height":512,"caption":"Partido Popular de Galicia"},"image":{"@id":"https:\/\/ppdegalicia.com\/es\/#\/schema\/logo\/image\/"},"sameAs":["https:\/\/www.instagram.com\/ppdegalicia\/","https:\/\/x.com\/ppdegalicia","https:\/\/www.tiktok.com\/@ppdegalicia","https:\/\/www.youtube.com\/user\/ppdegalicia"]},{"@type":"Person","@id":"https:\/\/ppdegalicia.com\/es\/#\/schema\/person\/5b822c6f59e872ebdd1142f307dbcb59","name":"ppdegaliciaredes","image":{"@type":"ImageObject","inLanguage":"es","@id":"https:\/\/secure.gravatar.com\/avatar\/3c9179cf0256d00c72a48d1f25783c58b6842cd56e85ef3a572881c8e28ccd59?s=96&d=mm&r=g","url":"https:\/\/secure.gravatar.com\/avatar\/3c9179cf0256d00c72a48d1f25783c58b6842cd56e85ef3a572881c8e28ccd59?s=96&d=mm&r=g","contentUrl":"https:\/\/secure.gravatar.com\/avatar\/3c9179cf0256d00c72a48d1f25783c58b6842cd56e85ef3a572881c8e28ccd59?s=96&d=mm&r=g","caption":"ppdegaliciaredes"},"url":"https:\/\/ppdegalicia.com\/es\/author\/ppdegaliciaredes\/"}]}},"_links":{"self":[{"href":"https:\/\/ppdegalicia.com\/es\/wp-json\/wp\/v2\/posts\/71055","targetHints":{"allow":["GET"]}}],"collection":[{"href":"https:\/\/ppdegalicia.com\/es\/wp-json\/wp\/v2\/posts"}],"about":[{"href":"https:\/\/ppdegalicia.com\/es\/wp-json\/wp\/v2\/types\/post"}],"author":[{"embeddable":true,"href":"https:\/\/ppdegalicia.com\/es\/wp-json\/wp\/v2\/users\/38"}],"replies":[{"embeddable":true,"href":"https:\/\/ppdegalicia.com\/es\/wp-json\/wp\/v2\/comments?post=71055"}],"version-history":[{"count":1,"href":"https:\/\/ppdegalicia.com\/es\/wp-json\/wp\/v2\/posts\/71055\/revisions"}],"predecessor-version":[{"id":71058,"href":"https:\/\/ppdegalicia.com\/es\/wp-json\/wp\/v2\/posts\/71055\/revisions\/71058"}],"wp:featuredmedia":[{"embeddable":true,"href":"https:\/\/ppdegalicia.com\/es\/wp-json\/wp\/v2\/media\/71056"}],"wp:attachment":[{"href":"https:\/\/ppdegalicia.com\/es\/wp-json\/wp\/v2\/media?parent=71055"}],"wp:term":[{"taxonomy":"category","embeddable":true,"href":"https:\/\/ppdegalicia.com\/es\/wp-json\/wp\/v2\/categories?post=71055"},{"taxonomy":"post_tag","embeddable":true,"href":"https:\/\/ppdegalicia.com\/es\/wp-json\/wp\/v2\/tags?post=71055"}],"curies":[{"name":"wp","href":"https:\/\/api.w.org\/{rel}","templated":true}]}}