{"id":71059,"date":"2026-04-28T21:54:50","date_gmt":"2026-04-28T20:54:50","guid":{"rendered":"https:\/\/ppdegalicia.com\/?p=71059"},"modified":"2026-04-29T09:56:19","modified_gmt":"2026-04-29T08:56:19","slug":"rueda-reivindica-en-ourense-o-adn-do-sentidino-e-da-estabilidade-do-ppdeg-coa-maquina-de-ganar-eleccions-sempre-engraxada-de-ca","status":"publish","type":"post","link":"https:\/\/ppdegalicia.com\/es\/rueda-reivindica-en-ourense-o-adn-do-sentidino-e-da-estabilidade-do-ppdeg-coa-maquina-de-ganar-eleccions-sempre-engraxada-de-ca\/","title":{"rendered":"Rueda reivindica en Ourense o ADN do \u201csentidi\u00f1o\u201d e da \u201cestabilidade\u201d do PPdeG, coa \u201cm\u00e1quina\u201d de ga\u00f1ar elecci\u00f3ns \u201csempre engraxada\u201d de cara a municipais e xerais"},"content":{"rendered":"<p style=\"font-weight: 400;\">O presidente do PPdeG, Alfonso Rueda, reivindica o ADN do \u201cpartido do sentidi\u00f1o e da estabilidade\u201d, que \u00e9 \u201co que m\u00e1is se parece aos galegos e aos ourens\u00e1ns\u201d. As\u00ed o manifestou durante a Xunta Directiva Provincial do PP de Ourense, no marco da rolda de reuni\u00f3ns que se realizaron xa nas provincias de A Coru\u00f1a, Pontevedra e Lugo, co obxectivo de \u201cter sempre engraxada a m\u00e1quina\u201d de ga\u00f1ar elecci\u00f3ns, como volveu definir ao Partido Popular o presidente auton\u00f3mico.<\/p>\n<p style=\"font-weight: 400;\">Precisamente, referiuse ao ciclo electoral \u201cintenso\u201d que se vive en Espa\u00f1a (Estremadura, Arag\u00f3n, Castela e Le\u00f3n e agora Andaluc\u00eda no mes de maio) e puxo o foco nas convocatorias que m\u00e1is afectar\u00e1n a Galicia: as municipais de 2027 e as xerais, \u201cque ser\u00e1n cando a S\u00e1nchez lle conve\u00f1a\u201d, dixo.<\/p>\n<p style=\"font-weight: 400;\">Nun chamamento a intensificar o traballo \u201cnos barrios e nos pobos\u201d, fixo fincap\u00e9 en que as elecci\u00f3ns \u201cse ga\u00f1an dende xa\u201d, enxalzando esa labor diaria dende concellos, deputaci\u00f3ns, Xunta de Galicia, Congreso ou Senado. Neste sentido, lembrou a tendencia de que o Partido Popular est\u00e1 sendo a opci\u00f3n maioritaria nas elecci\u00f3ns que xa se celebraron, proba de que os populares \u201cescoitan\u201d e \u201catenden\u201d \u00e1 cidadan\u00eda nas diferentes C\u00e1maras e a veci\u00f1anza responde co seu voto nas urnas. Con todo, instou \u00e1 militancia a \u201cnon dar todo por perdido, e menos nada por ga\u00f1ado\u201d. As\u00ed o sinalou nunha xunta directiva na que tam\u00e9n participaron o presidente provincial do PP de Ourense, Luis Menor, e a secretaria xeral do PPdeG, Paula Prado.<\/p>\n<p style=\"font-weight: 400;\"><strong><u>A GALICIA EN POSITIVO, A GALICIA DA TRANSFORMACI\u00d3N<\/u><\/strong><\/p>\n<p style=\"font-weight: 400;\">Nesa receita do \u00e9xito do PPdeG nas urnas, Rueda apostou por continuar cos valores de \u201cestabilidade\u201d e \u201cmoderaci\u00f3n\u201d e puxo como exemplo o Goberno Galego como un goberno \u201cque cumpre\u201d, citando fitos como a educaci\u00f3n gratu\u00edta desde a escola infantil ata a universidade; o esforzo hist\u00f3rico en vivenda, co anuncio recente de m\u00e1is medidas para facilitar o acceso das clases medias;\u00a0\u00a0a sanidade pioneira, co centro de protonterapia e o proxecto de reforma da atenci\u00f3n primaria, ou a busca de oportunidades para que Galicia siga medrando, como se fixo a pasada semana cunha viaxe institucional a China.<\/p>\n<p style=\"font-weight: 400;\">Sobre esta viaxe de traballo, o l\u00edder dos populares galegos afondou en que a visita \u201cexemplifica que Galicia, unha rexi\u00f3n perif\u00e9rica, xa ten a entidade suficiente para ir a China, unha potencia mundial, a presentarse como un territorio atractivo para investir\u201d. As\u00ed, remarcou que a transformaci\u00f3n da comunidade aut\u00f3noma nos \u00faltimos tempos \u00e9 algo \u201ca po\u00f1er en valor\u201d, xa que a \u00fanica forma de xerar riqueza, emprego e benestar \u00e9 atraendo investimentos e industrias \u00e1 nosa terra\u201d.<\/p>\n<p style=\"font-weight: 400;\">En contraposici\u00f3n ao Goberno auton\u00f3mico da \u201cGalicia en positivo\u201d, citou ao Goberno de S\u00e1nchez, que \u201cnon ten tempo nin para gobernar, nin para ocuparse dos problemas dos cidad\u00e1ns, nin dos ourens\u00e1ns\u201d, cun PSdeG que \u201cs\u00f3 cumpre ditados de Ferraz\u201d e \u201cpouco lle importa Galicia\u201d. Aos socialistas s\u00famase o seu socio do BNG, que \u201cpensa que ser oposici\u00f3n \u00e9 o mesmo que opo\u00f1erse a todo\u201d.<\/p>\n<p style=\"font-weight: 400;\"><strong><u>LUIS MENOR ANUNCIA TRES NOVOS CONGRESOS LOCAIS EN XU\u00d1O<\/u><\/strong><\/p>\n<p style=\"font-weight: 400;\">Pola s\u00faa banda, o presidente do PP da provincia de Ourense, Luis Menor, repasou a actividade desenvolvida polo PPdeOU nestes catro meses de 2026 e que cualificou como \u201cintens\u00edsimos\u201d, coa celebraci\u00f3n de cinco congresos locais, a creaci\u00f3n de tres novas xestoras, inclu\u00edda a de Novas Xeraci\u00f3ns de Ver\u00edn, e a constituci\u00f3n da primeira agrupaci\u00f3n moza na Limia.<\/p>\n<p style=\"font-weight: 400;\">Na Xunta Directiva aprob\u00e1ronse ademais tres novos congresos locais para o mes de xu\u00f1o -Esgos, Manzaneda e Viana do Bolo-, mantendo as\u00ed como principal desaf\u00edo \u201ca consolidaci\u00f3n territorial do partido, actualizando e fortalecendo cada agrupaci\u00f3n da provincia\u201d.<\/p>\n<p style=\"font-weight: 400;\">Tam\u00e9n se referiu \u00e1 celebraci\u00f3n da II Interparlamentaria ourens\u00e1 e \u00e1 creaci\u00f3n do grupo S\u00e9niors en Acci\u00f3n, integrado por maiores que reivindican a s\u00faa capacidade para xogar un papel activo na pol\u00edtica, ademais da organizaci\u00f3n, o pr\u00f3ximo 9 de maio, da primeira romar\u00eda provincial do PP de Ourense, \u201ccoa que queremos transmitir esa imaxe de fortaleza e uni\u00f3n que nos caracteriza\u201d.<\/p>\n<p style=\"font-weight: 400;\">Toda esta actividade, subli\u00f1ou Luis Menor, est\u00e1 encami\u00f1ada a manter a maquinaria do partido \u201ca pleno rendemento\u201d, \u00fanico xeito de mostrar ante a sociedade que \u201co noso compromiso con Ourense non ten meta\u201d.<\/p>\n<p style=\"font-weight: 400;\">Ademais dos obxectivos pol\u00edticos, como superar as 54 alcald\u00edas actuais, recuperar a maior\u00eda absoluta na Deputaci\u00f3n e ser decisivos na capital, o presidente provincial defendeu que o PP de Ourense lidera \u201ca bandeira da reivindicaci\u00f3n pola nosa implantaci\u00f3n no territorio e o co\u00f1ecemento profundo das necesidades da nosa veci\u00f1anza, con presenza constante en cada aldea e cada barrio, grazas a eses 473 concelleiros que temos por toda a provincia, o 55 % de todos os concelleiros\u201d.<\/p>\n","protected":false},"excerpt":{"rendered":"<p>O presidente do PPdeG, Alfonso Rueda, reivindica o ADN do \u201cpartido do sentidi\u00f1o e da estabilidade\u201d, que \u00e9 \u201co que m\u00e1is se parece aos galegos e aos ourens\u00e1ns\u201d. As\u00ed o manifestou durante a Xunta Directiva Provincial do PP de Ourense, no marco da rolda de reuni\u00f3ns que se realizaron xa nas provincias de A Coru\u00f1a, [&hellip;]<\/p>\n","protected":false},"author":38,"featured_media":71060,"comment_status":"closed","ping_status":"open","sticky":false,"template":"","format":"standard","meta":{"_acf_changed":false,"footnotes":""},"categories":[1],"tags":[],"class_list":["post-71059","post","type-post","status-publish","format-standard","has-post-thumbnail","hentry","category-pp-de-galicia"],"acf":[],"yoast_head":"<!-- This site is optimized with the Yoast SEO plugin v27.3 - https:\/\/yoast.com\/product\/yoast-seo-wordpress\/ -->\n<title>Rueda reivindica en Ourense o ADN do \u201csentidi\u00f1o\u201d e da \u201cestabilidade\u201d do PPdeG, coa \u201cm\u00e1quina\u201d de ga\u00f1ar elecci\u00f3ns \u201csempre engraxada\u201d de cara a municipais e xerais - PP de Galicia<\/title>\n<meta name=\"description\" content=\"O presidente do PPdeG, Alfonso Rueda, reivindica o ADN do \u201cpartido do sentidi\u00f1o e da estabilidade\u201d, que \u00e9 \u201co que m\u00e1is se parece aos galegos e aos ourens\u00e1ns\u201d. As\u00ed o manifestou durante a Xunta Directiva Provincial do PP de Ourense, no marco da rolda de reuni\u00f3ns que se realizaron xa nas provincias de A Coru\u00f1a, Pontevedra e Lugo, co obxectivo de \u201cter sempre engraxada a m\u00e1quina\u201d de ga\u00f1ar elecci\u00f3ns, como volveu definir ao Partido Popular o presidente auton\u00f3mico.\u00a0\" \/>\n<meta name=\"robots\" content=\"index, follow, max-snippet:-1, max-image-preview:large, max-video-preview:-1\" \/>\n<link rel=\"canonical\" href=\"https:\/\/ppdegalicia.com\/es\/rueda-reivindica-en-ourense-o-adn-do-sentidino-e-da-estabilidade-do-ppdeg-coa-maquina-de-ganar-eleccions-sempre-engraxada-de-ca\/\" \/>\n<meta property=\"og:locale\" content=\"es_ES\" \/>\n<meta property=\"og:type\" content=\"article\" \/>\n<meta property=\"og:title\" content=\"Rueda reivindica en Ourense o ADN do \u201csentidi\u00f1o\u201d e da \u201cestabilidade\u201d do PPdeG, coa \u201cm\u00e1quina\u201d de ga\u00f1ar elecci\u00f3ns \u201csempre engraxada\u201d de cara a municipais e xerais - PP de Galicia\" \/>\n<meta property=\"og:description\" content=\"O presidente do PPdeG, Alfonso Rueda, reivindica o ADN do \u201cpartido do sentidi\u00f1o e da estabilidade\u201d, que \u00e9 \u201co que m\u00e1is se parece aos galegos e aos ourens\u00e1ns\u201d. As\u00ed o manifestou durante a Xunta Directiva Provincial do PP de Ourense, no marco da rolda de reuni\u00f3ns que se realizaron xa nas provincias de A Coru\u00f1a, Pontevedra e Lugo, co obxectivo de \u201cter sempre engraxada a m\u00e1quina\u201d de ga\u00f1ar elecci\u00f3ns, como volveu definir ao Partido Popular o presidente auton\u00f3mico.\u00a0\" \/>\n<meta property=\"og:url\" content=\"https:\/\/ppdegalicia.com\/es\/rueda-reivindica-en-ourense-o-adn-do-sentidino-e-da-estabilidade-do-ppdeg-coa-maquina-de-ganar-eleccions-sempre-engraxada-de-ca\/\" \/>\n<meta property=\"og:site_name\" content=\"PP de Galicia\" \/>\n<meta property=\"article:publisher\" content=\"https:\/\/www.instagram.com\/ppdegalicia\/\" \/>\n<meta property=\"article:published_time\" content=\"2026-04-28T20:54:50+00:00\" \/>\n<meta property=\"article:modified_time\" content=\"2026-04-29T08:56:19+00:00\" \/>\n<meta property=\"og:image\" content=\"https:\/\/ppdegalicia.com\/wp-content\/uploads\/2026\/04\/20260428_ARueda_XDP_Ourense2-scaled.jpg\" \/>\n\t<meta property=\"og:image:width\" content=\"2560\" \/>\n\t<meta property=\"og:image:height\" content=\"1707\" \/>\n\t<meta property=\"og:image:type\" content=\"image\/jpeg\" \/>\n<meta name=\"author\" content=\"ppdegaliciaredes\" \/>\n<meta name=\"twitter:card\" content=\"summary_large_image\" \/>\n<meta name=\"twitter:creator\" content=\"@ppdegalicia\" \/>\n<meta name=\"twitter:site\" content=\"@ppdegalicia\" \/>\n<meta name=\"twitter:label1\" content=\"Escrito por\" \/>\n\t<meta name=\"twitter:data1\" content=\"ppdegaliciaredes\" \/>\n\t<meta name=\"twitter:label2\" content=\"Tiempo de lectura\" \/>\n\t<meta name=\"twitter:data2\" content=\"5 minutos\" \/>\n<script type=\"application\/ld+json\" class=\"yoast-schema-graph\">{\"@context\":\"https:\\\/\\\/schema.org\",\"@graph\":[{\"@type\":\"Article\",\"@id\":\"https:\\\/\\\/ppdegalicia.com\\\/es\\\/rueda-reivindica-en-ourense-o-adn-do-sentidino-e-da-estabilidade-do-ppdeg-coa-maquina-de-ganar-eleccions-sempre-engraxada-de-ca\\\/#article\",\"isPartOf\":{\"@id\":\"https:\\\/\\\/ppdegalicia.com\\\/es\\\/rueda-reivindica-en-ourense-o-adn-do-sentidino-e-da-estabilidade-do-ppdeg-coa-maquina-de-ganar-eleccions-sempre-engraxada-de-ca\\\/\"},\"author\":{\"name\":\"ppdegaliciaredes\",\"@id\":\"https:\\\/\\\/ppdegalicia.com\\\/es\\\/#\\\/schema\\\/person\\\/5b822c6f59e872ebdd1142f307dbcb59\"},\"headline\":\"Rueda reivindica en Ourense o ADN do \u201csentidi\u00f1o\u201d e da \u201cestabilidade\u201d do PPdeG, coa \u201cm\u00e1quina\u201d de ga\u00f1ar elecci\u00f3ns \u201csempre engraxada\u201d de cara a municipais e xerais\",\"datePublished\":\"2026-04-28T20:54:50+00:00\",\"dateModified\":\"2026-04-29T08:56:19+00:00\",\"mainEntityOfPage\":{\"@id\":\"https:\\\/\\\/ppdegalicia.com\\\/es\\\/rueda-reivindica-en-ourense-o-adn-do-sentidino-e-da-estabilidade-do-ppdeg-coa-maquina-de-ganar-eleccions-sempre-engraxada-de-ca\\\/\"},\"wordCount\":865,\"publisher\":{\"@id\":\"https:\\\/\\\/ppdegalicia.com\\\/es\\\/#organization\"},\"image\":{\"@id\":\"https:\\\/\\\/ppdegalicia.com\\\/es\\\/rueda-reivindica-en-ourense-o-adn-do-sentidino-e-da-estabilidade-do-ppdeg-coa-maquina-de-ganar-eleccions-sempre-engraxada-de-ca\\\/#primaryimage\"},\"thumbnailUrl\":\"https:\\\/\\\/ppdegalicia.com\\\/wp-content\\\/uploads\\\/2026\\\/04\\\/20260428_ARueda_XDP_Ourense2-scaled.jpg\",\"articleSection\":[\"PP de Galicia\"],\"inLanguage\":\"es\"},{\"@type\":\"WebPage\",\"@id\":\"https:\\\/\\\/ppdegalicia.com\\\/es\\\/rueda-reivindica-en-ourense-o-adn-do-sentidino-e-da-estabilidade-do-ppdeg-coa-maquina-de-ganar-eleccions-sempre-engraxada-de-ca\\\/\",\"url\":\"https:\\\/\\\/ppdegalicia.com\\\/es\\\/rueda-reivindica-en-ourense-o-adn-do-sentidino-e-da-estabilidade-do-ppdeg-coa-maquina-de-ganar-eleccions-sempre-engraxada-de-ca\\\/\",\"name\":\"Rueda reivindica en Ourense o ADN do \u201csentidi\u00f1o\u201d e da \u201cestabilidade\u201d do PPdeG, coa \u201cm\u00e1quina\u201d de ga\u00f1ar elecci\u00f3ns \u201csempre engraxada\u201d de cara a municipais e xerais - PP de Galicia\",\"isPartOf\":{\"@id\":\"https:\\\/\\\/ppdegalicia.com\\\/es\\\/#website\"},\"primaryImageOfPage\":{\"@id\":\"https:\\\/\\\/ppdegalicia.com\\\/es\\\/rueda-reivindica-en-ourense-o-adn-do-sentidino-e-da-estabilidade-do-ppdeg-coa-maquina-de-ganar-eleccions-sempre-engraxada-de-ca\\\/#primaryimage\"},\"image\":{\"@id\":\"https:\\\/\\\/ppdegalicia.com\\\/es\\\/rueda-reivindica-en-ourense-o-adn-do-sentidino-e-da-estabilidade-do-ppdeg-coa-maquina-de-ganar-eleccions-sempre-engraxada-de-ca\\\/#primaryimage\"},\"thumbnailUrl\":\"https:\\\/\\\/ppdegalicia.com\\\/wp-content\\\/uploads\\\/2026\\\/04\\\/20260428_ARueda_XDP_Ourense2-scaled.jpg\",\"datePublished\":\"2026-04-28T20:54:50+00:00\",\"dateModified\":\"2026-04-29T08:56:19+00:00\",\"description\":\"O presidente do PPdeG, Alfonso Rueda, reivindica o ADN do \u201cpartido do sentidi\u00f1o e da estabilidade\u201d, que \u00e9 \u201co que m\u00e1is se parece aos galegos e aos ourens\u00e1ns\u201d. As\u00ed o manifestou durante a Xunta Directiva Provincial do PP de Ourense, no marco da rolda de reuni\u00f3ns que se realizaron xa nas provincias de A Coru\u00f1a, Pontevedra e Lugo, co obxectivo de \u201cter sempre engraxada a m\u00e1quina\u201d de ga\u00f1ar elecci\u00f3ns, como volveu definir ao Partido Popular o presidente auton\u00f3mico.\u00a0\",\"breadcrumb\":{\"@id\":\"https:\\\/\\\/ppdegalicia.com\\\/es\\\/rueda-reivindica-en-ourense-o-adn-do-sentidino-e-da-estabilidade-do-ppdeg-coa-maquina-de-ganar-eleccions-sempre-engraxada-de-ca\\\/#breadcrumb\"},\"inLanguage\":\"es\",\"potentialAction\":[{\"@type\":\"ReadAction\",\"target\":[\"https:\\\/\\\/ppdegalicia.com\\\/es\\\/rueda-reivindica-en-ourense-o-adn-do-sentidino-e-da-estabilidade-do-ppdeg-coa-maquina-de-ganar-eleccions-sempre-engraxada-de-ca\\\/\"]}]},{\"@type\":\"ImageObject\",\"inLanguage\":\"es\",\"@id\":\"https:\\\/\\\/ppdegalicia.com\\\/es\\\/rueda-reivindica-en-ourense-o-adn-do-sentidino-e-da-estabilidade-do-ppdeg-coa-maquina-de-ganar-eleccions-sempre-engraxada-de-ca\\\/#primaryimage\",\"url\":\"https:\\\/\\\/ppdegalicia.com\\\/wp-content\\\/uploads\\\/2026\\\/04\\\/20260428_ARueda_XDP_Ourense2-scaled.jpg\",\"contentUrl\":\"https:\\\/\\\/ppdegalicia.com\\\/wp-content\\\/uploads\\\/2026\\\/04\\\/20260428_ARueda_XDP_Ourense2-scaled.jpg\",\"width\":2560,\"height\":1707},{\"@type\":\"BreadcrumbList\",\"@id\":\"https:\\\/\\\/ppdegalicia.com\\\/es\\\/rueda-reivindica-en-ourense-o-adn-do-sentidino-e-da-estabilidade-do-ppdeg-coa-maquina-de-ganar-eleccions-sempre-engraxada-de-ca\\\/#breadcrumb\",\"itemListElement\":[{\"@type\":\"ListItem\",\"position\":1,\"name\":\"Portada\",\"item\":\"https:\\\/\\\/ppdegalicia.com\\\/es\\\/\"},{\"@type\":\"ListItem\",\"position\":2,\"name\":\"Rueda reivindica en Ourense o ADN do \u201csentidi\u00f1o\u201d e da \u201cestabilidade\u201d do PPdeG, coa \u201cm\u00e1quina\u201d de ga\u00f1ar elecci\u00f3ns \u201csempre engraxada\u201d de cara a municipais e xerais\"}]},{\"@type\":\"WebSite\",\"@id\":\"https:\\\/\\\/ppdegalicia.com\\\/es\\\/#website\",\"url\":\"https:\\\/\\\/ppdegalicia.com\\\/es\\\/\",\"name\":\"Partido Popular de Galicia\",\"description\":\"Partido Popular de Galicia\",\"publisher\":{\"@id\":\"https:\\\/\\\/ppdegalicia.com\\\/es\\\/#organization\"},\"alternateName\":\"PP de Galicia\",\"potentialAction\":[{\"@type\":\"SearchAction\",\"target\":{\"@type\":\"EntryPoint\",\"urlTemplate\":\"https:\\\/\\\/ppdegalicia.com\\\/es\\\/?s={search_term_string}\"},\"query-input\":{\"@type\":\"PropertyValueSpecification\",\"valueRequired\":true,\"valueName\":\"search_term_string\"}}],\"inLanguage\":\"es\"},{\"@type\":\"Organization\",\"@id\":\"https:\\\/\\\/ppdegalicia.com\\\/es\\\/#organization\",\"name\":\"Partido Popular de Galicia\",\"alternateName\":\"PP de Galicia\",\"url\":\"https:\\\/\\\/ppdegalicia.com\\\/es\\\/\",\"logo\":{\"@type\":\"ImageObject\",\"inLanguage\":\"es\",\"@id\":\"https:\\\/\\\/ppdegalicia.com\\\/es\\\/#\\\/schema\\\/logo\\\/image\\\/\",\"url\":\"https:\\\/\\\/ppdegalicia.com\\\/wp-content\\\/uploads\\\/2023\\\/04\\\/logoPP512.png\",\"contentUrl\":\"https:\\\/\\\/ppdegalicia.com\\\/wp-content\\\/uploads\\\/2023\\\/04\\\/logoPP512.png\",\"width\":512,\"height\":512,\"caption\":\"Partido Popular de Galicia\"},\"image\":{\"@id\":\"https:\\\/\\\/ppdegalicia.com\\\/es\\\/#\\\/schema\\\/logo\\\/image\\\/\"},\"sameAs\":[\"https:\\\/\\\/www.instagram.com\\\/ppdegalicia\\\/\",\"https:\\\/\\\/x.com\\\/ppdegalicia\",\"https:\\\/\\\/www.tiktok.com\\\/@ppdegalicia\",\"https:\\\/\\\/www.youtube.com\\\/user\\\/ppdegalicia\"]},{\"@type\":\"Person\",\"@id\":\"https:\\\/\\\/ppdegalicia.com\\\/es\\\/#\\\/schema\\\/person\\\/5b822c6f59e872ebdd1142f307dbcb59\",\"name\":\"ppdegaliciaredes\",\"image\":{\"@type\":\"ImageObject\",\"inLanguage\":\"es\",\"@id\":\"https:\\\/\\\/secure.gravatar.com\\\/avatar\\\/3c9179cf0256d00c72a48d1f25783c58b6842cd56e85ef3a572881c8e28ccd59?s=96&d=mm&r=g\",\"url\":\"https:\\\/\\\/secure.gravatar.com\\\/avatar\\\/3c9179cf0256d00c72a48d1f25783c58b6842cd56e85ef3a572881c8e28ccd59?s=96&d=mm&r=g\",\"contentUrl\":\"https:\\\/\\\/secure.gravatar.com\\\/avatar\\\/3c9179cf0256d00c72a48d1f25783c58b6842cd56e85ef3a572881c8e28ccd59?s=96&d=mm&r=g\",\"caption\":\"ppdegaliciaredes\"},\"url\":\"https:\\\/\\\/ppdegalicia.com\\\/es\\\/author\\\/ppdegaliciaredes\\\/\"}]}<\/script>\n<!-- \/ Yoast SEO plugin. -->","yoast_head_json":{"title":"Rueda reivindica en Ourense o ADN do \u201csentidi\u00f1o\u201d e da \u201cestabilidade\u201d do PPdeG, coa \u201cm\u00e1quina\u201d de ga\u00f1ar elecci\u00f3ns \u201csempre engraxada\u201d de cara a municipais e xerais - PP de Galicia","description":"O presidente do PPdeG, Alfonso Rueda, reivindica o ADN do \u201cpartido do sentidi\u00f1o e da estabilidade\u201d, que \u00e9 \u201co que m\u00e1is se parece aos galegos e aos ourens\u00e1ns\u201d. As\u00ed o manifestou durante a Xunta Directiva Provincial do PP de Ourense, no marco da rolda de reuni\u00f3ns que se realizaron xa nas provincias de A Coru\u00f1a, Pontevedra e Lugo, co obxectivo de \u201cter sempre engraxada a m\u00e1quina\u201d de ga\u00f1ar elecci\u00f3ns, como volveu definir ao Partido Popular o presidente auton\u00f3mico.\u00a0","robots":{"index":"index","follow":"follow","max-snippet":"max-snippet:-1","max-image-preview":"max-image-preview:large","max-video-preview":"max-video-preview:-1"},"canonical":"https:\/\/ppdegalicia.com\/es\/rueda-reivindica-en-ourense-o-adn-do-sentidino-e-da-estabilidade-do-ppdeg-coa-maquina-de-ganar-eleccions-sempre-engraxada-de-ca\/","og_locale":"es_ES","og_type":"article","og_title":"Rueda reivindica en Ourense o ADN do \u201csentidi\u00f1o\u201d e da \u201cestabilidade\u201d do PPdeG, coa \u201cm\u00e1quina\u201d de ga\u00f1ar elecci\u00f3ns \u201csempre engraxada\u201d de cara a municipais e xerais - PP de Galicia","og_description":"O presidente do PPdeG, Alfonso Rueda, reivindica o ADN do \u201cpartido do sentidi\u00f1o e da estabilidade\u201d, que \u00e9 \u201co que m\u00e1is se parece aos galegos e aos ourens\u00e1ns\u201d. As\u00ed o manifestou durante a Xunta Directiva Provincial do PP de Ourense, no marco da rolda de reuni\u00f3ns que se realizaron xa nas provincias de A Coru\u00f1a, Pontevedra e Lugo, co obxectivo de \u201cter sempre engraxada a m\u00e1quina\u201d de ga\u00f1ar elecci\u00f3ns, como volveu definir ao Partido Popular o presidente auton\u00f3mico.\u00a0","og_url":"https:\/\/ppdegalicia.com\/es\/rueda-reivindica-en-ourense-o-adn-do-sentidino-e-da-estabilidade-do-ppdeg-coa-maquina-de-ganar-eleccions-sempre-engraxada-de-ca\/","og_site_name":"PP de Galicia","article_publisher":"https:\/\/www.instagram.com\/ppdegalicia\/","article_published_time":"2026-04-28T20:54:50+00:00","article_modified_time":"2026-04-29T08:56:19+00:00","og_image":[{"width":2560,"height":1707,"url":"https:\/\/ppdegalicia.com\/wp-content\/uploads\/2026\/04\/20260428_ARueda_XDP_Ourense2-scaled.jpg","type":"image\/jpeg"}],"author":"ppdegaliciaredes","twitter_card":"summary_large_image","twitter_creator":"@ppdegalicia","twitter_site":"@ppdegalicia","twitter_misc":{"Escrito por":"ppdegaliciaredes","Tiempo de lectura":"5 minutos"},"schema":{"@context":"https:\/\/schema.org","@graph":[{"@type":"Article","@id":"https:\/\/ppdegalicia.com\/es\/rueda-reivindica-en-ourense-o-adn-do-sentidino-e-da-estabilidade-do-ppdeg-coa-maquina-de-ganar-eleccions-sempre-engraxada-de-ca\/#article","isPartOf":{"@id":"https:\/\/ppdegalicia.com\/es\/rueda-reivindica-en-ourense-o-adn-do-sentidino-e-da-estabilidade-do-ppdeg-coa-maquina-de-ganar-eleccions-sempre-engraxada-de-ca\/"},"author":{"name":"ppdegaliciaredes","@id":"https:\/\/ppdegalicia.com\/es\/#\/schema\/person\/5b822c6f59e872ebdd1142f307dbcb59"},"headline":"Rueda reivindica en Ourense o ADN do \u201csentidi\u00f1o\u201d e da \u201cestabilidade\u201d do PPdeG, coa \u201cm\u00e1quina\u201d de ga\u00f1ar elecci\u00f3ns \u201csempre engraxada\u201d de cara a municipais e xerais","datePublished":"2026-04-28T20:54:50+00:00","dateModified":"2026-04-29T08:56:19+00:00","mainEntityOfPage":{"@id":"https:\/\/ppdegalicia.com\/es\/rueda-reivindica-en-ourense-o-adn-do-sentidino-e-da-estabilidade-do-ppdeg-coa-maquina-de-ganar-eleccions-sempre-engraxada-de-ca\/"},"wordCount":865,"publisher":{"@id":"https:\/\/ppdegalicia.com\/es\/#organization"},"image":{"@id":"https:\/\/ppdegalicia.com\/es\/rueda-reivindica-en-ourense-o-adn-do-sentidino-e-da-estabilidade-do-ppdeg-coa-maquina-de-ganar-eleccions-sempre-engraxada-de-ca\/#primaryimage"},"thumbnailUrl":"https:\/\/ppdegalicia.com\/wp-content\/uploads\/2026\/04\/20260428_ARueda_XDP_Ourense2-scaled.jpg","articleSection":["PP de Galicia"],"inLanguage":"es"},{"@type":"WebPage","@id":"https:\/\/ppdegalicia.com\/es\/rueda-reivindica-en-ourense-o-adn-do-sentidino-e-da-estabilidade-do-ppdeg-coa-maquina-de-ganar-eleccions-sempre-engraxada-de-ca\/","url":"https:\/\/ppdegalicia.com\/es\/rueda-reivindica-en-ourense-o-adn-do-sentidino-e-da-estabilidade-do-ppdeg-coa-maquina-de-ganar-eleccions-sempre-engraxada-de-ca\/","name":"Rueda reivindica en Ourense o ADN do \u201csentidi\u00f1o\u201d e da \u201cestabilidade\u201d do PPdeG, coa \u201cm\u00e1quina\u201d de ga\u00f1ar elecci\u00f3ns \u201csempre engraxada\u201d de cara a municipais e xerais - PP de Galicia","isPartOf":{"@id":"https:\/\/ppdegalicia.com\/es\/#website"},"primaryImageOfPage":{"@id":"https:\/\/ppdegalicia.com\/es\/rueda-reivindica-en-ourense-o-adn-do-sentidino-e-da-estabilidade-do-ppdeg-coa-maquina-de-ganar-eleccions-sempre-engraxada-de-ca\/#primaryimage"},"image":{"@id":"https:\/\/ppdegalicia.com\/es\/rueda-reivindica-en-ourense-o-adn-do-sentidino-e-da-estabilidade-do-ppdeg-coa-maquina-de-ganar-eleccions-sempre-engraxada-de-ca\/#primaryimage"},"thumbnailUrl":"https:\/\/ppdegalicia.com\/wp-content\/uploads\/2026\/04\/20260428_ARueda_XDP_Ourense2-scaled.jpg","datePublished":"2026-04-28T20:54:50+00:00","dateModified":"2026-04-29T08:56:19+00:00","description":"O presidente do PPdeG, Alfonso Rueda, reivindica o ADN do \u201cpartido do sentidi\u00f1o e da estabilidade\u201d, que \u00e9 \u201co que m\u00e1is se parece aos galegos e aos ourens\u00e1ns\u201d. As\u00ed o manifestou durante a Xunta Directiva Provincial do PP de Ourense, no marco da rolda de reuni\u00f3ns que se realizaron xa nas provincias de A Coru\u00f1a, Pontevedra e Lugo, co obxectivo de \u201cter sempre engraxada a m\u00e1quina\u201d de ga\u00f1ar elecci\u00f3ns, como volveu definir ao Partido Popular o presidente auton\u00f3mico.\u00a0","breadcrumb":{"@id":"https:\/\/ppdegalicia.com\/es\/rueda-reivindica-en-ourense-o-adn-do-sentidino-e-da-estabilidade-do-ppdeg-coa-maquina-de-ganar-eleccions-sempre-engraxada-de-ca\/#breadcrumb"},"inLanguage":"es","potentialAction":[{"@type":"ReadAction","target":["https:\/\/ppdegalicia.com\/es\/rueda-reivindica-en-ourense-o-adn-do-sentidino-e-da-estabilidade-do-ppdeg-coa-maquina-de-ganar-eleccions-sempre-engraxada-de-ca\/"]}]},{"@type":"ImageObject","inLanguage":"es","@id":"https:\/\/ppdegalicia.com\/es\/rueda-reivindica-en-ourense-o-adn-do-sentidino-e-da-estabilidade-do-ppdeg-coa-maquina-de-ganar-eleccions-sempre-engraxada-de-ca\/#primaryimage","url":"https:\/\/ppdegalicia.com\/wp-content\/uploads\/2026\/04\/20260428_ARueda_XDP_Ourense2-scaled.jpg","contentUrl":"https:\/\/ppdegalicia.com\/wp-content\/uploads\/2026\/04\/20260428_ARueda_XDP_Ourense2-scaled.jpg","width":2560,"height":1707},{"@type":"BreadcrumbList","@id":"https:\/\/ppdegalicia.com\/es\/rueda-reivindica-en-ourense-o-adn-do-sentidino-e-da-estabilidade-do-ppdeg-coa-maquina-de-ganar-eleccions-sempre-engraxada-de-ca\/#breadcrumb","itemListElement":[{"@type":"ListItem","position":1,"name":"Portada","item":"https:\/\/ppdegalicia.com\/es\/"},{"@type":"ListItem","position":2,"name":"Rueda reivindica en Ourense o ADN do \u201csentidi\u00f1o\u201d e da \u201cestabilidade\u201d do PPdeG, coa \u201cm\u00e1quina\u201d de ga\u00f1ar elecci\u00f3ns \u201csempre engraxada\u201d de cara a municipais e xerais"}]},{"@type":"WebSite","@id":"https:\/\/ppdegalicia.com\/es\/#website","url":"https:\/\/ppdegalicia.com\/es\/","name":"Partido Popular de Galicia","description":"Partido Popular de Galicia","publisher":{"@id":"https:\/\/ppdegalicia.com\/es\/#organization"},"alternateName":"PP de Galicia","potentialAction":[{"@type":"SearchAction","target":{"@type":"EntryPoint","urlTemplate":"https:\/\/ppdegalicia.com\/es\/?s={search_term_string}"},"query-input":{"@type":"PropertyValueSpecification","valueRequired":true,"valueName":"search_term_string"}}],"inLanguage":"es"},{"@type":"Organization","@id":"https:\/\/ppdegalicia.com\/es\/#organization","name":"Partido Popular de Galicia","alternateName":"PP de Galicia","url":"https:\/\/ppdegalicia.com\/es\/","logo":{"@type":"ImageObject","inLanguage":"es","@id":"https:\/\/ppdegalicia.com\/es\/#\/schema\/logo\/image\/","url":"https:\/\/ppdegalicia.com\/wp-content\/uploads\/2023\/04\/logoPP512.png","contentUrl":"https:\/\/ppdegalicia.com\/wp-content\/uploads\/2023\/04\/logoPP512.png","width":512,"height":512,"caption":"Partido Popular de Galicia"},"image":{"@id":"https:\/\/ppdegalicia.com\/es\/#\/schema\/logo\/image\/"},"sameAs":["https:\/\/www.instagram.com\/ppdegalicia\/","https:\/\/x.com\/ppdegalicia","https:\/\/www.tiktok.com\/@ppdegalicia","https:\/\/www.youtube.com\/user\/ppdegalicia"]},{"@type":"Person","@id":"https:\/\/ppdegalicia.com\/es\/#\/schema\/person\/5b822c6f59e872ebdd1142f307dbcb59","name":"ppdegaliciaredes","image":{"@type":"ImageObject","inLanguage":"es","@id":"https:\/\/secure.gravatar.com\/avatar\/3c9179cf0256d00c72a48d1f25783c58b6842cd56e85ef3a572881c8e28ccd59?s=96&d=mm&r=g","url":"https:\/\/secure.gravatar.com\/avatar\/3c9179cf0256d00c72a48d1f25783c58b6842cd56e85ef3a572881c8e28ccd59?s=96&d=mm&r=g","contentUrl":"https:\/\/secure.gravatar.com\/avatar\/3c9179cf0256d00c72a48d1f25783c58b6842cd56e85ef3a572881c8e28ccd59?s=96&d=mm&r=g","caption":"ppdegaliciaredes"},"url":"https:\/\/ppdegalicia.com\/es\/author\/ppdegaliciaredes\/"}]}},"_links":{"self":[{"href":"https:\/\/ppdegalicia.com\/es\/wp-json\/wp\/v2\/posts\/71059","targetHints":{"allow":["GET"]}}],"collection":[{"href":"https:\/\/ppdegalicia.com\/es\/wp-json\/wp\/v2\/posts"}],"about":[{"href":"https:\/\/ppdegalicia.com\/es\/wp-json\/wp\/v2\/types\/post"}],"author":[{"embeddable":true,"href":"https:\/\/ppdegalicia.com\/es\/wp-json\/wp\/v2\/users\/38"}],"replies":[{"embeddable":true,"href":"https:\/\/ppdegalicia.com\/es\/wp-json\/wp\/v2\/comments?post=71059"}],"version-history":[{"count":1,"href":"https:\/\/ppdegalicia.com\/es\/wp-json\/wp\/v2\/posts\/71059\/revisions"}],"predecessor-version":[{"id":71062,"href":"https:\/\/ppdegalicia.com\/es\/wp-json\/wp\/v2\/posts\/71059\/revisions\/71062"}],"wp:featuredmedia":[{"embeddable":true,"href":"https:\/\/ppdegalicia.com\/es\/wp-json\/wp\/v2\/media\/71060"}],"wp:attachment":[{"href":"https:\/\/ppdegalicia.com\/es\/wp-json\/wp\/v2\/media?parent=71059"}],"wp:term":[{"taxonomy":"category","embeddable":true,"href":"https:\/\/ppdegalicia.com\/es\/wp-json\/wp\/v2\/categories?post=71059"},{"taxonomy":"post_tag","embeddable":true,"href":"https:\/\/ppdegalicia.com\/es\/wp-json\/wp\/v2\/tags?post=71059"}],"curies":[{"name":"wp","href":"https:\/\/api.w.org\/{rel}","templated":true}]}}