{"id":71063,"date":"2026-04-29T10:02:26","date_gmt":"2026-04-29T09:02:26","guid":{"rendered":"https:\/\/ppdegalicia.com\/?p=71063"},"modified":"2026-04-29T10:02:26","modified_gmt":"2026-04-29T09:02:26","slug":"el-parlamento-europeo-propone-elevar-a-7-300-millones-de-euros-los-fondos-para-la-pesca-en-el-proximo-marco-financiero-plurianual","status":"publish","type":"post","link":"https:\/\/ppdegalicia.com\/es\/el-parlamento-europeo-propone-elevar-a-7-300-millones-de-euros-los-fondos-para-la-pesca-en-el-proximo-marco-financiero-plurianual\/","title":{"rendered":"El Parlamento Europeo propone elevar a 7.300 millones de euros los fondos para la pesca en el pr\u00f3ximo Marco Financiero Plurianual"},"content":{"rendered":"<p style=\"font-weight: 400;\">El Parlamento Europeo ha aprobado en el pleno celebrado en Estrasburgo su posici\u00f3n de cara a las futuras negociaciones interinstitucionales sobre el pr\u00f3ximo Marco Financiero Plurianual, incluyendo su propuesta en materia de financiaci\u00f3n para el sector pesquero y acu\u00edcola europeo.El eurodiputado del Partido Popular Francisco Mill\u00e1n Mon, miembro de la Comisi\u00f3n de Pesca, intervino en el debate relativo a esta cuesti\u00f3n.<\/p>\n<p style=\"font-weight: 400;\">Seg\u00fan el eurodiputado gallego, el texto aprobado supone \u201cun avance muy positivo para la pesca y la acuicultura europeas\u201d, al plantear una dotaci\u00f3n de casi 7.300 millones de euros, frente al recorte \u201cbrutal\u201d del 67% propuesto inicialmente por la Comisi\u00f3n Europea. En su lugar, el Parlamento no s\u00f3lo rechaza el recorte, sino que defiende un incremento de aproximadamente el 20% en la financiaci\u00f3n de estos sectores estrat\u00e9gicos.<\/p>\n<p style=\"font-weight: 400;\">Mill\u00e1n Mon aprovech\u00f3 la ocasi\u00f3n para agradecer a los ponentes, en especial, a Siegfried Muresan, su trabajo y su compromiso en defensa de la financiaci\u00f3n de la pesca, \u201cuna prioridad para el grupo popular europeo\u201d, apunt\u00f3. \u201cY es una prioridad porque la pesca debe afrontar numerosos retos para los que se necesita una financiaci\u00f3n adecuada: la descarbonizaci\u00f3n, modernizaci\u00f3n y renovaci\u00f3n de la flota, el relevo generacional, un descenso del consumo de pescado y un elevado aumento de los costes que provoca la bajada de la rentabilidad\u201d, a\u00f1adi\u00f3 el eurodiputado popular.<\/p>\n<p style=\"font-weight: 400;\">Tras subrayar la necesidad de consolidar este incremento de la financiaci\u00f3n para pesca y acuicultura en las pr\u00f3ximas negociaciones interinstitucionales, Mill\u00e1n Mon hizo un llamamiento al Consejo para que mantenga el nivel de ambici\u00f3n fijado por el Parlamento Europeo: \u201cEspero que el Consejo est\u00e9 a la altura de las circunstancias\u201d, afirm\u00f3.<\/p>\n<p style=\"font-weight: 400;\">Para finalizar, el eurodiputado destac\u00f3 que el informe es tambi\u00e9n positivo en lo relativo a la pol\u00edtica de cohesi\u00f3n. E igualmente en la financiaci\u00f3n de la defensa europea cuyo refuerzo es \u201ctan necesario en estos momentos dif\u00edciles en los que ha vuelto a Europa el fantasma de la guerra\u201d, concluy\u00f3.<\/p>\n","protected":false},"excerpt":{"rendered":"<p>El Parlamento Europeo ha aprobado en el pleno celebrado en Estrasburgo su posici\u00f3n de cara a las futuras negociaciones interinstitucionales sobre el pr\u00f3ximo Marco Financiero Plurianual, incluyendo su propuesta en materia de financiaci\u00f3n para el sector pesquero y acu\u00edcola europeo.El eurodiputado del Partido Popular Francisco Mill\u00e1n Mon, miembro de la Comisi\u00f3n de Pesca, intervino en [&hellip;]<\/p>\n","protected":false},"author":38,"featured_media":70871,"comment_status":"closed","ping_status":"open","sticky":false,"template":"","format":"standard","meta":{"_acf_changed":false,"footnotes":""},"categories":[1127],"tags":[],"class_list":["post-71063","post","type-post","status-publish","format-standard","has-post-thumbnail","hentry","category-actualidad-parlamento-europeo"],"acf":[],"yoast_head":"<!-- This site is optimized with the Yoast SEO plugin v27.3 - https:\/\/yoast.com\/product\/yoast-seo-wordpress\/ -->\n<title>El Parlamento Europeo propone elevar a 7.300 millones de euros los fondos para la pesca en el pr\u00f3ximo Marco Financiero Plurianual - PP de Galicia<\/title>\n<meta name=\"description\" content=\"El Parlamento Europeo ha aprobado en el pleno celebrado en Estrasburgo su posici\u00f3n de cara a las futuras negociaciones interinstitucionales sobre el pr\u00f3ximo Marco Financiero Plurianual, incluyendo su propuesta en materia de financiaci\u00f3n para el sector pesquero y acu\u00edcola europeo\" \/>\n<meta name=\"robots\" content=\"index, follow, max-snippet:-1, max-image-preview:large, max-video-preview:-1\" \/>\n<link rel=\"canonical\" href=\"https:\/\/ppdegalicia.com\/es\/el-parlamento-europeo-propone-elevar-a-7-300-millones-de-euros-los-fondos-para-la-pesca-en-el-proximo-marco-financiero-plurianual\/\" \/>\n<meta property=\"og:locale\" content=\"es_ES\" \/>\n<meta property=\"og:type\" content=\"article\" \/>\n<meta property=\"og:title\" content=\"El Parlamento Europeo propone elevar a 7.300 millones de euros los fondos para la pesca en el pr\u00f3ximo Marco Financiero Plurianual - PP de Galicia\" \/>\n<meta property=\"og:description\" content=\"El Parlamento Europeo ha aprobado en el pleno celebrado en Estrasburgo su posici\u00f3n de cara a las futuras negociaciones interinstitucionales sobre el pr\u00f3ximo Marco Financiero Plurianual, incluyendo su propuesta en materia de financiaci\u00f3n para el sector pesquero y acu\u00edcola europeo\" \/>\n<meta property=\"og:url\" content=\"https:\/\/ppdegalicia.com\/es\/el-parlamento-europeo-propone-elevar-a-7-300-millones-de-euros-los-fondos-para-la-pesca-en-el-proximo-marco-financiero-plurianual\/\" \/>\n<meta property=\"og:site_name\" content=\"PP de Galicia\" \/>\n<meta property=\"article:publisher\" content=\"https:\/\/www.instagram.com\/ppdegalicia\/\" \/>\n<meta property=\"article:published_time\" content=\"2026-04-29T09:02:26+00:00\" \/>\n<meta property=\"og:image\" content=\"https:\/\/ppdegalicia.com\/wp-content\/uploads\/2026\/04\/20260408FranciscoMillanMon.jpg\" \/>\n\t<meta property=\"og:image:width\" content=\"1200\" \/>\n\t<meta property=\"og:image:height\" content=\"900\" \/>\n\t<meta property=\"og:image:type\" content=\"image\/jpeg\" \/>\n<meta name=\"author\" content=\"ppdegaliciaredes\" \/>\n<meta name=\"twitter:card\" content=\"summary_large_image\" \/>\n<meta name=\"twitter:creator\" content=\"@ppdegalicia\" \/>\n<meta name=\"twitter:site\" content=\"@ppdegalicia\" \/>\n<meta name=\"twitter:label1\" content=\"Escrito por\" \/>\n\t<meta name=\"twitter:data1\" content=\"ppdegaliciaredes\" \/>\n\t<meta name=\"twitter:label2\" content=\"Tiempo de lectura\" \/>\n\t<meta name=\"twitter:data2\" content=\"2 minutos\" \/>\n<script type=\"application\/ld+json\" class=\"yoast-schema-graph\">{\"@context\":\"https:\\\/\\\/schema.org\",\"@graph\":[{\"@type\":\"Article\",\"@id\":\"https:\\\/\\\/ppdegalicia.com\\\/es\\\/el-parlamento-europeo-propone-elevar-a-7-300-millones-de-euros-los-fondos-para-la-pesca-en-el-proximo-marco-financiero-plurianual\\\/#article\",\"isPartOf\":{\"@id\":\"https:\\\/\\\/ppdegalicia.com\\\/es\\\/el-parlamento-europeo-propone-elevar-a-7-300-millones-de-euros-los-fondos-para-la-pesca-en-el-proximo-marco-financiero-plurianual\\\/\"},\"author\":{\"name\":\"ppdegaliciaredes\",\"@id\":\"https:\\\/\\\/ppdegalicia.com\\\/es\\\/#\\\/schema\\\/person\\\/5b822c6f59e872ebdd1142f307dbcb59\"},\"headline\":\"El Parlamento Europeo propone elevar a 7.300 millones de euros los fondos para la pesca en el pr\u00f3ximo Marco Financiero Plurianual\",\"datePublished\":\"2026-04-29T09:02:26+00:00\",\"mainEntityOfPage\":{\"@id\":\"https:\\\/\\\/ppdegalicia.com\\\/es\\\/el-parlamento-europeo-propone-elevar-a-7-300-millones-de-euros-los-fondos-para-la-pesca-en-el-proximo-marco-financiero-plurianual\\\/\"},\"wordCount\":368,\"publisher\":{\"@id\":\"https:\\\/\\\/ppdegalicia.com\\\/es\\\/#organization\"},\"image\":{\"@id\":\"https:\\\/\\\/ppdegalicia.com\\\/es\\\/el-parlamento-europeo-propone-elevar-a-7-300-millones-de-euros-los-fondos-para-la-pesca-en-el-proximo-marco-financiero-plurianual\\\/#primaryimage\"},\"thumbnailUrl\":\"https:\\\/\\\/ppdegalicia.com\\\/wp-content\\\/uploads\\\/2026\\\/04\\\/20260408FranciscoMillanMon.jpg\",\"articleSection\":[\"Parlamento Europeo\"],\"inLanguage\":\"es\"},{\"@type\":\"WebPage\",\"@id\":\"https:\\\/\\\/ppdegalicia.com\\\/es\\\/el-parlamento-europeo-propone-elevar-a-7-300-millones-de-euros-los-fondos-para-la-pesca-en-el-proximo-marco-financiero-plurianual\\\/\",\"url\":\"https:\\\/\\\/ppdegalicia.com\\\/es\\\/el-parlamento-europeo-propone-elevar-a-7-300-millones-de-euros-los-fondos-para-la-pesca-en-el-proximo-marco-financiero-plurianual\\\/\",\"name\":\"El Parlamento Europeo propone elevar a 7.300 millones de euros los fondos para la pesca en el pr\u00f3ximo Marco Financiero Plurianual - PP de Galicia\",\"isPartOf\":{\"@id\":\"https:\\\/\\\/ppdegalicia.com\\\/es\\\/#website\"},\"primaryImageOfPage\":{\"@id\":\"https:\\\/\\\/ppdegalicia.com\\\/es\\\/el-parlamento-europeo-propone-elevar-a-7-300-millones-de-euros-los-fondos-para-la-pesca-en-el-proximo-marco-financiero-plurianual\\\/#primaryimage\"},\"image\":{\"@id\":\"https:\\\/\\\/ppdegalicia.com\\\/es\\\/el-parlamento-europeo-propone-elevar-a-7-300-millones-de-euros-los-fondos-para-la-pesca-en-el-proximo-marco-financiero-plurianual\\\/#primaryimage\"},\"thumbnailUrl\":\"https:\\\/\\\/ppdegalicia.com\\\/wp-content\\\/uploads\\\/2026\\\/04\\\/20260408FranciscoMillanMon.jpg\",\"datePublished\":\"2026-04-29T09:02:26+00:00\",\"description\":\"El Parlamento Europeo ha aprobado en el pleno celebrado en Estrasburgo su posici\u00f3n de cara a las futuras negociaciones interinstitucionales sobre el pr\u00f3ximo Marco Financiero Plurianual, incluyendo su propuesta en materia de financiaci\u00f3n para el sector pesquero y acu\u00edcola europeo\",\"breadcrumb\":{\"@id\":\"https:\\\/\\\/ppdegalicia.com\\\/es\\\/el-parlamento-europeo-propone-elevar-a-7-300-millones-de-euros-los-fondos-para-la-pesca-en-el-proximo-marco-financiero-plurianual\\\/#breadcrumb\"},\"inLanguage\":\"es\",\"potentialAction\":[{\"@type\":\"ReadAction\",\"target\":[\"https:\\\/\\\/ppdegalicia.com\\\/es\\\/el-parlamento-europeo-propone-elevar-a-7-300-millones-de-euros-los-fondos-para-la-pesca-en-el-proximo-marco-financiero-plurianual\\\/\"]}]},{\"@type\":\"ImageObject\",\"inLanguage\":\"es\",\"@id\":\"https:\\\/\\\/ppdegalicia.com\\\/es\\\/el-parlamento-europeo-propone-elevar-a-7-300-millones-de-euros-los-fondos-para-la-pesca-en-el-proximo-marco-financiero-plurianual\\\/#primaryimage\",\"url\":\"https:\\\/\\\/ppdegalicia.com\\\/wp-content\\\/uploads\\\/2026\\\/04\\\/20260408FranciscoMillanMon.jpg\",\"contentUrl\":\"https:\\\/\\\/ppdegalicia.com\\\/wp-content\\\/uploads\\\/2026\\\/04\\\/20260408FranciscoMillanMon.jpg\",\"width\":1200,\"height\":900},{\"@type\":\"BreadcrumbList\",\"@id\":\"https:\\\/\\\/ppdegalicia.com\\\/es\\\/el-parlamento-europeo-propone-elevar-a-7-300-millones-de-euros-los-fondos-para-la-pesca-en-el-proximo-marco-financiero-plurianual\\\/#breadcrumb\",\"itemListElement\":[{\"@type\":\"ListItem\",\"position\":1,\"name\":\"Portada\",\"item\":\"https:\\\/\\\/ppdegalicia.com\\\/es\\\/\"},{\"@type\":\"ListItem\",\"position\":2,\"name\":\"El Parlamento Europeo propone elevar a 7.300 millones de euros los fondos para la pesca en el pr\u00f3ximo Marco Financiero Plurianual\"}]},{\"@type\":\"WebSite\",\"@id\":\"https:\\\/\\\/ppdegalicia.com\\\/es\\\/#website\",\"url\":\"https:\\\/\\\/ppdegalicia.com\\\/es\\\/\",\"name\":\"Partido Popular de Galicia\",\"description\":\"Partido Popular de Galicia\",\"publisher\":{\"@id\":\"https:\\\/\\\/ppdegalicia.com\\\/es\\\/#organization\"},\"alternateName\":\"PP de Galicia\",\"potentialAction\":[{\"@type\":\"SearchAction\",\"target\":{\"@type\":\"EntryPoint\",\"urlTemplate\":\"https:\\\/\\\/ppdegalicia.com\\\/es\\\/?s={search_term_string}\"},\"query-input\":{\"@type\":\"PropertyValueSpecification\",\"valueRequired\":true,\"valueName\":\"search_term_string\"}}],\"inLanguage\":\"es\"},{\"@type\":\"Organization\",\"@id\":\"https:\\\/\\\/ppdegalicia.com\\\/es\\\/#organization\",\"name\":\"Partido Popular de Galicia\",\"alternateName\":\"PP de Galicia\",\"url\":\"https:\\\/\\\/ppdegalicia.com\\\/es\\\/\",\"logo\":{\"@type\":\"ImageObject\",\"inLanguage\":\"es\",\"@id\":\"https:\\\/\\\/ppdegalicia.com\\\/es\\\/#\\\/schema\\\/logo\\\/image\\\/\",\"url\":\"https:\\\/\\\/ppdegalicia.com\\\/wp-content\\\/uploads\\\/2023\\\/04\\\/logoPP512.png\",\"contentUrl\":\"https:\\\/\\\/ppdegalicia.com\\\/wp-content\\\/uploads\\\/2023\\\/04\\\/logoPP512.png\",\"width\":512,\"height\":512,\"caption\":\"Partido Popular de Galicia\"},\"image\":{\"@id\":\"https:\\\/\\\/ppdegalicia.com\\\/es\\\/#\\\/schema\\\/logo\\\/image\\\/\"},\"sameAs\":[\"https:\\\/\\\/www.instagram.com\\\/ppdegalicia\\\/\",\"https:\\\/\\\/x.com\\\/ppdegalicia\",\"https:\\\/\\\/www.tiktok.com\\\/@ppdegalicia\",\"https:\\\/\\\/www.youtube.com\\\/user\\\/ppdegalicia\"]},{\"@type\":\"Person\",\"@id\":\"https:\\\/\\\/ppdegalicia.com\\\/es\\\/#\\\/schema\\\/person\\\/5b822c6f59e872ebdd1142f307dbcb59\",\"name\":\"ppdegaliciaredes\",\"image\":{\"@type\":\"ImageObject\",\"inLanguage\":\"es\",\"@id\":\"https:\\\/\\\/secure.gravatar.com\\\/avatar\\\/3c9179cf0256d00c72a48d1f25783c58b6842cd56e85ef3a572881c8e28ccd59?s=96&d=mm&r=g\",\"url\":\"https:\\\/\\\/secure.gravatar.com\\\/avatar\\\/3c9179cf0256d00c72a48d1f25783c58b6842cd56e85ef3a572881c8e28ccd59?s=96&d=mm&r=g\",\"contentUrl\":\"https:\\\/\\\/secure.gravatar.com\\\/avatar\\\/3c9179cf0256d00c72a48d1f25783c58b6842cd56e85ef3a572881c8e28ccd59?s=96&d=mm&r=g\",\"caption\":\"ppdegaliciaredes\"},\"url\":\"https:\\\/\\\/ppdegalicia.com\\\/es\\\/author\\\/ppdegaliciaredes\\\/\"}]}<\/script>\n<!-- \/ Yoast SEO plugin. -->","yoast_head_json":{"title":"El Parlamento Europeo propone elevar a 7.300 millones de euros los fondos para la pesca en el pr\u00f3ximo Marco Financiero Plurianual - PP de Galicia","description":"El Parlamento Europeo ha aprobado en el pleno celebrado en Estrasburgo su posici\u00f3n de cara a las futuras negociaciones interinstitucionales sobre el pr\u00f3ximo Marco Financiero Plurianual, incluyendo su propuesta en materia de financiaci\u00f3n para el sector pesquero y acu\u00edcola europeo","robots":{"index":"index","follow":"follow","max-snippet":"max-snippet:-1","max-image-preview":"max-image-preview:large","max-video-preview":"max-video-preview:-1"},"canonical":"https:\/\/ppdegalicia.com\/es\/el-parlamento-europeo-propone-elevar-a-7-300-millones-de-euros-los-fondos-para-la-pesca-en-el-proximo-marco-financiero-plurianual\/","og_locale":"es_ES","og_type":"article","og_title":"El Parlamento Europeo propone elevar a 7.300 millones de euros los fondos para la pesca en el pr\u00f3ximo Marco Financiero Plurianual - PP de Galicia","og_description":"El Parlamento Europeo ha aprobado en el pleno celebrado en Estrasburgo su posici\u00f3n de cara a las futuras negociaciones interinstitucionales sobre el pr\u00f3ximo Marco Financiero Plurianual, incluyendo su propuesta en materia de financiaci\u00f3n para el sector pesquero y acu\u00edcola europeo","og_url":"https:\/\/ppdegalicia.com\/es\/el-parlamento-europeo-propone-elevar-a-7-300-millones-de-euros-los-fondos-para-la-pesca-en-el-proximo-marco-financiero-plurianual\/","og_site_name":"PP de Galicia","article_publisher":"https:\/\/www.instagram.com\/ppdegalicia\/","article_published_time":"2026-04-29T09:02:26+00:00","og_image":[{"width":1200,"height":900,"url":"https:\/\/ppdegalicia.com\/wp-content\/uploads\/2026\/04\/20260408FranciscoMillanMon.jpg","type":"image\/jpeg"}],"author":"ppdegaliciaredes","twitter_card":"summary_large_image","twitter_creator":"@ppdegalicia","twitter_site":"@ppdegalicia","twitter_misc":{"Escrito por":"ppdegaliciaredes","Tiempo de lectura":"2 minutos"},"schema":{"@context":"https:\/\/schema.org","@graph":[{"@type":"Article","@id":"https:\/\/ppdegalicia.com\/es\/el-parlamento-europeo-propone-elevar-a-7-300-millones-de-euros-los-fondos-para-la-pesca-en-el-proximo-marco-financiero-plurianual\/#article","isPartOf":{"@id":"https:\/\/ppdegalicia.com\/es\/el-parlamento-europeo-propone-elevar-a-7-300-millones-de-euros-los-fondos-para-la-pesca-en-el-proximo-marco-financiero-plurianual\/"},"author":{"name":"ppdegaliciaredes","@id":"https:\/\/ppdegalicia.com\/es\/#\/schema\/person\/5b822c6f59e872ebdd1142f307dbcb59"},"headline":"El Parlamento Europeo propone elevar a 7.300 millones de euros los fondos para la pesca en el pr\u00f3ximo Marco Financiero Plurianual","datePublished":"2026-04-29T09:02:26+00:00","mainEntityOfPage":{"@id":"https:\/\/ppdegalicia.com\/es\/el-parlamento-europeo-propone-elevar-a-7-300-millones-de-euros-los-fondos-para-la-pesca-en-el-proximo-marco-financiero-plurianual\/"},"wordCount":368,"publisher":{"@id":"https:\/\/ppdegalicia.com\/es\/#organization"},"image":{"@id":"https:\/\/ppdegalicia.com\/es\/el-parlamento-europeo-propone-elevar-a-7-300-millones-de-euros-los-fondos-para-la-pesca-en-el-proximo-marco-financiero-plurianual\/#primaryimage"},"thumbnailUrl":"https:\/\/ppdegalicia.com\/wp-content\/uploads\/2026\/04\/20260408FranciscoMillanMon.jpg","articleSection":["Parlamento Europeo"],"inLanguage":"es"},{"@type":"WebPage","@id":"https:\/\/ppdegalicia.com\/es\/el-parlamento-europeo-propone-elevar-a-7-300-millones-de-euros-los-fondos-para-la-pesca-en-el-proximo-marco-financiero-plurianual\/","url":"https:\/\/ppdegalicia.com\/es\/el-parlamento-europeo-propone-elevar-a-7-300-millones-de-euros-los-fondos-para-la-pesca-en-el-proximo-marco-financiero-plurianual\/","name":"El Parlamento Europeo propone elevar a 7.300 millones de euros los fondos para la pesca en el pr\u00f3ximo Marco Financiero Plurianual - PP de Galicia","isPartOf":{"@id":"https:\/\/ppdegalicia.com\/es\/#website"},"primaryImageOfPage":{"@id":"https:\/\/ppdegalicia.com\/es\/el-parlamento-europeo-propone-elevar-a-7-300-millones-de-euros-los-fondos-para-la-pesca-en-el-proximo-marco-financiero-plurianual\/#primaryimage"},"image":{"@id":"https:\/\/ppdegalicia.com\/es\/el-parlamento-europeo-propone-elevar-a-7-300-millones-de-euros-los-fondos-para-la-pesca-en-el-proximo-marco-financiero-plurianual\/#primaryimage"},"thumbnailUrl":"https:\/\/ppdegalicia.com\/wp-content\/uploads\/2026\/04\/20260408FranciscoMillanMon.jpg","datePublished":"2026-04-29T09:02:26+00:00","description":"El Parlamento Europeo ha aprobado en el pleno celebrado en Estrasburgo su posici\u00f3n de cara a las futuras negociaciones interinstitucionales sobre el pr\u00f3ximo Marco Financiero Plurianual, incluyendo su propuesta en materia de financiaci\u00f3n para el sector pesquero y acu\u00edcola europeo","breadcrumb":{"@id":"https:\/\/ppdegalicia.com\/es\/el-parlamento-europeo-propone-elevar-a-7-300-millones-de-euros-los-fondos-para-la-pesca-en-el-proximo-marco-financiero-plurianual\/#breadcrumb"},"inLanguage":"es","potentialAction":[{"@type":"ReadAction","target":["https:\/\/ppdegalicia.com\/es\/el-parlamento-europeo-propone-elevar-a-7-300-millones-de-euros-los-fondos-para-la-pesca-en-el-proximo-marco-financiero-plurianual\/"]}]},{"@type":"ImageObject","inLanguage":"es","@id":"https:\/\/ppdegalicia.com\/es\/el-parlamento-europeo-propone-elevar-a-7-300-millones-de-euros-los-fondos-para-la-pesca-en-el-proximo-marco-financiero-plurianual\/#primaryimage","url":"https:\/\/ppdegalicia.com\/wp-content\/uploads\/2026\/04\/20260408FranciscoMillanMon.jpg","contentUrl":"https:\/\/ppdegalicia.com\/wp-content\/uploads\/2026\/04\/20260408FranciscoMillanMon.jpg","width":1200,"height":900},{"@type":"BreadcrumbList","@id":"https:\/\/ppdegalicia.com\/es\/el-parlamento-europeo-propone-elevar-a-7-300-millones-de-euros-los-fondos-para-la-pesca-en-el-proximo-marco-financiero-plurianual\/#breadcrumb","itemListElement":[{"@type":"ListItem","position":1,"name":"Portada","item":"https:\/\/ppdegalicia.com\/es\/"},{"@type":"ListItem","position":2,"name":"El Parlamento Europeo propone elevar a 7.300 millones de euros los fondos para la pesca en el pr\u00f3ximo Marco Financiero Plurianual"}]},{"@type":"WebSite","@id":"https:\/\/ppdegalicia.com\/es\/#website","url":"https:\/\/ppdegalicia.com\/es\/","name":"Partido Popular de Galicia","description":"Partido Popular de Galicia","publisher":{"@id":"https:\/\/ppdegalicia.com\/es\/#organization"},"alternateName":"PP de Galicia","potentialAction":[{"@type":"SearchAction","target":{"@type":"EntryPoint","urlTemplate":"https:\/\/ppdegalicia.com\/es\/?s={search_term_string}"},"query-input":{"@type":"PropertyValueSpecification","valueRequired":true,"valueName":"search_term_string"}}],"inLanguage":"es"},{"@type":"Organization","@id":"https:\/\/ppdegalicia.com\/es\/#organization","name":"Partido Popular de Galicia","alternateName":"PP de Galicia","url":"https:\/\/ppdegalicia.com\/es\/","logo":{"@type":"ImageObject","inLanguage":"es","@id":"https:\/\/ppdegalicia.com\/es\/#\/schema\/logo\/image\/","url":"https:\/\/ppdegalicia.com\/wp-content\/uploads\/2023\/04\/logoPP512.png","contentUrl":"https:\/\/ppdegalicia.com\/wp-content\/uploads\/2023\/04\/logoPP512.png","width":512,"height":512,"caption":"Partido Popular de Galicia"},"image":{"@id":"https:\/\/ppdegalicia.com\/es\/#\/schema\/logo\/image\/"},"sameAs":["https:\/\/www.instagram.com\/ppdegalicia\/","https:\/\/x.com\/ppdegalicia","https:\/\/www.tiktok.com\/@ppdegalicia","https:\/\/www.youtube.com\/user\/ppdegalicia"]},{"@type":"Person","@id":"https:\/\/ppdegalicia.com\/es\/#\/schema\/person\/5b822c6f59e872ebdd1142f307dbcb59","name":"ppdegaliciaredes","image":{"@type":"ImageObject","inLanguage":"es","@id":"https:\/\/secure.gravatar.com\/avatar\/3c9179cf0256d00c72a48d1f25783c58b6842cd56e85ef3a572881c8e28ccd59?s=96&d=mm&r=g","url":"https:\/\/secure.gravatar.com\/avatar\/3c9179cf0256d00c72a48d1f25783c58b6842cd56e85ef3a572881c8e28ccd59?s=96&d=mm&r=g","contentUrl":"https:\/\/secure.gravatar.com\/avatar\/3c9179cf0256d00c72a48d1f25783c58b6842cd56e85ef3a572881c8e28ccd59?s=96&d=mm&r=g","caption":"ppdegaliciaredes"},"url":"https:\/\/ppdegalicia.com\/es\/author\/ppdegaliciaredes\/"}]}},"_links":{"self":[{"href":"https:\/\/ppdegalicia.com\/es\/wp-json\/wp\/v2\/posts\/71063","targetHints":{"allow":["GET"]}}],"collection":[{"href":"https:\/\/ppdegalicia.com\/es\/wp-json\/wp\/v2\/posts"}],"about":[{"href":"https:\/\/ppdegalicia.com\/es\/wp-json\/wp\/v2\/types\/post"}],"author":[{"embeddable":true,"href":"https:\/\/ppdegalicia.com\/es\/wp-json\/wp\/v2\/users\/38"}],"replies":[{"embeddable":true,"href":"https:\/\/ppdegalicia.com\/es\/wp-json\/wp\/v2\/comments?post=71063"}],"version-history":[{"count":1,"href":"https:\/\/ppdegalicia.com\/es\/wp-json\/wp\/v2\/posts\/71063\/revisions"}],"predecessor-version":[{"id":71064,"href":"https:\/\/ppdegalicia.com\/es\/wp-json\/wp\/v2\/posts\/71063\/revisions\/71064"}],"wp:featuredmedia":[{"embeddable":true,"href":"https:\/\/ppdegalicia.com\/es\/wp-json\/wp\/v2\/media\/70871"}],"wp:attachment":[{"href":"https:\/\/ppdegalicia.com\/es\/wp-json\/wp\/v2\/media?parent=71063"}],"wp:term":[{"taxonomy":"category","embeddable":true,"href":"https:\/\/ppdegalicia.com\/es\/wp-json\/wp\/v2\/categories?post=71063"},{"taxonomy":"post_tag","embeddable":true,"href":"https:\/\/ppdegalicia.com\/es\/wp-json\/wp\/v2\/tags?post=71063"}],"curies":[{"name":"wp","href":"https:\/\/api.w.org\/{rel}","templated":true}]}}