{"id":71065,"date":"2026-04-29T13:57:19","date_gmt":"2026-04-29T12:57:19","guid":{"rendered":"https:\/\/ppdegalicia.com\/?p=71065"},"modified":"2026-04-29T13:57:19","modified_gmt":"2026-04-29T12:57:19","slug":"o-ppdeg-pon-en-valor-o-sistema-de-emerxencias-galego-un-dos-mais-avanzados-eficaces-e-reconecidos-de-europa","status":"publish","type":"post","link":"https:\/\/ppdegalicia.com\/es\/o-ppdeg-pon-en-valor-o-sistema-de-emerxencias-galego-un-dos-mais-avanzados-eficaces-e-reconecidos-de-europa\/","title":{"rendered":"O PPdeG pon en valor o sistema de emerxencias galego, un dos m\u00e1is avanzados, eficaces e reco\u00f1ecidos de Europa"},"content":{"rendered":"<p>O Parlamento de Galicia aprobou, hoxe, continuar coa promoci\u00f3n de acordos de colaboraci\u00f3n en materia de protecci\u00f3n civil coas Comunidades aut\u00f3nomas lim\u00edtrofes. A iniciativa do Grupo Parlamentario Popular, que tam\u00e9n incl\u00fae o reforzo da cooperaci\u00f3n transfronteriza con Portugal para a atenci\u00f3n conxunta das emerxencias, sa\u00edu adiante por unanimidade.<\/p>\n<p>A deputada popular, Felisa Rodr\u00edguez, incidiu en que o sistema de emerxencias galego \u00e9 un dos m\u00e1is avanzados, eficaces e reco\u00f1ecidos de Europa, \u201cexemplo de profesionalidade, innovaci\u00f3n e servizo p\u00fablico\u201d. Con esta proposici\u00f3n non de lei, b\u00fascase, dixo, \u201creforzar o que xa se est\u00e1 a facer, d\u00e1ndolle continuidade e maior capacidade de resposta\u201d. E \u00e9 que, tal e como salientou, consolidar os mecanismo de colaboraci\u00f3n, non s\u00f3 favorece a unha xesti\u00f3n m\u00e1is eficiente dos recursos dispo\u00f1ibles, sen\u00f3n que tam\u00e9n a aumentar a seguridade da cidadan\u00eda.<\/p>\n<p>Subli\u00f1ou que Galicia est\u00e1 a demostrar un liderado neste \u00e1mbito, grazas a un modelo baseado na anticipaci\u00f3n, a coordinaci\u00f3n real e a cooperaci\u00f3n sen fronteiras, constru\u00edndo, deste xeito, \u201cunha rede de colaboraci\u00f3n s\u00f3lida con Asturias, Castela e Le\u00f3n e Portugal\u201d. As\u00ed mesmo, fixo fincap\u00e9 a s\u00faa participaci\u00f3n en proxectos europeos estrat\u00e9xicos \u2013como o Firepoctep, Interlumes, Ariem112 ou Protempo- que reforzan a s\u00faa capacidade operativa e a innovaci\u00f3n no sistema de emerxencias.<\/p>\n<p><strong>UN MARCO FINANCEIRO EUROPEO QUE BENEFICIE A GALICIA<\/strong><br \/>\nDurante a Comisi\u00f3n 1\u00aa, tam\u00e9n, se debateu a proposici\u00f3n non de lei do Grupo Popular na que se insta ao Goberno central a que convoque, de maneira urxente, a Conferencia para asuntos relacionados coa Uni\u00f3n Europea, co fin de abordar o futuro marco financeiro con todas as comunidades aut\u00f3nomas.<\/p>\n<p>Neste senso, a deputada da \u00e1rea de Exteriores e Cooperaci\u00f3n, Kathy Varela, advertiu de que a proposta presentada pola Comisi\u00f3n Europea introduce un cambio de modelo que \u201csup\u00f3n unha ameaza directa para a pol\u00edtica de cohesi\u00f3n\u201d. As\u00ed, explicou que a concentraci\u00f3n dos fondos en instrumentos de car\u00e1cter xeral, o reforzo de plans nacionais \u00fanicos e a tendencia a unha maior centralizaci\u00f3n na toma de decisi\u00f3n \u201cprexudican de forma directa a comunidades como Galicia, con realidades econ\u00f3micas, socias e territoriais espec\u00edficas que non poden ser atendidas mediante soluci\u00f3ns uniformes nin desde enfoques centralizados\u201d.<\/p>\n<p>Kathy Varela lamentou a \u201cactitude de indefinici\u00f3n\u201d do Goberno central ante esta proposta, as\u00ed como tam\u00e9n, a o desinterese por escoitar \u00e1s comunidades, tal e como quedou de manifesto na \u00faltima conferencia celebrada. As\u00ed, a iniciativa, que foi aprobada por unanimidade, avoga pola convocatoria dunha nova reuni\u00f3n monogr\u00e1fica sobre o marco financeiro plurianual. \u201cO debate da proposta europea avanza no Parlamento Europeo, na Comisi\u00f3n, no Consello e no Comit\u00e9 das rexi\u00f3ns sen unha postura coordenada entre as comunidades e o Goberno central\u201d, lamentou.<\/p>\n","protected":false},"excerpt":{"rendered":"<p>O Parlamento de Galicia aprobou, hoxe, continuar coa promoci\u00f3n de acordos de colaboraci\u00f3n en materia de protecci\u00f3n civil coas Comunidades aut\u00f3nomas lim\u00edtrofes. A iniciativa do Grupo Parlamentario Popular, que tam\u00e9n incl\u00fae o reforzo da cooperaci\u00f3n transfronteriza con Portugal para a atenci\u00f3n conxunta das emerxencias, sa\u00edu adiante por unanimidade. A deputada popular, Felisa Rodr\u00edguez, incidiu en [&hellip;]<\/p>\n","protected":false},"author":38,"featured_media":71066,"comment_status":"closed","ping_status":"open","sticky":false,"template":"","format":"standard","meta":{"_acf_changed":false,"footnotes":""},"categories":[1128],"tags":[],"class_list":["post-71065","post","type-post","status-publish","format-standard","has-post-thumbnail","hentry","category-actualidad-parlamento-de-galicia"],"acf":[],"yoast_head":"<!-- This site is optimized with the Yoast SEO plugin v27.3 - https:\/\/yoast.com\/product\/yoast-seo-wordpress\/ -->\n<title>O PPdeG pon en valor o sistema de emerxencias galego, un dos m\u00e1is avanzados, eficaces e reco\u00f1ecidos de Europa - PP de Galicia<\/title>\n<meta name=\"description\" content=\"O Parlamento de Galicia aprobou, hoxe, continuar coa promoci\u00f3n de acordos de colaboraci\u00f3n en materia de protecci\u00f3n civil coas Comunidades aut\u00f3nomas lim\u00edtrofes. A iniciativa do Grupo Parlamentario Popular, que tam\u00e9n incl\u00fae o reforzo da cooperaci\u00f3n transfronteriza con Portugal para a atenci\u00f3n conxunta das emerxencias, sa\u00edu adiante por unanimidade.\" \/>\n<meta name=\"robots\" content=\"index, follow, max-snippet:-1, max-image-preview:large, max-video-preview:-1\" \/>\n<link rel=\"canonical\" href=\"https:\/\/ppdegalicia.com\/es\/o-ppdeg-pon-en-valor-o-sistema-de-emerxencias-galego-un-dos-mais-avanzados-eficaces-e-reconecidos-de-europa\/\" \/>\n<meta property=\"og:locale\" content=\"es_ES\" \/>\n<meta property=\"og:type\" content=\"article\" \/>\n<meta property=\"og:title\" content=\"O PPdeG pon en valor o sistema de emerxencias galego, un dos m\u00e1is avanzados, eficaces e reco\u00f1ecidos de Europa - PP de Galicia\" \/>\n<meta property=\"og:description\" content=\"O Parlamento de Galicia aprobou, hoxe, continuar coa promoci\u00f3n de acordos de colaboraci\u00f3n en materia de protecci\u00f3n civil coas Comunidades aut\u00f3nomas lim\u00edtrofes. A iniciativa do Grupo Parlamentario Popular, que tam\u00e9n incl\u00fae o reforzo da cooperaci\u00f3n transfronteriza con Portugal para a atenci\u00f3n conxunta das emerxencias, sa\u00edu adiante por unanimidade.\" \/>\n<meta property=\"og:url\" content=\"https:\/\/ppdegalicia.com\/es\/o-ppdeg-pon-en-valor-o-sistema-de-emerxencias-galego-un-dos-mais-avanzados-eficaces-e-reconecidos-de-europa\/\" \/>\n<meta property=\"og:site_name\" content=\"PP de Galicia\" \/>\n<meta property=\"article:publisher\" content=\"https:\/\/www.instagram.com\/ppdegalicia\/\" \/>\n<meta property=\"article:published_time\" content=\"2026-04-29T12:57:19+00:00\" \/>\n<meta property=\"og:image\" content=\"https:\/\/ppdegalicia.com\/wp-content\/uploads\/2026\/04\/20260429_C1-9-scaled.jpg\" \/>\n\t<meta property=\"og:image:width\" content=\"2560\" \/>\n\t<meta property=\"og:image:height\" content=\"1707\" \/>\n\t<meta property=\"og:image:type\" content=\"image\/jpeg\" \/>\n<meta name=\"author\" content=\"ppdegaliciaredes\" \/>\n<meta name=\"twitter:card\" content=\"summary_large_image\" \/>\n<meta name=\"twitter:creator\" content=\"@ppdegalicia\" \/>\n<meta name=\"twitter:site\" content=\"@ppdegalicia\" \/>\n<meta name=\"twitter:label1\" content=\"Escrito por\" \/>\n\t<meta name=\"twitter:data1\" content=\"ppdegaliciaredes\" \/>\n\t<meta name=\"twitter:label2\" content=\"Tiempo de lectura\" \/>\n\t<meta name=\"twitter:data2\" content=\"3 minutos\" \/>\n<script type=\"application\/ld+json\" class=\"yoast-schema-graph\">{\"@context\":\"https:\\\/\\\/schema.org\",\"@graph\":[{\"@type\":\"Article\",\"@id\":\"https:\\\/\\\/ppdegalicia.com\\\/es\\\/o-ppdeg-pon-en-valor-o-sistema-de-emerxencias-galego-un-dos-mais-avanzados-eficaces-e-reconecidos-de-europa\\\/#article\",\"isPartOf\":{\"@id\":\"https:\\\/\\\/ppdegalicia.com\\\/es\\\/o-ppdeg-pon-en-valor-o-sistema-de-emerxencias-galego-un-dos-mais-avanzados-eficaces-e-reconecidos-de-europa\\\/\"},\"author\":{\"name\":\"ppdegaliciaredes\",\"@id\":\"https:\\\/\\\/ppdegalicia.com\\\/es\\\/#\\\/schema\\\/person\\\/5b822c6f59e872ebdd1142f307dbcb59\"},\"headline\":\"O PPdeG pon en valor o sistema de emerxencias galego, un dos m\u00e1is avanzados, eficaces e reco\u00f1ecidos de Europa\",\"datePublished\":\"2026-04-29T12:57:19+00:00\",\"mainEntityOfPage\":{\"@id\":\"https:\\\/\\\/ppdegalicia.com\\\/es\\\/o-ppdeg-pon-en-valor-o-sistema-de-emerxencias-galego-un-dos-mais-avanzados-eficaces-e-reconecidos-de-europa\\\/\"},\"wordCount\":515,\"publisher\":{\"@id\":\"https:\\\/\\\/ppdegalicia.com\\\/es\\\/#organization\"},\"image\":{\"@id\":\"https:\\\/\\\/ppdegalicia.com\\\/es\\\/o-ppdeg-pon-en-valor-o-sistema-de-emerxencias-galego-un-dos-mais-avanzados-eficaces-e-reconecidos-de-europa\\\/#primaryimage\"},\"thumbnailUrl\":\"https:\\\/\\\/ppdegalicia.com\\\/wp-content\\\/uploads\\\/2026\\\/04\\\/20260429_C1-9-scaled.jpg\",\"articleSection\":[\"Parlamento de Galicia\"],\"inLanguage\":\"es\"},{\"@type\":\"WebPage\",\"@id\":\"https:\\\/\\\/ppdegalicia.com\\\/es\\\/o-ppdeg-pon-en-valor-o-sistema-de-emerxencias-galego-un-dos-mais-avanzados-eficaces-e-reconecidos-de-europa\\\/\",\"url\":\"https:\\\/\\\/ppdegalicia.com\\\/es\\\/o-ppdeg-pon-en-valor-o-sistema-de-emerxencias-galego-un-dos-mais-avanzados-eficaces-e-reconecidos-de-europa\\\/\",\"name\":\"O PPdeG pon en valor o sistema de emerxencias galego, un dos m\u00e1is avanzados, eficaces e reco\u00f1ecidos de Europa - PP de Galicia\",\"isPartOf\":{\"@id\":\"https:\\\/\\\/ppdegalicia.com\\\/es\\\/#website\"},\"primaryImageOfPage\":{\"@id\":\"https:\\\/\\\/ppdegalicia.com\\\/es\\\/o-ppdeg-pon-en-valor-o-sistema-de-emerxencias-galego-un-dos-mais-avanzados-eficaces-e-reconecidos-de-europa\\\/#primaryimage\"},\"image\":{\"@id\":\"https:\\\/\\\/ppdegalicia.com\\\/es\\\/o-ppdeg-pon-en-valor-o-sistema-de-emerxencias-galego-un-dos-mais-avanzados-eficaces-e-reconecidos-de-europa\\\/#primaryimage\"},\"thumbnailUrl\":\"https:\\\/\\\/ppdegalicia.com\\\/wp-content\\\/uploads\\\/2026\\\/04\\\/20260429_C1-9-scaled.jpg\",\"datePublished\":\"2026-04-29T12:57:19+00:00\",\"description\":\"O Parlamento de Galicia aprobou, hoxe, continuar coa promoci\u00f3n de acordos de colaboraci\u00f3n en materia de protecci\u00f3n civil coas Comunidades aut\u00f3nomas lim\u00edtrofes. A iniciativa do Grupo Parlamentario Popular, que tam\u00e9n incl\u00fae o reforzo da cooperaci\u00f3n transfronteriza con Portugal para a atenci\u00f3n conxunta das emerxencias, sa\u00edu adiante por unanimidade.\",\"breadcrumb\":{\"@id\":\"https:\\\/\\\/ppdegalicia.com\\\/es\\\/o-ppdeg-pon-en-valor-o-sistema-de-emerxencias-galego-un-dos-mais-avanzados-eficaces-e-reconecidos-de-europa\\\/#breadcrumb\"},\"inLanguage\":\"es\",\"potentialAction\":[{\"@type\":\"ReadAction\",\"target\":[\"https:\\\/\\\/ppdegalicia.com\\\/es\\\/o-ppdeg-pon-en-valor-o-sistema-de-emerxencias-galego-un-dos-mais-avanzados-eficaces-e-reconecidos-de-europa\\\/\"]}]},{\"@type\":\"ImageObject\",\"inLanguage\":\"es\",\"@id\":\"https:\\\/\\\/ppdegalicia.com\\\/es\\\/o-ppdeg-pon-en-valor-o-sistema-de-emerxencias-galego-un-dos-mais-avanzados-eficaces-e-reconecidos-de-europa\\\/#primaryimage\",\"url\":\"https:\\\/\\\/ppdegalicia.com\\\/wp-content\\\/uploads\\\/2026\\\/04\\\/20260429_C1-9-scaled.jpg\",\"contentUrl\":\"https:\\\/\\\/ppdegalicia.com\\\/wp-content\\\/uploads\\\/2026\\\/04\\\/20260429_C1-9-scaled.jpg\",\"width\":2560,\"height\":1707},{\"@type\":\"BreadcrumbList\",\"@id\":\"https:\\\/\\\/ppdegalicia.com\\\/es\\\/o-ppdeg-pon-en-valor-o-sistema-de-emerxencias-galego-un-dos-mais-avanzados-eficaces-e-reconecidos-de-europa\\\/#breadcrumb\",\"itemListElement\":[{\"@type\":\"ListItem\",\"position\":1,\"name\":\"Portada\",\"item\":\"https:\\\/\\\/ppdegalicia.com\\\/es\\\/\"},{\"@type\":\"ListItem\",\"position\":2,\"name\":\"O PPdeG pon en valor o sistema de emerxencias galego, un dos m\u00e1is avanzados, eficaces e reco\u00f1ecidos de Europa\"}]},{\"@type\":\"WebSite\",\"@id\":\"https:\\\/\\\/ppdegalicia.com\\\/es\\\/#website\",\"url\":\"https:\\\/\\\/ppdegalicia.com\\\/es\\\/\",\"name\":\"Partido Popular de Galicia\",\"description\":\"Partido Popular de Galicia\",\"publisher\":{\"@id\":\"https:\\\/\\\/ppdegalicia.com\\\/es\\\/#organization\"},\"alternateName\":\"PP de Galicia\",\"potentialAction\":[{\"@type\":\"SearchAction\",\"target\":{\"@type\":\"EntryPoint\",\"urlTemplate\":\"https:\\\/\\\/ppdegalicia.com\\\/es\\\/?s={search_term_string}\"},\"query-input\":{\"@type\":\"PropertyValueSpecification\",\"valueRequired\":true,\"valueName\":\"search_term_string\"}}],\"inLanguage\":\"es\"},{\"@type\":\"Organization\",\"@id\":\"https:\\\/\\\/ppdegalicia.com\\\/es\\\/#organization\",\"name\":\"Partido Popular de Galicia\",\"alternateName\":\"PP de Galicia\",\"url\":\"https:\\\/\\\/ppdegalicia.com\\\/es\\\/\",\"logo\":{\"@type\":\"ImageObject\",\"inLanguage\":\"es\",\"@id\":\"https:\\\/\\\/ppdegalicia.com\\\/es\\\/#\\\/schema\\\/logo\\\/image\\\/\",\"url\":\"https:\\\/\\\/ppdegalicia.com\\\/wp-content\\\/uploads\\\/2023\\\/04\\\/logoPP512.png\",\"contentUrl\":\"https:\\\/\\\/ppdegalicia.com\\\/wp-content\\\/uploads\\\/2023\\\/04\\\/logoPP512.png\",\"width\":512,\"height\":512,\"caption\":\"Partido Popular de Galicia\"},\"image\":{\"@id\":\"https:\\\/\\\/ppdegalicia.com\\\/es\\\/#\\\/schema\\\/logo\\\/image\\\/\"},\"sameAs\":[\"https:\\\/\\\/www.instagram.com\\\/ppdegalicia\\\/\",\"https:\\\/\\\/x.com\\\/ppdegalicia\",\"https:\\\/\\\/www.tiktok.com\\\/@ppdegalicia\",\"https:\\\/\\\/www.youtube.com\\\/user\\\/ppdegalicia\"]},{\"@type\":\"Person\",\"@id\":\"https:\\\/\\\/ppdegalicia.com\\\/es\\\/#\\\/schema\\\/person\\\/5b822c6f59e872ebdd1142f307dbcb59\",\"name\":\"ppdegaliciaredes\",\"image\":{\"@type\":\"ImageObject\",\"inLanguage\":\"es\",\"@id\":\"https:\\\/\\\/secure.gravatar.com\\\/avatar\\\/3c9179cf0256d00c72a48d1f25783c58b6842cd56e85ef3a572881c8e28ccd59?s=96&d=mm&r=g\",\"url\":\"https:\\\/\\\/secure.gravatar.com\\\/avatar\\\/3c9179cf0256d00c72a48d1f25783c58b6842cd56e85ef3a572881c8e28ccd59?s=96&d=mm&r=g\",\"contentUrl\":\"https:\\\/\\\/secure.gravatar.com\\\/avatar\\\/3c9179cf0256d00c72a48d1f25783c58b6842cd56e85ef3a572881c8e28ccd59?s=96&d=mm&r=g\",\"caption\":\"ppdegaliciaredes\"},\"url\":\"https:\\\/\\\/ppdegalicia.com\\\/es\\\/author\\\/ppdegaliciaredes\\\/\"}]}<\/script>\n<!-- \/ Yoast SEO plugin. -->","yoast_head_json":{"title":"O PPdeG pon en valor o sistema de emerxencias galego, un dos m\u00e1is avanzados, eficaces e reco\u00f1ecidos de Europa - PP de Galicia","description":"O Parlamento de Galicia aprobou, hoxe, continuar coa promoci\u00f3n de acordos de colaboraci\u00f3n en materia de protecci\u00f3n civil coas Comunidades aut\u00f3nomas lim\u00edtrofes. A iniciativa do Grupo Parlamentario Popular, que tam\u00e9n incl\u00fae o reforzo da cooperaci\u00f3n transfronteriza con Portugal para a atenci\u00f3n conxunta das emerxencias, sa\u00edu adiante por unanimidade.","robots":{"index":"index","follow":"follow","max-snippet":"max-snippet:-1","max-image-preview":"max-image-preview:large","max-video-preview":"max-video-preview:-1"},"canonical":"https:\/\/ppdegalicia.com\/es\/o-ppdeg-pon-en-valor-o-sistema-de-emerxencias-galego-un-dos-mais-avanzados-eficaces-e-reconecidos-de-europa\/","og_locale":"es_ES","og_type":"article","og_title":"O PPdeG pon en valor o sistema de emerxencias galego, un dos m\u00e1is avanzados, eficaces e reco\u00f1ecidos de Europa - PP de Galicia","og_description":"O Parlamento de Galicia aprobou, hoxe, continuar coa promoci\u00f3n de acordos de colaboraci\u00f3n en materia de protecci\u00f3n civil coas Comunidades aut\u00f3nomas lim\u00edtrofes. A iniciativa do Grupo Parlamentario Popular, que tam\u00e9n incl\u00fae o reforzo da cooperaci\u00f3n transfronteriza con Portugal para a atenci\u00f3n conxunta das emerxencias, sa\u00edu adiante por unanimidade.","og_url":"https:\/\/ppdegalicia.com\/es\/o-ppdeg-pon-en-valor-o-sistema-de-emerxencias-galego-un-dos-mais-avanzados-eficaces-e-reconecidos-de-europa\/","og_site_name":"PP de Galicia","article_publisher":"https:\/\/www.instagram.com\/ppdegalicia\/","article_published_time":"2026-04-29T12:57:19+00:00","og_image":[{"width":2560,"height":1707,"url":"https:\/\/ppdegalicia.com\/wp-content\/uploads\/2026\/04\/20260429_C1-9-scaled.jpg","type":"image\/jpeg"}],"author":"ppdegaliciaredes","twitter_card":"summary_large_image","twitter_creator":"@ppdegalicia","twitter_site":"@ppdegalicia","twitter_misc":{"Escrito por":"ppdegaliciaredes","Tiempo de lectura":"3 minutos"},"schema":{"@context":"https:\/\/schema.org","@graph":[{"@type":"Article","@id":"https:\/\/ppdegalicia.com\/es\/o-ppdeg-pon-en-valor-o-sistema-de-emerxencias-galego-un-dos-mais-avanzados-eficaces-e-reconecidos-de-europa\/#article","isPartOf":{"@id":"https:\/\/ppdegalicia.com\/es\/o-ppdeg-pon-en-valor-o-sistema-de-emerxencias-galego-un-dos-mais-avanzados-eficaces-e-reconecidos-de-europa\/"},"author":{"name":"ppdegaliciaredes","@id":"https:\/\/ppdegalicia.com\/es\/#\/schema\/person\/5b822c6f59e872ebdd1142f307dbcb59"},"headline":"O PPdeG pon en valor o sistema de emerxencias galego, un dos m\u00e1is avanzados, eficaces e reco\u00f1ecidos de Europa","datePublished":"2026-04-29T12:57:19+00:00","mainEntityOfPage":{"@id":"https:\/\/ppdegalicia.com\/es\/o-ppdeg-pon-en-valor-o-sistema-de-emerxencias-galego-un-dos-mais-avanzados-eficaces-e-reconecidos-de-europa\/"},"wordCount":515,"publisher":{"@id":"https:\/\/ppdegalicia.com\/es\/#organization"},"image":{"@id":"https:\/\/ppdegalicia.com\/es\/o-ppdeg-pon-en-valor-o-sistema-de-emerxencias-galego-un-dos-mais-avanzados-eficaces-e-reconecidos-de-europa\/#primaryimage"},"thumbnailUrl":"https:\/\/ppdegalicia.com\/wp-content\/uploads\/2026\/04\/20260429_C1-9-scaled.jpg","articleSection":["Parlamento de Galicia"],"inLanguage":"es"},{"@type":"WebPage","@id":"https:\/\/ppdegalicia.com\/es\/o-ppdeg-pon-en-valor-o-sistema-de-emerxencias-galego-un-dos-mais-avanzados-eficaces-e-reconecidos-de-europa\/","url":"https:\/\/ppdegalicia.com\/es\/o-ppdeg-pon-en-valor-o-sistema-de-emerxencias-galego-un-dos-mais-avanzados-eficaces-e-reconecidos-de-europa\/","name":"O PPdeG pon en valor o sistema de emerxencias galego, un dos m\u00e1is avanzados, eficaces e reco\u00f1ecidos de Europa - PP de Galicia","isPartOf":{"@id":"https:\/\/ppdegalicia.com\/es\/#website"},"primaryImageOfPage":{"@id":"https:\/\/ppdegalicia.com\/es\/o-ppdeg-pon-en-valor-o-sistema-de-emerxencias-galego-un-dos-mais-avanzados-eficaces-e-reconecidos-de-europa\/#primaryimage"},"image":{"@id":"https:\/\/ppdegalicia.com\/es\/o-ppdeg-pon-en-valor-o-sistema-de-emerxencias-galego-un-dos-mais-avanzados-eficaces-e-reconecidos-de-europa\/#primaryimage"},"thumbnailUrl":"https:\/\/ppdegalicia.com\/wp-content\/uploads\/2026\/04\/20260429_C1-9-scaled.jpg","datePublished":"2026-04-29T12:57:19+00:00","description":"O Parlamento de Galicia aprobou, hoxe, continuar coa promoci\u00f3n de acordos de colaboraci\u00f3n en materia de protecci\u00f3n civil coas Comunidades aut\u00f3nomas lim\u00edtrofes. A iniciativa do Grupo Parlamentario Popular, que tam\u00e9n incl\u00fae o reforzo da cooperaci\u00f3n transfronteriza con Portugal para a atenci\u00f3n conxunta das emerxencias, sa\u00edu adiante por unanimidade.","breadcrumb":{"@id":"https:\/\/ppdegalicia.com\/es\/o-ppdeg-pon-en-valor-o-sistema-de-emerxencias-galego-un-dos-mais-avanzados-eficaces-e-reconecidos-de-europa\/#breadcrumb"},"inLanguage":"es","potentialAction":[{"@type":"ReadAction","target":["https:\/\/ppdegalicia.com\/es\/o-ppdeg-pon-en-valor-o-sistema-de-emerxencias-galego-un-dos-mais-avanzados-eficaces-e-reconecidos-de-europa\/"]}]},{"@type":"ImageObject","inLanguage":"es","@id":"https:\/\/ppdegalicia.com\/es\/o-ppdeg-pon-en-valor-o-sistema-de-emerxencias-galego-un-dos-mais-avanzados-eficaces-e-reconecidos-de-europa\/#primaryimage","url":"https:\/\/ppdegalicia.com\/wp-content\/uploads\/2026\/04\/20260429_C1-9-scaled.jpg","contentUrl":"https:\/\/ppdegalicia.com\/wp-content\/uploads\/2026\/04\/20260429_C1-9-scaled.jpg","width":2560,"height":1707},{"@type":"BreadcrumbList","@id":"https:\/\/ppdegalicia.com\/es\/o-ppdeg-pon-en-valor-o-sistema-de-emerxencias-galego-un-dos-mais-avanzados-eficaces-e-reconecidos-de-europa\/#breadcrumb","itemListElement":[{"@type":"ListItem","position":1,"name":"Portada","item":"https:\/\/ppdegalicia.com\/es\/"},{"@type":"ListItem","position":2,"name":"O PPdeG pon en valor o sistema de emerxencias galego, un dos m\u00e1is avanzados, eficaces e reco\u00f1ecidos de Europa"}]},{"@type":"WebSite","@id":"https:\/\/ppdegalicia.com\/es\/#website","url":"https:\/\/ppdegalicia.com\/es\/","name":"Partido Popular de Galicia","description":"Partido Popular de Galicia","publisher":{"@id":"https:\/\/ppdegalicia.com\/es\/#organization"},"alternateName":"PP de Galicia","potentialAction":[{"@type":"SearchAction","target":{"@type":"EntryPoint","urlTemplate":"https:\/\/ppdegalicia.com\/es\/?s={search_term_string}"},"query-input":{"@type":"PropertyValueSpecification","valueRequired":true,"valueName":"search_term_string"}}],"inLanguage":"es"},{"@type":"Organization","@id":"https:\/\/ppdegalicia.com\/es\/#organization","name":"Partido Popular de Galicia","alternateName":"PP de Galicia","url":"https:\/\/ppdegalicia.com\/es\/","logo":{"@type":"ImageObject","inLanguage":"es","@id":"https:\/\/ppdegalicia.com\/es\/#\/schema\/logo\/image\/","url":"https:\/\/ppdegalicia.com\/wp-content\/uploads\/2023\/04\/logoPP512.png","contentUrl":"https:\/\/ppdegalicia.com\/wp-content\/uploads\/2023\/04\/logoPP512.png","width":512,"height":512,"caption":"Partido Popular de Galicia"},"image":{"@id":"https:\/\/ppdegalicia.com\/es\/#\/schema\/logo\/image\/"},"sameAs":["https:\/\/www.instagram.com\/ppdegalicia\/","https:\/\/x.com\/ppdegalicia","https:\/\/www.tiktok.com\/@ppdegalicia","https:\/\/www.youtube.com\/user\/ppdegalicia"]},{"@type":"Person","@id":"https:\/\/ppdegalicia.com\/es\/#\/schema\/person\/5b822c6f59e872ebdd1142f307dbcb59","name":"ppdegaliciaredes","image":{"@type":"ImageObject","inLanguage":"es","@id":"https:\/\/secure.gravatar.com\/avatar\/3c9179cf0256d00c72a48d1f25783c58b6842cd56e85ef3a572881c8e28ccd59?s=96&d=mm&r=g","url":"https:\/\/secure.gravatar.com\/avatar\/3c9179cf0256d00c72a48d1f25783c58b6842cd56e85ef3a572881c8e28ccd59?s=96&d=mm&r=g","contentUrl":"https:\/\/secure.gravatar.com\/avatar\/3c9179cf0256d00c72a48d1f25783c58b6842cd56e85ef3a572881c8e28ccd59?s=96&d=mm&r=g","caption":"ppdegaliciaredes"},"url":"https:\/\/ppdegalicia.com\/es\/author\/ppdegaliciaredes\/"}]}},"_links":{"self":[{"href":"https:\/\/ppdegalicia.com\/es\/wp-json\/wp\/v2\/posts\/71065","targetHints":{"allow":["GET"]}}],"collection":[{"href":"https:\/\/ppdegalicia.com\/es\/wp-json\/wp\/v2\/posts"}],"about":[{"href":"https:\/\/ppdegalicia.com\/es\/wp-json\/wp\/v2\/types\/post"}],"author":[{"embeddable":true,"href":"https:\/\/ppdegalicia.com\/es\/wp-json\/wp\/v2\/users\/38"}],"replies":[{"embeddable":true,"href":"https:\/\/ppdegalicia.com\/es\/wp-json\/wp\/v2\/comments?post=71065"}],"version-history":[{"count":1,"href":"https:\/\/ppdegalicia.com\/es\/wp-json\/wp\/v2\/posts\/71065\/revisions"}],"predecessor-version":[{"id":71068,"href":"https:\/\/ppdegalicia.com\/es\/wp-json\/wp\/v2\/posts\/71065\/revisions\/71068"}],"wp:featuredmedia":[{"embeddable":true,"href":"https:\/\/ppdegalicia.com\/es\/wp-json\/wp\/v2\/media\/71066"}],"wp:attachment":[{"href":"https:\/\/ppdegalicia.com\/es\/wp-json\/wp\/v2\/media?parent=71065"}],"wp:term":[{"taxonomy":"category","embeddable":true,"href":"https:\/\/ppdegalicia.com\/es\/wp-json\/wp\/v2\/categories?post=71065"},{"taxonomy":"post_tag","embeddable":true,"href":"https:\/\/ppdegalicia.com\/es\/wp-json\/wp\/v2\/tags?post=71065"}],"curies":[{"name":"wp","href":"https:\/\/api.w.org\/{rel}","templated":true}]}}