{"id":71069,"date":"2026-04-29T08:46:59","date_gmt":"2026-04-29T07:46:59","guid":{"rendered":"https:\/\/ppdegalicia.com\/?p=71069"},"modified":"2026-04-30T09:08:42","modified_gmt":"2026-04-30T08:08:42","slug":"o-parlamento-aproba-pedir-ao-goberno-reducir-o-ive-dos-produtos-agrarios-e-impulsar-medidas-fiscais-para-mellorar-a-rendibilidade-do-sector","status":"publish","type":"post","link":"https:\/\/ppdegalicia.com\/es\/o-parlamento-aproba-pedir-ao-goberno-reducir-o-ive-dos-produtos-agrarios-e-impulsar-medidas-fiscais-para-mellorar-a-rendibilidade-do-sector\/","title":{"rendered":"O Parlamento aproba pedir ao Goberno reducir o IVE dos produtos agrarios e impulsar medidas fiscais para mellorar a rendibilidade do sector"},"content":{"rendered":"<p>O Parlamento de Galicia aprobou, hoxe, instar ao Goberno central a que aplique medidas urxentes para reforzar a competitividade e mellorar a situaci\u00f3n do sector agrogandeiro galego, co fin de minimizar os efectos da guerra de Ir\u00e1n.<\/p>\n<p>A iniciativa do Grupo Parlamentario Popular incl\u00fae a reduci\u00f3n do tipo e IVE aplicable aos produtos agrarios, as\u00ed como tam\u00e9n aos principais insumos necesarios para a actividade agr\u00edcola e gandeira, co fin, tal e como remarcou a deputada Cristina Campero, de aliviar a carga fiscal soportada polos produtores.<\/p>\n<p>Neste senso, incidiu na importancia de moderar os custos de produci\u00f3n, nun contexto no que os prezos dos fertilizantes, pensos ou, entre outros, enerx\u00eda experimentaron incrementos moi significativos. As\u00ed, a s\u00faa diminuci\u00f3n facilitar\u00eda \u201ca continuidade da actividade produtiva e mellorar\u00eda a capacidade de resposta das explotaci\u00f3ns\u201d. Do mesmo xeito, a proposici\u00f3n non de lei avoga por impulsar medidas fiscais que contrib\u00faan a mellorar a rendibilidade das explotaci\u00f3ns agr\u00edcolas e gandeiras, e orientadas a evitar o abandono da actividade agraria.<\/p>\n<p>Para rematar, pediu, asemade, a adopci\u00f3n de pol\u00edticas de apoio ao sector, que permitan facer fronte ao incremento dos custos de produci\u00f3n, reforzando a competitividade das explotaci\u00f3ns e garantido o abastecemento alimentario. Neste punto, puxo como exemplo o prezo dos fertilizantes, os cales rexistraron subas substantivas. Un encarecemento, dixo, que dificulta a planificaci\u00f3n das campa\u00f1as de sementeira e cultivo e reduce as marxes de beneficio, ao tempo que ten a s\u00faa incidencia nos prezos dos alimentos b\u00e1sicos. \u201cSolicitamos medidas m\u00e1is ambiciosas que axuden a paliar os efectos negativos que esta guerra est\u00e1 a carrexar sobre o sector agrario\u201d, rematou.<\/p>\n<p><strong>UN MODELO DE XESTI\u00d3N FORESTAL COOPERATIVO<\/strong><br \/>\nDurante a Comisi\u00f3n 7\u00aa, tam\u00e9n, se aprobou reforzar as pol\u00edticas p\u00fablicas orientadas \u00e1 promoci\u00f3n das agrupaci\u00f3ns forestais de xesti\u00f3n conxunta. Para elo, a iniciativa do Grupo Popular avoga por avanzar cara a un modelo de xesti\u00f3n forestal m\u00e1is cooperativo, eficiente e sustentable en Galicia.<\/p>\n<p>Neste punto, o deputado Juan Casares incidiu na importancia destas entidades que, tal e como explicou, permiten xerar econom\u00edas de escala, mellorar a planificaci\u00f3n e a xesti\u00f3n silv\u00edcola, facilitar a comercializaci\u00f3n conxunta dos produtos forestais e fortalecer a cooperaci\u00f3n entre propietarios.<\/p>\n<p>Fixo referencia \u00e1 alta fragmentaci\u00f3n parcelaria, a cal resta posibilidades de explotaci\u00f3n e capacidade produtiva aos noso montes, o que dificulta, asemade, unha xesti\u00f3n racional e profesionalizada dos mesmos: \u201cEn poucas palabras, limitan o aproveitamento sustentable dun recurso estrat\u00e9xico para o desenvolvemento tanto econ\u00f3mico como ambiental do noso pa\u00eds\u201d.<\/p>\n<p>Para rematar, destacou as medidas impulsadas polo Goberno galego a prol de f\u00f3rmulas de mobilizaci\u00f3n de terras e o impulso destas agrupaci\u00f3ns, que favoreceron a creaci\u00f3n de 24 novas agrupaci\u00f3ns. Un n\u00famero que se prev\u00e9 que aumente ata as 65, cunha superficie forestal agrupada de m\u00e1is de 4.80 hect\u00e1reas.<\/p>\n","protected":false},"excerpt":{"rendered":"<p>O Parlamento de Galicia aprobou, hoxe, instar ao Goberno central a que aplique medidas urxentes para reforzar a competitividade e mellorar a situaci\u00f3n do sector agrogandeiro galego, co fin de minimizar os efectos da guerra de Ir\u00e1n. A iniciativa do Grupo Parlamentario Popular incl\u00fae a reduci\u00f3n do tipo e IVE aplicable aos produtos agrarios, as\u00ed [&hellip;]<\/p>\n","protected":false},"author":38,"featured_media":71070,"comment_status":"closed","ping_status":"open","sticky":false,"template":"","format":"standard","meta":{"_acf_changed":false,"footnotes":""},"categories":[1128],"tags":[],"class_list":["post-71069","post","type-post","status-publish","format-standard","has-post-thumbnail","hentry","category-actualidad-parlamento-de-galicia"],"acf":[],"yoast_head":"<!-- This site is optimized with the Yoast SEO plugin v27.3 - https:\/\/yoast.com\/product\/yoast-seo-wordpress\/ -->\n<title>O Parlamento aproba pedir ao Goberno reducir o IVE dos produtos agrarios e impulsar medidas fiscais para mellorar a rendibilidade do sector - PP de Galicia<\/title>\n<meta name=\"description\" content=\"O Parlamento de Galicia aprobou, hoxe, instar ao Goberno central a que aplique medidas urxentes para reforzar a competitividade e mellorar a situaci\u00f3n do sector agrogandeiro galego, co fin de minimizar os efectos da guerra de Ir\u00e1n.\" \/>\n<meta name=\"robots\" content=\"index, follow, max-snippet:-1, max-image-preview:large, max-video-preview:-1\" \/>\n<link rel=\"canonical\" href=\"https:\/\/ppdegalicia.com\/es\/o-parlamento-aproba-pedir-ao-goberno-reducir-o-ive-dos-produtos-agrarios-e-impulsar-medidas-fiscais-para-mellorar-a-rendibilidade-do-sector\/\" \/>\n<meta property=\"og:locale\" content=\"es_ES\" \/>\n<meta property=\"og:type\" content=\"article\" \/>\n<meta property=\"og:title\" content=\"O Parlamento aproba pedir ao Goberno reducir o IVE dos produtos agrarios e impulsar medidas fiscais para mellorar a rendibilidade do sector - PP de Galicia\" \/>\n<meta property=\"og:description\" content=\"O Parlamento de Galicia aprobou, hoxe, instar ao Goberno central a que aplique medidas urxentes para reforzar a competitividade e mellorar a situaci\u00f3n do sector agrogandeiro galego, co fin de minimizar os efectos da guerra de Ir\u00e1n.\" \/>\n<meta property=\"og:url\" content=\"https:\/\/ppdegalicia.com\/es\/o-parlamento-aproba-pedir-ao-goberno-reducir-o-ive-dos-produtos-agrarios-e-impulsar-medidas-fiscais-para-mellorar-a-rendibilidade-do-sector\/\" \/>\n<meta property=\"og:site_name\" content=\"PP de Galicia\" \/>\n<meta property=\"article:publisher\" content=\"https:\/\/www.instagram.com\/ppdegalicia\/\" \/>\n<meta property=\"article:published_time\" content=\"2026-04-29T07:46:59+00:00\" \/>\n<meta property=\"article:modified_time\" content=\"2026-04-30T08:08:42+00:00\" \/>\n<meta property=\"og:image\" content=\"https:\/\/ppdegalicia.com\/wp-content\/uploads\/2026\/04\/20260429_C6-1-scaled.jpg\" \/>\n\t<meta property=\"og:image:width\" content=\"2560\" \/>\n\t<meta property=\"og:image:height\" content=\"1707\" \/>\n\t<meta property=\"og:image:type\" content=\"image\/jpeg\" \/>\n<meta name=\"author\" content=\"ppdegaliciaredes\" \/>\n<meta name=\"twitter:card\" content=\"summary_large_image\" \/>\n<meta name=\"twitter:creator\" content=\"@ppdegalicia\" \/>\n<meta name=\"twitter:site\" content=\"@ppdegalicia\" \/>\n<meta name=\"twitter:label1\" content=\"Escrito por\" \/>\n\t<meta name=\"twitter:data1\" content=\"ppdegaliciaredes\" \/>\n\t<meta name=\"twitter:label2\" content=\"Tiempo de lectura\" \/>\n\t<meta name=\"twitter:data2\" content=\"3 minutos\" \/>\n<script type=\"application\/ld+json\" class=\"yoast-schema-graph\">{\"@context\":\"https:\\\/\\\/schema.org\",\"@graph\":[{\"@type\":\"Article\",\"@id\":\"https:\\\/\\\/ppdegalicia.com\\\/es\\\/o-parlamento-aproba-pedir-ao-goberno-reducir-o-ive-dos-produtos-agrarios-e-impulsar-medidas-fiscais-para-mellorar-a-rendibilidade-do-sector\\\/#article\",\"isPartOf\":{\"@id\":\"https:\\\/\\\/ppdegalicia.com\\\/es\\\/o-parlamento-aproba-pedir-ao-goberno-reducir-o-ive-dos-produtos-agrarios-e-impulsar-medidas-fiscais-para-mellorar-a-rendibilidade-do-sector\\\/\"},\"author\":{\"name\":\"ppdegaliciaredes\",\"@id\":\"https:\\\/\\\/ppdegalicia.com\\\/es\\\/#\\\/schema\\\/person\\\/5b822c6f59e872ebdd1142f307dbcb59\"},\"headline\":\"O Parlamento aproba pedir ao Goberno reducir o IVE dos produtos agrarios e impulsar medidas fiscais para mellorar a rendibilidade do sector\",\"datePublished\":\"2026-04-29T07:46:59+00:00\",\"dateModified\":\"2026-04-30T08:08:42+00:00\",\"mainEntityOfPage\":{\"@id\":\"https:\\\/\\\/ppdegalicia.com\\\/es\\\/o-parlamento-aproba-pedir-ao-goberno-reducir-o-ive-dos-produtos-agrarios-e-impulsar-medidas-fiscais-para-mellorar-a-rendibilidade-do-sector\\\/\"},\"wordCount\":524,\"publisher\":{\"@id\":\"https:\\\/\\\/ppdegalicia.com\\\/es\\\/#organization\"},\"image\":{\"@id\":\"https:\\\/\\\/ppdegalicia.com\\\/es\\\/o-parlamento-aproba-pedir-ao-goberno-reducir-o-ive-dos-produtos-agrarios-e-impulsar-medidas-fiscais-para-mellorar-a-rendibilidade-do-sector\\\/#primaryimage\"},\"thumbnailUrl\":\"https:\\\/\\\/ppdegalicia.com\\\/wp-content\\\/uploads\\\/2026\\\/04\\\/20260429_C6-1-scaled.jpg\",\"articleSection\":[\"Parlamento de Galicia\"],\"inLanguage\":\"es\"},{\"@type\":\"WebPage\",\"@id\":\"https:\\\/\\\/ppdegalicia.com\\\/es\\\/o-parlamento-aproba-pedir-ao-goberno-reducir-o-ive-dos-produtos-agrarios-e-impulsar-medidas-fiscais-para-mellorar-a-rendibilidade-do-sector\\\/\",\"url\":\"https:\\\/\\\/ppdegalicia.com\\\/es\\\/o-parlamento-aproba-pedir-ao-goberno-reducir-o-ive-dos-produtos-agrarios-e-impulsar-medidas-fiscais-para-mellorar-a-rendibilidade-do-sector\\\/\",\"name\":\"O Parlamento aproba pedir ao Goberno reducir o IVE dos produtos agrarios e impulsar medidas fiscais para mellorar a rendibilidade do sector - PP de Galicia\",\"isPartOf\":{\"@id\":\"https:\\\/\\\/ppdegalicia.com\\\/es\\\/#website\"},\"primaryImageOfPage\":{\"@id\":\"https:\\\/\\\/ppdegalicia.com\\\/es\\\/o-parlamento-aproba-pedir-ao-goberno-reducir-o-ive-dos-produtos-agrarios-e-impulsar-medidas-fiscais-para-mellorar-a-rendibilidade-do-sector\\\/#primaryimage\"},\"image\":{\"@id\":\"https:\\\/\\\/ppdegalicia.com\\\/es\\\/o-parlamento-aproba-pedir-ao-goberno-reducir-o-ive-dos-produtos-agrarios-e-impulsar-medidas-fiscais-para-mellorar-a-rendibilidade-do-sector\\\/#primaryimage\"},\"thumbnailUrl\":\"https:\\\/\\\/ppdegalicia.com\\\/wp-content\\\/uploads\\\/2026\\\/04\\\/20260429_C6-1-scaled.jpg\",\"datePublished\":\"2026-04-29T07:46:59+00:00\",\"dateModified\":\"2026-04-30T08:08:42+00:00\",\"description\":\"O Parlamento de Galicia aprobou, hoxe, instar ao Goberno central a que aplique medidas urxentes para reforzar a competitividade e mellorar a situaci\u00f3n do sector agrogandeiro galego, co fin de minimizar os efectos da guerra de Ir\u00e1n.\",\"breadcrumb\":{\"@id\":\"https:\\\/\\\/ppdegalicia.com\\\/es\\\/o-parlamento-aproba-pedir-ao-goberno-reducir-o-ive-dos-produtos-agrarios-e-impulsar-medidas-fiscais-para-mellorar-a-rendibilidade-do-sector\\\/#breadcrumb\"},\"inLanguage\":\"es\",\"potentialAction\":[{\"@type\":\"ReadAction\",\"target\":[\"https:\\\/\\\/ppdegalicia.com\\\/es\\\/o-parlamento-aproba-pedir-ao-goberno-reducir-o-ive-dos-produtos-agrarios-e-impulsar-medidas-fiscais-para-mellorar-a-rendibilidade-do-sector\\\/\"]}]},{\"@type\":\"ImageObject\",\"inLanguage\":\"es\",\"@id\":\"https:\\\/\\\/ppdegalicia.com\\\/es\\\/o-parlamento-aproba-pedir-ao-goberno-reducir-o-ive-dos-produtos-agrarios-e-impulsar-medidas-fiscais-para-mellorar-a-rendibilidade-do-sector\\\/#primaryimage\",\"url\":\"https:\\\/\\\/ppdegalicia.com\\\/wp-content\\\/uploads\\\/2026\\\/04\\\/20260429_C6-1-scaled.jpg\",\"contentUrl\":\"https:\\\/\\\/ppdegalicia.com\\\/wp-content\\\/uploads\\\/2026\\\/04\\\/20260429_C6-1-scaled.jpg\",\"width\":2560,\"height\":1707},{\"@type\":\"BreadcrumbList\",\"@id\":\"https:\\\/\\\/ppdegalicia.com\\\/es\\\/o-parlamento-aproba-pedir-ao-goberno-reducir-o-ive-dos-produtos-agrarios-e-impulsar-medidas-fiscais-para-mellorar-a-rendibilidade-do-sector\\\/#breadcrumb\",\"itemListElement\":[{\"@type\":\"ListItem\",\"position\":1,\"name\":\"Portada\",\"item\":\"https:\\\/\\\/ppdegalicia.com\\\/es\\\/\"},{\"@type\":\"ListItem\",\"position\":2,\"name\":\"O Parlamento aproba pedir ao Goberno reducir o IVE dos produtos agrarios e impulsar medidas fiscais para mellorar a rendibilidade do sector\"}]},{\"@type\":\"WebSite\",\"@id\":\"https:\\\/\\\/ppdegalicia.com\\\/es\\\/#website\",\"url\":\"https:\\\/\\\/ppdegalicia.com\\\/es\\\/\",\"name\":\"Partido Popular de Galicia\",\"description\":\"Partido Popular de Galicia\",\"publisher\":{\"@id\":\"https:\\\/\\\/ppdegalicia.com\\\/es\\\/#organization\"},\"alternateName\":\"PP de Galicia\",\"potentialAction\":[{\"@type\":\"SearchAction\",\"target\":{\"@type\":\"EntryPoint\",\"urlTemplate\":\"https:\\\/\\\/ppdegalicia.com\\\/es\\\/?s={search_term_string}\"},\"query-input\":{\"@type\":\"PropertyValueSpecification\",\"valueRequired\":true,\"valueName\":\"search_term_string\"}}],\"inLanguage\":\"es\"},{\"@type\":\"Organization\",\"@id\":\"https:\\\/\\\/ppdegalicia.com\\\/es\\\/#organization\",\"name\":\"Partido Popular de Galicia\",\"alternateName\":\"PP de Galicia\",\"url\":\"https:\\\/\\\/ppdegalicia.com\\\/es\\\/\",\"logo\":{\"@type\":\"ImageObject\",\"inLanguage\":\"es\",\"@id\":\"https:\\\/\\\/ppdegalicia.com\\\/es\\\/#\\\/schema\\\/logo\\\/image\\\/\",\"url\":\"https:\\\/\\\/ppdegalicia.com\\\/wp-content\\\/uploads\\\/2023\\\/04\\\/logoPP512.png\",\"contentUrl\":\"https:\\\/\\\/ppdegalicia.com\\\/wp-content\\\/uploads\\\/2023\\\/04\\\/logoPP512.png\",\"width\":512,\"height\":512,\"caption\":\"Partido Popular de Galicia\"},\"image\":{\"@id\":\"https:\\\/\\\/ppdegalicia.com\\\/es\\\/#\\\/schema\\\/logo\\\/image\\\/\"},\"sameAs\":[\"https:\\\/\\\/www.instagram.com\\\/ppdegalicia\\\/\",\"https:\\\/\\\/x.com\\\/ppdegalicia\",\"https:\\\/\\\/www.tiktok.com\\\/@ppdegalicia\",\"https:\\\/\\\/www.youtube.com\\\/user\\\/ppdegalicia\"]},{\"@type\":\"Person\",\"@id\":\"https:\\\/\\\/ppdegalicia.com\\\/es\\\/#\\\/schema\\\/person\\\/5b822c6f59e872ebdd1142f307dbcb59\",\"name\":\"ppdegaliciaredes\",\"image\":{\"@type\":\"ImageObject\",\"inLanguage\":\"es\",\"@id\":\"https:\\\/\\\/secure.gravatar.com\\\/avatar\\\/3c9179cf0256d00c72a48d1f25783c58b6842cd56e85ef3a572881c8e28ccd59?s=96&d=mm&r=g\",\"url\":\"https:\\\/\\\/secure.gravatar.com\\\/avatar\\\/3c9179cf0256d00c72a48d1f25783c58b6842cd56e85ef3a572881c8e28ccd59?s=96&d=mm&r=g\",\"contentUrl\":\"https:\\\/\\\/secure.gravatar.com\\\/avatar\\\/3c9179cf0256d00c72a48d1f25783c58b6842cd56e85ef3a572881c8e28ccd59?s=96&d=mm&r=g\",\"caption\":\"ppdegaliciaredes\"},\"url\":\"https:\\\/\\\/ppdegalicia.com\\\/es\\\/author\\\/ppdegaliciaredes\\\/\"}]}<\/script>\n<!-- \/ Yoast SEO plugin. -->","yoast_head_json":{"title":"O Parlamento aproba pedir ao Goberno reducir o IVE dos produtos agrarios e impulsar medidas fiscais para mellorar a rendibilidade do sector - PP de Galicia","description":"O Parlamento de Galicia aprobou, hoxe, instar ao Goberno central a que aplique medidas urxentes para reforzar a competitividade e mellorar a situaci\u00f3n do sector agrogandeiro galego, co fin de minimizar os efectos da guerra de Ir\u00e1n.","robots":{"index":"index","follow":"follow","max-snippet":"max-snippet:-1","max-image-preview":"max-image-preview:large","max-video-preview":"max-video-preview:-1"},"canonical":"https:\/\/ppdegalicia.com\/es\/o-parlamento-aproba-pedir-ao-goberno-reducir-o-ive-dos-produtos-agrarios-e-impulsar-medidas-fiscais-para-mellorar-a-rendibilidade-do-sector\/","og_locale":"es_ES","og_type":"article","og_title":"O Parlamento aproba pedir ao Goberno reducir o IVE dos produtos agrarios e impulsar medidas fiscais para mellorar a rendibilidade do sector - PP de Galicia","og_description":"O Parlamento de Galicia aprobou, hoxe, instar ao Goberno central a que aplique medidas urxentes para reforzar a competitividade e mellorar a situaci\u00f3n do sector agrogandeiro galego, co fin de minimizar os efectos da guerra de Ir\u00e1n.","og_url":"https:\/\/ppdegalicia.com\/es\/o-parlamento-aproba-pedir-ao-goberno-reducir-o-ive-dos-produtos-agrarios-e-impulsar-medidas-fiscais-para-mellorar-a-rendibilidade-do-sector\/","og_site_name":"PP de Galicia","article_publisher":"https:\/\/www.instagram.com\/ppdegalicia\/","article_published_time":"2026-04-29T07:46:59+00:00","article_modified_time":"2026-04-30T08:08:42+00:00","og_image":[{"width":2560,"height":1707,"url":"https:\/\/ppdegalicia.com\/wp-content\/uploads\/2026\/04\/20260429_C6-1-scaled.jpg","type":"image\/jpeg"}],"author":"ppdegaliciaredes","twitter_card":"summary_large_image","twitter_creator":"@ppdegalicia","twitter_site":"@ppdegalicia","twitter_misc":{"Escrito por":"ppdegaliciaredes","Tiempo de lectura":"3 minutos"},"schema":{"@context":"https:\/\/schema.org","@graph":[{"@type":"Article","@id":"https:\/\/ppdegalicia.com\/es\/o-parlamento-aproba-pedir-ao-goberno-reducir-o-ive-dos-produtos-agrarios-e-impulsar-medidas-fiscais-para-mellorar-a-rendibilidade-do-sector\/#article","isPartOf":{"@id":"https:\/\/ppdegalicia.com\/es\/o-parlamento-aproba-pedir-ao-goberno-reducir-o-ive-dos-produtos-agrarios-e-impulsar-medidas-fiscais-para-mellorar-a-rendibilidade-do-sector\/"},"author":{"name":"ppdegaliciaredes","@id":"https:\/\/ppdegalicia.com\/es\/#\/schema\/person\/5b822c6f59e872ebdd1142f307dbcb59"},"headline":"O Parlamento aproba pedir ao Goberno reducir o IVE dos produtos agrarios e impulsar medidas fiscais para mellorar a rendibilidade do sector","datePublished":"2026-04-29T07:46:59+00:00","dateModified":"2026-04-30T08:08:42+00:00","mainEntityOfPage":{"@id":"https:\/\/ppdegalicia.com\/es\/o-parlamento-aproba-pedir-ao-goberno-reducir-o-ive-dos-produtos-agrarios-e-impulsar-medidas-fiscais-para-mellorar-a-rendibilidade-do-sector\/"},"wordCount":524,"publisher":{"@id":"https:\/\/ppdegalicia.com\/es\/#organization"},"image":{"@id":"https:\/\/ppdegalicia.com\/es\/o-parlamento-aproba-pedir-ao-goberno-reducir-o-ive-dos-produtos-agrarios-e-impulsar-medidas-fiscais-para-mellorar-a-rendibilidade-do-sector\/#primaryimage"},"thumbnailUrl":"https:\/\/ppdegalicia.com\/wp-content\/uploads\/2026\/04\/20260429_C6-1-scaled.jpg","articleSection":["Parlamento de Galicia"],"inLanguage":"es"},{"@type":"WebPage","@id":"https:\/\/ppdegalicia.com\/es\/o-parlamento-aproba-pedir-ao-goberno-reducir-o-ive-dos-produtos-agrarios-e-impulsar-medidas-fiscais-para-mellorar-a-rendibilidade-do-sector\/","url":"https:\/\/ppdegalicia.com\/es\/o-parlamento-aproba-pedir-ao-goberno-reducir-o-ive-dos-produtos-agrarios-e-impulsar-medidas-fiscais-para-mellorar-a-rendibilidade-do-sector\/","name":"O Parlamento aproba pedir ao Goberno reducir o IVE dos produtos agrarios e impulsar medidas fiscais para mellorar a rendibilidade do sector - PP de Galicia","isPartOf":{"@id":"https:\/\/ppdegalicia.com\/es\/#website"},"primaryImageOfPage":{"@id":"https:\/\/ppdegalicia.com\/es\/o-parlamento-aproba-pedir-ao-goberno-reducir-o-ive-dos-produtos-agrarios-e-impulsar-medidas-fiscais-para-mellorar-a-rendibilidade-do-sector\/#primaryimage"},"image":{"@id":"https:\/\/ppdegalicia.com\/es\/o-parlamento-aproba-pedir-ao-goberno-reducir-o-ive-dos-produtos-agrarios-e-impulsar-medidas-fiscais-para-mellorar-a-rendibilidade-do-sector\/#primaryimage"},"thumbnailUrl":"https:\/\/ppdegalicia.com\/wp-content\/uploads\/2026\/04\/20260429_C6-1-scaled.jpg","datePublished":"2026-04-29T07:46:59+00:00","dateModified":"2026-04-30T08:08:42+00:00","description":"O Parlamento de Galicia aprobou, hoxe, instar ao Goberno central a que aplique medidas urxentes para reforzar a competitividade e mellorar a situaci\u00f3n do sector agrogandeiro galego, co fin de minimizar os efectos da guerra de Ir\u00e1n.","breadcrumb":{"@id":"https:\/\/ppdegalicia.com\/es\/o-parlamento-aproba-pedir-ao-goberno-reducir-o-ive-dos-produtos-agrarios-e-impulsar-medidas-fiscais-para-mellorar-a-rendibilidade-do-sector\/#breadcrumb"},"inLanguage":"es","potentialAction":[{"@type":"ReadAction","target":["https:\/\/ppdegalicia.com\/es\/o-parlamento-aproba-pedir-ao-goberno-reducir-o-ive-dos-produtos-agrarios-e-impulsar-medidas-fiscais-para-mellorar-a-rendibilidade-do-sector\/"]}]},{"@type":"ImageObject","inLanguage":"es","@id":"https:\/\/ppdegalicia.com\/es\/o-parlamento-aproba-pedir-ao-goberno-reducir-o-ive-dos-produtos-agrarios-e-impulsar-medidas-fiscais-para-mellorar-a-rendibilidade-do-sector\/#primaryimage","url":"https:\/\/ppdegalicia.com\/wp-content\/uploads\/2026\/04\/20260429_C6-1-scaled.jpg","contentUrl":"https:\/\/ppdegalicia.com\/wp-content\/uploads\/2026\/04\/20260429_C6-1-scaled.jpg","width":2560,"height":1707},{"@type":"BreadcrumbList","@id":"https:\/\/ppdegalicia.com\/es\/o-parlamento-aproba-pedir-ao-goberno-reducir-o-ive-dos-produtos-agrarios-e-impulsar-medidas-fiscais-para-mellorar-a-rendibilidade-do-sector\/#breadcrumb","itemListElement":[{"@type":"ListItem","position":1,"name":"Portada","item":"https:\/\/ppdegalicia.com\/es\/"},{"@type":"ListItem","position":2,"name":"O Parlamento aproba pedir ao Goberno reducir o IVE dos produtos agrarios e impulsar medidas fiscais para mellorar a rendibilidade do sector"}]},{"@type":"WebSite","@id":"https:\/\/ppdegalicia.com\/es\/#website","url":"https:\/\/ppdegalicia.com\/es\/","name":"Partido Popular de Galicia","description":"Partido Popular de Galicia","publisher":{"@id":"https:\/\/ppdegalicia.com\/es\/#organization"},"alternateName":"PP de Galicia","potentialAction":[{"@type":"SearchAction","target":{"@type":"EntryPoint","urlTemplate":"https:\/\/ppdegalicia.com\/es\/?s={search_term_string}"},"query-input":{"@type":"PropertyValueSpecification","valueRequired":true,"valueName":"search_term_string"}}],"inLanguage":"es"},{"@type":"Organization","@id":"https:\/\/ppdegalicia.com\/es\/#organization","name":"Partido Popular de Galicia","alternateName":"PP de Galicia","url":"https:\/\/ppdegalicia.com\/es\/","logo":{"@type":"ImageObject","inLanguage":"es","@id":"https:\/\/ppdegalicia.com\/es\/#\/schema\/logo\/image\/","url":"https:\/\/ppdegalicia.com\/wp-content\/uploads\/2023\/04\/logoPP512.png","contentUrl":"https:\/\/ppdegalicia.com\/wp-content\/uploads\/2023\/04\/logoPP512.png","width":512,"height":512,"caption":"Partido Popular de Galicia"},"image":{"@id":"https:\/\/ppdegalicia.com\/es\/#\/schema\/logo\/image\/"},"sameAs":["https:\/\/www.instagram.com\/ppdegalicia\/","https:\/\/x.com\/ppdegalicia","https:\/\/www.tiktok.com\/@ppdegalicia","https:\/\/www.youtube.com\/user\/ppdegalicia"]},{"@type":"Person","@id":"https:\/\/ppdegalicia.com\/es\/#\/schema\/person\/5b822c6f59e872ebdd1142f307dbcb59","name":"ppdegaliciaredes","image":{"@type":"ImageObject","inLanguage":"es","@id":"https:\/\/secure.gravatar.com\/avatar\/3c9179cf0256d00c72a48d1f25783c58b6842cd56e85ef3a572881c8e28ccd59?s=96&d=mm&r=g","url":"https:\/\/secure.gravatar.com\/avatar\/3c9179cf0256d00c72a48d1f25783c58b6842cd56e85ef3a572881c8e28ccd59?s=96&d=mm&r=g","contentUrl":"https:\/\/secure.gravatar.com\/avatar\/3c9179cf0256d00c72a48d1f25783c58b6842cd56e85ef3a572881c8e28ccd59?s=96&d=mm&r=g","caption":"ppdegaliciaredes"},"url":"https:\/\/ppdegalicia.com\/es\/author\/ppdegaliciaredes\/"}]}},"_links":{"self":[{"href":"https:\/\/ppdegalicia.com\/es\/wp-json\/wp\/v2\/posts\/71069","targetHints":{"allow":["GET"]}}],"collection":[{"href":"https:\/\/ppdegalicia.com\/es\/wp-json\/wp\/v2\/posts"}],"about":[{"href":"https:\/\/ppdegalicia.com\/es\/wp-json\/wp\/v2\/types\/post"}],"author":[{"embeddable":true,"href":"https:\/\/ppdegalicia.com\/es\/wp-json\/wp\/v2\/users\/38"}],"replies":[{"embeddable":true,"href":"https:\/\/ppdegalicia.com\/es\/wp-json\/wp\/v2\/comments?post=71069"}],"version-history":[{"count":1,"href":"https:\/\/ppdegalicia.com\/es\/wp-json\/wp\/v2\/posts\/71069\/revisions"}],"predecessor-version":[{"id":71072,"href":"https:\/\/ppdegalicia.com\/es\/wp-json\/wp\/v2\/posts\/71069\/revisions\/71072"}],"wp:featuredmedia":[{"embeddable":true,"href":"https:\/\/ppdegalicia.com\/es\/wp-json\/wp\/v2\/media\/71070"}],"wp:attachment":[{"href":"https:\/\/ppdegalicia.com\/es\/wp-json\/wp\/v2\/media?parent=71069"}],"wp:term":[{"taxonomy":"category","embeddable":true,"href":"https:\/\/ppdegalicia.com\/es\/wp-json\/wp\/v2\/categories?post=71069"},{"taxonomy":"post_tag","embeddable":true,"href":"https:\/\/ppdegalicia.com\/es\/wp-json\/wp\/v2\/tags?post=71069"}],"curies":[{"name":"wp","href":"https:\/\/api.w.org\/{rel}","templated":true}]}}