{"id":71073,"date":"2026-04-30T13:17:22","date_gmt":"2026-04-30T12:17:22","guid":{"rendered":"https:\/\/ppdegalicia.com\/?p=71073"},"modified":"2026-04-30T13:17:22","modified_gmt":"2026-04-30T12:17:22","slug":"paula-prado-esixe-a-psoe-e-bng-que-freen-a-escalada-de-odio-ante-a-mocion-de-impulso-do-pp-de-lugo-que-si-pensa-nos-lucenses","status":"publish","type":"post","link":"https:\/\/ppdegalicia.com\/es\/paula-prado-esixe-a-psoe-e-bng-que-freen-a-escalada-de-odio-ante-a-mocion-de-impulso-do-pp-de-lugo-que-si-pensa-nos-lucenses\/","title":{"rendered":"Paula Prado esixe a PSOE e BNG que freen a \u201cescalada de odio\u201d ante a \u201cmoci\u00f3n de impulso\u201d do PP de Lugo, que \u201csi pensa nos lucenses\u201d"},"content":{"rendered":"<p style=\"font-weight: 400;\">A secretaria xeral do PPdeG, Paula Prado, esixe a PSOE e a BNG que freen a s\u00faa \u201cescalada de odio\u201d fronte a \u201cmoci\u00f3n de impulso\u201d do PP de Lugo, que \u201csi puxo enriba da mesa 45 medidas pensando s\u00f3 nos lucenses\u201d. As\u00ed o manifestou hoxe durante unha visita a Lugo, xunto \u00e1 portavoz dos populares na cidade, Elena Candia, \u00e1 que felicitou polo seu traballo e pola resposta da veci\u00f1anza\u00a0a\u00a0s\u00faa iniciativa, augurando que, a partir do pr\u00f3ximo 7 de maio, \u201cser\u00e1 alcaldesa e reactivar\u00e1 Lugo, porque merece un goberno mellor e sa\u00edr da inacci\u00f3n\u201d.<\/p>\n<p style=\"font-weight: 400;\">A n\u00famero dous dos populares galegos critica as \u201cdescualificaci\u00f3ns\u201d e a \u201cconfrontaci\u00f3n\u201d da esquerda ante a moci\u00f3n de impulso e preg\u00fantase \u201cque fixeron PSOE e BNG nestes tres anos de desgoberno\u201d,\u00a0sorprendida porque ning\u00fan deles se parou estes d\u00edas a defender o traballo do actual goberno.Referiuse \u00e1 manifestaci\u00f3n do 1 de maio convocada pola CIG en Vigo nun inicio e, posteriormente, trasladada a Lugo, un feito que para Prado \u201cs\u00f3 pretende xerar crispaci\u00f3n\u201d, demostrando que \u201co brazo sindical do BNG non pon os intereses dos traballadores por riba de todo\u201d.<\/p>\n<p style=\"font-weight: 400;\">Do mesmo xeito, lamentou o apoio de socialistas e independentistas \u00e1 plataforma \u201cTransfuguismo Non Democracia Si\u201d, fronte ao desprestixio \u00e1 plataforma \u201cSOS Salvemos Lugo\u201d, feitos que para a secretaria xeral non son \u201ccasuais\u201d, afeando o liderado da primeira plataforma, cunha persoa \u00e1 fronte que mant\u00e9n contratos co Concello de Lugo. As\u00ed, subli\u00f1ou que \u201cos nacionalistas gobernan para amigos e empresas amigas\u201d, pero, en palabras de Prado, \u201ctodo iso vaise acabar\u201d.<\/p>\n<p style=\"font-weight: 400;\"><strong><u>ELENA CANDIA: \u201cAGORA TOCA MODERACI\u00d3N E SERENIDADE\u201d<\/u><\/strong><\/p>\n<p style=\"font-weight: 400;\">Pola s\u00faa banda, Elena Candia lembrou que no ano 2023 o Partido Popular ga\u00f1ou as elecci\u00f3ns municipais en Lugo con 12 concelleiros, quedando a moi poucos votos da maior\u00eda absoluta. Nese momento, os populares aceptaron con \u201cnormalidade democr\u00e1tica\u201d o pacto entre PSOE e BNG.<\/p>\n<p style=\"font-weight: 400;\">Agora, cando existe a posibilidade de conformar unha maior\u00eda alternativa, explicou Candia, \u201cti\u00f1amos a obriga de intentalo, nun exercicio de responsabilidade, plenamente lex\u00edtimo e pensado no interese xeral da cidade\u201d.<\/p>\n<p style=\"font-weight: 400;\">Do mesmo xeito, reivindicou o papel do PP de Lugo durante estes tres anos, facendo unha oposici\u00f3n \u201cseria, construtiva e \u00fatil\u201d, lembrando que ao actual alcalde \u201cofrec\u00e9moslle di\u00e1logo, estabilidade e acordos\u201d, pero esa man tendida \u201cfoi ignorada\u201d.<\/p>\n<p style=\"font-weight: 400;\">Para a portavoz do PP de Lugo toca abrir unha nova etapa \u201cdesde a moderaci\u00f3n, a serenidade e a vontade de gobernar para todos\u201d. \u201cLugo necesita menos confrontaci\u00f3n e m\u00e1is entendemento, e por iso tam\u00e9n pedimos \u00e1s forzas do actual goberno que abandonen os discursos de odio e crispaci\u00f3n\u201d, insistiu.<\/p>\n","protected":false},"excerpt":{"rendered":"<p>A secretaria xeral do PPdeG, Paula Prado, esixe a PSOE e a BNG que freen a s\u00faa \u201cescalada de odio\u201d fronte a \u201cmoci\u00f3n de impulso\u201d do PP de Lugo, que \u201csi puxo enriba da mesa 45 medidas pensando s\u00f3 nos lucenses\u201d. As\u00ed o manifestou hoxe durante unha visita a Lugo, xunto \u00e1 portavoz dos populares [&hellip;]<\/p>\n","protected":false},"author":38,"featured_media":71074,"comment_status":"closed","ping_status":"open","sticky":false,"template":"","format":"standard","meta":{"_acf_changed":false,"footnotes":""},"categories":[1],"tags":[],"class_list":["post-71073","post","type-post","status-publish","format-standard","has-post-thumbnail","hentry","category-pp-de-galicia"],"acf":[],"yoast_head":"<!-- This site is optimized with the Yoast SEO plugin v27.3 - https:\/\/yoast.com\/product\/yoast-seo-wordpress\/ -->\n<title>Paula Prado esixe a PSOE e BNG que freen a \u201cescalada de odio\u201d ante a \u201cmoci\u00f3n de impulso\u201d do PP de Lugo, que \u201csi pensa nos lucenses\u201d - PP de Galicia<\/title>\n<meta name=\"description\" content=\"A secretaria xeral do PPdeG, Paula Prado, esixe a PSOE e a BNG que freen a s\u00faa \u201cescalada de odio\u201d fronte a \u201cmoci\u00f3n de impulso\u201d do PP de Lugo, que \u201csi puxo enriba da mesa 45 medidas pensando s\u00f3 nos lucenses\u201d. As\u00ed o manifestou hoxe durante unha visita a Lugo, xunto \u00e1 portavoz dos populares na cidade, Elena Candia, \u00e1 que felicitou polo seu traballo e pola resposta da veci\u00f1anza\u00a0a\u00a0s\u00faa iniciativa, augurando que, a partir do pr\u00f3ximo 7 de maio, \u201cser\u00e1 alcaldesa e reactivar\u00e1 Lugo, porque merece un goberno mellor e sa\u00edr da inacci\u00f3n\u201d.\" \/>\n<meta name=\"robots\" content=\"index, follow, max-snippet:-1, max-image-preview:large, max-video-preview:-1\" \/>\n<link rel=\"canonical\" href=\"https:\/\/ppdegalicia.com\/es\/paula-prado-esixe-a-psoe-e-bng-que-freen-a-escalada-de-odio-ante-a-mocion-de-impulso-do-pp-de-lugo-que-si-pensa-nos-lucenses\/\" \/>\n<meta property=\"og:locale\" content=\"es_ES\" \/>\n<meta property=\"og:type\" content=\"article\" \/>\n<meta property=\"og:title\" content=\"Paula Prado esixe a PSOE e BNG que freen a \u201cescalada de odio\u201d ante a \u201cmoci\u00f3n de impulso\u201d do PP de Lugo, que \u201csi pensa nos lucenses\u201d - PP de Galicia\" \/>\n<meta property=\"og:description\" content=\"A secretaria xeral do PPdeG, Paula Prado, esixe a PSOE e a BNG que freen a s\u00faa \u201cescalada de odio\u201d fronte a \u201cmoci\u00f3n de impulso\u201d do PP de Lugo, que \u201csi puxo enriba da mesa 45 medidas pensando s\u00f3 nos lucenses\u201d. As\u00ed o manifestou hoxe durante unha visita a Lugo, xunto \u00e1 portavoz dos populares na cidade, Elena Candia, \u00e1 que felicitou polo seu traballo e pola resposta da veci\u00f1anza\u00a0a\u00a0s\u00faa iniciativa, augurando que, a partir do pr\u00f3ximo 7 de maio, \u201cser\u00e1 alcaldesa e reactivar\u00e1 Lugo, porque merece un goberno mellor e sa\u00edr da inacci\u00f3n\u201d.\" \/>\n<meta property=\"og:url\" content=\"https:\/\/ppdegalicia.com\/es\/paula-prado-esixe-a-psoe-e-bng-que-freen-a-escalada-de-odio-ante-a-mocion-de-impulso-do-pp-de-lugo-que-si-pensa-nos-lucenses\/\" \/>\n<meta property=\"og:site_name\" content=\"PP de Galicia\" \/>\n<meta property=\"article:publisher\" content=\"https:\/\/www.instagram.com\/ppdegalicia\/\" \/>\n<meta property=\"article:published_time\" content=\"2026-04-30T12:17:22+00:00\" \/>\n<meta property=\"og:image\" content=\"https:\/\/ppdegalicia.com\/wp-content\/uploads\/2026\/04\/20260430_PPrado_MocionLugo1-scaled.jpg\" \/>\n\t<meta property=\"og:image:width\" content=\"2560\" \/>\n\t<meta property=\"og:image:height\" content=\"1706\" \/>\n\t<meta property=\"og:image:type\" content=\"image\/jpeg\" \/>\n<meta name=\"author\" content=\"ppdegaliciaredes\" \/>\n<meta name=\"twitter:card\" content=\"summary_large_image\" \/>\n<meta name=\"twitter:creator\" content=\"@ppdegalicia\" \/>\n<meta name=\"twitter:site\" content=\"@ppdegalicia\" \/>\n<meta name=\"twitter:label1\" content=\"Escrito por\" \/>\n\t<meta name=\"twitter:data1\" content=\"ppdegaliciaredes\" \/>\n\t<meta name=\"twitter:label2\" content=\"Tiempo de lectura\" \/>\n\t<meta name=\"twitter:data2\" content=\"3 minutos\" \/>\n<script type=\"application\/ld+json\" class=\"yoast-schema-graph\">{\"@context\":\"https:\\\/\\\/schema.org\",\"@graph\":[{\"@type\":\"Article\",\"@id\":\"https:\\\/\\\/ppdegalicia.com\\\/es\\\/paula-prado-esixe-a-psoe-e-bng-que-freen-a-escalada-de-odio-ante-a-mocion-de-impulso-do-pp-de-lugo-que-si-pensa-nos-lucenses\\\/#article\",\"isPartOf\":{\"@id\":\"https:\\\/\\\/ppdegalicia.com\\\/es\\\/paula-prado-esixe-a-psoe-e-bng-que-freen-a-escalada-de-odio-ante-a-mocion-de-impulso-do-pp-de-lugo-que-si-pensa-nos-lucenses\\\/\"},\"author\":{\"name\":\"ppdegaliciaredes\",\"@id\":\"https:\\\/\\\/ppdegalicia.com\\\/es\\\/#\\\/schema\\\/person\\\/5b822c6f59e872ebdd1142f307dbcb59\"},\"headline\":\"Paula Prado esixe a PSOE e BNG que freen a \u201cescalada de odio\u201d ante a \u201cmoci\u00f3n de impulso\u201d do PP de Lugo, que \u201csi pensa nos lucenses\u201d\",\"datePublished\":\"2026-04-30T12:17:22+00:00\",\"mainEntityOfPage\":{\"@id\":\"https:\\\/\\\/ppdegalicia.com\\\/es\\\/paula-prado-esixe-a-psoe-e-bng-que-freen-a-escalada-de-odio-ante-a-mocion-de-impulso-do-pp-de-lugo-que-si-pensa-nos-lucenses\\\/\"},\"wordCount\":477,\"publisher\":{\"@id\":\"https:\\\/\\\/ppdegalicia.com\\\/es\\\/#organization\"},\"image\":{\"@id\":\"https:\\\/\\\/ppdegalicia.com\\\/es\\\/paula-prado-esixe-a-psoe-e-bng-que-freen-a-escalada-de-odio-ante-a-mocion-de-impulso-do-pp-de-lugo-que-si-pensa-nos-lucenses\\\/#primaryimage\"},\"thumbnailUrl\":\"https:\\\/\\\/ppdegalicia.com\\\/wp-content\\\/uploads\\\/2026\\\/04\\\/20260430_PPrado_MocionLugo1-scaled.jpg\",\"articleSection\":[\"PP de Galicia\"],\"inLanguage\":\"es\"},{\"@type\":\"WebPage\",\"@id\":\"https:\\\/\\\/ppdegalicia.com\\\/es\\\/paula-prado-esixe-a-psoe-e-bng-que-freen-a-escalada-de-odio-ante-a-mocion-de-impulso-do-pp-de-lugo-que-si-pensa-nos-lucenses\\\/\",\"url\":\"https:\\\/\\\/ppdegalicia.com\\\/es\\\/paula-prado-esixe-a-psoe-e-bng-que-freen-a-escalada-de-odio-ante-a-mocion-de-impulso-do-pp-de-lugo-que-si-pensa-nos-lucenses\\\/\",\"name\":\"Paula Prado esixe a PSOE e BNG que freen a \u201cescalada de odio\u201d ante a \u201cmoci\u00f3n de impulso\u201d do PP de Lugo, que \u201csi pensa nos lucenses\u201d - PP de Galicia\",\"isPartOf\":{\"@id\":\"https:\\\/\\\/ppdegalicia.com\\\/es\\\/#website\"},\"primaryImageOfPage\":{\"@id\":\"https:\\\/\\\/ppdegalicia.com\\\/es\\\/paula-prado-esixe-a-psoe-e-bng-que-freen-a-escalada-de-odio-ante-a-mocion-de-impulso-do-pp-de-lugo-que-si-pensa-nos-lucenses\\\/#primaryimage\"},\"image\":{\"@id\":\"https:\\\/\\\/ppdegalicia.com\\\/es\\\/paula-prado-esixe-a-psoe-e-bng-que-freen-a-escalada-de-odio-ante-a-mocion-de-impulso-do-pp-de-lugo-que-si-pensa-nos-lucenses\\\/#primaryimage\"},\"thumbnailUrl\":\"https:\\\/\\\/ppdegalicia.com\\\/wp-content\\\/uploads\\\/2026\\\/04\\\/20260430_PPrado_MocionLugo1-scaled.jpg\",\"datePublished\":\"2026-04-30T12:17:22+00:00\",\"description\":\"A secretaria xeral do PPdeG, Paula Prado, esixe a PSOE e a BNG que freen a s\u00faa \u201cescalada de odio\u201d fronte a \u201cmoci\u00f3n de impulso\u201d do PP de Lugo, que \u201csi puxo enriba da mesa 45 medidas pensando s\u00f3 nos lucenses\u201d. As\u00ed o manifestou hoxe durante unha visita a Lugo, xunto \u00e1 portavoz dos populares na cidade, Elena Candia, \u00e1 que felicitou polo seu traballo e pola resposta da veci\u00f1anza\u00a0a\u00a0s\u00faa iniciativa, augurando que, a partir do pr\u00f3ximo 7 de maio, \u201cser\u00e1 alcaldesa e reactivar\u00e1 Lugo, porque merece un goberno mellor e sa\u00edr da inacci\u00f3n\u201d.\",\"breadcrumb\":{\"@id\":\"https:\\\/\\\/ppdegalicia.com\\\/es\\\/paula-prado-esixe-a-psoe-e-bng-que-freen-a-escalada-de-odio-ante-a-mocion-de-impulso-do-pp-de-lugo-que-si-pensa-nos-lucenses\\\/#breadcrumb\"},\"inLanguage\":\"es\",\"potentialAction\":[{\"@type\":\"ReadAction\",\"target\":[\"https:\\\/\\\/ppdegalicia.com\\\/es\\\/paula-prado-esixe-a-psoe-e-bng-que-freen-a-escalada-de-odio-ante-a-mocion-de-impulso-do-pp-de-lugo-que-si-pensa-nos-lucenses\\\/\"]}]},{\"@type\":\"ImageObject\",\"inLanguage\":\"es\",\"@id\":\"https:\\\/\\\/ppdegalicia.com\\\/es\\\/paula-prado-esixe-a-psoe-e-bng-que-freen-a-escalada-de-odio-ante-a-mocion-de-impulso-do-pp-de-lugo-que-si-pensa-nos-lucenses\\\/#primaryimage\",\"url\":\"https:\\\/\\\/ppdegalicia.com\\\/wp-content\\\/uploads\\\/2026\\\/04\\\/20260430_PPrado_MocionLugo1-scaled.jpg\",\"contentUrl\":\"https:\\\/\\\/ppdegalicia.com\\\/wp-content\\\/uploads\\\/2026\\\/04\\\/20260430_PPrado_MocionLugo1-scaled.jpg\",\"width\":2560,\"height\":1706},{\"@type\":\"BreadcrumbList\",\"@id\":\"https:\\\/\\\/ppdegalicia.com\\\/es\\\/paula-prado-esixe-a-psoe-e-bng-que-freen-a-escalada-de-odio-ante-a-mocion-de-impulso-do-pp-de-lugo-que-si-pensa-nos-lucenses\\\/#breadcrumb\",\"itemListElement\":[{\"@type\":\"ListItem\",\"position\":1,\"name\":\"Portada\",\"item\":\"https:\\\/\\\/ppdegalicia.com\\\/es\\\/\"},{\"@type\":\"ListItem\",\"position\":2,\"name\":\"Paula Prado esixe a PSOE e BNG que freen a \u201cescalada de odio\u201d ante a \u201cmoci\u00f3n de impulso\u201d do PP de Lugo, que \u201csi pensa nos lucenses\u201d\"}]},{\"@type\":\"WebSite\",\"@id\":\"https:\\\/\\\/ppdegalicia.com\\\/es\\\/#website\",\"url\":\"https:\\\/\\\/ppdegalicia.com\\\/es\\\/\",\"name\":\"Partido Popular de Galicia\",\"description\":\"Partido Popular de Galicia\",\"publisher\":{\"@id\":\"https:\\\/\\\/ppdegalicia.com\\\/es\\\/#organization\"},\"alternateName\":\"PP de Galicia\",\"potentialAction\":[{\"@type\":\"SearchAction\",\"target\":{\"@type\":\"EntryPoint\",\"urlTemplate\":\"https:\\\/\\\/ppdegalicia.com\\\/es\\\/?s={search_term_string}\"},\"query-input\":{\"@type\":\"PropertyValueSpecification\",\"valueRequired\":true,\"valueName\":\"search_term_string\"}}],\"inLanguage\":\"es\"},{\"@type\":\"Organization\",\"@id\":\"https:\\\/\\\/ppdegalicia.com\\\/es\\\/#organization\",\"name\":\"Partido Popular de Galicia\",\"alternateName\":\"PP de Galicia\",\"url\":\"https:\\\/\\\/ppdegalicia.com\\\/es\\\/\",\"logo\":{\"@type\":\"ImageObject\",\"inLanguage\":\"es\",\"@id\":\"https:\\\/\\\/ppdegalicia.com\\\/es\\\/#\\\/schema\\\/logo\\\/image\\\/\",\"url\":\"https:\\\/\\\/ppdegalicia.com\\\/wp-content\\\/uploads\\\/2023\\\/04\\\/logoPP512.png\",\"contentUrl\":\"https:\\\/\\\/ppdegalicia.com\\\/wp-content\\\/uploads\\\/2023\\\/04\\\/logoPP512.png\",\"width\":512,\"height\":512,\"caption\":\"Partido Popular de Galicia\"},\"image\":{\"@id\":\"https:\\\/\\\/ppdegalicia.com\\\/es\\\/#\\\/schema\\\/logo\\\/image\\\/\"},\"sameAs\":[\"https:\\\/\\\/www.instagram.com\\\/ppdegalicia\\\/\",\"https:\\\/\\\/x.com\\\/ppdegalicia\",\"https:\\\/\\\/www.tiktok.com\\\/@ppdegalicia\",\"https:\\\/\\\/www.youtube.com\\\/user\\\/ppdegalicia\"]},{\"@type\":\"Person\",\"@id\":\"https:\\\/\\\/ppdegalicia.com\\\/es\\\/#\\\/schema\\\/person\\\/5b822c6f59e872ebdd1142f307dbcb59\",\"name\":\"ppdegaliciaredes\",\"image\":{\"@type\":\"ImageObject\",\"inLanguage\":\"es\",\"@id\":\"https:\\\/\\\/secure.gravatar.com\\\/avatar\\\/3c9179cf0256d00c72a48d1f25783c58b6842cd56e85ef3a572881c8e28ccd59?s=96&d=mm&r=g\",\"url\":\"https:\\\/\\\/secure.gravatar.com\\\/avatar\\\/3c9179cf0256d00c72a48d1f25783c58b6842cd56e85ef3a572881c8e28ccd59?s=96&d=mm&r=g\",\"contentUrl\":\"https:\\\/\\\/secure.gravatar.com\\\/avatar\\\/3c9179cf0256d00c72a48d1f25783c58b6842cd56e85ef3a572881c8e28ccd59?s=96&d=mm&r=g\",\"caption\":\"ppdegaliciaredes\"},\"url\":\"https:\\\/\\\/ppdegalicia.com\\\/es\\\/author\\\/ppdegaliciaredes\\\/\"}]}<\/script>\n<!-- \/ Yoast SEO plugin. -->","yoast_head_json":{"title":"Paula Prado esixe a PSOE e BNG que freen a \u201cescalada de odio\u201d ante a \u201cmoci\u00f3n de impulso\u201d do PP de Lugo, que \u201csi pensa nos lucenses\u201d - PP de Galicia","description":"A secretaria xeral do PPdeG, Paula Prado, esixe a PSOE e a BNG que freen a s\u00faa \u201cescalada de odio\u201d fronte a \u201cmoci\u00f3n de impulso\u201d do PP de Lugo, que \u201csi puxo enriba da mesa 45 medidas pensando s\u00f3 nos lucenses\u201d. As\u00ed o manifestou hoxe durante unha visita a Lugo, xunto \u00e1 portavoz dos populares na cidade, Elena Candia, \u00e1 que felicitou polo seu traballo e pola resposta da veci\u00f1anza\u00a0a\u00a0s\u00faa iniciativa, augurando que, a partir do pr\u00f3ximo 7 de maio, \u201cser\u00e1 alcaldesa e reactivar\u00e1 Lugo, porque merece un goberno mellor e sa\u00edr da inacci\u00f3n\u201d.","robots":{"index":"index","follow":"follow","max-snippet":"max-snippet:-1","max-image-preview":"max-image-preview:large","max-video-preview":"max-video-preview:-1"},"canonical":"https:\/\/ppdegalicia.com\/es\/paula-prado-esixe-a-psoe-e-bng-que-freen-a-escalada-de-odio-ante-a-mocion-de-impulso-do-pp-de-lugo-que-si-pensa-nos-lucenses\/","og_locale":"es_ES","og_type":"article","og_title":"Paula Prado esixe a PSOE e BNG que freen a \u201cescalada de odio\u201d ante a \u201cmoci\u00f3n de impulso\u201d do PP de Lugo, que \u201csi pensa nos lucenses\u201d - PP de Galicia","og_description":"A secretaria xeral do PPdeG, Paula Prado, esixe a PSOE e a BNG que freen a s\u00faa \u201cescalada de odio\u201d fronte a \u201cmoci\u00f3n de impulso\u201d do PP de Lugo, que \u201csi puxo enriba da mesa 45 medidas pensando s\u00f3 nos lucenses\u201d. As\u00ed o manifestou hoxe durante unha visita a Lugo, xunto \u00e1 portavoz dos populares na cidade, Elena Candia, \u00e1 que felicitou polo seu traballo e pola resposta da veci\u00f1anza\u00a0a\u00a0s\u00faa iniciativa, augurando que, a partir do pr\u00f3ximo 7 de maio, \u201cser\u00e1 alcaldesa e reactivar\u00e1 Lugo, porque merece un goberno mellor e sa\u00edr da inacci\u00f3n\u201d.","og_url":"https:\/\/ppdegalicia.com\/es\/paula-prado-esixe-a-psoe-e-bng-que-freen-a-escalada-de-odio-ante-a-mocion-de-impulso-do-pp-de-lugo-que-si-pensa-nos-lucenses\/","og_site_name":"PP de Galicia","article_publisher":"https:\/\/www.instagram.com\/ppdegalicia\/","article_published_time":"2026-04-30T12:17:22+00:00","og_image":[{"width":2560,"height":1706,"url":"https:\/\/ppdegalicia.com\/wp-content\/uploads\/2026\/04\/20260430_PPrado_MocionLugo1-scaled.jpg","type":"image\/jpeg"}],"author":"ppdegaliciaredes","twitter_card":"summary_large_image","twitter_creator":"@ppdegalicia","twitter_site":"@ppdegalicia","twitter_misc":{"Escrito por":"ppdegaliciaredes","Tiempo de lectura":"3 minutos"},"schema":{"@context":"https:\/\/schema.org","@graph":[{"@type":"Article","@id":"https:\/\/ppdegalicia.com\/es\/paula-prado-esixe-a-psoe-e-bng-que-freen-a-escalada-de-odio-ante-a-mocion-de-impulso-do-pp-de-lugo-que-si-pensa-nos-lucenses\/#article","isPartOf":{"@id":"https:\/\/ppdegalicia.com\/es\/paula-prado-esixe-a-psoe-e-bng-que-freen-a-escalada-de-odio-ante-a-mocion-de-impulso-do-pp-de-lugo-que-si-pensa-nos-lucenses\/"},"author":{"name":"ppdegaliciaredes","@id":"https:\/\/ppdegalicia.com\/es\/#\/schema\/person\/5b822c6f59e872ebdd1142f307dbcb59"},"headline":"Paula Prado esixe a PSOE e BNG que freen a \u201cescalada de odio\u201d ante a \u201cmoci\u00f3n de impulso\u201d do PP de Lugo, que \u201csi pensa nos lucenses\u201d","datePublished":"2026-04-30T12:17:22+00:00","mainEntityOfPage":{"@id":"https:\/\/ppdegalicia.com\/es\/paula-prado-esixe-a-psoe-e-bng-que-freen-a-escalada-de-odio-ante-a-mocion-de-impulso-do-pp-de-lugo-que-si-pensa-nos-lucenses\/"},"wordCount":477,"publisher":{"@id":"https:\/\/ppdegalicia.com\/es\/#organization"},"image":{"@id":"https:\/\/ppdegalicia.com\/es\/paula-prado-esixe-a-psoe-e-bng-que-freen-a-escalada-de-odio-ante-a-mocion-de-impulso-do-pp-de-lugo-que-si-pensa-nos-lucenses\/#primaryimage"},"thumbnailUrl":"https:\/\/ppdegalicia.com\/wp-content\/uploads\/2026\/04\/20260430_PPrado_MocionLugo1-scaled.jpg","articleSection":["PP de Galicia"],"inLanguage":"es"},{"@type":"WebPage","@id":"https:\/\/ppdegalicia.com\/es\/paula-prado-esixe-a-psoe-e-bng-que-freen-a-escalada-de-odio-ante-a-mocion-de-impulso-do-pp-de-lugo-que-si-pensa-nos-lucenses\/","url":"https:\/\/ppdegalicia.com\/es\/paula-prado-esixe-a-psoe-e-bng-que-freen-a-escalada-de-odio-ante-a-mocion-de-impulso-do-pp-de-lugo-que-si-pensa-nos-lucenses\/","name":"Paula Prado esixe a PSOE e BNG que freen a \u201cescalada de odio\u201d ante a \u201cmoci\u00f3n de impulso\u201d do PP de Lugo, que \u201csi pensa nos lucenses\u201d - PP de Galicia","isPartOf":{"@id":"https:\/\/ppdegalicia.com\/es\/#website"},"primaryImageOfPage":{"@id":"https:\/\/ppdegalicia.com\/es\/paula-prado-esixe-a-psoe-e-bng-que-freen-a-escalada-de-odio-ante-a-mocion-de-impulso-do-pp-de-lugo-que-si-pensa-nos-lucenses\/#primaryimage"},"image":{"@id":"https:\/\/ppdegalicia.com\/es\/paula-prado-esixe-a-psoe-e-bng-que-freen-a-escalada-de-odio-ante-a-mocion-de-impulso-do-pp-de-lugo-que-si-pensa-nos-lucenses\/#primaryimage"},"thumbnailUrl":"https:\/\/ppdegalicia.com\/wp-content\/uploads\/2026\/04\/20260430_PPrado_MocionLugo1-scaled.jpg","datePublished":"2026-04-30T12:17:22+00:00","description":"A secretaria xeral do PPdeG, Paula Prado, esixe a PSOE e a BNG que freen a s\u00faa \u201cescalada de odio\u201d fronte a \u201cmoci\u00f3n de impulso\u201d do PP de Lugo, que \u201csi puxo enriba da mesa 45 medidas pensando s\u00f3 nos lucenses\u201d. As\u00ed o manifestou hoxe durante unha visita a Lugo, xunto \u00e1 portavoz dos populares na cidade, Elena Candia, \u00e1 que felicitou polo seu traballo e pola resposta da veci\u00f1anza\u00a0a\u00a0s\u00faa iniciativa, augurando que, a partir do pr\u00f3ximo 7 de maio, \u201cser\u00e1 alcaldesa e reactivar\u00e1 Lugo, porque merece un goberno mellor e sa\u00edr da inacci\u00f3n\u201d.","breadcrumb":{"@id":"https:\/\/ppdegalicia.com\/es\/paula-prado-esixe-a-psoe-e-bng-que-freen-a-escalada-de-odio-ante-a-mocion-de-impulso-do-pp-de-lugo-que-si-pensa-nos-lucenses\/#breadcrumb"},"inLanguage":"es","potentialAction":[{"@type":"ReadAction","target":["https:\/\/ppdegalicia.com\/es\/paula-prado-esixe-a-psoe-e-bng-que-freen-a-escalada-de-odio-ante-a-mocion-de-impulso-do-pp-de-lugo-que-si-pensa-nos-lucenses\/"]}]},{"@type":"ImageObject","inLanguage":"es","@id":"https:\/\/ppdegalicia.com\/es\/paula-prado-esixe-a-psoe-e-bng-que-freen-a-escalada-de-odio-ante-a-mocion-de-impulso-do-pp-de-lugo-que-si-pensa-nos-lucenses\/#primaryimage","url":"https:\/\/ppdegalicia.com\/wp-content\/uploads\/2026\/04\/20260430_PPrado_MocionLugo1-scaled.jpg","contentUrl":"https:\/\/ppdegalicia.com\/wp-content\/uploads\/2026\/04\/20260430_PPrado_MocionLugo1-scaled.jpg","width":2560,"height":1706},{"@type":"BreadcrumbList","@id":"https:\/\/ppdegalicia.com\/es\/paula-prado-esixe-a-psoe-e-bng-que-freen-a-escalada-de-odio-ante-a-mocion-de-impulso-do-pp-de-lugo-que-si-pensa-nos-lucenses\/#breadcrumb","itemListElement":[{"@type":"ListItem","position":1,"name":"Portada","item":"https:\/\/ppdegalicia.com\/es\/"},{"@type":"ListItem","position":2,"name":"Paula Prado esixe a PSOE e BNG que freen a \u201cescalada de odio\u201d ante a \u201cmoci\u00f3n de impulso\u201d do PP de Lugo, que \u201csi pensa nos lucenses\u201d"}]},{"@type":"WebSite","@id":"https:\/\/ppdegalicia.com\/es\/#website","url":"https:\/\/ppdegalicia.com\/es\/","name":"Partido Popular de Galicia","description":"Partido Popular de Galicia","publisher":{"@id":"https:\/\/ppdegalicia.com\/es\/#organization"},"alternateName":"PP de Galicia","potentialAction":[{"@type":"SearchAction","target":{"@type":"EntryPoint","urlTemplate":"https:\/\/ppdegalicia.com\/es\/?s={search_term_string}"},"query-input":{"@type":"PropertyValueSpecification","valueRequired":true,"valueName":"search_term_string"}}],"inLanguage":"es"},{"@type":"Organization","@id":"https:\/\/ppdegalicia.com\/es\/#organization","name":"Partido Popular de Galicia","alternateName":"PP de Galicia","url":"https:\/\/ppdegalicia.com\/es\/","logo":{"@type":"ImageObject","inLanguage":"es","@id":"https:\/\/ppdegalicia.com\/es\/#\/schema\/logo\/image\/","url":"https:\/\/ppdegalicia.com\/wp-content\/uploads\/2023\/04\/logoPP512.png","contentUrl":"https:\/\/ppdegalicia.com\/wp-content\/uploads\/2023\/04\/logoPP512.png","width":512,"height":512,"caption":"Partido Popular de Galicia"},"image":{"@id":"https:\/\/ppdegalicia.com\/es\/#\/schema\/logo\/image\/"},"sameAs":["https:\/\/www.instagram.com\/ppdegalicia\/","https:\/\/x.com\/ppdegalicia","https:\/\/www.tiktok.com\/@ppdegalicia","https:\/\/www.youtube.com\/user\/ppdegalicia"]},{"@type":"Person","@id":"https:\/\/ppdegalicia.com\/es\/#\/schema\/person\/5b822c6f59e872ebdd1142f307dbcb59","name":"ppdegaliciaredes","image":{"@type":"ImageObject","inLanguage":"es","@id":"https:\/\/secure.gravatar.com\/avatar\/3c9179cf0256d00c72a48d1f25783c58b6842cd56e85ef3a572881c8e28ccd59?s=96&d=mm&r=g","url":"https:\/\/secure.gravatar.com\/avatar\/3c9179cf0256d00c72a48d1f25783c58b6842cd56e85ef3a572881c8e28ccd59?s=96&d=mm&r=g","contentUrl":"https:\/\/secure.gravatar.com\/avatar\/3c9179cf0256d00c72a48d1f25783c58b6842cd56e85ef3a572881c8e28ccd59?s=96&d=mm&r=g","caption":"ppdegaliciaredes"},"url":"https:\/\/ppdegalicia.com\/es\/author\/ppdegaliciaredes\/"}]}},"_links":{"self":[{"href":"https:\/\/ppdegalicia.com\/es\/wp-json\/wp\/v2\/posts\/71073","targetHints":{"allow":["GET"]}}],"collection":[{"href":"https:\/\/ppdegalicia.com\/es\/wp-json\/wp\/v2\/posts"}],"about":[{"href":"https:\/\/ppdegalicia.com\/es\/wp-json\/wp\/v2\/types\/post"}],"author":[{"embeddable":true,"href":"https:\/\/ppdegalicia.com\/es\/wp-json\/wp\/v2\/users\/38"}],"replies":[{"embeddable":true,"href":"https:\/\/ppdegalicia.com\/es\/wp-json\/wp\/v2\/comments?post=71073"}],"version-history":[{"count":1,"href":"https:\/\/ppdegalicia.com\/es\/wp-json\/wp\/v2\/posts\/71073\/revisions"}],"predecessor-version":[{"id":71076,"href":"https:\/\/ppdegalicia.com\/es\/wp-json\/wp\/v2\/posts\/71073\/revisions\/71076"}],"wp:featuredmedia":[{"embeddable":true,"href":"https:\/\/ppdegalicia.com\/es\/wp-json\/wp\/v2\/media\/71074"}],"wp:attachment":[{"href":"https:\/\/ppdegalicia.com\/es\/wp-json\/wp\/v2\/media?parent=71073"}],"wp:term":[{"taxonomy":"category","embeddable":true,"href":"https:\/\/ppdegalicia.com\/es\/wp-json\/wp\/v2\/categories?post=71073"},{"taxonomy":"post_tag","embeddable":true,"href":"https:\/\/ppdegalicia.com\/es\/wp-json\/wp\/v2\/tags?post=71073"}],"curies":[{"name":"wp","href":"https:\/\/api.w.org\/{rel}","templated":true}]}}