{"id":71077,"date":"2026-04-30T13:55:22","date_gmt":"2026-04-30T12:55:22","guid":{"rendered":"https:\/\/ppdegalicia.com\/?p=71077"},"modified":"2026-04-30T13:55:22","modified_gmt":"2026-04-30T12:55:22","slug":"o-ppdeg-logra-unanimidade-no-congreso-para-impulsar-unha-declaracion-institucional-a-favor-da-ribeira-sacra-como-patrimonio-mundial","status":"publish","type":"post","link":"https:\/\/ppdegalicia.com\/es\/o-ppdeg-logra-unanimidade-no-congreso-para-impulsar-unha-declaracion-institucional-a-favor-da-ribeira-sacra-como-patrimonio-mundial\/","title":{"rendered":"O PPdeG logra unanimidade no Congreso para impulsar unha declaraci\u00f3n institucional a favor da Ribeira Sacra como Patrimonio Mundial"},"content":{"rendered":"<p style=\"font-weight: 400;\">O deputado lucense e portavoz de Industria e Turismo do Grupo Popular no Congreso, Francisco Conde, celebra a unanimidade acadada na Comisi\u00f3n de Industria e Turismo do Congreso para apoiar a declaraci\u00f3n institucional proposta polo PPdeG para impulsar a candidatura da Ribeira Sacra a Patrimonio Mundial da UNESCO.<\/p>\n<p style=\"font-weight: 400;\">\u201cTr\u00e1tase dunha iniciativa para proxectar un dos patrimonios culturais e paisax\u00edsticos m\u00e1is relevantes do pa\u00eds\u201d, reivindica Conde, que pon en valor o esforzo de todos os grupos no Congreso para reafirmar a candidatura \u201cRibeira Sacra: Paisaxe da Auga\u2019 a Patrimonio Mundial.<\/p>\n<p style=\"font-weight: 400;\"><strong><u>PATRIMONIO HIDR\u00c1ULICO E CULTURAL<\/u><\/strong><\/p>\n<p style=\"font-weight: 400;\">A declaraci\u00f3n institucional proposta polos populares destaca \u00e1 Ribeira Sacra como un enclave natural que \u201cilustra a x\u00e9nese e evoluci\u00f3n dun territorio esculpido pola auga e paradigma dunha cultura h\u00eddrica\u201d, as\u00ed como a s\u00faa historia vinculada a antiga tradici\u00f3n erem\u00edtica e mon\u00e1stica.<\/p>\n<p style=\"font-weight: 400;\">Tam\u00e9n se fai referencia aos seus principais atributos, entre os que sobresaen o capital biocultural, as formas ancestrais de ocupar o territorio, os sistemas tradicionais de cultivo, o denso e variado patrimonio hidr\u00e1ulico ou os can\u00f3ns e vales fluviais que sustentan a paisaxe.<\/p>\n<p style=\"font-weight: 400;\">O deputado popular tam\u00e9n subli\u00f1a o \u201cforte compromiso institucional\u201d coa Ribeira Sacra e coa candidatura, polo que esta declaraci\u00f3n institucional se converte nun paso m\u00e1is de cara ao obxectivo final na UNESCO.<\/p>\n","protected":false},"excerpt":{"rendered":"<p>O deputado lucense e portavoz de Industria e Turismo do Grupo Popular no Congreso, Francisco Conde, celebra a unanimidade acadada na Comisi\u00f3n de Industria e Turismo do Congreso para apoiar a declaraci\u00f3n institucional proposta polo PPdeG para impulsar a candidatura da Ribeira Sacra a Patrimonio Mundial da UNESCO. \u201cTr\u00e1tase dunha iniciativa para proxectar un dos [&hellip;]<\/p>\n","protected":false},"author":38,"featured_media":71078,"comment_status":"closed","ping_status":"open","sticky":false,"template":"","format":"standard","meta":{"_acf_changed":false,"footnotes":""},"categories":[2387],"tags":[],"class_list":["post-71077","post","type-post","status-publish","format-standard","has-post-thumbnail","hentry","category-actualidad-cortes-generales"],"acf":[],"yoast_head":"<!-- This site is optimized with the Yoast SEO plugin v27.3 - https:\/\/yoast.com\/product\/yoast-seo-wordpress\/ -->\n<title>O PPdeG logra unanimidade no Congreso para impulsar unha declaraci\u00f3n institucional a favor da Ribeira Sacra como Patrimonio Mundial - PP de Galicia<\/title>\n<meta name=\"description\" content=\"O deputado lucense e portavoz de Industria e Turismo do Grupo Popular no Congreso, Francisco Conde, celebra a unanimidade acadada na Comisi\u00f3n de Industria e Turismo do Congreso para apoiar a declaraci\u00f3n institucional proposta polo PPdeG para impulsar a candidatura da Ribeira Sacra a Patrimonio Mundial da UNESCO.\u00a0\" \/>\n<meta name=\"robots\" content=\"index, follow, max-snippet:-1, max-image-preview:large, max-video-preview:-1\" \/>\n<link rel=\"canonical\" href=\"https:\/\/ppdegalicia.com\/es\/o-ppdeg-logra-unanimidade-no-congreso-para-impulsar-unha-declaracion-institucional-a-favor-da-ribeira-sacra-como-patrimonio-mundial\/\" \/>\n<meta property=\"og:locale\" content=\"es_ES\" \/>\n<meta property=\"og:type\" content=\"article\" \/>\n<meta property=\"og:title\" content=\"O PPdeG logra unanimidade no Congreso para impulsar unha declaraci\u00f3n institucional a favor da Ribeira Sacra como Patrimonio Mundial - PP de Galicia\" \/>\n<meta property=\"og:description\" content=\"O deputado lucense e portavoz de Industria e Turismo do Grupo Popular no Congreso, Francisco Conde, celebra a unanimidade acadada na Comisi\u00f3n de Industria e Turismo do Congreso para apoiar a declaraci\u00f3n institucional proposta polo PPdeG para impulsar a candidatura da Ribeira Sacra a Patrimonio Mundial da UNESCO.\u00a0\" \/>\n<meta property=\"og:url\" content=\"https:\/\/ppdegalicia.com\/es\/o-ppdeg-logra-unanimidade-no-congreso-para-impulsar-unha-declaracion-institucional-a-favor-da-ribeira-sacra-como-patrimonio-mundial\/\" \/>\n<meta property=\"og:site_name\" content=\"PP de Galicia\" \/>\n<meta property=\"article:publisher\" content=\"https:\/\/www.instagram.com\/ppdegalicia\/\" \/>\n<meta property=\"article:published_time\" content=\"2026-04-30T12:55:22+00:00\" \/>\n<meta property=\"og:image\" content=\"https:\/\/ppdegalicia.com\/wp-content\/uploads\/2026\/04\/FranciscoConde_recurso.jpg\" \/>\n\t<meta property=\"og:image:width\" content=\"2048\" \/>\n\t<meta property=\"og:image:height\" content=\"1365\" \/>\n\t<meta property=\"og:image:type\" content=\"image\/jpeg\" \/>\n<meta name=\"author\" content=\"ppdegaliciaredes\" \/>\n<meta name=\"twitter:card\" content=\"summary_large_image\" \/>\n<meta name=\"twitter:creator\" content=\"@ppdegalicia\" \/>\n<meta name=\"twitter:site\" content=\"@ppdegalicia\" \/>\n<meta name=\"twitter:label1\" content=\"Escrito por\" \/>\n\t<meta name=\"twitter:data1\" content=\"ppdegaliciaredes\" \/>\n\t<meta name=\"twitter:label2\" content=\"Tiempo de lectura\" \/>\n\t<meta name=\"twitter:data2\" content=\"2 minutos\" \/>\n<script type=\"application\/ld+json\" class=\"yoast-schema-graph\">{\"@context\":\"https:\\\/\\\/schema.org\",\"@graph\":[{\"@type\":\"Article\",\"@id\":\"https:\\\/\\\/ppdegalicia.com\\\/es\\\/o-ppdeg-logra-unanimidade-no-congreso-para-impulsar-unha-declaracion-institucional-a-favor-da-ribeira-sacra-como-patrimonio-mundial\\\/#article\",\"isPartOf\":{\"@id\":\"https:\\\/\\\/ppdegalicia.com\\\/es\\\/o-ppdeg-logra-unanimidade-no-congreso-para-impulsar-unha-declaracion-institucional-a-favor-da-ribeira-sacra-como-patrimonio-mundial\\\/\"},\"author\":{\"name\":\"ppdegaliciaredes\",\"@id\":\"https:\\\/\\\/ppdegalicia.com\\\/es\\\/#\\\/schema\\\/person\\\/5b822c6f59e872ebdd1142f307dbcb59\"},\"headline\":\"O PPdeG logra unanimidade no Congreso para impulsar unha declaraci\u00f3n institucional a favor da Ribeira Sacra como Patrimonio Mundial\",\"datePublished\":\"2026-04-30T12:55:22+00:00\",\"mainEntityOfPage\":{\"@id\":\"https:\\\/\\\/ppdegalicia.com\\\/es\\\/o-ppdeg-logra-unanimidade-no-congreso-para-impulsar-unha-declaracion-institucional-a-favor-da-ribeira-sacra-como-patrimonio-mundial\\\/\"},\"wordCount\":251,\"publisher\":{\"@id\":\"https:\\\/\\\/ppdegalicia.com\\\/es\\\/#organization\"},\"image\":{\"@id\":\"https:\\\/\\\/ppdegalicia.com\\\/es\\\/o-ppdeg-logra-unanimidade-no-congreso-para-impulsar-unha-declaracion-institucional-a-favor-da-ribeira-sacra-como-patrimonio-mundial\\\/#primaryimage\"},\"thumbnailUrl\":\"https:\\\/\\\/ppdegalicia.com\\\/wp-content\\\/uploads\\\/2026\\\/04\\\/FranciscoConde_recurso.jpg\",\"articleSection\":[\"Cortes Generales\"],\"inLanguage\":\"es\"},{\"@type\":\"WebPage\",\"@id\":\"https:\\\/\\\/ppdegalicia.com\\\/es\\\/o-ppdeg-logra-unanimidade-no-congreso-para-impulsar-unha-declaracion-institucional-a-favor-da-ribeira-sacra-como-patrimonio-mundial\\\/\",\"url\":\"https:\\\/\\\/ppdegalicia.com\\\/es\\\/o-ppdeg-logra-unanimidade-no-congreso-para-impulsar-unha-declaracion-institucional-a-favor-da-ribeira-sacra-como-patrimonio-mundial\\\/\",\"name\":\"O PPdeG logra unanimidade no Congreso para impulsar unha declaraci\u00f3n institucional a favor da Ribeira Sacra como Patrimonio Mundial - PP de Galicia\",\"isPartOf\":{\"@id\":\"https:\\\/\\\/ppdegalicia.com\\\/es\\\/#website\"},\"primaryImageOfPage\":{\"@id\":\"https:\\\/\\\/ppdegalicia.com\\\/es\\\/o-ppdeg-logra-unanimidade-no-congreso-para-impulsar-unha-declaracion-institucional-a-favor-da-ribeira-sacra-como-patrimonio-mundial\\\/#primaryimage\"},\"image\":{\"@id\":\"https:\\\/\\\/ppdegalicia.com\\\/es\\\/o-ppdeg-logra-unanimidade-no-congreso-para-impulsar-unha-declaracion-institucional-a-favor-da-ribeira-sacra-como-patrimonio-mundial\\\/#primaryimage\"},\"thumbnailUrl\":\"https:\\\/\\\/ppdegalicia.com\\\/wp-content\\\/uploads\\\/2026\\\/04\\\/FranciscoConde_recurso.jpg\",\"datePublished\":\"2026-04-30T12:55:22+00:00\",\"description\":\"O deputado lucense e portavoz de Industria e Turismo do Grupo Popular no Congreso, Francisco Conde, celebra a unanimidade acadada na Comisi\u00f3n de Industria e Turismo do Congreso para apoiar a declaraci\u00f3n institucional proposta polo PPdeG para impulsar a candidatura da Ribeira Sacra a Patrimonio Mundial da UNESCO.\u00a0\",\"breadcrumb\":{\"@id\":\"https:\\\/\\\/ppdegalicia.com\\\/es\\\/o-ppdeg-logra-unanimidade-no-congreso-para-impulsar-unha-declaracion-institucional-a-favor-da-ribeira-sacra-como-patrimonio-mundial\\\/#breadcrumb\"},\"inLanguage\":\"es\",\"potentialAction\":[{\"@type\":\"ReadAction\",\"target\":[\"https:\\\/\\\/ppdegalicia.com\\\/es\\\/o-ppdeg-logra-unanimidade-no-congreso-para-impulsar-unha-declaracion-institucional-a-favor-da-ribeira-sacra-como-patrimonio-mundial\\\/\"]}]},{\"@type\":\"ImageObject\",\"inLanguage\":\"es\",\"@id\":\"https:\\\/\\\/ppdegalicia.com\\\/es\\\/o-ppdeg-logra-unanimidade-no-congreso-para-impulsar-unha-declaracion-institucional-a-favor-da-ribeira-sacra-como-patrimonio-mundial\\\/#primaryimage\",\"url\":\"https:\\\/\\\/ppdegalicia.com\\\/wp-content\\\/uploads\\\/2026\\\/04\\\/FranciscoConde_recurso.jpg\",\"contentUrl\":\"https:\\\/\\\/ppdegalicia.com\\\/wp-content\\\/uploads\\\/2026\\\/04\\\/FranciscoConde_recurso.jpg\",\"width\":2048,\"height\":1365},{\"@type\":\"BreadcrumbList\",\"@id\":\"https:\\\/\\\/ppdegalicia.com\\\/es\\\/o-ppdeg-logra-unanimidade-no-congreso-para-impulsar-unha-declaracion-institucional-a-favor-da-ribeira-sacra-como-patrimonio-mundial\\\/#breadcrumb\",\"itemListElement\":[{\"@type\":\"ListItem\",\"position\":1,\"name\":\"Portada\",\"item\":\"https:\\\/\\\/ppdegalicia.com\\\/es\\\/\"},{\"@type\":\"ListItem\",\"position\":2,\"name\":\"O PPdeG logra unanimidade no Congreso para impulsar unha declaraci\u00f3n institucional a favor da Ribeira Sacra como Patrimonio Mundial\"}]},{\"@type\":\"WebSite\",\"@id\":\"https:\\\/\\\/ppdegalicia.com\\\/es\\\/#website\",\"url\":\"https:\\\/\\\/ppdegalicia.com\\\/es\\\/\",\"name\":\"Partido Popular de Galicia\",\"description\":\"Partido Popular de Galicia\",\"publisher\":{\"@id\":\"https:\\\/\\\/ppdegalicia.com\\\/es\\\/#organization\"},\"alternateName\":\"PP de Galicia\",\"potentialAction\":[{\"@type\":\"SearchAction\",\"target\":{\"@type\":\"EntryPoint\",\"urlTemplate\":\"https:\\\/\\\/ppdegalicia.com\\\/es\\\/?s={search_term_string}\"},\"query-input\":{\"@type\":\"PropertyValueSpecification\",\"valueRequired\":true,\"valueName\":\"search_term_string\"}}],\"inLanguage\":\"es\"},{\"@type\":\"Organization\",\"@id\":\"https:\\\/\\\/ppdegalicia.com\\\/es\\\/#organization\",\"name\":\"Partido Popular de Galicia\",\"alternateName\":\"PP de Galicia\",\"url\":\"https:\\\/\\\/ppdegalicia.com\\\/es\\\/\",\"logo\":{\"@type\":\"ImageObject\",\"inLanguage\":\"es\",\"@id\":\"https:\\\/\\\/ppdegalicia.com\\\/es\\\/#\\\/schema\\\/logo\\\/image\\\/\",\"url\":\"https:\\\/\\\/ppdegalicia.com\\\/wp-content\\\/uploads\\\/2023\\\/04\\\/logoPP512.png\",\"contentUrl\":\"https:\\\/\\\/ppdegalicia.com\\\/wp-content\\\/uploads\\\/2023\\\/04\\\/logoPP512.png\",\"width\":512,\"height\":512,\"caption\":\"Partido Popular de Galicia\"},\"image\":{\"@id\":\"https:\\\/\\\/ppdegalicia.com\\\/es\\\/#\\\/schema\\\/logo\\\/image\\\/\"},\"sameAs\":[\"https:\\\/\\\/www.instagram.com\\\/ppdegalicia\\\/\",\"https:\\\/\\\/x.com\\\/ppdegalicia\",\"https:\\\/\\\/www.tiktok.com\\\/@ppdegalicia\",\"https:\\\/\\\/www.youtube.com\\\/user\\\/ppdegalicia\"]},{\"@type\":\"Person\",\"@id\":\"https:\\\/\\\/ppdegalicia.com\\\/es\\\/#\\\/schema\\\/person\\\/5b822c6f59e872ebdd1142f307dbcb59\",\"name\":\"ppdegaliciaredes\",\"image\":{\"@type\":\"ImageObject\",\"inLanguage\":\"es\",\"@id\":\"https:\\\/\\\/secure.gravatar.com\\\/avatar\\\/3c9179cf0256d00c72a48d1f25783c58b6842cd56e85ef3a572881c8e28ccd59?s=96&d=mm&r=g\",\"url\":\"https:\\\/\\\/secure.gravatar.com\\\/avatar\\\/3c9179cf0256d00c72a48d1f25783c58b6842cd56e85ef3a572881c8e28ccd59?s=96&d=mm&r=g\",\"contentUrl\":\"https:\\\/\\\/secure.gravatar.com\\\/avatar\\\/3c9179cf0256d00c72a48d1f25783c58b6842cd56e85ef3a572881c8e28ccd59?s=96&d=mm&r=g\",\"caption\":\"ppdegaliciaredes\"},\"url\":\"https:\\\/\\\/ppdegalicia.com\\\/es\\\/author\\\/ppdegaliciaredes\\\/\"}]}<\/script>\n<!-- \/ Yoast SEO plugin. -->","yoast_head_json":{"title":"O PPdeG logra unanimidade no Congreso para impulsar unha declaraci\u00f3n institucional a favor da Ribeira Sacra como Patrimonio Mundial - PP de Galicia","description":"O deputado lucense e portavoz de Industria e Turismo do Grupo Popular no Congreso, Francisco Conde, celebra a unanimidade acadada na Comisi\u00f3n de Industria e Turismo do Congreso para apoiar a declaraci\u00f3n institucional proposta polo PPdeG para impulsar a candidatura da Ribeira Sacra a Patrimonio Mundial da UNESCO.\u00a0","robots":{"index":"index","follow":"follow","max-snippet":"max-snippet:-1","max-image-preview":"max-image-preview:large","max-video-preview":"max-video-preview:-1"},"canonical":"https:\/\/ppdegalicia.com\/es\/o-ppdeg-logra-unanimidade-no-congreso-para-impulsar-unha-declaracion-institucional-a-favor-da-ribeira-sacra-como-patrimonio-mundial\/","og_locale":"es_ES","og_type":"article","og_title":"O PPdeG logra unanimidade no Congreso para impulsar unha declaraci\u00f3n institucional a favor da Ribeira Sacra como Patrimonio Mundial - PP de Galicia","og_description":"O deputado lucense e portavoz de Industria e Turismo do Grupo Popular no Congreso, Francisco Conde, celebra a unanimidade acadada na Comisi\u00f3n de Industria e Turismo do Congreso para apoiar a declaraci\u00f3n institucional proposta polo PPdeG para impulsar a candidatura da Ribeira Sacra a Patrimonio Mundial da UNESCO.\u00a0","og_url":"https:\/\/ppdegalicia.com\/es\/o-ppdeg-logra-unanimidade-no-congreso-para-impulsar-unha-declaracion-institucional-a-favor-da-ribeira-sacra-como-patrimonio-mundial\/","og_site_name":"PP de Galicia","article_publisher":"https:\/\/www.instagram.com\/ppdegalicia\/","article_published_time":"2026-04-30T12:55:22+00:00","og_image":[{"width":2048,"height":1365,"url":"https:\/\/ppdegalicia.com\/wp-content\/uploads\/2026\/04\/FranciscoConde_recurso.jpg","type":"image\/jpeg"}],"author":"ppdegaliciaredes","twitter_card":"summary_large_image","twitter_creator":"@ppdegalicia","twitter_site":"@ppdegalicia","twitter_misc":{"Escrito por":"ppdegaliciaredes","Tiempo de lectura":"2 minutos"},"schema":{"@context":"https:\/\/schema.org","@graph":[{"@type":"Article","@id":"https:\/\/ppdegalicia.com\/es\/o-ppdeg-logra-unanimidade-no-congreso-para-impulsar-unha-declaracion-institucional-a-favor-da-ribeira-sacra-como-patrimonio-mundial\/#article","isPartOf":{"@id":"https:\/\/ppdegalicia.com\/es\/o-ppdeg-logra-unanimidade-no-congreso-para-impulsar-unha-declaracion-institucional-a-favor-da-ribeira-sacra-como-patrimonio-mundial\/"},"author":{"name":"ppdegaliciaredes","@id":"https:\/\/ppdegalicia.com\/es\/#\/schema\/person\/5b822c6f59e872ebdd1142f307dbcb59"},"headline":"O PPdeG logra unanimidade no Congreso para impulsar unha declaraci\u00f3n institucional a favor da Ribeira Sacra como Patrimonio Mundial","datePublished":"2026-04-30T12:55:22+00:00","mainEntityOfPage":{"@id":"https:\/\/ppdegalicia.com\/es\/o-ppdeg-logra-unanimidade-no-congreso-para-impulsar-unha-declaracion-institucional-a-favor-da-ribeira-sacra-como-patrimonio-mundial\/"},"wordCount":251,"publisher":{"@id":"https:\/\/ppdegalicia.com\/es\/#organization"},"image":{"@id":"https:\/\/ppdegalicia.com\/es\/o-ppdeg-logra-unanimidade-no-congreso-para-impulsar-unha-declaracion-institucional-a-favor-da-ribeira-sacra-como-patrimonio-mundial\/#primaryimage"},"thumbnailUrl":"https:\/\/ppdegalicia.com\/wp-content\/uploads\/2026\/04\/FranciscoConde_recurso.jpg","articleSection":["Cortes Generales"],"inLanguage":"es"},{"@type":"WebPage","@id":"https:\/\/ppdegalicia.com\/es\/o-ppdeg-logra-unanimidade-no-congreso-para-impulsar-unha-declaracion-institucional-a-favor-da-ribeira-sacra-como-patrimonio-mundial\/","url":"https:\/\/ppdegalicia.com\/es\/o-ppdeg-logra-unanimidade-no-congreso-para-impulsar-unha-declaracion-institucional-a-favor-da-ribeira-sacra-como-patrimonio-mundial\/","name":"O PPdeG logra unanimidade no Congreso para impulsar unha declaraci\u00f3n institucional a favor da Ribeira Sacra como Patrimonio Mundial - PP de Galicia","isPartOf":{"@id":"https:\/\/ppdegalicia.com\/es\/#website"},"primaryImageOfPage":{"@id":"https:\/\/ppdegalicia.com\/es\/o-ppdeg-logra-unanimidade-no-congreso-para-impulsar-unha-declaracion-institucional-a-favor-da-ribeira-sacra-como-patrimonio-mundial\/#primaryimage"},"image":{"@id":"https:\/\/ppdegalicia.com\/es\/o-ppdeg-logra-unanimidade-no-congreso-para-impulsar-unha-declaracion-institucional-a-favor-da-ribeira-sacra-como-patrimonio-mundial\/#primaryimage"},"thumbnailUrl":"https:\/\/ppdegalicia.com\/wp-content\/uploads\/2026\/04\/FranciscoConde_recurso.jpg","datePublished":"2026-04-30T12:55:22+00:00","description":"O deputado lucense e portavoz de Industria e Turismo do Grupo Popular no Congreso, Francisco Conde, celebra a unanimidade acadada na Comisi\u00f3n de Industria e Turismo do Congreso para apoiar a declaraci\u00f3n institucional proposta polo PPdeG para impulsar a candidatura da Ribeira Sacra a Patrimonio Mundial da UNESCO.\u00a0","breadcrumb":{"@id":"https:\/\/ppdegalicia.com\/es\/o-ppdeg-logra-unanimidade-no-congreso-para-impulsar-unha-declaracion-institucional-a-favor-da-ribeira-sacra-como-patrimonio-mundial\/#breadcrumb"},"inLanguage":"es","potentialAction":[{"@type":"ReadAction","target":["https:\/\/ppdegalicia.com\/es\/o-ppdeg-logra-unanimidade-no-congreso-para-impulsar-unha-declaracion-institucional-a-favor-da-ribeira-sacra-como-patrimonio-mundial\/"]}]},{"@type":"ImageObject","inLanguage":"es","@id":"https:\/\/ppdegalicia.com\/es\/o-ppdeg-logra-unanimidade-no-congreso-para-impulsar-unha-declaracion-institucional-a-favor-da-ribeira-sacra-como-patrimonio-mundial\/#primaryimage","url":"https:\/\/ppdegalicia.com\/wp-content\/uploads\/2026\/04\/FranciscoConde_recurso.jpg","contentUrl":"https:\/\/ppdegalicia.com\/wp-content\/uploads\/2026\/04\/FranciscoConde_recurso.jpg","width":2048,"height":1365},{"@type":"BreadcrumbList","@id":"https:\/\/ppdegalicia.com\/es\/o-ppdeg-logra-unanimidade-no-congreso-para-impulsar-unha-declaracion-institucional-a-favor-da-ribeira-sacra-como-patrimonio-mundial\/#breadcrumb","itemListElement":[{"@type":"ListItem","position":1,"name":"Portada","item":"https:\/\/ppdegalicia.com\/es\/"},{"@type":"ListItem","position":2,"name":"O PPdeG logra unanimidade no Congreso para impulsar unha declaraci\u00f3n institucional a favor da Ribeira Sacra como Patrimonio Mundial"}]},{"@type":"WebSite","@id":"https:\/\/ppdegalicia.com\/es\/#website","url":"https:\/\/ppdegalicia.com\/es\/","name":"Partido Popular de Galicia","description":"Partido Popular de Galicia","publisher":{"@id":"https:\/\/ppdegalicia.com\/es\/#organization"},"alternateName":"PP de Galicia","potentialAction":[{"@type":"SearchAction","target":{"@type":"EntryPoint","urlTemplate":"https:\/\/ppdegalicia.com\/es\/?s={search_term_string}"},"query-input":{"@type":"PropertyValueSpecification","valueRequired":true,"valueName":"search_term_string"}}],"inLanguage":"es"},{"@type":"Organization","@id":"https:\/\/ppdegalicia.com\/es\/#organization","name":"Partido Popular de Galicia","alternateName":"PP de Galicia","url":"https:\/\/ppdegalicia.com\/es\/","logo":{"@type":"ImageObject","inLanguage":"es","@id":"https:\/\/ppdegalicia.com\/es\/#\/schema\/logo\/image\/","url":"https:\/\/ppdegalicia.com\/wp-content\/uploads\/2023\/04\/logoPP512.png","contentUrl":"https:\/\/ppdegalicia.com\/wp-content\/uploads\/2023\/04\/logoPP512.png","width":512,"height":512,"caption":"Partido Popular de Galicia"},"image":{"@id":"https:\/\/ppdegalicia.com\/es\/#\/schema\/logo\/image\/"},"sameAs":["https:\/\/www.instagram.com\/ppdegalicia\/","https:\/\/x.com\/ppdegalicia","https:\/\/www.tiktok.com\/@ppdegalicia","https:\/\/www.youtube.com\/user\/ppdegalicia"]},{"@type":"Person","@id":"https:\/\/ppdegalicia.com\/es\/#\/schema\/person\/5b822c6f59e872ebdd1142f307dbcb59","name":"ppdegaliciaredes","image":{"@type":"ImageObject","inLanguage":"es","@id":"https:\/\/secure.gravatar.com\/avatar\/3c9179cf0256d00c72a48d1f25783c58b6842cd56e85ef3a572881c8e28ccd59?s=96&d=mm&r=g","url":"https:\/\/secure.gravatar.com\/avatar\/3c9179cf0256d00c72a48d1f25783c58b6842cd56e85ef3a572881c8e28ccd59?s=96&d=mm&r=g","contentUrl":"https:\/\/secure.gravatar.com\/avatar\/3c9179cf0256d00c72a48d1f25783c58b6842cd56e85ef3a572881c8e28ccd59?s=96&d=mm&r=g","caption":"ppdegaliciaredes"},"url":"https:\/\/ppdegalicia.com\/es\/author\/ppdegaliciaredes\/"}]}},"_links":{"self":[{"href":"https:\/\/ppdegalicia.com\/es\/wp-json\/wp\/v2\/posts\/71077","targetHints":{"allow":["GET"]}}],"collection":[{"href":"https:\/\/ppdegalicia.com\/es\/wp-json\/wp\/v2\/posts"}],"about":[{"href":"https:\/\/ppdegalicia.com\/es\/wp-json\/wp\/v2\/types\/post"}],"author":[{"embeddable":true,"href":"https:\/\/ppdegalicia.com\/es\/wp-json\/wp\/v2\/users\/38"}],"replies":[{"embeddable":true,"href":"https:\/\/ppdegalicia.com\/es\/wp-json\/wp\/v2\/comments?post=71077"}],"version-history":[{"count":1,"href":"https:\/\/ppdegalicia.com\/es\/wp-json\/wp\/v2\/posts\/71077\/revisions"}],"predecessor-version":[{"id":71080,"href":"https:\/\/ppdegalicia.com\/es\/wp-json\/wp\/v2\/posts\/71077\/revisions\/71080"}],"wp:featuredmedia":[{"embeddable":true,"href":"https:\/\/ppdegalicia.com\/es\/wp-json\/wp\/v2\/media\/71078"}],"wp:attachment":[{"href":"https:\/\/ppdegalicia.com\/es\/wp-json\/wp\/v2\/media?parent=71077"}],"wp:term":[{"taxonomy":"category","embeddable":true,"href":"https:\/\/ppdegalicia.com\/es\/wp-json\/wp\/v2\/categories?post=71077"},{"taxonomy":"post_tag","embeddable":true,"href":"https:\/\/ppdegalicia.com\/es\/wp-json\/wp\/v2\/tags?post=71077"}],"curies":[{"name":"wp","href":"https:\/\/api.w.org\/{rel}","templated":true}]}}