{"id":71082,"date":"2026-04-30T14:01:47","date_gmt":"2026-04-30T13:01:47","guid":{"rendered":"https:\/\/ppdegalicia.com\/?p=71082"},"modified":"2026-04-30T14:01:47","modified_gmt":"2026-04-30T13:01:47","slug":"o-ppdeg-pon-en-valor-o-centro-integral-de-loita-contra-o-lume-como-un-referente-europeo-da-formacion-sobre-a-prevencion-e-a-defensa-contra-os-incendios","status":"publish","type":"post","link":"https:\/\/ppdegalicia.com\/es\/o-ppdeg-pon-en-valor-o-centro-integral-de-loita-contra-o-lume-como-un-referente-europeo-da-formacion-sobre-a-prevencion-e-a-defensa-contra-os-incendios\/","title":{"rendered":"O PPdeG pon en valor o Centro integral de loita contra o lume como \u201cun referente europeo da formaci\u00f3n\u201d sobre a prevenci\u00f3n e a defensa contra os incendios"},"content":{"rendered":"<p>O PPdeG puxo en valor o Centro integral de loita contra o lume, en To\u00e9n, como \u201cun referente europeo da formaci\u00f3n\u201d sobre a prevenci\u00f3n e a defensa contra os incendios forestais.<\/p>\n<p>Durante unha visita \u00e1s s\u00faas instalaci\u00f3ns, especialmente dese\u00f1adas para ofrecer este tipo de formaci\u00f3n, os deputados do Grupo Parlamentario Popular, Cristina Campero e Miguel Viso, remarcaron a s\u00faa oferta formativa, que incl\u00fae acci\u00f3ns espec\u00edficas sobre o risco extremo dos incendios, a xesti\u00f3n emocional, o uso de maquinaria lixeira ou a actualizaci\u00f3n de procedementos operativos. Neste punto, salientan a boa acollida entre profesionais de diferentes pa\u00edses como Estonia ou Pa\u00edses Baixos.<\/p>\n<p>Acompa\u00f1ados do alcalde, Ricardo Gonz\u00e1lez, salientaron que, para o segundo trimestre do ano, hai programado un total de 12 cursos, nos que se prev\u00e9 a participaci\u00f3n de m\u00e1is de 960 profesionais, desde axentes, bombeiros, vixilantes ou condutores de motobomba. En 2025, impart\u00edronse 25 cursos a preto de 6.000 alumnos.<\/p>\n<p>A programaci\u00f3n formativa para os vindeiros meses abrangue aspectos como a investigaci\u00f3n de lumes, o manexo de maquinaria, a utilizaci\u00f3n de datos e imaxes de sat\u00e9lite aplicados \u00e1 extinci\u00f3n, a ferramentas de xesti\u00f3n emocional e autocoidado, ou, entre outros aspectos, a xesti\u00f3n de medios a\u00e9reos desde os centros de coordinaci\u00f3n.<\/p>\n<p><strong>INVESTIMENTO HIST\u00d3RICO NO PLADIGA<\/strong><br \/>\nTal e como sinalaron, esta oferta formativa forma parte do Plan de formaci\u00f3n do persoal do Servizo de prevenci\u00f3n e defensa contra os incendios forestais que, \u00e1 s\u00faa vez, se integra no Plan de prevenci\u00f3n e defensa contra os incendios forestais (Pladiga), recentemente, actualizado polo Goberno galego.<\/p>\n<p>Neste senso, aproveitaron para destacar \u201co investimento hist\u00f3rico\u201d do Goberno galego en materia de prevenci\u00f3n e defensa contra os incendios, ao superar, este ano, os\u00a0213M\u20ac, un 18% m\u00e1is que en 2025.<\/p>\n","protected":false},"excerpt":{"rendered":"<p>O PPdeG puxo en valor o Centro integral de loita contra o lume, en To\u00e9n, como \u201cun referente europeo da formaci\u00f3n\u201d sobre a prevenci\u00f3n e a defensa contra os incendios forestais. Durante unha visita \u00e1s s\u00faas instalaci\u00f3ns, especialmente dese\u00f1adas para ofrecer este tipo de formaci\u00f3n, os deputados do Grupo Parlamentario Popular, Cristina Campero e Miguel [&hellip;]<\/p>\n","protected":false},"author":38,"featured_media":71083,"comment_status":"closed","ping_status":"open","sticky":false,"template":"","format":"standard","meta":{"_acf_changed":false,"footnotes":""},"categories":[1128],"tags":[],"class_list":["post-71082","post","type-post","status-publish","format-standard","has-post-thumbnail","hentry","category-actualidad-parlamento-de-galicia"],"acf":[],"yoast_head":"<!-- This site is optimized with the Yoast SEO plugin v27.3 - https:\/\/yoast.com\/product\/yoast-seo-wordpress\/ -->\n<title>O PPdeG pon en valor o Centro integral de loita contra o lume como \u201cun referente europeo da formaci\u00f3n\u201d sobre a prevenci\u00f3n e a defensa contra os incendios - PP de Galicia<\/title>\n<meta name=\"description\" content=\"O PPdeG puxo en valor o Centro integral de loita contra o lume, en To\u00e9n, como \u201cun referente europeo da formaci\u00f3n\u201d sobre a prevenci\u00f3n e a defensa contra os incendios forestais.\" \/>\n<meta name=\"robots\" content=\"index, follow, max-snippet:-1, max-image-preview:large, max-video-preview:-1\" \/>\n<link rel=\"canonical\" href=\"https:\/\/ppdegalicia.com\/es\/o-ppdeg-pon-en-valor-o-centro-integral-de-loita-contra-o-lume-como-un-referente-europeo-da-formacion-sobre-a-prevencion-e-a-defensa-contra-os-incendios\/\" \/>\n<meta property=\"og:locale\" content=\"es_ES\" \/>\n<meta property=\"og:type\" content=\"article\" \/>\n<meta property=\"og:title\" content=\"O PPdeG pon en valor o Centro integral de loita contra o lume como \u201cun referente europeo da formaci\u00f3n\u201d sobre a prevenci\u00f3n e a defensa contra os incendios - PP de Galicia\" \/>\n<meta property=\"og:description\" content=\"O PPdeG puxo en valor o Centro integral de loita contra o lume, en To\u00e9n, como \u201cun referente europeo da formaci\u00f3n\u201d sobre a prevenci\u00f3n e a defensa contra os incendios forestais.\" \/>\n<meta property=\"og:url\" content=\"https:\/\/ppdegalicia.com\/es\/o-ppdeg-pon-en-valor-o-centro-integral-de-loita-contra-o-lume-como-un-referente-europeo-da-formacion-sobre-a-prevencion-e-a-defensa-contra-os-incendios\/\" \/>\n<meta property=\"og:site_name\" content=\"PP de Galicia\" \/>\n<meta property=\"article:publisher\" content=\"https:\/\/www.instagram.com\/ppdegalicia\/\" \/>\n<meta property=\"article:published_time\" content=\"2026-04-30T13:01:47+00:00\" \/>\n<meta property=\"og:image\" content=\"https:\/\/ppdegalicia.com\/wp-content\/uploads\/2026\/04\/20260430-Cristina-Campero-e-Miguel-Viso.jpeg\" \/>\n\t<meta property=\"og:image:width\" content=\"1600\" \/>\n\t<meta property=\"og:image:height\" content=\"1051\" \/>\n\t<meta property=\"og:image:type\" content=\"image\/jpeg\" \/>\n<meta name=\"author\" content=\"ppdegaliciaredes\" \/>\n<meta name=\"twitter:card\" content=\"summary_large_image\" \/>\n<meta name=\"twitter:creator\" content=\"@ppdegalicia\" \/>\n<meta name=\"twitter:site\" content=\"@ppdegalicia\" \/>\n<meta name=\"twitter:label1\" content=\"Escrito por\" \/>\n\t<meta name=\"twitter:data1\" content=\"ppdegaliciaredes\" \/>\n\t<meta name=\"twitter:label2\" content=\"Tiempo de lectura\" \/>\n\t<meta name=\"twitter:data2\" content=\"2 minutos\" \/>\n<script type=\"application\/ld+json\" class=\"yoast-schema-graph\">{\"@context\":\"https:\\\/\\\/schema.org\",\"@graph\":[{\"@type\":\"Article\",\"@id\":\"https:\\\/\\\/ppdegalicia.com\\\/es\\\/o-ppdeg-pon-en-valor-o-centro-integral-de-loita-contra-o-lume-como-un-referente-europeo-da-formacion-sobre-a-prevencion-e-a-defensa-contra-os-incendios\\\/#article\",\"isPartOf\":{\"@id\":\"https:\\\/\\\/ppdegalicia.com\\\/es\\\/o-ppdeg-pon-en-valor-o-centro-integral-de-loita-contra-o-lume-como-un-referente-europeo-da-formacion-sobre-a-prevencion-e-a-defensa-contra-os-incendios\\\/\"},\"author\":{\"name\":\"ppdegaliciaredes\",\"@id\":\"https:\\\/\\\/ppdegalicia.com\\\/es\\\/#\\\/schema\\\/person\\\/5b822c6f59e872ebdd1142f307dbcb59\"},\"headline\":\"O PPdeG pon en valor o Centro integral de loita contra o lume como \u201cun referente europeo da formaci\u00f3n\u201d sobre a prevenci\u00f3n e a defensa contra os incendios\",\"datePublished\":\"2026-04-30T13:01:47+00:00\",\"mainEntityOfPage\":{\"@id\":\"https:\\\/\\\/ppdegalicia.com\\\/es\\\/o-ppdeg-pon-en-valor-o-centro-integral-de-loita-contra-o-lume-como-un-referente-europeo-da-formacion-sobre-a-prevencion-e-a-defensa-contra-os-incendios\\\/\"},\"wordCount\":341,\"publisher\":{\"@id\":\"https:\\\/\\\/ppdegalicia.com\\\/es\\\/#organization\"},\"image\":{\"@id\":\"https:\\\/\\\/ppdegalicia.com\\\/es\\\/o-ppdeg-pon-en-valor-o-centro-integral-de-loita-contra-o-lume-como-un-referente-europeo-da-formacion-sobre-a-prevencion-e-a-defensa-contra-os-incendios\\\/#primaryimage\"},\"thumbnailUrl\":\"https:\\\/\\\/ppdegalicia.com\\\/wp-content\\\/uploads\\\/2026\\\/04\\\/20260430-Cristina-Campero-e-Miguel-Viso.jpeg\",\"articleSection\":[\"Parlamento de Galicia\"],\"inLanguage\":\"es\"},{\"@type\":\"WebPage\",\"@id\":\"https:\\\/\\\/ppdegalicia.com\\\/es\\\/o-ppdeg-pon-en-valor-o-centro-integral-de-loita-contra-o-lume-como-un-referente-europeo-da-formacion-sobre-a-prevencion-e-a-defensa-contra-os-incendios\\\/\",\"url\":\"https:\\\/\\\/ppdegalicia.com\\\/es\\\/o-ppdeg-pon-en-valor-o-centro-integral-de-loita-contra-o-lume-como-un-referente-europeo-da-formacion-sobre-a-prevencion-e-a-defensa-contra-os-incendios\\\/\",\"name\":\"O PPdeG pon en valor o Centro integral de loita contra o lume como \u201cun referente europeo da formaci\u00f3n\u201d sobre a prevenci\u00f3n e a defensa contra os incendios - PP de Galicia\",\"isPartOf\":{\"@id\":\"https:\\\/\\\/ppdegalicia.com\\\/es\\\/#website\"},\"primaryImageOfPage\":{\"@id\":\"https:\\\/\\\/ppdegalicia.com\\\/es\\\/o-ppdeg-pon-en-valor-o-centro-integral-de-loita-contra-o-lume-como-un-referente-europeo-da-formacion-sobre-a-prevencion-e-a-defensa-contra-os-incendios\\\/#primaryimage\"},\"image\":{\"@id\":\"https:\\\/\\\/ppdegalicia.com\\\/es\\\/o-ppdeg-pon-en-valor-o-centro-integral-de-loita-contra-o-lume-como-un-referente-europeo-da-formacion-sobre-a-prevencion-e-a-defensa-contra-os-incendios\\\/#primaryimage\"},\"thumbnailUrl\":\"https:\\\/\\\/ppdegalicia.com\\\/wp-content\\\/uploads\\\/2026\\\/04\\\/20260430-Cristina-Campero-e-Miguel-Viso.jpeg\",\"datePublished\":\"2026-04-30T13:01:47+00:00\",\"description\":\"O PPdeG puxo en valor o Centro integral de loita contra o lume, en To\u00e9n, como \u201cun referente europeo da formaci\u00f3n\u201d sobre a prevenci\u00f3n e a defensa contra os incendios forestais.\",\"breadcrumb\":{\"@id\":\"https:\\\/\\\/ppdegalicia.com\\\/es\\\/o-ppdeg-pon-en-valor-o-centro-integral-de-loita-contra-o-lume-como-un-referente-europeo-da-formacion-sobre-a-prevencion-e-a-defensa-contra-os-incendios\\\/#breadcrumb\"},\"inLanguage\":\"es\",\"potentialAction\":[{\"@type\":\"ReadAction\",\"target\":[\"https:\\\/\\\/ppdegalicia.com\\\/es\\\/o-ppdeg-pon-en-valor-o-centro-integral-de-loita-contra-o-lume-como-un-referente-europeo-da-formacion-sobre-a-prevencion-e-a-defensa-contra-os-incendios\\\/\"]}]},{\"@type\":\"ImageObject\",\"inLanguage\":\"es\",\"@id\":\"https:\\\/\\\/ppdegalicia.com\\\/es\\\/o-ppdeg-pon-en-valor-o-centro-integral-de-loita-contra-o-lume-como-un-referente-europeo-da-formacion-sobre-a-prevencion-e-a-defensa-contra-os-incendios\\\/#primaryimage\",\"url\":\"https:\\\/\\\/ppdegalicia.com\\\/wp-content\\\/uploads\\\/2026\\\/04\\\/20260430-Cristina-Campero-e-Miguel-Viso.jpeg\",\"contentUrl\":\"https:\\\/\\\/ppdegalicia.com\\\/wp-content\\\/uploads\\\/2026\\\/04\\\/20260430-Cristina-Campero-e-Miguel-Viso.jpeg\",\"width\":1600,\"height\":1051},{\"@type\":\"BreadcrumbList\",\"@id\":\"https:\\\/\\\/ppdegalicia.com\\\/es\\\/o-ppdeg-pon-en-valor-o-centro-integral-de-loita-contra-o-lume-como-un-referente-europeo-da-formacion-sobre-a-prevencion-e-a-defensa-contra-os-incendios\\\/#breadcrumb\",\"itemListElement\":[{\"@type\":\"ListItem\",\"position\":1,\"name\":\"Portada\",\"item\":\"https:\\\/\\\/ppdegalicia.com\\\/es\\\/\"},{\"@type\":\"ListItem\",\"position\":2,\"name\":\"O PPdeG pon en valor o Centro integral de loita contra o lume como \u201cun referente europeo da formaci\u00f3n\u201d sobre a prevenci\u00f3n e a defensa contra os incendios\"}]},{\"@type\":\"WebSite\",\"@id\":\"https:\\\/\\\/ppdegalicia.com\\\/es\\\/#website\",\"url\":\"https:\\\/\\\/ppdegalicia.com\\\/es\\\/\",\"name\":\"Partido Popular de Galicia\",\"description\":\"Partido Popular de Galicia\",\"publisher\":{\"@id\":\"https:\\\/\\\/ppdegalicia.com\\\/es\\\/#organization\"},\"alternateName\":\"PP de Galicia\",\"potentialAction\":[{\"@type\":\"SearchAction\",\"target\":{\"@type\":\"EntryPoint\",\"urlTemplate\":\"https:\\\/\\\/ppdegalicia.com\\\/es\\\/?s={search_term_string}\"},\"query-input\":{\"@type\":\"PropertyValueSpecification\",\"valueRequired\":true,\"valueName\":\"search_term_string\"}}],\"inLanguage\":\"es\"},{\"@type\":\"Organization\",\"@id\":\"https:\\\/\\\/ppdegalicia.com\\\/es\\\/#organization\",\"name\":\"Partido Popular de Galicia\",\"alternateName\":\"PP de Galicia\",\"url\":\"https:\\\/\\\/ppdegalicia.com\\\/es\\\/\",\"logo\":{\"@type\":\"ImageObject\",\"inLanguage\":\"es\",\"@id\":\"https:\\\/\\\/ppdegalicia.com\\\/es\\\/#\\\/schema\\\/logo\\\/image\\\/\",\"url\":\"https:\\\/\\\/ppdegalicia.com\\\/wp-content\\\/uploads\\\/2023\\\/04\\\/logoPP512.png\",\"contentUrl\":\"https:\\\/\\\/ppdegalicia.com\\\/wp-content\\\/uploads\\\/2023\\\/04\\\/logoPP512.png\",\"width\":512,\"height\":512,\"caption\":\"Partido Popular de Galicia\"},\"image\":{\"@id\":\"https:\\\/\\\/ppdegalicia.com\\\/es\\\/#\\\/schema\\\/logo\\\/image\\\/\"},\"sameAs\":[\"https:\\\/\\\/www.instagram.com\\\/ppdegalicia\\\/\",\"https:\\\/\\\/x.com\\\/ppdegalicia\",\"https:\\\/\\\/www.tiktok.com\\\/@ppdegalicia\",\"https:\\\/\\\/www.youtube.com\\\/user\\\/ppdegalicia\"]},{\"@type\":\"Person\",\"@id\":\"https:\\\/\\\/ppdegalicia.com\\\/es\\\/#\\\/schema\\\/person\\\/5b822c6f59e872ebdd1142f307dbcb59\",\"name\":\"ppdegaliciaredes\",\"image\":{\"@type\":\"ImageObject\",\"inLanguage\":\"es\",\"@id\":\"https:\\\/\\\/secure.gravatar.com\\\/avatar\\\/3c9179cf0256d00c72a48d1f25783c58b6842cd56e85ef3a572881c8e28ccd59?s=96&d=mm&r=g\",\"url\":\"https:\\\/\\\/secure.gravatar.com\\\/avatar\\\/3c9179cf0256d00c72a48d1f25783c58b6842cd56e85ef3a572881c8e28ccd59?s=96&d=mm&r=g\",\"contentUrl\":\"https:\\\/\\\/secure.gravatar.com\\\/avatar\\\/3c9179cf0256d00c72a48d1f25783c58b6842cd56e85ef3a572881c8e28ccd59?s=96&d=mm&r=g\",\"caption\":\"ppdegaliciaredes\"},\"url\":\"https:\\\/\\\/ppdegalicia.com\\\/es\\\/author\\\/ppdegaliciaredes\\\/\"}]}<\/script>\n<!-- \/ Yoast SEO plugin. -->","yoast_head_json":{"title":"O PPdeG pon en valor o Centro integral de loita contra o lume como \u201cun referente europeo da formaci\u00f3n\u201d sobre a prevenci\u00f3n e a defensa contra os incendios - PP de Galicia","description":"O PPdeG puxo en valor o Centro integral de loita contra o lume, en To\u00e9n, como \u201cun referente europeo da formaci\u00f3n\u201d sobre a prevenci\u00f3n e a defensa contra os incendios forestais.","robots":{"index":"index","follow":"follow","max-snippet":"max-snippet:-1","max-image-preview":"max-image-preview:large","max-video-preview":"max-video-preview:-1"},"canonical":"https:\/\/ppdegalicia.com\/es\/o-ppdeg-pon-en-valor-o-centro-integral-de-loita-contra-o-lume-como-un-referente-europeo-da-formacion-sobre-a-prevencion-e-a-defensa-contra-os-incendios\/","og_locale":"es_ES","og_type":"article","og_title":"O PPdeG pon en valor o Centro integral de loita contra o lume como \u201cun referente europeo da formaci\u00f3n\u201d sobre a prevenci\u00f3n e a defensa contra os incendios - PP de Galicia","og_description":"O PPdeG puxo en valor o Centro integral de loita contra o lume, en To\u00e9n, como \u201cun referente europeo da formaci\u00f3n\u201d sobre a prevenci\u00f3n e a defensa contra os incendios forestais.","og_url":"https:\/\/ppdegalicia.com\/es\/o-ppdeg-pon-en-valor-o-centro-integral-de-loita-contra-o-lume-como-un-referente-europeo-da-formacion-sobre-a-prevencion-e-a-defensa-contra-os-incendios\/","og_site_name":"PP de Galicia","article_publisher":"https:\/\/www.instagram.com\/ppdegalicia\/","article_published_time":"2026-04-30T13:01:47+00:00","og_image":[{"width":1600,"height":1051,"url":"https:\/\/ppdegalicia.com\/wp-content\/uploads\/2026\/04\/20260430-Cristina-Campero-e-Miguel-Viso.jpeg","type":"image\/jpeg"}],"author":"ppdegaliciaredes","twitter_card":"summary_large_image","twitter_creator":"@ppdegalicia","twitter_site":"@ppdegalicia","twitter_misc":{"Escrito por":"ppdegaliciaredes","Tiempo de lectura":"2 minutos"},"schema":{"@context":"https:\/\/schema.org","@graph":[{"@type":"Article","@id":"https:\/\/ppdegalicia.com\/es\/o-ppdeg-pon-en-valor-o-centro-integral-de-loita-contra-o-lume-como-un-referente-europeo-da-formacion-sobre-a-prevencion-e-a-defensa-contra-os-incendios\/#article","isPartOf":{"@id":"https:\/\/ppdegalicia.com\/es\/o-ppdeg-pon-en-valor-o-centro-integral-de-loita-contra-o-lume-como-un-referente-europeo-da-formacion-sobre-a-prevencion-e-a-defensa-contra-os-incendios\/"},"author":{"name":"ppdegaliciaredes","@id":"https:\/\/ppdegalicia.com\/es\/#\/schema\/person\/5b822c6f59e872ebdd1142f307dbcb59"},"headline":"O PPdeG pon en valor o Centro integral de loita contra o lume como \u201cun referente europeo da formaci\u00f3n\u201d sobre a prevenci\u00f3n e a defensa contra os incendios","datePublished":"2026-04-30T13:01:47+00:00","mainEntityOfPage":{"@id":"https:\/\/ppdegalicia.com\/es\/o-ppdeg-pon-en-valor-o-centro-integral-de-loita-contra-o-lume-como-un-referente-europeo-da-formacion-sobre-a-prevencion-e-a-defensa-contra-os-incendios\/"},"wordCount":341,"publisher":{"@id":"https:\/\/ppdegalicia.com\/es\/#organization"},"image":{"@id":"https:\/\/ppdegalicia.com\/es\/o-ppdeg-pon-en-valor-o-centro-integral-de-loita-contra-o-lume-como-un-referente-europeo-da-formacion-sobre-a-prevencion-e-a-defensa-contra-os-incendios\/#primaryimage"},"thumbnailUrl":"https:\/\/ppdegalicia.com\/wp-content\/uploads\/2026\/04\/20260430-Cristina-Campero-e-Miguel-Viso.jpeg","articleSection":["Parlamento de Galicia"],"inLanguage":"es"},{"@type":"WebPage","@id":"https:\/\/ppdegalicia.com\/es\/o-ppdeg-pon-en-valor-o-centro-integral-de-loita-contra-o-lume-como-un-referente-europeo-da-formacion-sobre-a-prevencion-e-a-defensa-contra-os-incendios\/","url":"https:\/\/ppdegalicia.com\/es\/o-ppdeg-pon-en-valor-o-centro-integral-de-loita-contra-o-lume-como-un-referente-europeo-da-formacion-sobre-a-prevencion-e-a-defensa-contra-os-incendios\/","name":"O PPdeG pon en valor o Centro integral de loita contra o lume como \u201cun referente europeo da formaci\u00f3n\u201d sobre a prevenci\u00f3n e a defensa contra os incendios - PP de Galicia","isPartOf":{"@id":"https:\/\/ppdegalicia.com\/es\/#website"},"primaryImageOfPage":{"@id":"https:\/\/ppdegalicia.com\/es\/o-ppdeg-pon-en-valor-o-centro-integral-de-loita-contra-o-lume-como-un-referente-europeo-da-formacion-sobre-a-prevencion-e-a-defensa-contra-os-incendios\/#primaryimage"},"image":{"@id":"https:\/\/ppdegalicia.com\/es\/o-ppdeg-pon-en-valor-o-centro-integral-de-loita-contra-o-lume-como-un-referente-europeo-da-formacion-sobre-a-prevencion-e-a-defensa-contra-os-incendios\/#primaryimage"},"thumbnailUrl":"https:\/\/ppdegalicia.com\/wp-content\/uploads\/2026\/04\/20260430-Cristina-Campero-e-Miguel-Viso.jpeg","datePublished":"2026-04-30T13:01:47+00:00","description":"O PPdeG puxo en valor o Centro integral de loita contra o lume, en To\u00e9n, como \u201cun referente europeo da formaci\u00f3n\u201d sobre a prevenci\u00f3n e a defensa contra os incendios forestais.","breadcrumb":{"@id":"https:\/\/ppdegalicia.com\/es\/o-ppdeg-pon-en-valor-o-centro-integral-de-loita-contra-o-lume-como-un-referente-europeo-da-formacion-sobre-a-prevencion-e-a-defensa-contra-os-incendios\/#breadcrumb"},"inLanguage":"es","potentialAction":[{"@type":"ReadAction","target":["https:\/\/ppdegalicia.com\/es\/o-ppdeg-pon-en-valor-o-centro-integral-de-loita-contra-o-lume-como-un-referente-europeo-da-formacion-sobre-a-prevencion-e-a-defensa-contra-os-incendios\/"]}]},{"@type":"ImageObject","inLanguage":"es","@id":"https:\/\/ppdegalicia.com\/es\/o-ppdeg-pon-en-valor-o-centro-integral-de-loita-contra-o-lume-como-un-referente-europeo-da-formacion-sobre-a-prevencion-e-a-defensa-contra-os-incendios\/#primaryimage","url":"https:\/\/ppdegalicia.com\/wp-content\/uploads\/2026\/04\/20260430-Cristina-Campero-e-Miguel-Viso.jpeg","contentUrl":"https:\/\/ppdegalicia.com\/wp-content\/uploads\/2026\/04\/20260430-Cristina-Campero-e-Miguel-Viso.jpeg","width":1600,"height":1051},{"@type":"BreadcrumbList","@id":"https:\/\/ppdegalicia.com\/es\/o-ppdeg-pon-en-valor-o-centro-integral-de-loita-contra-o-lume-como-un-referente-europeo-da-formacion-sobre-a-prevencion-e-a-defensa-contra-os-incendios\/#breadcrumb","itemListElement":[{"@type":"ListItem","position":1,"name":"Portada","item":"https:\/\/ppdegalicia.com\/es\/"},{"@type":"ListItem","position":2,"name":"O PPdeG pon en valor o Centro integral de loita contra o lume como \u201cun referente europeo da formaci\u00f3n\u201d sobre a prevenci\u00f3n e a defensa contra os incendios"}]},{"@type":"WebSite","@id":"https:\/\/ppdegalicia.com\/es\/#website","url":"https:\/\/ppdegalicia.com\/es\/","name":"Partido Popular de Galicia","description":"Partido Popular de Galicia","publisher":{"@id":"https:\/\/ppdegalicia.com\/es\/#organization"},"alternateName":"PP de Galicia","potentialAction":[{"@type":"SearchAction","target":{"@type":"EntryPoint","urlTemplate":"https:\/\/ppdegalicia.com\/es\/?s={search_term_string}"},"query-input":{"@type":"PropertyValueSpecification","valueRequired":true,"valueName":"search_term_string"}}],"inLanguage":"es"},{"@type":"Organization","@id":"https:\/\/ppdegalicia.com\/es\/#organization","name":"Partido Popular de Galicia","alternateName":"PP de Galicia","url":"https:\/\/ppdegalicia.com\/es\/","logo":{"@type":"ImageObject","inLanguage":"es","@id":"https:\/\/ppdegalicia.com\/es\/#\/schema\/logo\/image\/","url":"https:\/\/ppdegalicia.com\/wp-content\/uploads\/2023\/04\/logoPP512.png","contentUrl":"https:\/\/ppdegalicia.com\/wp-content\/uploads\/2023\/04\/logoPP512.png","width":512,"height":512,"caption":"Partido Popular de Galicia"},"image":{"@id":"https:\/\/ppdegalicia.com\/es\/#\/schema\/logo\/image\/"},"sameAs":["https:\/\/www.instagram.com\/ppdegalicia\/","https:\/\/x.com\/ppdegalicia","https:\/\/www.tiktok.com\/@ppdegalicia","https:\/\/www.youtube.com\/user\/ppdegalicia"]},{"@type":"Person","@id":"https:\/\/ppdegalicia.com\/es\/#\/schema\/person\/5b822c6f59e872ebdd1142f307dbcb59","name":"ppdegaliciaredes","image":{"@type":"ImageObject","inLanguage":"es","@id":"https:\/\/secure.gravatar.com\/avatar\/3c9179cf0256d00c72a48d1f25783c58b6842cd56e85ef3a572881c8e28ccd59?s=96&d=mm&r=g","url":"https:\/\/secure.gravatar.com\/avatar\/3c9179cf0256d00c72a48d1f25783c58b6842cd56e85ef3a572881c8e28ccd59?s=96&d=mm&r=g","contentUrl":"https:\/\/secure.gravatar.com\/avatar\/3c9179cf0256d00c72a48d1f25783c58b6842cd56e85ef3a572881c8e28ccd59?s=96&d=mm&r=g","caption":"ppdegaliciaredes"},"url":"https:\/\/ppdegalicia.com\/es\/author\/ppdegaliciaredes\/"}]}},"_links":{"self":[{"href":"https:\/\/ppdegalicia.com\/es\/wp-json\/wp\/v2\/posts\/71082","targetHints":{"allow":["GET"]}}],"collection":[{"href":"https:\/\/ppdegalicia.com\/es\/wp-json\/wp\/v2\/posts"}],"about":[{"href":"https:\/\/ppdegalicia.com\/es\/wp-json\/wp\/v2\/types\/post"}],"author":[{"embeddable":true,"href":"https:\/\/ppdegalicia.com\/es\/wp-json\/wp\/v2\/users\/38"}],"replies":[{"embeddable":true,"href":"https:\/\/ppdegalicia.com\/es\/wp-json\/wp\/v2\/comments?post=71082"}],"version-history":[{"count":1,"href":"https:\/\/ppdegalicia.com\/es\/wp-json\/wp\/v2\/posts\/71082\/revisions"}],"predecessor-version":[{"id":71085,"href":"https:\/\/ppdegalicia.com\/es\/wp-json\/wp\/v2\/posts\/71082\/revisions\/71085"}],"wp:featuredmedia":[{"embeddable":true,"href":"https:\/\/ppdegalicia.com\/es\/wp-json\/wp\/v2\/media\/71083"}],"wp:attachment":[{"href":"https:\/\/ppdegalicia.com\/es\/wp-json\/wp\/v2\/media?parent=71082"}],"wp:term":[{"taxonomy":"category","embeddable":true,"href":"https:\/\/ppdegalicia.com\/es\/wp-json\/wp\/v2\/categories?post=71082"},{"taxonomy":"post_tag","embeddable":true,"href":"https:\/\/ppdegalicia.com\/es\/wp-json\/wp\/v2\/tags?post=71082"}],"curies":[{"name":"wp","href":"https:\/\/api.w.org\/{rel}","templated":true}]}}