{"id":71086,"date":"2026-04-30T15:48:03","date_gmt":"2026-04-30T14:48:03","guid":{"rendered":"https:\/\/ppdegalicia.com\/?p=71086"},"modified":"2026-04-30T15:48:03","modified_gmt":"2026-04-30T14:48:03","slug":"o-ppdeg-urxe-ao-goberno-central-a-que-cree-sen-mais-demora-as-especialidades-de-xenetica-medica-e-de-xenetica-de-laboratorio","status":"publish","type":"post","link":"https:\/\/ppdegalicia.com\/es\/o-ppdeg-urxe-ao-goberno-central-a-que-cree-sen-mais-demora-as-especialidades-de-xenetica-medica-e-de-xenetica-de-laboratorio\/","title":{"rendered":"O PPdeG urxe ao Goberno central a que cree \u201csen m\u00e1is demora\u201d as especialidades de Xen\u00e9tica M\u00e9dica e de Xen\u00e9tica de Laboratorio"},"content":{"rendered":"<p>O Parlamento de Galicia aprobou, hoxe, a trav\u00e9s da iniciativa do Grupo Popular, instar ao Goberno central a que publique, \u201csen m\u00e1is demora\u201d, o real decreto lei a trav\u00e9s do cal se creen as especialidades de Xen\u00e9tica M\u00e9dica e de Xen\u00e9tica de Laboratorio.<\/p>\n<p>Tras afearlle ao PSdeG o seu voto contra a esta proposici\u00f3n non de lei, a portavoz da \u00e1rea de Sanidade, Encarna Amigo, incidiu \u201cna necesidade urxente\u201d de que os profesionais que traballan neste \u00e1mbito conte cunha \u201cformaci\u00f3n espec\u00edfica, homox\u00e9nea e reco\u00f1ecida\u201d en todo o Sistema Nacional de Sa\u00fade.<\/p>\n<p>As\u00ed, durante a s\u00faa intervenci\u00f3n na Comisi\u00f3n 5\u00aa, lamentou que o Goberno central leve \u201cm\u00e1is dun ano freando\u201d a formaci\u00f3n regrada destes profesionais. Recordou que foi, en decembro de 2024, cando a Comisi\u00f3n nacional de recursos humanos do Sistema Nacional de Sa\u00fade aprobou a creaci\u00f3n destas d\u00faas especialidades. Tal e como remarcou, a pesar do consenso t\u00e9cnico e institucional, o Executivo de Pedro S\u00e1nchez, m\u00e1is dun ano despois, non foi quen de aprobar o real decreto que formalice a Xen\u00e9tica M\u00e9dica e a de Laboratorio.<\/p>\n<p>Para Encarna Amigo, non hai xustificaci\u00f3n t\u00e9cnica nin sanitaria para este atraso, polo que amosou a s\u00faa preocupaci\u00f3n a que poida responder a unha estratexia pol\u00edtica: \u201cNon podemos permitir que o avance da medicina dependa do calendario pol\u00edtico de Pedro S\u00e1nchez\u201d.<\/p>\n<p><strong>GALICIA, REFERENTE EN MEDICINA XEN\u00d3MICA<\/strong><br \/>\nEncarna Amigo puxo en valor a aposta decidida da nosa Comunidade pola medicina xen\u00f3mica e a medicina das \u201c5P: personalizada, preditiva, preventiva, participativa e poboacional\u201d. \u201cContamos \u2013engadiu- cun ecosistema investigador s\u00f3lido, con instituci\u00f3ns de referencia como a Fundaci\u00f3n P\u00fablica de Medican Xen\u00f3mica\u201d.<\/p>\n<p>E fixo referencia a proxectos pioneiros como o Proxecto Xenoma Galicia, que permitir\u00e1 analizar o ADN de centos de miles de persoas para anticipar enfermidades e mellorar a prevenci\u00f3n. A isto, dixo, s\u00famase a aposta pola oncolox\u00eda de precisi\u00f3n, coa incorporaci\u00f3n diagn\u00f3stico molecular avanzado e o uso de biomarcadores, as\u00ed como terapias innovadoras como as CAR-T.<\/p>\n<p><strong>O GOBERNO CENTRAL NON CUMPRE CON OURENSE<\/strong><br \/>\nPor outra banda, durante o debate da iniciativa do Grupo Socialista, relativa \u00e1 converxencia salarial da provincia de Ourense coa de Galicia e do resto do estado, a deputada popular Noelia P\u00e9rez lamentou que o PSdeG faga unha lectura interesada das estat\u00edstica e empregue datos \u201cpouco rigorosos\u201d \u00e1 hora de falar deste asunto.<\/p>\n<p>As\u00ed, afeoulle que intente facer crer aos ourens\u00e1ns que unha cuesti\u00f3n complexa como esta se poida arranxar cun \u201cdocumento redactado en dous meses\u201d: \u201cO que necesita Ourense \u2013engadiu- non son tres folios de propaganda redactados \u00e1 pr\u00e9sa, sen\u00f3n seguir impulsando pol\u00edticas serias\u201d. Neste punto, puxo en valor as medidas, postas en marcha polo Goberno galego, para mellorar o emprego, atraer investimento e incrementar a produtividade; factores, dixo Noelia P\u00e9rez, que si te\u00f1en incidencia directa nos salarios. Referiuse a programas como o de Galicia Suma Talento, para a formaci\u00f3n e a captaci\u00f3n de emprego cualificado, aos obradoiros duais, as\u00ed como tam\u00e9n \u00e1 orde de axudas a aut\u00f3nomos, con m\u00e1is de 40M\u20ac.<\/p>\n<p>Para rematar, urxiu ao Goberno de Pedro S\u00e1nchez a que salde as d\u00e9bedas que ten con Ourense en materia de infraestruturas, como: a A-76 cara Valdeorras; a conexi\u00f3n Ourense-Lugo; as actuaci\u00f3ns pendentes da alta velocidade; ou a demora da estaci\u00f3n intermodal. \u201cOs ourens\u00e1ns merecen soluci\u00f3ns reais e colaboraci\u00f3n institucional. A Xunta cumpre coa provincia; o Goberno de Espa\u00f1a, non\u201d, apuntou.<\/p>\n","protected":false},"excerpt":{"rendered":"<p>O Parlamento de Galicia aprobou, hoxe, a trav\u00e9s da iniciativa do Grupo Popular, instar ao Goberno central a que publique, \u201csen m\u00e1is demora\u201d, o real decreto lei a trav\u00e9s do cal se creen as especialidades de Xen\u00e9tica M\u00e9dica e de Xen\u00e9tica de Laboratorio. Tras afearlle ao PSdeG o seu voto contra a esta proposici\u00f3n non [&hellip;]<\/p>\n","protected":false},"author":38,"featured_media":71087,"comment_status":"closed","ping_status":"open","sticky":false,"template":"","format":"standard","meta":{"_acf_changed":false,"footnotes":""},"categories":[1128],"tags":[],"class_list":["post-71086","post","type-post","status-publish","format-standard","has-post-thumbnail","hentry","category-actualidad-parlamento-de-galicia"],"acf":[],"yoast_head":"<!-- This site is optimized with the Yoast SEO plugin v27.3 - https:\/\/yoast.com\/product\/yoast-seo-wordpress\/ -->\n<title>O PPdeG urxe ao Goberno central a que cree \u201csen m\u00e1is demora\u201d as especialidades de Xen\u00e9tica M\u00e9dica e de Xen\u00e9tica de Laboratorio - PP de Galicia<\/title>\n<meta name=\"description\" content=\"O Parlamento de Galicia aprobou, hoxe, a trav\u00e9s da iniciativa do Grupo Popular, instar ao Goberno central a que publique, \u201csen m\u00e1is demora\u201d, o real decreto lei a trav\u00e9s do cal se creen as especialidades de Xen\u00e9tica M\u00e9dica e de Xen\u00e9tica de Laboratorio.\" \/>\n<meta name=\"robots\" content=\"index, follow, max-snippet:-1, max-image-preview:large, max-video-preview:-1\" \/>\n<link rel=\"canonical\" href=\"https:\/\/ppdegalicia.com\/es\/o-ppdeg-urxe-ao-goberno-central-a-que-cree-sen-mais-demora-as-especialidades-de-xenetica-medica-e-de-xenetica-de-laboratorio\/\" \/>\n<meta property=\"og:locale\" content=\"es_ES\" \/>\n<meta property=\"og:type\" content=\"article\" \/>\n<meta property=\"og:title\" content=\"O PPdeG urxe ao Goberno central a que cree \u201csen m\u00e1is demora\u201d as especialidades de Xen\u00e9tica M\u00e9dica e de Xen\u00e9tica de Laboratorio - PP de Galicia\" \/>\n<meta property=\"og:description\" content=\"O Parlamento de Galicia aprobou, hoxe, a trav\u00e9s da iniciativa do Grupo Popular, instar ao Goberno central a que publique, \u201csen m\u00e1is demora\u201d, o real decreto lei a trav\u00e9s do cal se creen as especialidades de Xen\u00e9tica M\u00e9dica e de Xen\u00e9tica de Laboratorio.\" \/>\n<meta property=\"og:url\" content=\"https:\/\/ppdegalicia.com\/es\/o-ppdeg-urxe-ao-goberno-central-a-que-cree-sen-mais-demora-as-especialidades-de-xenetica-medica-e-de-xenetica-de-laboratorio\/\" \/>\n<meta property=\"og:site_name\" content=\"PP de Galicia\" \/>\n<meta property=\"article:publisher\" content=\"https:\/\/www.instagram.com\/ppdegalicia\/\" \/>\n<meta property=\"article:published_time\" content=\"2026-04-30T14:48:03+00:00\" \/>\n<meta property=\"og:image\" content=\"https:\/\/ppdegalicia.com\/wp-content\/uploads\/2026\/04\/20260430_C5a-6-scaled.jpg\" \/>\n\t<meta property=\"og:image:width\" content=\"2560\" \/>\n\t<meta property=\"og:image:height\" content=\"1707\" \/>\n\t<meta property=\"og:image:type\" content=\"image\/jpeg\" \/>\n<meta name=\"author\" content=\"ppdegaliciaredes\" \/>\n<meta name=\"twitter:card\" content=\"summary_large_image\" \/>\n<meta name=\"twitter:creator\" content=\"@ppdegalicia\" \/>\n<meta name=\"twitter:site\" content=\"@ppdegalicia\" \/>\n<meta name=\"twitter:label1\" content=\"Escrito por\" \/>\n\t<meta name=\"twitter:data1\" content=\"ppdegaliciaredes\" \/>\n\t<meta name=\"twitter:label2\" content=\"Tiempo de lectura\" \/>\n\t<meta name=\"twitter:data2\" content=\"4 minutos\" \/>\n<script type=\"application\/ld+json\" class=\"yoast-schema-graph\">{\"@context\":\"https:\\\/\\\/schema.org\",\"@graph\":[{\"@type\":\"Article\",\"@id\":\"https:\\\/\\\/ppdegalicia.com\\\/es\\\/o-ppdeg-urxe-ao-goberno-central-a-que-cree-sen-mais-demora-as-especialidades-de-xenetica-medica-e-de-xenetica-de-laboratorio\\\/#article\",\"isPartOf\":{\"@id\":\"https:\\\/\\\/ppdegalicia.com\\\/es\\\/o-ppdeg-urxe-ao-goberno-central-a-que-cree-sen-mais-demora-as-especialidades-de-xenetica-medica-e-de-xenetica-de-laboratorio\\\/\"},\"author\":{\"name\":\"ppdegaliciaredes\",\"@id\":\"https:\\\/\\\/ppdegalicia.com\\\/es\\\/#\\\/schema\\\/person\\\/5b822c6f59e872ebdd1142f307dbcb59\"},\"headline\":\"O PPdeG urxe ao Goberno central a que cree \u201csen m\u00e1is demora\u201d as especialidades de Xen\u00e9tica M\u00e9dica e de Xen\u00e9tica de Laboratorio\",\"datePublished\":\"2026-04-30T14:48:03+00:00\",\"mainEntityOfPage\":{\"@id\":\"https:\\\/\\\/ppdegalicia.com\\\/es\\\/o-ppdeg-urxe-ao-goberno-central-a-que-cree-sen-mais-demora-as-especialidades-de-xenetica-medica-e-de-xenetica-de-laboratorio\\\/\"},\"wordCount\":639,\"publisher\":{\"@id\":\"https:\\\/\\\/ppdegalicia.com\\\/es\\\/#organization\"},\"image\":{\"@id\":\"https:\\\/\\\/ppdegalicia.com\\\/es\\\/o-ppdeg-urxe-ao-goberno-central-a-que-cree-sen-mais-demora-as-especialidades-de-xenetica-medica-e-de-xenetica-de-laboratorio\\\/#primaryimage\"},\"thumbnailUrl\":\"https:\\\/\\\/ppdegalicia.com\\\/wp-content\\\/uploads\\\/2026\\\/04\\\/20260430_C5a-6-scaled.jpg\",\"articleSection\":[\"Parlamento de Galicia\"],\"inLanguage\":\"es\"},{\"@type\":\"WebPage\",\"@id\":\"https:\\\/\\\/ppdegalicia.com\\\/es\\\/o-ppdeg-urxe-ao-goberno-central-a-que-cree-sen-mais-demora-as-especialidades-de-xenetica-medica-e-de-xenetica-de-laboratorio\\\/\",\"url\":\"https:\\\/\\\/ppdegalicia.com\\\/es\\\/o-ppdeg-urxe-ao-goberno-central-a-que-cree-sen-mais-demora-as-especialidades-de-xenetica-medica-e-de-xenetica-de-laboratorio\\\/\",\"name\":\"O PPdeG urxe ao Goberno central a que cree \u201csen m\u00e1is demora\u201d as especialidades de Xen\u00e9tica M\u00e9dica e de Xen\u00e9tica de Laboratorio - PP de Galicia\",\"isPartOf\":{\"@id\":\"https:\\\/\\\/ppdegalicia.com\\\/es\\\/#website\"},\"primaryImageOfPage\":{\"@id\":\"https:\\\/\\\/ppdegalicia.com\\\/es\\\/o-ppdeg-urxe-ao-goberno-central-a-que-cree-sen-mais-demora-as-especialidades-de-xenetica-medica-e-de-xenetica-de-laboratorio\\\/#primaryimage\"},\"image\":{\"@id\":\"https:\\\/\\\/ppdegalicia.com\\\/es\\\/o-ppdeg-urxe-ao-goberno-central-a-que-cree-sen-mais-demora-as-especialidades-de-xenetica-medica-e-de-xenetica-de-laboratorio\\\/#primaryimage\"},\"thumbnailUrl\":\"https:\\\/\\\/ppdegalicia.com\\\/wp-content\\\/uploads\\\/2026\\\/04\\\/20260430_C5a-6-scaled.jpg\",\"datePublished\":\"2026-04-30T14:48:03+00:00\",\"description\":\"O Parlamento de Galicia aprobou, hoxe, a trav\u00e9s da iniciativa do Grupo Popular, instar ao Goberno central a que publique, \u201csen m\u00e1is demora\u201d, o real decreto lei a trav\u00e9s do cal se creen as especialidades de Xen\u00e9tica M\u00e9dica e de Xen\u00e9tica de Laboratorio.\",\"breadcrumb\":{\"@id\":\"https:\\\/\\\/ppdegalicia.com\\\/es\\\/o-ppdeg-urxe-ao-goberno-central-a-que-cree-sen-mais-demora-as-especialidades-de-xenetica-medica-e-de-xenetica-de-laboratorio\\\/#breadcrumb\"},\"inLanguage\":\"es\",\"potentialAction\":[{\"@type\":\"ReadAction\",\"target\":[\"https:\\\/\\\/ppdegalicia.com\\\/es\\\/o-ppdeg-urxe-ao-goberno-central-a-que-cree-sen-mais-demora-as-especialidades-de-xenetica-medica-e-de-xenetica-de-laboratorio\\\/\"]}]},{\"@type\":\"ImageObject\",\"inLanguage\":\"es\",\"@id\":\"https:\\\/\\\/ppdegalicia.com\\\/es\\\/o-ppdeg-urxe-ao-goberno-central-a-que-cree-sen-mais-demora-as-especialidades-de-xenetica-medica-e-de-xenetica-de-laboratorio\\\/#primaryimage\",\"url\":\"https:\\\/\\\/ppdegalicia.com\\\/wp-content\\\/uploads\\\/2026\\\/04\\\/20260430_C5a-6-scaled.jpg\",\"contentUrl\":\"https:\\\/\\\/ppdegalicia.com\\\/wp-content\\\/uploads\\\/2026\\\/04\\\/20260430_C5a-6-scaled.jpg\",\"width\":2560,\"height\":1707},{\"@type\":\"BreadcrumbList\",\"@id\":\"https:\\\/\\\/ppdegalicia.com\\\/es\\\/o-ppdeg-urxe-ao-goberno-central-a-que-cree-sen-mais-demora-as-especialidades-de-xenetica-medica-e-de-xenetica-de-laboratorio\\\/#breadcrumb\",\"itemListElement\":[{\"@type\":\"ListItem\",\"position\":1,\"name\":\"Portada\",\"item\":\"https:\\\/\\\/ppdegalicia.com\\\/es\\\/\"},{\"@type\":\"ListItem\",\"position\":2,\"name\":\"O PPdeG urxe ao Goberno central a que cree \u201csen m\u00e1is demora\u201d as especialidades de Xen\u00e9tica M\u00e9dica e de Xen\u00e9tica de Laboratorio\"}]},{\"@type\":\"WebSite\",\"@id\":\"https:\\\/\\\/ppdegalicia.com\\\/es\\\/#website\",\"url\":\"https:\\\/\\\/ppdegalicia.com\\\/es\\\/\",\"name\":\"Partido Popular de Galicia\",\"description\":\"Partido Popular de Galicia\",\"publisher\":{\"@id\":\"https:\\\/\\\/ppdegalicia.com\\\/es\\\/#organization\"},\"alternateName\":\"PP de Galicia\",\"potentialAction\":[{\"@type\":\"SearchAction\",\"target\":{\"@type\":\"EntryPoint\",\"urlTemplate\":\"https:\\\/\\\/ppdegalicia.com\\\/es\\\/?s={search_term_string}\"},\"query-input\":{\"@type\":\"PropertyValueSpecification\",\"valueRequired\":true,\"valueName\":\"search_term_string\"}}],\"inLanguage\":\"es\"},{\"@type\":\"Organization\",\"@id\":\"https:\\\/\\\/ppdegalicia.com\\\/es\\\/#organization\",\"name\":\"Partido Popular de Galicia\",\"alternateName\":\"PP de Galicia\",\"url\":\"https:\\\/\\\/ppdegalicia.com\\\/es\\\/\",\"logo\":{\"@type\":\"ImageObject\",\"inLanguage\":\"es\",\"@id\":\"https:\\\/\\\/ppdegalicia.com\\\/es\\\/#\\\/schema\\\/logo\\\/image\\\/\",\"url\":\"https:\\\/\\\/ppdegalicia.com\\\/wp-content\\\/uploads\\\/2023\\\/04\\\/logoPP512.png\",\"contentUrl\":\"https:\\\/\\\/ppdegalicia.com\\\/wp-content\\\/uploads\\\/2023\\\/04\\\/logoPP512.png\",\"width\":512,\"height\":512,\"caption\":\"Partido Popular de Galicia\"},\"image\":{\"@id\":\"https:\\\/\\\/ppdegalicia.com\\\/es\\\/#\\\/schema\\\/logo\\\/image\\\/\"},\"sameAs\":[\"https:\\\/\\\/www.instagram.com\\\/ppdegalicia\\\/\",\"https:\\\/\\\/x.com\\\/ppdegalicia\",\"https:\\\/\\\/www.tiktok.com\\\/@ppdegalicia\",\"https:\\\/\\\/www.youtube.com\\\/user\\\/ppdegalicia\"]},{\"@type\":\"Person\",\"@id\":\"https:\\\/\\\/ppdegalicia.com\\\/es\\\/#\\\/schema\\\/person\\\/5b822c6f59e872ebdd1142f307dbcb59\",\"name\":\"ppdegaliciaredes\",\"image\":{\"@type\":\"ImageObject\",\"inLanguage\":\"es\",\"@id\":\"https:\\\/\\\/secure.gravatar.com\\\/avatar\\\/3c9179cf0256d00c72a48d1f25783c58b6842cd56e85ef3a572881c8e28ccd59?s=96&d=mm&r=g\",\"url\":\"https:\\\/\\\/secure.gravatar.com\\\/avatar\\\/3c9179cf0256d00c72a48d1f25783c58b6842cd56e85ef3a572881c8e28ccd59?s=96&d=mm&r=g\",\"contentUrl\":\"https:\\\/\\\/secure.gravatar.com\\\/avatar\\\/3c9179cf0256d00c72a48d1f25783c58b6842cd56e85ef3a572881c8e28ccd59?s=96&d=mm&r=g\",\"caption\":\"ppdegaliciaredes\"},\"url\":\"https:\\\/\\\/ppdegalicia.com\\\/es\\\/author\\\/ppdegaliciaredes\\\/\"}]}<\/script>\n<!-- \/ Yoast SEO plugin. -->","yoast_head_json":{"title":"O PPdeG urxe ao Goberno central a que cree \u201csen m\u00e1is demora\u201d as especialidades de Xen\u00e9tica M\u00e9dica e de Xen\u00e9tica de Laboratorio - PP de Galicia","description":"O Parlamento de Galicia aprobou, hoxe, a trav\u00e9s da iniciativa do Grupo Popular, instar ao Goberno central a que publique, \u201csen m\u00e1is demora\u201d, o real decreto lei a trav\u00e9s do cal se creen as especialidades de Xen\u00e9tica M\u00e9dica e de Xen\u00e9tica de Laboratorio.","robots":{"index":"index","follow":"follow","max-snippet":"max-snippet:-1","max-image-preview":"max-image-preview:large","max-video-preview":"max-video-preview:-1"},"canonical":"https:\/\/ppdegalicia.com\/es\/o-ppdeg-urxe-ao-goberno-central-a-que-cree-sen-mais-demora-as-especialidades-de-xenetica-medica-e-de-xenetica-de-laboratorio\/","og_locale":"es_ES","og_type":"article","og_title":"O PPdeG urxe ao Goberno central a que cree \u201csen m\u00e1is demora\u201d as especialidades de Xen\u00e9tica M\u00e9dica e de Xen\u00e9tica de Laboratorio - PP de Galicia","og_description":"O Parlamento de Galicia aprobou, hoxe, a trav\u00e9s da iniciativa do Grupo Popular, instar ao Goberno central a que publique, \u201csen m\u00e1is demora\u201d, o real decreto lei a trav\u00e9s do cal se creen as especialidades de Xen\u00e9tica M\u00e9dica e de Xen\u00e9tica de Laboratorio.","og_url":"https:\/\/ppdegalicia.com\/es\/o-ppdeg-urxe-ao-goberno-central-a-que-cree-sen-mais-demora-as-especialidades-de-xenetica-medica-e-de-xenetica-de-laboratorio\/","og_site_name":"PP de Galicia","article_publisher":"https:\/\/www.instagram.com\/ppdegalicia\/","article_published_time":"2026-04-30T14:48:03+00:00","og_image":[{"width":2560,"height":1707,"url":"https:\/\/ppdegalicia.com\/wp-content\/uploads\/2026\/04\/20260430_C5a-6-scaled.jpg","type":"image\/jpeg"}],"author":"ppdegaliciaredes","twitter_card":"summary_large_image","twitter_creator":"@ppdegalicia","twitter_site":"@ppdegalicia","twitter_misc":{"Escrito por":"ppdegaliciaredes","Tiempo de lectura":"4 minutos"},"schema":{"@context":"https:\/\/schema.org","@graph":[{"@type":"Article","@id":"https:\/\/ppdegalicia.com\/es\/o-ppdeg-urxe-ao-goberno-central-a-que-cree-sen-mais-demora-as-especialidades-de-xenetica-medica-e-de-xenetica-de-laboratorio\/#article","isPartOf":{"@id":"https:\/\/ppdegalicia.com\/es\/o-ppdeg-urxe-ao-goberno-central-a-que-cree-sen-mais-demora-as-especialidades-de-xenetica-medica-e-de-xenetica-de-laboratorio\/"},"author":{"name":"ppdegaliciaredes","@id":"https:\/\/ppdegalicia.com\/es\/#\/schema\/person\/5b822c6f59e872ebdd1142f307dbcb59"},"headline":"O PPdeG urxe ao Goberno central a que cree \u201csen m\u00e1is demora\u201d as especialidades de Xen\u00e9tica M\u00e9dica e de Xen\u00e9tica de Laboratorio","datePublished":"2026-04-30T14:48:03+00:00","mainEntityOfPage":{"@id":"https:\/\/ppdegalicia.com\/es\/o-ppdeg-urxe-ao-goberno-central-a-que-cree-sen-mais-demora-as-especialidades-de-xenetica-medica-e-de-xenetica-de-laboratorio\/"},"wordCount":639,"publisher":{"@id":"https:\/\/ppdegalicia.com\/es\/#organization"},"image":{"@id":"https:\/\/ppdegalicia.com\/es\/o-ppdeg-urxe-ao-goberno-central-a-que-cree-sen-mais-demora-as-especialidades-de-xenetica-medica-e-de-xenetica-de-laboratorio\/#primaryimage"},"thumbnailUrl":"https:\/\/ppdegalicia.com\/wp-content\/uploads\/2026\/04\/20260430_C5a-6-scaled.jpg","articleSection":["Parlamento de Galicia"],"inLanguage":"es"},{"@type":"WebPage","@id":"https:\/\/ppdegalicia.com\/es\/o-ppdeg-urxe-ao-goberno-central-a-que-cree-sen-mais-demora-as-especialidades-de-xenetica-medica-e-de-xenetica-de-laboratorio\/","url":"https:\/\/ppdegalicia.com\/es\/o-ppdeg-urxe-ao-goberno-central-a-que-cree-sen-mais-demora-as-especialidades-de-xenetica-medica-e-de-xenetica-de-laboratorio\/","name":"O PPdeG urxe ao Goberno central a que cree \u201csen m\u00e1is demora\u201d as especialidades de Xen\u00e9tica M\u00e9dica e de Xen\u00e9tica de Laboratorio - PP de Galicia","isPartOf":{"@id":"https:\/\/ppdegalicia.com\/es\/#website"},"primaryImageOfPage":{"@id":"https:\/\/ppdegalicia.com\/es\/o-ppdeg-urxe-ao-goberno-central-a-que-cree-sen-mais-demora-as-especialidades-de-xenetica-medica-e-de-xenetica-de-laboratorio\/#primaryimage"},"image":{"@id":"https:\/\/ppdegalicia.com\/es\/o-ppdeg-urxe-ao-goberno-central-a-que-cree-sen-mais-demora-as-especialidades-de-xenetica-medica-e-de-xenetica-de-laboratorio\/#primaryimage"},"thumbnailUrl":"https:\/\/ppdegalicia.com\/wp-content\/uploads\/2026\/04\/20260430_C5a-6-scaled.jpg","datePublished":"2026-04-30T14:48:03+00:00","description":"O Parlamento de Galicia aprobou, hoxe, a trav\u00e9s da iniciativa do Grupo Popular, instar ao Goberno central a que publique, \u201csen m\u00e1is demora\u201d, o real decreto lei a trav\u00e9s do cal se creen as especialidades de Xen\u00e9tica M\u00e9dica e de Xen\u00e9tica de Laboratorio.","breadcrumb":{"@id":"https:\/\/ppdegalicia.com\/es\/o-ppdeg-urxe-ao-goberno-central-a-que-cree-sen-mais-demora-as-especialidades-de-xenetica-medica-e-de-xenetica-de-laboratorio\/#breadcrumb"},"inLanguage":"es","potentialAction":[{"@type":"ReadAction","target":["https:\/\/ppdegalicia.com\/es\/o-ppdeg-urxe-ao-goberno-central-a-que-cree-sen-mais-demora-as-especialidades-de-xenetica-medica-e-de-xenetica-de-laboratorio\/"]}]},{"@type":"ImageObject","inLanguage":"es","@id":"https:\/\/ppdegalicia.com\/es\/o-ppdeg-urxe-ao-goberno-central-a-que-cree-sen-mais-demora-as-especialidades-de-xenetica-medica-e-de-xenetica-de-laboratorio\/#primaryimage","url":"https:\/\/ppdegalicia.com\/wp-content\/uploads\/2026\/04\/20260430_C5a-6-scaled.jpg","contentUrl":"https:\/\/ppdegalicia.com\/wp-content\/uploads\/2026\/04\/20260430_C5a-6-scaled.jpg","width":2560,"height":1707},{"@type":"BreadcrumbList","@id":"https:\/\/ppdegalicia.com\/es\/o-ppdeg-urxe-ao-goberno-central-a-que-cree-sen-mais-demora-as-especialidades-de-xenetica-medica-e-de-xenetica-de-laboratorio\/#breadcrumb","itemListElement":[{"@type":"ListItem","position":1,"name":"Portada","item":"https:\/\/ppdegalicia.com\/es\/"},{"@type":"ListItem","position":2,"name":"O PPdeG urxe ao Goberno central a que cree \u201csen m\u00e1is demora\u201d as especialidades de Xen\u00e9tica M\u00e9dica e de Xen\u00e9tica de Laboratorio"}]},{"@type":"WebSite","@id":"https:\/\/ppdegalicia.com\/es\/#website","url":"https:\/\/ppdegalicia.com\/es\/","name":"Partido Popular de Galicia","description":"Partido Popular de Galicia","publisher":{"@id":"https:\/\/ppdegalicia.com\/es\/#organization"},"alternateName":"PP de Galicia","potentialAction":[{"@type":"SearchAction","target":{"@type":"EntryPoint","urlTemplate":"https:\/\/ppdegalicia.com\/es\/?s={search_term_string}"},"query-input":{"@type":"PropertyValueSpecification","valueRequired":true,"valueName":"search_term_string"}}],"inLanguage":"es"},{"@type":"Organization","@id":"https:\/\/ppdegalicia.com\/es\/#organization","name":"Partido Popular de Galicia","alternateName":"PP de Galicia","url":"https:\/\/ppdegalicia.com\/es\/","logo":{"@type":"ImageObject","inLanguage":"es","@id":"https:\/\/ppdegalicia.com\/es\/#\/schema\/logo\/image\/","url":"https:\/\/ppdegalicia.com\/wp-content\/uploads\/2023\/04\/logoPP512.png","contentUrl":"https:\/\/ppdegalicia.com\/wp-content\/uploads\/2023\/04\/logoPP512.png","width":512,"height":512,"caption":"Partido Popular de Galicia"},"image":{"@id":"https:\/\/ppdegalicia.com\/es\/#\/schema\/logo\/image\/"},"sameAs":["https:\/\/www.instagram.com\/ppdegalicia\/","https:\/\/x.com\/ppdegalicia","https:\/\/www.tiktok.com\/@ppdegalicia","https:\/\/www.youtube.com\/user\/ppdegalicia"]},{"@type":"Person","@id":"https:\/\/ppdegalicia.com\/es\/#\/schema\/person\/5b822c6f59e872ebdd1142f307dbcb59","name":"ppdegaliciaredes","image":{"@type":"ImageObject","inLanguage":"es","@id":"https:\/\/secure.gravatar.com\/avatar\/3c9179cf0256d00c72a48d1f25783c58b6842cd56e85ef3a572881c8e28ccd59?s=96&d=mm&r=g","url":"https:\/\/secure.gravatar.com\/avatar\/3c9179cf0256d00c72a48d1f25783c58b6842cd56e85ef3a572881c8e28ccd59?s=96&d=mm&r=g","contentUrl":"https:\/\/secure.gravatar.com\/avatar\/3c9179cf0256d00c72a48d1f25783c58b6842cd56e85ef3a572881c8e28ccd59?s=96&d=mm&r=g","caption":"ppdegaliciaredes"},"url":"https:\/\/ppdegalicia.com\/es\/author\/ppdegaliciaredes\/"}]}},"_links":{"self":[{"href":"https:\/\/ppdegalicia.com\/es\/wp-json\/wp\/v2\/posts\/71086","targetHints":{"allow":["GET"]}}],"collection":[{"href":"https:\/\/ppdegalicia.com\/es\/wp-json\/wp\/v2\/posts"}],"about":[{"href":"https:\/\/ppdegalicia.com\/es\/wp-json\/wp\/v2\/types\/post"}],"author":[{"embeddable":true,"href":"https:\/\/ppdegalicia.com\/es\/wp-json\/wp\/v2\/users\/38"}],"replies":[{"embeddable":true,"href":"https:\/\/ppdegalicia.com\/es\/wp-json\/wp\/v2\/comments?post=71086"}],"version-history":[{"count":1,"href":"https:\/\/ppdegalicia.com\/es\/wp-json\/wp\/v2\/posts\/71086\/revisions"}],"predecessor-version":[{"id":71089,"href":"https:\/\/ppdegalicia.com\/es\/wp-json\/wp\/v2\/posts\/71086\/revisions\/71089"}],"wp:featuredmedia":[{"embeddable":true,"href":"https:\/\/ppdegalicia.com\/es\/wp-json\/wp\/v2\/media\/71087"}],"wp:attachment":[{"href":"https:\/\/ppdegalicia.com\/es\/wp-json\/wp\/v2\/media?parent=71086"}],"wp:term":[{"taxonomy":"category","embeddable":true,"href":"https:\/\/ppdegalicia.com\/es\/wp-json\/wp\/v2\/categories?post=71086"},{"taxonomy":"post_tag","embeddable":true,"href":"https:\/\/ppdegalicia.com\/es\/wp-json\/wp\/v2\/tags?post=71086"}],"curies":[{"name":"wp","href":"https:\/\/api.w.org\/{rel}","templated":true}]}}