{"id":71106,"date":"2026-05-03T11:30:49","date_gmt":"2026-05-03T10:30:49","guid":{"rendered":"https:\/\/ppdegalicia.com\/?p=71106"},"modified":"2026-05-03T11:30:49","modified_gmt":"2026-05-03T10:30:49","slug":"o-ppdeg-pon-en-valor-o-cooperativismo-galego-un-ecosistema-solido-con-mais-de-2-000-entidades-activas","status":"publish","type":"post","link":"https:\/\/ppdegalicia.com\/es\/o-ppdeg-pon-en-valor-o-cooperativismo-galego-un-ecosistema-solido-con-mais-de-2-000-entidades-activas\/","title":{"rendered":"O PPdeG pon en valor o cooperativismo galego, un \u201cecosistema s\u00f3lido\u201d con m\u00e1is de 2.000 entidades activas"},"content":{"rendered":"<p>O PPdeG puxo en valor o cooperativismo galego, un \u201cecosistema s\u00f3lido\u201d, que conta con m\u00e1is de 2.000 entidades activas, mobiliza arredor de 3.500M\u20ac ao ano e xera emprego a m\u00e1is de 78.000 persoas, entre socios e traballadores.<\/p>\n<p>Durante unha reuni\u00f3n con representantes da Uni\u00f3n Cooperativas EspazoCoop, en Santiago de Compostela, os deputados do Grupo Parlamentario Popular, Noelia P\u00e9rez e Argimiro Marnotes, incidiron no cooperativismo como unha \u201cparte esencial da econom\u00eda galega\u201d, por ser \u201cunha aut\u00e9ntica panca de transformaci\u00f3n\u201d, apuntou Noelia P\u00e9rez. Algo que se aprecia, dixeron, con especial claridade no rural no galego, onde moitas cooperativas soste\u00f1en actividade agraria, servizos de proximidade, comercializaci\u00f3n e emprego local. \u201cSignifica xerar oportunidades, fixar poboaci\u00f3n e aproveitar recursos locais, creando valor engadido\u201d, sinalou Noelia P\u00e9rez.<\/p>\n<p>Nesta li\u00f1a, o Parlamento de Galicia v\u00e9n de aprobar, esta semana, a iniciativa do Grupo Popular, relativa a \u201cimpulsar, reforzar e consolidar\u201d a econom\u00eda social e o cooperativismo como piares estrat\u00e9xicos do modelo econ\u00f3mico galego. A proposici\u00f3n non de lei, que sa\u00edu adiante por unanimidade, avoga por promover desde a Xunta de Galicia medidas espec\u00edficas de apoio \u00e1 innovaci\u00f3n, dixitalizaci\u00f3n e sustentabilidade das entidades da econom\u00eda social, favorecendo a s\u00faa adaptaci\u00f3n aos novos modelos produtivos de negocio.<\/p>\n<p><strong>UNHA NORMATIVA PARTICIPADA<\/strong><br \/>\n\u201cO \u00e1mbito da econom\u00eda social e do cooperativismo \u00e9 o punto de partida da actividade emprendedora da nosa comunidade\u201d, resaltou Argimiro. As\u00ed, subli\u00f1ou o apoio do Goberno galego \u00e1s pol\u00edticas vinculadas coa econom\u00eda social e ao cooperativismo, \u00e1s que este ano destina preto de 45M\u20ac. E puxo como exemplo programas como o Bono Consolida ou o ES-Transforma.<\/p>\n<p>Asemade, fixeron referencia, tam\u00e9n, ao proceso de tramitaci\u00f3n do anteproxecto da nova Lei de cooperativas de Galicia, que chega, dixeron, logo dun \u201camplo proceso participativo\u201d co sector, co fin de seguir apostando por este eido como motor de progreso, cohesi\u00f3n social e desenvolvemento sustentable.<\/p>\n<p>Neste punto, salientaron a importancia de avanzar cara unha maior axilidade administrativa e unha mellor regulaci\u00f3n interna, as\u00ed como tam\u00e9n en m\u00e1is seguridade xur\u00eddica. E abordaron o auxe de novas tipolox\u00edas, especialmente relevantes en Galicia, como as vinculadas aos coidados, \u00e1 enerx\u00eda ou \u00e1 vivenda.<\/p>\n","protected":false},"excerpt":{"rendered":"<p>O PPdeG puxo en valor o cooperativismo galego, un \u201cecosistema s\u00f3lido\u201d, que conta con m\u00e1is de 2.000 entidades activas, mobiliza arredor de 3.500M\u20ac ao ano e xera emprego a m\u00e1is de 78.000 persoas, entre socios e traballadores. Durante unha reuni\u00f3n con representantes da Uni\u00f3n Cooperativas EspazoCoop, en Santiago de Compostela, os deputados do Grupo Parlamentario [&hellip;]<\/p>\n","protected":false},"author":38,"featured_media":71107,"comment_status":"closed","ping_status":"open","sticky":false,"template":"","format":"standard","meta":{"_acf_changed":false,"footnotes":""},"categories":[1128],"tags":[],"class_list":["post-71106","post","type-post","status-publish","format-standard","has-post-thumbnail","hentry","category-actualidad-parlamento-de-galicia"],"acf":[],"yoast_head":"<!-- This site is optimized with the Yoast SEO plugin v27.3 - https:\/\/yoast.com\/product\/yoast-seo-wordpress\/ -->\n<title>O PPdeG pon en valor o cooperativismo galego, un \u201cecosistema s\u00f3lido\u201d con m\u00e1is de 2.000 entidades activas - PP de Galicia<\/title>\n<meta name=\"description\" content=\"O PPdeG puxo en valor o cooperativismo galego, un \u201cecosistema s\u00f3lido\u201d, que conta con m\u00e1is de 2.000 entidades activas, mobiliza arredor de 3.500M\u20ac ao ano e xera emprego a m\u00e1is de 78.000 persoas, entre socios e traballadores.\" \/>\n<meta name=\"robots\" content=\"index, follow, max-snippet:-1, max-image-preview:large, max-video-preview:-1\" \/>\n<link rel=\"canonical\" href=\"https:\/\/ppdegalicia.com\/es\/o-ppdeg-pon-en-valor-o-cooperativismo-galego-un-ecosistema-solido-con-mais-de-2-000-entidades-activas\/\" \/>\n<meta property=\"og:locale\" content=\"es_ES\" \/>\n<meta property=\"og:type\" content=\"article\" \/>\n<meta property=\"og:title\" content=\"O PPdeG pon en valor o cooperativismo galego, un \u201cecosistema s\u00f3lido\u201d con m\u00e1is de 2.000 entidades activas - PP de Galicia\" \/>\n<meta property=\"og:description\" content=\"O PPdeG puxo en valor o cooperativismo galego, un \u201cecosistema s\u00f3lido\u201d, que conta con m\u00e1is de 2.000 entidades activas, mobiliza arredor de 3.500M\u20ac ao ano e xera emprego a m\u00e1is de 78.000 persoas, entre socios e traballadores.\" \/>\n<meta property=\"og:url\" content=\"https:\/\/ppdegalicia.com\/es\/o-ppdeg-pon-en-valor-o-cooperativismo-galego-un-ecosistema-solido-con-mais-de-2-000-entidades-activas\/\" \/>\n<meta property=\"og:site_name\" content=\"PP de Galicia\" \/>\n<meta property=\"article:publisher\" content=\"https:\/\/www.instagram.com\/ppdegalicia\/\" \/>\n<meta property=\"article:published_time\" content=\"2026-05-03T10:30:49+00:00\" \/>\n<meta property=\"og:image\" content=\"https:\/\/ppdegalicia.com\/wp-content\/uploads\/2026\/05\/20260502-GPP_Cooperativa.jpeg\" \/>\n\t<meta property=\"og:image:width\" content=\"2040\" \/>\n\t<meta property=\"og:image:height\" content=\"1530\" \/>\n\t<meta property=\"og:image:type\" content=\"image\/jpeg\" \/>\n<meta name=\"author\" content=\"ppdegaliciaredes\" \/>\n<meta name=\"twitter:card\" content=\"summary_large_image\" \/>\n<meta name=\"twitter:creator\" content=\"@ppdegalicia\" \/>\n<meta name=\"twitter:site\" content=\"@ppdegalicia\" \/>\n<meta name=\"twitter:label1\" content=\"Escrito por\" \/>\n\t<meta name=\"twitter:data1\" content=\"ppdegaliciaredes\" \/>\n\t<meta name=\"twitter:label2\" content=\"Tiempo de lectura\" \/>\n\t<meta name=\"twitter:data2\" content=\"3 minutos\" \/>\n<script type=\"application\/ld+json\" class=\"yoast-schema-graph\">{\"@context\":\"https:\\\/\\\/schema.org\",\"@graph\":[{\"@type\":\"Article\",\"@id\":\"https:\\\/\\\/ppdegalicia.com\\\/es\\\/o-ppdeg-pon-en-valor-o-cooperativismo-galego-un-ecosistema-solido-con-mais-de-2-000-entidades-activas\\\/#article\",\"isPartOf\":{\"@id\":\"https:\\\/\\\/ppdegalicia.com\\\/es\\\/o-ppdeg-pon-en-valor-o-cooperativismo-galego-un-ecosistema-solido-con-mais-de-2-000-entidades-activas\\\/\"},\"author\":{\"name\":\"ppdegaliciaredes\",\"@id\":\"https:\\\/\\\/ppdegalicia.com\\\/es\\\/#\\\/schema\\\/person\\\/5b822c6f59e872ebdd1142f307dbcb59\"},\"headline\":\"O PPdeG pon en valor o cooperativismo galego, un \u201cecosistema s\u00f3lido\u201d con m\u00e1is de 2.000 entidades activas\",\"datePublished\":\"2026-05-03T10:30:49+00:00\",\"mainEntityOfPage\":{\"@id\":\"https:\\\/\\\/ppdegalicia.com\\\/es\\\/o-ppdeg-pon-en-valor-o-cooperativismo-galego-un-ecosistema-solido-con-mais-de-2-000-entidades-activas\\\/\"},\"wordCount\":399,\"publisher\":{\"@id\":\"https:\\\/\\\/ppdegalicia.com\\\/es\\\/#organization\"},\"image\":{\"@id\":\"https:\\\/\\\/ppdegalicia.com\\\/es\\\/o-ppdeg-pon-en-valor-o-cooperativismo-galego-un-ecosistema-solido-con-mais-de-2-000-entidades-activas\\\/#primaryimage\"},\"thumbnailUrl\":\"https:\\\/\\\/ppdegalicia.com\\\/wp-content\\\/uploads\\\/2026\\\/05\\\/20260502-GPP_Cooperativa.jpeg\",\"articleSection\":[\"Parlamento de Galicia\"],\"inLanguage\":\"es\"},{\"@type\":\"WebPage\",\"@id\":\"https:\\\/\\\/ppdegalicia.com\\\/es\\\/o-ppdeg-pon-en-valor-o-cooperativismo-galego-un-ecosistema-solido-con-mais-de-2-000-entidades-activas\\\/\",\"url\":\"https:\\\/\\\/ppdegalicia.com\\\/es\\\/o-ppdeg-pon-en-valor-o-cooperativismo-galego-un-ecosistema-solido-con-mais-de-2-000-entidades-activas\\\/\",\"name\":\"O PPdeG pon en valor o cooperativismo galego, un \u201cecosistema s\u00f3lido\u201d con m\u00e1is de 2.000 entidades activas - PP de Galicia\",\"isPartOf\":{\"@id\":\"https:\\\/\\\/ppdegalicia.com\\\/es\\\/#website\"},\"primaryImageOfPage\":{\"@id\":\"https:\\\/\\\/ppdegalicia.com\\\/es\\\/o-ppdeg-pon-en-valor-o-cooperativismo-galego-un-ecosistema-solido-con-mais-de-2-000-entidades-activas\\\/#primaryimage\"},\"image\":{\"@id\":\"https:\\\/\\\/ppdegalicia.com\\\/es\\\/o-ppdeg-pon-en-valor-o-cooperativismo-galego-un-ecosistema-solido-con-mais-de-2-000-entidades-activas\\\/#primaryimage\"},\"thumbnailUrl\":\"https:\\\/\\\/ppdegalicia.com\\\/wp-content\\\/uploads\\\/2026\\\/05\\\/20260502-GPP_Cooperativa.jpeg\",\"datePublished\":\"2026-05-03T10:30:49+00:00\",\"description\":\"O PPdeG puxo en valor o cooperativismo galego, un \u201cecosistema s\u00f3lido\u201d, que conta con m\u00e1is de 2.000 entidades activas, mobiliza arredor de 3.500M\u20ac ao ano e xera emprego a m\u00e1is de 78.000 persoas, entre socios e traballadores.\",\"breadcrumb\":{\"@id\":\"https:\\\/\\\/ppdegalicia.com\\\/es\\\/o-ppdeg-pon-en-valor-o-cooperativismo-galego-un-ecosistema-solido-con-mais-de-2-000-entidades-activas\\\/#breadcrumb\"},\"inLanguage\":\"es\",\"potentialAction\":[{\"@type\":\"ReadAction\",\"target\":[\"https:\\\/\\\/ppdegalicia.com\\\/es\\\/o-ppdeg-pon-en-valor-o-cooperativismo-galego-un-ecosistema-solido-con-mais-de-2-000-entidades-activas\\\/\"]}]},{\"@type\":\"ImageObject\",\"inLanguage\":\"es\",\"@id\":\"https:\\\/\\\/ppdegalicia.com\\\/es\\\/o-ppdeg-pon-en-valor-o-cooperativismo-galego-un-ecosistema-solido-con-mais-de-2-000-entidades-activas\\\/#primaryimage\",\"url\":\"https:\\\/\\\/ppdegalicia.com\\\/wp-content\\\/uploads\\\/2026\\\/05\\\/20260502-GPP_Cooperativa.jpeg\",\"contentUrl\":\"https:\\\/\\\/ppdegalicia.com\\\/wp-content\\\/uploads\\\/2026\\\/05\\\/20260502-GPP_Cooperativa.jpeg\",\"width\":2040,\"height\":1530},{\"@type\":\"BreadcrumbList\",\"@id\":\"https:\\\/\\\/ppdegalicia.com\\\/es\\\/o-ppdeg-pon-en-valor-o-cooperativismo-galego-un-ecosistema-solido-con-mais-de-2-000-entidades-activas\\\/#breadcrumb\",\"itemListElement\":[{\"@type\":\"ListItem\",\"position\":1,\"name\":\"Portada\",\"item\":\"https:\\\/\\\/ppdegalicia.com\\\/es\\\/\"},{\"@type\":\"ListItem\",\"position\":2,\"name\":\"O PPdeG pon en valor o cooperativismo galego, un \u201cecosistema s\u00f3lido\u201d con m\u00e1is de 2.000 entidades activas\"}]},{\"@type\":\"WebSite\",\"@id\":\"https:\\\/\\\/ppdegalicia.com\\\/es\\\/#website\",\"url\":\"https:\\\/\\\/ppdegalicia.com\\\/es\\\/\",\"name\":\"Partido Popular de Galicia\",\"description\":\"Partido Popular de Galicia\",\"publisher\":{\"@id\":\"https:\\\/\\\/ppdegalicia.com\\\/es\\\/#organization\"},\"alternateName\":\"PP de Galicia\",\"potentialAction\":[{\"@type\":\"SearchAction\",\"target\":{\"@type\":\"EntryPoint\",\"urlTemplate\":\"https:\\\/\\\/ppdegalicia.com\\\/es\\\/?s={search_term_string}\"},\"query-input\":{\"@type\":\"PropertyValueSpecification\",\"valueRequired\":true,\"valueName\":\"search_term_string\"}}],\"inLanguage\":\"es\"},{\"@type\":\"Organization\",\"@id\":\"https:\\\/\\\/ppdegalicia.com\\\/es\\\/#organization\",\"name\":\"Partido Popular de Galicia\",\"alternateName\":\"PP de Galicia\",\"url\":\"https:\\\/\\\/ppdegalicia.com\\\/es\\\/\",\"logo\":{\"@type\":\"ImageObject\",\"inLanguage\":\"es\",\"@id\":\"https:\\\/\\\/ppdegalicia.com\\\/es\\\/#\\\/schema\\\/logo\\\/image\\\/\",\"url\":\"https:\\\/\\\/ppdegalicia.com\\\/wp-content\\\/uploads\\\/2023\\\/04\\\/logoPP512.png\",\"contentUrl\":\"https:\\\/\\\/ppdegalicia.com\\\/wp-content\\\/uploads\\\/2023\\\/04\\\/logoPP512.png\",\"width\":512,\"height\":512,\"caption\":\"Partido Popular de Galicia\"},\"image\":{\"@id\":\"https:\\\/\\\/ppdegalicia.com\\\/es\\\/#\\\/schema\\\/logo\\\/image\\\/\"},\"sameAs\":[\"https:\\\/\\\/www.instagram.com\\\/ppdegalicia\\\/\",\"https:\\\/\\\/x.com\\\/ppdegalicia\",\"https:\\\/\\\/www.tiktok.com\\\/@ppdegalicia\",\"https:\\\/\\\/www.youtube.com\\\/user\\\/ppdegalicia\"]},{\"@type\":\"Person\",\"@id\":\"https:\\\/\\\/ppdegalicia.com\\\/es\\\/#\\\/schema\\\/person\\\/5b822c6f59e872ebdd1142f307dbcb59\",\"name\":\"ppdegaliciaredes\",\"image\":{\"@type\":\"ImageObject\",\"inLanguage\":\"es\",\"@id\":\"https:\\\/\\\/secure.gravatar.com\\\/avatar\\\/3c9179cf0256d00c72a48d1f25783c58b6842cd56e85ef3a572881c8e28ccd59?s=96&d=mm&r=g\",\"url\":\"https:\\\/\\\/secure.gravatar.com\\\/avatar\\\/3c9179cf0256d00c72a48d1f25783c58b6842cd56e85ef3a572881c8e28ccd59?s=96&d=mm&r=g\",\"contentUrl\":\"https:\\\/\\\/secure.gravatar.com\\\/avatar\\\/3c9179cf0256d00c72a48d1f25783c58b6842cd56e85ef3a572881c8e28ccd59?s=96&d=mm&r=g\",\"caption\":\"ppdegaliciaredes\"},\"url\":\"https:\\\/\\\/ppdegalicia.com\\\/es\\\/author\\\/ppdegaliciaredes\\\/\"}]}<\/script>\n<!-- \/ Yoast SEO plugin. -->","yoast_head_json":{"title":"O PPdeG pon en valor o cooperativismo galego, un \u201cecosistema s\u00f3lido\u201d con m\u00e1is de 2.000 entidades activas - PP de Galicia","description":"O PPdeG puxo en valor o cooperativismo galego, un \u201cecosistema s\u00f3lido\u201d, que conta con m\u00e1is de 2.000 entidades activas, mobiliza arredor de 3.500M\u20ac ao ano e xera emprego a m\u00e1is de 78.000 persoas, entre socios e traballadores.","robots":{"index":"index","follow":"follow","max-snippet":"max-snippet:-1","max-image-preview":"max-image-preview:large","max-video-preview":"max-video-preview:-1"},"canonical":"https:\/\/ppdegalicia.com\/es\/o-ppdeg-pon-en-valor-o-cooperativismo-galego-un-ecosistema-solido-con-mais-de-2-000-entidades-activas\/","og_locale":"es_ES","og_type":"article","og_title":"O PPdeG pon en valor o cooperativismo galego, un \u201cecosistema s\u00f3lido\u201d con m\u00e1is de 2.000 entidades activas - PP de Galicia","og_description":"O PPdeG puxo en valor o cooperativismo galego, un \u201cecosistema s\u00f3lido\u201d, que conta con m\u00e1is de 2.000 entidades activas, mobiliza arredor de 3.500M\u20ac ao ano e xera emprego a m\u00e1is de 78.000 persoas, entre socios e traballadores.","og_url":"https:\/\/ppdegalicia.com\/es\/o-ppdeg-pon-en-valor-o-cooperativismo-galego-un-ecosistema-solido-con-mais-de-2-000-entidades-activas\/","og_site_name":"PP de Galicia","article_publisher":"https:\/\/www.instagram.com\/ppdegalicia\/","article_published_time":"2026-05-03T10:30:49+00:00","og_image":[{"width":2040,"height":1530,"url":"https:\/\/ppdegalicia.com\/wp-content\/uploads\/2026\/05\/20260502-GPP_Cooperativa.jpeg","type":"image\/jpeg"}],"author":"ppdegaliciaredes","twitter_card":"summary_large_image","twitter_creator":"@ppdegalicia","twitter_site":"@ppdegalicia","twitter_misc":{"Escrito por":"ppdegaliciaredes","Tiempo de lectura":"3 minutos"},"schema":{"@context":"https:\/\/schema.org","@graph":[{"@type":"Article","@id":"https:\/\/ppdegalicia.com\/es\/o-ppdeg-pon-en-valor-o-cooperativismo-galego-un-ecosistema-solido-con-mais-de-2-000-entidades-activas\/#article","isPartOf":{"@id":"https:\/\/ppdegalicia.com\/es\/o-ppdeg-pon-en-valor-o-cooperativismo-galego-un-ecosistema-solido-con-mais-de-2-000-entidades-activas\/"},"author":{"name":"ppdegaliciaredes","@id":"https:\/\/ppdegalicia.com\/es\/#\/schema\/person\/5b822c6f59e872ebdd1142f307dbcb59"},"headline":"O PPdeG pon en valor o cooperativismo galego, un \u201cecosistema s\u00f3lido\u201d con m\u00e1is de 2.000 entidades activas","datePublished":"2026-05-03T10:30:49+00:00","mainEntityOfPage":{"@id":"https:\/\/ppdegalicia.com\/es\/o-ppdeg-pon-en-valor-o-cooperativismo-galego-un-ecosistema-solido-con-mais-de-2-000-entidades-activas\/"},"wordCount":399,"publisher":{"@id":"https:\/\/ppdegalicia.com\/es\/#organization"},"image":{"@id":"https:\/\/ppdegalicia.com\/es\/o-ppdeg-pon-en-valor-o-cooperativismo-galego-un-ecosistema-solido-con-mais-de-2-000-entidades-activas\/#primaryimage"},"thumbnailUrl":"https:\/\/ppdegalicia.com\/wp-content\/uploads\/2026\/05\/20260502-GPP_Cooperativa.jpeg","articleSection":["Parlamento de Galicia"],"inLanguage":"es"},{"@type":"WebPage","@id":"https:\/\/ppdegalicia.com\/es\/o-ppdeg-pon-en-valor-o-cooperativismo-galego-un-ecosistema-solido-con-mais-de-2-000-entidades-activas\/","url":"https:\/\/ppdegalicia.com\/es\/o-ppdeg-pon-en-valor-o-cooperativismo-galego-un-ecosistema-solido-con-mais-de-2-000-entidades-activas\/","name":"O PPdeG pon en valor o cooperativismo galego, un \u201cecosistema s\u00f3lido\u201d con m\u00e1is de 2.000 entidades activas - PP de Galicia","isPartOf":{"@id":"https:\/\/ppdegalicia.com\/es\/#website"},"primaryImageOfPage":{"@id":"https:\/\/ppdegalicia.com\/es\/o-ppdeg-pon-en-valor-o-cooperativismo-galego-un-ecosistema-solido-con-mais-de-2-000-entidades-activas\/#primaryimage"},"image":{"@id":"https:\/\/ppdegalicia.com\/es\/o-ppdeg-pon-en-valor-o-cooperativismo-galego-un-ecosistema-solido-con-mais-de-2-000-entidades-activas\/#primaryimage"},"thumbnailUrl":"https:\/\/ppdegalicia.com\/wp-content\/uploads\/2026\/05\/20260502-GPP_Cooperativa.jpeg","datePublished":"2026-05-03T10:30:49+00:00","description":"O PPdeG puxo en valor o cooperativismo galego, un \u201cecosistema s\u00f3lido\u201d, que conta con m\u00e1is de 2.000 entidades activas, mobiliza arredor de 3.500M\u20ac ao ano e xera emprego a m\u00e1is de 78.000 persoas, entre socios e traballadores.","breadcrumb":{"@id":"https:\/\/ppdegalicia.com\/es\/o-ppdeg-pon-en-valor-o-cooperativismo-galego-un-ecosistema-solido-con-mais-de-2-000-entidades-activas\/#breadcrumb"},"inLanguage":"es","potentialAction":[{"@type":"ReadAction","target":["https:\/\/ppdegalicia.com\/es\/o-ppdeg-pon-en-valor-o-cooperativismo-galego-un-ecosistema-solido-con-mais-de-2-000-entidades-activas\/"]}]},{"@type":"ImageObject","inLanguage":"es","@id":"https:\/\/ppdegalicia.com\/es\/o-ppdeg-pon-en-valor-o-cooperativismo-galego-un-ecosistema-solido-con-mais-de-2-000-entidades-activas\/#primaryimage","url":"https:\/\/ppdegalicia.com\/wp-content\/uploads\/2026\/05\/20260502-GPP_Cooperativa.jpeg","contentUrl":"https:\/\/ppdegalicia.com\/wp-content\/uploads\/2026\/05\/20260502-GPP_Cooperativa.jpeg","width":2040,"height":1530},{"@type":"BreadcrumbList","@id":"https:\/\/ppdegalicia.com\/es\/o-ppdeg-pon-en-valor-o-cooperativismo-galego-un-ecosistema-solido-con-mais-de-2-000-entidades-activas\/#breadcrumb","itemListElement":[{"@type":"ListItem","position":1,"name":"Portada","item":"https:\/\/ppdegalicia.com\/es\/"},{"@type":"ListItem","position":2,"name":"O PPdeG pon en valor o cooperativismo galego, un \u201cecosistema s\u00f3lido\u201d con m\u00e1is de 2.000 entidades activas"}]},{"@type":"WebSite","@id":"https:\/\/ppdegalicia.com\/es\/#website","url":"https:\/\/ppdegalicia.com\/es\/","name":"Partido Popular de Galicia","description":"Partido Popular de Galicia","publisher":{"@id":"https:\/\/ppdegalicia.com\/es\/#organization"},"alternateName":"PP de Galicia","potentialAction":[{"@type":"SearchAction","target":{"@type":"EntryPoint","urlTemplate":"https:\/\/ppdegalicia.com\/es\/?s={search_term_string}"},"query-input":{"@type":"PropertyValueSpecification","valueRequired":true,"valueName":"search_term_string"}}],"inLanguage":"es"},{"@type":"Organization","@id":"https:\/\/ppdegalicia.com\/es\/#organization","name":"Partido Popular de Galicia","alternateName":"PP de Galicia","url":"https:\/\/ppdegalicia.com\/es\/","logo":{"@type":"ImageObject","inLanguage":"es","@id":"https:\/\/ppdegalicia.com\/es\/#\/schema\/logo\/image\/","url":"https:\/\/ppdegalicia.com\/wp-content\/uploads\/2023\/04\/logoPP512.png","contentUrl":"https:\/\/ppdegalicia.com\/wp-content\/uploads\/2023\/04\/logoPP512.png","width":512,"height":512,"caption":"Partido Popular de Galicia"},"image":{"@id":"https:\/\/ppdegalicia.com\/es\/#\/schema\/logo\/image\/"},"sameAs":["https:\/\/www.instagram.com\/ppdegalicia\/","https:\/\/x.com\/ppdegalicia","https:\/\/www.tiktok.com\/@ppdegalicia","https:\/\/www.youtube.com\/user\/ppdegalicia"]},{"@type":"Person","@id":"https:\/\/ppdegalicia.com\/es\/#\/schema\/person\/5b822c6f59e872ebdd1142f307dbcb59","name":"ppdegaliciaredes","image":{"@type":"ImageObject","inLanguage":"es","@id":"https:\/\/secure.gravatar.com\/avatar\/3c9179cf0256d00c72a48d1f25783c58b6842cd56e85ef3a572881c8e28ccd59?s=96&d=mm&r=g","url":"https:\/\/secure.gravatar.com\/avatar\/3c9179cf0256d00c72a48d1f25783c58b6842cd56e85ef3a572881c8e28ccd59?s=96&d=mm&r=g","contentUrl":"https:\/\/secure.gravatar.com\/avatar\/3c9179cf0256d00c72a48d1f25783c58b6842cd56e85ef3a572881c8e28ccd59?s=96&d=mm&r=g","caption":"ppdegaliciaredes"},"url":"https:\/\/ppdegalicia.com\/es\/author\/ppdegaliciaredes\/"}]}},"_links":{"self":[{"href":"https:\/\/ppdegalicia.com\/es\/wp-json\/wp\/v2\/posts\/71106","targetHints":{"allow":["GET"]}}],"collection":[{"href":"https:\/\/ppdegalicia.com\/es\/wp-json\/wp\/v2\/posts"}],"about":[{"href":"https:\/\/ppdegalicia.com\/es\/wp-json\/wp\/v2\/types\/post"}],"author":[{"embeddable":true,"href":"https:\/\/ppdegalicia.com\/es\/wp-json\/wp\/v2\/users\/38"}],"replies":[{"embeddable":true,"href":"https:\/\/ppdegalicia.com\/es\/wp-json\/wp\/v2\/comments?post=71106"}],"version-history":[{"count":1,"href":"https:\/\/ppdegalicia.com\/es\/wp-json\/wp\/v2\/posts\/71106\/revisions"}],"predecessor-version":[{"id":71109,"href":"https:\/\/ppdegalicia.com\/es\/wp-json\/wp\/v2\/posts\/71106\/revisions\/71109"}],"wp:featuredmedia":[{"embeddable":true,"href":"https:\/\/ppdegalicia.com\/es\/wp-json\/wp\/v2\/media\/71107"}],"wp:attachment":[{"href":"https:\/\/ppdegalicia.com\/es\/wp-json\/wp\/v2\/media?parent=71106"}],"wp:term":[{"taxonomy":"category","embeddable":true,"href":"https:\/\/ppdegalicia.com\/es\/wp-json\/wp\/v2\/categories?post=71106"},{"taxonomy":"post_tag","embeddable":true,"href":"https:\/\/ppdegalicia.com\/es\/wp-json\/wp\/v2\/tags?post=71106"}],"curies":[{"name":"wp","href":"https:\/\/api.w.org\/{rel}","templated":true}]}}