{"id":72135,"date":"2026-09-01T12:22:40","date_gmt":"2026-09-01T10:22:40","guid":{"rendered":"https:\/\/ppdegalicia.com\/?p=72135"},"modified":"2026-09-01T12:22:40","modified_gmt":"2026-09-01T10:22:40","slug":"o-ppdeg-chama-aos-galegos-e-galegas-a-mobilizacion-simultanea-en-apoio-ao-pobo-ceuti-e-pola-defensa-da-soberania-nacional","status":"publish","type":"post","link":"https:\/\/ppdegalicia.com\/es\/o-ppdeg-chama-aos-galegos-e-galegas-a-mobilizacion-simultanea-en-apoio-ao-pobo-ceuti-e-pola-defensa-da-soberania-nacional\/","title":{"rendered":"O PPdeG chama aos galegos e galegas \u00e1 mobilizaci\u00f3n simult\u00e1nea en apoio ao pobo ceut\u00ed e pola defensa da soberan\u00eda nacional"},"content":{"rendered":"<p>O PPdeG fai un chamamento aos galegos e galegas a participar nas concentraci\u00f3ns simult\u00e1neas en apoio ao pobo ceut\u00ed, que se celebran ma\u00f1\u00e1 \u00e1s 20.00 horas diante dos concellos de Galicia. Os populares sinalan que esta mobilizaci\u00f3n se trata dunha mostra de \u201cuni\u00f3n, solidariedade e compromiso\u201d con Ceuta ante a crise migratoria actual que padecen estes compatriotas, tralos efectos da invasi\u00f3n que se produciu nos \u00faltimos d\u00edas de xullo.<\/p>\n<p>Os populares galegos defenden que estas mobilizaci\u00f3ns non son un asunto \u201cnin de esquerdas nin de dereitas\u201d, sen\u00f3n de apoio \u00e1 soberan\u00eda nacional e \u00e1 volta a normalidade no territorio espa\u00f1ol, amosando empat\u00eda con compatriotas que o est\u00e1n pasando mal fronte a un Goberno central sumido na \u201cabsoluta pasividade\u201d e no \u201cabandono\u201d do pobo ceut\u00ed.<\/p>\n<p>Para o PPdeG, a realidade \u00e9 que o PSOE de Pedro S\u00e1nchez provoca unha imaxe de \u201cpa\u00eds fallido\u201d, despois de asegurar que o problema estaba resolto aos dous d\u00edas da invasi\u00f3n, cando a realidade \u00e9 que un mes despois hai centos de persoas que seguen vagando polas r\u00faas de Ceuta, sen que o Goberno dea ningunha soluci\u00f3n. \u201cEste \u00e9 un Goberno experto en escorrer vultos pero incapaz de resolver problemas. Ceuta \u00e9 o espello do que ocorre desde hai anos en Espa\u00f1a\u201d, insisten os populares.<\/p>\n<p>Neste sentido, o PPdeG apela \u00e1 conciencia solidaria, se existe, dos dirixentes do PSOE. \u201cNon \u00e9 compatible defender os valores da socialdemocracia con encartarse \u00e1s necesidades ego\u00edstas do presidente do Goberno, negando o apoio a quen m\u00e1is o necesitan\u201d, apuntan os populares galegos. Fronte a isto, dende Galicia trasladan o seu apoio aos ceut\u00eds e ao presidente de Ceuta, Juan Jes\u00fas Vivas, que solicitou aos espa\u00f1ois que se mobilicen nestas concentraci\u00f3ns simult\u00e1neas por toda Espa\u00f1a, baixo o lema \u201cTodos con Ceuta\u201d.<\/p>\n","protected":false},"excerpt":{"rendered":"<p>O PPdeG fai un chamamento aos galegos e galegas a participar nas concentraci\u00f3ns simult\u00e1neas en apoio ao pobo ceut\u00ed, que se celebran ma\u00f1\u00e1 \u00e1s 20.00 horas diante dos concellos de Galicia. Os populares sinalan que esta mobilizaci\u00f3n se trata dunha mostra de \u201cuni\u00f3n, solidariedade e compromiso\u201d con Ceuta ante a crise migratoria actual que padecen [&hellip;]<\/p>\n","protected":false},"author":38,"featured_media":72136,"comment_status":"closed","ping_status":"open","sticky":false,"template":"","format":"standard","meta":{"_acf_changed":false,"footnotes":""},"categories":[1],"tags":[],"class_list":["post-72135","post","type-post","status-publish","format-standard","has-post-thumbnail","hentry","category-pp-de-galicia"],"acf":[],"yoast_head":"<!-- This site is optimized with the Yoast SEO plugin v27.3 - https:\/\/yoast.com\/product\/yoast-seo-wordpress\/ -->\n<title>O PPdeG chama aos galegos e galegas \u00e1 mobilizaci\u00f3n simult\u00e1nea en apoio ao pobo ceut\u00ed e pola defensa da soberan\u00eda nacional - PP de Galicia<\/title>\n<meta name=\"description\" content=\"O PPdeG fai un chamamento aos galegos e galegas a participar nas concentraci\u00f3ns simult\u00e1neas en apoio ao pobo ceut\u00ed, que se celebran ma\u00f1\u00e1 \u00e1s 20.00 horas diante dos concellos de Galicia. Os populares sinalan que esta mobilizaci\u00f3n se trata dunha mostra de \u201cuni\u00f3n, solidariedade e compromiso\u201d con Ceuta ante a crise migratoria actual que padecen estes compatriotas, tralos efectos da invasi\u00f3n que se produciu nos \u00faltimos d\u00edas de xullo.\" \/>\n<meta name=\"robots\" content=\"index, follow, max-snippet:-1, max-image-preview:large, max-video-preview:-1\" \/>\n<link rel=\"canonical\" href=\"https:\/\/ppdegalicia.com\/es\/o-ppdeg-chama-aos-galegos-e-galegas-a-mobilizacion-simultanea-en-apoio-ao-pobo-ceuti-e-pola-defensa-da-soberania-nacional\/\" \/>\n<meta property=\"og:locale\" content=\"es_ES\" \/>\n<meta property=\"og:type\" content=\"article\" \/>\n<meta property=\"og:title\" content=\"O PPdeG chama aos galegos e galegas \u00e1 mobilizaci\u00f3n simult\u00e1nea en apoio ao pobo ceut\u00ed e pola defensa da soberan\u00eda nacional - PP de Galicia\" \/>\n<meta property=\"og:description\" content=\"O PPdeG fai un chamamento aos galegos e galegas a participar nas concentraci\u00f3ns simult\u00e1neas en apoio ao pobo ceut\u00ed, que se celebran ma\u00f1\u00e1 \u00e1s 20.00 horas diante dos concellos de Galicia. Os populares sinalan que esta mobilizaci\u00f3n se trata dunha mostra de \u201cuni\u00f3n, solidariedade e compromiso\u201d con Ceuta ante a crise migratoria actual que padecen estes compatriotas, tralos efectos da invasi\u00f3n que se produciu nos \u00faltimos d\u00edas de xullo.\" \/>\n<meta property=\"og:url\" content=\"https:\/\/ppdegalicia.com\/es\/o-ppdeg-chama-aos-galegos-e-galegas-a-mobilizacion-simultanea-en-apoio-ao-pobo-ceuti-e-pola-defensa-da-soberania-nacional\/\" \/>\n<meta property=\"og:site_name\" content=\"PP de Galicia\" \/>\n<meta property=\"article:publisher\" content=\"https:\/\/www.instagram.com\/ppdegalicia\/\" \/>\n<meta property=\"article:published_time\" content=\"2026-09-01T10:22:40+00:00\" \/>\n<meta property=\"og:image\" content=\"https:\/\/ppdegalicia.com\/wp-content\/uploads\/2026\/09\/Galicia-lidera-horizontal-portada.jpg\" \/>\n\t<meta property=\"og:image:width\" content=\"1280\" \/>\n\t<meta property=\"og:image:height\" content=\"720\" \/>\n\t<meta property=\"og:image:type\" content=\"image\/jpeg\" \/>\n<meta name=\"author\" content=\"ppdegaliciaredes\" \/>\n<meta name=\"twitter:card\" content=\"summary_large_image\" \/>\n<meta name=\"twitter:creator\" content=\"@ppdegalicia\" \/>\n<meta name=\"twitter:site\" content=\"@ppdegalicia\" \/>\n<meta name=\"twitter:label1\" content=\"Escrito por\" \/>\n\t<meta name=\"twitter:data1\" content=\"ppdegaliciaredes\" \/>\n\t<meta name=\"twitter:label2\" content=\"Tiempo de lectura\" \/>\n\t<meta name=\"twitter:data2\" content=\"2 minutos\" \/>\n<script type=\"application\/ld+json\" class=\"yoast-schema-graph\">{\"@context\":\"https:\\\/\\\/schema.org\",\"@graph\":[{\"@type\":\"Article\",\"@id\":\"https:\\\/\\\/ppdegalicia.com\\\/es\\\/o-ppdeg-chama-aos-galegos-e-galegas-a-mobilizacion-simultanea-en-apoio-ao-pobo-ceuti-e-pola-defensa-da-soberania-nacional\\\/#article\",\"isPartOf\":{\"@id\":\"https:\\\/\\\/ppdegalicia.com\\\/es\\\/o-ppdeg-chama-aos-galegos-e-galegas-a-mobilizacion-simultanea-en-apoio-ao-pobo-ceuti-e-pola-defensa-da-soberania-nacional\\\/\"},\"author\":{\"name\":\"ppdegaliciaredes\",\"@id\":\"https:\\\/\\\/ppdegalicia.com\\\/es\\\/#\\\/schema\\\/person\\\/5b822c6f59e872ebdd1142f307dbcb59\"},\"headline\":\"O PPdeG chama aos galegos e galegas \u00e1 mobilizaci\u00f3n simult\u00e1nea en apoio ao pobo ceut\u00ed e pola defensa da soberan\u00eda nacional\",\"datePublished\":\"2026-09-01T10:22:40+00:00\",\"mainEntityOfPage\":{\"@id\":\"https:\\\/\\\/ppdegalicia.com\\\/es\\\/o-ppdeg-chama-aos-galegos-e-galegas-a-mobilizacion-simultanea-en-apoio-ao-pobo-ceuti-e-pola-defensa-da-soberania-nacional\\\/\"},\"wordCount\":331,\"publisher\":{\"@id\":\"https:\\\/\\\/ppdegalicia.com\\\/es\\\/#organization\"},\"image\":{\"@id\":\"https:\\\/\\\/ppdegalicia.com\\\/es\\\/o-ppdeg-chama-aos-galegos-e-galegas-a-mobilizacion-simultanea-en-apoio-ao-pobo-ceuti-e-pola-defensa-da-soberania-nacional\\\/#primaryimage\"},\"thumbnailUrl\":\"https:\\\/\\\/ppdegalicia.com\\\/wp-content\\\/uploads\\\/2026\\\/09\\\/Galicia-lidera-horizontal-portada.jpg\",\"articleSection\":[\"PP de Galicia\"],\"inLanguage\":\"es\"},{\"@type\":\"WebPage\",\"@id\":\"https:\\\/\\\/ppdegalicia.com\\\/es\\\/o-ppdeg-chama-aos-galegos-e-galegas-a-mobilizacion-simultanea-en-apoio-ao-pobo-ceuti-e-pola-defensa-da-soberania-nacional\\\/\",\"url\":\"https:\\\/\\\/ppdegalicia.com\\\/es\\\/o-ppdeg-chama-aos-galegos-e-galegas-a-mobilizacion-simultanea-en-apoio-ao-pobo-ceuti-e-pola-defensa-da-soberania-nacional\\\/\",\"name\":\"O PPdeG chama aos galegos e galegas \u00e1 mobilizaci\u00f3n simult\u00e1nea en apoio ao pobo ceut\u00ed e pola defensa da soberan\u00eda nacional - PP de Galicia\",\"isPartOf\":{\"@id\":\"https:\\\/\\\/ppdegalicia.com\\\/es\\\/#website\"},\"primaryImageOfPage\":{\"@id\":\"https:\\\/\\\/ppdegalicia.com\\\/es\\\/o-ppdeg-chama-aos-galegos-e-galegas-a-mobilizacion-simultanea-en-apoio-ao-pobo-ceuti-e-pola-defensa-da-soberania-nacional\\\/#primaryimage\"},\"image\":{\"@id\":\"https:\\\/\\\/ppdegalicia.com\\\/es\\\/o-ppdeg-chama-aos-galegos-e-galegas-a-mobilizacion-simultanea-en-apoio-ao-pobo-ceuti-e-pola-defensa-da-soberania-nacional\\\/#primaryimage\"},\"thumbnailUrl\":\"https:\\\/\\\/ppdegalicia.com\\\/wp-content\\\/uploads\\\/2026\\\/09\\\/Galicia-lidera-horizontal-portada.jpg\",\"datePublished\":\"2026-09-01T10:22:40+00:00\",\"description\":\"O PPdeG fai un chamamento aos galegos e galegas a participar nas concentraci\u00f3ns simult\u00e1neas en apoio ao pobo ceut\u00ed, que se celebran ma\u00f1\u00e1 \u00e1s 20.00 horas diante dos concellos de Galicia. Os populares sinalan que esta mobilizaci\u00f3n se trata dunha mostra de \u201cuni\u00f3n, solidariedade e compromiso\u201d con Ceuta ante a crise migratoria actual que padecen estes compatriotas, tralos efectos da invasi\u00f3n que se produciu nos \u00faltimos d\u00edas de xullo.\",\"breadcrumb\":{\"@id\":\"https:\\\/\\\/ppdegalicia.com\\\/es\\\/o-ppdeg-chama-aos-galegos-e-galegas-a-mobilizacion-simultanea-en-apoio-ao-pobo-ceuti-e-pola-defensa-da-soberania-nacional\\\/#breadcrumb\"},\"inLanguage\":\"es\",\"potentialAction\":[{\"@type\":\"ReadAction\",\"target\":[\"https:\\\/\\\/ppdegalicia.com\\\/es\\\/o-ppdeg-chama-aos-galegos-e-galegas-a-mobilizacion-simultanea-en-apoio-ao-pobo-ceuti-e-pola-defensa-da-soberania-nacional\\\/\"]}]},{\"@type\":\"ImageObject\",\"inLanguage\":\"es\",\"@id\":\"https:\\\/\\\/ppdegalicia.com\\\/es\\\/o-ppdeg-chama-aos-galegos-e-galegas-a-mobilizacion-simultanea-en-apoio-ao-pobo-ceuti-e-pola-defensa-da-soberania-nacional\\\/#primaryimage\",\"url\":\"https:\\\/\\\/ppdegalicia.com\\\/wp-content\\\/uploads\\\/2026\\\/09\\\/Galicia-lidera-horizontal-portada.jpg\",\"contentUrl\":\"https:\\\/\\\/ppdegalicia.com\\\/wp-content\\\/uploads\\\/2026\\\/09\\\/Galicia-lidera-horizontal-portada.jpg\",\"width\":1280,\"height\":720},{\"@type\":\"BreadcrumbList\",\"@id\":\"https:\\\/\\\/ppdegalicia.com\\\/es\\\/o-ppdeg-chama-aos-galegos-e-galegas-a-mobilizacion-simultanea-en-apoio-ao-pobo-ceuti-e-pola-defensa-da-soberania-nacional\\\/#breadcrumb\",\"itemListElement\":[{\"@type\":\"ListItem\",\"position\":1,\"name\":\"Portada\",\"item\":\"https:\\\/\\\/ppdegalicia.com\\\/es\\\/\"},{\"@type\":\"ListItem\",\"position\":2,\"name\":\"O PPdeG chama aos galegos e galegas \u00e1 mobilizaci\u00f3n simult\u00e1nea en apoio ao pobo ceut\u00ed e pola defensa da soberan\u00eda nacional\"}]},{\"@type\":\"WebSite\",\"@id\":\"https:\\\/\\\/ppdegalicia.com\\\/es\\\/#website\",\"url\":\"https:\\\/\\\/ppdegalicia.com\\\/es\\\/\",\"name\":\"Partido Popular de Galicia\",\"description\":\"Partido Popular de Galicia\",\"publisher\":{\"@id\":\"https:\\\/\\\/ppdegalicia.com\\\/es\\\/#organization\"},\"alternateName\":\"PP de Galicia\",\"potentialAction\":[{\"@type\":\"SearchAction\",\"target\":{\"@type\":\"EntryPoint\",\"urlTemplate\":\"https:\\\/\\\/ppdegalicia.com\\\/es\\\/?s={search_term_string}\"},\"query-input\":{\"@type\":\"PropertyValueSpecification\",\"valueRequired\":true,\"valueName\":\"search_term_string\"}}],\"inLanguage\":\"es\"},{\"@type\":\"Organization\",\"@id\":\"https:\\\/\\\/ppdegalicia.com\\\/es\\\/#organization\",\"name\":\"Partido Popular de Galicia\",\"alternateName\":\"PP de Galicia\",\"url\":\"https:\\\/\\\/ppdegalicia.com\\\/es\\\/\",\"logo\":{\"@type\":\"ImageObject\",\"inLanguage\":\"es\",\"@id\":\"https:\\\/\\\/ppdegalicia.com\\\/es\\\/#\\\/schema\\\/logo\\\/image\\\/\",\"url\":\"https:\\\/\\\/ppdegalicia.com\\\/wp-content\\\/uploads\\\/2023\\\/04\\\/logoPP512.png\",\"contentUrl\":\"https:\\\/\\\/ppdegalicia.com\\\/wp-content\\\/uploads\\\/2023\\\/04\\\/logoPP512.png\",\"width\":512,\"height\":512,\"caption\":\"Partido Popular de Galicia\"},\"image\":{\"@id\":\"https:\\\/\\\/ppdegalicia.com\\\/es\\\/#\\\/schema\\\/logo\\\/image\\\/\"},\"sameAs\":[\"https:\\\/\\\/www.instagram.com\\\/ppdegalicia\\\/\",\"https:\\\/\\\/x.com\\\/ppdegalicia\",\"https:\\\/\\\/www.tiktok.com\\\/@ppdegalicia\",\"https:\\\/\\\/www.youtube.com\\\/user\\\/ppdegalicia\"]},{\"@type\":\"Person\",\"@id\":\"https:\\\/\\\/ppdegalicia.com\\\/es\\\/#\\\/schema\\\/person\\\/5b822c6f59e872ebdd1142f307dbcb59\",\"name\":\"ppdegaliciaredes\",\"image\":{\"@type\":\"ImageObject\",\"inLanguage\":\"es\",\"@id\":\"https:\\\/\\\/secure.gravatar.com\\\/avatar\\\/3c9179cf0256d00c72a48d1f25783c58b6842cd56e85ef3a572881c8e28ccd59?s=96&d=mm&r=g\",\"url\":\"https:\\\/\\\/secure.gravatar.com\\\/avatar\\\/3c9179cf0256d00c72a48d1f25783c58b6842cd56e85ef3a572881c8e28ccd59?s=96&d=mm&r=g\",\"contentUrl\":\"https:\\\/\\\/secure.gravatar.com\\\/avatar\\\/3c9179cf0256d00c72a48d1f25783c58b6842cd56e85ef3a572881c8e28ccd59?s=96&d=mm&r=g\",\"caption\":\"ppdegaliciaredes\"},\"url\":\"https:\\\/\\\/ppdegalicia.com\\\/es\\\/author\\\/ppdegaliciaredes\\\/\"}]}<\/script>\n<!-- \/ Yoast SEO plugin. -->","yoast_head_json":{"title":"O PPdeG chama aos galegos e galegas \u00e1 mobilizaci\u00f3n simult\u00e1nea en apoio ao pobo ceut\u00ed e pola defensa da soberan\u00eda nacional - PP de Galicia","description":"O PPdeG fai un chamamento aos galegos e galegas a participar nas concentraci\u00f3ns simult\u00e1neas en apoio ao pobo ceut\u00ed, que se celebran ma\u00f1\u00e1 \u00e1s 20.00 horas diante dos concellos de Galicia. Os populares sinalan que esta mobilizaci\u00f3n se trata dunha mostra de \u201cuni\u00f3n, solidariedade e compromiso\u201d con Ceuta ante a crise migratoria actual que padecen estes compatriotas, tralos efectos da invasi\u00f3n que se produciu nos \u00faltimos d\u00edas de xullo.","robots":{"index":"index","follow":"follow","max-snippet":"max-snippet:-1","max-image-preview":"max-image-preview:large","max-video-preview":"max-video-preview:-1"},"canonical":"https:\/\/ppdegalicia.com\/es\/o-ppdeg-chama-aos-galegos-e-galegas-a-mobilizacion-simultanea-en-apoio-ao-pobo-ceuti-e-pola-defensa-da-soberania-nacional\/","og_locale":"es_ES","og_type":"article","og_title":"O PPdeG chama aos galegos e galegas \u00e1 mobilizaci\u00f3n simult\u00e1nea en apoio ao pobo ceut\u00ed e pola defensa da soberan\u00eda nacional - PP de Galicia","og_description":"O PPdeG fai un chamamento aos galegos e galegas a participar nas concentraci\u00f3ns simult\u00e1neas en apoio ao pobo ceut\u00ed, que se celebran ma\u00f1\u00e1 \u00e1s 20.00 horas diante dos concellos de Galicia. Os populares sinalan que esta mobilizaci\u00f3n se trata dunha mostra de \u201cuni\u00f3n, solidariedade e compromiso\u201d con Ceuta ante a crise migratoria actual que padecen estes compatriotas, tralos efectos da invasi\u00f3n que se produciu nos \u00faltimos d\u00edas de xullo.","og_url":"https:\/\/ppdegalicia.com\/es\/o-ppdeg-chama-aos-galegos-e-galegas-a-mobilizacion-simultanea-en-apoio-ao-pobo-ceuti-e-pola-defensa-da-soberania-nacional\/","og_site_name":"PP de Galicia","article_publisher":"https:\/\/www.instagram.com\/ppdegalicia\/","article_published_time":"2026-09-01T10:22:40+00:00","og_image":[{"width":1280,"height":720,"url":"https:\/\/ppdegalicia.com\/wp-content\/uploads\/2026\/09\/Galicia-lidera-horizontal-portada.jpg","type":"image\/jpeg"}],"author":"ppdegaliciaredes","twitter_card":"summary_large_image","twitter_creator":"@ppdegalicia","twitter_site":"@ppdegalicia","twitter_misc":{"Escrito por":"ppdegaliciaredes","Tiempo de lectura":"2 minutos"},"schema":{"@context":"https:\/\/schema.org","@graph":[{"@type":"Article","@id":"https:\/\/ppdegalicia.com\/es\/o-ppdeg-chama-aos-galegos-e-galegas-a-mobilizacion-simultanea-en-apoio-ao-pobo-ceuti-e-pola-defensa-da-soberania-nacional\/#article","isPartOf":{"@id":"https:\/\/ppdegalicia.com\/es\/o-ppdeg-chama-aos-galegos-e-galegas-a-mobilizacion-simultanea-en-apoio-ao-pobo-ceuti-e-pola-defensa-da-soberania-nacional\/"},"author":{"name":"ppdegaliciaredes","@id":"https:\/\/ppdegalicia.com\/es\/#\/schema\/person\/5b822c6f59e872ebdd1142f307dbcb59"},"headline":"O PPdeG chama aos galegos e galegas \u00e1 mobilizaci\u00f3n simult\u00e1nea en apoio ao pobo ceut\u00ed e pola defensa da soberan\u00eda nacional","datePublished":"2026-09-01T10:22:40+00:00","mainEntityOfPage":{"@id":"https:\/\/ppdegalicia.com\/es\/o-ppdeg-chama-aos-galegos-e-galegas-a-mobilizacion-simultanea-en-apoio-ao-pobo-ceuti-e-pola-defensa-da-soberania-nacional\/"},"wordCount":331,"publisher":{"@id":"https:\/\/ppdegalicia.com\/es\/#organization"},"image":{"@id":"https:\/\/ppdegalicia.com\/es\/o-ppdeg-chama-aos-galegos-e-galegas-a-mobilizacion-simultanea-en-apoio-ao-pobo-ceuti-e-pola-defensa-da-soberania-nacional\/#primaryimage"},"thumbnailUrl":"https:\/\/ppdegalicia.com\/wp-content\/uploads\/2026\/09\/Galicia-lidera-horizontal-portada.jpg","articleSection":["PP de Galicia"],"inLanguage":"es"},{"@type":"WebPage","@id":"https:\/\/ppdegalicia.com\/es\/o-ppdeg-chama-aos-galegos-e-galegas-a-mobilizacion-simultanea-en-apoio-ao-pobo-ceuti-e-pola-defensa-da-soberania-nacional\/","url":"https:\/\/ppdegalicia.com\/es\/o-ppdeg-chama-aos-galegos-e-galegas-a-mobilizacion-simultanea-en-apoio-ao-pobo-ceuti-e-pola-defensa-da-soberania-nacional\/","name":"O PPdeG chama aos galegos e galegas \u00e1 mobilizaci\u00f3n simult\u00e1nea en apoio ao pobo ceut\u00ed e pola defensa da soberan\u00eda nacional - PP de Galicia","isPartOf":{"@id":"https:\/\/ppdegalicia.com\/es\/#website"},"primaryImageOfPage":{"@id":"https:\/\/ppdegalicia.com\/es\/o-ppdeg-chama-aos-galegos-e-galegas-a-mobilizacion-simultanea-en-apoio-ao-pobo-ceuti-e-pola-defensa-da-soberania-nacional\/#primaryimage"},"image":{"@id":"https:\/\/ppdegalicia.com\/es\/o-ppdeg-chama-aos-galegos-e-galegas-a-mobilizacion-simultanea-en-apoio-ao-pobo-ceuti-e-pola-defensa-da-soberania-nacional\/#primaryimage"},"thumbnailUrl":"https:\/\/ppdegalicia.com\/wp-content\/uploads\/2026\/09\/Galicia-lidera-horizontal-portada.jpg","datePublished":"2026-09-01T10:22:40+00:00","description":"O PPdeG fai un chamamento aos galegos e galegas a participar nas concentraci\u00f3ns simult\u00e1neas en apoio ao pobo ceut\u00ed, que se celebran ma\u00f1\u00e1 \u00e1s 20.00 horas diante dos concellos de Galicia. Os populares sinalan que esta mobilizaci\u00f3n se trata dunha mostra de \u201cuni\u00f3n, solidariedade e compromiso\u201d con Ceuta ante a crise migratoria actual que padecen estes compatriotas, tralos efectos da invasi\u00f3n que se produciu nos \u00faltimos d\u00edas de xullo.","breadcrumb":{"@id":"https:\/\/ppdegalicia.com\/es\/o-ppdeg-chama-aos-galegos-e-galegas-a-mobilizacion-simultanea-en-apoio-ao-pobo-ceuti-e-pola-defensa-da-soberania-nacional\/#breadcrumb"},"inLanguage":"es","potentialAction":[{"@type":"ReadAction","target":["https:\/\/ppdegalicia.com\/es\/o-ppdeg-chama-aos-galegos-e-galegas-a-mobilizacion-simultanea-en-apoio-ao-pobo-ceuti-e-pola-defensa-da-soberania-nacional\/"]}]},{"@type":"ImageObject","inLanguage":"es","@id":"https:\/\/ppdegalicia.com\/es\/o-ppdeg-chama-aos-galegos-e-galegas-a-mobilizacion-simultanea-en-apoio-ao-pobo-ceuti-e-pola-defensa-da-soberania-nacional\/#primaryimage","url":"https:\/\/ppdegalicia.com\/wp-content\/uploads\/2026\/09\/Galicia-lidera-horizontal-portada.jpg","contentUrl":"https:\/\/ppdegalicia.com\/wp-content\/uploads\/2026\/09\/Galicia-lidera-horizontal-portada.jpg","width":1280,"height":720},{"@type":"BreadcrumbList","@id":"https:\/\/ppdegalicia.com\/es\/o-ppdeg-chama-aos-galegos-e-galegas-a-mobilizacion-simultanea-en-apoio-ao-pobo-ceuti-e-pola-defensa-da-soberania-nacional\/#breadcrumb","itemListElement":[{"@type":"ListItem","position":1,"name":"Portada","item":"https:\/\/ppdegalicia.com\/es\/"},{"@type":"ListItem","position":2,"name":"O PPdeG chama aos galegos e galegas \u00e1 mobilizaci\u00f3n simult\u00e1nea en apoio ao pobo ceut\u00ed e pola defensa da soberan\u00eda nacional"}]},{"@type":"WebSite","@id":"https:\/\/ppdegalicia.com\/es\/#website","url":"https:\/\/ppdegalicia.com\/es\/","name":"Partido Popular de Galicia","description":"Partido Popular de Galicia","publisher":{"@id":"https:\/\/ppdegalicia.com\/es\/#organization"},"alternateName":"PP de Galicia","potentialAction":[{"@type":"SearchAction","target":{"@type":"EntryPoint","urlTemplate":"https:\/\/ppdegalicia.com\/es\/?s={search_term_string}"},"query-input":{"@type":"PropertyValueSpecification","valueRequired":true,"valueName":"search_term_string"}}],"inLanguage":"es"},{"@type":"Organization","@id":"https:\/\/ppdegalicia.com\/es\/#organization","name":"Partido Popular de Galicia","alternateName":"PP de Galicia","url":"https:\/\/ppdegalicia.com\/es\/","logo":{"@type":"ImageObject","inLanguage":"es","@id":"https:\/\/ppdegalicia.com\/es\/#\/schema\/logo\/image\/","url":"https:\/\/ppdegalicia.com\/wp-content\/uploads\/2023\/04\/logoPP512.png","contentUrl":"https:\/\/ppdegalicia.com\/wp-content\/uploads\/2023\/04\/logoPP512.png","width":512,"height":512,"caption":"Partido Popular de Galicia"},"image":{"@id":"https:\/\/ppdegalicia.com\/es\/#\/schema\/logo\/image\/"},"sameAs":["https:\/\/www.instagram.com\/ppdegalicia\/","https:\/\/x.com\/ppdegalicia","https:\/\/www.tiktok.com\/@ppdegalicia","https:\/\/www.youtube.com\/user\/ppdegalicia"]},{"@type":"Person","@id":"https:\/\/ppdegalicia.com\/es\/#\/schema\/person\/5b822c6f59e872ebdd1142f307dbcb59","name":"ppdegaliciaredes","image":{"@type":"ImageObject","inLanguage":"es","@id":"https:\/\/secure.gravatar.com\/avatar\/3c9179cf0256d00c72a48d1f25783c58b6842cd56e85ef3a572881c8e28ccd59?s=96&d=mm&r=g","url":"https:\/\/secure.gravatar.com\/avatar\/3c9179cf0256d00c72a48d1f25783c58b6842cd56e85ef3a572881c8e28ccd59?s=96&d=mm&r=g","contentUrl":"https:\/\/secure.gravatar.com\/avatar\/3c9179cf0256d00c72a48d1f25783c58b6842cd56e85ef3a572881c8e28ccd59?s=96&d=mm&r=g","caption":"ppdegaliciaredes"},"url":"https:\/\/ppdegalicia.com\/es\/author\/ppdegaliciaredes\/"}]}},"_links":{"self":[{"href":"https:\/\/ppdegalicia.com\/es\/wp-json\/wp\/v2\/posts\/72135","targetHints":{"allow":["GET"]}}],"collection":[{"href":"https:\/\/ppdegalicia.com\/es\/wp-json\/wp\/v2\/posts"}],"about":[{"href":"https:\/\/ppdegalicia.com\/es\/wp-json\/wp\/v2\/types\/post"}],"author":[{"embeddable":true,"href":"https:\/\/ppdegalicia.com\/es\/wp-json\/wp\/v2\/users\/38"}],"replies":[{"embeddable":true,"href":"https:\/\/ppdegalicia.com\/es\/wp-json\/wp\/v2\/comments?post=72135"}],"version-history":[{"count":1,"href":"https:\/\/ppdegalicia.com\/es\/wp-json\/wp\/v2\/posts\/72135\/revisions"}],"predecessor-version":[{"id":72138,"href":"https:\/\/ppdegalicia.com\/es\/wp-json\/wp\/v2\/posts\/72135\/revisions\/72138"}],"wp:featuredmedia":[{"embeddable":true,"href":"https:\/\/ppdegalicia.com\/es\/wp-json\/wp\/v2\/media\/72136"}],"wp:attachment":[{"href":"https:\/\/ppdegalicia.com\/es\/wp-json\/wp\/v2\/media?parent=72135"}],"wp:term":[{"taxonomy":"category","embeddable":true,"href":"https:\/\/ppdegalicia.com\/es\/wp-json\/wp\/v2\/categories?post=72135"},{"taxonomy":"post_tag","embeddable":true,"href":"https:\/\/ppdegalicia.com\/es\/wp-json\/wp\/v2\/tags?post=72135"}],"curies":[{"name":"wp","href":"https:\/\/api.w.org\/{rel}","templated":true}]}}