{"id":72139,"date":"2026-09-01T17:55:47","date_gmt":"2026-09-01T15:55:47","guid":{"rendered":"https:\/\/ppdegalicia.com\/?p=72139"},"modified":"2026-09-01T17:55:47","modified_gmt":"2026-09-01T15:55:47","slug":"o-ppdeg-esixe-aumentar-os-fondos-para-a-atencion-dos-menores-migrantes-non-acompanados-ante-un-recorte-do-82-polo-goberno-central","status":"publish","type":"post","link":"https:\/\/ppdegalicia.com\/es\/o-ppdeg-esixe-aumentar-os-fondos-para-a-atencion-dos-menores-migrantes-non-acompanados-ante-un-recorte-do-82-polo-goberno-central\/","title":{"rendered":"O PPdeG esixe aumentar os fondos para a atenci\u00f3n dos menores migrantes non acompa\u00f1ados ante un recorte do 82 % polo Goberno central"},"content":{"rendered":"<p>O portavoz do Grupo Parlamentario Popular, Alberto Pazos, denunciou hoxe, o recorte dun 82 % nos fondos asignados polo Goberno central a Galicia para a atenci\u00f3n dos menores migrantes non acompa\u00f1ados.<\/p>\n<p>Neste senso, e tal e como censurou, os 740.000 euros consignados para este 2026 son \u201cunha cantidade insuficiente\u201d, ao non alcanzar \u201cnin sequera o 5 % do custo real que sup\u00f3n atender a estes menores baixo a tutela da nosa Comunidade\u201d. \u201cGalicia ten que asumir con recursos propios \u2013engadiu- a pr\u00e1ctica totalidade do esforzo econ\u00f3mico para garantir a protecci\u00f3n, a escolarizaci\u00f3n, a atenci\u00f3n sanitaria e a integraci\u00f3n social que estes menores precisan e merecen\u201d.<\/p>\n<p>O portavoz popular criticou a constante pol\u00edtica de improvisaci\u00f3n e de falta de informaci\u00f3n do Executivo central. Tras incidir no compromiso de Galicia coa protecci\u00f3n da infancia, considerou \u201cinaceptable\u201d que o Goberno de Pedro S\u00e1nchez descargue sobre as Comunidades o custo de decisi\u00f3ns que son da s\u00faa competencia \u201csen ningunha coordinaci\u00f3n e sen ningunha lealdade institucional\u201d. Por todo isto, os populares, a trav\u00e9s dunha proposici\u00f3n non de lei, ve\u00f1en de reclamar o incremento \u201cde forma inmediata\u201d da achega econ\u00f3mica a Galicia, as\u00ed como tam\u00e9n unha planificaci\u00f3n efectiva e transparente.<\/p>\n<p><strong>UNHA NOVA PROPOSTA DO ESTATUTO MARCO<\/strong><br \/>\nAsemade, o portavoz popular referiuse \u00e1 urxente necesidade de abordar, de forma consensuada con todos os axentes implicados, a reforma do Estatuto Marco do persoal sanitario. Neste punto, recordou que a actual proposta formulada de forma unilateral e de costas \u00e1s Comunidades polo Goberno central \u201cfoi rexeitada\u201d polos representantes dos profesionais, o que derivou, ao longo deste \u00faltimo ano, en mobilizaci\u00f3ns nas r\u00faas e en varias folgas xerais.<\/p>\n<p>Para Pazos, urxe iniciar de cero unha nova proposta de renovaci\u00f3n que conte coas memorias t\u00e9cnicas, xur\u00eddicas e econ\u00f3micas que permitan fundamentar cada modificaci\u00f3n do Estatuto Marco vixente e que ve\u00f1a acompa\u00f1ada dun financiamento realista que asegure unha aplicaci\u00f3n efectiva.<\/p>\n<p><strong>OS AGRAVIOS DO GOBERNO CENTRAL A GALICIA<\/strong><br \/>\nPor outra banda, e a trav\u00e9s dunha pregunta oral con car\u00e1cter de urxencia, o Grupo Popular interesarase pola vindeira xuntanza do Consello de Pol\u00edtica Fiscal e Financeira \u2013que ter\u00e1 lugar esta mesma semana-. Tal e como sinalou o portavoz popular, \u201cest\u00e1 en xogo o futuro econ\u00f3mico da nosa Comunidade\u201d, debido aos intentos do Goberno central por impo\u00f1er un novo modelo de financiamento auton\u00f3mico que rache coa equidade territorial.<\/p>\n<p>Do mesmo xeito, os populares preguntar\u00e1n pola modificaci\u00f3n da lexislaci\u00f3n de costas que o Executivo central pretende, tam\u00e9n, levar a cabo de forma unilateral e que sup\u00f3n un novo ataque ao litoral galego. O Executivo pretende alterar o criterio t\u00e9cnico para delimitar o dominio p\u00fablico mar\u00edtimo-terrestre, eliminando a esixencia actual de recorrencia das ondas e substitu\u00edndoa polo rexistro dunha m\u00e1xima onda nun momento concreto.<\/p>\n<p>A \u00faltima das preguntas orais versar\u00e1 sobre a transferencia da AP-9 e o Ditame aprobado no Congreso dos Deputados respecto \u00e1 Proposici\u00f3n de Lei Org\u00e1nica de transferencia da autoestrada. Neste punto, insistiu en volver ao texto orixinal, o aprobado pro unanimidade na C\u00e1mara galega e o \u201c\u00fanico que defende os intereses de Galicia\u201d. Neste punto, pediu a nacionalistas e socialistas \u201clealdade aos seus propios compromisos e decisi\u00f3ns\u201d e ao texto que apoiaron no Parlamento.<\/p>\n<p>Por \u00faltimo, Pazos avanzou a comparecencia, a petici\u00f3n propia, do conselleiro de Educaci\u00f3n, Ciencia, Universidades e Formaci\u00f3n Profesional para informar do inicio de curso escolar.<\/p>\n","protected":false},"excerpt":{"rendered":"<p>O portavoz do Grupo Parlamentario Popular, Alberto Pazos, denunciou hoxe, o recorte dun 82 % nos fondos asignados polo Goberno central a Galicia para a atenci\u00f3n dos menores migrantes non acompa\u00f1ados. Neste senso, e tal e como censurou, os 740.000 euros consignados para este 2026 son \u201cunha cantidade insuficiente\u201d, ao non alcanzar \u201cnin sequera o [&hellip;]<\/p>\n","protected":false},"author":38,"featured_media":72140,"comment_status":"closed","ping_status":"open","sticky":false,"template":"","format":"standard","meta":{"_acf_changed":false,"footnotes":""},"categories":[1128],"tags":[],"class_list":["post-72139","post","type-post","status-publish","format-standard","has-post-thumbnail","hentry","category-actualidad-parlamento-de-galicia"],"acf":[],"yoast_head":"<!-- This site is optimized with the Yoast SEO plugin v27.3 - https:\/\/yoast.com\/product\/yoast-seo-wordpress\/ -->\n<title>O PPdeG esixe aumentar os fondos para a atenci\u00f3n dos menores migrantes non acompa\u00f1ados ante un recorte do 82 % polo Goberno central - PP de Galicia<\/title>\n<meta name=\"description\" content=\"O portavoz do Grupo Parlamentario Popular, Alberto Pazos, denunciou hoxe, o recorte dun 82 % nos fondos asignados polo Goberno central a Galicia para a atenci\u00f3n dos menores migrantes non acompa\u00f1ados.\" \/>\n<meta name=\"robots\" content=\"index, follow, max-snippet:-1, max-image-preview:large, max-video-preview:-1\" \/>\n<link rel=\"canonical\" href=\"https:\/\/ppdegalicia.com\/es\/o-ppdeg-esixe-aumentar-os-fondos-para-a-atencion-dos-menores-migrantes-non-acompanados-ante-un-recorte-do-82-polo-goberno-central\/\" \/>\n<meta property=\"og:locale\" content=\"es_ES\" \/>\n<meta property=\"og:type\" content=\"article\" \/>\n<meta property=\"og:title\" content=\"O PPdeG esixe aumentar os fondos para a atenci\u00f3n dos menores migrantes non acompa\u00f1ados ante un recorte do 82 % polo Goberno central - PP de Galicia\" \/>\n<meta property=\"og:description\" content=\"O portavoz do Grupo Parlamentario Popular, Alberto Pazos, denunciou hoxe, o recorte dun 82 % nos fondos asignados polo Goberno central a Galicia para a atenci\u00f3n dos menores migrantes non acompa\u00f1ados.\" \/>\n<meta property=\"og:url\" content=\"https:\/\/ppdegalicia.com\/es\/o-ppdeg-esixe-aumentar-os-fondos-para-a-atencion-dos-menores-migrantes-non-acompanados-ante-un-recorte-do-82-polo-goberno-central\/\" \/>\n<meta property=\"og:site_name\" content=\"PP de Galicia\" \/>\n<meta property=\"article:publisher\" content=\"https:\/\/www.instagram.com\/ppdegalicia\/\" \/>\n<meta property=\"article:published_time\" content=\"2026-09-01T15:55:47+00:00\" \/>\n<meta property=\"og:image\" content=\"https:\/\/ppdegalicia.com\/wp-content\/uploads\/2026\/09\/20260901_APazos_rdp-scaled.jpg\" \/>\n\t<meta property=\"og:image:width\" content=\"2560\" \/>\n\t<meta property=\"og:image:height\" content=\"1707\" \/>\n\t<meta property=\"og:image:type\" content=\"image\/jpeg\" \/>\n<meta name=\"author\" content=\"ppdegaliciaredes\" \/>\n<meta name=\"twitter:card\" content=\"summary_large_image\" \/>\n<meta name=\"twitter:creator\" content=\"@ppdegalicia\" \/>\n<meta name=\"twitter:site\" content=\"@ppdegalicia\" \/>\n<meta name=\"twitter:label1\" content=\"Escrito por\" \/>\n\t<meta name=\"twitter:data1\" content=\"ppdegaliciaredes\" \/>\n\t<meta name=\"twitter:label2\" content=\"Tiempo de lectura\" \/>\n\t<meta name=\"twitter:data2\" content=\"4 minutos\" \/>\n<script type=\"application\/ld+json\" class=\"yoast-schema-graph\">{\"@context\":\"https:\\\/\\\/schema.org\",\"@graph\":[{\"@type\":\"Article\",\"@id\":\"https:\\\/\\\/ppdegalicia.com\\\/es\\\/o-ppdeg-esixe-aumentar-os-fondos-para-a-atencion-dos-menores-migrantes-non-acompanados-ante-un-recorte-do-82-polo-goberno-central\\\/#article\",\"isPartOf\":{\"@id\":\"https:\\\/\\\/ppdegalicia.com\\\/es\\\/o-ppdeg-esixe-aumentar-os-fondos-para-a-atencion-dos-menores-migrantes-non-acompanados-ante-un-recorte-do-82-polo-goberno-central\\\/\"},\"author\":{\"name\":\"ppdegaliciaredes\",\"@id\":\"https:\\\/\\\/ppdegalicia.com\\\/es\\\/#\\\/schema\\\/person\\\/5b822c6f59e872ebdd1142f307dbcb59\"},\"headline\":\"O PPdeG esixe aumentar os fondos para a atenci\u00f3n dos menores migrantes non acompa\u00f1ados ante un recorte do 82 % polo Goberno central\",\"datePublished\":\"2026-09-01T15:55:47+00:00\",\"mainEntityOfPage\":{\"@id\":\"https:\\\/\\\/ppdegalicia.com\\\/es\\\/o-ppdeg-esixe-aumentar-os-fondos-para-a-atencion-dos-menores-migrantes-non-acompanados-ante-un-recorte-do-82-polo-goberno-central\\\/\"},\"wordCount\":617,\"publisher\":{\"@id\":\"https:\\\/\\\/ppdegalicia.com\\\/es\\\/#organization\"},\"image\":{\"@id\":\"https:\\\/\\\/ppdegalicia.com\\\/es\\\/o-ppdeg-esixe-aumentar-os-fondos-para-a-atencion-dos-menores-migrantes-non-acompanados-ante-un-recorte-do-82-polo-goberno-central\\\/#primaryimage\"},\"thumbnailUrl\":\"https:\\\/\\\/ppdegalicia.com\\\/wp-content\\\/uploads\\\/2026\\\/09\\\/20260901_APazos_rdp-scaled.jpg\",\"articleSection\":[\"Parlamento de Galicia\"],\"inLanguage\":\"es\"},{\"@type\":\"WebPage\",\"@id\":\"https:\\\/\\\/ppdegalicia.com\\\/es\\\/o-ppdeg-esixe-aumentar-os-fondos-para-a-atencion-dos-menores-migrantes-non-acompanados-ante-un-recorte-do-82-polo-goberno-central\\\/\",\"url\":\"https:\\\/\\\/ppdegalicia.com\\\/es\\\/o-ppdeg-esixe-aumentar-os-fondos-para-a-atencion-dos-menores-migrantes-non-acompanados-ante-un-recorte-do-82-polo-goberno-central\\\/\",\"name\":\"O PPdeG esixe aumentar os fondos para a atenci\u00f3n dos menores migrantes non acompa\u00f1ados ante un recorte do 82 % polo Goberno central - PP de Galicia\",\"isPartOf\":{\"@id\":\"https:\\\/\\\/ppdegalicia.com\\\/es\\\/#website\"},\"primaryImageOfPage\":{\"@id\":\"https:\\\/\\\/ppdegalicia.com\\\/es\\\/o-ppdeg-esixe-aumentar-os-fondos-para-a-atencion-dos-menores-migrantes-non-acompanados-ante-un-recorte-do-82-polo-goberno-central\\\/#primaryimage\"},\"image\":{\"@id\":\"https:\\\/\\\/ppdegalicia.com\\\/es\\\/o-ppdeg-esixe-aumentar-os-fondos-para-a-atencion-dos-menores-migrantes-non-acompanados-ante-un-recorte-do-82-polo-goberno-central\\\/#primaryimage\"},\"thumbnailUrl\":\"https:\\\/\\\/ppdegalicia.com\\\/wp-content\\\/uploads\\\/2026\\\/09\\\/20260901_APazos_rdp-scaled.jpg\",\"datePublished\":\"2026-09-01T15:55:47+00:00\",\"description\":\"O portavoz do Grupo Parlamentario Popular, Alberto Pazos, denunciou hoxe, o recorte dun 82 % nos fondos asignados polo Goberno central a Galicia para a atenci\u00f3n dos menores migrantes non acompa\u00f1ados.\",\"breadcrumb\":{\"@id\":\"https:\\\/\\\/ppdegalicia.com\\\/es\\\/o-ppdeg-esixe-aumentar-os-fondos-para-a-atencion-dos-menores-migrantes-non-acompanados-ante-un-recorte-do-82-polo-goberno-central\\\/#breadcrumb\"},\"inLanguage\":\"es\",\"potentialAction\":[{\"@type\":\"ReadAction\",\"target\":[\"https:\\\/\\\/ppdegalicia.com\\\/es\\\/o-ppdeg-esixe-aumentar-os-fondos-para-a-atencion-dos-menores-migrantes-non-acompanados-ante-un-recorte-do-82-polo-goberno-central\\\/\"]}]},{\"@type\":\"ImageObject\",\"inLanguage\":\"es\",\"@id\":\"https:\\\/\\\/ppdegalicia.com\\\/es\\\/o-ppdeg-esixe-aumentar-os-fondos-para-a-atencion-dos-menores-migrantes-non-acompanados-ante-un-recorte-do-82-polo-goberno-central\\\/#primaryimage\",\"url\":\"https:\\\/\\\/ppdegalicia.com\\\/wp-content\\\/uploads\\\/2026\\\/09\\\/20260901_APazos_rdp-scaled.jpg\",\"contentUrl\":\"https:\\\/\\\/ppdegalicia.com\\\/wp-content\\\/uploads\\\/2026\\\/09\\\/20260901_APazos_rdp-scaled.jpg\",\"width\":2560,\"height\":1707},{\"@type\":\"BreadcrumbList\",\"@id\":\"https:\\\/\\\/ppdegalicia.com\\\/es\\\/o-ppdeg-esixe-aumentar-os-fondos-para-a-atencion-dos-menores-migrantes-non-acompanados-ante-un-recorte-do-82-polo-goberno-central\\\/#breadcrumb\",\"itemListElement\":[{\"@type\":\"ListItem\",\"position\":1,\"name\":\"Portada\",\"item\":\"https:\\\/\\\/ppdegalicia.com\\\/es\\\/\"},{\"@type\":\"ListItem\",\"position\":2,\"name\":\"O PPdeG esixe aumentar os fondos para a atenci\u00f3n dos menores migrantes non acompa\u00f1ados ante un recorte do 82 % polo Goberno central\"}]},{\"@type\":\"WebSite\",\"@id\":\"https:\\\/\\\/ppdegalicia.com\\\/es\\\/#website\",\"url\":\"https:\\\/\\\/ppdegalicia.com\\\/es\\\/\",\"name\":\"Partido Popular de Galicia\",\"description\":\"Partido Popular de Galicia\",\"publisher\":{\"@id\":\"https:\\\/\\\/ppdegalicia.com\\\/es\\\/#organization\"},\"alternateName\":\"PP de Galicia\",\"potentialAction\":[{\"@type\":\"SearchAction\",\"target\":{\"@type\":\"EntryPoint\",\"urlTemplate\":\"https:\\\/\\\/ppdegalicia.com\\\/es\\\/?s={search_term_string}\"},\"query-input\":{\"@type\":\"PropertyValueSpecification\",\"valueRequired\":true,\"valueName\":\"search_term_string\"}}],\"inLanguage\":\"es\"},{\"@type\":\"Organization\",\"@id\":\"https:\\\/\\\/ppdegalicia.com\\\/es\\\/#organization\",\"name\":\"Partido Popular de Galicia\",\"alternateName\":\"PP de Galicia\",\"url\":\"https:\\\/\\\/ppdegalicia.com\\\/es\\\/\",\"logo\":{\"@type\":\"ImageObject\",\"inLanguage\":\"es\",\"@id\":\"https:\\\/\\\/ppdegalicia.com\\\/es\\\/#\\\/schema\\\/logo\\\/image\\\/\",\"url\":\"https:\\\/\\\/ppdegalicia.com\\\/wp-content\\\/uploads\\\/2023\\\/04\\\/logoPP512.png\",\"contentUrl\":\"https:\\\/\\\/ppdegalicia.com\\\/wp-content\\\/uploads\\\/2023\\\/04\\\/logoPP512.png\",\"width\":512,\"height\":512,\"caption\":\"Partido Popular de Galicia\"},\"image\":{\"@id\":\"https:\\\/\\\/ppdegalicia.com\\\/es\\\/#\\\/schema\\\/logo\\\/image\\\/\"},\"sameAs\":[\"https:\\\/\\\/www.instagram.com\\\/ppdegalicia\\\/\",\"https:\\\/\\\/x.com\\\/ppdegalicia\",\"https:\\\/\\\/www.tiktok.com\\\/@ppdegalicia\",\"https:\\\/\\\/www.youtube.com\\\/user\\\/ppdegalicia\"]},{\"@type\":\"Person\",\"@id\":\"https:\\\/\\\/ppdegalicia.com\\\/es\\\/#\\\/schema\\\/person\\\/5b822c6f59e872ebdd1142f307dbcb59\",\"name\":\"ppdegaliciaredes\",\"image\":{\"@type\":\"ImageObject\",\"inLanguage\":\"es\",\"@id\":\"https:\\\/\\\/secure.gravatar.com\\\/avatar\\\/3c9179cf0256d00c72a48d1f25783c58b6842cd56e85ef3a572881c8e28ccd59?s=96&d=mm&r=g\",\"url\":\"https:\\\/\\\/secure.gravatar.com\\\/avatar\\\/3c9179cf0256d00c72a48d1f25783c58b6842cd56e85ef3a572881c8e28ccd59?s=96&d=mm&r=g\",\"contentUrl\":\"https:\\\/\\\/secure.gravatar.com\\\/avatar\\\/3c9179cf0256d00c72a48d1f25783c58b6842cd56e85ef3a572881c8e28ccd59?s=96&d=mm&r=g\",\"caption\":\"ppdegaliciaredes\"},\"url\":\"https:\\\/\\\/ppdegalicia.com\\\/es\\\/author\\\/ppdegaliciaredes\\\/\"}]}<\/script>\n<!-- \/ Yoast SEO plugin. -->","yoast_head_json":{"title":"O PPdeG esixe aumentar os fondos para a atenci\u00f3n dos menores migrantes non acompa\u00f1ados ante un recorte do 82 % polo Goberno central - PP de Galicia","description":"O portavoz do Grupo Parlamentario Popular, Alberto Pazos, denunciou hoxe, o recorte dun 82 % nos fondos asignados polo Goberno central a Galicia para a atenci\u00f3n dos menores migrantes non acompa\u00f1ados.","robots":{"index":"index","follow":"follow","max-snippet":"max-snippet:-1","max-image-preview":"max-image-preview:large","max-video-preview":"max-video-preview:-1"},"canonical":"https:\/\/ppdegalicia.com\/es\/o-ppdeg-esixe-aumentar-os-fondos-para-a-atencion-dos-menores-migrantes-non-acompanados-ante-un-recorte-do-82-polo-goberno-central\/","og_locale":"es_ES","og_type":"article","og_title":"O PPdeG esixe aumentar os fondos para a atenci\u00f3n dos menores migrantes non acompa\u00f1ados ante un recorte do 82 % polo Goberno central - PP de Galicia","og_description":"O portavoz do Grupo Parlamentario Popular, Alberto Pazos, denunciou hoxe, o recorte dun 82 % nos fondos asignados polo Goberno central a Galicia para a atenci\u00f3n dos menores migrantes non acompa\u00f1ados.","og_url":"https:\/\/ppdegalicia.com\/es\/o-ppdeg-esixe-aumentar-os-fondos-para-a-atencion-dos-menores-migrantes-non-acompanados-ante-un-recorte-do-82-polo-goberno-central\/","og_site_name":"PP de Galicia","article_publisher":"https:\/\/www.instagram.com\/ppdegalicia\/","article_published_time":"2026-09-01T15:55:47+00:00","og_image":[{"width":2560,"height":1707,"url":"https:\/\/ppdegalicia.com\/wp-content\/uploads\/2026\/09\/20260901_APazos_rdp-scaled.jpg","type":"image\/jpeg"}],"author":"ppdegaliciaredes","twitter_card":"summary_large_image","twitter_creator":"@ppdegalicia","twitter_site":"@ppdegalicia","twitter_misc":{"Escrito por":"ppdegaliciaredes","Tiempo de lectura":"4 minutos"},"schema":{"@context":"https:\/\/schema.org","@graph":[{"@type":"Article","@id":"https:\/\/ppdegalicia.com\/es\/o-ppdeg-esixe-aumentar-os-fondos-para-a-atencion-dos-menores-migrantes-non-acompanados-ante-un-recorte-do-82-polo-goberno-central\/#article","isPartOf":{"@id":"https:\/\/ppdegalicia.com\/es\/o-ppdeg-esixe-aumentar-os-fondos-para-a-atencion-dos-menores-migrantes-non-acompanados-ante-un-recorte-do-82-polo-goberno-central\/"},"author":{"name":"ppdegaliciaredes","@id":"https:\/\/ppdegalicia.com\/es\/#\/schema\/person\/5b822c6f59e872ebdd1142f307dbcb59"},"headline":"O PPdeG esixe aumentar os fondos para a atenci\u00f3n dos menores migrantes non acompa\u00f1ados ante un recorte do 82 % polo Goberno central","datePublished":"2026-09-01T15:55:47+00:00","mainEntityOfPage":{"@id":"https:\/\/ppdegalicia.com\/es\/o-ppdeg-esixe-aumentar-os-fondos-para-a-atencion-dos-menores-migrantes-non-acompanados-ante-un-recorte-do-82-polo-goberno-central\/"},"wordCount":617,"publisher":{"@id":"https:\/\/ppdegalicia.com\/es\/#organization"},"image":{"@id":"https:\/\/ppdegalicia.com\/es\/o-ppdeg-esixe-aumentar-os-fondos-para-a-atencion-dos-menores-migrantes-non-acompanados-ante-un-recorte-do-82-polo-goberno-central\/#primaryimage"},"thumbnailUrl":"https:\/\/ppdegalicia.com\/wp-content\/uploads\/2026\/09\/20260901_APazos_rdp-scaled.jpg","articleSection":["Parlamento de Galicia"],"inLanguage":"es"},{"@type":"WebPage","@id":"https:\/\/ppdegalicia.com\/es\/o-ppdeg-esixe-aumentar-os-fondos-para-a-atencion-dos-menores-migrantes-non-acompanados-ante-un-recorte-do-82-polo-goberno-central\/","url":"https:\/\/ppdegalicia.com\/es\/o-ppdeg-esixe-aumentar-os-fondos-para-a-atencion-dos-menores-migrantes-non-acompanados-ante-un-recorte-do-82-polo-goberno-central\/","name":"O PPdeG esixe aumentar os fondos para a atenci\u00f3n dos menores migrantes non acompa\u00f1ados ante un recorte do 82 % polo Goberno central - PP de Galicia","isPartOf":{"@id":"https:\/\/ppdegalicia.com\/es\/#website"},"primaryImageOfPage":{"@id":"https:\/\/ppdegalicia.com\/es\/o-ppdeg-esixe-aumentar-os-fondos-para-a-atencion-dos-menores-migrantes-non-acompanados-ante-un-recorte-do-82-polo-goberno-central\/#primaryimage"},"image":{"@id":"https:\/\/ppdegalicia.com\/es\/o-ppdeg-esixe-aumentar-os-fondos-para-a-atencion-dos-menores-migrantes-non-acompanados-ante-un-recorte-do-82-polo-goberno-central\/#primaryimage"},"thumbnailUrl":"https:\/\/ppdegalicia.com\/wp-content\/uploads\/2026\/09\/20260901_APazos_rdp-scaled.jpg","datePublished":"2026-09-01T15:55:47+00:00","description":"O portavoz do Grupo Parlamentario Popular, Alberto Pazos, denunciou hoxe, o recorte dun 82 % nos fondos asignados polo Goberno central a Galicia para a atenci\u00f3n dos menores migrantes non acompa\u00f1ados.","breadcrumb":{"@id":"https:\/\/ppdegalicia.com\/es\/o-ppdeg-esixe-aumentar-os-fondos-para-a-atencion-dos-menores-migrantes-non-acompanados-ante-un-recorte-do-82-polo-goberno-central\/#breadcrumb"},"inLanguage":"es","potentialAction":[{"@type":"ReadAction","target":["https:\/\/ppdegalicia.com\/es\/o-ppdeg-esixe-aumentar-os-fondos-para-a-atencion-dos-menores-migrantes-non-acompanados-ante-un-recorte-do-82-polo-goberno-central\/"]}]},{"@type":"ImageObject","inLanguage":"es","@id":"https:\/\/ppdegalicia.com\/es\/o-ppdeg-esixe-aumentar-os-fondos-para-a-atencion-dos-menores-migrantes-non-acompanados-ante-un-recorte-do-82-polo-goberno-central\/#primaryimage","url":"https:\/\/ppdegalicia.com\/wp-content\/uploads\/2026\/09\/20260901_APazos_rdp-scaled.jpg","contentUrl":"https:\/\/ppdegalicia.com\/wp-content\/uploads\/2026\/09\/20260901_APazos_rdp-scaled.jpg","width":2560,"height":1707},{"@type":"BreadcrumbList","@id":"https:\/\/ppdegalicia.com\/es\/o-ppdeg-esixe-aumentar-os-fondos-para-a-atencion-dos-menores-migrantes-non-acompanados-ante-un-recorte-do-82-polo-goberno-central\/#breadcrumb","itemListElement":[{"@type":"ListItem","position":1,"name":"Portada","item":"https:\/\/ppdegalicia.com\/es\/"},{"@type":"ListItem","position":2,"name":"O PPdeG esixe aumentar os fondos para a atenci\u00f3n dos menores migrantes non acompa\u00f1ados ante un recorte do 82 % polo Goberno central"}]},{"@type":"WebSite","@id":"https:\/\/ppdegalicia.com\/es\/#website","url":"https:\/\/ppdegalicia.com\/es\/","name":"Partido Popular de Galicia","description":"Partido Popular de Galicia","publisher":{"@id":"https:\/\/ppdegalicia.com\/es\/#organization"},"alternateName":"PP de Galicia","potentialAction":[{"@type":"SearchAction","target":{"@type":"EntryPoint","urlTemplate":"https:\/\/ppdegalicia.com\/es\/?s={search_term_string}"},"query-input":{"@type":"PropertyValueSpecification","valueRequired":true,"valueName":"search_term_string"}}],"inLanguage":"es"},{"@type":"Organization","@id":"https:\/\/ppdegalicia.com\/es\/#organization","name":"Partido Popular de Galicia","alternateName":"PP de Galicia","url":"https:\/\/ppdegalicia.com\/es\/","logo":{"@type":"ImageObject","inLanguage":"es","@id":"https:\/\/ppdegalicia.com\/es\/#\/schema\/logo\/image\/","url":"https:\/\/ppdegalicia.com\/wp-content\/uploads\/2023\/04\/logoPP512.png","contentUrl":"https:\/\/ppdegalicia.com\/wp-content\/uploads\/2023\/04\/logoPP512.png","width":512,"height":512,"caption":"Partido Popular de Galicia"},"image":{"@id":"https:\/\/ppdegalicia.com\/es\/#\/schema\/logo\/image\/"},"sameAs":["https:\/\/www.instagram.com\/ppdegalicia\/","https:\/\/x.com\/ppdegalicia","https:\/\/www.tiktok.com\/@ppdegalicia","https:\/\/www.youtube.com\/user\/ppdegalicia"]},{"@type":"Person","@id":"https:\/\/ppdegalicia.com\/es\/#\/schema\/person\/5b822c6f59e872ebdd1142f307dbcb59","name":"ppdegaliciaredes","image":{"@type":"ImageObject","inLanguage":"es","@id":"https:\/\/secure.gravatar.com\/avatar\/3c9179cf0256d00c72a48d1f25783c58b6842cd56e85ef3a572881c8e28ccd59?s=96&d=mm&r=g","url":"https:\/\/secure.gravatar.com\/avatar\/3c9179cf0256d00c72a48d1f25783c58b6842cd56e85ef3a572881c8e28ccd59?s=96&d=mm&r=g","contentUrl":"https:\/\/secure.gravatar.com\/avatar\/3c9179cf0256d00c72a48d1f25783c58b6842cd56e85ef3a572881c8e28ccd59?s=96&d=mm&r=g","caption":"ppdegaliciaredes"},"url":"https:\/\/ppdegalicia.com\/es\/author\/ppdegaliciaredes\/"}]}},"_links":{"self":[{"href":"https:\/\/ppdegalicia.com\/es\/wp-json\/wp\/v2\/posts\/72139","targetHints":{"allow":["GET"]}}],"collection":[{"href":"https:\/\/ppdegalicia.com\/es\/wp-json\/wp\/v2\/posts"}],"about":[{"href":"https:\/\/ppdegalicia.com\/es\/wp-json\/wp\/v2\/types\/post"}],"author":[{"embeddable":true,"href":"https:\/\/ppdegalicia.com\/es\/wp-json\/wp\/v2\/users\/38"}],"replies":[{"embeddable":true,"href":"https:\/\/ppdegalicia.com\/es\/wp-json\/wp\/v2\/comments?post=72139"}],"version-history":[{"count":1,"href":"https:\/\/ppdegalicia.com\/es\/wp-json\/wp\/v2\/posts\/72139\/revisions"}],"predecessor-version":[{"id":72142,"href":"https:\/\/ppdegalicia.com\/es\/wp-json\/wp\/v2\/posts\/72139\/revisions\/72142"}],"wp:featuredmedia":[{"embeddable":true,"href":"https:\/\/ppdegalicia.com\/es\/wp-json\/wp\/v2\/media\/72140"}],"wp:attachment":[{"href":"https:\/\/ppdegalicia.com\/es\/wp-json\/wp\/v2\/media?parent=72139"}],"wp:term":[{"taxonomy":"category","embeddable":true,"href":"https:\/\/ppdegalicia.com\/es\/wp-json\/wp\/v2\/categories?post=72139"},{"taxonomy":"post_tag","embeddable":true,"href":"https:\/\/ppdegalicia.com\/es\/wp-json\/wp\/v2\/tags?post=72139"}],"curies":[{"name":"wp","href":"https:\/\/api.w.org\/{rel}","templated":true}]}}