{"id":72143,"date":"2026-09-02T10:13:04","date_gmt":"2026-09-02T08:13:04","guid":{"rendered":"https:\/\/ppdegalicia.com\/?p=72143"},"modified":"2026-09-02T10:13:04","modified_gmt":"2026-09-02T08:13:04","slug":"millan-mon-alerta-sobre-la-necesidad-de-un-etiquetado-adecuado-para-combatir-practicas-desleales-como-el-pescado-vegetal","status":"publish","type":"post","link":"https:\/\/ppdegalicia.com\/es\/millan-mon-alerta-sobre-la-necesidad-de-un-etiquetado-adecuado-para-combatir-practicas-desleales-como-el-pescado-vegetal\/","title":{"rendered":"Mill\u00e1n Mon alerta sobre la necesidad de un etiquetado adecuado para combatir pr\u00e1cticas desleales como el \u201cpescado vegetal\u201d"},"content":{"rendered":"<p style=\"font-weight: 400;\">El eurodiputado popular Francisco Mill\u00e1n Mon abord\u00f3 durante la Comisi\u00f3n de Pesca del Parlamento Europeo cuestiones como una posible futura reforma del Reglamento de la Organizaci\u00f3n Com\u00fan de Mercados (OCM) y la situaci\u00f3n de la pesca artesanal y de bajura en la Uni\u00f3n Europea, alertando de la necesidad de un etiquetado adecuado para combatir pr\u00e1cticas desleales.<\/p>\n<p style=\"font-weight: 400;\">En este sentido, Mill\u00e1n Mon plante\u00f3 la necesidad de que una futura reforma del Reglamento de la OCM aborde cuestiones como el etiquetado, la lucha contra el fraude alimentario y el reconocimiento de las cofrad\u00edas de pescadores.<\/p>\n<p style=\"font-weight: 400;\">El eurodiputado gallego se\u00f1al\u00f3 que un etiquetado m\u00e1s transparente puede contribuir a poner en valor la producci\u00f3n europea y a reforzar la posici\u00f3n de los productores europeos en el mercado. No obstante, advirti\u00f3 de que las nuevas obligaciones no deben traducirse en requisitos excesivamente complejos o costosos para la industria conservera y transformadora y reclam\u00f3 estudios de impacto sobre los costes. Tambi\u00e9n subray\u00f3 la necesidad de que los productos importados cumplan las mismas exigencias en esta materia.<\/p>\n<p style=\"font-weight: 400;\">Mill\u00e1n Mon subray\u00f3, adem\u00e1s, la necesidad de contar con un etiquetado adecuado para combatir pr\u00e1cticas desleales como el denominado \u201cpescado vegetal\u201d y evitar la confusi\u00f3n de los consumidores. Record\u00f3 que tanto el Consejo Consultivo de Mercado (MAC) como el Tribunal de Cuentas han se\u00f1alado la necesidad de reforzar el marco regulatorio para evitar pr\u00e1cticas de etiquetado enga\u00f1oso.<\/p>\n<p style=\"font-weight: 400;\">En este sentido, puso como ejemplo la reciente reforma de la OCM agr\u00edcola, que ha introducido la protecci\u00f3n de determinadas denominaciones vinculadas a la carne. \u201cAl igual que se ha considerado necesario proteger denominaciones como \u2018solomillo\u2019, \u2018muslo\u2019 o \u2018pechuga\u2019, tambi\u00e9n se deben proteger denominaciones vinculadas al pescado y productos pesqueros\u201d, afirm\u00f3.<\/p>\n<p style=\"font-weight: 400;\">Por \u00faltimo, el eurodiputado gallego reclam\u00f3 que una eventual reforma de la OCM d\u00e9 respuesta a una reivindicaci\u00f3n especialmente importante para Galicia: el reconocimiento de las cofrad\u00edas de pescadores y su equiparaci\u00f3n con las Organizaciones de Productores (OPs) a efectos de financiaci\u00f3n. \u201cEl Parlamento Europeo ya se ha pronunciado varias veces sobre esta cuesti\u00f3n y la conclusi\u00f3n es clara: las cofrad\u00edas deben ser reconocidas y poder optar a recibir ayuda financiera en pie de igualdad con las OPs\u201d. En este sentido, pidi\u00f3 a la DG MARE que trabaje junto con los Gobiernos nacionales concernidos para encontrar una soluci\u00f3n legislativa apropiada.<\/p>\n<p style=\"font-weight: 400;\">\n<p style=\"font-weight: 400;\"><strong><u>LA PESCA ARTESANAL<\/u><\/strong><\/p>\n<p style=\"font-weight: 400;\">En la Comisi\u00f3n de Pesca tambi\u00e9n se abord\u00f3 un estudio sobre la asignaci\u00f3n de posibilidades de pesca en los Estados Miembros. En el debate, Mill\u00e1n Mon defendi\u00f3 una atenci\u00f3n especial a la pesca artesanal y de bajura, que representa alrededor del 70 % de la flota europea y es fundamental para el empleo, las comunidades costeras y la seguridad alimentaria.<\/p>\n<p style=\"font-weight: 400;\">El eurodiputado popular destac\u00f3 la diversidad de los sistemas nacionales de asignaci\u00f3n y record\u00f3 que, de acuerdo con el art\u00edculo 17 de la PPC, son los Estados miembros los competentes en esta materia. No obstante, valor\u00f3 positivamente las recomendaciones, recogidas en el estudio, de mejorar la transparencia, fomentar el intercambio de buenas pr\u00e1cticas y clarificar la evaluaci\u00f3n que realiza la Comisi\u00f3n Europea.<\/p>\n<p style=\"font-weight: 400;\">Finalmente, Mill\u00e1n Mon defendi\u00f3 que el debate sobre la pesca artesanal no debe plantearse como una confrontaci\u00f3n con la pesca de mayor escala. \u201cAmbas generan empleo y riqueza y ambas son necesarias para garantizar la producci\u00f3n alimentaria, el futuro de nuestras comunidades costeras y la industria pesquera\u201d, concluy\u00f3, al tiempo que insisti\u00f3 en la necesidad de di\u00e1logo con los sectores afectados por los eventuales cambios.<\/p>\n","protected":false},"excerpt":{"rendered":"<p>El eurodiputado popular Francisco Mill\u00e1n Mon abord\u00f3 durante la Comisi\u00f3n de Pesca del Parlamento Europeo cuestiones como una posible futura reforma del Reglamento de la Organizaci\u00f3n Com\u00fan de Mercados (OCM) y la situaci\u00f3n de la pesca artesanal y de bajura en la Uni\u00f3n Europea, alertando de la necesidad de un etiquetado adecuado para combatir pr\u00e1cticas [&hellip;]<\/p>\n","protected":false},"author":38,"featured_media":72144,"comment_status":"closed","ping_status":"open","sticky":false,"template":"","format":"standard","meta":{"_acf_changed":false,"footnotes":""},"categories":[1127],"tags":[],"class_list":["post-72143","post","type-post","status-publish","format-standard","has-post-thumbnail","hentry","category-actualidad-parlamento-europeo"],"acf":[],"yoast_head":"<!-- This site is optimized with the Yoast SEO plugin v27.3 - https:\/\/yoast.com\/product\/yoast-seo-wordpress\/ -->\n<title>Mill\u00e1n Mon alerta sobre la necesidad de un etiquetado adecuado para combatir pr\u00e1cticas desleales como el \u201cpescado vegetal\u201d - PP de Galicia<\/title>\n<meta name=\"description\" content=\"El eurodiputado popular Francisco Mill\u00e1n Mon abord\u00f3 durante la Comisi\u00f3n de Pesca del Parlamento Europeo cuestiones como una posible futura reforma del Reglamento de la Organizaci\u00f3n Com\u00fan de Mercados (OCM) y la situaci\u00f3n de la pesca artesanal y de bajura en la Uni\u00f3n Europea, alertando de la necesidad de un etiquetado adecuado para combatir pr\u00e1cticas desleales.\u00a0\" \/>\n<meta name=\"robots\" content=\"index, follow, max-snippet:-1, max-image-preview:large, max-video-preview:-1\" \/>\n<link rel=\"canonical\" href=\"https:\/\/ppdegalicia.com\/es\/millan-mon-alerta-sobre-la-necesidad-de-un-etiquetado-adecuado-para-combatir-practicas-desleales-como-el-pescado-vegetal\/\" \/>\n<meta property=\"og:locale\" content=\"es_ES\" \/>\n<meta property=\"og:type\" content=\"article\" \/>\n<meta property=\"og:title\" content=\"Mill\u00e1n Mon alerta sobre la necesidad de un etiquetado adecuado para combatir pr\u00e1cticas desleales como el \u201cpescado vegetal\u201d - PP de Galicia\" \/>\n<meta property=\"og:description\" content=\"El eurodiputado popular Francisco Mill\u00e1n Mon abord\u00f3 durante la Comisi\u00f3n de Pesca del Parlamento Europeo cuestiones como una posible futura reforma del Reglamento de la Organizaci\u00f3n Com\u00fan de Mercados (OCM) y la situaci\u00f3n de la pesca artesanal y de bajura en la Uni\u00f3n Europea, alertando de la necesidad de un etiquetado adecuado para combatir pr\u00e1cticas desleales.\u00a0\" \/>\n<meta property=\"og:url\" content=\"https:\/\/ppdegalicia.com\/es\/millan-mon-alerta-sobre-la-necesidad-de-un-etiquetado-adecuado-para-combatir-practicas-desleales-como-el-pescado-vegetal\/\" \/>\n<meta property=\"og:site_name\" content=\"PP de Galicia\" \/>\n<meta property=\"article:publisher\" content=\"https:\/\/www.instagram.com\/ppdegalicia\/\" \/>\n<meta property=\"article:published_time\" content=\"2026-09-02T08:13:04+00:00\" \/>\n<meta property=\"og:image\" content=\"https:\/\/ppdegalicia.com\/wp-content\/uploads\/2026\/09\/Francisco-Millan-Mon.jpeg\" \/>\n\t<meta property=\"og:image:width\" content=\"2000\" \/>\n\t<meta property=\"og:image:height\" content=\"1334\" \/>\n\t<meta property=\"og:image:type\" content=\"image\/jpeg\" \/>\n<meta name=\"author\" content=\"ppdegaliciaredes\" \/>\n<meta name=\"twitter:card\" content=\"summary_large_image\" \/>\n<meta name=\"twitter:creator\" content=\"@ppdegalicia\" \/>\n<meta name=\"twitter:site\" content=\"@ppdegalicia\" \/>\n<meta name=\"twitter:label1\" content=\"Escrito por\" \/>\n\t<meta name=\"twitter:data1\" content=\"ppdegaliciaredes\" \/>\n\t<meta name=\"twitter:label2\" content=\"Tiempo de lectura\" \/>\n\t<meta name=\"twitter:data2\" content=\"4 minutos\" \/>\n<script type=\"application\/ld+json\" class=\"yoast-schema-graph\">{\"@context\":\"https:\\\/\\\/schema.org\",\"@graph\":[{\"@type\":\"Article\",\"@id\":\"https:\\\/\\\/ppdegalicia.com\\\/es\\\/millan-mon-alerta-sobre-la-necesidad-de-un-etiquetado-adecuado-para-combatir-practicas-desleales-como-el-pescado-vegetal\\\/#article\",\"isPartOf\":{\"@id\":\"https:\\\/\\\/ppdegalicia.com\\\/es\\\/millan-mon-alerta-sobre-la-necesidad-de-un-etiquetado-adecuado-para-combatir-practicas-desleales-como-el-pescado-vegetal\\\/\"},\"author\":{\"name\":\"ppdegaliciaredes\",\"@id\":\"https:\\\/\\\/ppdegalicia.com\\\/es\\\/#\\\/schema\\\/person\\\/5b822c6f59e872ebdd1142f307dbcb59\"},\"headline\":\"Mill\u00e1n Mon alerta sobre la necesidad de un etiquetado adecuado para combatir pr\u00e1cticas desleales como el \u201cpescado vegetal\u201d\",\"datePublished\":\"2026-09-02T08:13:04+00:00\",\"mainEntityOfPage\":{\"@id\":\"https:\\\/\\\/ppdegalicia.com\\\/es\\\/millan-mon-alerta-sobre-la-necesidad-de-un-etiquetado-adecuado-para-combatir-practicas-desleales-como-el-pescado-vegetal\\\/\"},\"wordCount\":631,\"publisher\":{\"@id\":\"https:\\\/\\\/ppdegalicia.com\\\/es\\\/#organization\"},\"image\":{\"@id\":\"https:\\\/\\\/ppdegalicia.com\\\/es\\\/millan-mon-alerta-sobre-la-necesidad-de-un-etiquetado-adecuado-para-combatir-practicas-desleales-como-el-pescado-vegetal\\\/#primaryimage\"},\"thumbnailUrl\":\"https:\\\/\\\/ppdegalicia.com\\\/wp-content\\\/uploads\\\/2026\\\/09\\\/Francisco-Millan-Mon.jpeg\",\"articleSection\":[\"Parlamento Europeo\"],\"inLanguage\":\"es\"},{\"@type\":\"WebPage\",\"@id\":\"https:\\\/\\\/ppdegalicia.com\\\/es\\\/millan-mon-alerta-sobre-la-necesidad-de-un-etiquetado-adecuado-para-combatir-practicas-desleales-como-el-pescado-vegetal\\\/\",\"url\":\"https:\\\/\\\/ppdegalicia.com\\\/es\\\/millan-mon-alerta-sobre-la-necesidad-de-un-etiquetado-adecuado-para-combatir-practicas-desleales-como-el-pescado-vegetal\\\/\",\"name\":\"Mill\u00e1n Mon alerta sobre la necesidad de un etiquetado adecuado para combatir pr\u00e1cticas desleales como el \u201cpescado vegetal\u201d - PP de Galicia\",\"isPartOf\":{\"@id\":\"https:\\\/\\\/ppdegalicia.com\\\/es\\\/#website\"},\"primaryImageOfPage\":{\"@id\":\"https:\\\/\\\/ppdegalicia.com\\\/es\\\/millan-mon-alerta-sobre-la-necesidad-de-un-etiquetado-adecuado-para-combatir-practicas-desleales-como-el-pescado-vegetal\\\/#primaryimage\"},\"image\":{\"@id\":\"https:\\\/\\\/ppdegalicia.com\\\/es\\\/millan-mon-alerta-sobre-la-necesidad-de-un-etiquetado-adecuado-para-combatir-practicas-desleales-como-el-pescado-vegetal\\\/#primaryimage\"},\"thumbnailUrl\":\"https:\\\/\\\/ppdegalicia.com\\\/wp-content\\\/uploads\\\/2026\\\/09\\\/Francisco-Millan-Mon.jpeg\",\"datePublished\":\"2026-09-02T08:13:04+00:00\",\"description\":\"El eurodiputado popular Francisco Mill\u00e1n Mon abord\u00f3 durante la Comisi\u00f3n de Pesca del Parlamento Europeo cuestiones como una posible futura reforma del Reglamento de la Organizaci\u00f3n Com\u00fan de Mercados (OCM) y la situaci\u00f3n de la pesca artesanal y de bajura en la Uni\u00f3n Europea, alertando de la necesidad de un etiquetado adecuado para combatir pr\u00e1cticas desleales.\u00a0\",\"breadcrumb\":{\"@id\":\"https:\\\/\\\/ppdegalicia.com\\\/es\\\/millan-mon-alerta-sobre-la-necesidad-de-un-etiquetado-adecuado-para-combatir-practicas-desleales-como-el-pescado-vegetal\\\/#breadcrumb\"},\"inLanguage\":\"es\",\"potentialAction\":[{\"@type\":\"ReadAction\",\"target\":[\"https:\\\/\\\/ppdegalicia.com\\\/es\\\/millan-mon-alerta-sobre-la-necesidad-de-un-etiquetado-adecuado-para-combatir-practicas-desleales-como-el-pescado-vegetal\\\/\"]}]},{\"@type\":\"ImageObject\",\"inLanguage\":\"es\",\"@id\":\"https:\\\/\\\/ppdegalicia.com\\\/es\\\/millan-mon-alerta-sobre-la-necesidad-de-un-etiquetado-adecuado-para-combatir-practicas-desleales-como-el-pescado-vegetal\\\/#primaryimage\",\"url\":\"https:\\\/\\\/ppdegalicia.com\\\/wp-content\\\/uploads\\\/2026\\\/09\\\/Francisco-Millan-Mon.jpeg\",\"contentUrl\":\"https:\\\/\\\/ppdegalicia.com\\\/wp-content\\\/uploads\\\/2026\\\/09\\\/Francisco-Millan-Mon.jpeg\",\"width\":2000,\"height\":1334},{\"@type\":\"BreadcrumbList\",\"@id\":\"https:\\\/\\\/ppdegalicia.com\\\/es\\\/millan-mon-alerta-sobre-la-necesidad-de-un-etiquetado-adecuado-para-combatir-practicas-desleales-como-el-pescado-vegetal\\\/#breadcrumb\",\"itemListElement\":[{\"@type\":\"ListItem\",\"position\":1,\"name\":\"Portada\",\"item\":\"https:\\\/\\\/ppdegalicia.com\\\/es\\\/\"},{\"@type\":\"ListItem\",\"position\":2,\"name\":\"Mill\u00e1n Mon alerta sobre la necesidad de un etiquetado adecuado para combatir pr\u00e1cticas desleales como el \u201cpescado vegetal\u201d\"}]},{\"@type\":\"WebSite\",\"@id\":\"https:\\\/\\\/ppdegalicia.com\\\/es\\\/#website\",\"url\":\"https:\\\/\\\/ppdegalicia.com\\\/es\\\/\",\"name\":\"Partido Popular de Galicia\",\"description\":\"Partido Popular de Galicia\",\"publisher\":{\"@id\":\"https:\\\/\\\/ppdegalicia.com\\\/es\\\/#organization\"},\"alternateName\":\"PP de Galicia\",\"potentialAction\":[{\"@type\":\"SearchAction\",\"target\":{\"@type\":\"EntryPoint\",\"urlTemplate\":\"https:\\\/\\\/ppdegalicia.com\\\/es\\\/?s={search_term_string}\"},\"query-input\":{\"@type\":\"PropertyValueSpecification\",\"valueRequired\":true,\"valueName\":\"search_term_string\"}}],\"inLanguage\":\"es\"},{\"@type\":\"Organization\",\"@id\":\"https:\\\/\\\/ppdegalicia.com\\\/es\\\/#organization\",\"name\":\"Partido Popular de Galicia\",\"alternateName\":\"PP de Galicia\",\"url\":\"https:\\\/\\\/ppdegalicia.com\\\/es\\\/\",\"logo\":{\"@type\":\"ImageObject\",\"inLanguage\":\"es\",\"@id\":\"https:\\\/\\\/ppdegalicia.com\\\/es\\\/#\\\/schema\\\/logo\\\/image\\\/\",\"url\":\"https:\\\/\\\/ppdegalicia.com\\\/wp-content\\\/uploads\\\/2023\\\/04\\\/logoPP512.png\",\"contentUrl\":\"https:\\\/\\\/ppdegalicia.com\\\/wp-content\\\/uploads\\\/2023\\\/04\\\/logoPP512.png\",\"width\":512,\"height\":512,\"caption\":\"Partido Popular de Galicia\"},\"image\":{\"@id\":\"https:\\\/\\\/ppdegalicia.com\\\/es\\\/#\\\/schema\\\/logo\\\/image\\\/\"},\"sameAs\":[\"https:\\\/\\\/www.instagram.com\\\/ppdegalicia\\\/\",\"https:\\\/\\\/x.com\\\/ppdegalicia\",\"https:\\\/\\\/www.tiktok.com\\\/@ppdegalicia\",\"https:\\\/\\\/www.youtube.com\\\/user\\\/ppdegalicia\"]},{\"@type\":\"Person\",\"@id\":\"https:\\\/\\\/ppdegalicia.com\\\/es\\\/#\\\/schema\\\/person\\\/5b822c6f59e872ebdd1142f307dbcb59\",\"name\":\"ppdegaliciaredes\",\"image\":{\"@type\":\"ImageObject\",\"inLanguage\":\"es\",\"@id\":\"https:\\\/\\\/secure.gravatar.com\\\/avatar\\\/3c9179cf0256d00c72a48d1f25783c58b6842cd56e85ef3a572881c8e28ccd59?s=96&d=mm&r=g\",\"url\":\"https:\\\/\\\/secure.gravatar.com\\\/avatar\\\/3c9179cf0256d00c72a48d1f25783c58b6842cd56e85ef3a572881c8e28ccd59?s=96&d=mm&r=g\",\"contentUrl\":\"https:\\\/\\\/secure.gravatar.com\\\/avatar\\\/3c9179cf0256d00c72a48d1f25783c58b6842cd56e85ef3a572881c8e28ccd59?s=96&d=mm&r=g\",\"caption\":\"ppdegaliciaredes\"},\"url\":\"https:\\\/\\\/ppdegalicia.com\\\/es\\\/author\\\/ppdegaliciaredes\\\/\"}]}<\/script>\n<!-- \/ Yoast SEO plugin. -->","yoast_head_json":{"title":"Mill\u00e1n Mon alerta sobre la necesidad de un etiquetado adecuado para combatir pr\u00e1cticas desleales como el \u201cpescado vegetal\u201d - PP de Galicia","description":"El eurodiputado popular Francisco Mill\u00e1n Mon abord\u00f3 durante la Comisi\u00f3n de Pesca del Parlamento Europeo cuestiones como una posible futura reforma del Reglamento de la Organizaci\u00f3n Com\u00fan de Mercados (OCM) y la situaci\u00f3n de la pesca artesanal y de bajura en la Uni\u00f3n Europea, alertando de la necesidad de un etiquetado adecuado para combatir pr\u00e1cticas desleales.\u00a0","robots":{"index":"index","follow":"follow","max-snippet":"max-snippet:-1","max-image-preview":"max-image-preview:large","max-video-preview":"max-video-preview:-1"},"canonical":"https:\/\/ppdegalicia.com\/es\/millan-mon-alerta-sobre-la-necesidad-de-un-etiquetado-adecuado-para-combatir-practicas-desleales-como-el-pescado-vegetal\/","og_locale":"es_ES","og_type":"article","og_title":"Mill\u00e1n Mon alerta sobre la necesidad de un etiquetado adecuado para combatir pr\u00e1cticas desleales como el \u201cpescado vegetal\u201d - PP de Galicia","og_description":"El eurodiputado popular Francisco Mill\u00e1n Mon abord\u00f3 durante la Comisi\u00f3n de Pesca del Parlamento Europeo cuestiones como una posible futura reforma del Reglamento de la Organizaci\u00f3n Com\u00fan de Mercados (OCM) y la situaci\u00f3n de la pesca artesanal y de bajura en la Uni\u00f3n Europea, alertando de la necesidad de un etiquetado adecuado para combatir pr\u00e1cticas desleales.\u00a0","og_url":"https:\/\/ppdegalicia.com\/es\/millan-mon-alerta-sobre-la-necesidad-de-un-etiquetado-adecuado-para-combatir-practicas-desleales-como-el-pescado-vegetal\/","og_site_name":"PP de Galicia","article_publisher":"https:\/\/www.instagram.com\/ppdegalicia\/","article_published_time":"2026-09-02T08:13:04+00:00","og_image":[{"width":2000,"height":1334,"url":"https:\/\/ppdegalicia.com\/wp-content\/uploads\/2026\/09\/Francisco-Millan-Mon.jpeg","type":"image\/jpeg"}],"author":"ppdegaliciaredes","twitter_card":"summary_large_image","twitter_creator":"@ppdegalicia","twitter_site":"@ppdegalicia","twitter_misc":{"Escrito por":"ppdegaliciaredes","Tiempo de lectura":"4 minutos"},"schema":{"@context":"https:\/\/schema.org","@graph":[{"@type":"Article","@id":"https:\/\/ppdegalicia.com\/es\/millan-mon-alerta-sobre-la-necesidad-de-un-etiquetado-adecuado-para-combatir-practicas-desleales-como-el-pescado-vegetal\/#article","isPartOf":{"@id":"https:\/\/ppdegalicia.com\/es\/millan-mon-alerta-sobre-la-necesidad-de-un-etiquetado-adecuado-para-combatir-practicas-desleales-como-el-pescado-vegetal\/"},"author":{"name":"ppdegaliciaredes","@id":"https:\/\/ppdegalicia.com\/es\/#\/schema\/person\/5b822c6f59e872ebdd1142f307dbcb59"},"headline":"Mill\u00e1n Mon alerta sobre la necesidad de un etiquetado adecuado para combatir pr\u00e1cticas desleales como el \u201cpescado vegetal\u201d","datePublished":"2026-09-02T08:13:04+00:00","mainEntityOfPage":{"@id":"https:\/\/ppdegalicia.com\/es\/millan-mon-alerta-sobre-la-necesidad-de-un-etiquetado-adecuado-para-combatir-practicas-desleales-como-el-pescado-vegetal\/"},"wordCount":631,"publisher":{"@id":"https:\/\/ppdegalicia.com\/es\/#organization"},"image":{"@id":"https:\/\/ppdegalicia.com\/es\/millan-mon-alerta-sobre-la-necesidad-de-un-etiquetado-adecuado-para-combatir-practicas-desleales-como-el-pescado-vegetal\/#primaryimage"},"thumbnailUrl":"https:\/\/ppdegalicia.com\/wp-content\/uploads\/2026\/09\/Francisco-Millan-Mon.jpeg","articleSection":["Parlamento Europeo"],"inLanguage":"es"},{"@type":"WebPage","@id":"https:\/\/ppdegalicia.com\/es\/millan-mon-alerta-sobre-la-necesidad-de-un-etiquetado-adecuado-para-combatir-practicas-desleales-como-el-pescado-vegetal\/","url":"https:\/\/ppdegalicia.com\/es\/millan-mon-alerta-sobre-la-necesidad-de-un-etiquetado-adecuado-para-combatir-practicas-desleales-como-el-pescado-vegetal\/","name":"Mill\u00e1n Mon alerta sobre la necesidad de un etiquetado adecuado para combatir pr\u00e1cticas desleales como el \u201cpescado vegetal\u201d - PP de Galicia","isPartOf":{"@id":"https:\/\/ppdegalicia.com\/es\/#website"},"primaryImageOfPage":{"@id":"https:\/\/ppdegalicia.com\/es\/millan-mon-alerta-sobre-la-necesidad-de-un-etiquetado-adecuado-para-combatir-practicas-desleales-como-el-pescado-vegetal\/#primaryimage"},"image":{"@id":"https:\/\/ppdegalicia.com\/es\/millan-mon-alerta-sobre-la-necesidad-de-un-etiquetado-adecuado-para-combatir-practicas-desleales-como-el-pescado-vegetal\/#primaryimage"},"thumbnailUrl":"https:\/\/ppdegalicia.com\/wp-content\/uploads\/2026\/09\/Francisco-Millan-Mon.jpeg","datePublished":"2026-09-02T08:13:04+00:00","description":"El eurodiputado popular Francisco Mill\u00e1n Mon abord\u00f3 durante la Comisi\u00f3n de Pesca del Parlamento Europeo cuestiones como una posible futura reforma del Reglamento de la Organizaci\u00f3n Com\u00fan de Mercados (OCM) y la situaci\u00f3n de la pesca artesanal y de bajura en la Uni\u00f3n Europea, alertando de la necesidad de un etiquetado adecuado para combatir pr\u00e1cticas desleales.\u00a0","breadcrumb":{"@id":"https:\/\/ppdegalicia.com\/es\/millan-mon-alerta-sobre-la-necesidad-de-un-etiquetado-adecuado-para-combatir-practicas-desleales-como-el-pescado-vegetal\/#breadcrumb"},"inLanguage":"es","potentialAction":[{"@type":"ReadAction","target":["https:\/\/ppdegalicia.com\/es\/millan-mon-alerta-sobre-la-necesidad-de-un-etiquetado-adecuado-para-combatir-practicas-desleales-como-el-pescado-vegetal\/"]}]},{"@type":"ImageObject","inLanguage":"es","@id":"https:\/\/ppdegalicia.com\/es\/millan-mon-alerta-sobre-la-necesidad-de-un-etiquetado-adecuado-para-combatir-practicas-desleales-como-el-pescado-vegetal\/#primaryimage","url":"https:\/\/ppdegalicia.com\/wp-content\/uploads\/2026\/09\/Francisco-Millan-Mon.jpeg","contentUrl":"https:\/\/ppdegalicia.com\/wp-content\/uploads\/2026\/09\/Francisco-Millan-Mon.jpeg","width":2000,"height":1334},{"@type":"BreadcrumbList","@id":"https:\/\/ppdegalicia.com\/es\/millan-mon-alerta-sobre-la-necesidad-de-un-etiquetado-adecuado-para-combatir-practicas-desleales-como-el-pescado-vegetal\/#breadcrumb","itemListElement":[{"@type":"ListItem","position":1,"name":"Portada","item":"https:\/\/ppdegalicia.com\/es\/"},{"@type":"ListItem","position":2,"name":"Mill\u00e1n Mon alerta sobre la necesidad de un etiquetado adecuado para combatir pr\u00e1cticas desleales como el \u201cpescado vegetal\u201d"}]},{"@type":"WebSite","@id":"https:\/\/ppdegalicia.com\/es\/#website","url":"https:\/\/ppdegalicia.com\/es\/","name":"Partido Popular de Galicia","description":"Partido Popular de Galicia","publisher":{"@id":"https:\/\/ppdegalicia.com\/es\/#organization"},"alternateName":"PP de Galicia","potentialAction":[{"@type":"SearchAction","target":{"@type":"EntryPoint","urlTemplate":"https:\/\/ppdegalicia.com\/es\/?s={search_term_string}"},"query-input":{"@type":"PropertyValueSpecification","valueRequired":true,"valueName":"search_term_string"}}],"inLanguage":"es"},{"@type":"Organization","@id":"https:\/\/ppdegalicia.com\/es\/#organization","name":"Partido Popular de Galicia","alternateName":"PP de Galicia","url":"https:\/\/ppdegalicia.com\/es\/","logo":{"@type":"ImageObject","inLanguage":"es","@id":"https:\/\/ppdegalicia.com\/es\/#\/schema\/logo\/image\/","url":"https:\/\/ppdegalicia.com\/wp-content\/uploads\/2023\/04\/logoPP512.png","contentUrl":"https:\/\/ppdegalicia.com\/wp-content\/uploads\/2023\/04\/logoPP512.png","width":512,"height":512,"caption":"Partido Popular de Galicia"},"image":{"@id":"https:\/\/ppdegalicia.com\/es\/#\/schema\/logo\/image\/"},"sameAs":["https:\/\/www.instagram.com\/ppdegalicia\/","https:\/\/x.com\/ppdegalicia","https:\/\/www.tiktok.com\/@ppdegalicia","https:\/\/www.youtube.com\/user\/ppdegalicia"]},{"@type":"Person","@id":"https:\/\/ppdegalicia.com\/es\/#\/schema\/person\/5b822c6f59e872ebdd1142f307dbcb59","name":"ppdegaliciaredes","image":{"@type":"ImageObject","inLanguage":"es","@id":"https:\/\/secure.gravatar.com\/avatar\/3c9179cf0256d00c72a48d1f25783c58b6842cd56e85ef3a572881c8e28ccd59?s=96&d=mm&r=g","url":"https:\/\/secure.gravatar.com\/avatar\/3c9179cf0256d00c72a48d1f25783c58b6842cd56e85ef3a572881c8e28ccd59?s=96&d=mm&r=g","contentUrl":"https:\/\/secure.gravatar.com\/avatar\/3c9179cf0256d00c72a48d1f25783c58b6842cd56e85ef3a572881c8e28ccd59?s=96&d=mm&r=g","caption":"ppdegaliciaredes"},"url":"https:\/\/ppdegalicia.com\/es\/author\/ppdegaliciaredes\/"}]}},"_links":{"self":[{"href":"https:\/\/ppdegalicia.com\/es\/wp-json\/wp\/v2\/posts\/72143","targetHints":{"allow":["GET"]}}],"collection":[{"href":"https:\/\/ppdegalicia.com\/es\/wp-json\/wp\/v2\/posts"}],"about":[{"href":"https:\/\/ppdegalicia.com\/es\/wp-json\/wp\/v2\/types\/post"}],"author":[{"embeddable":true,"href":"https:\/\/ppdegalicia.com\/es\/wp-json\/wp\/v2\/users\/38"}],"replies":[{"embeddable":true,"href":"https:\/\/ppdegalicia.com\/es\/wp-json\/wp\/v2\/comments?post=72143"}],"version-history":[{"count":1,"href":"https:\/\/ppdegalicia.com\/es\/wp-json\/wp\/v2\/posts\/72143\/revisions"}],"predecessor-version":[{"id":72146,"href":"https:\/\/ppdegalicia.com\/es\/wp-json\/wp\/v2\/posts\/72143\/revisions\/72146"}],"wp:featuredmedia":[{"embeddable":true,"href":"https:\/\/ppdegalicia.com\/es\/wp-json\/wp\/v2\/media\/72144"}],"wp:attachment":[{"href":"https:\/\/ppdegalicia.com\/es\/wp-json\/wp\/v2\/media?parent=72143"}],"wp:term":[{"taxonomy":"category","embeddable":true,"href":"https:\/\/ppdegalicia.com\/es\/wp-json\/wp\/v2\/categories?post=72143"},{"taxonomy":"post_tag","embeddable":true,"href":"https:\/\/ppdegalicia.com\/es\/wp-json\/wp\/v2\/tags?post=72143"}],"curies":[{"name":"wp","href":"https:\/\/api.w.org\/{rel}","templated":true}]}}