{"id":72147,"date":"2026-09-02T13:34:01","date_gmt":"2026-09-02T11:34:01","guid":{"rendered":"https:\/\/ppdegalicia.com\/?p=72147"},"modified":"2026-09-02T13:34:01","modified_gmt":"2026-09-02T11:34:01","slug":"paula-prado-urxe-a-sanchez-que-convoque-eleccions-para-acabar-co-seu-goberno-a-deriva-que-abandona-ao-pobo-ceuti-e-despreza-a-galicia","status":"publish","type":"post","link":"https:\/\/ppdegalicia.com\/es\/paula-prado-urxe-a-sanchez-que-convoque-eleccions-para-acabar-co-seu-goberno-a-deriva-que-abandona-ao-pobo-ceuti-e-despreza-a-galicia\/","title":{"rendered":"Paula Prado urxe a S\u00e1nchez que convoque elecci\u00f3ns para acabar co seu Goberno \u201c\u00e1 deriva\u201d, que abandona ao pobo ceut\u00ed e despreza a Galicia"},"content":{"rendered":"<p style=\"font-weight: 400;\">A secretaria xeral do PPdeG, Paula Prado, urxe a Pedro S\u00e1nchez a convocatoria de Elecci\u00f3ns Xerais para po\u00f1er fin ao seu \u201cGoberno\u00a0\u00e1\u00a0deriva, en descomposici\u00f3n\u201d, cunha \u201cpasividade total\u201d co que ocorre en Ceuta tras a invasi\u00f3n de\u00a0milleiros\u00a0de migrantes e co seu \u201cdesprezo constante a Galicia\u201d. \u201cUn Executivo\u201d, subli\u00f1ou, \u201cque tam\u00e9n sustentan os independentistas galegos\u201d.<\/p>\n<p style=\"font-weight: 400;\">Neste sentido, apelando \u00e1 unidade e \u00e1 defensa da soberan\u00eda nacional, lembrou a mobilizaci\u00f3n en apoio ao pobo ceut\u00ed hoxe \u00e1s 20.00 horas\u00a0diante de m\u00e1is de 160 consistorios e coa participaci\u00f3n de m\u00e1is de 200 localidades, convocada pola Federaci\u00f3n Espa\u00f1ola de Municipios e Provincias (FEMP), para amosar a indignaci\u00f3n dos galegos e galegas cunha \u201ccuesti\u00f3n de pa\u00eds, sen siglas\u201d.<\/p>\n<p style=\"font-weight: 400;\">As\u00ed o manifestou a n\u00famero dous dos populares galegos durante a rolda de prensa celebrada hoxe na sede auton\u00f3mica do PPdeG, onde defendeu un \u201ccambio de ciclo necesario\u201d no que Alberto N\u00fa\u00f1ez Feij\u00f3o sexa o presidente \u201cque Espa\u00f1a merece e necesita\u201d.<\/p>\n<p style=\"font-weight: 400;\">Prado lembrou que Galicia estar\u00e1 hoxe ao lado do pobo ceut\u00ed, precisamente no D\u00eda de Ceuta, pese aos intentos da oposici\u00f3n en Galicia de \u201censuciar\u201d as concentraci\u00f3ns. \u201cEst\u00e1n desnortados, non son capaces de deixar a ideolox\u00eda a un lado para defender aos nosos compatriotas\u201d, criticou Prado sobre as\u00a0acusaci\u00f3ns\u00a0de PSdeG e BNG \u00e1s convocatorias, que anunciaron que non apoiar\u00e1n. Neste punto, lamentou que para os socialistas e os independentistas galegos \u201cnon sexa suficiente\u201d que os corpos de seguridade pidan soluci\u00f3ns, os sanitarios denuncien colapso ou que haxa unha agresi\u00f3n sexual ao d\u00eda en Ceuta.<\/p>\n<p style=\"font-weight: 400;\">A secretaria xeral\u00a0preg\u00fantase que clase de feminismo \u201cd\u00e1 lecci\u00f3ns\u201d na oposici\u00f3n mentres ocorren estes incidentes en Ceuta e lamenta que\u00a0te\u00f1an\u00a0que atacar unha vez m\u00e1is ao Partido Popular \u201cpara tapar a s\u00faa falta de criterio e de xesti\u00f3n\u201d. Neste punto, tam\u00e9n critica que S\u00e1nchez \u201cescorra o vulto\u201d amosando m\u00e1is hostilidade contra o Rei de Espa\u00f1a que contra o Rei de Marrocos, mentres se co\u00f1ecen pola prensa novidades como que a Polic\u00eda informou \u00e1 xu\u00edza da Audiencia Nacional que a invasi\u00f3n de Ceuta foi guiada e coordinada por xendarmes marroqu\u00eds.<\/p>\n<p style=\"font-weight: 400;\">Facendo referencia a declaraci\u00f3ns do presidente do PPdeG, Alfonso Rueda, a n\u00famero dous dos populares galegos destacou que \u201cningu\u00e9n pode vir a darnos lecci\u00f3ns do que hai que facer coa xente que entra nun pa\u00eds aos galegos e galegas\u201d, para os que emigrar \u00e9 sin\u00f3nimo de \u201cresponsabilidade, arraigo, identidade e traballo\u201d.<\/p>\n<p style=\"font-weight: 400;\"><strong><u>AS POL\u00cdTICAS DE \u2018SENTIDI\u00d1O\u2019<\/u><\/strong><\/p>\n<p style=\"font-weight: 400;\">Por outra banda, aproveitou a s\u00faa intervenci\u00f3n para po\u00f1er en valor o traballo diario do PPdeG, as pol\u00edticas de \u201csentidi\u00f1o\u201d e a senda de estabilidade que caracteriza a Galicia, facendo referencia ao inicio de curso pol\u00edtico presidido a pasada fin de semana en Cerdedo Cotobade por Alberto N\u00fa\u00f1ez Feij\u00f3o e Alfonso Rueda.<\/p>\n<p style=\"font-weight: 400;\">Neste acto,\u00a0onde os discursos de apoio a Ceuta estiveron presentes en todas as intervenci\u00f3ns,\u00a0tam\u00e9n se lembrou o desprezo constante a Galicia por parte de S\u00e1nchez en cuesti\u00f3ns que, tal e como lembrou hoxe Prado, van dende a falta dun financiamento xusto, ao mal estado das infraestruturas ou a falta de m\u00e9dicos. Igualmente, afeou aos nacionalistas e independentistas que, co seu apoio ao Goberno de S\u00e1nchez, forman parte do \u201cimpedimento constante ao desenvolvemento da Galicia do futuro e do progreso\u201d.<\/p>\n","protected":false},"excerpt":{"rendered":"<p>A secretaria xeral do PPdeG, Paula Prado, urxe a Pedro S\u00e1nchez a convocatoria de Elecci\u00f3ns Xerais para po\u00f1er fin ao seu \u201cGoberno\u00a0\u00e1\u00a0deriva, en descomposici\u00f3n\u201d, cunha \u201cpasividade total\u201d co que ocorre en Ceuta tras a invasi\u00f3n de\u00a0milleiros\u00a0de migrantes e co seu \u201cdesprezo constante a Galicia\u201d. \u201cUn Executivo\u201d, subli\u00f1ou, \u201cque tam\u00e9n sustentan os independentistas galegos\u201d. Neste sentido, [&hellip;]<\/p>\n","protected":false},"author":38,"featured_media":72148,"comment_status":"closed","ping_status":"open","sticky":false,"template":"","format":"standard","meta":{"_acf_changed":false,"footnotes":""},"categories":[1],"tags":[],"class_list":["post-72147","post","type-post","status-publish","format-standard","has-post-thumbnail","hentry","category-pp-de-galicia"],"acf":[],"yoast_head":"<!-- This site is optimized with the Yoast SEO plugin v27.3 - https:\/\/yoast.com\/product\/yoast-seo-wordpress\/ -->\n<title>Paula Prado urxe a S\u00e1nchez que convoque elecci\u00f3ns para acabar co seu Goberno \u201c\u00e1 deriva\u201d, que abandona ao pobo ceut\u00ed e despreza a Galicia - PP de Galicia<\/title>\n<meta name=\"description\" content=\"A secretaria xeral do PPdeG, Paula Prado, urxe a Pedro S\u00e1nchez a convocatoria de Elecci\u00f3ns Xerais para po\u00f1er fin ao seu \u201cGoberno\u00a0\u00e1\u00a0deriva, en descomposici\u00f3n\u201d, cunha \u201cpasividade total\u201d co que ocorre en Ceuta tras a invasi\u00f3n de\u00a0milleiros\u00a0de migrantes e co seu \u201cdesprezo constante a Galicia\u201d. \u201cUn Executivo\u201d, subli\u00f1ou, \u201cque tam\u00e9n sustentan os independentistas galegos\u201d.\u00a0\" \/>\n<meta name=\"robots\" content=\"index, follow, max-snippet:-1, max-image-preview:large, max-video-preview:-1\" \/>\n<link rel=\"canonical\" href=\"https:\/\/ppdegalicia.com\/es\/paula-prado-urxe-a-sanchez-que-convoque-eleccions-para-acabar-co-seu-goberno-a-deriva-que-abandona-ao-pobo-ceuti-e-despreza-a-galicia\/\" \/>\n<meta property=\"og:locale\" content=\"es_ES\" \/>\n<meta property=\"og:type\" content=\"article\" \/>\n<meta property=\"og:title\" content=\"Paula Prado urxe a S\u00e1nchez que convoque elecci\u00f3ns para acabar co seu Goberno \u201c\u00e1 deriva\u201d, que abandona ao pobo ceut\u00ed e despreza a Galicia - PP de Galicia\" \/>\n<meta property=\"og:description\" content=\"A secretaria xeral do PPdeG, Paula Prado, urxe a Pedro S\u00e1nchez a convocatoria de Elecci\u00f3ns Xerais para po\u00f1er fin ao seu \u201cGoberno\u00a0\u00e1\u00a0deriva, en descomposici\u00f3n\u201d, cunha \u201cpasividade total\u201d co que ocorre en Ceuta tras a invasi\u00f3n de\u00a0milleiros\u00a0de migrantes e co seu \u201cdesprezo constante a Galicia\u201d. \u201cUn Executivo\u201d, subli\u00f1ou, \u201cque tam\u00e9n sustentan os independentistas galegos\u201d.\u00a0\" \/>\n<meta property=\"og:url\" content=\"https:\/\/ppdegalicia.com\/es\/paula-prado-urxe-a-sanchez-que-convoque-eleccions-para-acabar-co-seu-goberno-a-deriva-que-abandona-ao-pobo-ceuti-e-despreza-a-galicia\/\" \/>\n<meta property=\"og:site_name\" content=\"PP de Galicia\" \/>\n<meta property=\"article:publisher\" content=\"https:\/\/www.instagram.com\/ppdegalicia\/\" \/>\n<meta property=\"article:published_time\" content=\"2026-09-02T11:34:01+00:00\" \/>\n<meta property=\"og:image\" content=\"https:\/\/ppdegalicia.com\/wp-content\/uploads\/2026\/09\/20260902_PPrado_rdp-scaled.jpg\" \/>\n\t<meta property=\"og:image:width\" content=\"2560\" \/>\n\t<meta property=\"og:image:height\" content=\"1707\" \/>\n\t<meta property=\"og:image:type\" content=\"image\/jpeg\" \/>\n<meta name=\"author\" content=\"ppdegaliciaredes\" \/>\n<meta name=\"twitter:card\" content=\"summary_large_image\" \/>\n<meta name=\"twitter:creator\" content=\"@ppdegalicia\" \/>\n<meta name=\"twitter:site\" content=\"@ppdegalicia\" \/>\n<meta name=\"twitter:label1\" content=\"Escrito por\" \/>\n\t<meta name=\"twitter:data1\" content=\"ppdegaliciaredes\" \/>\n\t<meta name=\"twitter:label2\" content=\"Tiempo de lectura\" \/>\n\t<meta name=\"twitter:data2\" content=\"4 minutos\" \/>\n<script type=\"application\/ld+json\" class=\"yoast-schema-graph\">{\"@context\":\"https:\\\/\\\/schema.org\",\"@graph\":[{\"@type\":\"Article\",\"@id\":\"https:\\\/\\\/ppdegalicia.com\\\/es\\\/paula-prado-urxe-a-sanchez-que-convoque-eleccions-para-acabar-co-seu-goberno-a-deriva-que-abandona-ao-pobo-ceuti-e-despreza-a-galicia\\\/#article\",\"isPartOf\":{\"@id\":\"https:\\\/\\\/ppdegalicia.com\\\/es\\\/paula-prado-urxe-a-sanchez-que-convoque-eleccions-para-acabar-co-seu-goberno-a-deriva-que-abandona-ao-pobo-ceuti-e-despreza-a-galicia\\\/\"},\"author\":{\"name\":\"ppdegaliciaredes\",\"@id\":\"https:\\\/\\\/ppdegalicia.com\\\/es\\\/#\\\/schema\\\/person\\\/5b822c6f59e872ebdd1142f307dbcb59\"},\"headline\":\"Paula Prado urxe a S\u00e1nchez que convoque elecci\u00f3ns para acabar co seu Goberno \u201c\u00e1 deriva\u201d, que abandona ao pobo ceut\u00ed e despreza a Galicia\",\"datePublished\":\"2026-09-02T11:34:01+00:00\",\"mainEntityOfPage\":{\"@id\":\"https:\\\/\\\/ppdegalicia.com\\\/es\\\/paula-prado-urxe-a-sanchez-que-convoque-eleccions-para-acabar-co-seu-goberno-a-deriva-que-abandona-ao-pobo-ceuti-e-despreza-a-galicia\\\/\"},\"wordCount\":619,\"publisher\":{\"@id\":\"https:\\\/\\\/ppdegalicia.com\\\/es\\\/#organization\"},\"image\":{\"@id\":\"https:\\\/\\\/ppdegalicia.com\\\/es\\\/paula-prado-urxe-a-sanchez-que-convoque-eleccions-para-acabar-co-seu-goberno-a-deriva-que-abandona-ao-pobo-ceuti-e-despreza-a-galicia\\\/#primaryimage\"},\"thumbnailUrl\":\"https:\\\/\\\/ppdegalicia.com\\\/wp-content\\\/uploads\\\/2026\\\/09\\\/20260902_PPrado_rdp-scaled.jpg\",\"articleSection\":[\"PP de Galicia\"],\"inLanguage\":\"es\"},{\"@type\":\"WebPage\",\"@id\":\"https:\\\/\\\/ppdegalicia.com\\\/es\\\/paula-prado-urxe-a-sanchez-que-convoque-eleccions-para-acabar-co-seu-goberno-a-deriva-que-abandona-ao-pobo-ceuti-e-despreza-a-galicia\\\/\",\"url\":\"https:\\\/\\\/ppdegalicia.com\\\/es\\\/paula-prado-urxe-a-sanchez-que-convoque-eleccions-para-acabar-co-seu-goberno-a-deriva-que-abandona-ao-pobo-ceuti-e-despreza-a-galicia\\\/\",\"name\":\"Paula Prado urxe a S\u00e1nchez que convoque elecci\u00f3ns para acabar co seu Goberno \u201c\u00e1 deriva\u201d, que abandona ao pobo ceut\u00ed e despreza a Galicia - PP de Galicia\",\"isPartOf\":{\"@id\":\"https:\\\/\\\/ppdegalicia.com\\\/es\\\/#website\"},\"primaryImageOfPage\":{\"@id\":\"https:\\\/\\\/ppdegalicia.com\\\/es\\\/paula-prado-urxe-a-sanchez-que-convoque-eleccions-para-acabar-co-seu-goberno-a-deriva-que-abandona-ao-pobo-ceuti-e-despreza-a-galicia\\\/#primaryimage\"},\"image\":{\"@id\":\"https:\\\/\\\/ppdegalicia.com\\\/es\\\/paula-prado-urxe-a-sanchez-que-convoque-eleccions-para-acabar-co-seu-goberno-a-deriva-que-abandona-ao-pobo-ceuti-e-despreza-a-galicia\\\/#primaryimage\"},\"thumbnailUrl\":\"https:\\\/\\\/ppdegalicia.com\\\/wp-content\\\/uploads\\\/2026\\\/09\\\/20260902_PPrado_rdp-scaled.jpg\",\"datePublished\":\"2026-09-02T11:34:01+00:00\",\"description\":\"A secretaria xeral do PPdeG, Paula Prado, urxe a Pedro S\u00e1nchez a convocatoria de Elecci\u00f3ns Xerais para po\u00f1er fin ao seu \u201cGoberno\u00a0\u00e1\u00a0deriva, en descomposici\u00f3n\u201d, cunha \u201cpasividade total\u201d co que ocorre en Ceuta tras a invasi\u00f3n de\u00a0milleiros\u00a0de migrantes e co seu \u201cdesprezo constante a Galicia\u201d. \u201cUn Executivo\u201d, subli\u00f1ou, \u201cque tam\u00e9n sustentan os independentistas galegos\u201d.\u00a0\",\"breadcrumb\":{\"@id\":\"https:\\\/\\\/ppdegalicia.com\\\/es\\\/paula-prado-urxe-a-sanchez-que-convoque-eleccions-para-acabar-co-seu-goberno-a-deriva-que-abandona-ao-pobo-ceuti-e-despreza-a-galicia\\\/#breadcrumb\"},\"inLanguage\":\"es\",\"potentialAction\":[{\"@type\":\"ReadAction\",\"target\":[\"https:\\\/\\\/ppdegalicia.com\\\/es\\\/paula-prado-urxe-a-sanchez-que-convoque-eleccions-para-acabar-co-seu-goberno-a-deriva-que-abandona-ao-pobo-ceuti-e-despreza-a-galicia\\\/\"]}]},{\"@type\":\"ImageObject\",\"inLanguage\":\"es\",\"@id\":\"https:\\\/\\\/ppdegalicia.com\\\/es\\\/paula-prado-urxe-a-sanchez-que-convoque-eleccions-para-acabar-co-seu-goberno-a-deriva-que-abandona-ao-pobo-ceuti-e-despreza-a-galicia\\\/#primaryimage\",\"url\":\"https:\\\/\\\/ppdegalicia.com\\\/wp-content\\\/uploads\\\/2026\\\/09\\\/20260902_PPrado_rdp-scaled.jpg\",\"contentUrl\":\"https:\\\/\\\/ppdegalicia.com\\\/wp-content\\\/uploads\\\/2026\\\/09\\\/20260902_PPrado_rdp-scaled.jpg\",\"width\":2560,\"height\":1707},{\"@type\":\"BreadcrumbList\",\"@id\":\"https:\\\/\\\/ppdegalicia.com\\\/es\\\/paula-prado-urxe-a-sanchez-que-convoque-eleccions-para-acabar-co-seu-goberno-a-deriva-que-abandona-ao-pobo-ceuti-e-despreza-a-galicia\\\/#breadcrumb\",\"itemListElement\":[{\"@type\":\"ListItem\",\"position\":1,\"name\":\"Portada\",\"item\":\"https:\\\/\\\/ppdegalicia.com\\\/es\\\/\"},{\"@type\":\"ListItem\",\"position\":2,\"name\":\"Paula Prado urxe a S\u00e1nchez que convoque elecci\u00f3ns para acabar co seu Goberno \u201c\u00e1 deriva\u201d, que abandona ao pobo ceut\u00ed e despreza a Galicia\"}]},{\"@type\":\"WebSite\",\"@id\":\"https:\\\/\\\/ppdegalicia.com\\\/es\\\/#website\",\"url\":\"https:\\\/\\\/ppdegalicia.com\\\/es\\\/\",\"name\":\"Partido Popular de Galicia\",\"description\":\"Partido Popular de Galicia\",\"publisher\":{\"@id\":\"https:\\\/\\\/ppdegalicia.com\\\/es\\\/#organization\"},\"alternateName\":\"PP de Galicia\",\"potentialAction\":[{\"@type\":\"SearchAction\",\"target\":{\"@type\":\"EntryPoint\",\"urlTemplate\":\"https:\\\/\\\/ppdegalicia.com\\\/es\\\/?s={search_term_string}\"},\"query-input\":{\"@type\":\"PropertyValueSpecification\",\"valueRequired\":true,\"valueName\":\"search_term_string\"}}],\"inLanguage\":\"es\"},{\"@type\":\"Organization\",\"@id\":\"https:\\\/\\\/ppdegalicia.com\\\/es\\\/#organization\",\"name\":\"Partido Popular de Galicia\",\"alternateName\":\"PP de Galicia\",\"url\":\"https:\\\/\\\/ppdegalicia.com\\\/es\\\/\",\"logo\":{\"@type\":\"ImageObject\",\"inLanguage\":\"es\",\"@id\":\"https:\\\/\\\/ppdegalicia.com\\\/es\\\/#\\\/schema\\\/logo\\\/image\\\/\",\"url\":\"https:\\\/\\\/ppdegalicia.com\\\/wp-content\\\/uploads\\\/2023\\\/04\\\/logoPP512.png\",\"contentUrl\":\"https:\\\/\\\/ppdegalicia.com\\\/wp-content\\\/uploads\\\/2023\\\/04\\\/logoPP512.png\",\"width\":512,\"height\":512,\"caption\":\"Partido Popular de Galicia\"},\"image\":{\"@id\":\"https:\\\/\\\/ppdegalicia.com\\\/es\\\/#\\\/schema\\\/logo\\\/image\\\/\"},\"sameAs\":[\"https:\\\/\\\/www.instagram.com\\\/ppdegalicia\\\/\",\"https:\\\/\\\/x.com\\\/ppdegalicia\",\"https:\\\/\\\/www.tiktok.com\\\/@ppdegalicia\",\"https:\\\/\\\/www.youtube.com\\\/user\\\/ppdegalicia\"]},{\"@type\":\"Person\",\"@id\":\"https:\\\/\\\/ppdegalicia.com\\\/es\\\/#\\\/schema\\\/person\\\/5b822c6f59e872ebdd1142f307dbcb59\",\"name\":\"ppdegaliciaredes\",\"image\":{\"@type\":\"ImageObject\",\"inLanguage\":\"es\",\"@id\":\"https:\\\/\\\/secure.gravatar.com\\\/avatar\\\/3c9179cf0256d00c72a48d1f25783c58b6842cd56e85ef3a572881c8e28ccd59?s=96&d=mm&r=g\",\"url\":\"https:\\\/\\\/secure.gravatar.com\\\/avatar\\\/3c9179cf0256d00c72a48d1f25783c58b6842cd56e85ef3a572881c8e28ccd59?s=96&d=mm&r=g\",\"contentUrl\":\"https:\\\/\\\/secure.gravatar.com\\\/avatar\\\/3c9179cf0256d00c72a48d1f25783c58b6842cd56e85ef3a572881c8e28ccd59?s=96&d=mm&r=g\",\"caption\":\"ppdegaliciaredes\"},\"url\":\"https:\\\/\\\/ppdegalicia.com\\\/es\\\/author\\\/ppdegaliciaredes\\\/\"}]}<\/script>\n<!-- \/ Yoast SEO plugin. -->","yoast_head_json":{"title":"Paula Prado urxe a S\u00e1nchez que convoque elecci\u00f3ns para acabar co seu Goberno \u201c\u00e1 deriva\u201d, que abandona ao pobo ceut\u00ed e despreza a Galicia - PP de Galicia","description":"A secretaria xeral do PPdeG, Paula Prado, urxe a Pedro S\u00e1nchez a convocatoria de Elecci\u00f3ns Xerais para po\u00f1er fin ao seu \u201cGoberno\u00a0\u00e1\u00a0deriva, en descomposici\u00f3n\u201d, cunha \u201cpasividade total\u201d co que ocorre en Ceuta tras a invasi\u00f3n de\u00a0milleiros\u00a0de migrantes e co seu \u201cdesprezo constante a Galicia\u201d. \u201cUn Executivo\u201d, subli\u00f1ou, \u201cque tam\u00e9n sustentan os independentistas galegos\u201d.\u00a0","robots":{"index":"index","follow":"follow","max-snippet":"max-snippet:-1","max-image-preview":"max-image-preview:large","max-video-preview":"max-video-preview:-1"},"canonical":"https:\/\/ppdegalicia.com\/es\/paula-prado-urxe-a-sanchez-que-convoque-eleccions-para-acabar-co-seu-goberno-a-deriva-que-abandona-ao-pobo-ceuti-e-despreza-a-galicia\/","og_locale":"es_ES","og_type":"article","og_title":"Paula Prado urxe a S\u00e1nchez que convoque elecci\u00f3ns para acabar co seu Goberno \u201c\u00e1 deriva\u201d, que abandona ao pobo ceut\u00ed e despreza a Galicia - PP de Galicia","og_description":"A secretaria xeral do PPdeG, Paula Prado, urxe a Pedro S\u00e1nchez a convocatoria de Elecci\u00f3ns Xerais para po\u00f1er fin ao seu \u201cGoberno\u00a0\u00e1\u00a0deriva, en descomposici\u00f3n\u201d, cunha \u201cpasividade total\u201d co que ocorre en Ceuta tras a invasi\u00f3n de\u00a0milleiros\u00a0de migrantes e co seu \u201cdesprezo constante a Galicia\u201d. \u201cUn Executivo\u201d, subli\u00f1ou, \u201cque tam\u00e9n sustentan os independentistas galegos\u201d.\u00a0","og_url":"https:\/\/ppdegalicia.com\/es\/paula-prado-urxe-a-sanchez-que-convoque-eleccions-para-acabar-co-seu-goberno-a-deriva-que-abandona-ao-pobo-ceuti-e-despreza-a-galicia\/","og_site_name":"PP de Galicia","article_publisher":"https:\/\/www.instagram.com\/ppdegalicia\/","article_published_time":"2026-09-02T11:34:01+00:00","og_image":[{"width":2560,"height":1707,"url":"https:\/\/ppdegalicia.com\/wp-content\/uploads\/2026\/09\/20260902_PPrado_rdp-scaled.jpg","type":"image\/jpeg"}],"author":"ppdegaliciaredes","twitter_card":"summary_large_image","twitter_creator":"@ppdegalicia","twitter_site":"@ppdegalicia","twitter_misc":{"Escrito por":"ppdegaliciaredes","Tiempo de lectura":"4 minutos"},"schema":{"@context":"https:\/\/schema.org","@graph":[{"@type":"Article","@id":"https:\/\/ppdegalicia.com\/es\/paula-prado-urxe-a-sanchez-que-convoque-eleccions-para-acabar-co-seu-goberno-a-deriva-que-abandona-ao-pobo-ceuti-e-despreza-a-galicia\/#article","isPartOf":{"@id":"https:\/\/ppdegalicia.com\/es\/paula-prado-urxe-a-sanchez-que-convoque-eleccions-para-acabar-co-seu-goberno-a-deriva-que-abandona-ao-pobo-ceuti-e-despreza-a-galicia\/"},"author":{"name":"ppdegaliciaredes","@id":"https:\/\/ppdegalicia.com\/es\/#\/schema\/person\/5b822c6f59e872ebdd1142f307dbcb59"},"headline":"Paula Prado urxe a S\u00e1nchez que convoque elecci\u00f3ns para acabar co seu Goberno \u201c\u00e1 deriva\u201d, que abandona ao pobo ceut\u00ed e despreza a Galicia","datePublished":"2026-09-02T11:34:01+00:00","mainEntityOfPage":{"@id":"https:\/\/ppdegalicia.com\/es\/paula-prado-urxe-a-sanchez-que-convoque-eleccions-para-acabar-co-seu-goberno-a-deriva-que-abandona-ao-pobo-ceuti-e-despreza-a-galicia\/"},"wordCount":619,"publisher":{"@id":"https:\/\/ppdegalicia.com\/es\/#organization"},"image":{"@id":"https:\/\/ppdegalicia.com\/es\/paula-prado-urxe-a-sanchez-que-convoque-eleccions-para-acabar-co-seu-goberno-a-deriva-que-abandona-ao-pobo-ceuti-e-despreza-a-galicia\/#primaryimage"},"thumbnailUrl":"https:\/\/ppdegalicia.com\/wp-content\/uploads\/2026\/09\/20260902_PPrado_rdp-scaled.jpg","articleSection":["PP de Galicia"],"inLanguage":"es"},{"@type":"WebPage","@id":"https:\/\/ppdegalicia.com\/es\/paula-prado-urxe-a-sanchez-que-convoque-eleccions-para-acabar-co-seu-goberno-a-deriva-que-abandona-ao-pobo-ceuti-e-despreza-a-galicia\/","url":"https:\/\/ppdegalicia.com\/es\/paula-prado-urxe-a-sanchez-que-convoque-eleccions-para-acabar-co-seu-goberno-a-deriva-que-abandona-ao-pobo-ceuti-e-despreza-a-galicia\/","name":"Paula Prado urxe a S\u00e1nchez que convoque elecci\u00f3ns para acabar co seu Goberno \u201c\u00e1 deriva\u201d, que abandona ao pobo ceut\u00ed e despreza a Galicia - PP de Galicia","isPartOf":{"@id":"https:\/\/ppdegalicia.com\/es\/#website"},"primaryImageOfPage":{"@id":"https:\/\/ppdegalicia.com\/es\/paula-prado-urxe-a-sanchez-que-convoque-eleccions-para-acabar-co-seu-goberno-a-deriva-que-abandona-ao-pobo-ceuti-e-despreza-a-galicia\/#primaryimage"},"image":{"@id":"https:\/\/ppdegalicia.com\/es\/paula-prado-urxe-a-sanchez-que-convoque-eleccions-para-acabar-co-seu-goberno-a-deriva-que-abandona-ao-pobo-ceuti-e-despreza-a-galicia\/#primaryimage"},"thumbnailUrl":"https:\/\/ppdegalicia.com\/wp-content\/uploads\/2026\/09\/20260902_PPrado_rdp-scaled.jpg","datePublished":"2026-09-02T11:34:01+00:00","description":"A secretaria xeral do PPdeG, Paula Prado, urxe a Pedro S\u00e1nchez a convocatoria de Elecci\u00f3ns Xerais para po\u00f1er fin ao seu \u201cGoberno\u00a0\u00e1\u00a0deriva, en descomposici\u00f3n\u201d, cunha \u201cpasividade total\u201d co que ocorre en Ceuta tras a invasi\u00f3n de\u00a0milleiros\u00a0de migrantes e co seu \u201cdesprezo constante a Galicia\u201d. \u201cUn Executivo\u201d, subli\u00f1ou, \u201cque tam\u00e9n sustentan os independentistas galegos\u201d.\u00a0","breadcrumb":{"@id":"https:\/\/ppdegalicia.com\/es\/paula-prado-urxe-a-sanchez-que-convoque-eleccions-para-acabar-co-seu-goberno-a-deriva-que-abandona-ao-pobo-ceuti-e-despreza-a-galicia\/#breadcrumb"},"inLanguage":"es","potentialAction":[{"@type":"ReadAction","target":["https:\/\/ppdegalicia.com\/es\/paula-prado-urxe-a-sanchez-que-convoque-eleccions-para-acabar-co-seu-goberno-a-deriva-que-abandona-ao-pobo-ceuti-e-despreza-a-galicia\/"]}]},{"@type":"ImageObject","inLanguage":"es","@id":"https:\/\/ppdegalicia.com\/es\/paula-prado-urxe-a-sanchez-que-convoque-eleccions-para-acabar-co-seu-goberno-a-deriva-que-abandona-ao-pobo-ceuti-e-despreza-a-galicia\/#primaryimage","url":"https:\/\/ppdegalicia.com\/wp-content\/uploads\/2026\/09\/20260902_PPrado_rdp-scaled.jpg","contentUrl":"https:\/\/ppdegalicia.com\/wp-content\/uploads\/2026\/09\/20260902_PPrado_rdp-scaled.jpg","width":2560,"height":1707},{"@type":"BreadcrumbList","@id":"https:\/\/ppdegalicia.com\/es\/paula-prado-urxe-a-sanchez-que-convoque-eleccions-para-acabar-co-seu-goberno-a-deriva-que-abandona-ao-pobo-ceuti-e-despreza-a-galicia\/#breadcrumb","itemListElement":[{"@type":"ListItem","position":1,"name":"Portada","item":"https:\/\/ppdegalicia.com\/es\/"},{"@type":"ListItem","position":2,"name":"Paula Prado urxe a S\u00e1nchez que convoque elecci\u00f3ns para acabar co seu Goberno \u201c\u00e1 deriva\u201d, que abandona ao pobo ceut\u00ed e despreza a Galicia"}]},{"@type":"WebSite","@id":"https:\/\/ppdegalicia.com\/es\/#website","url":"https:\/\/ppdegalicia.com\/es\/","name":"Partido Popular de Galicia","description":"Partido Popular de Galicia","publisher":{"@id":"https:\/\/ppdegalicia.com\/es\/#organization"},"alternateName":"PP de Galicia","potentialAction":[{"@type":"SearchAction","target":{"@type":"EntryPoint","urlTemplate":"https:\/\/ppdegalicia.com\/es\/?s={search_term_string}"},"query-input":{"@type":"PropertyValueSpecification","valueRequired":true,"valueName":"search_term_string"}}],"inLanguage":"es"},{"@type":"Organization","@id":"https:\/\/ppdegalicia.com\/es\/#organization","name":"Partido Popular de Galicia","alternateName":"PP de Galicia","url":"https:\/\/ppdegalicia.com\/es\/","logo":{"@type":"ImageObject","inLanguage":"es","@id":"https:\/\/ppdegalicia.com\/es\/#\/schema\/logo\/image\/","url":"https:\/\/ppdegalicia.com\/wp-content\/uploads\/2023\/04\/logoPP512.png","contentUrl":"https:\/\/ppdegalicia.com\/wp-content\/uploads\/2023\/04\/logoPP512.png","width":512,"height":512,"caption":"Partido Popular de Galicia"},"image":{"@id":"https:\/\/ppdegalicia.com\/es\/#\/schema\/logo\/image\/"},"sameAs":["https:\/\/www.instagram.com\/ppdegalicia\/","https:\/\/x.com\/ppdegalicia","https:\/\/www.tiktok.com\/@ppdegalicia","https:\/\/www.youtube.com\/user\/ppdegalicia"]},{"@type":"Person","@id":"https:\/\/ppdegalicia.com\/es\/#\/schema\/person\/5b822c6f59e872ebdd1142f307dbcb59","name":"ppdegaliciaredes","image":{"@type":"ImageObject","inLanguage":"es","@id":"https:\/\/secure.gravatar.com\/avatar\/3c9179cf0256d00c72a48d1f25783c58b6842cd56e85ef3a572881c8e28ccd59?s=96&d=mm&r=g","url":"https:\/\/secure.gravatar.com\/avatar\/3c9179cf0256d00c72a48d1f25783c58b6842cd56e85ef3a572881c8e28ccd59?s=96&d=mm&r=g","contentUrl":"https:\/\/secure.gravatar.com\/avatar\/3c9179cf0256d00c72a48d1f25783c58b6842cd56e85ef3a572881c8e28ccd59?s=96&d=mm&r=g","caption":"ppdegaliciaredes"},"url":"https:\/\/ppdegalicia.com\/es\/author\/ppdegaliciaredes\/"}]}},"_links":{"self":[{"href":"https:\/\/ppdegalicia.com\/es\/wp-json\/wp\/v2\/posts\/72147","targetHints":{"allow":["GET"]}}],"collection":[{"href":"https:\/\/ppdegalicia.com\/es\/wp-json\/wp\/v2\/posts"}],"about":[{"href":"https:\/\/ppdegalicia.com\/es\/wp-json\/wp\/v2\/types\/post"}],"author":[{"embeddable":true,"href":"https:\/\/ppdegalicia.com\/es\/wp-json\/wp\/v2\/users\/38"}],"replies":[{"embeddable":true,"href":"https:\/\/ppdegalicia.com\/es\/wp-json\/wp\/v2\/comments?post=72147"}],"version-history":[{"count":1,"href":"https:\/\/ppdegalicia.com\/es\/wp-json\/wp\/v2\/posts\/72147\/revisions"}],"predecessor-version":[{"id":72150,"href":"https:\/\/ppdegalicia.com\/es\/wp-json\/wp\/v2\/posts\/72147\/revisions\/72150"}],"wp:featuredmedia":[{"embeddable":true,"href":"https:\/\/ppdegalicia.com\/es\/wp-json\/wp\/v2\/media\/72148"}],"wp:attachment":[{"href":"https:\/\/ppdegalicia.com\/es\/wp-json\/wp\/v2\/media?parent=72147"}],"wp:term":[{"taxonomy":"category","embeddable":true,"href":"https:\/\/ppdegalicia.com\/es\/wp-json\/wp\/v2\/categories?post=72147"},{"taxonomy":"post_tag","embeddable":true,"href":"https:\/\/ppdegalicia.com\/es\/wp-json\/wp\/v2\/tags?post=72147"}],"curies":[{"name":"wp","href":"https:\/\/api.w.org\/{rel}","templated":true}]}}