{"id":72151,"date":"2026-09-02T21:25:37","date_gmt":"2026-09-02T19:25:37","guid":{"rendered":"https:\/\/ppdegalicia.com\/?p=72151"},"modified":"2026-09-02T21:25:37","modified_gmt":"2026-09-02T19:25:37","slug":"o-pp-lamenta-que-a-fegamp-se-desmarque-de-maneira-unilateral-das-concentracions-de-apoio-a-ceuta","status":"publish","type":"post","link":"https:\/\/ppdegalicia.com\/es\/o-pp-lamenta-que-a-fegamp-se-desmarque-de-maneira-unilateral-das-concentracions-de-apoio-a-ceuta\/","title":{"rendered":"O PP lamenta que a FEGAMP se desmarque \u201cde maneira unilateral\u201d das concentraci\u00f3ns de apoio a Ceuta"},"content":{"rendered":"<p style=\"font-weight: 400;\">O grupo do Partido Popular na Federaci\u00f3n Galega de Municipios e Provincias (FEGAMP) lamenta que a Federaci\u00f3n Galega de Municipios e Provincias non apoie as concentraci\u00f3ns de apoio a Ceuta convocadas pola Federaci\u00f3n Espa\u00f1ola de Municipios e Provincias (FEMP) para esta mesma tarde en todos os concellos de Espa\u00f1a.<\/p>\n<p style=\"font-weight: 400;\">\n<p style=\"font-weight: 400;\">O vicepresidente primeiro e voceiro dos populares galegos, \u00c1ngel Moldes, sinala que \u201ca FEGAMP se desmarca de maneira unilateral desta convocatoria\u201d, e considera que o presidente Alberto Varela est\u00e1 a facer \u201cun uso partidista da entidade\u201d. \u201c\u00c9 moi evidente que para os socialistas galegos pesan m\u00e1is as ordes de S\u00e1nchez que a independencia da propia Federaci\u00f3n, a cal non deber\u00eda ter cores pol\u00edticas\u201d, engade Moldes, ao tempo que anima a todos os galegos e galegas a participar nestas concentraci\u00f3ns, \u201csen ideolox\u00edas pol\u00edticas, para mandar unha mensaxe de alento aos nosos compatriotas ceut\u00eds\u201d.<\/p>\n<p style=\"font-weight: 400;\">\n<p style=\"font-weight: 400;\">Esta mesma tarde, e convocados pola FEMP, os cidad\u00e1ns poder\u00e1n concentrarse diante de cada concello galego para amosar unha imaxe de apoio ao pobo ceut\u00ed, que tras a invasi\u00f3n de milleiros de magreb\u00eds hai un mes seguen sen ter respostas nin soluci\u00f3ns por parte do Goberno de Espa\u00f1a ante esta grave crise. As citas ser\u00e1n \u00e1s 20:00 horas, coincidindo coa celebraci\u00f3n do D\u00eda de Ceuta.<\/p>\n<p style=\"font-weight: 400;\">\n<p style=\"font-weight: 400;\">O Partido Popular de Galicia s\u00famase a esta convocatoria porque, segundo Moldes, \u201cestamos do lado do que de verdade importa: a solidariedade, a uni\u00f3n e a soberan\u00eda nacional\u201d. \u201cO Goberno de S\u00e1nchez, totalmente desnortado, debe deixarse de evadir a s\u00faa culpa e buscar soluci\u00f3ns reais ao que est\u00e1 acontecendo\u201d, concl\u00fae o voceiro dos populares galegos.<\/p>\n","protected":false},"excerpt":{"rendered":"<p>O grupo do Partido Popular na Federaci\u00f3n Galega de Municipios e Provincias (FEGAMP) lamenta que a Federaci\u00f3n Galega de Municipios e Provincias non apoie as concentraci\u00f3ns de apoio a Ceuta convocadas pola Federaci\u00f3n Espa\u00f1ola de Municipios e Provincias (FEMP) para esta mesma tarde en todos os concellos de Espa\u00f1a. O vicepresidente primeiro e voceiro dos [&hellip;]<\/p>\n","protected":false},"author":38,"featured_media":72152,"comment_status":"closed","ping_status":"open","sticky":false,"template":"","format":"standard","meta":{"_acf_changed":false,"footnotes":""},"categories":[1],"tags":[],"class_list":["post-72151","post","type-post","status-publish","format-standard","has-post-thumbnail","hentry","category-pp-de-galicia"],"acf":[],"yoast_head":"<!-- This site is optimized with the Yoast SEO plugin v27.3 - https:\/\/yoast.com\/product\/yoast-seo-wordpress\/ -->\n<title>O PP lamenta que a FEGAMP se desmarque \u201cde maneira unilateral\u201d das concentraci\u00f3ns de apoio a Ceuta - PP de Galicia<\/title>\n<meta name=\"description\" content=\"O grupo do Partido Popular na Federaci\u00f3n Galega de Municipios e Provincias (FEGAMP) lamenta que a Federaci\u00f3n Galega de Municipios e Provincias non apoie as concentraci\u00f3ns de apoio a Ceuta convocadas pola Federaci\u00f3n Espa\u00f1ola de Municipios e Provincias (FEMP) para esta mesma tarde en todos os concellos de Espa\u00f1a.\" \/>\n<meta name=\"robots\" content=\"index, follow, max-snippet:-1, max-image-preview:large, max-video-preview:-1\" \/>\n<link rel=\"canonical\" href=\"https:\/\/ppdegalicia.com\/es\/o-pp-lamenta-que-a-fegamp-se-desmarque-de-maneira-unilateral-das-concentracions-de-apoio-a-ceuta\/\" \/>\n<meta property=\"og:locale\" content=\"es_ES\" \/>\n<meta property=\"og:type\" content=\"article\" \/>\n<meta property=\"og:title\" content=\"O PP lamenta que a FEGAMP se desmarque \u201cde maneira unilateral\u201d das concentraci\u00f3ns de apoio a Ceuta - PP de Galicia\" \/>\n<meta property=\"og:description\" content=\"O grupo do Partido Popular na Federaci\u00f3n Galega de Municipios e Provincias (FEGAMP) lamenta que a Federaci\u00f3n Galega de Municipios e Provincias non apoie as concentraci\u00f3ns de apoio a Ceuta convocadas pola Federaci\u00f3n Espa\u00f1ola de Municipios e Provincias (FEMP) para esta mesma tarde en todos os concellos de Espa\u00f1a.\" \/>\n<meta property=\"og:url\" content=\"https:\/\/ppdegalicia.com\/es\/o-pp-lamenta-que-a-fegamp-se-desmarque-de-maneira-unilateral-das-concentracions-de-apoio-a-ceuta\/\" \/>\n<meta property=\"og:site_name\" content=\"PP de Galicia\" \/>\n<meta property=\"article:publisher\" content=\"https:\/\/www.instagram.com\/ppdegalicia\/\" \/>\n<meta property=\"article:published_time\" content=\"2026-09-02T19:25:37+00:00\" \/>\n<meta property=\"og:image\" content=\"https:\/\/ppdegalicia.com\/wp-content\/uploads\/2026\/09\/Angel-Moldes.jpg\" \/>\n\t<meta property=\"og:image:width\" content=\"2000\" \/>\n\t<meta property=\"og:image:height\" content=\"1333\" \/>\n\t<meta property=\"og:image:type\" content=\"image\/jpeg\" \/>\n<meta name=\"author\" content=\"ppdegaliciaredes\" \/>\n<meta name=\"twitter:card\" content=\"summary_large_image\" \/>\n<meta name=\"twitter:creator\" content=\"@ppdegalicia\" \/>\n<meta name=\"twitter:site\" content=\"@ppdegalicia\" \/>\n<meta name=\"twitter:label1\" content=\"Escrito por\" \/>\n\t<meta name=\"twitter:data1\" content=\"ppdegaliciaredes\" \/>\n\t<meta name=\"twitter:label2\" content=\"Tiempo de lectura\" \/>\n\t<meta name=\"twitter:data2\" content=\"2 minutos\" \/>\n<script type=\"application\/ld+json\" class=\"yoast-schema-graph\">{\"@context\":\"https:\\\/\\\/schema.org\",\"@graph\":[{\"@type\":\"Article\",\"@id\":\"https:\\\/\\\/ppdegalicia.com\\\/es\\\/o-pp-lamenta-que-a-fegamp-se-desmarque-de-maneira-unilateral-das-concentracions-de-apoio-a-ceuta\\\/#article\",\"isPartOf\":{\"@id\":\"https:\\\/\\\/ppdegalicia.com\\\/es\\\/o-pp-lamenta-que-a-fegamp-se-desmarque-de-maneira-unilateral-das-concentracions-de-apoio-a-ceuta\\\/\"},\"author\":{\"name\":\"ppdegaliciaredes\",\"@id\":\"https:\\\/\\\/ppdegalicia.com\\\/es\\\/#\\\/schema\\\/person\\\/5b822c6f59e872ebdd1142f307dbcb59\"},\"headline\":\"O PP lamenta que a FEGAMP se desmarque \u201cde maneira unilateral\u201d das concentraci\u00f3ns de apoio a Ceuta\",\"datePublished\":\"2026-09-02T19:25:37+00:00\",\"mainEntityOfPage\":{\"@id\":\"https:\\\/\\\/ppdegalicia.com\\\/es\\\/o-pp-lamenta-que-a-fegamp-se-desmarque-de-maneira-unilateral-das-concentracions-de-apoio-a-ceuta\\\/\"},\"wordCount\":308,\"publisher\":{\"@id\":\"https:\\\/\\\/ppdegalicia.com\\\/es\\\/#organization\"},\"image\":{\"@id\":\"https:\\\/\\\/ppdegalicia.com\\\/es\\\/o-pp-lamenta-que-a-fegamp-se-desmarque-de-maneira-unilateral-das-concentracions-de-apoio-a-ceuta\\\/#primaryimage\"},\"thumbnailUrl\":\"https:\\\/\\\/ppdegalicia.com\\\/wp-content\\\/uploads\\\/2026\\\/09\\\/Angel-Moldes.jpg\",\"articleSection\":[\"PP de Galicia\"],\"inLanguage\":\"es\"},{\"@type\":\"WebPage\",\"@id\":\"https:\\\/\\\/ppdegalicia.com\\\/es\\\/o-pp-lamenta-que-a-fegamp-se-desmarque-de-maneira-unilateral-das-concentracions-de-apoio-a-ceuta\\\/\",\"url\":\"https:\\\/\\\/ppdegalicia.com\\\/es\\\/o-pp-lamenta-que-a-fegamp-se-desmarque-de-maneira-unilateral-das-concentracions-de-apoio-a-ceuta\\\/\",\"name\":\"O PP lamenta que a FEGAMP se desmarque \u201cde maneira unilateral\u201d das concentraci\u00f3ns de apoio a Ceuta - PP de Galicia\",\"isPartOf\":{\"@id\":\"https:\\\/\\\/ppdegalicia.com\\\/es\\\/#website\"},\"primaryImageOfPage\":{\"@id\":\"https:\\\/\\\/ppdegalicia.com\\\/es\\\/o-pp-lamenta-que-a-fegamp-se-desmarque-de-maneira-unilateral-das-concentracions-de-apoio-a-ceuta\\\/#primaryimage\"},\"image\":{\"@id\":\"https:\\\/\\\/ppdegalicia.com\\\/es\\\/o-pp-lamenta-que-a-fegamp-se-desmarque-de-maneira-unilateral-das-concentracions-de-apoio-a-ceuta\\\/#primaryimage\"},\"thumbnailUrl\":\"https:\\\/\\\/ppdegalicia.com\\\/wp-content\\\/uploads\\\/2026\\\/09\\\/Angel-Moldes.jpg\",\"datePublished\":\"2026-09-02T19:25:37+00:00\",\"description\":\"O grupo do Partido Popular na Federaci\u00f3n Galega de Municipios e Provincias (FEGAMP) lamenta que a Federaci\u00f3n Galega de Municipios e Provincias non apoie as concentraci\u00f3ns de apoio a Ceuta convocadas pola Federaci\u00f3n Espa\u00f1ola de Municipios e Provincias (FEMP) para esta mesma tarde en todos os concellos de Espa\u00f1a.\",\"breadcrumb\":{\"@id\":\"https:\\\/\\\/ppdegalicia.com\\\/es\\\/o-pp-lamenta-que-a-fegamp-se-desmarque-de-maneira-unilateral-das-concentracions-de-apoio-a-ceuta\\\/#breadcrumb\"},\"inLanguage\":\"es\",\"potentialAction\":[{\"@type\":\"ReadAction\",\"target\":[\"https:\\\/\\\/ppdegalicia.com\\\/es\\\/o-pp-lamenta-que-a-fegamp-se-desmarque-de-maneira-unilateral-das-concentracions-de-apoio-a-ceuta\\\/\"]}]},{\"@type\":\"ImageObject\",\"inLanguage\":\"es\",\"@id\":\"https:\\\/\\\/ppdegalicia.com\\\/es\\\/o-pp-lamenta-que-a-fegamp-se-desmarque-de-maneira-unilateral-das-concentracions-de-apoio-a-ceuta\\\/#primaryimage\",\"url\":\"https:\\\/\\\/ppdegalicia.com\\\/wp-content\\\/uploads\\\/2026\\\/09\\\/Angel-Moldes.jpg\",\"contentUrl\":\"https:\\\/\\\/ppdegalicia.com\\\/wp-content\\\/uploads\\\/2026\\\/09\\\/Angel-Moldes.jpg\",\"width\":2000,\"height\":1333},{\"@type\":\"BreadcrumbList\",\"@id\":\"https:\\\/\\\/ppdegalicia.com\\\/es\\\/o-pp-lamenta-que-a-fegamp-se-desmarque-de-maneira-unilateral-das-concentracions-de-apoio-a-ceuta\\\/#breadcrumb\",\"itemListElement\":[{\"@type\":\"ListItem\",\"position\":1,\"name\":\"Portada\",\"item\":\"https:\\\/\\\/ppdegalicia.com\\\/es\\\/\"},{\"@type\":\"ListItem\",\"position\":2,\"name\":\"O PP lamenta que a FEGAMP se desmarque \u201cde maneira unilateral\u201d das concentraci\u00f3ns de apoio a Ceuta\"}]},{\"@type\":\"WebSite\",\"@id\":\"https:\\\/\\\/ppdegalicia.com\\\/es\\\/#website\",\"url\":\"https:\\\/\\\/ppdegalicia.com\\\/es\\\/\",\"name\":\"Partido Popular de Galicia\",\"description\":\"Partido Popular de Galicia\",\"publisher\":{\"@id\":\"https:\\\/\\\/ppdegalicia.com\\\/es\\\/#organization\"},\"alternateName\":\"PP de Galicia\",\"potentialAction\":[{\"@type\":\"SearchAction\",\"target\":{\"@type\":\"EntryPoint\",\"urlTemplate\":\"https:\\\/\\\/ppdegalicia.com\\\/es\\\/?s={search_term_string}\"},\"query-input\":{\"@type\":\"PropertyValueSpecification\",\"valueRequired\":true,\"valueName\":\"search_term_string\"}}],\"inLanguage\":\"es\"},{\"@type\":\"Organization\",\"@id\":\"https:\\\/\\\/ppdegalicia.com\\\/es\\\/#organization\",\"name\":\"Partido Popular de Galicia\",\"alternateName\":\"PP de Galicia\",\"url\":\"https:\\\/\\\/ppdegalicia.com\\\/es\\\/\",\"logo\":{\"@type\":\"ImageObject\",\"inLanguage\":\"es\",\"@id\":\"https:\\\/\\\/ppdegalicia.com\\\/es\\\/#\\\/schema\\\/logo\\\/image\\\/\",\"url\":\"https:\\\/\\\/ppdegalicia.com\\\/wp-content\\\/uploads\\\/2023\\\/04\\\/logoPP512.png\",\"contentUrl\":\"https:\\\/\\\/ppdegalicia.com\\\/wp-content\\\/uploads\\\/2023\\\/04\\\/logoPP512.png\",\"width\":512,\"height\":512,\"caption\":\"Partido Popular de Galicia\"},\"image\":{\"@id\":\"https:\\\/\\\/ppdegalicia.com\\\/es\\\/#\\\/schema\\\/logo\\\/image\\\/\"},\"sameAs\":[\"https:\\\/\\\/www.instagram.com\\\/ppdegalicia\\\/\",\"https:\\\/\\\/x.com\\\/ppdegalicia\",\"https:\\\/\\\/www.tiktok.com\\\/@ppdegalicia\",\"https:\\\/\\\/www.youtube.com\\\/user\\\/ppdegalicia\"]},{\"@type\":\"Person\",\"@id\":\"https:\\\/\\\/ppdegalicia.com\\\/es\\\/#\\\/schema\\\/person\\\/5b822c6f59e872ebdd1142f307dbcb59\",\"name\":\"ppdegaliciaredes\",\"image\":{\"@type\":\"ImageObject\",\"inLanguage\":\"es\",\"@id\":\"https:\\\/\\\/secure.gravatar.com\\\/avatar\\\/3c9179cf0256d00c72a48d1f25783c58b6842cd56e85ef3a572881c8e28ccd59?s=96&d=mm&r=g\",\"url\":\"https:\\\/\\\/secure.gravatar.com\\\/avatar\\\/3c9179cf0256d00c72a48d1f25783c58b6842cd56e85ef3a572881c8e28ccd59?s=96&d=mm&r=g\",\"contentUrl\":\"https:\\\/\\\/secure.gravatar.com\\\/avatar\\\/3c9179cf0256d00c72a48d1f25783c58b6842cd56e85ef3a572881c8e28ccd59?s=96&d=mm&r=g\",\"caption\":\"ppdegaliciaredes\"},\"url\":\"https:\\\/\\\/ppdegalicia.com\\\/es\\\/author\\\/ppdegaliciaredes\\\/\"}]}<\/script>\n<!-- \/ Yoast SEO plugin. -->","yoast_head_json":{"title":"O PP lamenta que a FEGAMP se desmarque \u201cde maneira unilateral\u201d das concentraci\u00f3ns de apoio a Ceuta - PP de Galicia","description":"O grupo do Partido Popular na Federaci\u00f3n Galega de Municipios e Provincias (FEGAMP) lamenta que a Federaci\u00f3n Galega de Municipios e Provincias non apoie as concentraci\u00f3ns de apoio a Ceuta convocadas pola Federaci\u00f3n Espa\u00f1ola de Municipios e Provincias (FEMP) para esta mesma tarde en todos os concellos de Espa\u00f1a.","robots":{"index":"index","follow":"follow","max-snippet":"max-snippet:-1","max-image-preview":"max-image-preview:large","max-video-preview":"max-video-preview:-1"},"canonical":"https:\/\/ppdegalicia.com\/es\/o-pp-lamenta-que-a-fegamp-se-desmarque-de-maneira-unilateral-das-concentracions-de-apoio-a-ceuta\/","og_locale":"es_ES","og_type":"article","og_title":"O PP lamenta que a FEGAMP se desmarque \u201cde maneira unilateral\u201d das concentraci\u00f3ns de apoio a Ceuta - PP de Galicia","og_description":"O grupo do Partido Popular na Federaci\u00f3n Galega de Municipios e Provincias (FEGAMP) lamenta que a Federaci\u00f3n Galega de Municipios e Provincias non apoie as concentraci\u00f3ns de apoio a Ceuta convocadas pola Federaci\u00f3n Espa\u00f1ola de Municipios e Provincias (FEMP) para esta mesma tarde en todos os concellos de Espa\u00f1a.","og_url":"https:\/\/ppdegalicia.com\/es\/o-pp-lamenta-que-a-fegamp-se-desmarque-de-maneira-unilateral-das-concentracions-de-apoio-a-ceuta\/","og_site_name":"PP de Galicia","article_publisher":"https:\/\/www.instagram.com\/ppdegalicia\/","article_published_time":"2026-09-02T19:25:37+00:00","og_image":[{"width":2000,"height":1333,"url":"https:\/\/ppdegalicia.com\/wp-content\/uploads\/2026\/09\/Angel-Moldes.jpg","type":"image\/jpeg"}],"author":"ppdegaliciaredes","twitter_card":"summary_large_image","twitter_creator":"@ppdegalicia","twitter_site":"@ppdegalicia","twitter_misc":{"Escrito por":"ppdegaliciaredes","Tiempo de lectura":"2 minutos"},"schema":{"@context":"https:\/\/schema.org","@graph":[{"@type":"Article","@id":"https:\/\/ppdegalicia.com\/es\/o-pp-lamenta-que-a-fegamp-se-desmarque-de-maneira-unilateral-das-concentracions-de-apoio-a-ceuta\/#article","isPartOf":{"@id":"https:\/\/ppdegalicia.com\/es\/o-pp-lamenta-que-a-fegamp-se-desmarque-de-maneira-unilateral-das-concentracions-de-apoio-a-ceuta\/"},"author":{"name":"ppdegaliciaredes","@id":"https:\/\/ppdegalicia.com\/es\/#\/schema\/person\/5b822c6f59e872ebdd1142f307dbcb59"},"headline":"O PP lamenta que a FEGAMP se desmarque \u201cde maneira unilateral\u201d das concentraci\u00f3ns de apoio a Ceuta","datePublished":"2026-09-02T19:25:37+00:00","mainEntityOfPage":{"@id":"https:\/\/ppdegalicia.com\/es\/o-pp-lamenta-que-a-fegamp-se-desmarque-de-maneira-unilateral-das-concentracions-de-apoio-a-ceuta\/"},"wordCount":308,"publisher":{"@id":"https:\/\/ppdegalicia.com\/es\/#organization"},"image":{"@id":"https:\/\/ppdegalicia.com\/es\/o-pp-lamenta-que-a-fegamp-se-desmarque-de-maneira-unilateral-das-concentracions-de-apoio-a-ceuta\/#primaryimage"},"thumbnailUrl":"https:\/\/ppdegalicia.com\/wp-content\/uploads\/2026\/09\/Angel-Moldes.jpg","articleSection":["PP de Galicia"],"inLanguage":"es"},{"@type":"WebPage","@id":"https:\/\/ppdegalicia.com\/es\/o-pp-lamenta-que-a-fegamp-se-desmarque-de-maneira-unilateral-das-concentracions-de-apoio-a-ceuta\/","url":"https:\/\/ppdegalicia.com\/es\/o-pp-lamenta-que-a-fegamp-se-desmarque-de-maneira-unilateral-das-concentracions-de-apoio-a-ceuta\/","name":"O PP lamenta que a FEGAMP se desmarque \u201cde maneira unilateral\u201d das concentraci\u00f3ns de apoio a Ceuta - PP de Galicia","isPartOf":{"@id":"https:\/\/ppdegalicia.com\/es\/#website"},"primaryImageOfPage":{"@id":"https:\/\/ppdegalicia.com\/es\/o-pp-lamenta-que-a-fegamp-se-desmarque-de-maneira-unilateral-das-concentracions-de-apoio-a-ceuta\/#primaryimage"},"image":{"@id":"https:\/\/ppdegalicia.com\/es\/o-pp-lamenta-que-a-fegamp-se-desmarque-de-maneira-unilateral-das-concentracions-de-apoio-a-ceuta\/#primaryimage"},"thumbnailUrl":"https:\/\/ppdegalicia.com\/wp-content\/uploads\/2026\/09\/Angel-Moldes.jpg","datePublished":"2026-09-02T19:25:37+00:00","description":"O grupo do Partido Popular na Federaci\u00f3n Galega de Municipios e Provincias (FEGAMP) lamenta que a Federaci\u00f3n Galega de Municipios e Provincias non apoie as concentraci\u00f3ns de apoio a Ceuta convocadas pola Federaci\u00f3n Espa\u00f1ola de Municipios e Provincias (FEMP) para esta mesma tarde en todos os concellos de Espa\u00f1a.","breadcrumb":{"@id":"https:\/\/ppdegalicia.com\/es\/o-pp-lamenta-que-a-fegamp-se-desmarque-de-maneira-unilateral-das-concentracions-de-apoio-a-ceuta\/#breadcrumb"},"inLanguage":"es","potentialAction":[{"@type":"ReadAction","target":["https:\/\/ppdegalicia.com\/es\/o-pp-lamenta-que-a-fegamp-se-desmarque-de-maneira-unilateral-das-concentracions-de-apoio-a-ceuta\/"]}]},{"@type":"ImageObject","inLanguage":"es","@id":"https:\/\/ppdegalicia.com\/es\/o-pp-lamenta-que-a-fegamp-se-desmarque-de-maneira-unilateral-das-concentracions-de-apoio-a-ceuta\/#primaryimage","url":"https:\/\/ppdegalicia.com\/wp-content\/uploads\/2026\/09\/Angel-Moldes.jpg","contentUrl":"https:\/\/ppdegalicia.com\/wp-content\/uploads\/2026\/09\/Angel-Moldes.jpg","width":2000,"height":1333},{"@type":"BreadcrumbList","@id":"https:\/\/ppdegalicia.com\/es\/o-pp-lamenta-que-a-fegamp-se-desmarque-de-maneira-unilateral-das-concentracions-de-apoio-a-ceuta\/#breadcrumb","itemListElement":[{"@type":"ListItem","position":1,"name":"Portada","item":"https:\/\/ppdegalicia.com\/es\/"},{"@type":"ListItem","position":2,"name":"O PP lamenta que a FEGAMP se desmarque \u201cde maneira unilateral\u201d das concentraci\u00f3ns de apoio a Ceuta"}]},{"@type":"WebSite","@id":"https:\/\/ppdegalicia.com\/es\/#website","url":"https:\/\/ppdegalicia.com\/es\/","name":"Partido Popular de Galicia","description":"Partido Popular de Galicia","publisher":{"@id":"https:\/\/ppdegalicia.com\/es\/#organization"},"alternateName":"PP de Galicia","potentialAction":[{"@type":"SearchAction","target":{"@type":"EntryPoint","urlTemplate":"https:\/\/ppdegalicia.com\/es\/?s={search_term_string}"},"query-input":{"@type":"PropertyValueSpecification","valueRequired":true,"valueName":"search_term_string"}}],"inLanguage":"es"},{"@type":"Organization","@id":"https:\/\/ppdegalicia.com\/es\/#organization","name":"Partido Popular de Galicia","alternateName":"PP de Galicia","url":"https:\/\/ppdegalicia.com\/es\/","logo":{"@type":"ImageObject","inLanguage":"es","@id":"https:\/\/ppdegalicia.com\/es\/#\/schema\/logo\/image\/","url":"https:\/\/ppdegalicia.com\/wp-content\/uploads\/2023\/04\/logoPP512.png","contentUrl":"https:\/\/ppdegalicia.com\/wp-content\/uploads\/2023\/04\/logoPP512.png","width":512,"height":512,"caption":"Partido Popular de Galicia"},"image":{"@id":"https:\/\/ppdegalicia.com\/es\/#\/schema\/logo\/image\/"},"sameAs":["https:\/\/www.instagram.com\/ppdegalicia\/","https:\/\/x.com\/ppdegalicia","https:\/\/www.tiktok.com\/@ppdegalicia","https:\/\/www.youtube.com\/user\/ppdegalicia"]},{"@type":"Person","@id":"https:\/\/ppdegalicia.com\/es\/#\/schema\/person\/5b822c6f59e872ebdd1142f307dbcb59","name":"ppdegaliciaredes","image":{"@type":"ImageObject","inLanguage":"es","@id":"https:\/\/secure.gravatar.com\/avatar\/3c9179cf0256d00c72a48d1f25783c58b6842cd56e85ef3a572881c8e28ccd59?s=96&d=mm&r=g","url":"https:\/\/secure.gravatar.com\/avatar\/3c9179cf0256d00c72a48d1f25783c58b6842cd56e85ef3a572881c8e28ccd59?s=96&d=mm&r=g","contentUrl":"https:\/\/secure.gravatar.com\/avatar\/3c9179cf0256d00c72a48d1f25783c58b6842cd56e85ef3a572881c8e28ccd59?s=96&d=mm&r=g","caption":"ppdegaliciaredes"},"url":"https:\/\/ppdegalicia.com\/es\/author\/ppdegaliciaredes\/"}]}},"_links":{"self":[{"href":"https:\/\/ppdegalicia.com\/es\/wp-json\/wp\/v2\/posts\/72151","targetHints":{"allow":["GET"]}}],"collection":[{"href":"https:\/\/ppdegalicia.com\/es\/wp-json\/wp\/v2\/posts"}],"about":[{"href":"https:\/\/ppdegalicia.com\/es\/wp-json\/wp\/v2\/types\/post"}],"author":[{"embeddable":true,"href":"https:\/\/ppdegalicia.com\/es\/wp-json\/wp\/v2\/users\/38"}],"replies":[{"embeddable":true,"href":"https:\/\/ppdegalicia.com\/es\/wp-json\/wp\/v2\/comments?post=72151"}],"version-history":[{"count":1,"href":"https:\/\/ppdegalicia.com\/es\/wp-json\/wp\/v2\/posts\/72151\/revisions"}],"predecessor-version":[{"id":72154,"href":"https:\/\/ppdegalicia.com\/es\/wp-json\/wp\/v2\/posts\/72151\/revisions\/72154"}],"wp:featuredmedia":[{"embeddable":true,"href":"https:\/\/ppdegalicia.com\/es\/wp-json\/wp\/v2\/media\/72152"}],"wp:attachment":[{"href":"https:\/\/ppdegalicia.com\/es\/wp-json\/wp\/v2\/media?parent=72151"}],"wp:term":[{"taxonomy":"category","embeddable":true,"href":"https:\/\/ppdegalicia.com\/es\/wp-json\/wp\/v2\/categories?post=72151"},{"taxonomy":"post_tag","embeddable":true,"href":"https:\/\/ppdegalicia.com\/es\/wp-json\/wp\/v2\/tags?post=72151"}],"curies":[{"name":"wp","href":"https:\/\/api.w.org\/{rel}","templated":true}]}}