{"id":72156,"date":"2026-09-02T21:04:07","date_gmt":"2026-09-02T19:04:07","guid":{"rendered":"https:\/\/ppdegalicia.com\/?p=72156"},"modified":"2026-09-06T21:29:41","modified_gmt":"2026-09-06T19:29:41","slug":"paula-prado-participa-en-santiago-na-concentracion-en-apoio-a-ceuta","status":"publish","type":"post","link":"https:\/\/ppdegalicia.com\/es\/paula-prado-participa-en-santiago-na-concentracion-en-apoio-a-ceuta\/","title":{"rendered":"O PPdeG participa na concentraci\u00f3n en apoio a Ceuta"},"content":{"rendered":"<p>A secretaria xeral do PPdeG, Paula Prado, participou hoxe en Santiago de Compostela na concentraci\u00f3n convocada baixo o lema \u201cTodos con Ceuta\u201d, en apoio ao pobo ceut\u00ed e en defensa da soberan\u00eda nacional. A mobilizaci\u00f3n celebrouse de forma simult\u00e1nea diante dos concellos de toda Galicia.<\/p>\n<p>Con esta iniciativa, o PPdeG quixo trasladar a s\u00faa solidariedade e apoio aos cidad\u00e1ns de Ceuta ante a situaci\u00f3n que atravesa a cidade aut\u00f3noma, as\u00ed como reivindicar a unidade e o compromiso na defensa da soberan\u00eda nacional e a normalidade no territorio espa\u00f1ol.<\/p>\n","protected":false},"excerpt":{"rendered":"<p>A secretaria xeral do PPdeG, Paula Prado, participou hoxe en Santiago de Compostela na concentraci\u00f3n convocada baixo o lema \u201cTodos con Ceuta\u201d, en apoio ao pobo ceut\u00ed e en defensa da soberan\u00eda nacional. A mobilizaci\u00f3n celebrouse de forma simult\u00e1nea diante dos concellos de toda Galicia. Con esta iniciativa, o PPdeG quixo trasladar a s\u00faa solidariedade [&hellip;]<\/p>\n","protected":false},"author":38,"featured_media":72157,"comment_status":"closed","ping_status":"open","sticky":false,"template":"","format":"standard","meta":{"_acf_changed":false,"footnotes":""},"categories":[1],"tags":[],"class_list":["post-72156","post","type-post","status-publish","format-standard","has-post-thumbnail","hentry","category-pp-de-galicia"],"acf":[],"yoast_head":"<!-- This site is optimized with the Yoast SEO plugin v27.3 - https:\/\/yoast.com\/product\/yoast-seo-wordpress\/ -->\n<title>O PPdeG participa na concentraci\u00f3n en apoio a Ceuta - PP de Galicia<\/title>\n<meta name=\"robots\" content=\"index, follow, max-snippet:-1, max-image-preview:large, max-video-preview:-1\" \/>\n<link rel=\"canonical\" href=\"https:\/\/ppdegalicia.com\/es\/paula-prado-participa-en-santiago-na-concentracion-en-apoio-a-ceuta\/\" \/>\n<meta property=\"og:locale\" content=\"es_ES\" \/>\n<meta property=\"og:type\" content=\"article\" \/>\n<meta property=\"og:title\" content=\"O PPdeG participa na concentraci\u00f3n en apoio a Ceuta - PP de Galicia\" \/>\n<meta property=\"og:description\" content=\"A secretaria xeral do PPdeG, Paula Prado, participou hoxe en Santiago de Compostela na concentraci\u00f3n convocada baixo o lema \u201cTodos con Ceuta\u201d, en apoio ao pobo ceut\u00ed e en defensa da soberan\u00eda nacional. A mobilizaci\u00f3n celebrouse de forma simult\u00e1nea diante dos concellos de toda Galicia. Con esta iniciativa, o PPdeG quixo trasladar a s\u00faa solidariedade [&hellip;]\" \/>\n<meta property=\"og:url\" content=\"https:\/\/ppdegalicia.com\/es\/paula-prado-participa-en-santiago-na-concentracion-en-apoio-a-ceuta\/\" \/>\n<meta property=\"og:site_name\" content=\"PP de Galicia\" \/>\n<meta property=\"article:publisher\" content=\"https:\/\/www.instagram.com\/ppdegalicia\/\" \/>\n<meta property=\"article:published_time\" content=\"2026-09-02T19:04:07+00:00\" \/>\n<meta property=\"article:modified_time\" content=\"2026-09-06T19:29:41+00:00\" \/>\n<meta property=\"og:image\" content=\"https:\/\/ppdegalicia.com\/wp-content\/uploads\/2026\/09\/20260902_PPrado_Concentracion_Apoyo_Ceuta1-scaled.jpg\" \/>\n\t<meta property=\"og:image:width\" content=\"2560\" \/>\n\t<meta property=\"og:image:height\" content=\"1707\" \/>\n\t<meta property=\"og:image:type\" content=\"image\/jpeg\" \/>\n<meta name=\"author\" content=\"ppdegaliciaredes\" \/>\n<meta name=\"twitter:card\" content=\"summary_large_image\" \/>\n<meta name=\"twitter:creator\" content=\"@ppdegalicia\" \/>\n<meta name=\"twitter:site\" content=\"@ppdegalicia\" \/>\n<meta name=\"twitter:label1\" content=\"Escrito por\" \/>\n\t<meta name=\"twitter:data1\" content=\"ppdegaliciaredes\" \/>\n\t<meta name=\"twitter:label2\" content=\"Tiempo de lectura\" \/>\n\t<meta name=\"twitter:data2\" content=\"1 minuto\" \/>\n<script type=\"application\/ld+json\" class=\"yoast-schema-graph\">{\"@context\":\"https:\\\/\\\/schema.org\",\"@graph\":[{\"@type\":\"Article\",\"@id\":\"https:\\\/\\\/ppdegalicia.com\\\/es\\\/paula-prado-participa-en-santiago-na-concentracion-en-apoio-a-ceuta\\\/#article\",\"isPartOf\":{\"@id\":\"https:\\\/\\\/ppdegalicia.com\\\/es\\\/paula-prado-participa-en-santiago-na-concentracion-en-apoio-a-ceuta\\\/\"},\"author\":{\"name\":\"ppdegaliciaredes\",\"@id\":\"https:\\\/\\\/ppdegalicia.com\\\/es\\\/#\\\/schema\\\/person\\\/5b822c6f59e872ebdd1142f307dbcb59\"},\"headline\":\"O PPdeG participa na concentraci\u00f3n en apoio a Ceuta\",\"datePublished\":\"2026-09-02T19:04:07+00:00\",\"dateModified\":\"2026-09-06T19:29:41+00:00\",\"mainEntityOfPage\":{\"@id\":\"https:\\\/\\\/ppdegalicia.com\\\/es\\\/paula-prado-participa-en-santiago-na-concentracion-en-apoio-a-ceuta\\\/\"},\"wordCount\":108,\"publisher\":{\"@id\":\"https:\\\/\\\/ppdegalicia.com\\\/es\\\/#organization\"},\"image\":{\"@id\":\"https:\\\/\\\/ppdegalicia.com\\\/es\\\/paula-prado-participa-en-santiago-na-concentracion-en-apoio-a-ceuta\\\/#primaryimage\"},\"thumbnailUrl\":\"https:\\\/\\\/ppdegalicia.com\\\/wp-content\\\/uploads\\\/2026\\\/09\\\/20260902_PPrado_Concentracion_Apoyo_Ceuta1-scaled.jpg\",\"articleSection\":[\"PP de Galicia\"],\"inLanguage\":\"es\"},{\"@type\":\"WebPage\",\"@id\":\"https:\\\/\\\/ppdegalicia.com\\\/es\\\/paula-prado-participa-en-santiago-na-concentracion-en-apoio-a-ceuta\\\/\",\"url\":\"https:\\\/\\\/ppdegalicia.com\\\/es\\\/paula-prado-participa-en-santiago-na-concentracion-en-apoio-a-ceuta\\\/\",\"name\":\"O PPdeG participa na concentraci\u00f3n en apoio a Ceuta - PP de Galicia\",\"isPartOf\":{\"@id\":\"https:\\\/\\\/ppdegalicia.com\\\/es\\\/#website\"},\"primaryImageOfPage\":{\"@id\":\"https:\\\/\\\/ppdegalicia.com\\\/es\\\/paula-prado-participa-en-santiago-na-concentracion-en-apoio-a-ceuta\\\/#primaryimage\"},\"image\":{\"@id\":\"https:\\\/\\\/ppdegalicia.com\\\/es\\\/paula-prado-participa-en-santiago-na-concentracion-en-apoio-a-ceuta\\\/#primaryimage\"},\"thumbnailUrl\":\"https:\\\/\\\/ppdegalicia.com\\\/wp-content\\\/uploads\\\/2026\\\/09\\\/20260902_PPrado_Concentracion_Apoyo_Ceuta1-scaled.jpg\",\"datePublished\":\"2026-09-02T19:04:07+00:00\",\"dateModified\":\"2026-09-06T19:29:41+00:00\",\"breadcrumb\":{\"@id\":\"https:\\\/\\\/ppdegalicia.com\\\/es\\\/paula-prado-participa-en-santiago-na-concentracion-en-apoio-a-ceuta\\\/#breadcrumb\"},\"inLanguage\":\"es\",\"potentialAction\":[{\"@type\":\"ReadAction\",\"target\":[\"https:\\\/\\\/ppdegalicia.com\\\/es\\\/paula-prado-participa-en-santiago-na-concentracion-en-apoio-a-ceuta\\\/\"]}]},{\"@type\":\"ImageObject\",\"inLanguage\":\"es\",\"@id\":\"https:\\\/\\\/ppdegalicia.com\\\/es\\\/paula-prado-participa-en-santiago-na-concentracion-en-apoio-a-ceuta\\\/#primaryimage\",\"url\":\"https:\\\/\\\/ppdegalicia.com\\\/wp-content\\\/uploads\\\/2026\\\/09\\\/20260902_PPrado_Concentracion_Apoyo_Ceuta1-scaled.jpg\",\"contentUrl\":\"https:\\\/\\\/ppdegalicia.com\\\/wp-content\\\/uploads\\\/2026\\\/09\\\/20260902_PPrado_Concentracion_Apoyo_Ceuta1-scaled.jpg\",\"width\":2560,\"height\":1707},{\"@type\":\"BreadcrumbList\",\"@id\":\"https:\\\/\\\/ppdegalicia.com\\\/es\\\/paula-prado-participa-en-santiago-na-concentracion-en-apoio-a-ceuta\\\/#breadcrumb\",\"itemListElement\":[{\"@type\":\"ListItem\",\"position\":1,\"name\":\"Portada\",\"item\":\"https:\\\/\\\/ppdegalicia.com\\\/es\\\/\"},{\"@type\":\"ListItem\",\"position\":2,\"name\":\"O PPdeG participa na concentraci\u00f3n en apoio a Ceuta\"}]},{\"@type\":\"WebSite\",\"@id\":\"https:\\\/\\\/ppdegalicia.com\\\/es\\\/#website\",\"url\":\"https:\\\/\\\/ppdegalicia.com\\\/es\\\/\",\"name\":\"Partido Popular de Galicia\",\"description\":\"Partido Popular de Galicia\",\"publisher\":{\"@id\":\"https:\\\/\\\/ppdegalicia.com\\\/es\\\/#organization\"},\"alternateName\":\"PP de Galicia\",\"potentialAction\":[{\"@type\":\"SearchAction\",\"target\":{\"@type\":\"EntryPoint\",\"urlTemplate\":\"https:\\\/\\\/ppdegalicia.com\\\/es\\\/?s={search_term_string}\"},\"query-input\":{\"@type\":\"PropertyValueSpecification\",\"valueRequired\":true,\"valueName\":\"search_term_string\"}}],\"inLanguage\":\"es\"},{\"@type\":\"Organization\",\"@id\":\"https:\\\/\\\/ppdegalicia.com\\\/es\\\/#organization\",\"name\":\"Partido Popular de Galicia\",\"alternateName\":\"PP de Galicia\",\"url\":\"https:\\\/\\\/ppdegalicia.com\\\/es\\\/\",\"logo\":{\"@type\":\"ImageObject\",\"inLanguage\":\"es\",\"@id\":\"https:\\\/\\\/ppdegalicia.com\\\/es\\\/#\\\/schema\\\/logo\\\/image\\\/\",\"url\":\"https:\\\/\\\/ppdegalicia.com\\\/wp-content\\\/uploads\\\/2023\\\/04\\\/logoPP512.png\",\"contentUrl\":\"https:\\\/\\\/ppdegalicia.com\\\/wp-content\\\/uploads\\\/2023\\\/04\\\/logoPP512.png\",\"width\":512,\"height\":512,\"caption\":\"Partido Popular de Galicia\"},\"image\":{\"@id\":\"https:\\\/\\\/ppdegalicia.com\\\/es\\\/#\\\/schema\\\/logo\\\/image\\\/\"},\"sameAs\":[\"https:\\\/\\\/www.instagram.com\\\/ppdegalicia\\\/\",\"https:\\\/\\\/x.com\\\/ppdegalicia\",\"https:\\\/\\\/www.tiktok.com\\\/@ppdegalicia\",\"https:\\\/\\\/www.youtube.com\\\/user\\\/ppdegalicia\"]},{\"@type\":\"Person\",\"@id\":\"https:\\\/\\\/ppdegalicia.com\\\/es\\\/#\\\/schema\\\/person\\\/5b822c6f59e872ebdd1142f307dbcb59\",\"name\":\"ppdegaliciaredes\",\"image\":{\"@type\":\"ImageObject\",\"inLanguage\":\"es\",\"@id\":\"https:\\\/\\\/secure.gravatar.com\\\/avatar\\\/3c9179cf0256d00c72a48d1f25783c58b6842cd56e85ef3a572881c8e28ccd59?s=96&d=mm&r=g\",\"url\":\"https:\\\/\\\/secure.gravatar.com\\\/avatar\\\/3c9179cf0256d00c72a48d1f25783c58b6842cd56e85ef3a572881c8e28ccd59?s=96&d=mm&r=g\",\"contentUrl\":\"https:\\\/\\\/secure.gravatar.com\\\/avatar\\\/3c9179cf0256d00c72a48d1f25783c58b6842cd56e85ef3a572881c8e28ccd59?s=96&d=mm&r=g\",\"caption\":\"ppdegaliciaredes\"},\"url\":\"https:\\\/\\\/ppdegalicia.com\\\/es\\\/author\\\/ppdegaliciaredes\\\/\"}]}<\/script>\n<!-- \/ Yoast SEO plugin. -->","yoast_head_json":{"title":"O PPdeG participa na concentraci\u00f3n en apoio a Ceuta - PP de Galicia","robots":{"index":"index","follow":"follow","max-snippet":"max-snippet:-1","max-image-preview":"max-image-preview:large","max-video-preview":"max-video-preview:-1"},"canonical":"https:\/\/ppdegalicia.com\/es\/paula-prado-participa-en-santiago-na-concentracion-en-apoio-a-ceuta\/","og_locale":"es_ES","og_type":"article","og_title":"O PPdeG participa na concentraci\u00f3n en apoio a Ceuta - PP de Galicia","og_description":"A secretaria xeral do PPdeG, Paula Prado, participou hoxe en Santiago de Compostela na concentraci\u00f3n convocada baixo o lema \u201cTodos con Ceuta\u201d, en apoio ao pobo ceut\u00ed e en defensa da soberan\u00eda nacional. A mobilizaci\u00f3n celebrouse de forma simult\u00e1nea diante dos concellos de toda Galicia. Con esta iniciativa, o PPdeG quixo trasladar a s\u00faa solidariedade [&hellip;]","og_url":"https:\/\/ppdegalicia.com\/es\/paula-prado-participa-en-santiago-na-concentracion-en-apoio-a-ceuta\/","og_site_name":"PP de Galicia","article_publisher":"https:\/\/www.instagram.com\/ppdegalicia\/","article_published_time":"2026-09-02T19:04:07+00:00","article_modified_time":"2026-09-06T19:29:41+00:00","og_image":[{"width":2560,"height":1707,"url":"https:\/\/ppdegalicia.com\/wp-content\/uploads\/2026\/09\/20260902_PPrado_Concentracion_Apoyo_Ceuta1-scaled.jpg","type":"image\/jpeg"}],"author":"ppdegaliciaredes","twitter_card":"summary_large_image","twitter_creator":"@ppdegalicia","twitter_site":"@ppdegalicia","twitter_misc":{"Escrito por":"ppdegaliciaredes","Tiempo de lectura":"1 minuto"},"schema":{"@context":"https:\/\/schema.org","@graph":[{"@type":"Article","@id":"https:\/\/ppdegalicia.com\/es\/paula-prado-participa-en-santiago-na-concentracion-en-apoio-a-ceuta\/#article","isPartOf":{"@id":"https:\/\/ppdegalicia.com\/es\/paula-prado-participa-en-santiago-na-concentracion-en-apoio-a-ceuta\/"},"author":{"name":"ppdegaliciaredes","@id":"https:\/\/ppdegalicia.com\/es\/#\/schema\/person\/5b822c6f59e872ebdd1142f307dbcb59"},"headline":"O PPdeG participa na concentraci\u00f3n en apoio a Ceuta","datePublished":"2026-09-02T19:04:07+00:00","dateModified":"2026-09-06T19:29:41+00:00","mainEntityOfPage":{"@id":"https:\/\/ppdegalicia.com\/es\/paula-prado-participa-en-santiago-na-concentracion-en-apoio-a-ceuta\/"},"wordCount":108,"publisher":{"@id":"https:\/\/ppdegalicia.com\/es\/#organization"},"image":{"@id":"https:\/\/ppdegalicia.com\/es\/paula-prado-participa-en-santiago-na-concentracion-en-apoio-a-ceuta\/#primaryimage"},"thumbnailUrl":"https:\/\/ppdegalicia.com\/wp-content\/uploads\/2026\/09\/20260902_PPrado_Concentracion_Apoyo_Ceuta1-scaled.jpg","articleSection":["PP de Galicia"],"inLanguage":"es"},{"@type":"WebPage","@id":"https:\/\/ppdegalicia.com\/es\/paula-prado-participa-en-santiago-na-concentracion-en-apoio-a-ceuta\/","url":"https:\/\/ppdegalicia.com\/es\/paula-prado-participa-en-santiago-na-concentracion-en-apoio-a-ceuta\/","name":"O PPdeG participa na concentraci\u00f3n en apoio a Ceuta - PP de Galicia","isPartOf":{"@id":"https:\/\/ppdegalicia.com\/es\/#website"},"primaryImageOfPage":{"@id":"https:\/\/ppdegalicia.com\/es\/paula-prado-participa-en-santiago-na-concentracion-en-apoio-a-ceuta\/#primaryimage"},"image":{"@id":"https:\/\/ppdegalicia.com\/es\/paula-prado-participa-en-santiago-na-concentracion-en-apoio-a-ceuta\/#primaryimage"},"thumbnailUrl":"https:\/\/ppdegalicia.com\/wp-content\/uploads\/2026\/09\/20260902_PPrado_Concentracion_Apoyo_Ceuta1-scaled.jpg","datePublished":"2026-09-02T19:04:07+00:00","dateModified":"2026-09-06T19:29:41+00:00","breadcrumb":{"@id":"https:\/\/ppdegalicia.com\/es\/paula-prado-participa-en-santiago-na-concentracion-en-apoio-a-ceuta\/#breadcrumb"},"inLanguage":"es","potentialAction":[{"@type":"ReadAction","target":["https:\/\/ppdegalicia.com\/es\/paula-prado-participa-en-santiago-na-concentracion-en-apoio-a-ceuta\/"]}]},{"@type":"ImageObject","inLanguage":"es","@id":"https:\/\/ppdegalicia.com\/es\/paula-prado-participa-en-santiago-na-concentracion-en-apoio-a-ceuta\/#primaryimage","url":"https:\/\/ppdegalicia.com\/wp-content\/uploads\/2026\/09\/20260902_PPrado_Concentracion_Apoyo_Ceuta1-scaled.jpg","contentUrl":"https:\/\/ppdegalicia.com\/wp-content\/uploads\/2026\/09\/20260902_PPrado_Concentracion_Apoyo_Ceuta1-scaled.jpg","width":2560,"height":1707},{"@type":"BreadcrumbList","@id":"https:\/\/ppdegalicia.com\/es\/paula-prado-participa-en-santiago-na-concentracion-en-apoio-a-ceuta\/#breadcrumb","itemListElement":[{"@type":"ListItem","position":1,"name":"Portada","item":"https:\/\/ppdegalicia.com\/es\/"},{"@type":"ListItem","position":2,"name":"O PPdeG participa na concentraci\u00f3n en apoio a Ceuta"}]},{"@type":"WebSite","@id":"https:\/\/ppdegalicia.com\/es\/#website","url":"https:\/\/ppdegalicia.com\/es\/","name":"Partido Popular de Galicia","description":"Partido Popular de Galicia","publisher":{"@id":"https:\/\/ppdegalicia.com\/es\/#organization"},"alternateName":"PP de Galicia","potentialAction":[{"@type":"SearchAction","target":{"@type":"EntryPoint","urlTemplate":"https:\/\/ppdegalicia.com\/es\/?s={search_term_string}"},"query-input":{"@type":"PropertyValueSpecification","valueRequired":true,"valueName":"search_term_string"}}],"inLanguage":"es"},{"@type":"Organization","@id":"https:\/\/ppdegalicia.com\/es\/#organization","name":"Partido Popular de Galicia","alternateName":"PP de Galicia","url":"https:\/\/ppdegalicia.com\/es\/","logo":{"@type":"ImageObject","inLanguage":"es","@id":"https:\/\/ppdegalicia.com\/es\/#\/schema\/logo\/image\/","url":"https:\/\/ppdegalicia.com\/wp-content\/uploads\/2023\/04\/logoPP512.png","contentUrl":"https:\/\/ppdegalicia.com\/wp-content\/uploads\/2023\/04\/logoPP512.png","width":512,"height":512,"caption":"Partido Popular de Galicia"},"image":{"@id":"https:\/\/ppdegalicia.com\/es\/#\/schema\/logo\/image\/"},"sameAs":["https:\/\/www.instagram.com\/ppdegalicia\/","https:\/\/x.com\/ppdegalicia","https:\/\/www.tiktok.com\/@ppdegalicia","https:\/\/www.youtube.com\/user\/ppdegalicia"]},{"@type":"Person","@id":"https:\/\/ppdegalicia.com\/es\/#\/schema\/person\/5b822c6f59e872ebdd1142f307dbcb59","name":"ppdegaliciaredes","image":{"@type":"ImageObject","inLanguage":"es","@id":"https:\/\/secure.gravatar.com\/avatar\/3c9179cf0256d00c72a48d1f25783c58b6842cd56e85ef3a572881c8e28ccd59?s=96&d=mm&r=g","url":"https:\/\/secure.gravatar.com\/avatar\/3c9179cf0256d00c72a48d1f25783c58b6842cd56e85ef3a572881c8e28ccd59?s=96&d=mm&r=g","contentUrl":"https:\/\/secure.gravatar.com\/avatar\/3c9179cf0256d00c72a48d1f25783c58b6842cd56e85ef3a572881c8e28ccd59?s=96&d=mm&r=g","caption":"ppdegaliciaredes"},"url":"https:\/\/ppdegalicia.com\/es\/author\/ppdegaliciaredes\/"}]}},"_links":{"self":[{"href":"https:\/\/ppdegalicia.com\/es\/wp-json\/wp\/v2\/posts\/72156","targetHints":{"allow":["GET"]}}],"collection":[{"href":"https:\/\/ppdegalicia.com\/es\/wp-json\/wp\/v2\/posts"}],"about":[{"href":"https:\/\/ppdegalicia.com\/es\/wp-json\/wp\/v2\/types\/post"}],"author":[{"embeddable":true,"href":"https:\/\/ppdegalicia.com\/es\/wp-json\/wp\/v2\/users\/38"}],"replies":[{"embeddable":true,"href":"https:\/\/ppdegalicia.com\/es\/wp-json\/wp\/v2\/comments?post=72156"}],"version-history":[{"count":2,"href":"https:\/\/ppdegalicia.com\/es\/wp-json\/wp\/v2\/posts\/72156\/revisions"}],"predecessor-version":[{"id":72172,"href":"https:\/\/ppdegalicia.com\/es\/wp-json\/wp\/v2\/posts\/72156\/revisions\/72172"}],"wp:featuredmedia":[{"embeddable":true,"href":"https:\/\/ppdegalicia.com\/es\/wp-json\/wp\/v2\/media\/72157"}],"wp:attachment":[{"href":"https:\/\/ppdegalicia.com\/es\/wp-json\/wp\/v2\/media?parent=72156"}],"wp:term":[{"taxonomy":"category","embeddable":true,"href":"https:\/\/ppdegalicia.com\/es\/wp-json\/wp\/v2\/categories?post=72156"},{"taxonomy":"post_tag","embeddable":true,"href":"https:\/\/ppdegalicia.com\/es\/wp-json\/wp\/v2\/tags?post=72156"}],"curies":[{"name":"wp","href":"https:\/\/api.w.org\/{rel}","templated":true}]}}