{"id":72160,"date":"2026-09-04T21:07:36","date_gmt":"2026-09-04T19:07:36","guid":{"rendered":"https:\/\/ppdegalicia.com\/?p=72160"},"modified":"2026-09-06T21:09:19","modified_gmt":"2026-09-06T19:09:19","slug":"alberto-pazos-contrapon-a-un-ppdeg-ao-lado-de-ceuta-cun-bng-alinado-con-eh-bildu-e-un-psdeg-que-fai-seguidismo-de-pedro-sanchez","status":"publish","type":"post","link":"https:\/\/ppdegalicia.com\/es\/alberto-pazos-contrapon-a-un-ppdeg-ao-lado-de-ceuta-cun-bng-alinado-con-eh-bildu-e-un-psdeg-que-fai-seguidismo-de-pedro-sanchez\/","title":{"rendered":"Alberto Pazos contrap\u00f3n a un PPdeG ao lado de Ceuta cun BNG ali\u00f1ado con EH Bildu e un PSdeG que fai seguidismo de Pedro S\u00e1nchez"},"content":{"rendered":"<p>O portavoz do Grupo Parlamentario Popular, Alberto Pazos, afeou, hoxe, a negativa de BNG e PSdeG participar nas concentraci\u00f3ns de apoio ao pobo ceut\u00ed e para exixir unha soluci\u00f3n inmediata ao caos que se est\u00e1 a vivir na cidade de Ceuta, tras m\u00e1is dun mes de \u201cabsoluto abandono por parte do Goberno central\u201d.<\/p>\n<p>Tal e como expuxo, \u201cmentres o PPdeG estaba ao lado de Ceuta\u201d, os nacionalistas manti\u00f1an unha xuntanza con EH Bildu e os socialistas galegos preferiron po\u00f1erse de perfil e facer seguidismo de Pedro S\u00e1nchez: \u201cO BNG elixiu as malas compa\u00f1\u00edas e o PSdeG elixiu po\u00f1er os seus propios intereses partidistas por riba do sentido de Estado\u201d. As\u00ed, ante a afluencia das diferentes convocatorias, o representante popular apuntou que \u201cnon existe d\u00fabida de quen quedou realmente s\u00f3 e illado e de quen goza do apoio maioritario do pobo galego\u201d.<\/p>\n<p>Pazos aproveitou a s\u00faa comparecencia para amosar a solidariedade do Grupo Popular co pobo ceut\u00ed e trasladar, o seu apoio e reco\u00f1ecemento aos compa\u00f1eiros do PP de Ceuta, polo seu \u201cexemplo de responsabilidade, integridade e verdadeira vocaci\u00f3n de servizo p\u00fablico\u201d; e fixo especial fincap\u00e9, tam\u00e9n, \u201cna realidade m\u00e1is dolorosa\u201d, as 141 persoas falecidas.<\/p>\n<p><strong>UN PRESIDENTE SEN APOIOS E INHABILITADO PARA GOBERNAR<\/strong><br \/>\nAsemade, o representante popular acusou a Pedro S\u00e1nchez de fuxir das s\u00faas responsabilidades e de ser incapaz de dar \u201cnin unha soa explicaci\u00f3n coherente\u201d sobre o acontecido nin de tomar \u201cningunha decisi\u00f3n firme\u201d ao respecto: \u201cEscoitar a Pedro S\u00e1nchez, lonxe de achegar tranquilidade, o \u00fanico que produce na cidadan\u00eda \u00e9 m\u00e1is indignaci\u00f3n, m\u00e1is incerteza e m\u00e1is inseguridade\u201d.<\/p>\n<p>Para Alberto Pazos, onte evidenciouse un presidente submiso a Marrocos, \u201cprofundamente cuestionado, sen apoios e inhabilitado para solucionar esta crise e para presidir o pa\u00eds\u201d. E considerou inadmisible que, m\u00e1is dun mes despois, o pobo ceut\u00ed siga sen respostas de por que se chegou a esta situaci\u00f3n ingobernable e que vai facer o Executivo cos milleiros de adultos e menores migrantes non acompa\u00f1ados que permanecen na cidade.<\/p>\n","protected":false},"excerpt":{"rendered":"<p>O portavoz do Grupo Parlamentario Popular, Alberto Pazos, afeou, hoxe, a negativa de BNG e PSdeG participar nas concentraci\u00f3ns de apoio ao pobo ceut\u00ed e para exixir unha soluci\u00f3n inmediata ao caos que se est\u00e1 a vivir na cidade de Ceuta, tras m\u00e1is dun mes de \u201cabsoluto abandono por parte do Goberno central\u201d. Tal e [&hellip;]<\/p>\n","protected":false},"author":38,"featured_media":72161,"comment_status":"closed","ping_status":"open","sticky":false,"template":"","format":"standard","meta":{"_acf_changed":false,"footnotes":""},"categories":[1128],"tags":[],"class_list":["post-72160","post","type-post","status-publish","format-standard","has-post-thumbnail","hentry","category-actualidad-parlamento-de-galicia"],"acf":[],"yoast_head":"<!-- This site is optimized with the Yoast SEO plugin v27.3 - https:\/\/yoast.com\/product\/yoast-seo-wordpress\/ -->\n<title>Alberto Pazos contrap\u00f3n a un PPdeG ao lado de Ceuta cun BNG ali\u00f1ado con EH Bildu e un PSdeG que fai seguidismo de Pedro S\u00e1nchez - PP de Galicia<\/title>\n<meta name=\"description\" content=\"O portavoz do Grupo Parlamentario Popular, Alberto Pazos, afeou, hoxe, a negativa de BNG e PSdeG participar nas concentraci\u00f3ns de apoio ao pobo ceut\u00ed e para exixir unha soluci\u00f3n inmediata ao caos que se est\u00e1 a vivir na cidade de Ceuta, tras m\u00e1is dun mes de \u201cabsoluto abandono por parte do Goberno central\u201d.\" \/>\n<meta name=\"robots\" content=\"index, follow, max-snippet:-1, max-image-preview:large, max-video-preview:-1\" \/>\n<link rel=\"canonical\" href=\"https:\/\/ppdegalicia.com\/es\/alberto-pazos-contrapon-a-un-ppdeg-ao-lado-de-ceuta-cun-bng-alinado-con-eh-bildu-e-un-psdeg-que-fai-seguidismo-de-pedro-sanchez\/\" \/>\n<meta property=\"og:locale\" content=\"es_ES\" \/>\n<meta property=\"og:type\" content=\"article\" \/>\n<meta property=\"og:title\" content=\"Alberto Pazos contrap\u00f3n a un PPdeG ao lado de Ceuta cun BNG ali\u00f1ado con EH Bildu e un PSdeG que fai seguidismo de Pedro S\u00e1nchez - PP de Galicia\" \/>\n<meta property=\"og:description\" content=\"O portavoz do Grupo Parlamentario Popular, Alberto Pazos, afeou, hoxe, a negativa de BNG e PSdeG participar nas concentraci\u00f3ns de apoio ao pobo ceut\u00ed e para exixir unha soluci\u00f3n inmediata ao caos que se est\u00e1 a vivir na cidade de Ceuta, tras m\u00e1is dun mes de \u201cabsoluto abandono por parte do Goberno central\u201d.\" \/>\n<meta property=\"og:url\" content=\"https:\/\/ppdegalicia.com\/es\/alberto-pazos-contrapon-a-un-ppdeg-ao-lado-de-ceuta-cun-bng-alinado-con-eh-bildu-e-un-psdeg-que-fai-seguidismo-de-pedro-sanchez\/\" \/>\n<meta property=\"og:site_name\" content=\"PP de Galicia\" \/>\n<meta property=\"article:publisher\" content=\"https:\/\/www.instagram.com\/ppdegalicia\/\" \/>\n<meta property=\"article:published_time\" content=\"2026-09-04T19:07:36+00:00\" \/>\n<meta property=\"article:modified_time\" content=\"2026-09-06T19:09:19+00:00\" \/>\n<meta property=\"og:image\" content=\"https:\/\/ppdegalicia.com\/wp-content\/uploads\/2026\/09\/20260904_APazos_rdp12-scaled.jpg\" \/>\n\t<meta property=\"og:image:width\" content=\"2560\" \/>\n\t<meta property=\"og:image:height\" content=\"1707\" \/>\n\t<meta property=\"og:image:type\" content=\"image\/jpeg\" \/>\n<meta name=\"author\" content=\"ppdegaliciaredes\" \/>\n<meta name=\"twitter:card\" content=\"summary_large_image\" \/>\n<meta name=\"twitter:creator\" content=\"@ppdegalicia\" \/>\n<meta name=\"twitter:site\" content=\"@ppdegalicia\" \/>\n<meta name=\"twitter:label1\" content=\"Escrito por\" \/>\n\t<meta name=\"twitter:data1\" content=\"ppdegaliciaredes\" \/>\n\t<meta name=\"twitter:label2\" content=\"Tiempo de lectura\" \/>\n\t<meta name=\"twitter:data2\" content=\"2 minutos\" \/>\n<script type=\"application\/ld+json\" class=\"yoast-schema-graph\">{\"@context\":\"https:\\\/\\\/schema.org\",\"@graph\":[{\"@type\":\"Article\",\"@id\":\"https:\\\/\\\/ppdegalicia.com\\\/es\\\/alberto-pazos-contrapon-a-un-ppdeg-ao-lado-de-ceuta-cun-bng-alinado-con-eh-bildu-e-un-psdeg-que-fai-seguidismo-de-pedro-sanchez\\\/#article\",\"isPartOf\":{\"@id\":\"https:\\\/\\\/ppdegalicia.com\\\/es\\\/alberto-pazos-contrapon-a-un-ppdeg-ao-lado-de-ceuta-cun-bng-alinado-con-eh-bildu-e-un-psdeg-que-fai-seguidismo-de-pedro-sanchez\\\/\"},\"author\":{\"name\":\"ppdegaliciaredes\",\"@id\":\"https:\\\/\\\/ppdegalicia.com\\\/es\\\/#\\\/schema\\\/person\\\/5b822c6f59e872ebdd1142f307dbcb59\"},\"headline\":\"Alberto Pazos contrap\u00f3n a un PPdeG ao lado de Ceuta cun BNG ali\u00f1ado con EH Bildu e un PSdeG que fai seguidismo de Pedro S\u00e1nchez\",\"datePublished\":\"2026-09-04T19:07:36+00:00\",\"dateModified\":\"2026-09-06T19:09:19+00:00\",\"mainEntityOfPage\":{\"@id\":\"https:\\\/\\\/ppdegalicia.com\\\/es\\\/alberto-pazos-contrapon-a-un-ppdeg-ao-lado-de-ceuta-cun-bng-alinado-con-eh-bildu-e-un-psdeg-que-fai-seguidismo-de-pedro-sanchez\\\/\"},\"wordCount\":382,\"publisher\":{\"@id\":\"https:\\\/\\\/ppdegalicia.com\\\/es\\\/#organization\"},\"image\":{\"@id\":\"https:\\\/\\\/ppdegalicia.com\\\/es\\\/alberto-pazos-contrapon-a-un-ppdeg-ao-lado-de-ceuta-cun-bng-alinado-con-eh-bildu-e-un-psdeg-que-fai-seguidismo-de-pedro-sanchez\\\/#primaryimage\"},\"thumbnailUrl\":\"https:\\\/\\\/ppdegalicia.com\\\/wp-content\\\/uploads\\\/2026\\\/09\\\/20260904_APazos_rdp12-scaled.jpg\",\"articleSection\":[\"Parlamento de Galicia\"],\"inLanguage\":\"es\"},{\"@type\":\"WebPage\",\"@id\":\"https:\\\/\\\/ppdegalicia.com\\\/es\\\/alberto-pazos-contrapon-a-un-ppdeg-ao-lado-de-ceuta-cun-bng-alinado-con-eh-bildu-e-un-psdeg-que-fai-seguidismo-de-pedro-sanchez\\\/\",\"url\":\"https:\\\/\\\/ppdegalicia.com\\\/es\\\/alberto-pazos-contrapon-a-un-ppdeg-ao-lado-de-ceuta-cun-bng-alinado-con-eh-bildu-e-un-psdeg-que-fai-seguidismo-de-pedro-sanchez\\\/\",\"name\":\"Alberto Pazos contrap\u00f3n a un PPdeG ao lado de Ceuta cun BNG ali\u00f1ado con EH Bildu e un PSdeG que fai seguidismo de Pedro S\u00e1nchez - PP de Galicia\",\"isPartOf\":{\"@id\":\"https:\\\/\\\/ppdegalicia.com\\\/es\\\/#website\"},\"primaryImageOfPage\":{\"@id\":\"https:\\\/\\\/ppdegalicia.com\\\/es\\\/alberto-pazos-contrapon-a-un-ppdeg-ao-lado-de-ceuta-cun-bng-alinado-con-eh-bildu-e-un-psdeg-que-fai-seguidismo-de-pedro-sanchez\\\/#primaryimage\"},\"image\":{\"@id\":\"https:\\\/\\\/ppdegalicia.com\\\/es\\\/alberto-pazos-contrapon-a-un-ppdeg-ao-lado-de-ceuta-cun-bng-alinado-con-eh-bildu-e-un-psdeg-que-fai-seguidismo-de-pedro-sanchez\\\/#primaryimage\"},\"thumbnailUrl\":\"https:\\\/\\\/ppdegalicia.com\\\/wp-content\\\/uploads\\\/2026\\\/09\\\/20260904_APazos_rdp12-scaled.jpg\",\"datePublished\":\"2026-09-04T19:07:36+00:00\",\"dateModified\":\"2026-09-06T19:09:19+00:00\",\"description\":\"O portavoz do Grupo Parlamentario Popular, Alberto Pazos, afeou, hoxe, a negativa de BNG e PSdeG participar nas concentraci\u00f3ns de apoio ao pobo ceut\u00ed e para exixir unha soluci\u00f3n inmediata ao caos que se est\u00e1 a vivir na cidade de Ceuta, tras m\u00e1is dun mes de \u201cabsoluto abandono por parte do Goberno central\u201d.\",\"breadcrumb\":{\"@id\":\"https:\\\/\\\/ppdegalicia.com\\\/es\\\/alberto-pazos-contrapon-a-un-ppdeg-ao-lado-de-ceuta-cun-bng-alinado-con-eh-bildu-e-un-psdeg-que-fai-seguidismo-de-pedro-sanchez\\\/#breadcrumb\"},\"inLanguage\":\"es\",\"potentialAction\":[{\"@type\":\"ReadAction\",\"target\":[\"https:\\\/\\\/ppdegalicia.com\\\/es\\\/alberto-pazos-contrapon-a-un-ppdeg-ao-lado-de-ceuta-cun-bng-alinado-con-eh-bildu-e-un-psdeg-que-fai-seguidismo-de-pedro-sanchez\\\/\"]}]},{\"@type\":\"ImageObject\",\"inLanguage\":\"es\",\"@id\":\"https:\\\/\\\/ppdegalicia.com\\\/es\\\/alberto-pazos-contrapon-a-un-ppdeg-ao-lado-de-ceuta-cun-bng-alinado-con-eh-bildu-e-un-psdeg-que-fai-seguidismo-de-pedro-sanchez\\\/#primaryimage\",\"url\":\"https:\\\/\\\/ppdegalicia.com\\\/wp-content\\\/uploads\\\/2026\\\/09\\\/20260904_APazos_rdp12-scaled.jpg\",\"contentUrl\":\"https:\\\/\\\/ppdegalicia.com\\\/wp-content\\\/uploads\\\/2026\\\/09\\\/20260904_APazos_rdp12-scaled.jpg\",\"width\":2560,\"height\":1707},{\"@type\":\"BreadcrumbList\",\"@id\":\"https:\\\/\\\/ppdegalicia.com\\\/es\\\/alberto-pazos-contrapon-a-un-ppdeg-ao-lado-de-ceuta-cun-bng-alinado-con-eh-bildu-e-un-psdeg-que-fai-seguidismo-de-pedro-sanchez\\\/#breadcrumb\",\"itemListElement\":[{\"@type\":\"ListItem\",\"position\":1,\"name\":\"Portada\",\"item\":\"https:\\\/\\\/ppdegalicia.com\\\/es\\\/\"},{\"@type\":\"ListItem\",\"position\":2,\"name\":\"Alberto Pazos contrap\u00f3n a un PPdeG ao lado de Ceuta cun BNG ali\u00f1ado con EH Bildu e un PSdeG que fai seguidismo de Pedro S\u00e1nchez\"}]},{\"@type\":\"WebSite\",\"@id\":\"https:\\\/\\\/ppdegalicia.com\\\/es\\\/#website\",\"url\":\"https:\\\/\\\/ppdegalicia.com\\\/es\\\/\",\"name\":\"Partido Popular de Galicia\",\"description\":\"Partido Popular de Galicia\",\"publisher\":{\"@id\":\"https:\\\/\\\/ppdegalicia.com\\\/es\\\/#organization\"},\"alternateName\":\"PP de Galicia\",\"potentialAction\":[{\"@type\":\"SearchAction\",\"target\":{\"@type\":\"EntryPoint\",\"urlTemplate\":\"https:\\\/\\\/ppdegalicia.com\\\/es\\\/?s={search_term_string}\"},\"query-input\":{\"@type\":\"PropertyValueSpecification\",\"valueRequired\":true,\"valueName\":\"search_term_string\"}}],\"inLanguage\":\"es\"},{\"@type\":\"Organization\",\"@id\":\"https:\\\/\\\/ppdegalicia.com\\\/es\\\/#organization\",\"name\":\"Partido Popular de Galicia\",\"alternateName\":\"PP de Galicia\",\"url\":\"https:\\\/\\\/ppdegalicia.com\\\/es\\\/\",\"logo\":{\"@type\":\"ImageObject\",\"inLanguage\":\"es\",\"@id\":\"https:\\\/\\\/ppdegalicia.com\\\/es\\\/#\\\/schema\\\/logo\\\/image\\\/\",\"url\":\"https:\\\/\\\/ppdegalicia.com\\\/wp-content\\\/uploads\\\/2023\\\/04\\\/logoPP512.png\",\"contentUrl\":\"https:\\\/\\\/ppdegalicia.com\\\/wp-content\\\/uploads\\\/2023\\\/04\\\/logoPP512.png\",\"width\":512,\"height\":512,\"caption\":\"Partido Popular de Galicia\"},\"image\":{\"@id\":\"https:\\\/\\\/ppdegalicia.com\\\/es\\\/#\\\/schema\\\/logo\\\/image\\\/\"},\"sameAs\":[\"https:\\\/\\\/www.instagram.com\\\/ppdegalicia\\\/\",\"https:\\\/\\\/x.com\\\/ppdegalicia\",\"https:\\\/\\\/www.tiktok.com\\\/@ppdegalicia\",\"https:\\\/\\\/www.youtube.com\\\/user\\\/ppdegalicia\"]},{\"@type\":\"Person\",\"@id\":\"https:\\\/\\\/ppdegalicia.com\\\/es\\\/#\\\/schema\\\/person\\\/5b822c6f59e872ebdd1142f307dbcb59\",\"name\":\"ppdegaliciaredes\",\"image\":{\"@type\":\"ImageObject\",\"inLanguage\":\"es\",\"@id\":\"https:\\\/\\\/secure.gravatar.com\\\/avatar\\\/3c9179cf0256d00c72a48d1f25783c58b6842cd56e85ef3a572881c8e28ccd59?s=96&d=mm&r=g\",\"url\":\"https:\\\/\\\/secure.gravatar.com\\\/avatar\\\/3c9179cf0256d00c72a48d1f25783c58b6842cd56e85ef3a572881c8e28ccd59?s=96&d=mm&r=g\",\"contentUrl\":\"https:\\\/\\\/secure.gravatar.com\\\/avatar\\\/3c9179cf0256d00c72a48d1f25783c58b6842cd56e85ef3a572881c8e28ccd59?s=96&d=mm&r=g\",\"caption\":\"ppdegaliciaredes\"},\"url\":\"https:\\\/\\\/ppdegalicia.com\\\/es\\\/author\\\/ppdegaliciaredes\\\/\"}]}<\/script>\n<!-- \/ Yoast SEO plugin. -->","yoast_head_json":{"title":"Alberto Pazos contrap\u00f3n a un PPdeG ao lado de Ceuta cun BNG ali\u00f1ado con EH Bildu e un PSdeG que fai seguidismo de Pedro S\u00e1nchez - PP de Galicia","description":"O portavoz do Grupo Parlamentario Popular, Alberto Pazos, afeou, hoxe, a negativa de BNG e PSdeG participar nas concentraci\u00f3ns de apoio ao pobo ceut\u00ed e para exixir unha soluci\u00f3n inmediata ao caos que se est\u00e1 a vivir na cidade de Ceuta, tras m\u00e1is dun mes de \u201cabsoluto abandono por parte do Goberno central\u201d.","robots":{"index":"index","follow":"follow","max-snippet":"max-snippet:-1","max-image-preview":"max-image-preview:large","max-video-preview":"max-video-preview:-1"},"canonical":"https:\/\/ppdegalicia.com\/es\/alberto-pazos-contrapon-a-un-ppdeg-ao-lado-de-ceuta-cun-bng-alinado-con-eh-bildu-e-un-psdeg-que-fai-seguidismo-de-pedro-sanchez\/","og_locale":"es_ES","og_type":"article","og_title":"Alberto Pazos contrap\u00f3n a un PPdeG ao lado de Ceuta cun BNG ali\u00f1ado con EH Bildu e un PSdeG que fai seguidismo de Pedro S\u00e1nchez - PP de Galicia","og_description":"O portavoz do Grupo Parlamentario Popular, Alberto Pazos, afeou, hoxe, a negativa de BNG e PSdeG participar nas concentraci\u00f3ns de apoio ao pobo ceut\u00ed e para exixir unha soluci\u00f3n inmediata ao caos que se est\u00e1 a vivir na cidade de Ceuta, tras m\u00e1is dun mes de \u201cabsoluto abandono por parte do Goberno central\u201d.","og_url":"https:\/\/ppdegalicia.com\/es\/alberto-pazos-contrapon-a-un-ppdeg-ao-lado-de-ceuta-cun-bng-alinado-con-eh-bildu-e-un-psdeg-que-fai-seguidismo-de-pedro-sanchez\/","og_site_name":"PP de Galicia","article_publisher":"https:\/\/www.instagram.com\/ppdegalicia\/","article_published_time":"2026-09-04T19:07:36+00:00","article_modified_time":"2026-09-06T19:09:19+00:00","og_image":[{"width":2560,"height":1707,"url":"https:\/\/ppdegalicia.com\/wp-content\/uploads\/2026\/09\/20260904_APazos_rdp12-scaled.jpg","type":"image\/jpeg"}],"author":"ppdegaliciaredes","twitter_card":"summary_large_image","twitter_creator":"@ppdegalicia","twitter_site":"@ppdegalicia","twitter_misc":{"Escrito por":"ppdegaliciaredes","Tiempo de lectura":"2 minutos"},"schema":{"@context":"https:\/\/schema.org","@graph":[{"@type":"Article","@id":"https:\/\/ppdegalicia.com\/es\/alberto-pazos-contrapon-a-un-ppdeg-ao-lado-de-ceuta-cun-bng-alinado-con-eh-bildu-e-un-psdeg-que-fai-seguidismo-de-pedro-sanchez\/#article","isPartOf":{"@id":"https:\/\/ppdegalicia.com\/es\/alberto-pazos-contrapon-a-un-ppdeg-ao-lado-de-ceuta-cun-bng-alinado-con-eh-bildu-e-un-psdeg-que-fai-seguidismo-de-pedro-sanchez\/"},"author":{"name":"ppdegaliciaredes","@id":"https:\/\/ppdegalicia.com\/es\/#\/schema\/person\/5b822c6f59e872ebdd1142f307dbcb59"},"headline":"Alberto Pazos contrap\u00f3n a un PPdeG ao lado de Ceuta cun BNG ali\u00f1ado con EH Bildu e un PSdeG que fai seguidismo de Pedro S\u00e1nchez","datePublished":"2026-09-04T19:07:36+00:00","dateModified":"2026-09-06T19:09:19+00:00","mainEntityOfPage":{"@id":"https:\/\/ppdegalicia.com\/es\/alberto-pazos-contrapon-a-un-ppdeg-ao-lado-de-ceuta-cun-bng-alinado-con-eh-bildu-e-un-psdeg-que-fai-seguidismo-de-pedro-sanchez\/"},"wordCount":382,"publisher":{"@id":"https:\/\/ppdegalicia.com\/es\/#organization"},"image":{"@id":"https:\/\/ppdegalicia.com\/es\/alberto-pazos-contrapon-a-un-ppdeg-ao-lado-de-ceuta-cun-bng-alinado-con-eh-bildu-e-un-psdeg-que-fai-seguidismo-de-pedro-sanchez\/#primaryimage"},"thumbnailUrl":"https:\/\/ppdegalicia.com\/wp-content\/uploads\/2026\/09\/20260904_APazos_rdp12-scaled.jpg","articleSection":["Parlamento de Galicia"],"inLanguage":"es"},{"@type":"WebPage","@id":"https:\/\/ppdegalicia.com\/es\/alberto-pazos-contrapon-a-un-ppdeg-ao-lado-de-ceuta-cun-bng-alinado-con-eh-bildu-e-un-psdeg-que-fai-seguidismo-de-pedro-sanchez\/","url":"https:\/\/ppdegalicia.com\/es\/alberto-pazos-contrapon-a-un-ppdeg-ao-lado-de-ceuta-cun-bng-alinado-con-eh-bildu-e-un-psdeg-que-fai-seguidismo-de-pedro-sanchez\/","name":"Alberto Pazos contrap\u00f3n a un PPdeG ao lado de Ceuta cun BNG ali\u00f1ado con EH Bildu e un PSdeG que fai seguidismo de Pedro S\u00e1nchez - PP de Galicia","isPartOf":{"@id":"https:\/\/ppdegalicia.com\/es\/#website"},"primaryImageOfPage":{"@id":"https:\/\/ppdegalicia.com\/es\/alberto-pazos-contrapon-a-un-ppdeg-ao-lado-de-ceuta-cun-bng-alinado-con-eh-bildu-e-un-psdeg-que-fai-seguidismo-de-pedro-sanchez\/#primaryimage"},"image":{"@id":"https:\/\/ppdegalicia.com\/es\/alberto-pazos-contrapon-a-un-ppdeg-ao-lado-de-ceuta-cun-bng-alinado-con-eh-bildu-e-un-psdeg-que-fai-seguidismo-de-pedro-sanchez\/#primaryimage"},"thumbnailUrl":"https:\/\/ppdegalicia.com\/wp-content\/uploads\/2026\/09\/20260904_APazos_rdp12-scaled.jpg","datePublished":"2026-09-04T19:07:36+00:00","dateModified":"2026-09-06T19:09:19+00:00","description":"O portavoz do Grupo Parlamentario Popular, Alberto Pazos, afeou, hoxe, a negativa de BNG e PSdeG participar nas concentraci\u00f3ns de apoio ao pobo ceut\u00ed e para exixir unha soluci\u00f3n inmediata ao caos que se est\u00e1 a vivir na cidade de Ceuta, tras m\u00e1is dun mes de \u201cabsoluto abandono por parte do Goberno central\u201d.","breadcrumb":{"@id":"https:\/\/ppdegalicia.com\/es\/alberto-pazos-contrapon-a-un-ppdeg-ao-lado-de-ceuta-cun-bng-alinado-con-eh-bildu-e-un-psdeg-que-fai-seguidismo-de-pedro-sanchez\/#breadcrumb"},"inLanguage":"es","potentialAction":[{"@type":"ReadAction","target":["https:\/\/ppdegalicia.com\/es\/alberto-pazos-contrapon-a-un-ppdeg-ao-lado-de-ceuta-cun-bng-alinado-con-eh-bildu-e-un-psdeg-que-fai-seguidismo-de-pedro-sanchez\/"]}]},{"@type":"ImageObject","inLanguage":"es","@id":"https:\/\/ppdegalicia.com\/es\/alberto-pazos-contrapon-a-un-ppdeg-ao-lado-de-ceuta-cun-bng-alinado-con-eh-bildu-e-un-psdeg-que-fai-seguidismo-de-pedro-sanchez\/#primaryimage","url":"https:\/\/ppdegalicia.com\/wp-content\/uploads\/2026\/09\/20260904_APazos_rdp12-scaled.jpg","contentUrl":"https:\/\/ppdegalicia.com\/wp-content\/uploads\/2026\/09\/20260904_APazos_rdp12-scaled.jpg","width":2560,"height":1707},{"@type":"BreadcrumbList","@id":"https:\/\/ppdegalicia.com\/es\/alberto-pazos-contrapon-a-un-ppdeg-ao-lado-de-ceuta-cun-bng-alinado-con-eh-bildu-e-un-psdeg-que-fai-seguidismo-de-pedro-sanchez\/#breadcrumb","itemListElement":[{"@type":"ListItem","position":1,"name":"Portada","item":"https:\/\/ppdegalicia.com\/es\/"},{"@type":"ListItem","position":2,"name":"Alberto Pazos contrap\u00f3n a un PPdeG ao lado de Ceuta cun BNG ali\u00f1ado con EH Bildu e un PSdeG que fai seguidismo de Pedro S\u00e1nchez"}]},{"@type":"WebSite","@id":"https:\/\/ppdegalicia.com\/es\/#website","url":"https:\/\/ppdegalicia.com\/es\/","name":"Partido Popular de Galicia","description":"Partido Popular de Galicia","publisher":{"@id":"https:\/\/ppdegalicia.com\/es\/#organization"},"alternateName":"PP de Galicia","potentialAction":[{"@type":"SearchAction","target":{"@type":"EntryPoint","urlTemplate":"https:\/\/ppdegalicia.com\/es\/?s={search_term_string}"},"query-input":{"@type":"PropertyValueSpecification","valueRequired":true,"valueName":"search_term_string"}}],"inLanguage":"es"},{"@type":"Organization","@id":"https:\/\/ppdegalicia.com\/es\/#organization","name":"Partido Popular de Galicia","alternateName":"PP de Galicia","url":"https:\/\/ppdegalicia.com\/es\/","logo":{"@type":"ImageObject","inLanguage":"es","@id":"https:\/\/ppdegalicia.com\/es\/#\/schema\/logo\/image\/","url":"https:\/\/ppdegalicia.com\/wp-content\/uploads\/2023\/04\/logoPP512.png","contentUrl":"https:\/\/ppdegalicia.com\/wp-content\/uploads\/2023\/04\/logoPP512.png","width":512,"height":512,"caption":"Partido Popular de Galicia"},"image":{"@id":"https:\/\/ppdegalicia.com\/es\/#\/schema\/logo\/image\/"},"sameAs":["https:\/\/www.instagram.com\/ppdegalicia\/","https:\/\/x.com\/ppdegalicia","https:\/\/www.tiktok.com\/@ppdegalicia","https:\/\/www.youtube.com\/user\/ppdegalicia"]},{"@type":"Person","@id":"https:\/\/ppdegalicia.com\/es\/#\/schema\/person\/5b822c6f59e872ebdd1142f307dbcb59","name":"ppdegaliciaredes","image":{"@type":"ImageObject","inLanguage":"es","@id":"https:\/\/secure.gravatar.com\/avatar\/3c9179cf0256d00c72a48d1f25783c58b6842cd56e85ef3a572881c8e28ccd59?s=96&d=mm&r=g","url":"https:\/\/secure.gravatar.com\/avatar\/3c9179cf0256d00c72a48d1f25783c58b6842cd56e85ef3a572881c8e28ccd59?s=96&d=mm&r=g","contentUrl":"https:\/\/secure.gravatar.com\/avatar\/3c9179cf0256d00c72a48d1f25783c58b6842cd56e85ef3a572881c8e28ccd59?s=96&d=mm&r=g","caption":"ppdegaliciaredes"},"url":"https:\/\/ppdegalicia.com\/es\/author\/ppdegaliciaredes\/"}]}},"_links":{"self":[{"href":"https:\/\/ppdegalicia.com\/es\/wp-json\/wp\/v2\/posts\/72160","targetHints":{"allow":["GET"]}}],"collection":[{"href":"https:\/\/ppdegalicia.com\/es\/wp-json\/wp\/v2\/posts"}],"about":[{"href":"https:\/\/ppdegalicia.com\/es\/wp-json\/wp\/v2\/types\/post"}],"author":[{"embeddable":true,"href":"https:\/\/ppdegalicia.com\/es\/wp-json\/wp\/v2\/users\/38"}],"replies":[{"embeddable":true,"href":"https:\/\/ppdegalicia.com\/es\/wp-json\/wp\/v2\/comments?post=72160"}],"version-history":[{"count":1,"href":"https:\/\/ppdegalicia.com\/es\/wp-json\/wp\/v2\/posts\/72160\/revisions"}],"predecessor-version":[{"id":72163,"href":"https:\/\/ppdegalicia.com\/es\/wp-json\/wp\/v2\/posts\/72160\/revisions\/72163"}],"wp:featuredmedia":[{"embeddable":true,"href":"https:\/\/ppdegalicia.com\/es\/wp-json\/wp\/v2\/media\/72161"}],"wp:attachment":[{"href":"https:\/\/ppdegalicia.com\/es\/wp-json\/wp\/v2\/media?parent=72160"}],"wp:term":[{"taxonomy":"category","embeddable":true,"href":"https:\/\/ppdegalicia.com\/es\/wp-json\/wp\/v2\/categories?post=72160"},{"taxonomy":"post_tag","embeddable":true,"href":"https:\/\/ppdegalicia.com\/es\/wp-json\/wp\/v2\/tags?post=72160"}],"curies":[{"name":"wp","href":"https:\/\/api.w.org\/{rel}","templated":true}]}}