{"id":72164,"date":"2026-09-05T21:12:24","date_gmt":"2026-09-05T19:12:24","guid":{"rendered":"https:\/\/ppdegalicia.com\/?p=72164"},"modified":"2026-09-06T21:25:21","modified_gmt":"2026-09-06T19:25:21","slug":"alberto-pazos-salienta-a-actitude-proactiva-da-mocidade-de-novas-xeracions-e-chamaos-a-ser-actores-do-cambio-nas-eleccions-de-2027-para-construir-unha-soci","status":"publish","type":"post","link":"https:\/\/ppdegalicia.com\/es\/alberto-pazos-salienta-a-actitude-proactiva-da-mocidade-de-novas-xeracions-e-chamaos-a-ser-actores-do-cambio-nas-eleccions-de-2027-para-construir-unha-soci\/","title":{"rendered":"Alberto Pazos salienta a \u201cactitude proactiva\u201d da mocidade de Novas Xeraci\u00f3ns e ch\u00e1maos a ser \u201cactores do cambio\u201d nas elecci\u00f3ns de 2027 \u201cpara constru\u00edr unha sociedade mellor\u201d"},"content":{"rendered":"<p>O portavoz parlamentario do PPdeG, Alberto Pazos, salientou esta ma\u00f1\u00e1 a \u201cactitude proactiva\u201d da mocidade de Novas Xeraci\u00f3ns (NNXX) co gallo da inauguraci\u00f3n dunha nova edici\u00f3n da Escola de Ver\u00e1n que se celebrar\u00e1 durante toda esta fin de semana en Lal\u00edn e, por ese \u00e1nimo de acci\u00f3n, chamounos a ser \u201cactores do cambio\u201d nas decisivas elecci\u00f3ns que se celebrar\u00e1n en 2027 nos concellos e en Espa\u00f1a \u201cpara constru\u00edr unha sociedade m\u00e1is pr\u00f3spera, m\u00e1is xusta e mellor\u201d.<\/p>\n<p>\u201cEst\u00e1 claro que vivimos tempos convulsos nos que se est\u00e1n a producir cambios estruturais na nosa sociedade e nos que \u00e9 preciso redefinir o que vai ser o futuro. E ante isto, os xoves poden ter unha actitude contemplativa ou ben, como sucede no caso de Novas Xeraci\u00f3ns, centrarse na reflexi\u00f3n sobre os problemas com\u00fans e as posibles soluci\u00f3ns\u201d, manifestou o pol\u00edtico redondel\u00e1n, que agradeceu o \u201ccompromiso\u201d das mocidades do Partido Popular \u201cpara que ningu\u00e9n defina o voso futuro sen ter en conta as vosas opini\u00f3ns e as vosas necesidades\u201d.<\/p>\n<p>Pazos tam\u00e9n quixo felicitar \u00e1 organizaci\u00f3n pola nova celebraci\u00f3n dunha Escola de Ver\u00e1n \u201cque sempre me pareceu interesante e hoxe estimo que \u00e9 imprescindible\u201d, en referencia \u00e1 necesidade de que os mozos se impliquen activamente na consecuci\u00f3n dun necesario cambio en Espa\u00f1a.<\/p>\n<p>Pola s\u00faa banda, o presidente provincial de NNXX, o tam\u00e9n deputado Ra\u00fal Santamar\u00eda, deixou claro que o obxectivo desta actividade \u00e9 principalmente \u201cescoitar \u00e1 xente moza\u201d para afrontar nas mellores condici\u00f3ns \u201co reto dos distintos e decisivos procesos electorais que teremos o vindeiro ano\u201d. Ademais, valorou esta iniciativa como \u201cun gran intercambio de ideas para enriquecer o noso proxecto, que \u00e9 o que queren e demandan a inmensa maior\u00eda dos mozos galegos\u201d, e asegurou que a organizaci\u00f3n \u201cest\u00e1 perfectamente preparada\u201d para as elecci\u00f3ns municipais e xerais de 2027.<\/p>\n<p>Santamar\u00eda, que foi precedido polo presidente de NNXX de Lal\u00edn, Javier Carballude, para dar a benvida \u00e1 capital do Deza, lembrou os seus comezos en pol\u00edtica nunha Escola de Ver\u00e1n similar celebrada en Vilanova e finalizou a s\u00faa alocuci\u00f3n salientando a importancia de co\u00f1ecer a historia \u201ce non s\u00f3 a que a esquerda pretende impo\u00f1er, polo que creo que un dos actos m\u00e1is simb\u00f3licos desta fin de semana ser\u00e1 a proxecci\u00f3n do documental sobre Miguel \u00c1ngel Blanco\u201d.<\/p>\n<p>Tras a inauguraci\u00f3n, a iniciativa proseguir\u00e1 cunha charla sobre redes sociais, unha mesa redonda sobre as preocupaci\u00f3ns da mocidade, a citada emisi\u00f3n da peza sobre o edil de Ermua e a visita a unha explotaci\u00f3n agrogandeira. Xa na xornada de ma\u00f1\u00e1, haber\u00e1 d\u00faas mesas de debate sobre os retos do municipalismo e o papel dos concelleiros xoves antes da clausura.<\/p>\n","protected":false},"excerpt":{"rendered":"<p>O portavoz parlamentario do PPdeG, Alberto Pazos, salientou esta ma\u00f1\u00e1 a \u201cactitude proactiva\u201d da mocidade de Novas Xeraci\u00f3ns (NNXX) co gallo da inauguraci\u00f3n dunha nova edici\u00f3n da Escola de Ver\u00e1n que se celebrar\u00e1 durante toda esta fin de semana en Lal\u00edn e, por ese \u00e1nimo de acci\u00f3n, chamounos a ser \u201cactores do cambio\u201d nas decisivas [&hellip;]<\/p>\n","protected":false},"author":38,"featured_media":72165,"comment_status":"closed","ping_status":"open","sticky":false,"template":"","format":"standard","meta":{"_acf_changed":false,"footnotes":""},"categories":[1128],"tags":[],"class_list":["post-72164","post","type-post","status-publish","format-standard","has-post-thumbnail","hentry","category-actualidad-parlamento-de-galicia"],"acf":[],"yoast_head":"<!-- This site is optimized with the Yoast SEO plugin v27.3 - https:\/\/yoast.com\/product\/yoast-seo-wordpress\/ -->\n<title>Alberto Pazos salienta a \u201cactitude proactiva\u201d da mocidade de Novas Xeraci\u00f3ns e ch\u00e1maos a ser \u201cactores do cambio\u201d nas elecci\u00f3ns de 2027 \u201cpara constru\u00edr unha sociedade mellor\u201d - PP de Galicia<\/title>\n<meta name=\"description\" content=\"O portavoz parlamentario do PPdeG, Alberto Pazos, salientou esta ma\u00f1\u00e1 a \u201cactitude proactiva\u201d da mocidade de Novas Xeraci\u00f3ns (NNXX) co gallo da inauguraci\u00f3n dunha nova edici\u00f3n da Escola de Ver\u00e1n que se celebrar\u00e1 durante toda esta fin de semana en Lal\u00edn e, por ese \u00e1nimo de acci\u00f3n, chamounos a ser \u201cactores do cambio\u201d nas decisivas elecci\u00f3ns que se celebrar\u00e1n en 2027 nos concellos e en Espa\u00f1a \u201cpara constru\u00edr unha sociedade m\u00e1is pr\u00f3spera, m\u00e1is xusta e mellor\u201d.\" \/>\n<meta name=\"robots\" content=\"index, follow, max-snippet:-1, max-image-preview:large, max-video-preview:-1\" \/>\n<link rel=\"canonical\" href=\"https:\/\/ppdegalicia.com\/es\/alberto-pazos-salienta-a-actitude-proactiva-da-mocidade-de-novas-xeracions-e-chamaos-a-ser-actores-do-cambio-nas-eleccions-de-2027-para-construir-unha-soci\/\" \/>\n<meta property=\"og:locale\" content=\"es_ES\" \/>\n<meta property=\"og:type\" content=\"article\" \/>\n<meta property=\"og:title\" content=\"Alberto Pazos salienta a \u201cactitude proactiva\u201d da mocidade de Novas Xeraci\u00f3ns e ch\u00e1maos a ser \u201cactores do cambio\u201d nas elecci\u00f3ns de 2027 \u201cpara constru\u00edr unha sociedade mellor\u201d - PP de Galicia\" \/>\n<meta property=\"og:description\" content=\"O portavoz parlamentario do PPdeG, Alberto Pazos, salientou esta ma\u00f1\u00e1 a \u201cactitude proactiva\u201d da mocidade de Novas Xeraci\u00f3ns (NNXX) co gallo da inauguraci\u00f3n dunha nova edici\u00f3n da Escola de Ver\u00e1n que se celebrar\u00e1 durante toda esta fin de semana en Lal\u00edn e, por ese \u00e1nimo de acci\u00f3n, chamounos a ser \u201cactores do cambio\u201d nas decisivas elecci\u00f3ns que se celebrar\u00e1n en 2027 nos concellos e en Espa\u00f1a \u201cpara constru\u00edr unha sociedade m\u00e1is pr\u00f3spera, m\u00e1is xusta e mellor\u201d.\" \/>\n<meta property=\"og:url\" content=\"https:\/\/ppdegalicia.com\/es\/alberto-pazos-salienta-a-actitude-proactiva-da-mocidade-de-novas-xeracions-e-chamaos-a-ser-actores-do-cambio-nas-eleccions-de-2027-para-construir-unha-soci\/\" \/>\n<meta property=\"og:site_name\" content=\"PP de Galicia\" \/>\n<meta property=\"article:publisher\" content=\"https:\/\/www.instagram.com\/ppdegalicia\/\" \/>\n<meta property=\"article:published_time\" content=\"2026-09-05T19:12:24+00:00\" \/>\n<meta property=\"article:modified_time\" content=\"2026-09-06T19:25:21+00:00\" \/>\n<meta property=\"og:image\" content=\"https:\/\/ppdegalicia.com\/wp-content\/uploads\/2026\/09\/1000151086.jpg\" \/>\n\t<meta property=\"og:image:width\" content=\"1600\" \/>\n\t<meta property=\"og:image:height\" content=\"1200\" \/>\n\t<meta property=\"og:image:type\" content=\"image\/jpeg\" \/>\n<meta name=\"author\" content=\"ppdegaliciaredes\" \/>\n<meta name=\"twitter:card\" content=\"summary_large_image\" \/>\n<meta name=\"twitter:creator\" content=\"@ppdegalicia\" \/>\n<meta name=\"twitter:site\" content=\"@ppdegalicia\" \/>\n<meta name=\"twitter:label1\" content=\"Escrito por\" \/>\n\t<meta name=\"twitter:data1\" content=\"ppdegaliciaredes\" \/>\n\t<meta name=\"twitter:label2\" content=\"Tiempo de lectura\" \/>\n\t<meta name=\"twitter:data2\" content=\"3 minutos\" \/>\n<script type=\"application\/ld+json\" class=\"yoast-schema-graph\">{\"@context\":\"https:\\\/\\\/schema.org\",\"@graph\":[{\"@type\":\"Article\",\"@id\":\"https:\\\/\\\/ppdegalicia.com\\\/es\\\/alberto-pazos-salienta-a-actitude-proactiva-da-mocidade-de-novas-xeracions-e-chamaos-a-ser-actores-do-cambio-nas-eleccions-de-2027-para-construir-unha-soci\\\/#article\",\"isPartOf\":{\"@id\":\"https:\\\/\\\/ppdegalicia.com\\\/es\\\/alberto-pazos-salienta-a-actitude-proactiva-da-mocidade-de-novas-xeracions-e-chamaos-a-ser-actores-do-cambio-nas-eleccions-de-2027-para-construir-unha-soci\\\/\"},\"author\":{\"name\":\"ppdegaliciaredes\",\"@id\":\"https:\\\/\\\/ppdegalicia.com\\\/es\\\/#\\\/schema\\\/person\\\/5b822c6f59e872ebdd1142f307dbcb59\"},\"headline\":\"Alberto Pazos salienta a \u201cactitude proactiva\u201d da mocidade de Novas Xeraci\u00f3ns e ch\u00e1maos a ser \u201cactores do cambio\u201d nas elecci\u00f3ns de 2027 \u201cpara constru\u00edr unha sociedade mellor\u201d\",\"datePublished\":\"2026-09-05T19:12:24+00:00\",\"dateModified\":\"2026-09-06T19:25:21+00:00\",\"mainEntityOfPage\":{\"@id\":\"https:\\\/\\\/ppdegalicia.com\\\/es\\\/alberto-pazos-salienta-a-actitude-proactiva-da-mocidade-de-novas-xeracions-e-chamaos-a-ser-actores-do-cambio-nas-eleccions-de-2027-para-construir-unha-soci\\\/\"},\"wordCount\":505,\"publisher\":{\"@id\":\"https:\\\/\\\/ppdegalicia.com\\\/es\\\/#organization\"},\"image\":{\"@id\":\"https:\\\/\\\/ppdegalicia.com\\\/es\\\/alberto-pazos-salienta-a-actitude-proactiva-da-mocidade-de-novas-xeracions-e-chamaos-a-ser-actores-do-cambio-nas-eleccions-de-2027-para-construir-unha-soci\\\/#primaryimage\"},\"thumbnailUrl\":\"https:\\\/\\\/ppdegalicia.com\\\/wp-content\\\/uploads\\\/2026\\\/09\\\/1000151086.jpg\",\"articleSection\":[\"Parlamento de Galicia\"],\"inLanguage\":\"es\"},{\"@type\":\"WebPage\",\"@id\":\"https:\\\/\\\/ppdegalicia.com\\\/es\\\/alberto-pazos-salienta-a-actitude-proactiva-da-mocidade-de-novas-xeracions-e-chamaos-a-ser-actores-do-cambio-nas-eleccions-de-2027-para-construir-unha-soci\\\/\",\"url\":\"https:\\\/\\\/ppdegalicia.com\\\/es\\\/alberto-pazos-salienta-a-actitude-proactiva-da-mocidade-de-novas-xeracions-e-chamaos-a-ser-actores-do-cambio-nas-eleccions-de-2027-para-construir-unha-soci\\\/\",\"name\":\"Alberto Pazos salienta a \u201cactitude proactiva\u201d da mocidade de Novas Xeraci\u00f3ns e ch\u00e1maos a ser \u201cactores do cambio\u201d nas elecci\u00f3ns de 2027 \u201cpara constru\u00edr unha sociedade mellor\u201d - PP de Galicia\",\"isPartOf\":{\"@id\":\"https:\\\/\\\/ppdegalicia.com\\\/es\\\/#website\"},\"primaryImageOfPage\":{\"@id\":\"https:\\\/\\\/ppdegalicia.com\\\/es\\\/alberto-pazos-salienta-a-actitude-proactiva-da-mocidade-de-novas-xeracions-e-chamaos-a-ser-actores-do-cambio-nas-eleccions-de-2027-para-construir-unha-soci\\\/#primaryimage\"},\"image\":{\"@id\":\"https:\\\/\\\/ppdegalicia.com\\\/es\\\/alberto-pazos-salienta-a-actitude-proactiva-da-mocidade-de-novas-xeracions-e-chamaos-a-ser-actores-do-cambio-nas-eleccions-de-2027-para-construir-unha-soci\\\/#primaryimage\"},\"thumbnailUrl\":\"https:\\\/\\\/ppdegalicia.com\\\/wp-content\\\/uploads\\\/2026\\\/09\\\/1000151086.jpg\",\"datePublished\":\"2026-09-05T19:12:24+00:00\",\"dateModified\":\"2026-09-06T19:25:21+00:00\",\"description\":\"O portavoz parlamentario do PPdeG, Alberto Pazos, salientou esta ma\u00f1\u00e1 a \u201cactitude proactiva\u201d da mocidade de Novas Xeraci\u00f3ns (NNXX) co gallo da inauguraci\u00f3n dunha nova edici\u00f3n da Escola de Ver\u00e1n que se celebrar\u00e1 durante toda esta fin de semana en Lal\u00edn e, por ese \u00e1nimo de acci\u00f3n, chamounos a ser \u201cactores do cambio\u201d nas decisivas elecci\u00f3ns que se celebrar\u00e1n en 2027 nos concellos e en Espa\u00f1a \u201cpara constru\u00edr unha sociedade m\u00e1is pr\u00f3spera, m\u00e1is xusta e mellor\u201d.\",\"breadcrumb\":{\"@id\":\"https:\\\/\\\/ppdegalicia.com\\\/es\\\/alberto-pazos-salienta-a-actitude-proactiva-da-mocidade-de-novas-xeracions-e-chamaos-a-ser-actores-do-cambio-nas-eleccions-de-2027-para-construir-unha-soci\\\/#breadcrumb\"},\"inLanguage\":\"es\",\"potentialAction\":[{\"@type\":\"ReadAction\",\"target\":[\"https:\\\/\\\/ppdegalicia.com\\\/es\\\/alberto-pazos-salienta-a-actitude-proactiva-da-mocidade-de-novas-xeracions-e-chamaos-a-ser-actores-do-cambio-nas-eleccions-de-2027-para-construir-unha-soci\\\/\"]}]},{\"@type\":\"ImageObject\",\"inLanguage\":\"es\",\"@id\":\"https:\\\/\\\/ppdegalicia.com\\\/es\\\/alberto-pazos-salienta-a-actitude-proactiva-da-mocidade-de-novas-xeracions-e-chamaos-a-ser-actores-do-cambio-nas-eleccions-de-2027-para-construir-unha-soci\\\/#primaryimage\",\"url\":\"https:\\\/\\\/ppdegalicia.com\\\/wp-content\\\/uploads\\\/2026\\\/09\\\/1000151086.jpg\",\"contentUrl\":\"https:\\\/\\\/ppdegalicia.com\\\/wp-content\\\/uploads\\\/2026\\\/09\\\/1000151086.jpg\",\"width\":1600,\"height\":1200},{\"@type\":\"BreadcrumbList\",\"@id\":\"https:\\\/\\\/ppdegalicia.com\\\/es\\\/alberto-pazos-salienta-a-actitude-proactiva-da-mocidade-de-novas-xeracions-e-chamaos-a-ser-actores-do-cambio-nas-eleccions-de-2027-para-construir-unha-soci\\\/#breadcrumb\",\"itemListElement\":[{\"@type\":\"ListItem\",\"position\":1,\"name\":\"Portada\",\"item\":\"https:\\\/\\\/ppdegalicia.com\\\/es\\\/\"},{\"@type\":\"ListItem\",\"position\":2,\"name\":\"Alberto Pazos salienta a \u201cactitude proactiva\u201d da mocidade de Novas Xeraci\u00f3ns e ch\u00e1maos a ser \u201cactores do cambio\u201d nas elecci\u00f3ns de 2027 \u201cpara constru\u00edr unha sociedade mellor\u201d\"}]},{\"@type\":\"WebSite\",\"@id\":\"https:\\\/\\\/ppdegalicia.com\\\/es\\\/#website\",\"url\":\"https:\\\/\\\/ppdegalicia.com\\\/es\\\/\",\"name\":\"Partido Popular de Galicia\",\"description\":\"Partido Popular de Galicia\",\"publisher\":{\"@id\":\"https:\\\/\\\/ppdegalicia.com\\\/es\\\/#organization\"},\"alternateName\":\"PP de Galicia\",\"potentialAction\":[{\"@type\":\"SearchAction\",\"target\":{\"@type\":\"EntryPoint\",\"urlTemplate\":\"https:\\\/\\\/ppdegalicia.com\\\/es\\\/?s={search_term_string}\"},\"query-input\":{\"@type\":\"PropertyValueSpecification\",\"valueRequired\":true,\"valueName\":\"search_term_string\"}}],\"inLanguage\":\"es\"},{\"@type\":\"Organization\",\"@id\":\"https:\\\/\\\/ppdegalicia.com\\\/es\\\/#organization\",\"name\":\"Partido Popular de Galicia\",\"alternateName\":\"PP de Galicia\",\"url\":\"https:\\\/\\\/ppdegalicia.com\\\/es\\\/\",\"logo\":{\"@type\":\"ImageObject\",\"inLanguage\":\"es\",\"@id\":\"https:\\\/\\\/ppdegalicia.com\\\/es\\\/#\\\/schema\\\/logo\\\/image\\\/\",\"url\":\"https:\\\/\\\/ppdegalicia.com\\\/wp-content\\\/uploads\\\/2023\\\/04\\\/logoPP512.png\",\"contentUrl\":\"https:\\\/\\\/ppdegalicia.com\\\/wp-content\\\/uploads\\\/2023\\\/04\\\/logoPP512.png\",\"width\":512,\"height\":512,\"caption\":\"Partido Popular de Galicia\"},\"image\":{\"@id\":\"https:\\\/\\\/ppdegalicia.com\\\/es\\\/#\\\/schema\\\/logo\\\/image\\\/\"},\"sameAs\":[\"https:\\\/\\\/www.instagram.com\\\/ppdegalicia\\\/\",\"https:\\\/\\\/x.com\\\/ppdegalicia\",\"https:\\\/\\\/www.tiktok.com\\\/@ppdegalicia\",\"https:\\\/\\\/www.youtube.com\\\/user\\\/ppdegalicia\"]},{\"@type\":\"Person\",\"@id\":\"https:\\\/\\\/ppdegalicia.com\\\/es\\\/#\\\/schema\\\/person\\\/5b822c6f59e872ebdd1142f307dbcb59\",\"name\":\"ppdegaliciaredes\",\"image\":{\"@type\":\"ImageObject\",\"inLanguage\":\"es\",\"@id\":\"https:\\\/\\\/secure.gravatar.com\\\/avatar\\\/3c9179cf0256d00c72a48d1f25783c58b6842cd56e85ef3a572881c8e28ccd59?s=96&d=mm&r=g\",\"url\":\"https:\\\/\\\/secure.gravatar.com\\\/avatar\\\/3c9179cf0256d00c72a48d1f25783c58b6842cd56e85ef3a572881c8e28ccd59?s=96&d=mm&r=g\",\"contentUrl\":\"https:\\\/\\\/secure.gravatar.com\\\/avatar\\\/3c9179cf0256d00c72a48d1f25783c58b6842cd56e85ef3a572881c8e28ccd59?s=96&d=mm&r=g\",\"caption\":\"ppdegaliciaredes\"},\"url\":\"https:\\\/\\\/ppdegalicia.com\\\/es\\\/author\\\/ppdegaliciaredes\\\/\"}]}<\/script>\n<!-- \/ Yoast SEO plugin. -->","yoast_head_json":{"title":"Alberto Pazos salienta a \u201cactitude proactiva\u201d da mocidade de Novas Xeraci\u00f3ns e ch\u00e1maos a ser \u201cactores do cambio\u201d nas elecci\u00f3ns de 2027 \u201cpara constru\u00edr unha sociedade mellor\u201d - PP de Galicia","description":"O portavoz parlamentario do PPdeG, Alberto Pazos, salientou esta ma\u00f1\u00e1 a \u201cactitude proactiva\u201d da mocidade de Novas Xeraci\u00f3ns (NNXX) co gallo da inauguraci\u00f3n dunha nova edici\u00f3n da Escola de Ver\u00e1n que se celebrar\u00e1 durante toda esta fin de semana en Lal\u00edn e, por ese \u00e1nimo de acci\u00f3n, chamounos a ser \u201cactores do cambio\u201d nas decisivas elecci\u00f3ns que se celebrar\u00e1n en 2027 nos concellos e en Espa\u00f1a \u201cpara constru\u00edr unha sociedade m\u00e1is pr\u00f3spera, m\u00e1is xusta e mellor\u201d.","robots":{"index":"index","follow":"follow","max-snippet":"max-snippet:-1","max-image-preview":"max-image-preview:large","max-video-preview":"max-video-preview:-1"},"canonical":"https:\/\/ppdegalicia.com\/es\/alberto-pazos-salienta-a-actitude-proactiva-da-mocidade-de-novas-xeracions-e-chamaos-a-ser-actores-do-cambio-nas-eleccions-de-2027-para-construir-unha-soci\/","og_locale":"es_ES","og_type":"article","og_title":"Alberto Pazos salienta a \u201cactitude proactiva\u201d da mocidade de Novas Xeraci\u00f3ns e ch\u00e1maos a ser \u201cactores do cambio\u201d nas elecci\u00f3ns de 2027 \u201cpara constru\u00edr unha sociedade mellor\u201d - PP de Galicia","og_description":"O portavoz parlamentario do PPdeG, Alberto Pazos, salientou esta ma\u00f1\u00e1 a \u201cactitude proactiva\u201d da mocidade de Novas Xeraci\u00f3ns (NNXX) co gallo da inauguraci\u00f3n dunha nova edici\u00f3n da Escola de Ver\u00e1n que se celebrar\u00e1 durante toda esta fin de semana en Lal\u00edn e, por ese \u00e1nimo de acci\u00f3n, chamounos a ser \u201cactores do cambio\u201d nas decisivas elecci\u00f3ns que se celebrar\u00e1n en 2027 nos concellos e en Espa\u00f1a \u201cpara constru\u00edr unha sociedade m\u00e1is pr\u00f3spera, m\u00e1is xusta e mellor\u201d.","og_url":"https:\/\/ppdegalicia.com\/es\/alberto-pazos-salienta-a-actitude-proactiva-da-mocidade-de-novas-xeracions-e-chamaos-a-ser-actores-do-cambio-nas-eleccions-de-2027-para-construir-unha-soci\/","og_site_name":"PP de Galicia","article_publisher":"https:\/\/www.instagram.com\/ppdegalicia\/","article_published_time":"2026-09-05T19:12:24+00:00","article_modified_time":"2026-09-06T19:25:21+00:00","og_image":[{"width":1600,"height":1200,"url":"https:\/\/ppdegalicia.com\/wp-content\/uploads\/2026\/09\/1000151086.jpg","type":"image\/jpeg"}],"author":"ppdegaliciaredes","twitter_card":"summary_large_image","twitter_creator":"@ppdegalicia","twitter_site":"@ppdegalicia","twitter_misc":{"Escrito por":"ppdegaliciaredes","Tiempo de lectura":"3 minutos"},"schema":{"@context":"https:\/\/schema.org","@graph":[{"@type":"Article","@id":"https:\/\/ppdegalicia.com\/es\/alberto-pazos-salienta-a-actitude-proactiva-da-mocidade-de-novas-xeracions-e-chamaos-a-ser-actores-do-cambio-nas-eleccions-de-2027-para-construir-unha-soci\/#article","isPartOf":{"@id":"https:\/\/ppdegalicia.com\/es\/alberto-pazos-salienta-a-actitude-proactiva-da-mocidade-de-novas-xeracions-e-chamaos-a-ser-actores-do-cambio-nas-eleccions-de-2027-para-construir-unha-soci\/"},"author":{"name":"ppdegaliciaredes","@id":"https:\/\/ppdegalicia.com\/es\/#\/schema\/person\/5b822c6f59e872ebdd1142f307dbcb59"},"headline":"Alberto Pazos salienta a \u201cactitude proactiva\u201d da mocidade de Novas Xeraci\u00f3ns e ch\u00e1maos a ser \u201cactores do cambio\u201d nas elecci\u00f3ns de 2027 \u201cpara constru\u00edr unha sociedade mellor\u201d","datePublished":"2026-09-05T19:12:24+00:00","dateModified":"2026-09-06T19:25:21+00:00","mainEntityOfPage":{"@id":"https:\/\/ppdegalicia.com\/es\/alberto-pazos-salienta-a-actitude-proactiva-da-mocidade-de-novas-xeracions-e-chamaos-a-ser-actores-do-cambio-nas-eleccions-de-2027-para-construir-unha-soci\/"},"wordCount":505,"publisher":{"@id":"https:\/\/ppdegalicia.com\/es\/#organization"},"image":{"@id":"https:\/\/ppdegalicia.com\/es\/alberto-pazos-salienta-a-actitude-proactiva-da-mocidade-de-novas-xeracions-e-chamaos-a-ser-actores-do-cambio-nas-eleccions-de-2027-para-construir-unha-soci\/#primaryimage"},"thumbnailUrl":"https:\/\/ppdegalicia.com\/wp-content\/uploads\/2026\/09\/1000151086.jpg","articleSection":["Parlamento de Galicia"],"inLanguage":"es"},{"@type":"WebPage","@id":"https:\/\/ppdegalicia.com\/es\/alberto-pazos-salienta-a-actitude-proactiva-da-mocidade-de-novas-xeracions-e-chamaos-a-ser-actores-do-cambio-nas-eleccions-de-2027-para-construir-unha-soci\/","url":"https:\/\/ppdegalicia.com\/es\/alberto-pazos-salienta-a-actitude-proactiva-da-mocidade-de-novas-xeracions-e-chamaos-a-ser-actores-do-cambio-nas-eleccions-de-2027-para-construir-unha-soci\/","name":"Alberto Pazos salienta a \u201cactitude proactiva\u201d da mocidade de Novas Xeraci\u00f3ns e ch\u00e1maos a ser \u201cactores do cambio\u201d nas elecci\u00f3ns de 2027 \u201cpara constru\u00edr unha sociedade mellor\u201d - PP de Galicia","isPartOf":{"@id":"https:\/\/ppdegalicia.com\/es\/#website"},"primaryImageOfPage":{"@id":"https:\/\/ppdegalicia.com\/es\/alberto-pazos-salienta-a-actitude-proactiva-da-mocidade-de-novas-xeracions-e-chamaos-a-ser-actores-do-cambio-nas-eleccions-de-2027-para-construir-unha-soci\/#primaryimage"},"image":{"@id":"https:\/\/ppdegalicia.com\/es\/alberto-pazos-salienta-a-actitude-proactiva-da-mocidade-de-novas-xeracions-e-chamaos-a-ser-actores-do-cambio-nas-eleccions-de-2027-para-construir-unha-soci\/#primaryimage"},"thumbnailUrl":"https:\/\/ppdegalicia.com\/wp-content\/uploads\/2026\/09\/1000151086.jpg","datePublished":"2026-09-05T19:12:24+00:00","dateModified":"2026-09-06T19:25:21+00:00","description":"O portavoz parlamentario do PPdeG, Alberto Pazos, salientou esta ma\u00f1\u00e1 a \u201cactitude proactiva\u201d da mocidade de Novas Xeraci\u00f3ns (NNXX) co gallo da inauguraci\u00f3n dunha nova edici\u00f3n da Escola de Ver\u00e1n que se celebrar\u00e1 durante toda esta fin de semana en Lal\u00edn e, por ese \u00e1nimo de acci\u00f3n, chamounos a ser \u201cactores do cambio\u201d nas decisivas elecci\u00f3ns que se celebrar\u00e1n en 2027 nos concellos e en Espa\u00f1a \u201cpara constru\u00edr unha sociedade m\u00e1is pr\u00f3spera, m\u00e1is xusta e mellor\u201d.","breadcrumb":{"@id":"https:\/\/ppdegalicia.com\/es\/alberto-pazos-salienta-a-actitude-proactiva-da-mocidade-de-novas-xeracions-e-chamaos-a-ser-actores-do-cambio-nas-eleccions-de-2027-para-construir-unha-soci\/#breadcrumb"},"inLanguage":"es","potentialAction":[{"@type":"ReadAction","target":["https:\/\/ppdegalicia.com\/es\/alberto-pazos-salienta-a-actitude-proactiva-da-mocidade-de-novas-xeracions-e-chamaos-a-ser-actores-do-cambio-nas-eleccions-de-2027-para-construir-unha-soci\/"]}]},{"@type":"ImageObject","inLanguage":"es","@id":"https:\/\/ppdegalicia.com\/es\/alberto-pazos-salienta-a-actitude-proactiva-da-mocidade-de-novas-xeracions-e-chamaos-a-ser-actores-do-cambio-nas-eleccions-de-2027-para-construir-unha-soci\/#primaryimage","url":"https:\/\/ppdegalicia.com\/wp-content\/uploads\/2026\/09\/1000151086.jpg","contentUrl":"https:\/\/ppdegalicia.com\/wp-content\/uploads\/2026\/09\/1000151086.jpg","width":1600,"height":1200},{"@type":"BreadcrumbList","@id":"https:\/\/ppdegalicia.com\/es\/alberto-pazos-salienta-a-actitude-proactiva-da-mocidade-de-novas-xeracions-e-chamaos-a-ser-actores-do-cambio-nas-eleccions-de-2027-para-construir-unha-soci\/#breadcrumb","itemListElement":[{"@type":"ListItem","position":1,"name":"Portada","item":"https:\/\/ppdegalicia.com\/es\/"},{"@type":"ListItem","position":2,"name":"Alberto Pazos salienta a \u201cactitude proactiva\u201d da mocidade de Novas Xeraci\u00f3ns e ch\u00e1maos a ser \u201cactores do cambio\u201d nas elecci\u00f3ns de 2027 \u201cpara constru\u00edr unha sociedade mellor\u201d"}]},{"@type":"WebSite","@id":"https:\/\/ppdegalicia.com\/es\/#website","url":"https:\/\/ppdegalicia.com\/es\/","name":"Partido Popular de Galicia","description":"Partido Popular de Galicia","publisher":{"@id":"https:\/\/ppdegalicia.com\/es\/#organization"},"alternateName":"PP de Galicia","potentialAction":[{"@type":"SearchAction","target":{"@type":"EntryPoint","urlTemplate":"https:\/\/ppdegalicia.com\/es\/?s={search_term_string}"},"query-input":{"@type":"PropertyValueSpecification","valueRequired":true,"valueName":"search_term_string"}}],"inLanguage":"es"},{"@type":"Organization","@id":"https:\/\/ppdegalicia.com\/es\/#organization","name":"Partido Popular de Galicia","alternateName":"PP de Galicia","url":"https:\/\/ppdegalicia.com\/es\/","logo":{"@type":"ImageObject","inLanguage":"es","@id":"https:\/\/ppdegalicia.com\/es\/#\/schema\/logo\/image\/","url":"https:\/\/ppdegalicia.com\/wp-content\/uploads\/2023\/04\/logoPP512.png","contentUrl":"https:\/\/ppdegalicia.com\/wp-content\/uploads\/2023\/04\/logoPP512.png","width":512,"height":512,"caption":"Partido Popular de Galicia"},"image":{"@id":"https:\/\/ppdegalicia.com\/es\/#\/schema\/logo\/image\/"},"sameAs":["https:\/\/www.instagram.com\/ppdegalicia\/","https:\/\/x.com\/ppdegalicia","https:\/\/www.tiktok.com\/@ppdegalicia","https:\/\/www.youtube.com\/user\/ppdegalicia"]},{"@type":"Person","@id":"https:\/\/ppdegalicia.com\/es\/#\/schema\/person\/5b822c6f59e872ebdd1142f307dbcb59","name":"ppdegaliciaredes","image":{"@type":"ImageObject","inLanguage":"es","@id":"https:\/\/secure.gravatar.com\/avatar\/3c9179cf0256d00c72a48d1f25783c58b6842cd56e85ef3a572881c8e28ccd59?s=96&d=mm&r=g","url":"https:\/\/secure.gravatar.com\/avatar\/3c9179cf0256d00c72a48d1f25783c58b6842cd56e85ef3a572881c8e28ccd59?s=96&d=mm&r=g","contentUrl":"https:\/\/secure.gravatar.com\/avatar\/3c9179cf0256d00c72a48d1f25783c58b6842cd56e85ef3a572881c8e28ccd59?s=96&d=mm&r=g","caption":"ppdegaliciaredes"},"url":"https:\/\/ppdegalicia.com\/es\/author\/ppdegaliciaredes\/"}]}},"_links":{"self":[{"href":"https:\/\/ppdegalicia.com\/es\/wp-json\/wp\/v2\/posts\/72164","targetHints":{"allow":["GET"]}}],"collection":[{"href":"https:\/\/ppdegalicia.com\/es\/wp-json\/wp\/v2\/posts"}],"about":[{"href":"https:\/\/ppdegalicia.com\/es\/wp-json\/wp\/v2\/types\/post"}],"author":[{"embeddable":true,"href":"https:\/\/ppdegalicia.com\/es\/wp-json\/wp\/v2\/users\/38"}],"replies":[{"embeddable":true,"href":"https:\/\/ppdegalicia.com\/es\/wp-json\/wp\/v2\/comments?post=72164"}],"version-history":[{"count":1,"href":"https:\/\/ppdegalicia.com\/es\/wp-json\/wp\/v2\/posts\/72164\/revisions"}],"predecessor-version":[{"id":72167,"href":"https:\/\/ppdegalicia.com\/es\/wp-json\/wp\/v2\/posts\/72164\/revisions\/72167"}],"wp:featuredmedia":[{"embeddable":true,"href":"https:\/\/ppdegalicia.com\/es\/wp-json\/wp\/v2\/media\/72165"}],"wp:attachment":[{"href":"https:\/\/ppdegalicia.com\/es\/wp-json\/wp\/v2\/media?parent=72164"}],"wp:term":[{"taxonomy":"category","embeddable":true,"href":"https:\/\/ppdegalicia.com\/es\/wp-json\/wp\/v2\/categories?post=72164"},{"taxonomy":"post_tag","embeddable":true,"href":"https:\/\/ppdegalicia.com\/es\/wp-json\/wp\/v2\/tags?post=72164"}],"curies":[{"name":"wp","href":"https:\/\/api.w.org\/{rel}","templated":true}]}}