{"id":72168,"date":"2026-09-05T21:27:13","date_gmt":"2026-09-05T19:27:13","guid":{"rendered":"https:\/\/ppdegalicia.com\/?p=72168"},"modified":"2026-09-06T21:28:52","modified_gmt":"2026-09-06T19:28:52","slug":"o-ppdeg-enxalza-o-programa-emega-como-unha-valiosa-ferramenta-para-contribuir-ao-emprendemento-feminino","status":"publish","type":"post","link":"https:\/\/ppdegalicia.com\/es\/o-ppdeg-enxalza-o-programa-emega-como-unha-valiosa-ferramenta-para-contribuir-ao-emprendemento-feminino\/","title":{"rendered":"O PPdeG enxalza o programa Emega como \u201cunha valiosa ferramenta para contribu\u00edr ao emprendemento feminino\u201d"},"content":{"rendered":"<p>A portavoz de Pol\u00edtica Social do Grupo Parlamentario Popular, Raquel Arias, e a deputada auton\u00f3mica e voceira do PP de Monforte, Katherine Varela, puxeron en valor o programa Emega, da Conseller\u00eda de Pol\u00edtica Social e Igualdade, como \u201cunha valiosa ferramenta \u00e1 hora de contribu\u00edr desde a Administraci\u00f3n ao emprendemento feminino\u201d.<\/p>\n<p>Durante un encontro con Leticia Vila, propietaria de BEL Optometr\u00eda, en Monforte de Lemos, e beneficiaria deste programa en 2025 na modalidade Emerxe, as parlamentarias destacaron que o programa Emega busca \u201cfacilitar a implantaci\u00f3n e consolidaci\u00f3n dos proxectos empresariais promovidos por mulleres; favorecendo a conciliaci\u00f3n da vida persoal, familiar e laboral; e prestando especial atenci\u00f3n \u00e1s mulleres que emprenden no rural, \u00e1s maiores de 55 anos e a aquelas que desenvolven a s\u00faa actividade en sectores masculinizados\u201d.<\/p>\n<p>Leticia Vila \u00e9 unha das 47 mulleres que resultaron beneficiarias do programa Emega na provincia de Lugo na anterior convocatoria, por un importe total de 537.000 euros. No caso concreto da comarca de Lemos, foron seis beneficiarias, por un importe total de 64.000 euros.<\/p>\n<p><strong>M\u00c1IS DE 350 PROXECTOS EN TODA GALICIA<\/strong><br \/>\nO Goberno galego destina 5 mill\u00f3ns de euros a estas achegas, coas que se estima que se subvencionar\u00e1n m\u00e1is de 350 proxectos empresariais liderados por mulleres e incentivar\u00e1n a creaci\u00f3n de m\u00e1is de 600 empregos.<\/p>\n<p>Na convocatoria deste ano mant\u00e9\u00f1ense as catro modalidades de axuda de edici\u00f3ns anteriores: Emerxe, con cont\u00edas de ata 22.000 euros, para novas iniciativas empresariais e creaci\u00f3n de emprego feminino estable; Impulsa, con ata 17.000 euros, e dirixidas a favorecer a reactivaci\u00f3n e consolidaci\u00f3n de empresas constitu\u00eddas por mulleres; Innova, con ata 42.000 euros, para iniciativas con contido cient\u00edfico ou base tecnol\u00f3xica; e Concilia, unha axuda complementaria das anteriores de ata 5.000 euros para promover a conciliaci\u00f3n das emprendedoras e das traballadoras.<\/p>\n","protected":false},"excerpt":{"rendered":"<p>A portavoz de Pol\u00edtica Social do Grupo Parlamentario Popular, Raquel Arias, e a deputada auton\u00f3mica e voceira do PP de Monforte, Katherine Varela, puxeron en valor o programa Emega, da Conseller\u00eda de Pol\u00edtica Social e Igualdade, como \u201cunha valiosa ferramenta \u00e1 hora de contribu\u00edr desde a Administraci\u00f3n ao emprendemento feminino\u201d. Durante un encontro con Leticia [&hellip;]<\/p>\n","protected":false},"author":38,"featured_media":72169,"comment_status":"closed","ping_status":"open","sticky":false,"template":"","format":"standard","meta":{"_acf_changed":false,"footnotes":""},"categories":[1128],"tags":[],"class_list":["post-72168","post","type-post","status-publish","format-standard","has-post-thumbnail","hentry","category-actualidad-parlamento-de-galicia"],"acf":[],"yoast_head":"<!-- This site is optimized with the Yoast SEO plugin v27.3 - https:\/\/yoast.com\/product\/yoast-seo-wordpress\/ -->\n<title>O PPdeG enxalza o programa Emega como \u201cunha valiosa ferramenta para contribu\u00edr ao emprendemento feminino\u201d - PP de Galicia<\/title>\n<meta name=\"description\" content=\"A portavoz de Pol\u00edtica Social do Grupo Parlamentario Popular, Raquel Arias, e a deputada auton\u00f3mica e voceira do PP de Monforte, Katherine Varela, puxeron en valor o programa Emega, da Conseller\u00eda de Pol\u00edtica Social e Igualdade, como \u201cunha valiosa ferramenta \u00e1 hora de contribu\u00edr desde a Administraci\u00f3n ao emprendemento feminino\u201d.\" \/>\n<meta name=\"robots\" content=\"index, follow, max-snippet:-1, max-image-preview:large, max-video-preview:-1\" \/>\n<link rel=\"canonical\" href=\"https:\/\/ppdegalicia.com\/es\/o-ppdeg-enxalza-o-programa-emega-como-unha-valiosa-ferramenta-para-contribuir-ao-emprendemento-feminino\/\" \/>\n<meta property=\"og:locale\" content=\"es_ES\" \/>\n<meta property=\"og:type\" content=\"article\" \/>\n<meta property=\"og:title\" content=\"O PPdeG enxalza o programa Emega como \u201cunha valiosa ferramenta para contribu\u00edr ao emprendemento feminino\u201d - PP de Galicia\" \/>\n<meta property=\"og:description\" content=\"A portavoz de Pol\u00edtica Social do Grupo Parlamentario Popular, Raquel Arias, e a deputada auton\u00f3mica e voceira do PP de Monforte, Katherine Varela, puxeron en valor o programa Emega, da Conseller\u00eda de Pol\u00edtica Social e Igualdade, como \u201cunha valiosa ferramenta \u00e1 hora de contribu\u00edr desde a Administraci\u00f3n ao emprendemento feminino\u201d.\" \/>\n<meta property=\"og:url\" content=\"https:\/\/ppdegalicia.com\/es\/o-ppdeg-enxalza-o-programa-emega-como-unha-valiosa-ferramenta-para-contribuir-ao-emprendemento-feminino\/\" \/>\n<meta property=\"og:site_name\" content=\"PP de Galicia\" \/>\n<meta property=\"article:publisher\" content=\"https:\/\/www.instagram.com\/ppdegalicia\/\" \/>\n<meta property=\"article:published_time\" content=\"2026-09-05T19:27:13+00:00\" \/>\n<meta property=\"article:modified_time\" content=\"2026-09-06T19:28:52+00:00\" \/>\n<meta property=\"og:image\" content=\"https:\/\/ppdegalicia.com\/wp-content\/uploads\/2026\/09\/WhatsApp-Image-2026-09-06-at-21.28.27.jpeg\" \/>\n\t<meta property=\"og:image:width\" content=\"1600\" \/>\n\t<meta property=\"og:image:height\" content=\"1200\" \/>\n\t<meta property=\"og:image:type\" content=\"image\/jpeg\" \/>\n<meta name=\"author\" content=\"ppdegaliciaredes\" \/>\n<meta name=\"twitter:card\" content=\"summary_large_image\" \/>\n<meta name=\"twitter:creator\" content=\"@ppdegalicia\" \/>\n<meta name=\"twitter:site\" content=\"@ppdegalicia\" \/>\n<meta name=\"twitter:label1\" content=\"Escrito por\" \/>\n\t<meta name=\"twitter:data1\" content=\"ppdegaliciaredes\" \/>\n\t<meta name=\"twitter:label2\" content=\"Tiempo de lectura\" \/>\n\t<meta name=\"twitter:data2\" content=\"2 minutos\" \/>\n<script type=\"application\/ld+json\" class=\"yoast-schema-graph\">{\"@context\":\"https:\\\/\\\/schema.org\",\"@graph\":[{\"@type\":\"Article\",\"@id\":\"https:\\\/\\\/ppdegalicia.com\\\/es\\\/o-ppdeg-enxalza-o-programa-emega-como-unha-valiosa-ferramenta-para-contribuir-ao-emprendemento-feminino\\\/#article\",\"isPartOf\":{\"@id\":\"https:\\\/\\\/ppdegalicia.com\\\/es\\\/o-ppdeg-enxalza-o-programa-emega-como-unha-valiosa-ferramenta-para-contribuir-ao-emprendemento-feminino\\\/\"},\"author\":{\"name\":\"ppdegaliciaredes\",\"@id\":\"https:\\\/\\\/ppdegalicia.com\\\/es\\\/#\\\/schema\\\/person\\\/5b822c6f59e872ebdd1142f307dbcb59\"},\"headline\":\"O PPdeG enxalza o programa Emega como \u201cunha valiosa ferramenta para contribu\u00edr ao emprendemento feminino\u201d\",\"datePublished\":\"2026-09-05T19:27:13+00:00\",\"dateModified\":\"2026-09-06T19:28:52+00:00\",\"mainEntityOfPage\":{\"@id\":\"https:\\\/\\\/ppdegalicia.com\\\/es\\\/o-ppdeg-enxalza-o-programa-emega-como-unha-valiosa-ferramenta-para-contribuir-ao-emprendemento-feminino\\\/\"},\"wordCount\":324,\"publisher\":{\"@id\":\"https:\\\/\\\/ppdegalicia.com\\\/es\\\/#organization\"},\"image\":{\"@id\":\"https:\\\/\\\/ppdegalicia.com\\\/es\\\/o-ppdeg-enxalza-o-programa-emega-como-unha-valiosa-ferramenta-para-contribuir-ao-emprendemento-feminino\\\/#primaryimage\"},\"thumbnailUrl\":\"https:\\\/\\\/ppdegalicia.com\\\/wp-content\\\/uploads\\\/2026\\\/09\\\/WhatsApp-Image-2026-09-06-at-21.28.27.jpeg\",\"articleSection\":[\"Parlamento de Galicia\"],\"inLanguage\":\"es\"},{\"@type\":\"WebPage\",\"@id\":\"https:\\\/\\\/ppdegalicia.com\\\/es\\\/o-ppdeg-enxalza-o-programa-emega-como-unha-valiosa-ferramenta-para-contribuir-ao-emprendemento-feminino\\\/\",\"url\":\"https:\\\/\\\/ppdegalicia.com\\\/es\\\/o-ppdeg-enxalza-o-programa-emega-como-unha-valiosa-ferramenta-para-contribuir-ao-emprendemento-feminino\\\/\",\"name\":\"O PPdeG enxalza o programa Emega como \u201cunha valiosa ferramenta para contribu\u00edr ao emprendemento feminino\u201d - PP de Galicia\",\"isPartOf\":{\"@id\":\"https:\\\/\\\/ppdegalicia.com\\\/es\\\/#website\"},\"primaryImageOfPage\":{\"@id\":\"https:\\\/\\\/ppdegalicia.com\\\/es\\\/o-ppdeg-enxalza-o-programa-emega-como-unha-valiosa-ferramenta-para-contribuir-ao-emprendemento-feminino\\\/#primaryimage\"},\"image\":{\"@id\":\"https:\\\/\\\/ppdegalicia.com\\\/es\\\/o-ppdeg-enxalza-o-programa-emega-como-unha-valiosa-ferramenta-para-contribuir-ao-emprendemento-feminino\\\/#primaryimage\"},\"thumbnailUrl\":\"https:\\\/\\\/ppdegalicia.com\\\/wp-content\\\/uploads\\\/2026\\\/09\\\/WhatsApp-Image-2026-09-06-at-21.28.27.jpeg\",\"datePublished\":\"2026-09-05T19:27:13+00:00\",\"dateModified\":\"2026-09-06T19:28:52+00:00\",\"description\":\"A portavoz de Pol\u00edtica Social do Grupo Parlamentario Popular, Raquel Arias, e a deputada auton\u00f3mica e voceira do PP de Monforte, Katherine Varela, puxeron en valor o programa Emega, da Conseller\u00eda de Pol\u00edtica Social e Igualdade, como \u201cunha valiosa ferramenta \u00e1 hora de contribu\u00edr desde a Administraci\u00f3n ao emprendemento feminino\u201d.\",\"breadcrumb\":{\"@id\":\"https:\\\/\\\/ppdegalicia.com\\\/es\\\/o-ppdeg-enxalza-o-programa-emega-como-unha-valiosa-ferramenta-para-contribuir-ao-emprendemento-feminino\\\/#breadcrumb\"},\"inLanguage\":\"es\",\"potentialAction\":[{\"@type\":\"ReadAction\",\"target\":[\"https:\\\/\\\/ppdegalicia.com\\\/es\\\/o-ppdeg-enxalza-o-programa-emega-como-unha-valiosa-ferramenta-para-contribuir-ao-emprendemento-feminino\\\/\"]}]},{\"@type\":\"ImageObject\",\"inLanguage\":\"es\",\"@id\":\"https:\\\/\\\/ppdegalicia.com\\\/es\\\/o-ppdeg-enxalza-o-programa-emega-como-unha-valiosa-ferramenta-para-contribuir-ao-emprendemento-feminino\\\/#primaryimage\",\"url\":\"https:\\\/\\\/ppdegalicia.com\\\/wp-content\\\/uploads\\\/2026\\\/09\\\/WhatsApp-Image-2026-09-06-at-21.28.27.jpeg\",\"contentUrl\":\"https:\\\/\\\/ppdegalicia.com\\\/wp-content\\\/uploads\\\/2026\\\/09\\\/WhatsApp-Image-2026-09-06-at-21.28.27.jpeg\",\"width\":1600,\"height\":1200},{\"@type\":\"BreadcrumbList\",\"@id\":\"https:\\\/\\\/ppdegalicia.com\\\/es\\\/o-ppdeg-enxalza-o-programa-emega-como-unha-valiosa-ferramenta-para-contribuir-ao-emprendemento-feminino\\\/#breadcrumb\",\"itemListElement\":[{\"@type\":\"ListItem\",\"position\":1,\"name\":\"Portada\",\"item\":\"https:\\\/\\\/ppdegalicia.com\\\/es\\\/\"},{\"@type\":\"ListItem\",\"position\":2,\"name\":\"O PPdeG enxalza o programa Emega como \u201cunha valiosa ferramenta para contribu\u00edr ao emprendemento feminino\u201d\"}]},{\"@type\":\"WebSite\",\"@id\":\"https:\\\/\\\/ppdegalicia.com\\\/es\\\/#website\",\"url\":\"https:\\\/\\\/ppdegalicia.com\\\/es\\\/\",\"name\":\"Partido Popular de Galicia\",\"description\":\"Partido Popular de Galicia\",\"publisher\":{\"@id\":\"https:\\\/\\\/ppdegalicia.com\\\/es\\\/#organization\"},\"alternateName\":\"PP de Galicia\",\"potentialAction\":[{\"@type\":\"SearchAction\",\"target\":{\"@type\":\"EntryPoint\",\"urlTemplate\":\"https:\\\/\\\/ppdegalicia.com\\\/es\\\/?s={search_term_string}\"},\"query-input\":{\"@type\":\"PropertyValueSpecification\",\"valueRequired\":true,\"valueName\":\"search_term_string\"}}],\"inLanguage\":\"es\"},{\"@type\":\"Organization\",\"@id\":\"https:\\\/\\\/ppdegalicia.com\\\/es\\\/#organization\",\"name\":\"Partido Popular de Galicia\",\"alternateName\":\"PP de Galicia\",\"url\":\"https:\\\/\\\/ppdegalicia.com\\\/es\\\/\",\"logo\":{\"@type\":\"ImageObject\",\"inLanguage\":\"es\",\"@id\":\"https:\\\/\\\/ppdegalicia.com\\\/es\\\/#\\\/schema\\\/logo\\\/image\\\/\",\"url\":\"https:\\\/\\\/ppdegalicia.com\\\/wp-content\\\/uploads\\\/2023\\\/04\\\/logoPP512.png\",\"contentUrl\":\"https:\\\/\\\/ppdegalicia.com\\\/wp-content\\\/uploads\\\/2023\\\/04\\\/logoPP512.png\",\"width\":512,\"height\":512,\"caption\":\"Partido Popular de Galicia\"},\"image\":{\"@id\":\"https:\\\/\\\/ppdegalicia.com\\\/es\\\/#\\\/schema\\\/logo\\\/image\\\/\"},\"sameAs\":[\"https:\\\/\\\/www.instagram.com\\\/ppdegalicia\\\/\",\"https:\\\/\\\/x.com\\\/ppdegalicia\",\"https:\\\/\\\/www.tiktok.com\\\/@ppdegalicia\",\"https:\\\/\\\/www.youtube.com\\\/user\\\/ppdegalicia\"]},{\"@type\":\"Person\",\"@id\":\"https:\\\/\\\/ppdegalicia.com\\\/es\\\/#\\\/schema\\\/person\\\/5b822c6f59e872ebdd1142f307dbcb59\",\"name\":\"ppdegaliciaredes\",\"image\":{\"@type\":\"ImageObject\",\"inLanguage\":\"es\",\"@id\":\"https:\\\/\\\/secure.gravatar.com\\\/avatar\\\/3c9179cf0256d00c72a48d1f25783c58b6842cd56e85ef3a572881c8e28ccd59?s=96&d=mm&r=g\",\"url\":\"https:\\\/\\\/secure.gravatar.com\\\/avatar\\\/3c9179cf0256d00c72a48d1f25783c58b6842cd56e85ef3a572881c8e28ccd59?s=96&d=mm&r=g\",\"contentUrl\":\"https:\\\/\\\/secure.gravatar.com\\\/avatar\\\/3c9179cf0256d00c72a48d1f25783c58b6842cd56e85ef3a572881c8e28ccd59?s=96&d=mm&r=g\",\"caption\":\"ppdegaliciaredes\"},\"url\":\"https:\\\/\\\/ppdegalicia.com\\\/es\\\/author\\\/ppdegaliciaredes\\\/\"}]}<\/script>\n<!-- \/ Yoast SEO plugin. -->","yoast_head_json":{"title":"O PPdeG enxalza o programa Emega como \u201cunha valiosa ferramenta para contribu\u00edr ao emprendemento feminino\u201d - PP de Galicia","description":"A portavoz de Pol\u00edtica Social do Grupo Parlamentario Popular, Raquel Arias, e a deputada auton\u00f3mica e voceira do PP de Monforte, Katherine Varela, puxeron en valor o programa Emega, da Conseller\u00eda de Pol\u00edtica Social e Igualdade, como \u201cunha valiosa ferramenta \u00e1 hora de contribu\u00edr desde a Administraci\u00f3n ao emprendemento feminino\u201d.","robots":{"index":"index","follow":"follow","max-snippet":"max-snippet:-1","max-image-preview":"max-image-preview:large","max-video-preview":"max-video-preview:-1"},"canonical":"https:\/\/ppdegalicia.com\/es\/o-ppdeg-enxalza-o-programa-emega-como-unha-valiosa-ferramenta-para-contribuir-ao-emprendemento-feminino\/","og_locale":"es_ES","og_type":"article","og_title":"O PPdeG enxalza o programa Emega como \u201cunha valiosa ferramenta para contribu\u00edr ao emprendemento feminino\u201d - PP de Galicia","og_description":"A portavoz de Pol\u00edtica Social do Grupo Parlamentario Popular, Raquel Arias, e a deputada auton\u00f3mica e voceira do PP de Monforte, Katherine Varela, puxeron en valor o programa Emega, da Conseller\u00eda de Pol\u00edtica Social e Igualdade, como \u201cunha valiosa ferramenta \u00e1 hora de contribu\u00edr desde a Administraci\u00f3n ao emprendemento feminino\u201d.","og_url":"https:\/\/ppdegalicia.com\/es\/o-ppdeg-enxalza-o-programa-emega-como-unha-valiosa-ferramenta-para-contribuir-ao-emprendemento-feminino\/","og_site_name":"PP de Galicia","article_publisher":"https:\/\/www.instagram.com\/ppdegalicia\/","article_published_time":"2026-09-05T19:27:13+00:00","article_modified_time":"2026-09-06T19:28:52+00:00","og_image":[{"width":1600,"height":1200,"url":"https:\/\/ppdegalicia.com\/wp-content\/uploads\/2026\/09\/WhatsApp-Image-2026-09-06-at-21.28.27.jpeg","type":"image\/jpeg"}],"author":"ppdegaliciaredes","twitter_card":"summary_large_image","twitter_creator":"@ppdegalicia","twitter_site":"@ppdegalicia","twitter_misc":{"Escrito por":"ppdegaliciaredes","Tiempo de lectura":"2 minutos"},"schema":{"@context":"https:\/\/schema.org","@graph":[{"@type":"Article","@id":"https:\/\/ppdegalicia.com\/es\/o-ppdeg-enxalza-o-programa-emega-como-unha-valiosa-ferramenta-para-contribuir-ao-emprendemento-feminino\/#article","isPartOf":{"@id":"https:\/\/ppdegalicia.com\/es\/o-ppdeg-enxalza-o-programa-emega-como-unha-valiosa-ferramenta-para-contribuir-ao-emprendemento-feminino\/"},"author":{"name":"ppdegaliciaredes","@id":"https:\/\/ppdegalicia.com\/es\/#\/schema\/person\/5b822c6f59e872ebdd1142f307dbcb59"},"headline":"O PPdeG enxalza o programa Emega como \u201cunha valiosa ferramenta para contribu\u00edr ao emprendemento feminino\u201d","datePublished":"2026-09-05T19:27:13+00:00","dateModified":"2026-09-06T19:28:52+00:00","mainEntityOfPage":{"@id":"https:\/\/ppdegalicia.com\/es\/o-ppdeg-enxalza-o-programa-emega-como-unha-valiosa-ferramenta-para-contribuir-ao-emprendemento-feminino\/"},"wordCount":324,"publisher":{"@id":"https:\/\/ppdegalicia.com\/es\/#organization"},"image":{"@id":"https:\/\/ppdegalicia.com\/es\/o-ppdeg-enxalza-o-programa-emega-como-unha-valiosa-ferramenta-para-contribuir-ao-emprendemento-feminino\/#primaryimage"},"thumbnailUrl":"https:\/\/ppdegalicia.com\/wp-content\/uploads\/2026\/09\/WhatsApp-Image-2026-09-06-at-21.28.27.jpeg","articleSection":["Parlamento de Galicia"],"inLanguage":"es"},{"@type":"WebPage","@id":"https:\/\/ppdegalicia.com\/es\/o-ppdeg-enxalza-o-programa-emega-como-unha-valiosa-ferramenta-para-contribuir-ao-emprendemento-feminino\/","url":"https:\/\/ppdegalicia.com\/es\/o-ppdeg-enxalza-o-programa-emega-como-unha-valiosa-ferramenta-para-contribuir-ao-emprendemento-feminino\/","name":"O PPdeG enxalza o programa Emega como \u201cunha valiosa ferramenta para contribu\u00edr ao emprendemento feminino\u201d - PP de Galicia","isPartOf":{"@id":"https:\/\/ppdegalicia.com\/es\/#website"},"primaryImageOfPage":{"@id":"https:\/\/ppdegalicia.com\/es\/o-ppdeg-enxalza-o-programa-emega-como-unha-valiosa-ferramenta-para-contribuir-ao-emprendemento-feminino\/#primaryimage"},"image":{"@id":"https:\/\/ppdegalicia.com\/es\/o-ppdeg-enxalza-o-programa-emega-como-unha-valiosa-ferramenta-para-contribuir-ao-emprendemento-feminino\/#primaryimage"},"thumbnailUrl":"https:\/\/ppdegalicia.com\/wp-content\/uploads\/2026\/09\/WhatsApp-Image-2026-09-06-at-21.28.27.jpeg","datePublished":"2026-09-05T19:27:13+00:00","dateModified":"2026-09-06T19:28:52+00:00","description":"A portavoz de Pol\u00edtica Social do Grupo Parlamentario Popular, Raquel Arias, e a deputada auton\u00f3mica e voceira do PP de Monforte, Katherine Varela, puxeron en valor o programa Emega, da Conseller\u00eda de Pol\u00edtica Social e Igualdade, como \u201cunha valiosa ferramenta \u00e1 hora de contribu\u00edr desde a Administraci\u00f3n ao emprendemento feminino\u201d.","breadcrumb":{"@id":"https:\/\/ppdegalicia.com\/es\/o-ppdeg-enxalza-o-programa-emega-como-unha-valiosa-ferramenta-para-contribuir-ao-emprendemento-feminino\/#breadcrumb"},"inLanguage":"es","potentialAction":[{"@type":"ReadAction","target":["https:\/\/ppdegalicia.com\/es\/o-ppdeg-enxalza-o-programa-emega-como-unha-valiosa-ferramenta-para-contribuir-ao-emprendemento-feminino\/"]}]},{"@type":"ImageObject","inLanguage":"es","@id":"https:\/\/ppdegalicia.com\/es\/o-ppdeg-enxalza-o-programa-emega-como-unha-valiosa-ferramenta-para-contribuir-ao-emprendemento-feminino\/#primaryimage","url":"https:\/\/ppdegalicia.com\/wp-content\/uploads\/2026\/09\/WhatsApp-Image-2026-09-06-at-21.28.27.jpeg","contentUrl":"https:\/\/ppdegalicia.com\/wp-content\/uploads\/2026\/09\/WhatsApp-Image-2026-09-06-at-21.28.27.jpeg","width":1600,"height":1200},{"@type":"BreadcrumbList","@id":"https:\/\/ppdegalicia.com\/es\/o-ppdeg-enxalza-o-programa-emega-como-unha-valiosa-ferramenta-para-contribuir-ao-emprendemento-feminino\/#breadcrumb","itemListElement":[{"@type":"ListItem","position":1,"name":"Portada","item":"https:\/\/ppdegalicia.com\/es\/"},{"@type":"ListItem","position":2,"name":"O PPdeG enxalza o programa Emega como \u201cunha valiosa ferramenta para contribu\u00edr ao emprendemento feminino\u201d"}]},{"@type":"WebSite","@id":"https:\/\/ppdegalicia.com\/es\/#website","url":"https:\/\/ppdegalicia.com\/es\/","name":"Partido Popular de Galicia","description":"Partido Popular de Galicia","publisher":{"@id":"https:\/\/ppdegalicia.com\/es\/#organization"},"alternateName":"PP de Galicia","potentialAction":[{"@type":"SearchAction","target":{"@type":"EntryPoint","urlTemplate":"https:\/\/ppdegalicia.com\/es\/?s={search_term_string}"},"query-input":{"@type":"PropertyValueSpecification","valueRequired":true,"valueName":"search_term_string"}}],"inLanguage":"es"},{"@type":"Organization","@id":"https:\/\/ppdegalicia.com\/es\/#organization","name":"Partido Popular de Galicia","alternateName":"PP de Galicia","url":"https:\/\/ppdegalicia.com\/es\/","logo":{"@type":"ImageObject","inLanguage":"es","@id":"https:\/\/ppdegalicia.com\/es\/#\/schema\/logo\/image\/","url":"https:\/\/ppdegalicia.com\/wp-content\/uploads\/2023\/04\/logoPP512.png","contentUrl":"https:\/\/ppdegalicia.com\/wp-content\/uploads\/2023\/04\/logoPP512.png","width":512,"height":512,"caption":"Partido Popular de Galicia"},"image":{"@id":"https:\/\/ppdegalicia.com\/es\/#\/schema\/logo\/image\/"},"sameAs":["https:\/\/www.instagram.com\/ppdegalicia\/","https:\/\/x.com\/ppdegalicia","https:\/\/www.tiktok.com\/@ppdegalicia","https:\/\/www.youtube.com\/user\/ppdegalicia"]},{"@type":"Person","@id":"https:\/\/ppdegalicia.com\/es\/#\/schema\/person\/5b822c6f59e872ebdd1142f307dbcb59","name":"ppdegaliciaredes","image":{"@type":"ImageObject","inLanguage":"es","@id":"https:\/\/secure.gravatar.com\/avatar\/3c9179cf0256d00c72a48d1f25783c58b6842cd56e85ef3a572881c8e28ccd59?s=96&d=mm&r=g","url":"https:\/\/secure.gravatar.com\/avatar\/3c9179cf0256d00c72a48d1f25783c58b6842cd56e85ef3a572881c8e28ccd59?s=96&d=mm&r=g","contentUrl":"https:\/\/secure.gravatar.com\/avatar\/3c9179cf0256d00c72a48d1f25783c58b6842cd56e85ef3a572881c8e28ccd59?s=96&d=mm&r=g","caption":"ppdegaliciaredes"},"url":"https:\/\/ppdegalicia.com\/es\/author\/ppdegaliciaredes\/"}]}},"_links":{"self":[{"href":"https:\/\/ppdegalicia.com\/es\/wp-json\/wp\/v2\/posts\/72168","targetHints":{"allow":["GET"]}}],"collection":[{"href":"https:\/\/ppdegalicia.com\/es\/wp-json\/wp\/v2\/posts"}],"about":[{"href":"https:\/\/ppdegalicia.com\/es\/wp-json\/wp\/v2\/types\/post"}],"author":[{"embeddable":true,"href":"https:\/\/ppdegalicia.com\/es\/wp-json\/wp\/v2\/users\/38"}],"replies":[{"embeddable":true,"href":"https:\/\/ppdegalicia.com\/es\/wp-json\/wp\/v2\/comments?post=72168"}],"version-history":[{"count":1,"href":"https:\/\/ppdegalicia.com\/es\/wp-json\/wp\/v2\/posts\/72168\/revisions"}],"predecessor-version":[{"id":72171,"href":"https:\/\/ppdegalicia.com\/es\/wp-json\/wp\/v2\/posts\/72168\/revisions\/72171"}],"wp:featuredmedia":[{"embeddable":true,"href":"https:\/\/ppdegalicia.com\/es\/wp-json\/wp\/v2\/media\/72169"}],"wp:attachment":[{"href":"https:\/\/ppdegalicia.com\/es\/wp-json\/wp\/v2\/media?parent=72168"}],"wp:term":[{"taxonomy":"category","embeddable":true,"href":"https:\/\/ppdegalicia.com\/es\/wp-json\/wp\/v2\/categories?post=72168"},{"taxonomy":"post_tag","embeddable":true,"href":"https:\/\/ppdegalicia.com\/es\/wp-json\/wp\/v2\/tags?post=72168"}],"curies":[{"name":"wp","href":"https:\/\/api.w.org\/{rel}","templated":true}]}}