{"id":72173,"date":"2026-09-05T21:32:08","date_gmt":"2026-09-05T19:32:08","guid":{"rendered":"https:\/\/ppdegalicia.com\/?p=72173"},"modified":"2026-09-06T21:33:15","modified_gmt":"2026-09-06T19:33:15","slug":"o-ppdeg-destaca-o-investimento-da-xunta-no-novo-albergue-de-xunqueira-de-ambia-como-un-impulso-clave-para-o-rural-e-o-camino-mozarabe","status":"publish","type":"post","link":"https:\/\/ppdegalicia.com\/es\/o-ppdeg-destaca-o-investimento-da-xunta-no-novo-albergue-de-xunqueira-de-ambia-como-un-impulso-clave-para-o-rural-e-o-camino-mozarabe\/","title":{"rendered":"O PPdeG destaca o investimento da Xunta no novo albergue de Xunqueira de Amb\u00eda como un impulso clave para o rural e o Cami\u00f1o Moz\u00e1rabe"},"content":{"rendered":"<p>O PPdeG puxo en valor o investimento de m\u00e1is de 100.000 euros que a Xunta v\u00e9n de destinar ao novo albergue de peregrinos no concello de Xunqueira de Amb\u00eda, e que sup\u00f3n \u201cun impulso clave para o rural e o Cami\u00f1o Moz\u00e1rabe-V\u00eda da Prata\u201d.<\/p>\n<p>Os deputados do Grupo Parlamentario Popular Juan Casares e V\u00edctor Baladr\u00f3n visitaron o inmoble, situado na localidade de Padroso, que, tras a s\u00faa rehabilitaci\u00f3n, ter\u00e1 capacidade para oito persoas. Os traballos, segundo explicaron, exec\u00fatanse ao abeiro dun convenio de colaboraci\u00f3n entre o departamento de Turismo do Goberno galego e a Fundaci\u00f3n Bieito Ledo. Tal e como salientaron, esta infraestrutura permitir\u00e1 reforzar a capacidade de acollida dun itinerario cun enorme potencial de crecemento.<\/p>\n<p>Asemade, fixeron fincap\u00e9 na aposta da Xunta por un desenvolvemento sostible do noso rural, xerando novas oportunidades econ\u00f3micas para os concellos do interior e potenciando un modelo tur\u00edstico sostible e de calidade. Actualmente, a Rede P\u00fablica de Albergues do Xacobeo nesta ruta disp\u00f3n de 15 establecementos e 480 prazas.<\/p>\n<p><strong>UN DOS ITINERARIOS CON MAIOR POTENCIAL DE CRECEMENTO<\/strong><br \/>\nA visita serviu, tam\u00e9n, para enxalzar a excelente sa\u00fade da que goza a V\u00eda da Prata. As\u00ed, segundo os \u00faltimos datos oficiais, se no ano 2025 percorreron esta ruta un total de 8.833 peregrinos, no que vai de 2026 a cifra xa supera as 7.000 persoas.<\/p>\n<p>Para rematar, os deputados populares puxeron en valor a estratexia do Goberno galego por diversificar os fluxos cara a itinerarios que, como este, ofrecen unha gran riqueza patrimonial, etnogr\u00e1fica e paisax\u00edstica.<\/p>\n","protected":false},"excerpt":{"rendered":"<p>O PPdeG puxo en valor o investimento de m\u00e1is de 100.000 euros que a Xunta v\u00e9n de destinar ao novo albergue de peregrinos no concello de Xunqueira de Amb\u00eda, e que sup\u00f3n \u201cun impulso clave para o rural e o Cami\u00f1o Moz\u00e1rabe-V\u00eda da Prata\u201d. Os deputados do Grupo Parlamentario Popular Juan Casares e V\u00edctor Baladr\u00f3n [&hellip;]<\/p>\n","protected":false},"author":38,"featured_media":72174,"comment_status":"closed","ping_status":"open","sticky":false,"template":"","format":"standard","meta":{"_acf_changed":false,"footnotes":""},"categories":[1],"tags":[],"class_list":["post-72173","post","type-post","status-publish","format-standard","has-post-thumbnail","hentry","category-pp-de-galicia"],"acf":[],"yoast_head":"<!-- This site is optimized with the Yoast SEO plugin v27.3 - https:\/\/yoast.com\/product\/yoast-seo-wordpress\/ -->\n<title>O PPdeG destaca o investimento da Xunta no novo albergue de Xunqueira de Amb\u00eda como un impulso clave para o rural e o Cami\u00f1o Moz\u00e1rabe - PP de Galicia<\/title>\n<meta name=\"description\" content=\"O PPdeG puxo en valor o investimento de m\u00e1is de 100.000 euros que a Xunta v\u00e9n de destinar ao novo albergue de peregrinos no concello de Xunqueira de Amb\u00eda, e que sup\u00f3n \u201cun impulso clave para o rural e o Cami\u00f1o Moz\u00e1rabe-V\u00eda da Prata\u201d.\" \/>\n<meta name=\"robots\" content=\"index, follow, max-snippet:-1, max-image-preview:large, max-video-preview:-1\" \/>\n<link rel=\"canonical\" href=\"https:\/\/ppdegalicia.com\/es\/o-ppdeg-destaca-o-investimento-da-xunta-no-novo-albergue-de-xunqueira-de-ambia-como-un-impulso-clave-para-o-rural-e-o-camino-mozarabe\/\" \/>\n<meta property=\"og:locale\" content=\"es_ES\" \/>\n<meta property=\"og:type\" content=\"article\" \/>\n<meta property=\"og:title\" content=\"O PPdeG destaca o investimento da Xunta no novo albergue de Xunqueira de Amb\u00eda como un impulso clave para o rural e o Cami\u00f1o Moz\u00e1rabe - PP de Galicia\" \/>\n<meta property=\"og:description\" content=\"O PPdeG puxo en valor o investimento de m\u00e1is de 100.000 euros que a Xunta v\u00e9n de destinar ao novo albergue de peregrinos no concello de Xunqueira de Amb\u00eda, e que sup\u00f3n \u201cun impulso clave para o rural e o Cami\u00f1o Moz\u00e1rabe-V\u00eda da Prata\u201d.\" \/>\n<meta property=\"og:url\" content=\"https:\/\/ppdegalicia.com\/es\/o-ppdeg-destaca-o-investimento-da-xunta-no-novo-albergue-de-xunqueira-de-ambia-como-un-impulso-clave-para-o-rural-e-o-camino-mozarabe\/\" \/>\n<meta property=\"og:site_name\" content=\"PP de Galicia\" \/>\n<meta property=\"article:publisher\" content=\"https:\/\/www.instagram.com\/ppdegalicia\/\" \/>\n<meta property=\"article:published_time\" content=\"2026-09-05T19:32:08+00:00\" \/>\n<meta property=\"article:modified_time\" content=\"2026-09-06T19:33:15+00:00\" \/>\n<meta property=\"og:image\" content=\"https:\/\/ppdegalicia.com\/wp-content\/uploads\/2026\/09\/20260905-Albergue-de-Xunqueira-de-Ambia.jpg\" \/>\n\t<meta property=\"og:image:width\" content=\"1818\" \/>\n\t<meta property=\"og:image:height\" content=\"2048\" \/>\n\t<meta property=\"og:image:type\" content=\"image\/jpeg\" \/>\n<meta name=\"author\" content=\"ppdegaliciaredes\" \/>\n<meta name=\"twitter:card\" content=\"summary_large_image\" \/>\n<meta name=\"twitter:creator\" content=\"@ppdegalicia\" \/>\n<meta name=\"twitter:site\" content=\"@ppdegalicia\" \/>\n<meta name=\"twitter:label1\" content=\"Escrito por\" \/>\n\t<meta name=\"twitter:data1\" content=\"ppdegaliciaredes\" \/>\n\t<meta name=\"twitter:label2\" content=\"Tiempo de lectura\" \/>\n\t<meta name=\"twitter:data2\" content=\"2 minutos\" \/>\n<script type=\"application\/ld+json\" class=\"yoast-schema-graph\">{\"@context\":\"https:\\\/\\\/schema.org\",\"@graph\":[{\"@type\":\"Article\",\"@id\":\"https:\\\/\\\/ppdegalicia.com\\\/es\\\/o-ppdeg-destaca-o-investimento-da-xunta-no-novo-albergue-de-xunqueira-de-ambia-como-un-impulso-clave-para-o-rural-e-o-camino-mozarabe\\\/#article\",\"isPartOf\":{\"@id\":\"https:\\\/\\\/ppdegalicia.com\\\/es\\\/o-ppdeg-destaca-o-investimento-da-xunta-no-novo-albergue-de-xunqueira-de-ambia-como-un-impulso-clave-para-o-rural-e-o-camino-mozarabe\\\/\"},\"author\":{\"name\":\"ppdegaliciaredes\",\"@id\":\"https:\\\/\\\/ppdegalicia.com\\\/es\\\/#\\\/schema\\\/person\\\/5b822c6f59e872ebdd1142f307dbcb59\"},\"headline\":\"O PPdeG destaca o investimento da Xunta no novo albergue de Xunqueira de Amb\u00eda como un impulso clave para o rural e o Cami\u00f1o Moz\u00e1rabe\",\"datePublished\":\"2026-09-05T19:32:08+00:00\",\"dateModified\":\"2026-09-06T19:33:15+00:00\",\"mainEntityOfPage\":{\"@id\":\"https:\\\/\\\/ppdegalicia.com\\\/es\\\/o-ppdeg-destaca-o-investimento-da-xunta-no-novo-albergue-de-xunqueira-de-ambia-como-un-impulso-clave-para-o-rural-e-o-camino-mozarabe\\\/\"},\"wordCount\":294,\"publisher\":{\"@id\":\"https:\\\/\\\/ppdegalicia.com\\\/es\\\/#organization\"},\"image\":{\"@id\":\"https:\\\/\\\/ppdegalicia.com\\\/es\\\/o-ppdeg-destaca-o-investimento-da-xunta-no-novo-albergue-de-xunqueira-de-ambia-como-un-impulso-clave-para-o-rural-e-o-camino-mozarabe\\\/#primaryimage\"},\"thumbnailUrl\":\"https:\\\/\\\/ppdegalicia.com\\\/wp-content\\\/uploads\\\/2026\\\/09\\\/20260905-Albergue-de-Xunqueira-de-Ambia.jpg\",\"articleSection\":[\"PP de Galicia\"],\"inLanguage\":\"es\"},{\"@type\":\"WebPage\",\"@id\":\"https:\\\/\\\/ppdegalicia.com\\\/es\\\/o-ppdeg-destaca-o-investimento-da-xunta-no-novo-albergue-de-xunqueira-de-ambia-como-un-impulso-clave-para-o-rural-e-o-camino-mozarabe\\\/\",\"url\":\"https:\\\/\\\/ppdegalicia.com\\\/es\\\/o-ppdeg-destaca-o-investimento-da-xunta-no-novo-albergue-de-xunqueira-de-ambia-como-un-impulso-clave-para-o-rural-e-o-camino-mozarabe\\\/\",\"name\":\"O PPdeG destaca o investimento da Xunta no novo albergue de Xunqueira de Amb\u00eda como un impulso clave para o rural e o Cami\u00f1o Moz\u00e1rabe - PP de Galicia\",\"isPartOf\":{\"@id\":\"https:\\\/\\\/ppdegalicia.com\\\/es\\\/#website\"},\"primaryImageOfPage\":{\"@id\":\"https:\\\/\\\/ppdegalicia.com\\\/es\\\/o-ppdeg-destaca-o-investimento-da-xunta-no-novo-albergue-de-xunqueira-de-ambia-como-un-impulso-clave-para-o-rural-e-o-camino-mozarabe\\\/#primaryimage\"},\"image\":{\"@id\":\"https:\\\/\\\/ppdegalicia.com\\\/es\\\/o-ppdeg-destaca-o-investimento-da-xunta-no-novo-albergue-de-xunqueira-de-ambia-como-un-impulso-clave-para-o-rural-e-o-camino-mozarabe\\\/#primaryimage\"},\"thumbnailUrl\":\"https:\\\/\\\/ppdegalicia.com\\\/wp-content\\\/uploads\\\/2026\\\/09\\\/20260905-Albergue-de-Xunqueira-de-Ambia.jpg\",\"datePublished\":\"2026-09-05T19:32:08+00:00\",\"dateModified\":\"2026-09-06T19:33:15+00:00\",\"description\":\"O PPdeG puxo en valor o investimento de m\u00e1is de 100.000 euros que a Xunta v\u00e9n de destinar ao novo albergue de peregrinos no concello de Xunqueira de Amb\u00eda, e que sup\u00f3n \u201cun impulso clave para o rural e o Cami\u00f1o Moz\u00e1rabe-V\u00eda da Prata\u201d.\",\"breadcrumb\":{\"@id\":\"https:\\\/\\\/ppdegalicia.com\\\/es\\\/o-ppdeg-destaca-o-investimento-da-xunta-no-novo-albergue-de-xunqueira-de-ambia-como-un-impulso-clave-para-o-rural-e-o-camino-mozarabe\\\/#breadcrumb\"},\"inLanguage\":\"es\",\"potentialAction\":[{\"@type\":\"ReadAction\",\"target\":[\"https:\\\/\\\/ppdegalicia.com\\\/es\\\/o-ppdeg-destaca-o-investimento-da-xunta-no-novo-albergue-de-xunqueira-de-ambia-como-un-impulso-clave-para-o-rural-e-o-camino-mozarabe\\\/\"]}]},{\"@type\":\"ImageObject\",\"inLanguage\":\"es\",\"@id\":\"https:\\\/\\\/ppdegalicia.com\\\/es\\\/o-ppdeg-destaca-o-investimento-da-xunta-no-novo-albergue-de-xunqueira-de-ambia-como-un-impulso-clave-para-o-rural-e-o-camino-mozarabe\\\/#primaryimage\",\"url\":\"https:\\\/\\\/ppdegalicia.com\\\/wp-content\\\/uploads\\\/2026\\\/09\\\/20260905-Albergue-de-Xunqueira-de-Ambia.jpg\",\"contentUrl\":\"https:\\\/\\\/ppdegalicia.com\\\/wp-content\\\/uploads\\\/2026\\\/09\\\/20260905-Albergue-de-Xunqueira-de-Ambia.jpg\",\"width\":1818,\"height\":2048},{\"@type\":\"BreadcrumbList\",\"@id\":\"https:\\\/\\\/ppdegalicia.com\\\/es\\\/o-ppdeg-destaca-o-investimento-da-xunta-no-novo-albergue-de-xunqueira-de-ambia-como-un-impulso-clave-para-o-rural-e-o-camino-mozarabe\\\/#breadcrumb\",\"itemListElement\":[{\"@type\":\"ListItem\",\"position\":1,\"name\":\"Portada\",\"item\":\"https:\\\/\\\/ppdegalicia.com\\\/es\\\/\"},{\"@type\":\"ListItem\",\"position\":2,\"name\":\"O PPdeG destaca o investimento da Xunta no novo albergue de Xunqueira de Amb\u00eda como un impulso clave para o rural e o Cami\u00f1o Moz\u00e1rabe\"}]},{\"@type\":\"WebSite\",\"@id\":\"https:\\\/\\\/ppdegalicia.com\\\/es\\\/#website\",\"url\":\"https:\\\/\\\/ppdegalicia.com\\\/es\\\/\",\"name\":\"Partido Popular de Galicia\",\"description\":\"Partido Popular de Galicia\",\"publisher\":{\"@id\":\"https:\\\/\\\/ppdegalicia.com\\\/es\\\/#organization\"},\"alternateName\":\"PP de Galicia\",\"potentialAction\":[{\"@type\":\"SearchAction\",\"target\":{\"@type\":\"EntryPoint\",\"urlTemplate\":\"https:\\\/\\\/ppdegalicia.com\\\/es\\\/?s={search_term_string}\"},\"query-input\":{\"@type\":\"PropertyValueSpecification\",\"valueRequired\":true,\"valueName\":\"search_term_string\"}}],\"inLanguage\":\"es\"},{\"@type\":\"Organization\",\"@id\":\"https:\\\/\\\/ppdegalicia.com\\\/es\\\/#organization\",\"name\":\"Partido Popular de Galicia\",\"alternateName\":\"PP de Galicia\",\"url\":\"https:\\\/\\\/ppdegalicia.com\\\/es\\\/\",\"logo\":{\"@type\":\"ImageObject\",\"inLanguage\":\"es\",\"@id\":\"https:\\\/\\\/ppdegalicia.com\\\/es\\\/#\\\/schema\\\/logo\\\/image\\\/\",\"url\":\"https:\\\/\\\/ppdegalicia.com\\\/wp-content\\\/uploads\\\/2023\\\/04\\\/logoPP512.png\",\"contentUrl\":\"https:\\\/\\\/ppdegalicia.com\\\/wp-content\\\/uploads\\\/2023\\\/04\\\/logoPP512.png\",\"width\":512,\"height\":512,\"caption\":\"Partido Popular de Galicia\"},\"image\":{\"@id\":\"https:\\\/\\\/ppdegalicia.com\\\/es\\\/#\\\/schema\\\/logo\\\/image\\\/\"},\"sameAs\":[\"https:\\\/\\\/www.instagram.com\\\/ppdegalicia\\\/\",\"https:\\\/\\\/x.com\\\/ppdegalicia\",\"https:\\\/\\\/www.tiktok.com\\\/@ppdegalicia\",\"https:\\\/\\\/www.youtube.com\\\/user\\\/ppdegalicia\"]},{\"@type\":\"Person\",\"@id\":\"https:\\\/\\\/ppdegalicia.com\\\/es\\\/#\\\/schema\\\/person\\\/5b822c6f59e872ebdd1142f307dbcb59\",\"name\":\"ppdegaliciaredes\",\"image\":{\"@type\":\"ImageObject\",\"inLanguage\":\"es\",\"@id\":\"https:\\\/\\\/secure.gravatar.com\\\/avatar\\\/3c9179cf0256d00c72a48d1f25783c58b6842cd56e85ef3a572881c8e28ccd59?s=96&d=mm&r=g\",\"url\":\"https:\\\/\\\/secure.gravatar.com\\\/avatar\\\/3c9179cf0256d00c72a48d1f25783c58b6842cd56e85ef3a572881c8e28ccd59?s=96&d=mm&r=g\",\"contentUrl\":\"https:\\\/\\\/secure.gravatar.com\\\/avatar\\\/3c9179cf0256d00c72a48d1f25783c58b6842cd56e85ef3a572881c8e28ccd59?s=96&d=mm&r=g\",\"caption\":\"ppdegaliciaredes\"},\"url\":\"https:\\\/\\\/ppdegalicia.com\\\/es\\\/author\\\/ppdegaliciaredes\\\/\"}]}<\/script>\n<!-- \/ Yoast SEO plugin. -->","yoast_head_json":{"title":"O PPdeG destaca o investimento da Xunta no novo albergue de Xunqueira de Amb\u00eda como un impulso clave para o rural e o Cami\u00f1o Moz\u00e1rabe - PP de Galicia","description":"O PPdeG puxo en valor o investimento de m\u00e1is de 100.000 euros que a Xunta v\u00e9n de destinar ao novo albergue de peregrinos no concello de Xunqueira de Amb\u00eda, e que sup\u00f3n \u201cun impulso clave para o rural e o Cami\u00f1o Moz\u00e1rabe-V\u00eda da Prata\u201d.","robots":{"index":"index","follow":"follow","max-snippet":"max-snippet:-1","max-image-preview":"max-image-preview:large","max-video-preview":"max-video-preview:-1"},"canonical":"https:\/\/ppdegalicia.com\/es\/o-ppdeg-destaca-o-investimento-da-xunta-no-novo-albergue-de-xunqueira-de-ambia-como-un-impulso-clave-para-o-rural-e-o-camino-mozarabe\/","og_locale":"es_ES","og_type":"article","og_title":"O PPdeG destaca o investimento da Xunta no novo albergue de Xunqueira de Amb\u00eda como un impulso clave para o rural e o Cami\u00f1o Moz\u00e1rabe - PP de Galicia","og_description":"O PPdeG puxo en valor o investimento de m\u00e1is de 100.000 euros que a Xunta v\u00e9n de destinar ao novo albergue de peregrinos no concello de Xunqueira de Amb\u00eda, e que sup\u00f3n \u201cun impulso clave para o rural e o Cami\u00f1o Moz\u00e1rabe-V\u00eda da Prata\u201d.","og_url":"https:\/\/ppdegalicia.com\/es\/o-ppdeg-destaca-o-investimento-da-xunta-no-novo-albergue-de-xunqueira-de-ambia-como-un-impulso-clave-para-o-rural-e-o-camino-mozarabe\/","og_site_name":"PP de Galicia","article_publisher":"https:\/\/www.instagram.com\/ppdegalicia\/","article_published_time":"2026-09-05T19:32:08+00:00","article_modified_time":"2026-09-06T19:33:15+00:00","og_image":[{"width":1818,"height":2048,"url":"https:\/\/ppdegalicia.com\/wp-content\/uploads\/2026\/09\/20260905-Albergue-de-Xunqueira-de-Ambia.jpg","type":"image\/jpeg"}],"author":"ppdegaliciaredes","twitter_card":"summary_large_image","twitter_creator":"@ppdegalicia","twitter_site":"@ppdegalicia","twitter_misc":{"Escrito por":"ppdegaliciaredes","Tiempo de lectura":"2 minutos"},"schema":{"@context":"https:\/\/schema.org","@graph":[{"@type":"Article","@id":"https:\/\/ppdegalicia.com\/es\/o-ppdeg-destaca-o-investimento-da-xunta-no-novo-albergue-de-xunqueira-de-ambia-como-un-impulso-clave-para-o-rural-e-o-camino-mozarabe\/#article","isPartOf":{"@id":"https:\/\/ppdegalicia.com\/es\/o-ppdeg-destaca-o-investimento-da-xunta-no-novo-albergue-de-xunqueira-de-ambia-como-un-impulso-clave-para-o-rural-e-o-camino-mozarabe\/"},"author":{"name":"ppdegaliciaredes","@id":"https:\/\/ppdegalicia.com\/es\/#\/schema\/person\/5b822c6f59e872ebdd1142f307dbcb59"},"headline":"O PPdeG destaca o investimento da Xunta no novo albergue de Xunqueira de Amb\u00eda como un impulso clave para o rural e o Cami\u00f1o Moz\u00e1rabe","datePublished":"2026-09-05T19:32:08+00:00","dateModified":"2026-09-06T19:33:15+00:00","mainEntityOfPage":{"@id":"https:\/\/ppdegalicia.com\/es\/o-ppdeg-destaca-o-investimento-da-xunta-no-novo-albergue-de-xunqueira-de-ambia-como-un-impulso-clave-para-o-rural-e-o-camino-mozarabe\/"},"wordCount":294,"publisher":{"@id":"https:\/\/ppdegalicia.com\/es\/#organization"},"image":{"@id":"https:\/\/ppdegalicia.com\/es\/o-ppdeg-destaca-o-investimento-da-xunta-no-novo-albergue-de-xunqueira-de-ambia-como-un-impulso-clave-para-o-rural-e-o-camino-mozarabe\/#primaryimage"},"thumbnailUrl":"https:\/\/ppdegalicia.com\/wp-content\/uploads\/2026\/09\/20260905-Albergue-de-Xunqueira-de-Ambia.jpg","articleSection":["PP de Galicia"],"inLanguage":"es"},{"@type":"WebPage","@id":"https:\/\/ppdegalicia.com\/es\/o-ppdeg-destaca-o-investimento-da-xunta-no-novo-albergue-de-xunqueira-de-ambia-como-un-impulso-clave-para-o-rural-e-o-camino-mozarabe\/","url":"https:\/\/ppdegalicia.com\/es\/o-ppdeg-destaca-o-investimento-da-xunta-no-novo-albergue-de-xunqueira-de-ambia-como-un-impulso-clave-para-o-rural-e-o-camino-mozarabe\/","name":"O PPdeG destaca o investimento da Xunta no novo albergue de Xunqueira de Amb\u00eda como un impulso clave para o rural e o Cami\u00f1o Moz\u00e1rabe - PP de Galicia","isPartOf":{"@id":"https:\/\/ppdegalicia.com\/es\/#website"},"primaryImageOfPage":{"@id":"https:\/\/ppdegalicia.com\/es\/o-ppdeg-destaca-o-investimento-da-xunta-no-novo-albergue-de-xunqueira-de-ambia-como-un-impulso-clave-para-o-rural-e-o-camino-mozarabe\/#primaryimage"},"image":{"@id":"https:\/\/ppdegalicia.com\/es\/o-ppdeg-destaca-o-investimento-da-xunta-no-novo-albergue-de-xunqueira-de-ambia-como-un-impulso-clave-para-o-rural-e-o-camino-mozarabe\/#primaryimage"},"thumbnailUrl":"https:\/\/ppdegalicia.com\/wp-content\/uploads\/2026\/09\/20260905-Albergue-de-Xunqueira-de-Ambia.jpg","datePublished":"2026-09-05T19:32:08+00:00","dateModified":"2026-09-06T19:33:15+00:00","description":"O PPdeG puxo en valor o investimento de m\u00e1is de 100.000 euros que a Xunta v\u00e9n de destinar ao novo albergue de peregrinos no concello de Xunqueira de Amb\u00eda, e que sup\u00f3n \u201cun impulso clave para o rural e o Cami\u00f1o Moz\u00e1rabe-V\u00eda da Prata\u201d.","breadcrumb":{"@id":"https:\/\/ppdegalicia.com\/es\/o-ppdeg-destaca-o-investimento-da-xunta-no-novo-albergue-de-xunqueira-de-ambia-como-un-impulso-clave-para-o-rural-e-o-camino-mozarabe\/#breadcrumb"},"inLanguage":"es","potentialAction":[{"@type":"ReadAction","target":["https:\/\/ppdegalicia.com\/es\/o-ppdeg-destaca-o-investimento-da-xunta-no-novo-albergue-de-xunqueira-de-ambia-como-un-impulso-clave-para-o-rural-e-o-camino-mozarabe\/"]}]},{"@type":"ImageObject","inLanguage":"es","@id":"https:\/\/ppdegalicia.com\/es\/o-ppdeg-destaca-o-investimento-da-xunta-no-novo-albergue-de-xunqueira-de-ambia-como-un-impulso-clave-para-o-rural-e-o-camino-mozarabe\/#primaryimage","url":"https:\/\/ppdegalicia.com\/wp-content\/uploads\/2026\/09\/20260905-Albergue-de-Xunqueira-de-Ambia.jpg","contentUrl":"https:\/\/ppdegalicia.com\/wp-content\/uploads\/2026\/09\/20260905-Albergue-de-Xunqueira-de-Ambia.jpg","width":1818,"height":2048},{"@type":"BreadcrumbList","@id":"https:\/\/ppdegalicia.com\/es\/o-ppdeg-destaca-o-investimento-da-xunta-no-novo-albergue-de-xunqueira-de-ambia-como-un-impulso-clave-para-o-rural-e-o-camino-mozarabe\/#breadcrumb","itemListElement":[{"@type":"ListItem","position":1,"name":"Portada","item":"https:\/\/ppdegalicia.com\/es\/"},{"@type":"ListItem","position":2,"name":"O PPdeG destaca o investimento da Xunta no novo albergue de Xunqueira de Amb\u00eda como un impulso clave para o rural e o Cami\u00f1o Moz\u00e1rabe"}]},{"@type":"WebSite","@id":"https:\/\/ppdegalicia.com\/es\/#website","url":"https:\/\/ppdegalicia.com\/es\/","name":"Partido Popular de Galicia","description":"Partido Popular de Galicia","publisher":{"@id":"https:\/\/ppdegalicia.com\/es\/#organization"},"alternateName":"PP de Galicia","potentialAction":[{"@type":"SearchAction","target":{"@type":"EntryPoint","urlTemplate":"https:\/\/ppdegalicia.com\/es\/?s={search_term_string}"},"query-input":{"@type":"PropertyValueSpecification","valueRequired":true,"valueName":"search_term_string"}}],"inLanguage":"es"},{"@type":"Organization","@id":"https:\/\/ppdegalicia.com\/es\/#organization","name":"Partido Popular de Galicia","alternateName":"PP de Galicia","url":"https:\/\/ppdegalicia.com\/es\/","logo":{"@type":"ImageObject","inLanguage":"es","@id":"https:\/\/ppdegalicia.com\/es\/#\/schema\/logo\/image\/","url":"https:\/\/ppdegalicia.com\/wp-content\/uploads\/2023\/04\/logoPP512.png","contentUrl":"https:\/\/ppdegalicia.com\/wp-content\/uploads\/2023\/04\/logoPP512.png","width":512,"height":512,"caption":"Partido Popular de Galicia"},"image":{"@id":"https:\/\/ppdegalicia.com\/es\/#\/schema\/logo\/image\/"},"sameAs":["https:\/\/www.instagram.com\/ppdegalicia\/","https:\/\/x.com\/ppdegalicia","https:\/\/www.tiktok.com\/@ppdegalicia","https:\/\/www.youtube.com\/user\/ppdegalicia"]},{"@type":"Person","@id":"https:\/\/ppdegalicia.com\/es\/#\/schema\/person\/5b822c6f59e872ebdd1142f307dbcb59","name":"ppdegaliciaredes","image":{"@type":"ImageObject","inLanguage":"es","@id":"https:\/\/secure.gravatar.com\/avatar\/3c9179cf0256d00c72a48d1f25783c58b6842cd56e85ef3a572881c8e28ccd59?s=96&d=mm&r=g","url":"https:\/\/secure.gravatar.com\/avatar\/3c9179cf0256d00c72a48d1f25783c58b6842cd56e85ef3a572881c8e28ccd59?s=96&d=mm&r=g","contentUrl":"https:\/\/secure.gravatar.com\/avatar\/3c9179cf0256d00c72a48d1f25783c58b6842cd56e85ef3a572881c8e28ccd59?s=96&d=mm&r=g","caption":"ppdegaliciaredes"},"url":"https:\/\/ppdegalicia.com\/es\/author\/ppdegaliciaredes\/"}]}},"_links":{"self":[{"href":"https:\/\/ppdegalicia.com\/es\/wp-json\/wp\/v2\/posts\/72173","targetHints":{"allow":["GET"]}}],"collection":[{"href":"https:\/\/ppdegalicia.com\/es\/wp-json\/wp\/v2\/posts"}],"about":[{"href":"https:\/\/ppdegalicia.com\/es\/wp-json\/wp\/v2\/types\/post"}],"author":[{"embeddable":true,"href":"https:\/\/ppdegalicia.com\/es\/wp-json\/wp\/v2\/users\/38"}],"replies":[{"embeddable":true,"href":"https:\/\/ppdegalicia.com\/es\/wp-json\/wp\/v2\/comments?post=72173"}],"version-history":[{"count":1,"href":"https:\/\/ppdegalicia.com\/es\/wp-json\/wp\/v2\/posts\/72173\/revisions"}],"predecessor-version":[{"id":72176,"href":"https:\/\/ppdegalicia.com\/es\/wp-json\/wp\/v2\/posts\/72173\/revisions\/72176"}],"wp:featuredmedia":[{"embeddable":true,"href":"https:\/\/ppdegalicia.com\/es\/wp-json\/wp\/v2\/media\/72174"}],"wp:attachment":[{"href":"https:\/\/ppdegalicia.com\/es\/wp-json\/wp\/v2\/media?parent=72173"}],"wp:term":[{"taxonomy":"category","embeddable":true,"href":"https:\/\/ppdegalicia.com\/es\/wp-json\/wp\/v2\/categories?post=72173"},{"taxonomy":"post_tag","embeddable":true,"href":"https:\/\/ppdegalicia.com\/es\/wp-json\/wp\/v2\/tags?post=72173"}],"curies":[{"name":"wp","href":"https:\/\/api.w.org\/{rel}","templated":true}]}}