{"id":72177,"date":"2026-09-06T21:33:49","date_gmt":"2026-09-06T19:33:49","guid":{"rendered":"https:\/\/ppdegalicia.com\/?p=72177"},"modified":"2026-09-06T21:42:56","modified_gmt":"2026-09-06T19:42:56","slug":"as-novas-xeracions-do-ppdeg-reivindican-a-escola-de-veran-gerardo-fernandez-albor-como-punto-de-encontro-para-falar-da-galicia-que-queremos","status":"publish","type":"post","link":"https:\/\/ppdegalicia.com\/es\/as-novas-xeracions-do-ppdeg-reivindican-a-escola-de-veran-gerardo-fernandez-albor-como-punto-de-encontro-para-falar-da-galicia-que-queremos\/","title":{"rendered":"As Novas Xeraci\u00f3ns do PPdeG reivindican a Escola de Ver\u00e1n \u201cGerardo Fern\u00e1ndez Albor\u201d como punto de encontro para falar \u201cda Galicia que queremos\u201d"},"content":{"rendered":"<p>A presidenta de Novas Xeraci\u00f3ns do PPdeG, Nicole Grueira, reivindica a Escola de Ver\u00e1n \u201cGerardo Fern\u00e1ndez Albor\u201d como un punto de encontro para a mocidade galega, no que \u201cdebater, compartir e falar do que somos e do que queremos para o futuro de Galicia\u201d. Para a representante da mocidade galega dos populares, a Escola de Ver\u00e1n \u00e9 \u201cpositiva e pro positiva\u201d, xa que ademais de lembrar \u201caos que constru\u00edron Galicia\u201d, tam\u00e9n se lle d\u00e1 voz \u201caos mozos e mozas que te\u00f1en ganas de constru\u00edr o seu futuro\u201d.<\/p>\n<p>As\u00ed o manifestou durante a clausura da Escola de Ver\u00e1n das Novas Xeraci\u00f3ns, que celebrou esta fin de semana en Lal\u00edn un conxunto de charlas, actividades e visitas nas que se reivindicou o papel dos mozos na pol\u00edtica, o legado de Miguel \u00c1ngel Blanco ou os retos do municipalismo, entre outras cousas.<\/p>\n<p>Grueira fixo un balance deste encontro, cunha Escola que leva o nome do primeiro presidente do Goberno galego en democracia, figura da que puxo en valor o seu papel na construci\u00f3n da Galicia auton\u00f3mica. \u201cPara as novas xeraci\u00f3ns \u00e9 importante co\u00f1ecer a nosa historia, saber de onde vimos e valorar o traballo de quen abriu cami\u00f1o antes ca n\u00f3s\u201d, sinalou.<\/p>\n<p>A presidenta de Novas Xeraci\u00f3ns do PPdeG tam\u00e9n citou o legado do concelleiro do PP asasinado por ETA, Miguel \u00c1ngel Blanco, cuxa proxecci\u00f3n do documental da s\u00faa vida foi unha das actividades centrais da Escola. \u201cRealizaremos numerosas actividades coma esta, co obxectivo de lembrar o pasado, falar do presente e propo\u00f1er para o futuro\u201d, destacou.<\/p>\n<p>Sobre a figura de Miguel \u00c1ngel Blanco, subli\u00f1ou que a s\u00faa historia forma parte da nosa memoria democr\u00e1tica, sendo importante \u201cque as novas xeraci\u00f3ns co\u00f1ezamos o que significou a s\u00faa morte e o que supuxo para toda unha sociedade\u201d. Neste punto, lamentou que mentres o BNG e Galiza Nova \u201cenxalzan aos herdeiros de ETA\u201d, no PP o compromiso \u00e9 \u201cliberdade, democracia e convivencia\u201d, valores que \u201cnon se venden e que temos a obriga de defender sempre\u201d.<\/p>\n<p>A presidenta da mocidade popular galega tam\u00e9n fixo referencia ao reto das elecci\u00f3ns municipais de 2027, facendo fincap\u00e9 sobre a importancia do municipalismo e lembrando que o PPdeG \u00e9 o partido que goberna na maior\u00eda dos concellos de Galicia, e faino, dixo \u201ccontando con moitos mozos e mozas que deron o paso de participar na pol\u00edtica municipal\u201d. Neste sentido, puxo en valor o traballo de todos os alcaldes e concelleiros mozos que traballan d\u00eda a d\u00eda polos seus veci\u00f1os.<\/p>\n<p>\u201cA mocidade ten un papel fundamental: \u00e9 motor de estabilidade al\u00ed onde gobernamos e tam\u00e9n ten que ser motor do cambio al\u00ed onde sexa necesario. Queremos que m\u00e1is mozos e mozas dean ese paso e se impliquen na vida dos seus concellos\u201d, apuntou Grueira.<\/p>\n<p><strong>LUISA PI\u00d1EIRO: \u201cA POL\u00cdTICA PRECISA MOZOS E MOZAS QUE PARTICIPEN\u201d<\/strong><\/p>\n<p>Na clausura da Escola de Ver\u00e1n \u201cGerardo Fern\u00e1ndez Albor\u201d de Novas Xeraci\u00f3ns de Galicia, a secretaria xeral do PP da provincia de Pontevedra, Luisa Pi\u00f1eiro, puxo en valor a Escola de Ver\u00e1n e a oportunidade que sup\u00f3n para que os participantes sumen \u201cformaci\u00f3n para estar preparados, participaci\u00f3n para transformar e compromiso para non abandonar cando as cousas se po\u00f1en dif\u00edciles\u201d.<\/p>\n<p>Neste sentido, cualificou \u00e1 mocidade como \u201co futuro\u201d, pero tam\u00e9n como \u201co presente, porque en pol\u00edtica precisamos mozos e mozas que participen e que fortaleza as estruturas locais\u201d. Pi\u00f1eiro animou tam\u00e9n aos mozos e mozas a que \u201csa\u00edan \u00e1 r\u00faa, porque \u00e9 fundamental co\u00f1ecer de primeira man as inquedanzas da cidadan\u00eda\u201d e os retos que estas xeraci\u00f3ns te\u00f1en por diante.<\/p>\n<p><strong>ADRI\u00c1N V\u00c1ZQUEZ: \u201cOS MOZOS SODES O FUTURO DUNHA EUROPA FORTE\u201d<\/strong><\/p>\n<p>O eurodeputado lalinense do PPdeG, Adri\u00e1n V\u00e1zquez, tam\u00e9n participou na clausura desta Escola de Ver\u00e1n, onde reivindicou a mocidade como o futuro \u201cdunha Europa m\u00e1is competitiva, aut\u00f3noma e forte\u201d. Respecto \u00e1s pr\u00f3ximas elecci\u00f3ns, V\u00e1zquez fixo un chamamento aos mozos para \u201cestar activos\u201d, sinalando que o seu voto \u00e9 \u201cesencial para acadar o cambio que Espa\u00f1a necesita\u201d.<\/p>\n<p>\u201cCando en Europa defendemos unha AP-9 gratu\u00edta e ben xestionada, os dereitos dos menores en li\u00f1a, unhas fronteiras seguras para unha inmigraci\u00f3n ordenada ou facer a vida m\u00e1is doada aos nosos gandeiros, agricultores e pescadores; fac\u00e9molo por v\u00f3s, a mocidade\u201d, destacou o eurodeputado. Para V\u00e1zquez, a pol\u00edtica debe servir \u201cpara deixar o mundo un pouco mellor que como o atopamos\u201d. Tam\u00e9n animou \u00e1s novas xeraci\u00f3ns a emprender en Galicia e \u201ccontribu\u00edr a mellorar a nosa terra\u201d.<\/p>\n<p><strong>DOCUMENTAIS, VISITAS E MESAS REDONDAS<\/strong><\/p>\n<p>A Escola de Ver\u00e1n \u201cGerardo Fern\u00e1ndez Albor\u201d celebrou esta fin de semana a s\u00faa actividade en Lal\u00edn, cunha charla sobre redes sociais, un faladoiro da Galicia do futuro e a proxecci\u00f3n do documental de Miguel \u00c1ngel Blanco. Nesta primeira xornada, o s\u00e1bado, a mocidade do PPdeG tam\u00e9n visitou unha explotaci\u00f3n gandeira.<\/p>\n<p>A actividade de hoxe centrouse en mesas redondas nas que diversos representantes do partido falaron dos retos do municipalismo e do papel dos concelleiros mozos.<\/p>\n","protected":false},"excerpt":{"rendered":"<p>A presidenta de Novas Xeraci\u00f3ns do PPdeG, Nicole Grueira, reivindica a Escola de Ver\u00e1n \u201cGerardo Fern\u00e1ndez Albor\u201d como un punto de encontro para a mocidade galega, no que \u201cdebater, compartir e falar do que somos e do que queremos para o futuro de Galicia\u201d. Para a representante da mocidade galega dos populares, a Escola de [&hellip;]<\/p>\n","protected":false},"author":38,"featured_media":72178,"comment_status":"closed","ping_status":"open","sticky":false,"template":"","format":"standard","meta":{"_acf_changed":false,"footnotes":""},"categories":[1],"tags":[],"class_list":["post-72177","post","type-post","status-publish","format-standard","has-post-thumbnail","hentry","category-pp-de-galicia"],"acf":[],"yoast_head":"<!-- This site is optimized with the Yoast SEO plugin v27.3 - https:\/\/yoast.com\/product\/yoast-seo-wordpress\/ -->\n<title>As Novas Xeraci\u00f3ns do PPdeG reivindican a Escola de Ver\u00e1n \u201cGerardo Fern\u00e1ndez Albor\u201d como punto de encontro para falar \u201cda Galicia que queremos\u201d - PP de Galicia<\/title>\n<meta name=\"description\" content=\"A presidenta de Novas Xeraci\u00f3ns do PPdeG, Nicole Grueira, reivindica a Escola de Ver\u00e1n \u201cGerardo Fern\u00e1ndez Albor\u201d como un punto de encontro para a mocidade galega, no que \u201cdebater, compartir e falar do que somos e do que queremos para o futuro de Galicia\u201d. Para a representante da mocidade galega dos populares, a Escola de Ver\u00e1n \u00e9 \u201cpositiva e pro positiva\u201d, xa que ademais de lembrar \u201caos que constru\u00edron Galicia\u201d, tam\u00e9n se lle d\u00e1 voz \u201caos mozos e mozas que te\u00f1en ganas de constru\u00edr o seu futuro\u201d.\" \/>\n<meta name=\"robots\" content=\"index, follow, max-snippet:-1, max-image-preview:large, max-video-preview:-1\" \/>\n<link rel=\"canonical\" href=\"https:\/\/ppdegalicia.com\/es\/as-novas-xeracions-do-ppdeg-reivindican-a-escola-de-veran-gerardo-fernandez-albor-como-punto-de-encontro-para-falar-da-galicia-que-queremos\/\" \/>\n<meta property=\"og:locale\" content=\"es_ES\" \/>\n<meta property=\"og:type\" content=\"article\" \/>\n<meta property=\"og:title\" content=\"As Novas Xeraci\u00f3ns do PPdeG reivindican a Escola de Ver\u00e1n \u201cGerardo Fern\u00e1ndez Albor\u201d como punto de encontro para falar \u201cda Galicia que queremos\u201d - PP de Galicia\" \/>\n<meta property=\"og:description\" content=\"A presidenta de Novas Xeraci\u00f3ns do PPdeG, Nicole Grueira, reivindica a Escola de Ver\u00e1n \u201cGerardo Fern\u00e1ndez Albor\u201d como un punto de encontro para a mocidade galega, no que \u201cdebater, compartir e falar do que somos e do que queremos para o futuro de Galicia\u201d. Para a representante da mocidade galega dos populares, a Escola de Ver\u00e1n \u00e9 \u201cpositiva e pro positiva\u201d, xa que ademais de lembrar \u201caos que constru\u00edron Galicia\u201d, tam\u00e9n se lle d\u00e1 voz \u201caos mozos e mozas que te\u00f1en ganas de constru\u00edr o seu futuro\u201d.\" \/>\n<meta property=\"og:url\" content=\"https:\/\/ppdegalicia.com\/es\/as-novas-xeracions-do-ppdeg-reivindican-a-escola-de-veran-gerardo-fernandez-albor-como-punto-de-encontro-para-falar-da-galicia-que-queremos\/\" \/>\n<meta property=\"og:site_name\" content=\"PP de Galicia\" \/>\n<meta property=\"article:publisher\" content=\"https:\/\/www.instagram.com\/ppdegalicia\/\" \/>\n<meta property=\"article:published_time\" content=\"2026-09-06T19:33:49+00:00\" \/>\n<meta property=\"article:modified_time\" content=\"2026-09-06T19:42:56+00:00\" \/>\n<meta property=\"og:image\" content=\"https:\/\/ppdegalicia.com\/wp-content\/uploads\/2026\/09\/20260906-Escola-de-Veran-NNXX-Galicia_2-scaled.jpeg\" \/>\n\t<meta property=\"og:image:width\" content=\"2560\" \/>\n\t<meta property=\"og:image:height\" content=\"1920\" \/>\n\t<meta property=\"og:image:type\" content=\"image\/jpeg\" \/>\n<meta name=\"author\" content=\"ppdegaliciaredes\" \/>\n<meta name=\"twitter:card\" content=\"summary_large_image\" \/>\n<meta name=\"twitter:creator\" content=\"@ppdegalicia\" \/>\n<meta name=\"twitter:site\" content=\"@ppdegalicia\" \/>\n<meta name=\"twitter:label1\" content=\"Escrito por\" \/>\n\t<meta name=\"twitter:data1\" content=\"ppdegaliciaredes\" \/>\n\t<meta name=\"twitter:label2\" content=\"Tiempo de lectura\" \/>\n\t<meta name=\"twitter:data2\" content=\"5 minutos\" \/>\n<script type=\"application\/ld+json\" class=\"yoast-schema-graph\">{\"@context\":\"https:\\\/\\\/schema.org\",\"@graph\":[{\"@type\":\"Article\",\"@id\":\"https:\\\/\\\/ppdegalicia.com\\\/es\\\/as-novas-xeracions-do-ppdeg-reivindican-a-escola-de-veran-gerardo-fernandez-albor-como-punto-de-encontro-para-falar-da-galicia-que-queremos\\\/#article\",\"isPartOf\":{\"@id\":\"https:\\\/\\\/ppdegalicia.com\\\/es\\\/as-novas-xeracions-do-ppdeg-reivindican-a-escola-de-veran-gerardo-fernandez-albor-como-punto-de-encontro-para-falar-da-galicia-que-queremos\\\/\"},\"author\":{\"name\":\"ppdegaliciaredes\",\"@id\":\"https:\\\/\\\/ppdegalicia.com\\\/es\\\/#\\\/schema\\\/person\\\/5b822c6f59e872ebdd1142f307dbcb59\"},\"headline\":\"As Novas Xeraci\u00f3ns do PPdeG reivindican a Escola de Ver\u00e1n \u201cGerardo Fern\u00e1ndez Albor\u201d como punto de encontro para falar \u201cda Galicia que queremos\u201d\",\"datePublished\":\"2026-09-06T19:33:49+00:00\",\"dateModified\":\"2026-09-06T19:42:56+00:00\",\"mainEntityOfPage\":{\"@id\":\"https:\\\/\\\/ppdegalicia.com\\\/es\\\/as-novas-xeracions-do-ppdeg-reivindican-a-escola-de-veran-gerardo-fernandez-albor-como-punto-de-encontro-para-falar-da-galicia-que-queremos\\\/\"},\"wordCount\":913,\"publisher\":{\"@id\":\"https:\\\/\\\/ppdegalicia.com\\\/es\\\/#organization\"},\"image\":{\"@id\":\"https:\\\/\\\/ppdegalicia.com\\\/es\\\/as-novas-xeracions-do-ppdeg-reivindican-a-escola-de-veran-gerardo-fernandez-albor-como-punto-de-encontro-para-falar-da-galicia-que-queremos\\\/#primaryimage\"},\"thumbnailUrl\":\"https:\\\/\\\/ppdegalicia.com\\\/wp-content\\\/uploads\\\/2026\\\/09\\\/20260906-Escola-de-Veran-NNXX-Galicia_2-scaled.jpeg\",\"articleSection\":[\"PP de Galicia\"],\"inLanguage\":\"es\"},{\"@type\":\"WebPage\",\"@id\":\"https:\\\/\\\/ppdegalicia.com\\\/es\\\/as-novas-xeracions-do-ppdeg-reivindican-a-escola-de-veran-gerardo-fernandez-albor-como-punto-de-encontro-para-falar-da-galicia-que-queremos\\\/\",\"url\":\"https:\\\/\\\/ppdegalicia.com\\\/es\\\/as-novas-xeracions-do-ppdeg-reivindican-a-escola-de-veran-gerardo-fernandez-albor-como-punto-de-encontro-para-falar-da-galicia-que-queremos\\\/\",\"name\":\"As Novas Xeraci\u00f3ns do PPdeG reivindican a Escola de Ver\u00e1n \u201cGerardo Fern\u00e1ndez Albor\u201d como punto de encontro para falar \u201cda Galicia que queremos\u201d - PP de Galicia\",\"isPartOf\":{\"@id\":\"https:\\\/\\\/ppdegalicia.com\\\/es\\\/#website\"},\"primaryImageOfPage\":{\"@id\":\"https:\\\/\\\/ppdegalicia.com\\\/es\\\/as-novas-xeracions-do-ppdeg-reivindican-a-escola-de-veran-gerardo-fernandez-albor-como-punto-de-encontro-para-falar-da-galicia-que-queremos\\\/#primaryimage\"},\"image\":{\"@id\":\"https:\\\/\\\/ppdegalicia.com\\\/es\\\/as-novas-xeracions-do-ppdeg-reivindican-a-escola-de-veran-gerardo-fernandez-albor-como-punto-de-encontro-para-falar-da-galicia-que-queremos\\\/#primaryimage\"},\"thumbnailUrl\":\"https:\\\/\\\/ppdegalicia.com\\\/wp-content\\\/uploads\\\/2026\\\/09\\\/20260906-Escola-de-Veran-NNXX-Galicia_2-scaled.jpeg\",\"datePublished\":\"2026-09-06T19:33:49+00:00\",\"dateModified\":\"2026-09-06T19:42:56+00:00\",\"description\":\"A presidenta de Novas Xeraci\u00f3ns do PPdeG, Nicole Grueira, reivindica a Escola de Ver\u00e1n \u201cGerardo Fern\u00e1ndez Albor\u201d como un punto de encontro para a mocidade galega, no que \u201cdebater, compartir e falar do que somos e do que queremos para o futuro de Galicia\u201d. Para a representante da mocidade galega dos populares, a Escola de Ver\u00e1n \u00e9 \u201cpositiva e pro positiva\u201d, xa que ademais de lembrar \u201caos que constru\u00edron Galicia\u201d, tam\u00e9n se lle d\u00e1 voz \u201caos mozos e mozas que te\u00f1en ganas de constru\u00edr o seu futuro\u201d.\",\"breadcrumb\":{\"@id\":\"https:\\\/\\\/ppdegalicia.com\\\/es\\\/as-novas-xeracions-do-ppdeg-reivindican-a-escola-de-veran-gerardo-fernandez-albor-como-punto-de-encontro-para-falar-da-galicia-que-queremos\\\/#breadcrumb\"},\"inLanguage\":\"es\",\"potentialAction\":[{\"@type\":\"ReadAction\",\"target\":[\"https:\\\/\\\/ppdegalicia.com\\\/es\\\/as-novas-xeracions-do-ppdeg-reivindican-a-escola-de-veran-gerardo-fernandez-albor-como-punto-de-encontro-para-falar-da-galicia-que-queremos\\\/\"]}]},{\"@type\":\"ImageObject\",\"inLanguage\":\"es\",\"@id\":\"https:\\\/\\\/ppdegalicia.com\\\/es\\\/as-novas-xeracions-do-ppdeg-reivindican-a-escola-de-veran-gerardo-fernandez-albor-como-punto-de-encontro-para-falar-da-galicia-que-queremos\\\/#primaryimage\",\"url\":\"https:\\\/\\\/ppdegalicia.com\\\/wp-content\\\/uploads\\\/2026\\\/09\\\/20260906-Escola-de-Veran-NNXX-Galicia_2-scaled.jpeg\",\"contentUrl\":\"https:\\\/\\\/ppdegalicia.com\\\/wp-content\\\/uploads\\\/2026\\\/09\\\/20260906-Escola-de-Veran-NNXX-Galicia_2-scaled.jpeg\",\"width\":2560,\"height\":1920},{\"@type\":\"BreadcrumbList\",\"@id\":\"https:\\\/\\\/ppdegalicia.com\\\/es\\\/as-novas-xeracions-do-ppdeg-reivindican-a-escola-de-veran-gerardo-fernandez-albor-como-punto-de-encontro-para-falar-da-galicia-que-queremos\\\/#breadcrumb\",\"itemListElement\":[{\"@type\":\"ListItem\",\"position\":1,\"name\":\"Portada\",\"item\":\"https:\\\/\\\/ppdegalicia.com\\\/es\\\/\"},{\"@type\":\"ListItem\",\"position\":2,\"name\":\"As Novas Xeraci\u00f3ns do PPdeG reivindican a Escola de Ver\u00e1n \u201cGerardo Fern\u00e1ndez Albor\u201d como punto de encontro para falar \u201cda Galicia que queremos\u201d\"}]},{\"@type\":\"WebSite\",\"@id\":\"https:\\\/\\\/ppdegalicia.com\\\/es\\\/#website\",\"url\":\"https:\\\/\\\/ppdegalicia.com\\\/es\\\/\",\"name\":\"Partido Popular de Galicia\",\"description\":\"Partido Popular de Galicia\",\"publisher\":{\"@id\":\"https:\\\/\\\/ppdegalicia.com\\\/es\\\/#organization\"},\"alternateName\":\"PP de Galicia\",\"potentialAction\":[{\"@type\":\"SearchAction\",\"target\":{\"@type\":\"EntryPoint\",\"urlTemplate\":\"https:\\\/\\\/ppdegalicia.com\\\/es\\\/?s={search_term_string}\"},\"query-input\":{\"@type\":\"PropertyValueSpecification\",\"valueRequired\":true,\"valueName\":\"search_term_string\"}}],\"inLanguage\":\"es\"},{\"@type\":\"Organization\",\"@id\":\"https:\\\/\\\/ppdegalicia.com\\\/es\\\/#organization\",\"name\":\"Partido Popular de Galicia\",\"alternateName\":\"PP de Galicia\",\"url\":\"https:\\\/\\\/ppdegalicia.com\\\/es\\\/\",\"logo\":{\"@type\":\"ImageObject\",\"inLanguage\":\"es\",\"@id\":\"https:\\\/\\\/ppdegalicia.com\\\/es\\\/#\\\/schema\\\/logo\\\/image\\\/\",\"url\":\"https:\\\/\\\/ppdegalicia.com\\\/wp-content\\\/uploads\\\/2023\\\/04\\\/logoPP512.png\",\"contentUrl\":\"https:\\\/\\\/ppdegalicia.com\\\/wp-content\\\/uploads\\\/2023\\\/04\\\/logoPP512.png\",\"width\":512,\"height\":512,\"caption\":\"Partido Popular de Galicia\"},\"image\":{\"@id\":\"https:\\\/\\\/ppdegalicia.com\\\/es\\\/#\\\/schema\\\/logo\\\/image\\\/\"},\"sameAs\":[\"https:\\\/\\\/www.instagram.com\\\/ppdegalicia\\\/\",\"https:\\\/\\\/x.com\\\/ppdegalicia\",\"https:\\\/\\\/www.tiktok.com\\\/@ppdegalicia\",\"https:\\\/\\\/www.youtube.com\\\/user\\\/ppdegalicia\"]},{\"@type\":\"Person\",\"@id\":\"https:\\\/\\\/ppdegalicia.com\\\/es\\\/#\\\/schema\\\/person\\\/5b822c6f59e872ebdd1142f307dbcb59\",\"name\":\"ppdegaliciaredes\",\"image\":{\"@type\":\"ImageObject\",\"inLanguage\":\"es\",\"@id\":\"https:\\\/\\\/secure.gravatar.com\\\/avatar\\\/3c9179cf0256d00c72a48d1f25783c58b6842cd56e85ef3a572881c8e28ccd59?s=96&d=mm&r=g\",\"url\":\"https:\\\/\\\/secure.gravatar.com\\\/avatar\\\/3c9179cf0256d00c72a48d1f25783c58b6842cd56e85ef3a572881c8e28ccd59?s=96&d=mm&r=g\",\"contentUrl\":\"https:\\\/\\\/secure.gravatar.com\\\/avatar\\\/3c9179cf0256d00c72a48d1f25783c58b6842cd56e85ef3a572881c8e28ccd59?s=96&d=mm&r=g\",\"caption\":\"ppdegaliciaredes\"},\"url\":\"https:\\\/\\\/ppdegalicia.com\\\/es\\\/author\\\/ppdegaliciaredes\\\/\"}]}<\/script>\n<!-- \/ Yoast SEO plugin. -->","yoast_head_json":{"title":"As Novas Xeraci\u00f3ns do PPdeG reivindican a Escola de Ver\u00e1n \u201cGerardo Fern\u00e1ndez Albor\u201d como punto de encontro para falar \u201cda Galicia que queremos\u201d - PP de Galicia","description":"A presidenta de Novas Xeraci\u00f3ns do PPdeG, Nicole Grueira, reivindica a Escola de Ver\u00e1n \u201cGerardo Fern\u00e1ndez Albor\u201d como un punto de encontro para a mocidade galega, no que \u201cdebater, compartir e falar do que somos e do que queremos para o futuro de Galicia\u201d. Para a representante da mocidade galega dos populares, a Escola de Ver\u00e1n \u00e9 \u201cpositiva e pro positiva\u201d, xa que ademais de lembrar \u201caos que constru\u00edron Galicia\u201d, tam\u00e9n se lle d\u00e1 voz \u201caos mozos e mozas que te\u00f1en ganas de constru\u00edr o seu futuro\u201d.","robots":{"index":"index","follow":"follow","max-snippet":"max-snippet:-1","max-image-preview":"max-image-preview:large","max-video-preview":"max-video-preview:-1"},"canonical":"https:\/\/ppdegalicia.com\/es\/as-novas-xeracions-do-ppdeg-reivindican-a-escola-de-veran-gerardo-fernandez-albor-como-punto-de-encontro-para-falar-da-galicia-que-queremos\/","og_locale":"es_ES","og_type":"article","og_title":"As Novas Xeraci\u00f3ns do PPdeG reivindican a Escola de Ver\u00e1n \u201cGerardo Fern\u00e1ndez Albor\u201d como punto de encontro para falar \u201cda Galicia que queremos\u201d - PP de Galicia","og_description":"A presidenta de Novas Xeraci\u00f3ns do PPdeG, Nicole Grueira, reivindica a Escola de Ver\u00e1n \u201cGerardo Fern\u00e1ndez Albor\u201d como un punto de encontro para a mocidade galega, no que \u201cdebater, compartir e falar do que somos e do que queremos para o futuro de Galicia\u201d. Para a representante da mocidade galega dos populares, a Escola de Ver\u00e1n \u00e9 \u201cpositiva e pro positiva\u201d, xa que ademais de lembrar \u201caos que constru\u00edron Galicia\u201d, tam\u00e9n se lle d\u00e1 voz \u201caos mozos e mozas que te\u00f1en ganas de constru\u00edr o seu futuro\u201d.","og_url":"https:\/\/ppdegalicia.com\/es\/as-novas-xeracions-do-ppdeg-reivindican-a-escola-de-veran-gerardo-fernandez-albor-como-punto-de-encontro-para-falar-da-galicia-que-queremos\/","og_site_name":"PP de Galicia","article_publisher":"https:\/\/www.instagram.com\/ppdegalicia\/","article_published_time":"2026-09-06T19:33:49+00:00","article_modified_time":"2026-09-06T19:42:56+00:00","og_image":[{"width":2560,"height":1920,"url":"https:\/\/ppdegalicia.com\/wp-content\/uploads\/2026\/09\/20260906-Escola-de-Veran-NNXX-Galicia_2-scaled.jpeg","type":"image\/jpeg"}],"author":"ppdegaliciaredes","twitter_card":"summary_large_image","twitter_creator":"@ppdegalicia","twitter_site":"@ppdegalicia","twitter_misc":{"Escrito por":"ppdegaliciaredes","Tiempo de lectura":"5 minutos"},"schema":{"@context":"https:\/\/schema.org","@graph":[{"@type":"Article","@id":"https:\/\/ppdegalicia.com\/es\/as-novas-xeracions-do-ppdeg-reivindican-a-escola-de-veran-gerardo-fernandez-albor-como-punto-de-encontro-para-falar-da-galicia-que-queremos\/#article","isPartOf":{"@id":"https:\/\/ppdegalicia.com\/es\/as-novas-xeracions-do-ppdeg-reivindican-a-escola-de-veran-gerardo-fernandez-albor-como-punto-de-encontro-para-falar-da-galicia-que-queremos\/"},"author":{"name":"ppdegaliciaredes","@id":"https:\/\/ppdegalicia.com\/es\/#\/schema\/person\/5b822c6f59e872ebdd1142f307dbcb59"},"headline":"As Novas Xeraci\u00f3ns do PPdeG reivindican a Escola de Ver\u00e1n \u201cGerardo Fern\u00e1ndez Albor\u201d como punto de encontro para falar \u201cda Galicia que queremos\u201d","datePublished":"2026-09-06T19:33:49+00:00","dateModified":"2026-09-06T19:42:56+00:00","mainEntityOfPage":{"@id":"https:\/\/ppdegalicia.com\/es\/as-novas-xeracions-do-ppdeg-reivindican-a-escola-de-veran-gerardo-fernandez-albor-como-punto-de-encontro-para-falar-da-galicia-que-queremos\/"},"wordCount":913,"publisher":{"@id":"https:\/\/ppdegalicia.com\/es\/#organization"},"image":{"@id":"https:\/\/ppdegalicia.com\/es\/as-novas-xeracions-do-ppdeg-reivindican-a-escola-de-veran-gerardo-fernandez-albor-como-punto-de-encontro-para-falar-da-galicia-que-queremos\/#primaryimage"},"thumbnailUrl":"https:\/\/ppdegalicia.com\/wp-content\/uploads\/2026\/09\/20260906-Escola-de-Veran-NNXX-Galicia_2-scaled.jpeg","articleSection":["PP de Galicia"],"inLanguage":"es"},{"@type":"WebPage","@id":"https:\/\/ppdegalicia.com\/es\/as-novas-xeracions-do-ppdeg-reivindican-a-escola-de-veran-gerardo-fernandez-albor-como-punto-de-encontro-para-falar-da-galicia-que-queremos\/","url":"https:\/\/ppdegalicia.com\/es\/as-novas-xeracions-do-ppdeg-reivindican-a-escola-de-veran-gerardo-fernandez-albor-como-punto-de-encontro-para-falar-da-galicia-que-queremos\/","name":"As Novas Xeraci\u00f3ns do PPdeG reivindican a Escola de Ver\u00e1n \u201cGerardo Fern\u00e1ndez Albor\u201d como punto de encontro para falar \u201cda Galicia que queremos\u201d - PP de Galicia","isPartOf":{"@id":"https:\/\/ppdegalicia.com\/es\/#website"},"primaryImageOfPage":{"@id":"https:\/\/ppdegalicia.com\/es\/as-novas-xeracions-do-ppdeg-reivindican-a-escola-de-veran-gerardo-fernandez-albor-como-punto-de-encontro-para-falar-da-galicia-que-queremos\/#primaryimage"},"image":{"@id":"https:\/\/ppdegalicia.com\/es\/as-novas-xeracions-do-ppdeg-reivindican-a-escola-de-veran-gerardo-fernandez-albor-como-punto-de-encontro-para-falar-da-galicia-que-queremos\/#primaryimage"},"thumbnailUrl":"https:\/\/ppdegalicia.com\/wp-content\/uploads\/2026\/09\/20260906-Escola-de-Veran-NNXX-Galicia_2-scaled.jpeg","datePublished":"2026-09-06T19:33:49+00:00","dateModified":"2026-09-06T19:42:56+00:00","description":"A presidenta de Novas Xeraci\u00f3ns do PPdeG, Nicole Grueira, reivindica a Escola de Ver\u00e1n \u201cGerardo Fern\u00e1ndez Albor\u201d como un punto de encontro para a mocidade galega, no que \u201cdebater, compartir e falar do que somos e do que queremos para o futuro de Galicia\u201d. Para a representante da mocidade galega dos populares, a Escola de Ver\u00e1n \u00e9 \u201cpositiva e pro positiva\u201d, xa que ademais de lembrar \u201caos que constru\u00edron Galicia\u201d, tam\u00e9n se lle d\u00e1 voz \u201caos mozos e mozas que te\u00f1en ganas de constru\u00edr o seu futuro\u201d.","breadcrumb":{"@id":"https:\/\/ppdegalicia.com\/es\/as-novas-xeracions-do-ppdeg-reivindican-a-escola-de-veran-gerardo-fernandez-albor-como-punto-de-encontro-para-falar-da-galicia-que-queremos\/#breadcrumb"},"inLanguage":"es","potentialAction":[{"@type":"ReadAction","target":["https:\/\/ppdegalicia.com\/es\/as-novas-xeracions-do-ppdeg-reivindican-a-escola-de-veran-gerardo-fernandez-albor-como-punto-de-encontro-para-falar-da-galicia-que-queremos\/"]}]},{"@type":"ImageObject","inLanguage":"es","@id":"https:\/\/ppdegalicia.com\/es\/as-novas-xeracions-do-ppdeg-reivindican-a-escola-de-veran-gerardo-fernandez-albor-como-punto-de-encontro-para-falar-da-galicia-que-queremos\/#primaryimage","url":"https:\/\/ppdegalicia.com\/wp-content\/uploads\/2026\/09\/20260906-Escola-de-Veran-NNXX-Galicia_2-scaled.jpeg","contentUrl":"https:\/\/ppdegalicia.com\/wp-content\/uploads\/2026\/09\/20260906-Escola-de-Veran-NNXX-Galicia_2-scaled.jpeg","width":2560,"height":1920},{"@type":"BreadcrumbList","@id":"https:\/\/ppdegalicia.com\/es\/as-novas-xeracions-do-ppdeg-reivindican-a-escola-de-veran-gerardo-fernandez-albor-como-punto-de-encontro-para-falar-da-galicia-que-queremos\/#breadcrumb","itemListElement":[{"@type":"ListItem","position":1,"name":"Portada","item":"https:\/\/ppdegalicia.com\/es\/"},{"@type":"ListItem","position":2,"name":"As Novas Xeraci\u00f3ns do PPdeG reivindican a Escola de Ver\u00e1n \u201cGerardo Fern\u00e1ndez Albor\u201d como punto de encontro para falar \u201cda Galicia que queremos\u201d"}]},{"@type":"WebSite","@id":"https:\/\/ppdegalicia.com\/es\/#website","url":"https:\/\/ppdegalicia.com\/es\/","name":"Partido Popular de Galicia","description":"Partido Popular de Galicia","publisher":{"@id":"https:\/\/ppdegalicia.com\/es\/#organization"},"alternateName":"PP de Galicia","potentialAction":[{"@type":"SearchAction","target":{"@type":"EntryPoint","urlTemplate":"https:\/\/ppdegalicia.com\/es\/?s={search_term_string}"},"query-input":{"@type":"PropertyValueSpecification","valueRequired":true,"valueName":"search_term_string"}}],"inLanguage":"es"},{"@type":"Organization","@id":"https:\/\/ppdegalicia.com\/es\/#organization","name":"Partido Popular de Galicia","alternateName":"PP de Galicia","url":"https:\/\/ppdegalicia.com\/es\/","logo":{"@type":"ImageObject","inLanguage":"es","@id":"https:\/\/ppdegalicia.com\/es\/#\/schema\/logo\/image\/","url":"https:\/\/ppdegalicia.com\/wp-content\/uploads\/2023\/04\/logoPP512.png","contentUrl":"https:\/\/ppdegalicia.com\/wp-content\/uploads\/2023\/04\/logoPP512.png","width":512,"height":512,"caption":"Partido Popular de Galicia"},"image":{"@id":"https:\/\/ppdegalicia.com\/es\/#\/schema\/logo\/image\/"},"sameAs":["https:\/\/www.instagram.com\/ppdegalicia\/","https:\/\/x.com\/ppdegalicia","https:\/\/www.tiktok.com\/@ppdegalicia","https:\/\/www.youtube.com\/user\/ppdegalicia"]},{"@type":"Person","@id":"https:\/\/ppdegalicia.com\/es\/#\/schema\/person\/5b822c6f59e872ebdd1142f307dbcb59","name":"ppdegaliciaredes","image":{"@type":"ImageObject","inLanguage":"es","@id":"https:\/\/secure.gravatar.com\/avatar\/3c9179cf0256d00c72a48d1f25783c58b6842cd56e85ef3a572881c8e28ccd59?s=96&d=mm&r=g","url":"https:\/\/secure.gravatar.com\/avatar\/3c9179cf0256d00c72a48d1f25783c58b6842cd56e85ef3a572881c8e28ccd59?s=96&d=mm&r=g","contentUrl":"https:\/\/secure.gravatar.com\/avatar\/3c9179cf0256d00c72a48d1f25783c58b6842cd56e85ef3a572881c8e28ccd59?s=96&d=mm&r=g","caption":"ppdegaliciaredes"},"url":"https:\/\/ppdegalicia.com\/es\/author\/ppdegaliciaredes\/"}]}},"_links":{"self":[{"href":"https:\/\/ppdegalicia.com\/es\/wp-json\/wp\/v2\/posts\/72177","targetHints":{"allow":["GET"]}}],"collection":[{"href":"https:\/\/ppdegalicia.com\/es\/wp-json\/wp\/v2\/posts"}],"about":[{"href":"https:\/\/ppdegalicia.com\/es\/wp-json\/wp\/v2\/types\/post"}],"author":[{"embeddable":true,"href":"https:\/\/ppdegalicia.com\/es\/wp-json\/wp\/v2\/users\/38"}],"replies":[{"embeddable":true,"href":"https:\/\/ppdegalicia.com\/es\/wp-json\/wp\/v2\/comments?post=72177"}],"version-history":[{"count":1,"href":"https:\/\/ppdegalicia.com\/es\/wp-json\/wp\/v2\/posts\/72177\/revisions"}],"predecessor-version":[{"id":72180,"href":"https:\/\/ppdegalicia.com\/es\/wp-json\/wp\/v2\/posts\/72177\/revisions\/72180"}],"wp:featuredmedia":[{"embeddable":true,"href":"https:\/\/ppdegalicia.com\/es\/wp-json\/wp\/v2\/media\/72178"}],"wp:attachment":[{"href":"https:\/\/ppdegalicia.com\/es\/wp-json\/wp\/v2\/media?parent=72177"}],"wp:term":[{"taxonomy":"category","embeddable":true,"href":"https:\/\/ppdegalicia.com\/es\/wp-json\/wp\/v2\/categories?post=72177"},{"taxonomy":"post_tag","embeddable":true,"href":"https:\/\/ppdegalicia.com\/es\/wp-json\/wp\/v2\/tags?post=72177"}],"curies":[{"name":"wp","href":"https:\/\/api.w.org\/{rel}","templated":true}]}}