{"id":72181,"date":"2026-09-06T21:42:22","date_gmt":"2026-09-06T19:42:22","guid":{"rendered":"https:\/\/ppdegalicia.com\/?p=72181"},"modified":"2026-09-06T21:42:22","modified_gmt":"2026-09-06T19:42:22","slug":"o-ppdeg-salienta-o-esforzo-da-asociacion-compostela-para-visibilizar-a-enfermidade-e-no-apoio-as-familias-dos-doentes","status":"publish","type":"post","link":"https:\/\/ppdegalicia.com\/es\/o-ppdeg-salienta-o-esforzo-da-asociacion-compostela-para-visibilizar-a-enfermidade-e-no-apoio-as-familias-dos-doentes\/","title":{"rendered":"O PPdeG salienta o esforzo da asociaci\u00f3n CompostELA para visibilizar a enfermidade e no apoio \u00e1s familias dos doentes"},"content":{"rendered":"<p>As deputadas do Grupo Parlamentario Popular Katherine Varela e Encarna Amigo realizaron, hoxe, un tramo do Cami\u00f1o de Santiago, acompa\u00f1ando a persoas afectadas por esclerose lateral amiotr\u00f3fica (ELA), familiares e voluntarios.<\/p>\n<p>A iniciativa, impulsada pola asociaci\u00f3n CompostELA, ten como obxectivo axudar a estes enfermos a completar o reto de peregrinar \u00e1 capital galega, realizando os tramos do Cami\u00f1o de Santiago que unen a localidade de Fonfr\u00eda, en Pedrafita do Cebreiro, coa Praza do Obradoiro. Durante o percorrido, as parlamentarias populares puxeron en valor o esforzo organizativo da entidade e todo o traballo que est\u00e1n a levar a cabo para darlle visibilidade \u00e1 enfermidade. E sinalaron que a Xunta de Galicia colabora co financiamento do transporte para os desprazamentos. Neste caso, un autob\u00fas est\u00e1ndar de 55 prazas e dous adaptados para persoas con mobilidade reducida.<\/p>\n<p>As deputadas do Grupo Popular tam\u00e9n tiveron un recordo emotivo para Susi Seoane, vicepresidenta da Asociaci\u00f3n Galega de Esclerose Lateral Amiotr\u00f3fica (AgaELA), falecida recentemente a causa desta doenza. Sum\u00e1ronse ao seu recordo e destacaron o seu incansable labor a prol dos dereitos e da visibilidade das persoas afectadas pola ELA.<\/p>\n<p><strong>UNHA ORDE DE AXUDAS PIONEIRA<\/strong><br \/>\nAsemade, puxeron en valor o compromiso do Goberno galego no impulso de medidas para mellorar a s\u00faa calidade de vida e axilizar a s\u00faa atenci\u00f3n sociosanitaria. Neste punto, informaron de que o prazo para solicitar axudas destinadas a sufragar os elevados custos desta patolox\u00eda, derivados da adquisici\u00f3n de produtos esenciais \u2013como camas articuladas ou guindastres-, a contrataci\u00f3n de servizos especializados ou a execuci\u00f3n de obras de adaptaci\u00f3n na vivenda, estar\u00e1 aberto ata o vindeiro 3 de novembro.<\/p>\n<p>A deste ano \u00e9 a cuarta convocatoria e as achegas acadan os 12.000 euros anuais. O Goberno galego destina un investimento de 2,1 M\u20ac a esta orde de axudas, que \u00e9 pioneira no conxunto do pa\u00eds e que se puxo en marcha por primeira vez en 2023.<\/p>\n","protected":false},"excerpt":{"rendered":"<p>As deputadas do Grupo Parlamentario Popular Katherine Varela e Encarna Amigo realizaron, hoxe, un tramo do Cami\u00f1o de Santiago, acompa\u00f1ando a persoas afectadas por esclerose lateral amiotr\u00f3fica (ELA), familiares e voluntarios. A iniciativa, impulsada pola asociaci\u00f3n CompostELA, ten como obxectivo axudar a estes enfermos a completar o reto de peregrinar \u00e1 capital galega, realizando os [&hellip;]<\/p>\n","protected":false},"author":38,"featured_media":72182,"comment_status":"closed","ping_status":"open","sticky":false,"template":"","format":"standard","meta":{"_acf_changed":false,"footnotes":""},"categories":[1128],"tags":[],"class_list":["post-72181","post","type-post","status-publish","format-standard","has-post-thumbnail","hentry","category-actualidad-parlamento-de-galicia"],"acf":[],"yoast_head":"<!-- This site is optimized with the Yoast SEO plugin v27.3 - https:\/\/yoast.com\/product\/yoast-seo-wordpress\/ -->\n<title>O PPdeG salienta o esforzo da asociaci\u00f3n CompostELA para visibilizar a enfermidade e no apoio \u00e1s familias dos doentes - PP de Galicia<\/title>\n<meta name=\"description\" content=\"As deputadas do Grupo Parlamentario Popular Katherine Varela e Encarna Amigo realizaron, hoxe, un tramo do Cami\u00f1o de Santiago, acompa\u00f1ando a persoas afectadas por esclerose lateral amiotr\u00f3fica (ELA), familiares e voluntarios.\" \/>\n<meta name=\"robots\" content=\"index, follow, max-snippet:-1, max-image-preview:large, max-video-preview:-1\" \/>\n<link rel=\"canonical\" href=\"https:\/\/ppdegalicia.com\/es\/o-ppdeg-salienta-o-esforzo-da-asociacion-compostela-para-visibilizar-a-enfermidade-e-no-apoio-as-familias-dos-doentes\/\" \/>\n<meta property=\"og:locale\" content=\"es_ES\" \/>\n<meta property=\"og:type\" content=\"article\" \/>\n<meta property=\"og:title\" content=\"O PPdeG salienta o esforzo da asociaci\u00f3n CompostELA para visibilizar a enfermidade e no apoio \u00e1s familias dos doentes - PP de Galicia\" \/>\n<meta property=\"og:description\" content=\"As deputadas do Grupo Parlamentario Popular Katherine Varela e Encarna Amigo realizaron, hoxe, un tramo do Cami\u00f1o de Santiago, acompa\u00f1ando a persoas afectadas por esclerose lateral amiotr\u00f3fica (ELA), familiares e voluntarios.\" \/>\n<meta property=\"og:url\" content=\"https:\/\/ppdegalicia.com\/es\/o-ppdeg-salienta-o-esforzo-da-asociacion-compostela-para-visibilizar-a-enfermidade-e-no-apoio-as-familias-dos-doentes\/\" \/>\n<meta property=\"og:site_name\" content=\"PP de Galicia\" \/>\n<meta property=\"article:publisher\" content=\"https:\/\/www.instagram.com\/ppdegalicia\/\" \/>\n<meta property=\"article:published_time\" content=\"2026-09-06T19:42:22+00:00\" \/>\n<meta property=\"og:image\" content=\"https:\/\/ppdegalicia.com\/wp-content\/uploads\/2026\/09\/20260906-CompostELA-en-Monforte2_.jpeg\" \/>\n\t<meta property=\"og:image:width\" content=\"900\" \/>\n\t<meta property=\"og:image:height\" content=\"720\" \/>\n\t<meta property=\"og:image:type\" content=\"image\/jpeg\" \/>\n<meta name=\"author\" content=\"ppdegaliciaredes\" \/>\n<meta name=\"twitter:card\" content=\"summary_large_image\" \/>\n<meta name=\"twitter:creator\" content=\"@ppdegalicia\" \/>\n<meta name=\"twitter:site\" content=\"@ppdegalicia\" \/>\n<meta name=\"twitter:label1\" content=\"Escrito por\" \/>\n\t<meta name=\"twitter:data1\" content=\"ppdegaliciaredes\" \/>\n\t<meta name=\"twitter:label2\" content=\"Tiempo de lectura\" \/>\n\t<meta name=\"twitter:data2\" content=\"2 minutos\" \/>\n<script type=\"application\/ld+json\" class=\"yoast-schema-graph\">{\"@context\":\"https:\\\/\\\/schema.org\",\"@graph\":[{\"@type\":\"Article\",\"@id\":\"https:\\\/\\\/ppdegalicia.com\\\/es\\\/o-ppdeg-salienta-o-esforzo-da-asociacion-compostela-para-visibilizar-a-enfermidade-e-no-apoio-as-familias-dos-doentes\\\/#article\",\"isPartOf\":{\"@id\":\"https:\\\/\\\/ppdegalicia.com\\\/es\\\/o-ppdeg-salienta-o-esforzo-da-asociacion-compostela-para-visibilizar-a-enfermidade-e-no-apoio-as-familias-dos-doentes\\\/\"},\"author\":{\"name\":\"ppdegaliciaredes\",\"@id\":\"https:\\\/\\\/ppdegalicia.com\\\/es\\\/#\\\/schema\\\/person\\\/5b822c6f59e872ebdd1142f307dbcb59\"},\"headline\":\"O PPdeG salienta o esforzo da asociaci\u00f3n CompostELA para visibilizar a enfermidade e no apoio \u00e1s familias dos doentes\",\"datePublished\":\"2026-09-06T19:42:22+00:00\",\"mainEntityOfPage\":{\"@id\":\"https:\\\/\\\/ppdegalicia.com\\\/es\\\/o-ppdeg-salienta-o-esforzo-da-asociacion-compostela-para-visibilizar-a-enfermidade-e-no-apoio-as-familias-dos-doentes\\\/\"},\"wordCount\":346,\"publisher\":{\"@id\":\"https:\\\/\\\/ppdegalicia.com\\\/es\\\/#organization\"},\"image\":{\"@id\":\"https:\\\/\\\/ppdegalicia.com\\\/es\\\/o-ppdeg-salienta-o-esforzo-da-asociacion-compostela-para-visibilizar-a-enfermidade-e-no-apoio-as-familias-dos-doentes\\\/#primaryimage\"},\"thumbnailUrl\":\"https:\\\/\\\/ppdegalicia.com\\\/wp-content\\\/uploads\\\/2026\\\/09\\\/20260906-CompostELA-en-Monforte2_.jpeg\",\"articleSection\":[\"Parlamento de Galicia\"],\"inLanguage\":\"es\"},{\"@type\":\"WebPage\",\"@id\":\"https:\\\/\\\/ppdegalicia.com\\\/es\\\/o-ppdeg-salienta-o-esforzo-da-asociacion-compostela-para-visibilizar-a-enfermidade-e-no-apoio-as-familias-dos-doentes\\\/\",\"url\":\"https:\\\/\\\/ppdegalicia.com\\\/es\\\/o-ppdeg-salienta-o-esforzo-da-asociacion-compostela-para-visibilizar-a-enfermidade-e-no-apoio-as-familias-dos-doentes\\\/\",\"name\":\"O PPdeG salienta o esforzo da asociaci\u00f3n CompostELA para visibilizar a enfermidade e no apoio \u00e1s familias dos doentes - PP de Galicia\",\"isPartOf\":{\"@id\":\"https:\\\/\\\/ppdegalicia.com\\\/es\\\/#website\"},\"primaryImageOfPage\":{\"@id\":\"https:\\\/\\\/ppdegalicia.com\\\/es\\\/o-ppdeg-salienta-o-esforzo-da-asociacion-compostela-para-visibilizar-a-enfermidade-e-no-apoio-as-familias-dos-doentes\\\/#primaryimage\"},\"image\":{\"@id\":\"https:\\\/\\\/ppdegalicia.com\\\/es\\\/o-ppdeg-salienta-o-esforzo-da-asociacion-compostela-para-visibilizar-a-enfermidade-e-no-apoio-as-familias-dos-doentes\\\/#primaryimage\"},\"thumbnailUrl\":\"https:\\\/\\\/ppdegalicia.com\\\/wp-content\\\/uploads\\\/2026\\\/09\\\/20260906-CompostELA-en-Monforte2_.jpeg\",\"datePublished\":\"2026-09-06T19:42:22+00:00\",\"description\":\"As deputadas do Grupo Parlamentario Popular Katherine Varela e Encarna Amigo realizaron, hoxe, un tramo do Cami\u00f1o de Santiago, acompa\u00f1ando a persoas afectadas por esclerose lateral amiotr\u00f3fica (ELA), familiares e voluntarios.\",\"breadcrumb\":{\"@id\":\"https:\\\/\\\/ppdegalicia.com\\\/es\\\/o-ppdeg-salienta-o-esforzo-da-asociacion-compostela-para-visibilizar-a-enfermidade-e-no-apoio-as-familias-dos-doentes\\\/#breadcrumb\"},\"inLanguage\":\"es\",\"potentialAction\":[{\"@type\":\"ReadAction\",\"target\":[\"https:\\\/\\\/ppdegalicia.com\\\/es\\\/o-ppdeg-salienta-o-esforzo-da-asociacion-compostela-para-visibilizar-a-enfermidade-e-no-apoio-as-familias-dos-doentes\\\/\"]}]},{\"@type\":\"ImageObject\",\"inLanguage\":\"es\",\"@id\":\"https:\\\/\\\/ppdegalicia.com\\\/es\\\/o-ppdeg-salienta-o-esforzo-da-asociacion-compostela-para-visibilizar-a-enfermidade-e-no-apoio-as-familias-dos-doentes\\\/#primaryimage\",\"url\":\"https:\\\/\\\/ppdegalicia.com\\\/wp-content\\\/uploads\\\/2026\\\/09\\\/20260906-CompostELA-en-Monforte2_.jpeg\",\"contentUrl\":\"https:\\\/\\\/ppdegalicia.com\\\/wp-content\\\/uploads\\\/2026\\\/09\\\/20260906-CompostELA-en-Monforte2_.jpeg\",\"width\":900,\"height\":720},{\"@type\":\"BreadcrumbList\",\"@id\":\"https:\\\/\\\/ppdegalicia.com\\\/es\\\/o-ppdeg-salienta-o-esforzo-da-asociacion-compostela-para-visibilizar-a-enfermidade-e-no-apoio-as-familias-dos-doentes\\\/#breadcrumb\",\"itemListElement\":[{\"@type\":\"ListItem\",\"position\":1,\"name\":\"Portada\",\"item\":\"https:\\\/\\\/ppdegalicia.com\\\/es\\\/\"},{\"@type\":\"ListItem\",\"position\":2,\"name\":\"O PPdeG salienta o esforzo da asociaci\u00f3n CompostELA para visibilizar a enfermidade e no apoio \u00e1s familias dos doentes\"}]},{\"@type\":\"WebSite\",\"@id\":\"https:\\\/\\\/ppdegalicia.com\\\/es\\\/#website\",\"url\":\"https:\\\/\\\/ppdegalicia.com\\\/es\\\/\",\"name\":\"Partido Popular de Galicia\",\"description\":\"Partido Popular de Galicia\",\"publisher\":{\"@id\":\"https:\\\/\\\/ppdegalicia.com\\\/es\\\/#organization\"},\"alternateName\":\"PP de Galicia\",\"potentialAction\":[{\"@type\":\"SearchAction\",\"target\":{\"@type\":\"EntryPoint\",\"urlTemplate\":\"https:\\\/\\\/ppdegalicia.com\\\/es\\\/?s={search_term_string}\"},\"query-input\":{\"@type\":\"PropertyValueSpecification\",\"valueRequired\":true,\"valueName\":\"search_term_string\"}}],\"inLanguage\":\"es\"},{\"@type\":\"Organization\",\"@id\":\"https:\\\/\\\/ppdegalicia.com\\\/es\\\/#organization\",\"name\":\"Partido Popular de Galicia\",\"alternateName\":\"PP de Galicia\",\"url\":\"https:\\\/\\\/ppdegalicia.com\\\/es\\\/\",\"logo\":{\"@type\":\"ImageObject\",\"inLanguage\":\"es\",\"@id\":\"https:\\\/\\\/ppdegalicia.com\\\/es\\\/#\\\/schema\\\/logo\\\/image\\\/\",\"url\":\"https:\\\/\\\/ppdegalicia.com\\\/wp-content\\\/uploads\\\/2023\\\/04\\\/logoPP512.png\",\"contentUrl\":\"https:\\\/\\\/ppdegalicia.com\\\/wp-content\\\/uploads\\\/2023\\\/04\\\/logoPP512.png\",\"width\":512,\"height\":512,\"caption\":\"Partido Popular de Galicia\"},\"image\":{\"@id\":\"https:\\\/\\\/ppdegalicia.com\\\/es\\\/#\\\/schema\\\/logo\\\/image\\\/\"},\"sameAs\":[\"https:\\\/\\\/www.instagram.com\\\/ppdegalicia\\\/\",\"https:\\\/\\\/x.com\\\/ppdegalicia\",\"https:\\\/\\\/www.tiktok.com\\\/@ppdegalicia\",\"https:\\\/\\\/www.youtube.com\\\/user\\\/ppdegalicia\"]},{\"@type\":\"Person\",\"@id\":\"https:\\\/\\\/ppdegalicia.com\\\/es\\\/#\\\/schema\\\/person\\\/5b822c6f59e872ebdd1142f307dbcb59\",\"name\":\"ppdegaliciaredes\",\"image\":{\"@type\":\"ImageObject\",\"inLanguage\":\"es\",\"@id\":\"https:\\\/\\\/secure.gravatar.com\\\/avatar\\\/3c9179cf0256d00c72a48d1f25783c58b6842cd56e85ef3a572881c8e28ccd59?s=96&d=mm&r=g\",\"url\":\"https:\\\/\\\/secure.gravatar.com\\\/avatar\\\/3c9179cf0256d00c72a48d1f25783c58b6842cd56e85ef3a572881c8e28ccd59?s=96&d=mm&r=g\",\"contentUrl\":\"https:\\\/\\\/secure.gravatar.com\\\/avatar\\\/3c9179cf0256d00c72a48d1f25783c58b6842cd56e85ef3a572881c8e28ccd59?s=96&d=mm&r=g\",\"caption\":\"ppdegaliciaredes\"},\"url\":\"https:\\\/\\\/ppdegalicia.com\\\/es\\\/author\\\/ppdegaliciaredes\\\/\"}]}<\/script>\n<!-- \/ Yoast SEO plugin. -->","yoast_head_json":{"title":"O PPdeG salienta o esforzo da asociaci\u00f3n CompostELA para visibilizar a enfermidade e no apoio \u00e1s familias dos doentes - PP de Galicia","description":"As deputadas do Grupo Parlamentario Popular Katherine Varela e Encarna Amigo realizaron, hoxe, un tramo do Cami\u00f1o de Santiago, acompa\u00f1ando a persoas afectadas por esclerose lateral amiotr\u00f3fica (ELA), familiares e voluntarios.","robots":{"index":"index","follow":"follow","max-snippet":"max-snippet:-1","max-image-preview":"max-image-preview:large","max-video-preview":"max-video-preview:-1"},"canonical":"https:\/\/ppdegalicia.com\/es\/o-ppdeg-salienta-o-esforzo-da-asociacion-compostela-para-visibilizar-a-enfermidade-e-no-apoio-as-familias-dos-doentes\/","og_locale":"es_ES","og_type":"article","og_title":"O PPdeG salienta o esforzo da asociaci\u00f3n CompostELA para visibilizar a enfermidade e no apoio \u00e1s familias dos doentes - PP de Galicia","og_description":"As deputadas do Grupo Parlamentario Popular Katherine Varela e Encarna Amigo realizaron, hoxe, un tramo do Cami\u00f1o de Santiago, acompa\u00f1ando a persoas afectadas por esclerose lateral amiotr\u00f3fica (ELA), familiares e voluntarios.","og_url":"https:\/\/ppdegalicia.com\/es\/o-ppdeg-salienta-o-esforzo-da-asociacion-compostela-para-visibilizar-a-enfermidade-e-no-apoio-as-familias-dos-doentes\/","og_site_name":"PP de Galicia","article_publisher":"https:\/\/www.instagram.com\/ppdegalicia\/","article_published_time":"2026-09-06T19:42:22+00:00","og_image":[{"width":900,"height":720,"url":"https:\/\/ppdegalicia.com\/wp-content\/uploads\/2026\/09\/20260906-CompostELA-en-Monforte2_.jpeg","type":"image\/jpeg"}],"author":"ppdegaliciaredes","twitter_card":"summary_large_image","twitter_creator":"@ppdegalicia","twitter_site":"@ppdegalicia","twitter_misc":{"Escrito por":"ppdegaliciaredes","Tiempo de lectura":"2 minutos"},"schema":{"@context":"https:\/\/schema.org","@graph":[{"@type":"Article","@id":"https:\/\/ppdegalicia.com\/es\/o-ppdeg-salienta-o-esforzo-da-asociacion-compostela-para-visibilizar-a-enfermidade-e-no-apoio-as-familias-dos-doentes\/#article","isPartOf":{"@id":"https:\/\/ppdegalicia.com\/es\/o-ppdeg-salienta-o-esforzo-da-asociacion-compostela-para-visibilizar-a-enfermidade-e-no-apoio-as-familias-dos-doentes\/"},"author":{"name":"ppdegaliciaredes","@id":"https:\/\/ppdegalicia.com\/es\/#\/schema\/person\/5b822c6f59e872ebdd1142f307dbcb59"},"headline":"O PPdeG salienta o esforzo da asociaci\u00f3n CompostELA para visibilizar a enfermidade e no apoio \u00e1s familias dos doentes","datePublished":"2026-09-06T19:42:22+00:00","mainEntityOfPage":{"@id":"https:\/\/ppdegalicia.com\/es\/o-ppdeg-salienta-o-esforzo-da-asociacion-compostela-para-visibilizar-a-enfermidade-e-no-apoio-as-familias-dos-doentes\/"},"wordCount":346,"publisher":{"@id":"https:\/\/ppdegalicia.com\/es\/#organization"},"image":{"@id":"https:\/\/ppdegalicia.com\/es\/o-ppdeg-salienta-o-esforzo-da-asociacion-compostela-para-visibilizar-a-enfermidade-e-no-apoio-as-familias-dos-doentes\/#primaryimage"},"thumbnailUrl":"https:\/\/ppdegalicia.com\/wp-content\/uploads\/2026\/09\/20260906-CompostELA-en-Monforte2_.jpeg","articleSection":["Parlamento de Galicia"],"inLanguage":"es"},{"@type":"WebPage","@id":"https:\/\/ppdegalicia.com\/es\/o-ppdeg-salienta-o-esforzo-da-asociacion-compostela-para-visibilizar-a-enfermidade-e-no-apoio-as-familias-dos-doentes\/","url":"https:\/\/ppdegalicia.com\/es\/o-ppdeg-salienta-o-esforzo-da-asociacion-compostela-para-visibilizar-a-enfermidade-e-no-apoio-as-familias-dos-doentes\/","name":"O PPdeG salienta o esforzo da asociaci\u00f3n CompostELA para visibilizar a enfermidade e no apoio \u00e1s familias dos doentes - PP de Galicia","isPartOf":{"@id":"https:\/\/ppdegalicia.com\/es\/#website"},"primaryImageOfPage":{"@id":"https:\/\/ppdegalicia.com\/es\/o-ppdeg-salienta-o-esforzo-da-asociacion-compostela-para-visibilizar-a-enfermidade-e-no-apoio-as-familias-dos-doentes\/#primaryimage"},"image":{"@id":"https:\/\/ppdegalicia.com\/es\/o-ppdeg-salienta-o-esforzo-da-asociacion-compostela-para-visibilizar-a-enfermidade-e-no-apoio-as-familias-dos-doentes\/#primaryimage"},"thumbnailUrl":"https:\/\/ppdegalicia.com\/wp-content\/uploads\/2026\/09\/20260906-CompostELA-en-Monforte2_.jpeg","datePublished":"2026-09-06T19:42:22+00:00","description":"As deputadas do Grupo Parlamentario Popular Katherine Varela e Encarna Amigo realizaron, hoxe, un tramo do Cami\u00f1o de Santiago, acompa\u00f1ando a persoas afectadas por esclerose lateral amiotr\u00f3fica (ELA), familiares e voluntarios.","breadcrumb":{"@id":"https:\/\/ppdegalicia.com\/es\/o-ppdeg-salienta-o-esforzo-da-asociacion-compostela-para-visibilizar-a-enfermidade-e-no-apoio-as-familias-dos-doentes\/#breadcrumb"},"inLanguage":"es","potentialAction":[{"@type":"ReadAction","target":["https:\/\/ppdegalicia.com\/es\/o-ppdeg-salienta-o-esforzo-da-asociacion-compostela-para-visibilizar-a-enfermidade-e-no-apoio-as-familias-dos-doentes\/"]}]},{"@type":"ImageObject","inLanguage":"es","@id":"https:\/\/ppdegalicia.com\/es\/o-ppdeg-salienta-o-esforzo-da-asociacion-compostela-para-visibilizar-a-enfermidade-e-no-apoio-as-familias-dos-doentes\/#primaryimage","url":"https:\/\/ppdegalicia.com\/wp-content\/uploads\/2026\/09\/20260906-CompostELA-en-Monforte2_.jpeg","contentUrl":"https:\/\/ppdegalicia.com\/wp-content\/uploads\/2026\/09\/20260906-CompostELA-en-Monforte2_.jpeg","width":900,"height":720},{"@type":"BreadcrumbList","@id":"https:\/\/ppdegalicia.com\/es\/o-ppdeg-salienta-o-esforzo-da-asociacion-compostela-para-visibilizar-a-enfermidade-e-no-apoio-as-familias-dos-doentes\/#breadcrumb","itemListElement":[{"@type":"ListItem","position":1,"name":"Portada","item":"https:\/\/ppdegalicia.com\/es\/"},{"@type":"ListItem","position":2,"name":"O PPdeG salienta o esforzo da asociaci\u00f3n CompostELA para visibilizar a enfermidade e no apoio \u00e1s familias dos doentes"}]},{"@type":"WebSite","@id":"https:\/\/ppdegalicia.com\/es\/#website","url":"https:\/\/ppdegalicia.com\/es\/","name":"Partido Popular de Galicia","description":"Partido Popular de Galicia","publisher":{"@id":"https:\/\/ppdegalicia.com\/es\/#organization"},"alternateName":"PP de Galicia","potentialAction":[{"@type":"SearchAction","target":{"@type":"EntryPoint","urlTemplate":"https:\/\/ppdegalicia.com\/es\/?s={search_term_string}"},"query-input":{"@type":"PropertyValueSpecification","valueRequired":true,"valueName":"search_term_string"}}],"inLanguage":"es"},{"@type":"Organization","@id":"https:\/\/ppdegalicia.com\/es\/#organization","name":"Partido Popular de Galicia","alternateName":"PP de Galicia","url":"https:\/\/ppdegalicia.com\/es\/","logo":{"@type":"ImageObject","inLanguage":"es","@id":"https:\/\/ppdegalicia.com\/es\/#\/schema\/logo\/image\/","url":"https:\/\/ppdegalicia.com\/wp-content\/uploads\/2023\/04\/logoPP512.png","contentUrl":"https:\/\/ppdegalicia.com\/wp-content\/uploads\/2023\/04\/logoPP512.png","width":512,"height":512,"caption":"Partido Popular de Galicia"},"image":{"@id":"https:\/\/ppdegalicia.com\/es\/#\/schema\/logo\/image\/"},"sameAs":["https:\/\/www.instagram.com\/ppdegalicia\/","https:\/\/x.com\/ppdegalicia","https:\/\/www.tiktok.com\/@ppdegalicia","https:\/\/www.youtube.com\/user\/ppdegalicia"]},{"@type":"Person","@id":"https:\/\/ppdegalicia.com\/es\/#\/schema\/person\/5b822c6f59e872ebdd1142f307dbcb59","name":"ppdegaliciaredes","image":{"@type":"ImageObject","inLanguage":"es","@id":"https:\/\/secure.gravatar.com\/avatar\/3c9179cf0256d00c72a48d1f25783c58b6842cd56e85ef3a572881c8e28ccd59?s=96&d=mm&r=g","url":"https:\/\/secure.gravatar.com\/avatar\/3c9179cf0256d00c72a48d1f25783c58b6842cd56e85ef3a572881c8e28ccd59?s=96&d=mm&r=g","contentUrl":"https:\/\/secure.gravatar.com\/avatar\/3c9179cf0256d00c72a48d1f25783c58b6842cd56e85ef3a572881c8e28ccd59?s=96&d=mm&r=g","caption":"ppdegaliciaredes"},"url":"https:\/\/ppdegalicia.com\/es\/author\/ppdegaliciaredes\/"}]}},"_links":{"self":[{"href":"https:\/\/ppdegalicia.com\/es\/wp-json\/wp\/v2\/posts\/72181","targetHints":{"allow":["GET"]}}],"collection":[{"href":"https:\/\/ppdegalicia.com\/es\/wp-json\/wp\/v2\/posts"}],"about":[{"href":"https:\/\/ppdegalicia.com\/es\/wp-json\/wp\/v2\/types\/post"}],"author":[{"embeddable":true,"href":"https:\/\/ppdegalicia.com\/es\/wp-json\/wp\/v2\/users\/38"}],"replies":[{"embeddable":true,"href":"https:\/\/ppdegalicia.com\/es\/wp-json\/wp\/v2\/comments?post=72181"}],"version-history":[{"count":1,"href":"https:\/\/ppdegalicia.com\/es\/wp-json\/wp\/v2\/posts\/72181\/revisions"}],"predecessor-version":[{"id":72184,"href":"https:\/\/ppdegalicia.com\/es\/wp-json\/wp\/v2\/posts\/72181\/revisions\/72184"}],"wp:featuredmedia":[{"embeddable":true,"href":"https:\/\/ppdegalicia.com\/es\/wp-json\/wp\/v2\/media\/72182"}],"wp:attachment":[{"href":"https:\/\/ppdegalicia.com\/es\/wp-json\/wp\/v2\/media?parent=72181"}],"wp:term":[{"taxonomy":"category","embeddable":true,"href":"https:\/\/ppdegalicia.com\/es\/wp-json\/wp\/v2\/categories?post=72181"},{"taxonomy":"post_tag","embeddable":true,"href":"https:\/\/ppdegalicia.com\/es\/wp-json\/wp\/v2\/tags?post=72181"}],"curies":[{"name":"wp","href":"https:\/\/api.w.org\/{rel}","templated":true}]}}